{"id":169445,"date":"2026-04-24T08:57:40","date_gmt":"2026-04-24T06:57:40","guid":{"rendered":"https:\/\/www.bellunopress.it\/?p=169445"},"modified":"2026-04-24T08:58:18","modified_gmt":"2026-04-24T06:58:18","slug":"belluno-il-28-aprile-si-riunisce-il-consiglio-provinciale","status":"publish","type":"post","link":"https:\/\/www.bellunopress.it\/fr\/2026\/04\/24\/belluno-il-28-aprile-si-riunisce-il-consiglio-provinciale\/","title":{"rendered":"Belluno: marted\u00ec 28 aprile si riunisce il Consiglio provinciale"},"content":{"rendered":"<h3 data-path-to-node=\"3\">Focus sul rendiconto 2025 e variazioni al piano delle opere pubbliche. La seduta sar\u00e0 aperta al pubblico e trasmessa in streaming<\/h3>\n<p data-path-to-node=\"4\">Il Presidente della Provincia, Marco Staunovo Polacco, ha ufficialmente convocato una nuova sessione del Consiglio Provinciale. L&#8217;appuntamento \u00e8 fissato per marted\u00ec 28 aprile 2026, alle ore 14:00, presso la consueta cornice di Sala Piloni.<\/p>\n<p data-path-to-node=\"5\">La seduta si svolger\u00e0 in modalit\u00e0 &#8220;ibrida&#8221;: i consiglieri potranno partecipare sia in presenza che in videoconferenza, garantendo la piena operativit\u00e0 dell&#8217;organo amministrativo.<\/p>\n<h3 data-path-to-node=\"6\">L\u2019Ordine del giorno<\/h3>\n<p data-path-to-node=\"7\">Il men\u00f9 della giornata \u00e8 denso di adempimenti tecnici e strategici per l&#8217;ente. Dopo l&#8217;approvazione dei verbali delle sedute precedenti (10 marzo e 2 aprile), l&#8217;aula sar\u00e0 chiamata a discutere punti cruciali per lo sviluppo del territorio:<\/p>\n<ul data-path-to-node=\"8\">\n<li>\n<p data-path-to-node=\"8,0,0\">Opere Pubbliche: All&#8217;esame la seconda variazione al Programma triennale dei lavori pubblici 2026-2028. Un passaggio fondamentale per l&#8217;aggiornamento dei cantieri e delle infrastrutture programmate sul suolo provinciale.<\/p>\n<\/li>\n<li>\n<p data-path-to-node=\"8,1,0\">Bilancio e Variazioni: Verr\u00e0 sottoposta a ratifica la variazione d&#8217;urgenza (Atto n. 61 del 24 marzo) al bilancio di previsione corrente, necessaria per adeguare le risorse alle necessit\u00e0 dell&#8217;Ente.<\/p>\n<\/li>\n<li>\n<p data-path-to-node=\"8,2,0\">Conti Consuntivi: Il punto politicamente pi\u00f9 rilevante riguarda l&#8217;approvazione del rendiconto della gestione per l&#8217;esercizio 2025, che traccer\u00e0 il bilancio definitivo delle attivit\u00e0 svolte lo scorso anno.<\/p>\n<\/li>\n<\/ul>\n<p data-path-to-node=\"10\">Come di consueto, la Provincia mantiene alto il profilo della trasparenza. I cittadini e gli organi di stampa avranno due modi per seguire i lavori:<\/p>\n<ol start=\"1\" data-path-to-node=\"11\">\n<li>\n<p data-path-to-node=\"11,0,0\">In presenza: Recandosi direttamente presso la Sala Piloni a Belluno.<\/p>\n<\/li>\n<li>\n<p data-path-to-node=\"11,1,0\">Online: Seguendo la diretta streaming attraverso il link che verr\u00e0 messo a disposizione sul sito istituzionale dell\u2019Ente.<\/p>\n<\/li>\n<\/ol>\n<p data-path-to-node=\"12\">L\u2019esito del dibattito e le votazioni sui vari punti definiranno l&#8217;andamento degli investimenti provinciali per i mesi a venire, in un anno che si preannuncia centrale per la messa a terra di diversi progetti territoriali.<\/p>","protected":false},"excerpt":{"rendered":"<p>Focus sul rendiconto 2025 e variazioni al piano delle opere pubbliche. La seduta sar\u00e0 aperta al pubblico e trasmessa in streaming Il Presidente della Provincia, Marco Staunovo Polacco, ha ufficialmente convocato una nuova sessione del Consiglio Provinciale. L&#8217;appuntamento \u00e8 fissato per marted\u00ec 28 aprile 2026, alle ore 14:00, presso la consueta cornice di Sala Piloni. [&hellip;]<\/p>\n","protected":false},"author":2,"featured_media":129131,"comment_status":"closed","ping_status":"open","sticky":false,"template":"","format":"standard","meta":{"footnotes":""},"categories":[5,26],"tags":[],"class_list":["post-169445","post","type-post","status-publish","format-standard","has-post-thumbnail","category-cronaca","category-prima-pagina"],"yoast_head":"<!-- This site is optimized with the Yoast SEO plugin v28.4 - https:\/\/yoast.com\/product\/yoast-seo-wordpress\/ -->\n<title>Belluno: marted\u00ec 28 aprile si riunisce il Consiglio provinciale - Bellunopress - Dolomiti<\/title>\n<meta name=\"robots\" content=\"index, follow, max-snippet:-1, max-image-preview:large, max-video-preview:-1\" \/>\n<link rel=\"canonical\" href=\"https:\/\/www.bellunopress.it\/fr\/2026\/04\/24\/belluno-il-28-aprile-si-riunisce-il-consiglio-provinciale\/\" \/>\n<meta property=\"og:locale\" content=\"fr_FR\" \/>\n<meta property=\"og:type\" content=\"article\" \/>\n<meta property=\"og:title\" content=\"Belluno: marted\u00ec 28 aprile si riunisce il Consiglio provinciale - Bellunopress - Dolomiti\" \/>\n<meta property=\"og:description\" content=\"Focus sul rendiconto 2025 e variazioni al piano delle opere pubbliche. La seduta sar\u00e0 aperta al pubblico e trasmessa in streaming Il Presidente della Provincia, Marco Staunovo Polacco, ha ufficialmente convocato una nuova sessione del Consiglio Provinciale. L&#8217;appuntamento \u00e8 fissato per marted\u00ec 28 aprile 2026, alle ore 14:00, presso la consueta cornice di Sala Piloni. [&hellip;]\" \/>\n<meta property=\"og:url\" content=\"https:\/\/www.bellunopress.it\/fr\/2026\/04\/24\/belluno-il-28-aprile-si-riunisce-il-consiglio-provinciale\/\" \/>\n<meta property=\"og:site_name\" content=\"Bellunopress - Dolomiti\" \/>\n<meta property=\"article:publisher\" content=\"https:\/\/www.facebook.com\/profile.php?id=100008943462799\" \/>\n<meta property=\"article:published_time\" content=\"2026-04-24T06:57:40+00:00\" \/>\n<meta property=\"article:modified_time\" content=\"2026-04-24T06:58:18+00:00\" \/>\n<meta property=\"og:image\" content=\"https:\/\/www.bellunopress.it\/wp-content\/uploads\/2021\/11\/Palazzo-PIloni-sede-Provincia_edited.jpg\" \/>\n\t<meta property=\"og:image:width\" content=\"800\" \/>\n\t<meta property=\"og:image:height\" content=\"515\" \/>\n\t<meta property=\"og:image:type\" content=\"image\/jpeg\" \/>\n<meta name=\"author\" content=\"redazione\" \/>\n<meta name=\"twitter:card\" content=\"summary_large_image\" \/>\n<meta name=\"twitter:creator\" content=\"@bellunopress\" \/>\n<meta name=\"twitter:site\" content=\"@bellunopress\" \/>\n<meta name=\"twitter:label1\" content=\"\u00c9crit par\" \/>\n\t<meta name=\"twitter:data1\" content=\"redazione\" \/>\n\t<meta name=\"twitter:label2\" content=\"Dur\u00e9e de lecture estim\u00e9e\" \/>\n\t<meta name=\"twitter:data2\" content=\"1 minute\" \/>\n<script type=\"application\/ld+json\" class=\"yoast-schema-graph\">{\"@context\":\"https:\\\/\\\/schema.org\",\"@graph\":[{\"@type\":\"Article\",\"@id\":\"https:\\\/\\\/www.bellunopress.it\\\/2026\\\/04\\\/24\\\/belluno-il-28-aprile-si-riunisce-il-consiglio-provinciale\\\/#article\",\"isPartOf\":{\"@id\":\"https:\\\/\\\/www.bellunopress.it\\\/2026\\\/04\\\/24\\\/belluno-il-28-aprile-si-riunisce-il-consiglio-provinciale\\\/\"},\"author\":{\"name\":\"redazione\",\"@id\":\"https:\\\/\\\/www.bellunopress.it\\\/#\\\/schema\\\/person\\\/79bb06722b37ece1c03d3e94beb30d73\"},\"headline\":\"Belluno: marted\u00ec 28 aprile si riunisce il Consiglio provinciale\",\"datePublished\":\"2026-04-24T06:57:40+00:00\",\"dateModified\":\"2026-04-24T06:58:18+00:00\",\"mainEntityOfPage\":{\"@id\":\"https:\\\/\\\/www.bellunopress.it\\\/2026\\\/04\\\/24\\\/belluno-il-28-aprile-si-riunisce-il-consiglio-provinciale\\\/\"},\"wordCount\":300,\"publisher\":{\"@id\":\"https:\\\/\\\/www.bellunopress.it\\\/#organization\"},\"image\":{\"@id\":\"https:\\\/\\\/www.bellunopress.it\\\/2026\\\/04\\\/24\\\/belluno-il-28-aprile-si-riunisce-il-consiglio-provinciale\\\/#primaryimage\"},\"thumbnailUrl\":\"https:\\\/\\\/www.bellunopress.it\\\/wp-content\\\/uploads\\\/2021\\\/11\\\/Palazzo-PIloni-sede-Provincia_edited.jpg\",\"articleSection\":[\"Cronaca\\\/Politica\",\"Prima Pagina\"],\"inLanguage\":\"fr-FR\"},{\"@type\":\"WebPage\",\"@id\":\"https:\\\/\\\/www.bellunopress.it\\\/2026\\\/04\\\/24\\\/belluno-il-28-aprile-si-riunisce-il-consiglio-provinciale\\\/\",\"url\":\"https:\\\/\\\/www.bellunopress.it\\\/2026\\\/04\\\/24\\\/belluno-il-28-aprile-si-riunisce-il-consiglio-provinciale\\\/\",\"name\":\"Belluno: marted\u00ec 28 aprile si riunisce il Consiglio provinciale - Bellunopress - Dolomiti\",\"isPartOf\":{\"@id\":\"https:\\\/\\\/www.bellunopress.it\\\/#website\"},\"primaryImageOfPage\":{\"@id\":\"https:\\\/\\\/www.bellunopress.it\\\/2026\\\/04\\\/24\\\/belluno-il-28-aprile-si-riunisce-il-consiglio-provinciale\\\/#primaryimage\"},\"image\":{\"@id\":\"https:\\\/\\\/www.bellunopress.it\\\/2026\\\/04\\\/24\\\/belluno-il-28-aprile-si-riunisce-il-consiglio-provinciale\\\/#primaryimage\"},\"thumbnailUrl\":\"https:\\\/\\\/www.bellunopress.it\\\/wp-content\\\/uploads\\\/2021\\\/11\\\/Palazzo-PIloni-sede-Provincia_edited.jpg\",\"datePublished\":\"2026-04-24T06:57:40+00:00\",\"dateModified\":\"2026-04-24T06:58:18+00:00\",\"breadcrumb\":{\"@id\":\"https:\\\/\\\/www.bellunopress.it\\\/2026\\\/04\\\/24\\\/belluno-il-28-aprile-si-riunisce-il-consiglio-provinciale\\\/#breadcrumb\"},\"inLanguage\":\"fr-FR\",\"potentialAction\":[{\"@type\":\"ReadAction\",\"target\":[\"https:\\\/\\\/www.bellunopress.it\\\/2026\\\/04\\\/24\\\/belluno-il-28-aprile-si-riunisce-il-consiglio-provinciale\\\/\"]}]},{\"@type\":\"ImageObject\",\"inLanguage\":\"fr-FR\",\"@id\":\"https:\\\/\\\/www.bellunopress.it\\\/2026\\\/04\\\/24\\\/belluno-il-28-aprile-si-riunisce-il-consiglio-provinciale\\\/#primaryimage\",\"url\":\"https:\\\/\\\/www.bellunopress.it\\\/wp-content\\\/uploads\\\/2021\\\/11\\\/Palazzo-PIloni-sede-Provincia_edited.jpg\",\"contentUrl\":\"https:\\\/\\\/www.bellunopress.it\\\/wp-content\\\/uploads\\\/2021\\\/11\\\/Palazzo-PIloni-sede-Provincia_edited.jpg\",\"width\":800,\"height\":515,\"caption\":\"Palazzo Piloni, sede della Provincia\"},{\"@type\":\"BreadcrumbList\",\"@id\":\"https:\\\/\\\/www.bellunopress.it\\\/2026\\\/04\\\/24\\\/belluno-il-28-aprile-si-riunisce-il-consiglio-provinciale\\\/#breadcrumb\",\"itemListElement\":[{\"@type\":\"ListItem\",\"position\":1,\"name\":\"Home\",\"item\":\"https:\\\/\\\/www.bellunopress.it\\\/\"},{\"@type\":\"ListItem\",\"position\":2,\"name\":\"Belluno: marted\u00ec 28 aprile si riunisce il Consiglio provinciale\"}]},{\"@type\":\"WebSite\",\"@id\":\"https:\\\/\\\/www.bellunopress.it\\\/#website\",\"url\":\"https:\\\/\\\/www.bellunopress.it\\\/\",\"name\":\"Bellunopress - Dolomiti\",\"description\":\"e-mail: redazione@bellunopress.it\",\"publisher\":{\"@id\":\"https:\\\/\\\/www.bellunopress.it\\\/#organization\"},\"potentialAction\":[{\"@type\":\"SearchAction\",\"target\":{\"@type\":\"EntryPoint\",\"urlTemplate\":\"https:\\\/\\\/www.bellunopress.it\\\/?s={search_term_string}\"},\"query-input\":{\"@type\":\"PropertyValueSpecification\",\"valueRequired\":true,\"valueName\":\"search_term_string\"}}],\"inLanguage\":\"fr-FR\"},{\"@type\":\"Organization\",\"@id\":\"https:\\\/\\\/www.bellunopress.it\\\/#organization\",\"name\":\"Bellunopress\",\"url\":\"https:\\\/\\\/www.bellunopress.it\\\/\",\"logo\":{\"@type\":\"ImageObject\",\"inLanguage\":\"fr-FR\",\"@id\":\"https:\\\/\\\/www.bellunopress.it\\\/#\\\/schema\\\/logo\\\/image\\\/\",\"url\":\"https:\\\/\\\/www.bellunopress.it\\\/wp-content\\\/uploads\\\/2011\\\/05\\\/cropped-logo-bellunopress-.jpg\",\"contentUrl\":\"https:\\\/\\\/www.bellunopress.it\\\/wp-content\\\/uploads\\\/2011\\\/05\\\/cropped-logo-bellunopress-.jpg\",\"width\":512,\"height\":512,\"caption\":\"Bellunopress\"},\"image\":{\"@id\":\"https:\\\/\\\/www.bellunopress.it\\\/#\\\/schema\\\/logo\\\/image\\\/\"},\"sameAs\":[\"https:\\\/\\\/www.facebook.com\\\/profile.php?id=100008943462799\",\"https:\\\/\\\/x.com\\\/bellunopress\",\"https:\\\/\\\/www.linkedin.com\\\/hp\\\/?dnr=JBzUWaJfMUw8vbXJJ2tVW5-I3jZKvC4wsoxE&amp;amp;amp;amp;amp;amp;trk=nav_responsive_tab_home\",\"https:\\\/\\\/www.youtube.com\\\/channel\\\/UCxL0wu1uN0_3_7hGG0306cw\"]},{\"@type\":\"Person\",\"@id\":\"https:\\\/\\\/www.bellunopress.it\\\/#\\\/schema\\\/person\\\/79bb06722b37ece1c03d3e94beb30d73\",\"name\":\"redazione\",\"image\":{\"@type\":\"ImageObject\",\"inLanguage\":\"fr-FR\",\"@id\":\"https:\\\/\\\/secure.gravatar.com\\\/avatar\\\/37d968a2e67a6fd04c169c4bdef102d0bc5d31b2546345219e348575eb80e9a0?s=96&d=mm&r=g\",\"url\":\"https:\\\/\\\/secure.gravatar.com\\\/avatar\\\/37d968a2e67a6fd04c169c4bdef102d0bc5d31b2546345219e348575eb80e9a0?s=96&d=mm&r=g\",\"contentUrl\":\"https:\\\/\\\/secure.gravatar.com\\\/avatar\\\/37d968a2e67a6fd04c169c4bdef102d0bc5d31b2546345219e348575eb80e9a0?s=96&d=mm&r=g\",\"caption\":\"redazione\"},\"sameAs\":[\"http:\\\/\\\/www.bellunopress.it\",\"https:\\\/\\\/x.com\\\/bellunopress\"],\"url\":\"https:\\\/\\\/www.bellunopress.it\\\/fr\\\/author\\\/redazione\\\/\"}]}<\/script>\n<!-- \/ Yoast SEO plugin. -->","yoast_head_json":{"title":"Belluno: marted\u00ec 28 aprile si riunisce il Consiglio provinciale - Bellunopress - Dolomiti","robots":{"index":"index","follow":"follow","max-snippet":"max-snippet:-1","max-image-preview":"max-image-preview:large","max-video-preview":"max-video-preview:-1"},"canonical":"https:\/\/www.bellunopress.it\/fr\/2026\/04\/24\/belluno-il-28-aprile-si-riunisce-il-consiglio-provinciale\/","og_locale":"fr_FR","og_type":"article","og_title":"Belluno: marted\u00ec 28 aprile si riunisce il Consiglio provinciale - Bellunopress - Dolomiti","og_description":"Focus sul rendiconto 2025 e variazioni al piano delle opere pubbliche. La seduta sar\u00e0 aperta al pubblico e trasmessa in streaming Il Presidente della Provincia, Marco Staunovo Polacco, ha ufficialmente convocato una nuova sessione del Consiglio Provinciale. L&#8217;appuntamento \u00e8 fissato per marted\u00ec 28 aprile 2026, alle ore 14:00, presso la consueta cornice di Sala Piloni. [&hellip;]","og_url":"https:\/\/www.bellunopress.it\/fr\/2026\/04\/24\/belluno-il-28-aprile-si-riunisce-il-consiglio-provinciale\/","og_site_name":"Bellunopress - Dolomiti","article_publisher":"https:\/\/www.facebook.com\/profile.php?id=100008943462799","article_published_time":"2026-04-24T06:57:40+00:00","article_modified_time":"2026-04-24T06:58:18+00:00","og_image":[{"width":800,"height":515,"url":"https:\/\/www.bellunopress.it\/wp-content\/uploads\/2021\/11\/Palazzo-PIloni-sede-Provincia_edited.jpg","type":"image\/jpeg"}],"author":"redazione","twitter_card":"summary_large_image","twitter_creator":"@bellunopress","twitter_site":"@bellunopress","twitter_misc":{"\u00c9crit par":"redazione","Dur\u00e9e de lecture estim\u00e9e":"1 minute"},"schema":{"@context":"https:\/\/schema.org","@graph":[{"@type":"Article","@id":"https:\/\/www.bellunopress.it\/2026\/04\/24\/belluno-il-28-aprile-si-riunisce-il-consiglio-provinciale\/#article","isPartOf":{"@id":"https:\/\/www.bellunopress.it\/2026\/04\/24\/belluno-il-28-aprile-si-riunisce-il-consiglio-provinciale\/"},"author":{"name":"redazione","@id":"https:\/\/www.bellunopress.it\/#\/schema\/person\/79bb06722b37ece1c03d3e94beb30d73"},"headline":"Belluno: marted\u00ec 28 aprile si riunisce il Consiglio provinciale","datePublished":"2026-04-24T06:57:40+00:00","dateModified":"2026-04-24T06:58:18+00:00","mainEntityOfPage":{"@id":"https:\/\/www.bellunopress.it\/2026\/04\/24\/belluno-il-28-aprile-si-riunisce-il-consiglio-provinciale\/"},"wordCount":300,"publisher":{"@id":"https:\/\/www.bellunopress.it\/#organization"},"image":{"@id":"https:\/\/www.bellunopress.it\/2026\/04\/24\/belluno-il-28-aprile-si-riunisce-il-consiglio-provinciale\/#primaryimage"},"thumbnailUrl":"https:\/\/www.bellunopress.it\/wp-content\/uploads\/2021\/11\/Palazzo-PIloni-sede-Provincia_edited.jpg","articleSection":["Cronaca\/Politica","Prima Pagina"],"inLanguage":"fr-FR"},{"@type":"WebPage","@id":"https:\/\/www.bellunopress.it\/2026\/04\/24\/belluno-il-28-aprile-si-riunisce-il-consiglio-provinciale\/","url":"https:\/\/www.bellunopress.it\/2026\/04\/24\/belluno-il-28-aprile-si-riunisce-il-consiglio-provinciale\/","name":"Belluno: marted\u00ec 28 aprile si riunisce il Consiglio provinciale - Bellunopress - Dolomiti","isPartOf":{"@id":"https:\/\/www.bellunopress.it\/#website"},"primaryImageOfPage":{"@id":"https:\/\/www.bellunopress.it\/2026\/04\/24\/belluno-il-28-aprile-si-riunisce-il-consiglio-provinciale\/#primaryimage"},"image":{"@id":"https:\/\/www.bellunopress.it\/2026\/04\/24\/belluno-il-28-aprile-si-riunisce-il-consiglio-provinciale\/#primaryimage"},"thumbnailUrl":"https:\/\/www.bellunopress.it\/wp-content\/uploads\/2021\/11\/Palazzo-PIloni-sede-Provincia_edited.jpg","datePublished":"2026-04-24T06:57:40+00:00","dateModified":"2026-04-24T06:58:18+00:00","breadcrumb":{"@id":"https:\/\/www.bellunopress.it\/2026\/04\/24\/belluno-il-28-aprile-si-riunisce-il-consiglio-provinciale\/#breadcrumb"},"inLanguage":"fr-FR","potentialAction":[{"@type":"ReadAction","target":["https:\/\/www.bellunopress.it\/2026\/04\/24\/belluno-il-28-aprile-si-riunisce-il-consiglio-provinciale\/"]}]},{"@type":"ImageObject","inLanguage":"fr-FR","@id":"https:\/\/www.bellunopress.it\/2026\/04\/24\/belluno-il-28-aprile-si-riunisce-il-consiglio-provinciale\/#primaryimage","url":"https:\/\/www.bellunopress.it\/wp-content\/uploads\/2021\/11\/Palazzo-PIloni-sede-Provincia_edited.jpg","contentUrl":"https:\/\/www.bellunopress.it\/wp-content\/uploads\/2021\/11\/Palazzo-PIloni-sede-Provincia_edited.jpg","width":800,"height":515,"caption":"Palazzo Piloni, sede della Provincia"},{"@type":"BreadcrumbList","@id":"https:\/\/www.bellunopress.it\/2026\/04\/24\/belluno-il-28-aprile-si-riunisce-il-consiglio-provinciale\/#breadcrumb","itemListElement":[{"@type":"ListItem","position":1,"name":"Home","item":"https:\/\/www.bellunopress.it\/"},{"@type":"ListItem","position":2,"name":"Belluno: marted\u00ec 28 aprile si riunisce il Consiglio provinciale"}]},{"@type":"WebSite","@id":"https:\/\/www.bellunopress.it\/#website","url":"https:\/\/www.bellunopress.it\/","name":"Bellunopress - Dolomiti","description":"e-mail: redazione@bellunopress.it","publisher":{"@id":"https:\/\/www.bellunopress.it\/#organization"},"potentialAction":[{"@type":"SearchAction","target":{"@type":"EntryPoint","urlTemplate":"https:\/\/www.bellunopress.it\/?s={search_term_string}"},"query-input":{"@type":"PropertyValueSpecification","valueRequired":true,"valueName":"search_term_string"}}],"inLanguage":"fr-FR"},{"@type":"Organization","@id":"https:\/\/www.bellunopress.it\/#organization","name":"Bellunopress","url":"https:\/\/www.bellunopress.it\/","logo":{"@type":"ImageObject","inLanguage":"fr-FR","@id":"https:\/\/www.bellunopress.it\/#\/schema\/logo\/image\/","url":"https:\/\/www.bellunopress.it\/wp-content\/uploads\/2011\/05\/cropped-logo-bellunopress-.jpg","contentUrl":"https:\/\/www.bellunopress.it\/wp-content\/uploads\/2011\/05\/cropped-logo-bellunopress-.jpg","width":512,"height":512,"caption":"Bellunopress"},"image":{"@id":"https:\/\/www.bellunopress.it\/#\/schema\/logo\/image\/"},"sameAs":["https:\/\/www.facebook.com\/profile.php?id=100008943462799","https:\/\/x.com\/bellunopress","https:\/\/www.linkedin.com\/hp\/?dnr=JBzUWaJfMUw8vbXJJ2tVW5-I3jZKvC4wsoxE&amp;amp;amp;amp;amp;amp;trk=nav_responsive_tab_home","https:\/\/www.youtube.com\/channel\/UCxL0wu1uN0_3_7hGG0306cw"]},{"@type":"Person","@id":"https:\/\/www.bellunopress.it\/#\/schema\/person\/79bb06722b37ece1c03d3e94beb30d73","name":"r\u00e9daction","image":{"@type":"ImageObject","inLanguage":"fr-FR","@id":"https:\/\/secure.gravatar.com\/avatar\/37d968a2e67a6fd04c169c4bdef102d0bc5d31b2546345219e348575eb80e9a0?s=96&d=mm&r=g","url":"https:\/\/secure.gravatar.com\/avatar\/37d968a2e67a6fd04c169c4bdef102d0bc5d31b2546345219e348575eb80e9a0?s=96&d=mm&r=g","contentUrl":"https:\/\/secure.gravatar.com\/avatar\/37d968a2e67a6fd04c169c4bdef102d0bc5d31b2546345219e348575eb80e9a0?s=96&d=mm&r=g","caption":"redazione"},"sameAs":["http:\/\/www.bellunopress.it","https:\/\/x.com\/bellunopress"],"url":"https:\/\/www.bellunopress.it\/fr\/author\/redazione\/"}]}},"_links":{"self":[{"href":"https:\/\/www.bellunopress.it\/fr\/wp-json\/wp\/v2\/posts\/169445","targetHints":{"allow":["GET"]}}],"collection":[{"href":"https:\/\/www.bellunopress.it\/fr\/wp-json\/wp\/v2\/posts"}],"about":[{"href":"https:\/\/www.bellunopress.it\/fr\/wp-json\/wp\/v2\/types\/post"}],"author":[{"embeddable":true,"href":"https:\/\/www.bellunopress.it\/fr\/wp-json\/wp\/v2\/users\/2"}],"replies":[{"embeddable":true,"href":"https:\/\/www.bellunopress.it\/fr\/wp-json\/wp\/v2\/comments?post=169445"}],"version-history":[{"count":2,"href":"https:\/\/www.bellunopress.it\/fr\/wp-json\/wp\/v2\/posts\/169445\/revisions"}],"predecessor-version":[{"id":169447,"href":"https:\/\/www.bellunopress.it\/fr\/wp-json\/wp\/v2\/posts\/169445\/revisions\/169447"}],"wp:featuredmedia":[{"embeddable":true,"href":"https:\/\/www.bellunopress.it\/fr\/wp-json\/wp\/v2\/media\/129131"}],"wp:attachment":[{"href":"https:\/\/www.bellunopress.it\/fr\/wp-json\/wp\/v2\/media?parent=169445"}],"wp:term":[{"taxonomy":"category","embeddable":true,"href":"https:\/\/www.bellunopress.it\/fr\/wp-json\/wp\/v2\/categories?post=169445"},{"taxonomy":"post_tag","embeddable":true,"href":"https:\/\/www.bellunopress.it\/fr\/wp-json\/wp\/v2\/tags?post=169445"}],"curies":[{"name":"wp","href":"https:\/\/api.w.org\/{rel}","templated":true}]}}