{"id":169433,"date":"2026-04-23T20:32:45","date_gmt":"2026-04-23T18:32:45","guid":{"rendered":"https:\/\/www.bellunopress.it\/?p=169433"},"modified":"2026-04-23T20:32:45","modified_gmt":"2026-04-23T18:32:45","slug":"sedici-militari-diplomati-carabiniere-sciatore-al-corso-sciistico-addestramento-alpino-di-seva-val-gardena","status":"publish","type":"post","link":"https:\/\/www.bellunopress.it\/fr\/2026\/04\/23\/sedici-militari-diplomati-carabiniere-sciatore-al-corso-sciistico-addestramento-alpino-di-seva-val-gardena\/","title":{"rendered":"Sedici militari diplomati carabiniere sciatore al Corso sciistico addestramento alpino di Seva Val Gardena"},"content":{"rendered":"<p>Selva di Val Gardena, 23 aprile 2026 &#8211; Si \u00e8 concluso con successo il corso sciistico formativo della durata di quattro settimane riservato ai Carabinieri del ruolo Forestale e ai Carabinieri della linea territoriale, organizzato con l\u2019apporto degli istruttori militari di sci alpino del Centro Carabinieri Addestramento Alpino &#8211; Distaccamento di Auronzo di Cadore (BL).<\/p>\n<p>Il percorso addestrativo ha previsto lezioni pratiche su pista battuta, dedicate alla tecnica di discesa, al controllo in velocit\u00e0 e alle manovre in emergenza, alternate a lezioni teoriche su sicurezza delle aree sciabili, meteorologia nivologica e primo soccorso in ambiente innevato. Al termine del ciclo formativo, dopo aver superato gli esami finali, i 16 militari hanno conseguito la specializzazione di carabiniere sciatore. Il personale qualificato sar\u00e0 impiegato nella prossima stagione invernale, per la vigilanza sulle piste da sci, al servizio e per la sicurezza del cittadino e del turista.<\/p>\n<p>\u201cFormare carabinieri sciatori significa garantire una presenza qualificata sulle piste, capace di prevenire incidenti e di intervenire con tempestivit\u00e0 in caso di necessit\u00e0\u201d, ha dichiarato il capitano Giancarlo Caprini, direttore del Corso. \u201cLa sinergia tra Carabinieri Forestali e della territoriale rafforza la capacit\u00e0 dell\u2019Arma di operare in montagna a 360 gradi\u201d. L\u2019iniziativa rientra nelle attivit\u00e0 di specializzazione che l\u2019Arma dei Carabinieri svolge per assicurare presidio e soccorso nei comprensori sciistici.<\/p>\n<p>&nbsp;<\/p>","protected":false},"excerpt":{"rendered":"<p>Selva di Val Gardena, 23 aprile 2026 &#8211; Si \u00e8 concluso con successo il corso sciistico formativo della durata di quattro settimane riservato ai Carabinieri del ruolo Forestale e ai Carabinieri della linea territoriale, organizzato con l\u2019apporto degli istruttori militari di sci alpino del Centro Carabinieri Addestramento Alpino &#8211; Distaccamento di Auronzo di Cadore (BL). [&hellip;]<\/p>\n","protected":false},"author":2,"featured_media":169434,"comment_status":"closed","ping_status":"open","sticky":false,"template":"","format":"standard","meta":{"footnotes":""},"categories":[8],"tags":[],"class_list":["post-169433","post","type-post","status-publish","format-standard","has-post-thumbnail","category-societa-istituzioni"],"yoast_head":"<!-- This site is optimized with the Yoast SEO plugin v28.4 - https:\/\/yoast.com\/product\/yoast-seo-wordpress\/ -->\n<title>Sedici militari diplomati carabiniere sciatore al Corso sciistico addestramento alpino di Seva Val Gardena - Bellunopress - Dolomiti<\/title>\n<meta name=\"robots\" content=\"index, follow, max-snippet:-1, max-image-preview:large, max-video-preview:-1\" \/>\n<link rel=\"canonical\" href=\"https:\/\/www.bellunopress.it\/fr\/2026\/04\/23\/sedici-militari-diplomati-carabiniere-sciatore-al-corso-sciistico-addestramento-alpino-di-seva-val-gardena\/\" \/>\n<meta property=\"og:locale\" content=\"fr_FR\" \/>\n<meta property=\"og:type\" content=\"article\" \/>\n<meta property=\"og:title\" content=\"Sedici militari diplomati carabiniere sciatore al Corso sciistico addestramento alpino di Seva Val Gardena - Bellunopress - Dolomiti\" \/>\n<meta property=\"og:description\" content=\"Selva di Val Gardena, 23 aprile 2026 &#8211; Si \u00e8 concluso con successo il corso sciistico formativo della durata di quattro settimane riservato ai Carabinieri del ruolo Forestale e ai Carabinieri della linea territoriale, organizzato con l\u2019apporto degli istruttori militari di sci alpino del Centro Carabinieri Addestramento Alpino &#8211; Distaccamento di Auronzo di Cadore (BL). [&hellip;]\" \/>\n<meta property=\"og:url\" content=\"https:\/\/www.bellunopress.it\/fr\/2026\/04\/23\/sedici-militari-diplomati-carabiniere-sciatore-al-corso-sciistico-addestramento-alpino-di-seva-val-gardena\/\" \/>\n<meta property=\"og:site_name\" content=\"Bellunopress - Dolomiti\" \/>\n<meta property=\"article:publisher\" content=\"https:\/\/www.facebook.com\/profile.php?id=100008943462799\" \/>\n<meta property=\"article:published_time\" content=\"2026-04-23T18:32:45+00:00\" \/>\n<meta property=\"og:image\" content=\"https:\/\/www.bellunopress.it\/wp-content\/uploads\/2026\/04\/16-nuovi-carabinieri-sciatori.jpg\" \/>\n\t<meta property=\"og:image:width\" content=\"600\" \/>\n\t<meta property=\"og:image:height\" content=\"283\" \/>\n\t<meta property=\"og:image:type\" content=\"image\/jpeg\" \/>\n<meta name=\"author\" content=\"redazione\" \/>\n<meta name=\"twitter:card\" content=\"summary_large_image\" \/>\n<meta name=\"twitter:creator\" content=\"@bellunopress\" \/>\n<meta name=\"twitter:site\" content=\"@bellunopress\" \/>\n<meta name=\"twitter:label1\" content=\"\u00c9crit par\" \/>\n\t<meta name=\"twitter:data1\" content=\"redazione\" \/>\n\t<meta name=\"twitter:label2\" content=\"Dur\u00e9e de lecture estim\u00e9e\" \/>\n\t<meta name=\"twitter:data2\" content=\"1 minute\" \/>\n<script type=\"application\/ld+json\" class=\"yoast-schema-graph\">{\"@context\":\"https:\\\/\\\/schema.org\",\"@graph\":[{\"@type\":\"Article\",\"@id\":\"https:\\\/\\\/www.bellunopress.it\\\/2026\\\/04\\\/23\\\/sedici-militari-diplomati-carabiniere-sciatore-al-corso-sciistico-addestramento-alpino-di-seva-val-gardena\\\/#article\",\"isPartOf\":{\"@id\":\"https:\\\/\\\/www.bellunopress.it\\\/2026\\\/04\\\/23\\\/sedici-militari-diplomati-carabiniere-sciatore-al-corso-sciistico-addestramento-alpino-di-seva-val-gardena\\\/\"},\"author\":{\"name\":\"redazione\",\"@id\":\"https:\\\/\\\/www.bellunopress.it\\\/#\\\/schema\\\/person\\\/79bb06722b37ece1c03d3e94beb30d73\"},\"headline\":\"Sedici militari diplomati carabiniere sciatore al Corso sciistico addestramento alpino di Seva Val Gardena\",\"datePublished\":\"2026-04-23T18:32:45+00:00\",\"mainEntityOfPage\":{\"@id\":\"https:\\\/\\\/www.bellunopress.it\\\/2026\\\/04\\\/23\\\/sedici-militari-diplomati-carabiniere-sciatore-al-corso-sciistico-addestramento-alpino-di-seva-val-gardena\\\/\"},\"wordCount\":228,\"publisher\":{\"@id\":\"https:\\\/\\\/www.bellunopress.it\\\/#organization\"},\"image\":{\"@id\":\"https:\\\/\\\/www.bellunopress.it\\\/2026\\\/04\\\/23\\\/sedici-militari-diplomati-carabiniere-sciatore-al-corso-sciistico-addestramento-alpino-di-seva-val-gardena\\\/#primaryimage\"},\"thumbnailUrl\":\"https:\\\/\\\/www.bellunopress.it\\\/wp-content\\\/uploads\\\/2026\\\/04\\\/16-nuovi-carabinieri-sciatori.jpg\",\"articleSection\":[\"Societ\u00e0, Associazioni, Istituzioni\"],\"inLanguage\":\"fr-FR\"},{\"@type\":\"WebPage\",\"@id\":\"https:\\\/\\\/www.bellunopress.it\\\/2026\\\/04\\\/23\\\/sedici-militari-diplomati-carabiniere-sciatore-al-corso-sciistico-addestramento-alpino-di-seva-val-gardena\\\/\",\"url\":\"https:\\\/\\\/www.bellunopress.it\\\/2026\\\/04\\\/23\\\/sedici-militari-diplomati-carabiniere-sciatore-al-corso-sciistico-addestramento-alpino-di-seva-val-gardena\\\/\",\"name\":\"Sedici militari diplomati carabiniere sciatore al Corso sciistico addestramento alpino di Seva Val Gardena - Bellunopress - Dolomiti\",\"isPartOf\":{\"@id\":\"https:\\\/\\\/www.bellunopress.it\\\/#website\"},\"primaryImageOfPage\":{\"@id\":\"https:\\\/\\\/www.bellunopress.it\\\/2026\\\/04\\\/23\\\/sedici-militari-diplomati-carabiniere-sciatore-al-corso-sciistico-addestramento-alpino-di-seva-val-gardena\\\/#primaryimage\"},\"image\":{\"@id\":\"https:\\\/\\\/www.bellunopress.it\\\/2026\\\/04\\\/23\\\/sedici-militari-diplomati-carabiniere-sciatore-al-corso-sciistico-addestramento-alpino-di-seva-val-gardena\\\/#primaryimage\"},\"thumbnailUrl\":\"https:\\\/\\\/www.bellunopress.it\\\/wp-content\\\/uploads\\\/2026\\\/04\\\/16-nuovi-carabinieri-sciatori.jpg\",\"datePublished\":\"2026-04-23T18:32:45+00:00\",\"breadcrumb\":{\"@id\":\"https:\\\/\\\/www.bellunopress.it\\\/2026\\\/04\\\/23\\\/sedici-militari-diplomati-carabiniere-sciatore-al-corso-sciistico-addestramento-alpino-di-seva-val-gardena\\\/#breadcrumb\"},\"inLanguage\":\"fr-FR\",\"potentialAction\":[{\"@type\":\"ReadAction\",\"target\":[\"https:\\\/\\\/www.bellunopress.it\\\/2026\\\/04\\\/23\\\/sedici-militari-diplomati-carabiniere-sciatore-al-corso-sciistico-addestramento-alpino-di-seva-val-gardena\\\/\"]}]},{\"@type\":\"ImageObject\",\"inLanguage\":\"fr-FR\",\"@id\":\"https:\\\/\\\/www.bellunopress.it\\\/2026\\\/04\\\/23\\\/sedici-militari-diplomati-carabiniere-sciatore-al-corso-sciistico-addestramento-alpino-di-seva-val-gardena\\\/#primaryimage\",\"url\":\"https:\\\/\\\/www.bellunopress.it\\\/wp-content\\\/uploads\\\/2026\\\/04\\\/16-nuovi-carabinieri-sciatori.jpg\",\"contentUrl\":\"https:\\\/\\\/www.bellunopress.it\\\/wp-content\\\/uploads\\\/2026\\\/04\\\/16-nuovi-carabinieri-sciatori.jpg\",\"width\":600,\"height\":283,\"caption\":\"I 16 nuovi carabinieri sciatori\"},{\"@type\":\"BreadcrumbList\",\"@id\":\"https:\\\/\\\/www.bellunopress.it\\\/2026\\\/04\\\/23\\\/sedici-militari-diplomati-carabiniere-sciatore-al-corso-sciistico-addestramento-alpino-di-seva-val-gardena\\\/#breadcrumb\",\"itemListElement\":[{\"@type\":\"ListItem\",\"position\":1,\"name\":\"Home\",\"item\":\"https:\\\/\\\/www.bellunopress.it\\\/\"},{\"@type\":\"ListItem\",\"position\":2,\"name\":\"Sedici militari diplomati carabiniere sciatore al Corso sciistico addestramento alpino di Seva Val Gardena\"}]},{\"@type\":\"WebSite\",\"@id\":\"https:\\\/\\\/www.bellunopress.it\\\/#website\",\"url\":\"https:\\\/\\\/www.bellunopress.it\\\/\",\"name\":\"Bellunopress - Dolomiti\",\"description\":\"e-mail: redazione@bellunopress.it\",\"publisher\":{\"@id\":\"https:\\\/\\\/www.bellunopress.it\\\/#organization\"},\"potentialAction\":[{\"@type\":\"SearchAction\",\"target\":{\"@type\":\"EntryPoint\",\"urlTemplate\":\"https:\\\/\\\/www.bellunopress.it\\\/?s={search_term_string}\"},\"query-input\":{\"@type\":\"PropertyValueSpecification\",\"valueRequired\":true,\"valueName\":\"search_term_string\"}}],\"inLanguage\":\"fr-FR\"},{\"@type\":\"Organization\",\"@id\":\"https:\\\/\\\/www.bellunopress.it\\\/#organization\",\"name\":\"Bellunopress\",\"url\":\"https:\\\/\\\/www.bellunopress.it\\\/\",\"logo\":{\"@type\":\"ImageObject\",\"inLanguage\":\"fr-FR\",\"@id\":\"https:\\\/\\\/www.bellunopress.it\\\/#\\\/schema\\\/logo\\\/image\\\/\",\"url\":\"https:\\\/\\\/www.bellunopress.it\\\/wp-content\\\/uploads\\\/2011\\\/05\\\/cropped-logo-bellunopress-.jpg\",\"contentUrl\":\"https:\\\/\\\/www.bellunopress.it\\\/wp-content\\\/uploads\\\/2011\\\/05\\\/cropped-logo-bellunopress-.jpg\",\"width\":512,\"height\":512,\"caption\":\"Bellunopress\"},\"image\":{\"@id\":\"https:\\\/\\\/www.bellunopress.it\\\/#\\\/schema\\\/logo\\\/image\\\/\"},\"sameAs\":[\"https:\\\/\\\/www.facebook.com\\\/profile.php?id=100008943462799\",\"https:\\\/\\\/x.com\\\/bellunopress\",\"https:\\\/\\\/www.linkedin.com\\\/hp\\\/?dnr=JBzUWaJfMUw8vbXJJ2tVW5-I3jZKvC4wsoxE&amp;amp;amp;amp;amp;amp;trk=nav_responsive_tab_home\",\"https:\\\/\\\/www.youtube.com\\\/channel\\\/UCxL0wu1uN0_3_7hGG0306cw\"]},{\"@type\":\"Person\",\"@id\":\"https:\\\/\\\/www.bellunopress.it\\\/#\\\/schema\\\/person\\\/79bb06722b37ece1c03d3e94beb30d73\",\"name\":\"redazione\",\"image\":{\"@type\":\"ImageObject\",\"inLanguage\":\"fr-FR\",\"@id\":\"https:\\\/\\\/secure.gravatar.com\\\/avatar\\\/37d968a2e67a6fd04c169c4bdef102d0bc5d31b2546345219e348575eb80e9a0?s=96&d=mm&r=g\",\"url\":\"https:\\\/\\\/secure.gravatar.com\\\/avatar\\\/37d968a2e67a6fd04c169c4bdef102d0bc5d31b2546345219e348575eb80e9a0?s=96&d=mm&r=g\",\"contentUrl\":\"https:\\\/\\\/secure.gravatar.com\\\/avatar\\\/37d968a2e67a6fd04c169c4bdef102d0bc5d31b2546345219e348575eb80e9a0?s=96&d=mm&r=g\",\"caption\":\"redazione\"},\"sameAs\":[\"http:\\\/\\\/www.bellunopress.it\",\"https:\\\/\\\/x.com\\\/bellunopress\"],\"url\":\"https:\\\/\\\/www.bellunopress.it\\\/fr\\\/author\\\/redazione\\\/\"}]}<\/script>\n<!-- \/ Yoast SEO plugin. -->","yoast_head_json":{"title":"Sedici militari diplomati carabiniere sciatore al Corso sciistico addestramento alpino di Seva Val Gardena - Bellunopress - Dolomiti","robots":{"index":"index","follow":"follow","max-snippet":"max-snippet:-1","max-image-preview":"max-image-preview:large","max-video-preview":"max-video-preview:-1"},"canonical":"https:\/\/www.bellunopress.it\/fr\/2026\/04\/23\/sedici-militari-diplomati-carabiniere-sciatore-al-corso-sciistico-addestramento-alpino-di-seva-val-gardena\/","og_locale":"fr_FR","og_type":"article","og_title":"Sedici militari diplomati carabiniere sciatore al Corso sciistico addestramento alpino di Seva Val Gardena - Bellunopress - Dolomiti","og_description":"Selva di Val Gardena, 23 aprile 2026 &#8211; Si \u00e8 concluso con successo il corso sciistico formativo della durata di quattro settimane riservato ai Carabinieri del ruolo Forestale e ai Carabinieri della linea territoriale, organizzato con l\u2019apporto degli istruttori militari di sci alpino del Centro Carabinieri Addestramento Alpino &#8211; Distaccamento di Auronzo di Cadore (BL). [&hellip;]","og_url":"https:\/\/www.bellunopress.it\/fr\/2026\/04\/23\/sedici-militari-diplomati-carabiniere-sciatore-al-corso-sciistico-addestramento-alpino-di-seva-val-gardena\/","og_site_name":"Bellunopress - Dolomiti","article_publisher":"https:\/\/www.facebook.com\/profile.php?id=100008943462799","article_published_time":"2026-04-23T18:32:45+00:00","og_image":[{"width":600,"height":283,"url":"https:\/\/www.bellunopress.it\/wp-content\/uploads\/2026\/04\/16-nuovi-carabinieri-sciatori.jpg","type":"image\/jpeg"}],"author":"redazione","twitter_card":"summary_large_image","twitter_creator":"@bellunopress","twitter_site":"@bellunopress","twitter_misc":{"\u00c9crit par":"redazione","Dur\u00e9e de lecture estim\u00e9e":"1 minute"},"schema":{"@context":"https:\/\/schema.org","@graph":[{"@type":"Article","@id":"https:\/\/www.bellunopress.it\/2026\/04\/23\/sedici-militari-diplomati-carabiniere-sciatore-al-corso-sciistico-addestramento-alpino-di-seva-val-gardena\/#article","isPartOf":{"@id":"https:\/\/www.bellunopress.it\/2026\/04\/23\/sedici-militari-diplomati-carabiniere-sciatore-al-corso-sciistico-addestramento-alpino-di-seva-val-gardena\/"},"author":{"name":"redazione","@id":"https:\/\/www.bellunopress.it\/#\/schema\/person\/79bb06722b37ece1c03d3e94beb30d73"},"headline":"Sedici militari diplomati carabiniere sciatore al Corso sciistico addestramento alpino di Seva Val Gardena","datePublished":"2026-04-23T18:32:45+00:00","mainEntityOfPage":{"@id":"https:\/\/www.bellunopress.it\/2026\/04\/23\/sedici-militari-diplomati-carabiniere-sciatore-al-corso-sciistico-addestramento-alpino-di-seva-val-gardena\/"},"wordCount":228,"publisher":{"@id":"https:\/\/www.bellunopress.it\/#organization"},"image":{"@id":"https:\/\/www.bellunopress.it\/2026\/04\/23\/sedici-militari-diplomati-carabiniere-sciatore-al-corso-sciistico-addestramento-alpino-di-seva-val-gardena\/#primaryimage"},"thumbnailUrl":"https:\/\/www.bellunopress.it\/wp-content\/uploads\/2026\/04\/16-nuovi-carabinieri-sciatori.jpg","articleSection":["Societ\u00e0, Associazioni, Istituzioni"],"inLanguage":"fr-FR"},{"@type":"WebPage","@id":"https:\/\/www.bellunopress.it\/2026\/04\/23\/sedici-militari-diplomati-carabiniere-sciatore-al-corso-sciistico-addestramento-alpino-di-seva-val-gardena\/","url":"https:\/\/www.bellunopress.it\/2026\/04\/23\/sedici-militari-diplomati-carabiniere-sciatore-al-corso-sciistico-addestramento-alpino-di-seva-val-gardena\/","name":"Sedici militari diplomati carabiniere sciatore al Corso sciistico addestramento alpino di Seva Val Gardena - Bellunopress - Dolomiti","isPartOf":{"@id":"https:\/\/www.bellunopress.it\/#website"},"primaryImageOfPage":{"@id":"https:\/\/www.bellunopress.it\/2026\/04\/23\/sedici-militari-diplomati-carabiniere-sciatore-al-corso-sciistico-addestramento-alpino-di-seva-val-gardena\/#primaryimage"},"image":{"@id":"https:\/\/www.bellunopress.it\/2026\/04\/23\/sedici-militari-diplomati-carabiniere-sciatore-al-corso-sciistico-addestramento-alpino-di-seva-val-gardena\/#primaryimage"},"thumbnailUrl":"https:\/\/www.bellunopress.it\/wp-content\/uploads\/2026\/04\/16-nuovi-carabinieri-sciatori.jpg","datePublished":"2026-04-23T18:32:45+00:00","breadcrumb":{"@id":"https:\/\/www.bellunopress.it\/2026\/04\/23\/sedici-militari-diplomati-carabiniere-sciatore-al-corso-sciistico-addestramento-alpino-di-seva-val-gardena\/#breadcrumb"},"inLanguage":"fr-FR","potentialAction":[{"@type":"ReadAction","target":["https:\/\/www.bellunopress.it\/2026\/04\/23\/sedici-militari-diplomati-carabiniere-sciatore-al-corso-sciistico-addestramento-alpino-di-seva-val-gardena\/"]}]},{"@type":"ImageObject","inLanguage":"fr-FR","@id":"https:\/\/www.bellunopress.it\/2026\/04\/23\/sedici-militari-diplomati-carabiniere-sciatore-al-corso-sciistico-addestramento-alpino-di-seva-val-gardena\/#primaryimage","url":"https:\/\/www.bellunopress.it\/wp-content\/uploads\/2026\/04\/16-nuovi-carabinieri-sciatori.jpg","contentUrl":"https:\/\/www.bellunopress.it\/wp-content\/uploads\/2026\/04\/16-nuovi-carabinieri-sciatori.jpg","width":600,"height":283,"caption":"I 16 nuovi carabinieri sciatori"},{"@type":"BreadcrumbList","@id":"https:\/\/www.bellunopress.it\/2026\/04\/23\/sedici-militari-diplomati-carabiniere-sciatore-al-corso-sciistico-addestramento-alpino-di-seva-val-gardena\/#breadcrumb","itemListElement":[{"@type":"ListItem","position":1,"name":"Home","item":"https:\/\/www.bellunopress.it\/"},{"@type":"ListItem","position":2,"name":"Sedici militari diplomati carabiniere sciatore al Corso sciistico addestramento alpino di Seva Val Gardena"}]},{"@type":"WebSite","@id":"https:\/\/www.bellunopress.it\/#website","url":"https:\/\/www.bellunopress.it\/","name":"Bellunopress - Dolomiti","description":"e-mail: redazione@bellunopress.it","publisher":{"@id":"https:\/\/www.bellunopress.it\/#organization"},"potentialAction":[{"@type":"SearchAction","target":{"@type":"EntryPoint","urlTemplate":"https:\/\/www.bellunopress.it\/?s={search_term_string}"},"query-input":{"@type":"PropertyValueSpecification","valueRequired":true,"valueName":"search_term_string"}}],"inLanguage":"fr-FR"},{"@type":"Organization","@id":"https:\/\/www.bellunopress.it\/#organization","name":"Bellunopress","url":"https:\/\/www.bellunopress.it\/","logo":{"@type":"ImageObject","inLanguage":"fr-FR","@id":"https:\/\/www.bellunopress.it\/#\/schema\/logo\/image\/","url":"https:\/\/www.bellunopress.it\/wp-content\/uploads\/2011\/05\/cropped-logo-bellunopress-.jpg","contentUrl":"https:\/\/www.bellunopress.it\/wp-content\/uploads\/2011\/05\/cropped-logo-bellunopress-.jpg","width":512,"height":512,"caption":"Bellunopress"},"image":{"@id":"https:\/\/www.bellunopress.it\/#\/schema\/logo\/image\/"},"sameAs":["https:\/\/www.facebook.com\/profile.php?id=100008943462799","https:\/\/x.com\/bellunopress","https:\/\/www.linkedin.com\/hp\/?dnr=JBzUWaJfMUw8vbXJJ2tVW5-I3jZKvC4wsoxE&amp;amp;amp;amp;amp;amp;trk=nav_responsive_tab_home","https:\/\/www.youtube.com\/channel\/UCxL0wu1uN0_3_7hGG0306cw"]},{"@type":"Person","@id":"https:\/\/www.bellunopress.it\/#\/schema\/person\/79bb06722b37ece1c03d3e94beb30d73","name":"r\u00e9daction","image":{"@type":"ImageObject","inLanguage":"fr-FR","@id":"https:\/\/secure.gravatar.com\/avatar\/37d968a2e67a6fd04c169c4bdef102d0bc5d31b2546345219e348575eb80e9a0?s=96&d=mm&r=g","url":"https:\/\/secure.gravatar.com\/avatar\/37d968a2e67a6fd04c169c4bdef102d0bc5d31b2546345219e348575eb80e9a0?s=96&d=mm&r=g","contentUrl":"https:\/\/secure.gravatar.com\/avatar\/37d968a2e67a6fd04c169c4bdef102d0bc5d31b2546345219e348575eb80e9a0?s=96&d=mm&r=g","caption":"redazione"},"sameAs":["http:\/\/www.bellunopress.it","https:\/\/x.com\/bellunopress"],"url":"https:\/\/www.bellunopress.it\/fr\/author\/redazione\/"}]}},"_links":{"self":[{"href":"https:\/\/www.bellunopress.it\/fr\/wp-json\/wp\/v2\/posts\/169433","targetHints":{"allow":["GET"]}}],"collection":[{"href":"https:\/\/www.bellunopress.it\/fr\/wp-json\/wp\/v2\/posts"}],"about":[{"href":"https:\/\/www.bellunopress.it\/fr\/wp-json\/wp\/v2\/types\/post"}],"author":[{"embeddable":true,"href":"https:\/\/www.bellunopress.it\/fr\/wp-json\/wp\/v2\/users\/2"}],"replies":[{"embeddable":true,"href":"https:\/\/www.bellunopress.it\/fr\/wp-json\/wp\/v2\/comments?post=169433"}],"version-history":[{"count":1,"href":"https:\/\/www.bellunopress.it\/fr\/wp-json\/wp\/v2\/posts\/169433\/revisions"}],"predecessor-version":[{"id":169435,"href":"https:\/\/www.bellunopress.it\/fr\/wp-json\/wp\/v2\/posts\/169433\/revisions\/169435"}],"wp:featuredmedia":[{"embeddable":true,"href":"https:\/\/www.bellunopress.it\/fr\/wp-json\/wp\/v2\/media\/169434"}],"wp:attachment":[{"href":"https:\/\/www.bellunopress.it\/fr\/wp-json\/wp\/v2\/media?parent=169433"}],"wp:term":[{"taxonomy":"category","embeddable":true,"href":"https:\/\/www.bellunopress.it\/fr\/wp-json\/wp\/v2\/categories?post=169433"},{"taxonomy":"post_tag","embeddable":true,"href":"https:\/\/www.bellunopress.it\/fr\/wp-json\/wp\/v2\/tags?post=169433"}],"curies":[{"name":"wp","href":"https:\/\/api.w.org\/{rel}","templated":true}]}}