{"id":169428,"date":"2026-04-23T16:02:56","date_gmt":"2026-04-23T14:02:56","guid":{"rendered":"https:\/\/www.bellunopress.it\/?p=169428"},"modified":"2026-04-23T16:02:56","modified_gmt":"2026-04-23T14:02:56","slug":"comitato-feltrino-per-il-diritto-alla-salute-avere-85-anni-e-avere-bisogno-di-una-visita-in-10-giorni-normativa-e-realta","status":"publish","type":"post","link":"https:\/\/www.bellunopress.it\/fr\/2026\/04\/23\/comitato-feltrino-per-il-diritto-alla-salute-avere-85-anni-e-avere-bisogno-di-una-visita-in-10-giorni-normativa-e-realta\/","title":{"rendered":"Comitato Feltrino per il Diritto alla Salute. Avere 85 anni e avere bisogno di una visita in 10 giorni: normativa e realt\u00e0"},"content":{"rendered":"<p>Feltre, 23\/04\/2026 &#8211; La DGRV n. 626\/2024 definisce \u201cambito di garanzia territoriale\u201d il bacino territoriale minimo entro il quale deve essere soddisfatta la domanda di prestazioni entro i tempi massimi previsti dalla priorit\u00e0 assegnata sulla ricetta.<\/p>\n<p>Ora con l\u2019apertura dell\u2019ospedale di Cortina, che ci piace ricordare essere a gestione privata \u2013 con convezione con il SSN \u2013 dal colosso della sanit\u00e0 privata GVM, per alcune prestazioni elencate nella lista opportunamente pubblicata dalla AULSS1 Dolomiti, molti sono i pazienti dirottati a Cortina. Molti di loro chiamano lo Sportello Diritto alle Cure, gestito dal Comitato Feltrino per il Diritto alla Salute-Gi\u00f9 le mani dalla sanit\u00e0 bellunese (e in coordinamento con il progetto di CoVeSaP) per lamentarsi soprattutto della distanza e proprio dal non essere presi in carico da un ospedale pubblico.<\/p>\n<p>Lo abbiamo gi\u00e0 denunciato tempo fa, ma oggi si rinnova il problema che crea disagi notevoli l\u00ec dove c\u2019\u00e8 una distanza notevole e in caso di persone anziane.<br \/>\nVi sono persone dall\u2019intera provincia e di diversa et\u00e0. Qualcuno accetta avendo paura di perdere la priorit\u00e0, altri vengono rimessi in lista d\u2019attesa\u2026 e attendono. Cortina d\u2019Ampezzo non \u00e8 dietro l\u2019angolo, non \u00e8 collegata al resto della provincia direttamente e comodamente dai mezzi pubblici e i costi per spostarsi in auto gravano sul bilancio delle famiglie.<br \/>\nL\u2019ennesimo caso \u00e8 accaduto in questi giorni, denuncia il Comitato, ad un signore feltrino 85enne che si \u00e8 visto fissare come prima istanza a Cortina una visita di primo accesso. Di fronte alla impossibilit\u00e0 di arrivarci (n\u00e9 di guidare o di avere un accompagnatore) la solerzia del personale del Cup (o la particolare \u201cattenzione al nonnino\u201d) ha dato nuova data che per\u00f2 non rispetta i dati di priorit\u00e0 e anzi vanno a quasi un mese dall\u2019emissione della ricetta, nonostante un quesito diagnostico da risolvere a breve.<\/p>\n<p><strong>Cosa dice la normativa?<\/strong><br \/>\n1) Vi \u00e8 un ambito territoriale minimo entro il quale deve essere soddisfatta la domanda di prestazione che si identifica, di norma, con il Distretto<br \/>\n2) Ogni singola Azienda (intendendo anche la ns Ulss1) deve definire un ambito geografico di garanzia assicurato \u2026 tenuto conto anche delle caratteristiche oro-geografiche territoriali e devono essere garantiti i tempi massimi.<br \/>\n3) Qualora l\u2019assistito scelga liberamente di prenotare la prestazione presso una struttura, rinunciando alla prima disponibilit\u00e0 offerta, la prestazione viene codificata in G2 (garantita 2) e, nel caso di Primo Accesso non rientra pi\u00f9 nel monitoraggio delle liste d\u2019attesa, e quindi pu\u00f2 essere dato un appuntamento ben oltre i giorni di priorit\u00e0 indicati in ricetta<\/p>\n<p><strong>Cosa dice quindi la realt\u00e0?<\/strong><br \/>\nNon possiamo definire scelta quella operata dalle persone che non possono andare a Cortina d\u2019Ampezzo per una visita o prestazione (ci sono casi di visite ortopediche ma anche risonanze e raggi !!) ma bens\u00ec una necessit\u00e0.<br \/>\nChe a voler pensare male questa opzione pu\u00f2 diventare un espediente per uscire dal monitoraggio nazionale (il sistema che raccoglie dati regionali di garanzia del rispetto equo dei tempi massimi d\u2019attesa e l\u2019assegnazione di un punteggio ai Direttori generali, purtroppo aggiungiamo, solo nei casi di Primo accesso)<br \/>\nChe va rivista la tabella di riferimento all\u2019ambito territoriale che in questo momento \u201cfacilita\u201d la GVM e Ospedale di Cortina le cui attrezzature e ambulatori \u201cvanno riempiti per primi dai pazienti bellunesi, ovunque sia il loro luogo abitativo, l\u2019et\u00e0 e la disponibilit\u00e0 economica anche solo per spostarsi.<\/p>\n<p>Come Sportello Diritto alle Cure (388 6390112 \u2013 Feltre Via Monte Cima 1)<br \/>\nSiamo a disposizione e attenti.<\/p>\n<p><strong>Comitato Feltrino per il Diritto alla Salute \u2013 Gi\u00f9 le mani dalla Sanit\u00e0 Bellunese<\/strong><\/p>\n<p>&nbsp;<\/p>","protected":false},"excerpt":{"rendered":"<p>Feltre, 23\/04\/2026 &#8211; La DGRV n. 626\/2024 definisce \u201cambito di garanzia territoriale\u201d il bacino territoriale minimo entro il quale deve essere soddisfatta la domanda di prestazioni entro i tempi massimi previsti dalla priorit\u00e0 assegnata sulla ricetta. Ora con l\u2019apertura dell\u2019ospedale di Cortina, che ci piace ricordare essere a gestione privata \u2013 con convezione con il [&hellip;]<\/p>\n","protected":false},"author":2,"featured_media":151167,"comment_status":"closed","ping_status":"open","sticky":false,"template":"","format":"standard","meta":{"footnotes":""},"categories":[17,8],"tags":[],"class_list":["post-169428","post","type-post","status-publish","format-standard","has-post-thumbnail","category-sanita","category-societa-istituzioni"],"yoast_head":"<!-- This site is optimized with the Yoast SEO plugin v28.4 - https:\/\/yoast.com\/product\/yoast-seo-wordpress\/ -->\n<title>Comitato Feltrino per il Diritto alla Salute. Avere 85 anni e avere bisogno di una visita in 10 giorni: normativa e realt\u00e0 - Bellunopress - Dolomiti<\/title>\n<meta name=\"robots\" content=\"index, follow, max-snippet:-1, max-image-preview:large, max-video-preview:-1\" \/>\n<link rel=\"canonical\" href=\"https:\/\/www.bellunopress.it\/fr\/2026\/04\/23\/comitato-feltrino-per-il-diritto-alla-salute-avere-85-anni-e-avere-bisogno-di-una-visita-in-10-giorni-normativa-e-realta\/\" \/>\n<meta property=\"og:locale\" content=\"fr_FR\" \/>\n<meta property=\"og:type\" content=\"article\" \/>\n<meta property=\"og:title\" content=\"Comitato Feltrino per il Diritto alla Salute. Avere 85 anni e avere bisogno di una visita in 10 giorni: normativa e realt\u00e0 - Bellunopress - Dolomiti\" \/>\n<meta property=\"og:description\" content=\"Feltre, 23\/04\/2026 &#8211; La DGRV n. 626\/2024 definisce \u201cambito di garanzia territoriale\u201d il bacino territoriale minimo entro il quale deve essere soddisfatta la domanda di prestazioni entro i tempi massimi previsti dalla priorit\u00e0 assegnata sulla ricetta. Ora con l\u2019apertura dell\u2019ospedale di Cortina, che ci piace ricordare essere a gestione privata \u2013 con convezione con il [&hellip;]\" \/>\n<meta property=\"og:url\" content=\"https:\/\/www.bellunopress.it\/fr\/2026\/04\/23\/comitato-feltrino-per-il-diritto-alla-salute-avere-85-anni-e-avere-bisogno-di-una-visita-in-10-giorni-normativa-e-realta\/\" \/>\n<meta property=\"og:site_name\" content=\"Bellunopress - Dolomiti\" \/>\n<meta property=\"article:publisher\" content=\"https:\/\/www.facebook.com\/profile.php?id=100008943462799\" \/>\n<meta property=\"article:published_time\" content=\"2026-04-23T14:02:56+00:00\" \/>\n<meta property=\"og:image\" content=\"https:\/\/www.bellunopress.it\/wp-content\/uploads\/2024\/05\/comitato-feltrino-per-il-diritto-alla-salute.jpg\" \/>\n\t<meta property=\"og:image:width\" content=\"510\" \/>\n\t<meta property=\"og:image:height\" content=\"401\" \/>\n\t<meta property=\"og:image:type\" content=\"image\/jpeg\" \/>\n<meta name=\"author\" content=\"redazione\" \/>\n<meta name=\"twitter:card\" content=\"summary_large_image\" \/>\n<meta name=\"twitter:creator\" content=\"@bellunopress\" \/>\n<meta name=\"twitter:site\" content=\"@bellunopress\" \/>\n<meta name=\"twitter:label1\" content=\"Written by\" \/>\n\t<meta name=\"twitter:data1\" content=\"redazione\" \/>\n\t<meta name=\"twitter:label2\" content=\"Est. reading time\" \/>\n\t<meta name=\"twitter:data2\" content=\"3 minutes\" \/>\n<script type=\"application\/ld+json\" class=\"yoast-schema-graph\">{\"@context\":\"https:\\\/\\\/schema.org\",\"@graph\":[{\"@type\":\"Article\",\"@id\":\"https:\\\/\\\/www.bellunopress.it\\\/2026\\\/04\\\/23\\\/comitato-feltrino-per-il-diritto-alla-salute-avere-85-anni-e-avere-bisogno-di-una-visita-in-10-giorni-normativa-e-realta\\\/#article\",\"isPartOf\":{\"@id\":\"https:\\\/\\\/www.bellunopress.it\\\/2026\\\/04\\\/23\\\/comitato-feltrino-per-il-diritto-alla-salute-avere-85-anni-e-avere-bisogno-di-una-visita-in-10-giorni-normativa-e-realta\\\/\"},\"author\":{\"name\":\"redazione\",\"@id\":\"https:\\\/\\\/www.bellunopress.it\\\/#\\\/schema\\\/person\\\/79bb06722b37ece1c03d3e94beb30d73\"},\"headline\":\"Comitato Feltrino per il Diritto alla Salute. Avere 85 anni e avere bisogno di una visita in 10 giorni: normativa e realt\u00e0\",\"datePublished\":\"2026-04-23T14:02:56+00:00\",\"mainEntityOfPage\":{\"@id\":\"https:\\\/\\\/www.bellunopress.it\\\/2026\\\/04\\\/23\\\/comitato-feltrino-per-il-diritto-alla-salute-avere-85-anni-e-avere-bisogno-di-una-visita-in-10-giorni-normativa-e-realta\\\/\"},\"wordCount\":598,\"publisher\":{\"@id\":\"https:\\\/\\\/www.bellunopress.it\\\/#organization\"},\"image\":{\"@id\":\"https:\\\/\\\/www.bellunopress.it\\\/2026\\\/04\\\/23\\\/comitato-feltrino-per-il-diritto-alla-salute-avere-85-anni-e-avere-bisogno-di-una-visita-in-10-giorni-normativa-e-realta\\\/#primaryimage\"},\"thumbnailUrl\":\"https:\\\/\\\/www.bellunopress.it\\\/wp-content\\\/uploads\\\/2024\\\/05\\\/comitato-feltrino-per-il-diritto-alla-salute.jpg\",\"articleSection\":[\"Sanit\u00e0 Medicina\",\"Societ\u00e0, Associazioni, Istituzioni\"],\"inLanguage\":\"fr-FR\"},{\"@type\":\"WebPage\",\"@id\":\"https:\\\/\\\/www.bellunopress.it\\\/2026\\\/04\\\/23\\\/comitato-feltrino-per-il-diritto-alla-salute-avere-85-anni-e-avere-bisogno-di-una-visita-in-10-giorni-normativa-e-realta\\\/\",\"url\":\"https:\\\/\\\/www.bellunopress.it\\\/2026\\\/04\\\/23\\\/comitato-feltrino-per-il-diritto-alla-salute-avere-85-anni-e-avere-bisogno-di-una-visita-in-10-giorni-normativa-e-realta\\\/\",\"name\":\"Comitato Feltrino per il Diritto alla Salute. Avere 85 anni e avere bisogno di una visita in 10 giorni: normativa e realt\u00e0 - Bellunopress - Dolomiti\",\"isPartOf\":{\"@id\":\"https:\\\/\\\/www.bellunopress.it\\\/#website\"},\"primaryImageOfPage\":{\"@id\":\"https:\\\/\\\/www.bellunopress.it\\\/2026\\\/04\\\/23\\\/comitato-feltrino-per-il-diritto-alla-salute-avere-85-anni-e-avere-bisogno-di-una-visita-in-10-giorni-normativa-e-realta\\\/#primaryimage\"},\"image\":{\"@id\":\"https:\\\/\\\/www.bellunopress.it\\\/2026\\\/04\\\/23\\\/comitato-feltrino-per-il-diritto-alla-salute-avere-85-anni-e-avere-bisogno-di-una-visita-in-10-giorni-normativa-e-realta\\\/#primaryimage\"},\"thumbnailUrl\":\"https:\\\/\\\/www.bellunopress.it\\\/wp-content\\\/uploads\\\/2024\\\/05\\\/comitato-feltrino-per-il-diritto-alla-salute.jpg\",\"datePublished\":\"2026-04-23T14:02:56+00:00\",\"breadcrumb\":{\"@id\":\"https:\\\/\\\/www.bellunopress.it\\\/2026\\\/04\\\/23\\\/comitato-feltrino-per-il-diritto-alla-salute-avere-85-anni-e-avere-bisogno-di-una-visita-in-10-giorni-normativa-e-realta\\\/#breadcrumb\"},\"inLanguage\":\"fr-FR\",\"potentialAction\":[{\"@type\":\"ReadAction\",\"target\":[\"https:\\\/\\\/www.bellunopress.it\\\/2026\\\/04\\\/23\\\/comitato-feltrino-per-il-diritto-alla-salute-avere-85-anni-e-avere-bisogno-di-una-visita-in-10-giorni-normativa-e-realta\\\/\"]}]},{\"@type\":\"ImageObject\",\"inLanguage\":\"fr-FR\",\"@id\":\"https:\\\/\\\/www.bellunopress.it\\\/2026\\\/04\\\/23\\\/comitato-feltrino-per-il-diritto-alla-salute-avere-85-anni-e-avere-bisogno-di-una-visita-in-10-giorni-normativa-e-realta\\\/#primaryimage\",\"url\":\"https:\\\/\\\/www.bellunopress.it\\\/wp-content\\\/uploads\\\/2024\\\/05\\\/comitato-feltrino-per-il-diritto-alla-salute.jpg\",\"contentUrl\":\"https:\\\/\\\/www.bellunopress.it\\\/wp-content\\\/uploads\\\/2024\\\/05\\\/comitato-feltrino-per-il-diritto-alla-salute.jpg\",\"width\":510,\"height\":401},{\"@type\":\"BreadcrumbList\",\"@id\":\"https:\\\/\\\/www.bellunopress.it\\\/2026\\\/04\\\/23\\\/comitato-feltrino-per-il-diritto-alla-salute-avere-85-anni-e-avere-bisogno-di-una-visita-in-10-giorni-normativa-e-realta\\\/#breadcrumb\",\"itemListElement\":[{\"@type\":\"ListItem\",\"position\":1,\"name\":\"Home\",\"item\":\"https:\\\/\\\/www.bellunopress.it\\\/\"},{\"@type\":\"ListItem\",\"position\":2,\"name\":\"Comitato Feltrino per il Diritto alla Salute. Avere 85 anni e avere bisogno di una visita in 10 giorni: normativa e realt\u00e0\"}]},{\"@type\":\"WebSite\",\"@id\":\"https:\\\/\\\/www.bellunopress.it\\\/#website\",\"url\":\"https:\\\/\\\/www.bellunopress.it\\\/\",\"name\":\"Bellunopress - Dolomiti\",\"description\":\"e-mail: redazione@bellunopress.it\",\"publisher\":{\"@id\":\"https:\\\/\\\/www.bellunopress.it\\\/#organization\"},\"potentialAction\":[{\"@type\":\"SearchAction\",\"target\":{\"@type\":\"EntryPoint\",\"urlTemplate\":\"https:\\\/\\\/www.bellunopress.it\\\/?s={search_term_string}\"},\"query-input\":{\"@type\":\"PropertyValueSpecification\",\"valueRequired\":true,\"valueName\":\"search_term_string\"}}],\"inLanguage\":\"fr-FR\"},{\"@type\":\"Organization\",\"@id\":\"https:\\\/\\\/www.bellunopress.it\\\/#organization\",\"name\":\"Bellunopress\",\"url\":\"https:\\\/\\\/www.bellunopress.it\\\/\",\"logo\":{\"@type\":\"ImageObject\",\"inLanguage\":\"fr-FR\",\"@id\":\"https:\\\/\\\/www.bellunopress.it\\\/#\\\/schema\\\/logo\\\/image\\\/\",\"url\":\"https:\\\/\\\/www.bellunopress.it\\\/wp-content\\\/uploads\\\/2011\\\/05\\\/cropped-logo-bellunopress-.jpg\",\"contentUrl\":\"https:\\\/\\\/www.bellunopress.it\\\/wp-content\\\/uploads\\\/2011\\\/05\\\/cropped-logo-bellunopress-.jpg\",\"width\":512,\"height\":512,\"caption\":\"Bellunopress\"},\"image\":{\"@id\":\"https:\\\/\\\/www.bellunopress.it\\\/#\\\/schema\\\/logo\\\/image\\\/\"},\"sameAs\":[\"https:\\\/\\\/www.facebook.com\\\/profile.php?id=100008943462799\",\"https:\\\/\\\/x.com\\\/bellunopress\",\"https:\\\/\\\/www.linkedin.com\\\/hp\\\/?dnr=JBzUWaJfMUw8vbXJJ2tVW5-I3jZKvC4wsoxE&amp;amp;amp;amp;amp;amp;trk=nav_responsive_tab_home\",\"https:\\\/\\\/www.youtube.com\\\/channel\\\/UCxL0wu1uN0_3_7hGG0306cw\"]},{\"@type\":\"Person\",\"@id\":\"https:\\\/\\\/www.bellunopress.it\\\/#\\\/schema\\\/person\\\/79bb06722b37ece1c03d3e94beb30d73\",\"name\":\"redazione\",\"image\":{\"@type\":\"ImageObject\",\"inLanguage\":\"fr-FR\",\"@id\":\"https:\\\/\\\/secure.gravatar.com\\\/avatar\\\/37d968a2e67a6fd04c169c4bdef102d0bc5d31b2546345219e348575eb80e9a0?s=96&d=mm&r=g\",\"url\":\"https:\\\/\\\/secure.gravatar.com\\\/avatar\\\/37d968a2e67a6fd04c169c4bdef102d0bc5d31b2546345219e348575eb80e9a0?s=96&d=mm&r=g\",\"contentUrl\":\"https:\\\/\\\/secure.gravatar.com\\\/avatar\\\/37d968a2e67a6fd04c169c4bdef102d0bc5d31b2546345219e348575eb80e9a0?s=96&d=mm&r=g\",\"caption\":\"redazione\"},\"sameAs\":[\"http:\\\/\\\/www.bellunopress.it\",\"https:\\\/\\\/x.com\\\/bellunopress\"],\"url\":\"https:\\\/\\\/www.bellunopress.it\\\/fr\\\/author\\\/redazione\\\/\"}]}<\/script>\n<!-- \/ Yoast SEO plugin. -->","yoast_head_json":{"title":"Comitato Feltrino per il Diritto alla Salute. Avere 85 anni e avere bisogno di una visita in 10 giorni: normativa e realt\u00e0 - Bellunopress - Dolomiti","robots":{"index":"index","follow":"follow","max-snippet":"max-snippet:-1","max-image-preview":"max-image-preview:large","max-video-preview":"max-video-preview:-1"},"canonical":"https:\/\/www.bellunopress.it\/fr\/2026\/04\/23\/comitato-feltrino-per-il-diritto-alla-salute-avere-85-anni-e-avere-bisogno-di-una-visita-in-10-giorni-normativa-e-realta\/","og_locale":"fr_FR","og_type":"article","og_title":"Comitato Feltrino per il Diritto alla Salute. Avere 85 anni e avere bisogno di una visita in 10 giorni: normativa e realt\u00e0 - Bellunopress - Dolomiti","og_description":"Feltre, 23\/04\/2026 &#8211; La DGRV n. 626\/2024 definisce \u201cambito di garanzia territoriale\u201d il bacino territoriale minimo entro il quale deve essere soddisfatta la domanda di prestazioni entro i tempi massimi previsti dalla priorit\u00e0 assegnata sulla ricetta. Ora con l\u2019apertura dell\u2019ospedale di Cortina, che ci piace ricordare essere a gestione privata \u2013 con convezione con il [&hellip;]","og_url":"https:\/\/www.bellunopress.it\/fr\/2026\/04\/23\/comitato-feltrino-per-il-diritto-alla-salute-avere-85-anni-e-avere-bisogno-di-una-visita-in-10-giorni-normativa-e-realta\/","og_site_name":"Bellunopress - Dolomiti","article_publisher":"https:\/\/www.facebook.com\/profile.php?id=100008943462799","article_published_time":"2026-04-23T14:02:56+00:00","og_image":[{"width":510,"height":401,"url":"https:\/\/www.bellunopress.it\/wp-content\/uploads\/2024\/05\/comitato-feltrino-per-il-diritto-alla-salute.jpg","type":"image\/jpeg"}],"author":"redazione","twitter_card":"summary_large_image","twitter_creator":"@bellunopress","twitter_site":"@bellunopress","twitter_misc":{"Written by":"redazione","Est. reading time":"3 minutes"},"schema":{"@context":"https:\/\/schema.org","@graph":[{"@type":"Article","@id":"https:\/\/www.bellunopress.it\/2026\/04\/23\/comitato-feltrino-per-il-diritto-alla-salute-avere-85-anni-e-avere-bisogno-di-una-visita-in-10-giorni-normativa-e-realta\/#article","isPartOf":{"@id":"https:\/\/www.bellunopress.it\/2026\/04\/23\/comitato-feltrino-per-il-diritto-alla-salute-avere-85-anni-e-avere-bisogno-di-una-visita-in-10-giorni-normativa-e-realta\/"},"author":{"name":"redazione","@id":"https:\/\/www.bellunopress.it\/#\/schema\/person\/79bb06722b37ece1c03d3e94beb30d73"},"headline":"Comitato Feltrino per il Diritto alla Salute. Avere 85 anni e avere bisogno di una visita in 10 giorni: normativa e realt\u00e0","datePublished":"2026-04-23T14:02:56+00:00","mainEntityOfPage":{"@id":"https:\/\/www.bellunopress.it\/2026\/04\/23\/comitato-feltrino-per-il-diritto-alla-salute-avere-85-anni-e-avere-bisogno-di-una-visita-in-10-giorni-normativa-e-realta\/"},"wordCount":598,"publisher":{"@id":"https:\/\/www.bellunopress.it\/#organization"},"image":{"@id":"https:\/\/www.bellunopress.it\/2026\/04\/23\/comitato-feltrino-per-il-diritto-alla-salute-avere-85-anni-e-avere-bisogno-di-una-visita-in-10-giorni-normativa-e-realta\/#primaryimage"},"thumbnailUrl":"https:\/\/www.bellunopress.it\/wp-content\/uploads\/2024\/05\/comitato-feltrino-per-il-diritto-alla-salute.jpg","articleSection":["Sanit\u00e0 Medicina","Societ\u00e0, Associazioni, Istituzioni"],"inLanguage":"fr-FR"},{"@type":"WebPage","@id":"https:\/\/www.bellunopress.it\/2026\/04\/23\/comitato-feltrino-per-il-diritto-alla-salute-avere-85-anni-e-avere-bisogno-di-una-visita-in-10-giorni-normativa-e-realta\/","url":"https:\/\/www.bellunopress.it\/2026\/04\/23\/comitato-feltrino-per-il-diritto-alla-salute-avere-85-anni-e-avere-bisogno-di-una-visita-in-10-giorni-normativa-e-realta\/","name":"Comitato Feltrino per il Diritto alla Salute. Avere 85 anni e avere bisogno di una visita in 10 giorni: normativa e realt\u00e0 - Bellunopress - Dolomiti","isPartOf":{"@id":"https:\/\/www.bellunopress.it\/#website"},"primaryImageOfPage":{"@id":"https:\/\/www.bellunopress.it\/2026\/04\/23\/comitato-feltrino-per-il-diritto-alla-salute-avere-85-anni-e-avere-bisogno-di-una-visita-in-10-giorni-normativa-e-realta\/#primaryimage"},"image":{"@id":"https:\/\/www.bellunopress.it\/2026\/04\/23\/comitato-feltrino-per-il-diritto-alla-salute-avere-85-anni-e-avere-bisogno-di-una-visita-in-10-giorni-normativa-e-realta\/#primaryimage"},"thumbnailUrl":"https:\/\/www.bellunopress.it\/wp-content\/uploads\/2024\/05\/comitato-feltrino-per-il-diritto-alla-salute.jpg","datePublished":"2026-04-23T14:02:56+00:00","breadcrumb":{"@id":"https:\/\/www.bellunopress.it\/2026\/04\/23\/comitato-feltrino-per-il-diritto-alla-salute-avere-85-anni-e-avere-bisogno-di-una-visita-in-10-giorni-normativa-e-realta\/#breadcrumb"},"inLanguage":"fr-FR","potentialAction":[{"@type":"ReadAction","target":["https:\/\/www.bellunopress.it\/2026\/04\/23\/comitato-feltrino-per-il-diritto-alla-salute-avere-85-anni-e-avere-bisogno-di-una-visita-in-10-giorni-normativa-e-realta\/"]}]},{"@type":"ImageObject","inLanguage":"fr-FR","@id":"https:\/\/www.bellunopress.it\/2026\/04\/23\/comitato-feltrino-per-il-diritto-alla-salute-avere-85-anni-e-avere-bisogno-di-una-visita-in-10-giorni-normativa-e-realta\/#primaryimage","url":"https:\/\/www.bellunopress.it\/wp-content\/uploads\/2024\/05\/comitato-feltrino-per-il-diritto-alla-salute.jpg","contentUrl":"https:\/\/www.bellunopress.it\/wp-content\/uploads\/2024\/05\/comitato-feltrino-per-il-diritto-alla-salute.jpg","width":510,"height":401},{"@type":"BreadcrumbList","@id":"https:\/\/www.bellunopress.it\/2026\/04\/23\/comitato-feltrino-per-il-diritto-alla-salute-avere-85-anni-e-avere-bisogno-di-una-visita-in-10-giorni-normativa-e-realta\/#breadcrumb","itemListElement":[{"@type":"ListItem","position":1,"name":"Home","item":"https:\/\/www.bellunopress.it\/"},{"@type":"ListItem","position":2,"name":"Comitato Feltrino per il Diritto alla Salute. Avere 85 anni e avere bisogno di una visita in 10 giorni: normativa e realt\u00e0"}]},{"@type":"WebSite","@id":"https:\/\/www.bellunopress.it\/#website","url":"https:\/\/www.bellunopress.it\/","name":"Bellunopress - Dolomiti","description":"e-mail: redazione@bellunopress.it","publisher":{"@id":"https:\/\/www.bellunopress.it\/#organization"},"potentialAction":[{"@type":"SearchAction","target":{"@type":"EntryPoint","urlTemplate":"https:\/\/www.bellunopress.it\/?s={search_term_string}"},"query-input":{"@type":"PropertyValueSpecification","valueRequired":true,"valueName":"search_term_string"}}],"inLanguage":"fr-FR"},{"@type":"Organization","@id":"https:\/\/www.bellunopress.it\/#organization","name":"Bellunopress","url":"https:\/\/www.bellunopress.it\/","logo":{"@type":"ImageObject","inLanguage":"fr-FR","@id":"https:\/\/www.bellunopress.it\/#\/schema\/logo\/image\/","url":"https:\/\/www.bellunopress.it\/wp-content\/uploads\/2011\/05\/cropped-logo-bellunopress-.jpg","contentUrl":"https:\/\/www.bellunopress.it\/wp-content\/uploads\/2011\/05\/cropped-logo-bellunopress-.jpg","width":512,"height":512,"caption":"Bellunopress"},"image":{"@id":"https:\/\/www.bellunopress.it\/#\/schema\/logo\/image\/"},"sameAs":["https:\/\/www.facebook.com\/profile.php?id=100008943462799","https:\/\/x.com\/bellunopress","https:\/\/www.linkedin.com\/hp\/?dnr=JBzUWaJfMUw8vbXJJ2tVW5-I3jZKvC4wsoxE&amp;amp;amp;amp;amp;amp;trk=nav_responsive_tab_home","https:\/\/www.youtube.com\/channel\/UCxL0wu1uN0_3_7hGG0306cw"]},{"@type":"Person","@id":"https:\/\/www.bellunopress.it\/#\/schema\/person\/79bb06722b37ece1c03d3e94beb30d73","name":"r\u00e9daction","image":{"@type":"ImageObject","inLanguage":"fr-FR","@id":"https:\/\/secure.gravatar.com\/avatar\/37d968a2e67a6fd04c169c4bdef102d0bc5d31b2546345219e348575eb80e9a0?s=96&d=mm&r=g","url":"https:\/\/secure.gravatar.com\/avatar\/37d968a2e67a6fd04c169c4bdef102d0bc5d31b2546345219e348575eb80e9a0?s=96&d=mm&r=g","contentUrl":"https:\/\/secure.gravatar.com\/avatar\/37d968a2e67a6fd04c169c4bdef102d0bc5d31b2546345219e348575eb80e9a0?s=96&d=mm&r=g","caption":"redazione"},"sameAs":["http:\/\/www.bellunopress.it","https:\/\/x.com\/bellunopress"],"url":"https:\/\/www.bellunopress.it\/fr\/author\/redazione\/"}]}},"_links":{"self":[{"href":"https:\/\/www.bellunopress.it\/fr\/wp-json\/wp\/v2\/posts\/169428","targetHints":{"allow":["GET"]}}],"collection":[{"href":"https:\/\/www.bellunopress.it\/fr\/wp-json\/wp\/v2\/posts"}],"about":[{"href":"https:\/\/www.bellunopress.it\/fr\/wp-json\/wp\/v2\/types\/post"}],"author":[{"embeddable":true,"href":"https:\/\/www.bellunopress.it\/fr\/wp-json\/wp\/v2\/users\/2"}],"replies":[{"embeddable":true,"href":"https:\/\/www.bellunopress.it\/fr\/wp-json\/wp\/v2\/comments?post=169428"}],"version-history":[{"count":1,"href":"https:\/\/www.bellunopress.it\/fr\/wp-json\/wp\/v2\/posts\/169428\/revisions"}],"predecessor-version":[{"id":169429,"href":"https:\/\/www.bellunopress.it\/fr\/wp-json\/wp\/v2\/posts\/169428\/revisions\/169429"}],"wp:featuredmedia":[{"embeddable":true,"href":"https:\/\/www.bellunopress.it\/fr\/wp-json\/wp\/v2\/media\/151167"}],"wp:attachment":[{"href":"https:\/\/www.bellunopress.it\/fr\/wp-json\/wp\/v2\/media?parent=169428"}],"wp:term":[{"taxonomy":"category","embeddable":true,"href":"https:\/\/www.bellunopress.it\/fr\/wp-json\/wp\/v2\/categories?post=169428"},{"taxonomy":"post_tag","embeddable":true,"href":"https:\/\/www.bellunopress.it\/fr\/wp-json\/wp\/v2\/tags?post=169428"}],"curies":[{"name":"wp","href":"https:\/\/api.w.org\/{rel}","templated":true}]}}