{"id":169421,"date":"2026-04-23T12:05:18","date_gmt":"2026-04-23T10:05:18","guid":{"rendered":"https:\/\/www.bellunopress.it\/?p=169421"},"modified":"2026-04-23T12:05:18","modified_gmt":"2026-04-23T10:05:18","slug":"jazz-a-sospirolo-una-serata-allinsegna-dei-classici-con-passion-fruit","status":"publish","type":"post","link":"https:\/\/www.bellunopress.it\/fr\/2026\/04\/23\/jazz-a-sospirolo-una-serata-allinsegna-dei-classici-con-passion-fruit\/","title":{"rendered":"Jazz a Sospirolo: una serata all&#8217;insegna dei classici con &#8220;Passion Fruit&#8221;"},"content":{"rendered":"<p data-path-to-node=\"3\">Il grande jazz approda nel cuore della provincia di Belluno. Venerd\u00ec 24 aprile 2026, alle ore 21:00, il Centro Civico di Sospirolo ospiter\u00e0 un appuntamento imperdibile per gli amanti della musica raffinata: il concerto &#8220;PASSION FRUIT \u2013 tra gli standard del jazz&#8221;.<\/p>\n<p data-path-to-node=\"4\">L&#8217;evento, organizzato dall&#8217;Associazione Culturale Veses APS con il patrocinio del Comune di Sospirolo, promette un viaggio emozionante tra le melodie che hanno fatto la storia del genere. Sul palco si alterner\u00e0 un quintetto di musicisti affiatati: Roberto Bogo, Andrea De Pol, Andrea Cuzziol, Ruggero Burigo, Franco De Poli.<\/p>\n<p data-path-to-node=\"6\">A rendere la serata ancora pi\u00f9 speciale sar\u00e0 la partecipazione degli ospiti Mario &amp; Bruno, che arricchiranno il programma con il loro contributo artistico.<\/p>\n<h3 data-path-to-node=\"7\"><b data-path-to-node=\"7\" data-index-in-node=\"0\">Dettagli dell\u2019evento<\/b><\/h3>\n<ul data-path-to-node=\"8\">\n<li>\n<p data-path-to-node=\"8,0,0\">Dove: Centro Civico di Sospirolo (BL).<\/p>\n<\/li>\n<li>\n<p data-path-to-node=\"8,1,0\">Quando: Venerd\u00ec 24 Aprile 2026, ore 21:00.<\/p>\n<\/li>\n<li>\n<p data-path-to-node=\"8,2,0\">Ingresso: Libero.<\/p>\n<\/li>\n<\/ul>\n<p data-path-to-node=\"9\">Un&#8217;occasione perfetta per godersi dell&#8217;ottima musica dal vivo in un&#8217;atmosfera conviviale. Che siate esperti conoscitori del genere o semplici curiosi, l&#8217;invito \u00e8 quello di lasciarsi trasportare dal ritmo e dalle improvvisazioni dei &#8220;Passion Fruit&#8221;.<\/p>","protected":false},"excerpt":{"rendered":"<p>Il grande jazz approda nel cuore della provincia di Belluno. Venerd\u00ec 24 aprile 2026, alle ore 21:00, il Centro Civico di Sospirolo ospiter\u00e0 un appuntamento imperdibile per gli amanti della musica raffinata: il concerto &#8220;PASSION FRUIT \u2013 tra gli standard del jazz&#8221;. L&#8217;evento, organizzato dall&#8217;Associazione Culturale Veses APS con il patrocinio del Comune di Sospirolo, [&hellip;]<\/p>\n","protected":false},"author":2,"featured_media":169422,"comment_status":"closed","ping_status":"open","sticky":false,"template":"","format":"standard","meta":{"footnotes":""},"categories":[27,3,25],"tags":[],"class_list":["post-169421","post","type-post","status-publish","format-standard","has-post-thumbnail","category-appuntamenti","category-arte-cultura-spettacoli-scienza-archivi","category-pausa-caffe"],"yoast_head":"<!-- This site is optimized with the Yoast SEO plugin v28.4 - https:\/\/yoast.com\/product\/yoast-seo-wordpress\/ -->\n<title>Jazz a Sospirolo: una serata all&#039;insegna dei classici con &quot;Passion Fruit&quot; - Bellunopress - Dolomiti<\/title>\n<meta name=\"robots\" content=\"index, follow, max-snippet:-1, max-image-preview:large, max-video-preview:-1\" \/>\n<link rel=\"canonical\" href=\"https:\/\/www.bellunopress.it\/fr\/2026\/04\/23\/jazz-a-sospirolo-una-serata-allinsegna-dei-classici-con-passion-fruit\/\" \/>\n<meta property=\"og:locale\" content=\"fr_FR\" \/>\n<meta property=\"og:type\" content=\"article\" \/>\n<meta property=\"og:title\" content=\"Jazz a Sospirolo: una serata all&#039;insegna dei classici con &quot;Passion Fruit&quot; - Bellunopress - Dolomiti\" \/>\n<meta property=\"og:description\" content=\"Il grande jazz approda nel cuore della provincia di Belluno. Venerd\u00ec 24 aprile 2026, alle ore 21:00, il Centro Civico di Sospirolo ospiter\u00e0 un appuntamento imperdibile per gli amanti della musica raffinata: il concerto &#8220;PASSION FRUIT \u2013 tra gli standard del jazz&#8221;. L&#8217;evento, organizzato dall&#8217;Associazione Culturale Veses APS con il patrocinio del Comune di Sospirolo, [&hellip;]\" \/>\n<meta property=\"og:url\" content=\"https:\/\/www.bellunopress.it\/fr\/2026\/04\/23\/jazz-a-sospirolo-una-serata-allinsegna-dei-classici-con-passion-fruit\/\" \/>\n<meta property=\"og:site_name\" content=\"Bellunopress - Dolomiti\" \/>\n<meta property=\"article:publisher\" content=\"https:\/\/www.facebook.com\/profile.php?id=100008943462799\" \/>\n<meta property=\"article:published_time\" content=\"2026-04-23T10:05:18+00:00\" \/>\n<meta property=\"og:image\" content=\"https:\/\/www.bellunopress.it\/wp-content\/uploads\/2026\/04\/Passion-Fruit.jpg\" \/>\n\t<meta property=\"og:image:width\" content=\"433\" \/>\n\t<meta property=\"og:image:height\" content=\"600\" \/>\n\t<meta property=\"og:image:type\" content=\"image\/jpeg\" \/>\n<meta name=\"author\" content=\"redazione\" \/>\n<meta name=\"twitter:card\" content=\"summary_large_image\" \/>\n<meta name=\"twitter:creator\" content=\"@bellunopress\" \/>\n<meta name=\"twitter:site\" content=\"@bellunopress\" \/>\n<meta name=\"twitter:label1\" content=\"\u00c9crit par\" \/>\n\t<meta name=\"twitter:data1\" content=\"redazione\" \/>\n\t<meta name=\"twitter:label2\" content=\"Dur\u00e9e de lecture estim\u00e9e\" \/>\n\t<meta name=\"twitter:data2\" content=\"1 minute\" \/>\n<script type=\"application\/ld+json\" class=\"yoast-schema-graph\">{\"@context\":\"https:\\\/\\\/schema.org\",\"@graph\":[{\"@type\":\"Article\",\"@id\":\"https:\\\/\\\/www.bellunopress.it\\\/2026\\\/04\\\/23\\\/jazz-a-sospirolo-una-serata-allinsegna-dei-classici-con-passion-fruit\\\/#article\",\"isPartOf\":{\"@id\":\"https:\\\/\\\/www.bellunopress.it\\\/2026\\\/04\\\/23\\\/jazz-a-sospirolo-una-serata-allinsegna-dei-classici-con-passion-fruit\\\/\"},\"author\":{\"name\":\"redazione\",\"@id\":\"https:\\\/\\\/www.bellunopress.it\\\/#\\\/schema\\\/person\\\/79bb06722b37ece1c03d3e94beb30d73\"},\"headline\":\"Jazz a Sospirolo: una serata all&#8217;insegna dei classici con &#8220;Passion Fruit&#8221;\",\"datePublished\":\"2026-04-23T10:05:18+00:00\",\"mainEntityOfPage\":{\"@id\":\"https:\\\/\\\/www.bellunopress.it\\\/2026\\\/04\\\/23\\\/jazz-a-sospirolo-una-serata-allinsegna-dei-classici-con-passion-fruit\\\/\"},\"wordCount\":176,\"publisher\":{\"@id\":\"https:\\\/\\\/www.bellunopress.it\\\/#organization\"},\"image\":{\"@id\":\"https:\\\/\\\/www.bellunopress.it\\\/2026\\\/04\\\/23\\\/jazz-a-sospirolo-una-serata-allinsegna-dei-classici-con-passion-fruit\\\/#primaryimage\"},\"thumbnailUrl\":\"https:\\\/\\\/www.bellunopress.it\\\/wp-content\\\/uploads\\\/2026\\\/04\\\/Passion-Fruit.jpg\",\"articleSection\":[\"Appuntamenti, Eventi\",\"Arte, Cultura, Spettacoli, Scienza\",\"Pausa Caff\u00e8\"],\"inLanguage\":\"fr-FR\"},{\"@type\":\"WebPage\",\"@id\":\"https:\\\/\\\/www.bellunopress.it\\\/2026\\\/04\\\/23\\\/jazz-a-sospirolo-una-serata-allinsegna-dei-classici-con-passion-fruit\\\/\",\"url\":\"https:\\\/\\\/www.bellunopress.it\\\/2026\\\/04\\\/23\\\/jazz-a-sospirolo-una-serata-allinsegna-dei-classici-con-passion-fruit\\\/\",\"name\":\"Jazz a Sospirolo: una serata all'insegna dei classici con \\\"Passion Fruit\\\" - Bellunopress - Dolomiti\",\"isPartOf\":{\"@id\":\"https:\\\/\\\/www.bellunopress.it\\\/#website\"},\"primaryImageOfPage\":{\"@id\":\"https:\\\/\\\/www.bellunopress.it\\\/2026\\\/04\\\/23\\\/jazz-a-sospirolo-una-serata-allinsegna-dei-classici-con-passion-fruit\\\/#primaryimage\"},\"image\":{\"@id\":\"https:\\\/\\\/www.bellunopress.it\\\/2026\\\/04\\\/23\\\/jazz-a-sospirolo-una-serata-allinsegna-dei-classici-con-passion-fruit\\\/#primaryimage\"},\"thumbnailUrl\":\"https:\\\/\\\/www.bellunopress.it\\\/wp-content\\\/uploads\\\/2026\\\/04\\\/Passion-Fruit.jpg\",\"datePublished\":\"2026-04-23T10:05:18+00:00\",\"breadcrumb\":{\"@id\":\"https:\\\/\\\/www.bellunopress.it\\\/2026\\\/04\\\/23\\\/jazz-a-sospirolo-una-serata-allinsegna-dei-classici-con-passion-fruit\\\/#breadcrumb\"},\"inLanguage\":\"fr-FR\",\"potentialAction\":[{\"@type\":\"ReadAction\",\"target\":[\"https:\\\/\\\/www.bellunopress.it\\\/2026\\\/04\\\/23\\\/jazz-a-sospirolo-una-serata-allinsegna-dei-classici-con-passion-fruit\\\/\"]}]},{\"@type\":\"ImageObject\",\"inLanguage\":\"fr-FR\",\"@id\":\"https:\\\/\\\/www.bellunopress.it\\\/2026\\\/04\\\/23\\\/jazz-a-sospirolo-una-serata-allinsegna-dei-classici-con-passion-fruit\\\/#primaryimage\",\"url\":\"https:\\\/\\\/www.bellunopress.it\\\/wp-content\\\/uploads\\\/2026\\\/04\\\/Passion-Fruit.jpg\",\"contentUrl\":\"https:\\\/\\\/www.bellunopress.it\\\/wp-content\\\/uploads\\\/2026\\\/04\\\/Passion-Fruit.jpg\",\"width\":433,\"height\":600},{\"@type\":\"BreadcrumbList\",\"@id\":\"https:\\\/\\\/www.bellunopress.it\\\/2026\\\/04\\\/23\\\/jazz-a-sospirolo-una-serata-allinsegna-dei-classici-con-passion-fruit\\\/#breadcrumb\",\"itemListElement\":[{\"@type\":\"ListItem\",\"position\":1,\"name\":\"Home\",\"item\":\"https:\\\/\\\/www.bellunopress.it\\\/\"},{\"@type\":\"ListItem\",\"position\":2,\"name\":\"Jazz a Sospirolo: una serata all&#8217;insegna dei classici con &#8220;Passion Fruit&#8221;\"}]},{\"@type\":\"WebSite\",\"@id\":\"https:\\\/\\\/www.bellunopress.it\\\/#website\",\"url\":\"https:\\\/\\\/www.bellunopress.it\\\/\",\"name\":\"Bellunopress - Dolomiti\",\"description\":\"e-mail: redazione@bellunopress.it\",\"publisher\":{\"@id\":\"https:\\\/\\\/www.bellunopress.it\\\/#organization\"},\"potentialAction\":[{\"@type\":\"SearchAction\",\"target\":{\"@type\":\"EntryPoint\",\"urlTemplate\":\"https:\\\/\\\/www.bellunopress.it\\\/?s={search_term_string}\"},\"query-input\":{\"@type\":\"PropertyValueSpecification\",\"valueRequired\":true,\"valueName\":\"search_term_string\"}}],\"inLanguage\":\"fr-FR\"},{\"@type\":\"Organization\",\"@id\":\"https:\\\/\\\/www.bellunopress.it\\\/#organization\",\"name\":\"Bellunopress\",\"url\":\"https:\\\/\\\/www.bellunopress.it\\\/\",\"logo\":{\"@type\":\"ImageObject\",\"inLanguage\":\"fr-FR\",\"@id\":\"https:\\\/\\\/www.bellunopress.it\\\/#\\\/schema\\\/logo\\\/image\\\/\",\"url\":\"https:\\\/\\\/www.bellunopress.it\\\/wp-content\\\/uploads\\\/2011\\\/05\\\/cropped-logo-bellunopress-.jpg\",\"contentUrl\":\"https:\\\/\\\/www.bellunopress.it\\\/wp-content\\\/uploads\\\/2011\\\/05\\\/cropped-logo-bellunopress-.jpg\",\"width\":512,\"height\":512,\"caption\":\"Bellunopress\"},\"image\":{\"@id\":\"https:\\\/\\\/www.bellunopress.it\\\/#\\\/schema\\\/logo\\\/image\\\/\"},\"sameAs\":[\"https:\\\/\\\/www.facebook.com\\\/profile.php?id=100008943462799\",\"https:\\\/\\\/x.com\\\/bellunopress\",\"https:\\\/\\\/www.linkedin.com\\\/hp\\\/?dnr=JBzUWaJfMUw8vbXJJ2tVW5-I3jZKvC4wsoxE&amp;amp;amp;amp;amp;amp;trk=nav_responsive_tab_home\",\"https:\\\/\\\/www.youtube.com\\\/channel\\\/UCxL0wu1uN0_3_7hGG0306cw\"]},{\"@type\":\"Person\",\"@id\":\"https:\\\/\\\/www.bellunopress.it\\\/#\\\/schema\\\/person\\\/79bb06722b37ece1c03d3e94beb30d73\",\"name\":\"redazione\",\"image\":{\"@type\":\"ImageObject\",\"inLanguage\":\"fr-FR\",\"@id\":\"https:\\\/\\\/secure.gravatar.com\\\/avatar\\\/37d968a2e67a6fd04c169c4bdef102d0bc5d31b2546345219e348575eb80e9a0?s=96&d=mm&r=g\",\"url\":\"https:\\\/\\\/secure.gravatar.com\\\/avatar\\\/37d968a2e67a6fd04c169c4bdef102d0bc5d31b2546345219e348575eb80e9a0?s=96&d=mm&r=g\",\"contentUrl\":\"https:\\\/\\\/secure.gravatar.com\\\/avatar\\\/37d968a2e67a6fd04c169c4bdef102d0bc5d31b2546345219e348575eb80e9a0?s=96&d=mm&r=g\",\"caption\":\"redazione\"},\"sameAs\":[\"http:\\\/\\\/www.bellunopress.it\",\"https:\\\/\\\/x.com\\\/bellunopress\"],\"url\":\"https:\\\/\\\/www.bellunopress.it\\\/fr\\\/author\\\/redazione\\\/\"}]}<\/script>\n<!-- \/ Yoast SEO plugin. -->","yoast_head_json":{"title":"Jazz a Sospirolo: una serata all'insegna dei classici con \"Passion Fruit\" - Bellunopress - Dolomiti","robots":{"index":"index","follow":"follow","max-snippet":"max-snippet:-1","max-image-preview":"max-image-preview:large","max-video-preview":"max-video-preview:-1"},"canonical":"https:\/\/www.bellunopress.it\/fr\/2026\/04\/23\/jazz-a-sospirolo-una-serata-allinsegna-dei-classici-con-passion-fruit\/","og_locale":"fr_FR","og_type":"article","og_title":"Jazz a Sospirolo: una serata all'insegna dei classici con \"Passion Fruit\" - Bellunopress - Dolomiti","og_description":"Il grande jazz approda nel cuore della provincia di Belluno. Venerd\u00ec 24 aprile 2026, alle ore 21:00, il Centro Civico di Sospirolo ospiter\u00e0 un appuntamento imperdibile per gli amanti della musica raffinata: il concerto &#8220;PASSION FRUIT \u2013 tra gli standard del jazz&#8221;. L&#8217;evento, organizzato dall&#8217;Associazione Culturale Veses APS con il patrocinio del Comune di Sospirolo, [&hellip;]","og_url":"https:\/\/www.bellunopress.it\/fr\/2026\/04\/23\/jazz-a-sospirolo-una-serata-allinsegna-dei-classici-con-passion-fruit\/","og_site_name":"Bellunopress - Dolomiti","article_publisher":"https:\/\/www.facebook.com\/profile.php?id=100008943462799","article_published_time":"2026-04-23T10:05:18+00:00","og_image":[{"width":433,"height":600,"url":"https:\/\/www.bellunopress.it\/wp-content\/uploads\/2026\/04\/Passion-Fruit.jpg","type":"image\/jpeg"}],"author":"redazione","twitter_card":"summary_large_image","twitter_creator":"@bellunopress","twitter_site":"@bellunopress","twitter_misc":{"\u00c9crit par":"redazione","Dur\u00e9e de lecture estim\u00e9e":"1 minute"},"schema":{"@context":"https:\/\/schema.org","@graph":[{"@type":"Article","@id":"https:\/\/www.bellunopress.it\/2026\/04\/23\/jazz-a-sospirolo-una-serata-allinsegna-dei-classici-con-passion-fruit\/#article","isPartOf":{"@id":"https:\/\/www.bellunopress.it\/2026\/04\/23\/jazz-a-sospirolo-una-serata-allinsegna-dei-classici-con-passion-fruit\/"},"author":{"name":"redazione","@id":"https:\/\/www.bellunopress.it\/#\/schema\/person\/79bb06722b37ece1c03d3e94beb30d73"},"headline":"Jazz a Sospirolo: una serata all&#8217;insegna dei classici con &#8220;Passion Fruit&#8221;","datePublished":"2026-04-23T10:05:18+00:00","mainEntityOfPage":{"@id":"https:\/\/www.bellunopress.it\/2026\/04\/23\/jazz-a-sospirolo-una-serata-allinsegna-dei-classici-con-passion-fruit\/"},"wordCount":176,"publisher":{"@id":"https:\/\/www.bellunopress.it\/#organization"},"image":{"@id":"https:\/\/www.bellunopress.it\/2026\/04\/23\/jazz-a-sospirolo-una-serata-allinsegna-dei-classici-con-passion-fruit\/#primaryimage"},"thumbnailUrl":"https:\/\/www.bellunopress.it\/wp-content\/uploads\/2026\/04\/Passion-Fruit.jpg","articleSection":["Appuntamenti, Eventi","Arte, Cultura, Spettacoli, Scienza","Pausa Caff\u00e8"],"inLanguage":"fr-FR"},{"@type":"WebPage","@id":"https:\/\/www.bellunopress.it\/2026\/04\/23\/jazz-a-sospirolo-una-serata-allinsegna-dei-classici-con-passion-fruit\/","url":"https:\/\/www.bellunopress.it\/2026\/04\/23\/jazz-a-sospirolo-una-serata-allinsegna-dei-classici-con-passion-fruit\/","name":"Jazz a Sospirolo: una serata all'insegna dei classici con \"Passion Fruit\" - Bellunopress - Dolomiti","isPartOf":{"@id":"https:\/\/www.bellunopress.it\/#website"},"primaryImageOfPage":{"@id":"https:\/\/www.bellunopress.it\/2026\/04\/23\/jazz-a-sospirolo-una-serata-allinsegna-dei-classici-con-passion-fruit\/#primaryimage"},"image":{"@id":"https:\/\/www.bellunopress.it\/2026\/04\/23\/jazz-a-sospirolo-una-serata-allinsegna-dei-classici-con-passion-fruit\/#primaryimage"},"thumbnailUrl":"https:\/\/www.bellunopress.it\/wp-content\/uploads\/2026\/04\/Passion-Fruit.jpg","datePublished":"2026-04-23T10:05:18+00:00","breadcrumb":{"@id":"https:\/\/www.bellunopress.it\/2026\/04\/23\/jazz-a-sospirolo-una-serata-allinsegna-dei-classici-con-passion-fruit\/#breadcrumb"},"inLanguage":"fr-FR","potentialAction":[{"@type":"ReadAction","target":["https:\/\/www.bellunopress.it\/2026\/04\/23\/jazz-a-sospirolo-una-serata-allinsegna-dei-classici-con-passion-fruit\/"]}]},{"@type":"ImageObject","inLanguage":"fr-FR","@id":"https:\/\/www.bellunopress.it\/2026\/04\/23\/jazz-a-sospirolo-una-serata-allinsegna-dei-classici-con-passion-fruit\/#primaryimage","url":"https:\/\/www.bellunopress.it\/wp-content\/uploads\/2026\/04\/Passion-Fruit.jpg","contentUrl":"https:\/\/www.bellunopress.it\/wp-content\/uploads\/2026\/04\/Passion-Fruit.jpg","width":433,"height":600},{"@type":"BreadcrumbList","@id":"https:\/\/www.bellunopress.it\/2026\/04\/23\/jazz-a-sospirolo-una-serata-allinsegna-dei-classici-con-passion-fruit\/#breadcrumb","itemListElement":[{"@type":"ListItem","position":1,"name":"Home","item":"https:\/\/www.bellunopress.it\/"},{"@type":"ListItem","position":2,"name":"Jazz a Sospirolo: una serata all&#8217;insegna dei classici con &#8220;Passion Fruit&#8221;"}]},{"@type":"WebSite","@id":"https:\/\/www.bellunopress.it\/#website","url":"https:\/\/www.bellunopress.it\/","name":"Bellunopress - Dolomiti","description":"e-mail: redazione@bellunopress.it","publisher":{"@id":"https:\/\/www.bellunopress.it\/#organization"},"potentialAction":[{"@type":"SearchAction","target":{"@type":"EntryPoint","urlTemplate":"https:\/\/www.bellunopress.it\/?s={search_term_string}"},"query-input":{"@type":"PropertyValueSpecification","valueRequired":true,"valueName":"search_term_string"}}],"inLanguage":"fr-FR"},{"@type":"Organization","@id":"https:\/\/www.bellunopress.it\/#organization","name":"Bellunopress","url":"https:\/\/www.bellunopress.it\/","logo":{"@type":"ImageObject","inLanguage":"fr-FR","@id":"https:\/\/www.bellunopress.it\/#\/schema\/logo\/image\/","url":"https:\/\/www.bellunopress.it\/wp-content\/uploads\/2011\/05\/cropped-logo-bellunopress-.jpg","contentUrl":"https:\/\/www.bellunopress.it\/wp-content\/uploads\/2011\/05\/cropped-logo-bellunopress-.jpg","width":512,"height":512,"caption":"Bellunopress"},"image":{"@id":"https:\/\/www.bellunopress.it\/#\/schema\/logo\/image\/"},"sameAs":["https:\/\/www.facebook.com\/profile.php?id=100008943462799","https:\/\/x.com\/bellunopress","https:\/\/www.linkedin.com\/hp\/?dnr=JBzUWaJfMUw8vbXJJ2tVW5-I3jZKvC4wsoxE&amp;amp;amp;amp;amp;amp;trk=nav_responsive_tab_home","https:\/\/www.youtube.com\/channel\/UCxL0wu1uN0_3_7hGG0306cw"]},{"@type":"Person","@id":"https:\/\/www.bellunopress.it\/#\/schema\/person\/79bb06722b37ece1c03d3e94beb30d73","name":"r\u00e9daction","image":{"@type":"ImageObject","inLanguage":"fr-FR","@id":"https:\/\/secure.gravatar.com\/avatar\/37d968a2e67a6fd04c169c4bdef102d0bc5d31b2546345219e348575eb80e9a0?s=96&d=mm&r=g","url":"https:\/\/secure.gravatar.com\/avatar\/37d968a2e67a6fd04c169c4bdef102d0bc5d31b2546345219e348575eb80e9a0?s=96&d=mm&r=g","contentUrl":"https:\/\/secure.gravatar.com\/avatar\/37d968a2e67a6fd04c169c4bdef102d0bc5d31b2546345219e348575eb80e9a0?s=96&d=mm&r=g","caption":"redazione"},"sameAs":["http:\/\/www.bellunopress.it","https:\/\/x.com\/bellunopress"],"url":"https:\/\/www.bellunopress.it\/fr\/author\/redazione\/"}]}},"_links":{"self":[{"href":"https:\/\/www.bellunopress.it\/fr\/wp-json\/wp\/v2\/posts\/169421","targetHints":{"allow":["GET"]}}],"collection":[{"href":"https:\/\/www.bellunopress.it\/fr\/wp-json\/wp\/v2\/posts"}],"about":[{"href":"https:\/\/www.bellunopress.it\/fr\/wp-json\/wp\/v2\/types\/post"}],"author":[{"embeddable":true,"href":"https:\/\/www.bellunopress.it\/fr\/wp-json\/wp\/v2\/users\/2"}],"replies":[{"embeddable":true,"href":"https:\/\/www.bellunopress.it\/fr\/wp-json\/wp\/v2\/comments?post=169421"}],"version-history":[{"count":1,"href":"https:\/\/www.bellunopress.it\/fr\/wp-json\/wp\/v2\/posts\/169421\/revisions"}],"predecessor-version":[{"id":169423,"href":"https:\/\/www.bellunopress.it\/fr\/wp-json\/wp\/v2\/posts\/169421\/revisions\/169423"}],"wp:featuredmedia":[{"embeddable":true,"href":"https:\/\/www.bellunopress.it\/fr\/wp-json\/wp\/v2\/media\/169422"}],"wp:attachment":[{"href":"https:\/\/www.bellunopress.it\/fr\/wp-json\/wp\/v2\/media?parent=169421"}],"wp:term":[{"taxonomy":"category","embeddable":true,"href":"https:\/\/www.bellunopress.it\/fr\/wp-json\/wp\/v2\/categories?post=169421"},{"taxonomy":"post_tag","embeddable":true,"href":"https:\/\/www.bellunopress.it\/fr\/wp-json\/wp\/v2\/tags?post=169421"}],"curies":[{"name":"wp","href":"https:\/\/api.w.org\/{rel}","templated":true}]}}