{"id":169406,"date":"2026-04-23T07:10:34","date_gmt":"2026-04-23T05:10:34","guid":{"rendered":"https:\/\/www.bellunopress.it\/?p=169406"},"modified":"2026-04-23T07:10:34","modified_gmt":"2026-04-23T05:10:34","slug":"costi-energia-berton-e-da-canal-confindustria-le-dolomiti-rischiano-di-fermarsi","status":"publish","type":"post","link":"https:\/\/www.bellunopress.it\/fr\/2026\/04\/23\/costi-energia-berton-e-da-canal-confindustria-le-dolomiti-rischiano-di-fermarsi\/","title":{"rendered":"Costi energia. Berton e Da Canal (Confindustria): le Dolomiti rischiano di fermarsi"},"content":{"rendered":"<p><strong>Servono compensazioni vere, deroga al Patto di stabilit\u00e0, sospensione Ets<\/strong><\/p>\n<p>Belluno, 23 aprile 2026 &#8211; \u201cIl Consiglio europeo \u2013 in programma nelle prossime ore a Nicosia \u2013 dovr\u00e0 affrontare con responsabilit\u00e0 e grande urgenza il nodo dei costi dell\u2019energia. Ci attendiamo una risposta all\u2019altezza della nostra manifattura, in grado di scongiurare il fermo del settore strategico dei trasporti con le sue inevitabili ripercussioni sull\u2019intera filiera economica. Rischiamo di fermare l\u2019Europa, l\u2019Italia e le nostre Dolomiti e questo \u00e8 uno scenario da evitare con tutte le nostre forze\u201d.<\/p>\n<p>\u00c8 questo l\u2019appello che Lorraine Berton, presidente di Confindustria Belluno Dolomiti, rivolge alle Istituzioni nazionali e comunitarie in vista dei prossimi impegni europei, su tutti il Consiglio europeo fissato per il 23 e 24 aprile a Cipro. \u201cSiamo di fronte a uno shock di sistema e per questo, come sostiene Confindustria, serve una deroga al patto di stabilit\u00e0 al vincolo del 3 per cento sul deficit: si tratta di una mossa non pi\u00f9 rinviabile. Solo cos\u00ec si potr\u00e0 avere la liquidit\u00e0 immediata per supportare imprese e famiglie. Allo stesso tempo occorre sospendere il meccanismo dell\u2019Ets, che penalizza le imprese proprio sul fronte dell\u2019energia. Non \u00e8 il momento di restare immobili\u201d, le parole di Berton.<\/p>\n<figure id=\"attachment_133675\" aria-describedby=\"caption-attachment-133675\" style=\"width: 962px\" class=\"wp-caption aligncenter\"><img loading=\"lazy\" decoding=\"async\" class=\"size-full wp-image-133675\" src=\"https:\/\/www.bellunopress.it\/wp-content\/uploads\/2022\/05\/Da-Canal-Confindustria-trasporti_edited.jpg\" alt=\"\" width=\"962\" height=\"1000\" srcset=\"https:\/\/www.bellunopress.it\/wp-content\/uploads\/2022\/05\/Da-Canal-Confindustria-trasporti_edited.jpg 962w, https:\/\/www.bellunopress.it\/wp-content\/uploads\/2022\/05\/Da-Canal-Confindustria-trasporti_edited-481x500.jpg 481w, https:\/\/www.bellunopress.it\/wp-content\/uploads\/2022\/05\/Da-Canal-Confindustria-trasporti_edited-696x723.jpg 696w, https:\/\/www.bellunopress.it\/wp-content\/uploads\/2022\/05\/Da-Canal-Confindustria-trasporti_edited-404x420.jpg 404w\" sizes=\"auto, (max-width: 962px) 100vw, 962px\" \/><figcaption id=\"caption-attachment-133675\" class=\"wp-caption-text\">Christian Da Canal presidente Sezione Trasporti Confindustria Belluno<\/figcaption><\/figure>\n<p>In particolare, per il settore dell\u2019autotrasporto, si chiedono azioni specifiche e immediate. Christian Da Canal, presidente della sezione Trasporti di Confindustria Belluno Dolomiti, guarda, a sua volta, all\u2019Esecutivo. \u201cIl taglio delle accise da solo non basta, per paradosso, hanno finito per danneggiare l\u2019autotrasporto professionale; servono misure e compensazioni pi\u00f9 incisive altrimenti il fermo dei mezzi \u2013 proclamato nei giorni scorsi da diverse sigle per la fine di maggio &#8211; non avverr\u00e0 per nostra volont\u00e0, ma perch\u00e9 non ci saranno alternative\u201d.<\/p>\n<p>\u201cLe spese energetiche in una ditta di trasporto incidono per il 30-35 per cento sul totale e in realt\u00e0 logisticamente complesse come quelle montane hanno un ulteriore peso specifico: da quasi due mesi abbiamo visto schizzare questa voce, mentre i pagamenti dei nostri clienti restano a 30, 60 e 90 giorni, prosegue Da Canal, per il quale diventa fondamentale dare attuazione, oggi pi\u00f9 che ma, alla cosiddetta &#8220;fuel surcharge&#8221; o clausola di adeguamento, meccanismo che prevede un adeguamento automatico delle tariffe al costo del carburante se eccedente il 2%. &#8220;Si tratta di dare piena applicazione a una misura gi\u00e0 prevista dalla legge ma ancora poco diffusa. Allo stesso tempo, occorre avere un occhio di riguardo per tutte quelle aziende minori dove tale clausola non viene pattuita a causa delle esigenze di mercato. In tal senso, il nostro settore \u00e8 il pi\u00f9 esposto\u201d, rimarca Da Canal.<br \/>\nA confermarlo sono anche i dati Istat: il 92,1% delle merci viaggia su strada (contro il 7,9% su ferrovia), rendendo il sistema particolarmente vulnerabile ai rincari del gasolio, ormai stabilmente sopra i 2 euro al litro. Anche il trasporto passeggeri si trova in difficolt\u00e0, con rincari che superano il 20%.<\/p>\n<p>&#8220;Il quadro \u00e8 grave e per questo la nostra Sezione condivide quanto espresso da ANITA, l&#8217;Associazione nazionale del Trasporto aderente a Confindustria, lo scorso 17 aprile: il Governo deve intervenire urgentemente affinch\u00e9 le imprese possano recuperare quanto perso in conseguenza del taglio delle accise. Diversamente, la crescente tensione con il settore sar\u00e0 inevitabile\u201d, conclude Da Canal.<\/p>\n<p>\u201cGli effetti si sono estesi a tutta la filiera, con aumento dei costi di produzione e dei prezzi finali: \u00e8 una spirale velocissima che va interrotta\u201d, rimarca ancora Lorraine Berton. \u201cIn ballo c\u2019\u00e8 la competitivit\u00e0 della nostra economia e la tenuta di tante famiglie. Stavolta non ci sono alibi per non intervenire\u201d.<\/p>\n<p>&nbsp;<\/p>","protected":false},"excerpt":{"rendered":"<p>Servono compensazioni vere, deroga al Patto di stabilit\u00e0, sospensione Ets Belluno, 23 aprile 2026 &#8211; \u201cIl Consiglio europeo \u2013 in programma nelle prossime ore a Nicosia \u2013 dovr\u00e0 affrontare con responsabilit\u00e0 e grande urgenza il nodo dei costi dell\u2019energia. Ci attendiamo una risposta all\u2019altezza della nostra manifattura, in grado di scongiurare il fermo del settore [&hellip;]<\/p>\n","protected":false},"author":2,"featured_media":113249,"comment_status":"closed","ping_status":"open","sticky":false,"template":"","format":"standard","meta":{"footnotes":""},"categories":[36,26],"tags":[],"class_list":["post-169406","post","type-post","status-publish","format-standard","has-post-thumbnail","category-lavoro-economia","category-prima-pagina"],"yoast_head":"<!-- This site is optimized with the Yoast SEO plugin v28.4 - https:\/\/yoast.com\/product\/yoast-seo-wordpress\/ -->\n<title>Costi energia. Berton e Da Canal (Confindustria): le Dolomiti rischiano di fermarsi - Bellunopress - Dolomiti<\/title>\n<meta name=\"robots\" content=\"index, follow, max-snippet:-1, max-image-preview:large, max-video-preview:-1\" \/>\n<link rel=\"canonical\" href=\"https:\/\/www.bellunopress.it\/fr\/2026\/04\/23\/costi-energia-berton-e-da-canal-confindustria-le-dolomiti-rischiano-di-fermarsi\/\" \/>\n<meta property=\"og:locale\" content=\"fr_FR\" \/>\n<meta property=\"og:type\" content=\"article\" \/>\n<meta property=\"og:title\" content=\"Costi energia. Berton e Da Canal (Confindustria): le Dolomiti rischiano di fermarsi - Bellunopress - Dolomiti\" \/>\n<meta property=\"og:description\" content=\"Servono compensazioni vere, deroga al Patto di stabilit\u00e0, sospensione Ets Belluno, 23 aprile 2026 &#8211; \u201cIl Consiglio europeo \u2013 in programma nelle prossime ore a Nicosia \u2013 dovr\u00e0 affrontare con responsabilit\u00e0 e grande urgenza il nodo dei costi dell\u2019energia. Ci attendiamo una risposta all\u2019altezza della nostra manifattura, in grado di scongiurare il fermo del settore [&hellip;]\" \/>\n<meta property=\"og:url\" content=\"https:\/\/www.bellunopress.it\/fr\/2026\/04\/23\/costi-energia-berton-e-da-canal-confindustria-le-dolomiti-rischiano-di-fermarsi\/\" \/>\n<meta property=\"og:site_name\" content=\"Bellunopress - Dolomiti\" \/>\n<meta property=\"article:publisher\" content=\"https:\/\/www.facebook.com\/profile.php?id=100008943462799\" \/>\n<meta property=\"article:published_time\" content=\"2026-04-23T05:10:34+00:00\" \/>\n<meta property=\"og:image\" content=\"https:\/\/www.bellunopress.it\/wp-content\/uploads\/2020\/03\/Lorraine_Berton_edited.jpg\" \/>\n\t<meta property=\"og:image:width\" content=\"612\" \/>\n\t<meta property=\"og:image:height\" content=\"673\" \/>\n\t<meta property=\"og:image:type\" content=\"image\/jpeg\" \/>\n<meta name=\"author\" content=\"redazione\" \/>\n<meta name=\"twitter:card\" content=\"summary_large_image\" \/>\n<meta name=\"twitter:creator\" content=\"@bellunopress\" \/>\n<meta name=\"twitter:site\" content=\"@bellunopress\" \/>\n<meta name=\"twitter:label1\" content=\"\u00c9crit par\" \/>\n\t<meta name=\"twitter:data1\" content=\"redazione\" \/>\n\t<meta name=\"twitter:label2\" content=\"Dur\u00e9e de lecture estim\u00e9e\" \/>\n\t<meta name=\"twitter:data2\" content=\"3 minutes\" \/>\n<script type=\"application\/ld+json\" class=\"yoast-schema-graph\">{\"@context\":\"https:\\\/\\\/schema.org\",\"@graph\":[{\"@type\":\"Article\",\"@id\":\"https:\\\/\\\/www.bellunopress.it\\\/2026\\\/04\\\/23\\\/costi-energia-berton-e-da-canal-confindustria-le-dolomiti-rischiano-di-fermarsi\\\/#article\",\"isPartOf\":{\"@id\":\"https:\\\/\\\/www.bellunopress.it\\\/2026\\\/04\\\/23\\\/costi-energia-berton-e-da-canal-confindustria-le-dolomiti-rischiano-di-fermarsi\\\/\"},\"author\":{\"name\":\"redazione\",\"@id\":\"https:\\\/\\\/www.bellunopress.it\\\/#\\\/schema\\\/person\\\/79bb06722b37ece1c03d3e94beb30d73\"},\"headline\":\"Costi energia. Berton e Da Canal (Confindustria): le Dolomiti rischiano di fermarsi\",\"datePublished\":\"2026-04-23T05:10:34+00:00\",\"mainEntityOfPage\":{\"@id\":\"https:\\\/\\\/www.bellunopress.it\\\/2026\\\/04\\\/23\\\/costi-energia-berton-e-da-canal-confindustria-le-dolomiti-rischiano-di-fermarsi\\\/\"},\"wordCount\":601,\"publisher\":{\"@id\":\"https:\\\/\\\/www.bellunopress.it\\\/#organization\"},\"image\":{\"@id\":\"https:\\\/\\\/www.bellunopress.it\\\/2026\\\/04\\\/23\\\/costi-energia-berton-e-da-canal-confindustria-le-dolomiti-rischiano-di-fermarsi\\\/#primaryimage\"},\"thumbnailUrl\":\"https:\\\/\\\/www.bellunopress.it\\\/wp-content\\\/uploads\\\/2020\\\/03\\\/Lorraine_Berton_edited.jpg\",\"articleSection\":[\"Lavoro, Economia, Turismo\",\"Prima Pagina\"],\"inLanguage\":\"fr-FR\"},{\"@type\":\"WebPage\",\"@id\":\"https:\\\/\\\/www.bellunopress.it\\\/2026\\\/04\\\/23\\\/costi-energia-berton-e-da-canal-confindustria-le-dolomiti-rischiano-di-fermarsi\\\/\",\"url\":\"https:\\\/\\\/www.bellunopress.it\\\/2026\\\/04\\\/23\\\/costi-energia-berton-e-da-canal-confindustria-le-dolomiti-rischiano-di-fermarsi\\\/\",\"name\":\"Costi energia. Berton e Da Canal (Confindustria): le Dolomiti rischiano di fermarsi - Bellunopress - Dolomiti\",\"isPartOf\":{\"@id\":\"https:\\\/\\\/www.bellunopress.it\\\/#website\"},\"primaryImageOfPage\":{\"@id\":\"https:\\\/\\\/www.bellunopress.it\\\/2026\\\/04\\\/23\\\/costi-energia-berton-e-da-canal-confindustria-le-dolomiti-rischiano-di-fermarsi\\\/#primaryimage\"},\"image\":{\"@id\":\"https:\\\/\\\/www.bellunopress.it\\\/2026\\\/04\\\/23\\\/costi-energia-berton-e-da-canal-confindustria-le-dolomiti-rischiano-di-fermarsi\\\/#primaryimage\"},\"thumbnailUrl\":\"https:\\\/\\\/www.bellunopress.it\\\/wp-content\\\/uploads\\\/2020\\\/03\\\/Lorraine_Berton_edited.jpg\",\"datePublished\":\"2026-04-23T05:10:34+00:00\",\"breadcrumb\":{\"@id\":\"https:\\\/\\\/www.bellunopress.it\\\/2026\\\/04\\\/23\\\/costi-energia-berton-e-da-canal-confindustria-le-dolomiti-rischiano-di-fermarsi\\\/#breadcrumb\"},\"inLanguage\":\"fr-FR\",\"potentialAction\":[{\"@type\":\"ReadAction\",\"target\":[\"https:\\\/\\\/www.bellunopress.it\\\/2026\\\/04\\\/23\\\/costi-energia-berton-e-da-canal-confindustria-le-dolomiti-rischiano-di-fermarsi\\\/\"]}]},{\"@type\":\"ImageObject\",\"inLanguage\":\"fr-FR\",\"@id\":\"https:\\\/\\\/www.bellunopress.it\\\/2026\\\/04\\\/23\\\/costi-energia-berton-e-da-canal-confindustria-le-dolomiti-rischiano-di-fermarsi\\\/#primaryimage\",\"url\":\"https:\\\/\\\/www.bellunopress.it\\\/wp-content\\\/uploads\\\/2020\\\/03\\\/Lorraine_Berton_edited.jpg\",\"contentUrl\":\"https:\\\/\\\/www.bellunopress.it\\\/wp-content\\\/uploads\\\/2020\\\/03\\\/Lorraine_Berton_edited.jpg\",\"width\":612,\"height\":673,\"caption\":\"Lorraine Berton - Presidente di MIDO, ANFAO e Confindustria Belluno Dolomiti\"},{\"@type\":\"BreadcrumbList\",\"@id\":\"https:\\\/\\\/www.bellunopress.it\\\/2026\\\/04\\\/23\\\/costi-energia-berton-e-da-canal-confindustria-le-dolomiti-rischiano-di-fermarsi\\\/#breadcrumb\",\"itemListElement\":[{\"@type\":\"ListItem\",\"position\":1,\"name\":\"Home\",\"item\":\"https:\\\/\\\/www.bellunopress.it\\\/\"},{\"@type\":\"ListItem\",\"position\":2,\"name\":\"Costi energia. Berton e Da Canal (Confindustria): le Dolomiti rischiano di fermarsi\"}]},{\"@type\":\"WebSite\",\"@id\":\"https:\\\/\\\/www.bellunopress.it\\\/#website\",\"url\":\"https:\\\/\\\/www.bellunopress.it\\\/\",\"name\":\"Bellunopress - Dolomiti\",\"description\":\"e-mail: redazione@bellunopress.it\",\"publisher\":{\"@id\":\"https:\\\/\\\/www.bellunopress.it\\\/#organization\"},\"potentialAction\":[{\"@type\":\"SearchAction\",\"target\":{\"@type\":\"EntryPoint\",\"urlTemplate\":\"https:\\\/\\\/www.bellunopress.it\\\/?s={search_term_string}\"},\"query-input\":{\"@type\":\"PropertyValueSpecification\",\"valueRequired\":true,\"valueName\":\"search_term_string\"}}],\"inLanguage\":\"fr-FR\"},{\"@type\":\"Organization\",\"@id\":\"https:\\\/\\\/www.bellunopress.it\\\/#organization\",\"name\":\"Bellunopress\",\"url\":\"https:\\\/\\\/www.bellunopress.it\\\/\",\"logo\":{\"@type\":\"ImageObject\",\"inLanguage\":\"fr-FR\",\"@id\":\"https:\\\/\\\/www.bellunopress.it\\\/#\\\/schema\\\/logo\\\/image\\\/\",\"url\":\"https:\\\/\\\/www.bellunopress.it\\\/wp-content\\\/uploads\\\/2011\\\/05\\\/cropped-logo-bellunopress-.jpg\",\"contentUrl\":\"https:\\\/\\\/www.bellunopress.it\\\/wp-content\\\/uploads\\\/2011\\\/05\\\/cropped-logo-bellunopress-.jpg\",\"width\":512,\"height\":512,\"caption\":\"Bellunopress\"},\"image\":{\"@id\":\"https:\\\/\\\/www.bellunopress.it\\\/#\\\/schema\\\/logo\\\/image\\\/\"},\"sameAs\":[\"https:\\\/\\\/www.facebook.com\\\/profile.php?id=100008943462799\",\"https:\\\/\\\/x.com\\\/bellunopress\",\"https:\\\/\\\/www.linkedin.com\\\/hp\\\/?dnr=JBzUWaJfMUw8vbXJJ2tVW5-I3jZKvC4wsoxE&amp;amp;amp;amp;amp;amp;trk=nav_responsive_tab_home\",\"https:\\\/\\\/www.youtube.com\\\/channel\\\/UCxL0wu1uN0_3_7hGG0306cw\"]},{\"@type\":\"Person\",\"@id\":\"https:\\\/\\\/www.bellunopress.it\\\/#\\\/schema\\\/person\\\/79bb06722b37ece1c03d3e94beb30d73\",\"name\":\"redazione\",\"image\":{\"@type\":\"ImageObject\",\"inLanguage\":\"fr-FR\",\"@id\":\"https:\\\/\\\/secure.gravatar.com\\\/avatar\\\/37d968a2e67a6fd04c169c4bdef102d0bc5d31b2546345219e348575eb80e9a0?s=96&d=mm&r=g\",\"url\":\"https:\\\/\\\/secure.gravatar.com\\\/avatar\\\/37d968a2e67a6fd04c169c4bdef102d0bc5d31b2546345219e348575eb80e9a0?s=96&d=mm&r=g\",\"contentUrl\":\"https:\\\/\\\/secure.gravatar.com\\\/avatar\\\/37d968a2e67a6fd04c169c4bdef102d0bc5d31b2546345219e348575eb80e9a0?s=96&d=mm&r=g\",\"caption\":\"redazione\"},\"sameAs\":[\"http:\\\/\\\/www.bellunopress.it\",\"https:\\\/\\\/x.com\\\/bellunopress\"],\"url\":\"https:\\\/\\\/www.bellunopress.it\\\/fr\\\/author\\\/redazione\\\/\"}]}<\/script>\n<!-- \/ Yoast SEO plugin. -->","yoast_head_json":{"title":"Costi energia. Berton e Da Canal (Confindustria): le Dolomiti rischiano di fermarsi - Bellunopress - Dolomiti","robots":{"index":"index","follow":"follow","max-snippet":"max-snippet:-1","max-image-preview":"max-image-preview:large","max-video-preview":"max-video-preview:-1"},"canonical":"https:\/\/www.bellunopress.it\/fr\/2026\/04\/23\/costi-energia-berton-e-da-canal-confindustria-le-dolomiti-rischiano-di-fermarsi\/","og_locale":"fr_FR","og_type":"article","og_title":"Costi energia. Berton e Da Canal (Confindustria): le Dolomiti rischiano di fermarsi - Bellunopress - Dolomiti","og_description":"Servono compensazioni vere, deroga al Patto di stabilit\u00e0, sospensione Ets Belluno, 23 aprile 2026 &#8211; \u201cIl Consiglio europeo \u2013 in programma nelle prossime ore a Nicosia \u2013 dovr\u00e0 affrontare con responsabilit\u00e0 e grande urgenza il nodo dei costi dell\u2019energia. Ci attendiamo una risposta all\u2019altezza della nostra manifattura, in grado di scongiurare il fermo del settore [&hellip;]","og_url":"https:\/\/www.bellunopress.it\/fr\/2026\/04\/23\/costi-energia-berton-e-da-canal-confindustria-le-dolomiti-rischiano-di-fermarsi\/","og_site_name":"Bellunopress - Dolomiti","article_publisher":"https:\/\/www.facebook.com\/profile.php?id=100008943462799","article_published_time":"2026-04-23T05:10:34+00:00","og_image":[{"width":612,"height":673,"url":"https:\/\/www.bellunopress.it\/wp-content\/uploads\/2020\/03\/Lorraine_Berton_edited.jpg","type":"image\/jpeg"}],"author":"redazione","twitter_card":"summary_large_image","twitter_creator":"@bellunopress","twitter_site":"@bellunopress","twitter_misc":{"\u00c9crit par":"redazione","Dur\u00e9e de lecture estim\u00e9e":"3 minutes"},"schema":{"@context":"https:\/\/schema.org","@graph":[{"@type":"Article","@id":"https:\/\/www.bellunopress.it\/2026\/04\/23\/costi-energia-berton-e-da-canal-confindustria-le-dolomiti-rischiano-di-fermarsi\/#article","isPartOf":{"@id":"https:\/\/www.bellunopress.it\/2026\/04\/23\/costi-energia-berton-e-da-canal-confindustria-le-dolomiti-rischiano-di-fermarsi\/"},"author":{"name":"redazione","@id":"https:\/\/www.bellunopress.it\/#\/schema\/person\/79bb06722b37ece1c03d3e94beb30d73"},"headline":"Costi energia. Berton e Da Canal (Confindustria): le Dolomiti rischiano di fermarsi","datePublished":"2026-04-23T05:10:34+00:00","mainEntityOfPage":{"@id":"https:\/\/www.bellunopress.it\/2026\/04\/23\/costi-energia-berton-e-da-canal-confindustria-le-dolomiti-rischiano-di-fermarsi\/"},"wordCount":601,"publisher":{"@id":"https:\/\/www.bellunopress.it\/#organization"},"image":{"@id":"https:\/\/www.bellunopress.it\/2026\/04\/23\/costi-energia-berton-e-da-canal-confindustria-le-dolomiti-rischiano-di-fermarsi\/#primaryimage"},"thumbnailUrl":"https:\/\/www.bellunopress.it\/wp-content\/uploads\/2020\/03\/Lorraine_Berton_edited.jpg","articleSection":["Lavoro, Economia, Turismo","Prima Pagina"],"inLanguage":"fr-FR"},{"@type":"WebPage","@id":"https:\/\/www.bellunopress.it\/2026\/04\/23\/costi-energia-berton-e-da-canal-confindustria-le-dolomiti-rischiano-di-fermarsi\/","url":"https:\/\/www.bellunopress.it\/2026\/04\/23\/costi-energia-berton-e-da-canal-confindustria-le-dolomiti-rischiano-di-fermarsi\/","name":"Costi energia. Berton e Da Canal (Confindustria): le Dolomiti rischiano di fermarsi - Bellunopress - Dolomiti","isPartOf":{"@id":"https:\/\/www.bellunopress.it\/#website"},"primaryImageOfPage":{"@id":"https:\/\/www.bellunopress.it\/2026\/04\/23\/costi-energia-berton-e-da-canal-confindustria-le-dolomiti-rischiano-di-fermarsi\/#primaryimage"},"image":{"@id":"https:\/\/www.bellunopress.it\/2026\/04\/23\/costi-energia-berton-e-da-canal-confindustria-le-dolomiti-rischiano-di-fermarsi\/#primaryimage"},"thumbnailUrl":"https:\/\/www.bellunopress.it\/wp-content\/uploads\/2020\/03\/Lorraine_Berton_edited.jpg","datePublished":"2026-04-23T05:10:34+00:00","breadcrumb":{"@id":"https:\/\/www.bellunopress.it\/2026\/04\/23\/costi-energia-berton-e-da-canal-confindustria-le-dolomiti-rischiano-di-fermarsi\/#breadcrumb"},"inLanguage":"fr-FR","potentialAction":[{"@type":"ReadAction","target":["https:\/\/www.bellunopress.it\/2026\/04\/23\/costi-energia-berton-e-da-canal-confindustria-le-dolomiti-rischiano-di-fermarsi\/"]}]},{"@type":"ImageObject","inLanguage":"fr-FR","@id":"https:\/\/www.bellunopress.it\/2026\/04\/23\/costi-energia-berton-e-da-canal-confindustria-le-dolomiti-rischiano-di-fermarsi\/#primaryimage","url":"https:\/\/www.bellunopress.it\/wp-content\/uploads\/2020\/03\/Lorraine_Berton_edited.jpg","contentUrl":"https:\/\/www.bellunopress.it\/wp-content\/uploads\/2020\/03\/Lorraine_Berton_edited.jpg","width":612,"height":673,"caption":"Lorraine Berton - Presidente di MIDO, ANFAO e Confindustria Belluno Dolomiti"},{"@type":"BreadcrumbList","@id":"https:\/\/www.bellunopress.it\/2026\/04\/23\/costi-energia-berton-e-da-canal-confindustria-le-dolomiti-rischiano-di-fermarsi\/#breadcrumb","itemListElement":[{"@type":"ListItem","position":1,"name":"Home","item":"https:\/\/www.bellunopress.it\/"},{"@type":"ListItem","position":2,"name":"Costi energia. Berton e Da Canal (Confindustria): le Dolomiti rischiano di fermarsi"}]},{"@type":"WebSite","@id":"https:\/\/www.bellunopress.it\/#website","url":"https:\/\/www.bellunopress.it\/","name":"Bellunopress - Dolomiti","description":"e-mail: redazione@bellunopress.it","publisher":{"@id":"https:\/\/www.bellunopress.it\/#organization"},"potentialAction":[{"@type":"SearchAction","target":{"@type":"EntryPoint","urlTemplate":"https:\/\/www.bellunopress.it\/?s={search_term_string}"},"query-input":{"@type":"PropertyValueSpecification","valueRequired":true,"valueName":"search_term_string"}}],"inLanguage":"fr-FR"},{"@type":"Organization","@id":"https:\/\/www.bellunopress.it\/#organization","name":"Bellunopress","url":"https:\/\/www.bellunopress.it\/","logo":{"@type":"ImageObject","inLanguage":"fr-FR","@id":"https:\/\/www.bellunopress.it\/#\/schema\/logo\/image\/","url":"https:\/\/www.bellunopress.it\/wp-content\/uploads\/2011\/05\/cropped-logo-bellunopress-.jpg","contentUrl":"https:\/\/www.bellunopress.it\/wp-content\/uploads\/2011\/05\/cropped-logo-bellunopress-.jpg","width":512,"height":512,"caption":"Bellunopress"},"image":{"@id":"https:\/\/www.bellunopress.it\/#\/schema\/logo\/image\/"},"sameAs":["https:\/\/www.facebook.com\/profile.php?id=100008943462799","https:\/\/x.com\/bellunopress","https:\/\/www.linkedin.com\/hp\/?dnr=JBzUWaJfMUw8vbXJJ2tVW5-I3jZKvC4wsoxE&amp;amp;amp;amp;amp;amp;trk=nav_responsive_tab_home","https:\/\/www.youtube.com\/channel\/UCxL0wu1uN0_3_7hGG0306cw"]},{"@type":"Person","@id":"https:\/\/www.bellunopress.it\/#\/schema\/person\/79bb06722b37ece1c03d3e94beb30d73","name":"r\u00e9daction","image":{"@type":"ImageObject","inLanguage":"fr-FR","@id":"https:\/\/secure.gravatar.com\/avatar\/37d968a2e67a6fd04c169c4bdef102d0bc5d31b2546345219e348575eb80e9a0?s=96&d=mm&r=g","url":"https:\/\/secure.gravatar.com\/avatar\/37d968a2e67a6fd04c169c4bdef102d0bc5d31b2546345219e348575eb80e9a0?s=96&d=mm&r=g","contentUrl":"https:\/\/secure.gravatar.com\/avatar\/37d968a2e67a6fd04c169c4bdef102d0bc5d31b2546345219e348575eb80e9a0?s=96&d=mm&r=g","caption":"redazione"},"sameAs":["http:\/\/www.bellunopress.it","https:\/\/x.com\/bellunopress"],"url":"https:\/\/www.bellunopress.it\/fr\/author\/redazione\/"}]}},"_links":{"self":[{"href":"https:\/\/www.bellunopress.it\/fr\/wp-json\/wp\/v2\/posts\/169406","targetHints":{"allow":["GET"]}}],"collection":[{"href":"https:\/\/www.bellunopress.it\/fr\/wp-json\/wp\/v2\/posts"}],"about":[{"href":"https:\/\/www.bellunopress.it\/fr\/wp-json\/wp\/v2\/types\/post"}],"author":[{"embeddable":true,"href":"https:\/\/www.bellunopress.it\/fr\/wp-json\/wp\/v2\/users\/2"}],"replies":[{"embeddable":true,"href":"https:\/\/www.bellunopress.it\/fr\/wp-json\/wp\/v2\/comments?post=169406"}],"version-history":[{"count":1,"href":"https:\/\/www.bellunopress.it\/fr\/wp-json\/wp\/v2\/posts\/169406\/revisions"}],"predecessor-version":[{"id":169407,"href":"https:\/\/www.bellunopress.it\/fr\/wp-json\/wp\/v2\/posts\/169406\/revisions\/169407"}],"wp:featuredmedia":[{"embeddable":true,"href":"https:\/\/www.bellunopress.it\/fr\/wp-json\/wp\/v2\/media\/113249"}],"wp:attachment":[{"href":"https:\/\/www.bellunopress.it\/fr\/wp-json\/wp\/v2\/media?parent=169406"}],"wp:term":[{"taxonomy":"category","embeddable":true,"href":"https:\/\/www.bellunopress.it\/fr\/wp-json\/wp\/v2\/categories?post=169406"},{"taxonomy":"post_tag","embeddable":true,"href":"https:\/\/www.bellunopress.it\/fr\/wp-json\/wp\/v2\/tags?post=169406"}],"curies":[{"name":"wp","href":"https:\/\/api.w.org\/{rel}","templated":true}]}}