{"id":169388,"date":"2026-04-27T11:25:29","date_gmt":"2026-04-27T09:25:29","guid":{"rendered":"https:\/\/www.bellunopress.it\/?p=169388"},"modified":"2026-04-22T18:37:14","modified_gmt":"2026-04-22T16:37:14","slug":"capitol-underground-fest-2026-giovedi-a-pordenone","status":"publish","type":"post","link":"https:\/\/www.bellunopress.it\/fr\/2026\/04\/27\/capitol-underground-fest-2026-giovedi-a-pordenone\/","title":{"rendered":"Capitol Underground Fest 2026. Gioved\u00ec a Pordenone"},"content":{"rendered":"<p><strong>L&#8217;appuntamento di riferimento per la musica underground. Ingresso gratuito senza prenotazione. \u00a0Gioved\u00ec 30 aprile al Capitol di Pordenone via Mazzini n.60 dalle 19:30<\/strong><\/p>\n<p>Gioved\u00ec 30 aprile torna a Pordenone il Capitol Underground Fest, appuntamento ormai di riferimento per gli amanti della musica underground nel territorio.<br \/>\nL&#8217;evento, ospitato al Capitol di Pordenone, promette anche quest&#8217;anno una serata all&#8217;insegna dell&#8217;energia, della scoperta e della libert\u00e0 espressiva, con ingresso gratuito.<\/p>\n<p>Giunto alla terza edizione, raggiungendo un sempre maggiore interesse da parte del pubblico, il Capitol Underground Fest si conferma come uno spazio autentico dedicato alla musica lontana dai circuiti mainstream, dove trovano voce progetti originali e sonorit\u00e0 non convenzionali. Un&#8217;occasione per vivere la musica dal vivo nella sua forma pi\u00f9 diretta e senza compromessi.<br \/>\nLa line up di questa edizione propone quattro realt\u00e0 emergenti capaci di spaziare tra generi e influenze molto diverse tra loro:<br \/>\nAd aprire la serata saranno i Novadelica, un progetto che propone un alternative pop raffinato arricchito da influenze jazz, funky e R&amp;B. Le loro composizioni creano atmosfere fresche e sognanti, tra ironia e introspezione, raccontando la quotidianit\u00e0 contemporanea con uno sguardo originale.<br \/>\nSeguiranno i Monoloon, band alt-rock nata a Pordenone nel 2023. Il loro stile poliedrico unisce elementi contrastanti \u2014 dolcezza e tensione, quiete e irruenza \u2014 dando vita a un sound che attraversa generi come grunge, funky, ambient e shoegaze. Attualmente sono al lavoro sul loro primo album, con due singoli previsti per la seconda met\u00e0 del 2026.<br \/>\nSpazio poi ai Voodoo Grave, un progetto che fonde garage e stoner in un&#8217;esperienza sonora intensa e viscerale, capace di coinvolgere il pubblico in un rituale potente e ipnotico.<br \/>\nChiuderanno la serata i Bowie, band metallic hardcore nata a Udine nel 2023. Il loro sound \u00e8 caratterizzato da un impatto sonoro aggressivo e diretto, influenzato da gruppi come END, Sunami e Nails. Dopo l&#8217;EP di debutto Kindness (2023) e l&#8217;album God Escaped to the Great Outdoors (2025), la band continua a distinguersi per la sua energia travolgente dal vivo.<br \/>\nIl Capitol Underground Fest \u00e8 un appuntamento imperdibile per chi desidera scoprire nuove sonorit\u00e0 e vivere la musica in modo autentico, in un contesto libero da logiche commerciali e aperto alla sperimentazione.<\/p>\n<p>Dalle ore 19:30 alle ore 20:30 si terr\u00e0 un incontro aperto al pubblico con lo storico organizzatore di concerti Francesco Gianelli il quale ripercorrer\u00e0 la storia dei concerti di artisti internazionali tenutisi a Pordenone, portando la citt\u00e0 ad essere la capitale musicale del Triveneto del tempo. Un modo per ricollegare la citt\u00e0 con i giovanissimi musicisti locali nel tentativo di ricreare il fermento che Pordenone ha sempre avuto nell&#8217;ambito musicale.<\/p>\n<p>Capitol Underground fa parte di un pi\u00f9 ampio progetto: CLASH, progetto ideato e curato dal Capitol, il cui fine \u00e8 supportare giovani musicisti emergenti e formare futuri organizzatori.<br \/>\nTutto nasce da una domanda e dalla volont\u00e0 di dare spazio alle nuove generazioni: Cosa ha scatenato la nascita del Great Complotto e cosa ha partorito il movimento sociale e musicale pi\u00f9 noto di Pordenone ma non solo?<\/p>\n<p>CLASH \u00e8 l&#8217;incontro tra il passato e il futuro, un passaggio di testimone alle nuove generazioni. CLASH prevede concerti di gruppi musicali dei primissimi anni 70, che hanno segnato la storia della musica, e serate dedicate ai giovani musicisti under 30 della regione. La direzione artistica e l&#8217;organizzazione dei concerti \u00e8 affidata agli stessi ragazzi organizzatori del Capitol Underground, dando cos\u00ec loro la possibilit\u00e0 di conoscere il mondo dell&#8217;organizzazione musicale supportati da dei professionisti, aiutati cos\u00ec ad affrontare i primi passi di una possibile carriera.<\/p>\n<p>Si parla e si parler\u00e0 sempre di The Great Complotto, movimento fondamentale ma non si parla di cosa ha innescato quel movimento e quello che sarebbe necessario fare oggi per continuare questa lunga tradizione. Il Great Complotto nasce grazie a importanti concerti ospitati da organizzatori di eventi del pordenonese in regione. Roxy Music, Soft Machine, Banco, America, Frank Zappa sono solo alcuni degli artisti ospitati in citt\u00e0 negli anni &#8217;70. Il Capitol con il progetto CLASH vuole ripercorrere quell&#8217;epoca ospitando alcuni degli artisti e organizzatori dell&#8217;epoca e farli incontrare ai musicisti locali under 30.<\/p>\n<p>&nbsp;<\/p>","protected":false},"excerpt":{"rendered":"<p>L&#8217;appuntamento di riferimento per la musica underground. Ingresso gratuito senza prenotazione. \u00a0Gioved\u00ec 30 aprile al Capitol di Pordenone via Mazzini n.60 dalle 19:30 Gioved\u00ec 30 aprile torna a Pordenone il Capitol Underground Fest, appuntamento ormai di riferimento per gli amanti della musica underground nel territorio. L&#8217;evento, ospitato al Capitol di Pordenone, promette anche quest&#8217;anno una [&hellip;]<\/p>\n","protected":false},"author":2,"featured_media":169389,"comment_status":"closed","ping_status":"open","sticky":false,"template":"","format":"standard","meta":{"footnotes":""},"categories":[3394,25],"tags":[],"class_list":["post-169388","post","type-post","status-publish","format-standard","has-post-thumbnail","category-cultura-e-spettacoli-fuori-provincia","category-pausa-caffe"],"yoast_head":"<!-- This site is optimized with the Yoast SEO plugin v28.4 - https:\/\/yoast.com\/product\/yoast-seo-wordpress\/ -->\n<title>Capitol Underground Fest 2026. Gioved\u00ec a Pordenone - Bellunopress - Dolomiti<\/title>\n<meta name=\"robots\" content=\"index, follow, max-snippet:-1, max-image-preview:large, max-video-preview:-1\" \/>\n<link rel=\"canonical\" href=\"https:\/\/www.bellunopress.it\/fr\/2026\/04\/27\/capitol-underground-fest-2026-giovedi-a-pordenone\/\" \/>\n<meta property=\"og:locale\" content=\"fr_FR\" \/>\n<meta property=\"og:type\" content=\"article\" \/>\n<meta property=\"og:title\" content=\"Capitol Underground Fest 2026. Gioved\u00ec a Pordenone - Bellunopress - Dolomiti\" \/>\n<meta property=\"og:description\" content=\"L&#8217;appuntamento di riferimento per la musica underground. Ingresso gratuito senza prenotazione. \u00a0Gioved\u00ec 30 aprile al Capitol di Pordenone via Mazzini n.60 dalle 19:30 Gioved\u00ec 30 aprile torna a Pordenone il Capitol Underground Fest, appuntamento ormai di riferimento per gli amanti della musica underground nel territorio. L&#8217;evento, ospitato al Capitol di Pordenone, promette anche quest&#8217;anno una [&hellip;]\" \/>\n<meta property=\"og:url\" content=\"https:\/\/www.bellunopress.it\/fr\/2026\/04\/27\/capitol-underground-fest-2026-giovedi-a-pordenone\/\" \/>\n<meta property=\"og:site_name\" content=\"Bellunopress - Dolomiti\" \/>\n<meta property=\"article:publisher\" content=\"https:\/\/www.facebook.com\/profile.php?id=100008943462799\" \/>\n<meta property=\"article:published_time\" content=\"2026-04-27T09:25:29+00:00\" \/>\n<meta property=\"og:image\" content=\"https:\/\/www.bellunopress.it\/wp-content\/uploads\/2026\/04\/Capitol-Underground-Fest.jpeg\" \/>\n\t<meta property=\"og:image:width\" content=\"500\" \/>\n\t<meta property=\"og:image:height\" content=\"500\" \/>\n\t<meta property=\"og:image:type\" content=\"image\/jpeg\" \/>\n<meta name=\"author\" content=\"redazione\" \/>\n<meta name=\"twitter:card\" content=\"summary_large_image\" \/>\n<meta name=\"twitter:creator\" content=\"@bellunopress\" \/>\n<meta name=\"twitter:site\" content=\"@bellunopress\" \/>\n<meta name=\"twitter:label1\" content=\"\u00c9crit par\" \/>\n\t<meta name=\"twitter:data1\" content=\"redazione\" \/>\n\t<meta name=\"twitter:label2\" content=\"Dur\u00e9e de lecture estim\u00e9e\" \/>\n\t<meta name=\"twitter:data2\" content=\"3 minutes\" \/>\n<script type=\"application\/ld+json\" class=\"yoast-schema-graph\">{\"@context\":\"https:\\\/\\\/schema.org\",\"@graph\":[{\"@type\":\"Article\",\"@id\":\"https:\\\/\\\/www.bellunopress.it\\\/2026\\\/04\\\/27\\\/capitol-underground-fest-2026-giovedi-a-pordenone\\\/#article\",\"isPartOf\":{\"@id\":\"https:\\\/\\\/www.bellunopress.it\\\/2026\\\/04\\\/27\\\/capitol-underground-fest-2026-giovedi-a-pordenone\\\/\"},\"author\":{\"name\":\"redazione\",\"@id\":\"https:\\\/\\\/www.bellunopress.it\\\/#\\\/schema\\\/person\\\/79bb06722b37ece1c03d3e94beb30d73\"},\"headline\":\"Capitol Underground Fest 2026. Gioved\u00ec a Pordenone\",\"datePublished\":\"2026-04-27T09:25:29+00:00\",\"mainEntityOfPage\":{\"@id\":\"https:\\\/\\\/www.bellunopress.it\\\/2026\\\/04\\\/27\\\/capitol-underground-fest-2026-giovedi-a-pordenone\\\/\"},\"wordCount\":680,\"publisher\":{\"@id\":\"https:\\\/\\\/www.bellunopress.it\\\/#organization\"},\"image\":{\"@id\":\"https:\\\/\\\/www.bellunopress.it\\\/2026\\\/04\\\/27\\\/capitol-underground-fest-2026-giovedi-a-pordenone\\\/#primaryimage\"},\"thumbnailUrl\":\"https:\\\/\\\/www.bellunopress.it\\\/wp-content\\\/uploads\\\/2026\\\/04\\\/Capitol-Underground-Fest.jpeg\",\"articleSection\":[\"Cultura e spettacoli, tempo libero, benessere, fuori provincia\",\"Pausa Caff\u00e8\"],\"inLanguage\":\"fr-FR\"},{\"@type\":\"WebPage\",\"@id\":\"https:\\\/\\\/www.bellunopress.it\\\/2026\\\/04\\\/27\\\/capitol-underground-fest-2026-giovedi-a-pordenone\\\/\",\"url\":\"https:\\\/\\\/www.bellunopress.it\\\/2026\\\/04\\\/27\\\/capitol-underground-fest-2026-giovedi-a-pordenone\\\/\",\"name\":\"Capitol Underground Fest 2026. Gioved\u00ec a Pordenone - Bellunopress - Dolomiti\",\"isPartOf\":{\"@id\":\"https:\\\/\\\/www.bellunopress.it\\\/#website\"},\"primaryImageOfPage\":{\"@id\":\"https:\\\/\\\/www.bellunopress.it\\\/2026\\\/04\\\/27\\\/capitol-underground-fest-2026-giovedi-a-pordenone\\\/#primaryimage\"},\"image\":{\"@id\":\"https:\\\/\\\/www.bellunopress.it\\\/2026\\\/04\\\/27\\\/capitol-underground-fest-2026-giovedi-a-pordenone\\\/#primaryimage\"},\"thumbnailUrl\":\"https:\\\/\\\/www.bellunopress.it\\\/wp-content\\\/uploads\\\/2026\\\/04\\\/Capitol-Underground-Fest.jpeg\",\"datePublished\":\"2026-04-27T09:25:29+00:00\",\"breadcrumb\":{\"@id\":\"https:\\\/\\\/www.bellunopress.it\\\/2026\\\/04\\\/27\\\/capitol-underground-fest-2026-giovedi-a-pordenone\\\/#breadcrumb\"},\"inLanguage\":\"fr-FR\",\"potentialAction\":[{\"@type\":\"ReadAction\",\"target\":[\"https:\\\/\\\/www.bellunopress.it\\\/2026\\\/04\\\/27\\\/capitol-underground-fest-2026-giovedi-a-pordenone\\\/\"]}]},{\"@type\":\"ImageObject\",\"inLanguage\":\"fr-FR\",\"@id\":\"https:\\\/\\\/www.bellunopress.it\\\/2026\\\/04\\\/27\\\/capitol-underground-fest-2026-giovedi-a-pordenone\\\/#primaryimage\",\"url\":\"https:\\\/\\\/www.bellunopress.it\\\/wp-content\\\/uploads\\\/2026\\\/04\\\/Capitol-Underground-Fest.jpeg\",\"contentUrl\":\"https:\\\/\\\/www.bellunopress.it\\\/wp-content\\\/uploads\\\/2026\\\/04\\\/Capitol-Underground-Fest.jpeg\",\"width\":500,\"height\":500},{\"@type\":\"BreadcrumbList\",\"@id\":\"https:\\\/\\\/www.bellunopress.it\\\/2026\\\/04\\\/27\\\/capitol-underground-fest-2026-giovedi-a-pordenone\\\/#breadcrumb\",\"itemListElement\":[{\"@type\":\"ListItem\",\"position\":1,\"name\":\"Home\",\"item\":\"https:\\\/\\\/www.bellunopress.it\\\/\"},{\"@type\":\"ListItem\",\"position\":2,\"name\":\"Capitol Underground Fest 2026. Gioved\u00ec a Pordenone\"}]},{\"@type\":\"WebSite\",\"@id\":\"https:\\\/\\\/www.bellunopress.it\\\/#website\",\"url\":\"https:\\\/\\\/www.bellunopress.it\\\/\",\"name\":\"Bellunopress - Dolomiti\",\"description\":\"e-mail: redazione@bellunopress.it\",\"publisher\":{\"@id\":\"https:\\\/\\\/www.bellunopress.it\\\/#organization\"},\"potentialAction\":[{\"@type\":\"SearchAction\",\"target\":{\"@type\":\"EntryPoint\",\"urlTemplate\":\"https:\\\/\\\/www.bellunopress.it\\\/?s={search_term_string}\"},\"query-input\":{\"@type\":\"PropertyValueSpecification\",\"valueRequired\":true,\"valueName\":\"search_term_string\"}}],\"inLanguage\":\"fr-FR\"},{\"@type\":\"Organization\",\"@id\":\"https:\\\/\\\/www.bellunopress.it\\\/#organization\",\"name\":\"Bellunopress\",\"url\":\"https:\\\/\\\/www.bellunopress.it\\\/\",\"logo\":{\"@type\":\"ImageObject\",\"inLanguage\":\"fr-FR\",\"@id\":\"https:\\\/\\\/www.bellunopress.it\\\/#\\\/schema\\\/logo\\\/image\\\/\",\"url\":\"https:\\\/\\\/www.bellunopress.it\\\/wp-content\\\/uploads\\\/2011\\\/05\\\/cropped-logo-bellunopress-.jpg\",\"contentUrl\":\"https:\\\/\\\/www.bellunopress.it\\\/wp-content\\\/uploads\\\/2011\\\/05\\\/cropped-logo-bellunopress-.jpg\",\"width\":512,\"height\":512,\"caption\":\"Bellunopress\"},\"image\":{\"@id\":\"https:\\\/\\\/www.bellunopress.it\\\/#\\\/schema\\\/logo\\\/image\\\/\"},\"sameAs\":[\"https:\\\/\\\/www.facebook.com\\\/profile.php?id=100008943462799\",\"https:\\\/\\\/x.com\\\/bellunopress\",\"https:\\\/\\\/www.linkedin.com\\\/hp\\\/?dnr=JBzUWaJfMUw8vbXJJ2tVW5-I3jZKvC4wsoxE&amp;amp;amp;amp;amp;amp;trk=nav_responsive_tab_home\",\"https:\\\/\\\/www.youtube.com\\\/channel\\\/UCxL0wu1uN0_3_7hGG0306cw\"]},{\"@type\":\"Person\",\"@id\":\"https:\\\/\\\/www.bellunopress.it\\\/#\\\/schema\\\/person\\\/79bb06722b37ece1c03d3e94beb30d73\",\"name\":\"redazione\",\"image\":{\"@type\":\"ImageObject\",\"inLanguage\":\"fr-FR\",\"@id\":\"https:\\\/\\\/secure.gravatar.com\\\/avatar\\\/37d968a2e67a6fd04c169c4bdef102d0bc5d31b2546345219e348575eb80e9a0?s=96&d=mm&r=g\",\"url\":\"https:\\\/\\\/secure.gravatar.com\\\/avatar\\\/37d968a2e67a6fd04c169c4bdef102d0bc5d31b2546345219e348575eb80e9a0?s=96&d=mm&r=g\",\"contentUrl\":\"https:\\\/\\\/secure.gravatar.com\\\/avatar\\\/37d968a2e67a6fd04c169c4bdef102d0bc5d31b2546345219e348575eb80e9a0?s=96&d=mm&r=g\",\"caption\":\"redazione\"},\"sameAs\":[\"http:\\\/\\\/www.bellunopress.it\",\"https:\\\/\\\/x.com\\\/bellunopress\"],\"url\":\"https:\\\/\\\/www.bellunopress.it\\\/fr\\\/author\\\/redazione\\\/\"}]}<\/script>\n<!-- \/ Yoast SEO plugin. -->","yoast_head_json":{"title":"Capitol Underground Fest 2026. Gioved\u00ec a Pordenone - Bellunopress - Dolomiti","robots":{"index":"index","follow":"follow","max-snippet":"max-snippet:-1","max-image-preview":"max-image-preview:large","max-video-preview":"max-video-preview:-1"},"canonical":"https:\/\/www.bellunopress.it\/fr\/2026\/04\/27\/capitol-underground-fest-2026-giovedi-a-pordenone\/","og_locale":"fr_FR","og_type":"article","og_title":"Capitol Underground Fest 2026. Gioved\u00ec a Pordenone - Bellunopress - Dolomiti","og_description":"L&#8217;appuntamento di riferimento per la musica underground. Ingresso gratuito senza prenotazione. \u00a0Gioved\u00ec 30 aprile al Capitol di Pordenone via Mazzini n.60 dalle 19:30 Gioved\u00ec 30 aprile torna a Pordenone il Capitol Underground Fest, appuntamento ormai di riferimento per gli amanti della musica underground nel territorio. L&#8217;evento, ospitato al Capitol di Pordenone, promette anche quest&#8217;anno una [&hellip;]","og_url":"https:\/\/www.bellunopress.it\/fr\/2026\/04\/27\/capitol-underground-fest-2026-giovedi-a-pordenone\/","og_site_name":"Bellunopress - Dolomiti","article_publisher":"https:\/\/www.facebook.com\/profile.php?id=100008943462799","article_published_time":"2026-04-27T09:25:29+00:00","og_image":[{"width":500,"height":500,"url":"https:\/\/www.bellunopress.it\/wp-content\/uploads\/2026\/04\/Capitol-Underground-Fest.jpeg","type":"image\/jpeg"}],"author":"redazione","twitter_card":"summary_large_image","twitter_creator":"@bellunopress","twitter_site":"@bellunopress","twitter_misc":{"\u00c9crit par":"redazione","Dur\u00e9e de lecture estim\u00e9e":"3 minutes"},"schema":{"@context":"https:\/\/schema.org","@graph":[{"@type":"Article","@id":"https:\/\/www.bellunopress.it\/2026\/04\/27\/capitol-underground-fest-2026-giovedi-a-pordenone\/#article","isPartOf":{"@id":"https:\/\/www.bellunopress.it\/2026\/04\/27\/capitol-underground-fest-2026-giovedi-a-pordenone\/"},"author":{"name":"redazione","@id":"https:\/\/www.bellunopress.it\/#\/schema\/person\/79bb06722b37ece1c03d3e94beb30d73"},"headline":"Capitol Underground Fest 2026. Gioved\u00ec a Pordenone","datePublished":"2026-04-27T09:25:29+00:00","mainEntityOfPage":{"@id":"https:\/\/www.bellunopress.it\/2026\/04\/27\/capitol-underground-fest-2026-giovedi-a-pordenone\/"},"wordCount":680,"publisher":{"@id":"https:\/\/www.bellunopress.it\/#organization"},"image":{"@id":"https:\/\/www.bellunopress.it\/2026\/04\/27\/capitol-underground-fest-2026-giovedi-a-pordenone\/#primaryimage"},"thumbnailUrl":"https:\/\/www.bellunopress.it\/wp-content\/uploads\/2026\/04\/Capitol-Underground-Fest.jpeg","articleSection":["Cultura e spettacoli, tempo libero, benessere, fuori provincia","Pausa Caff\u00e8"],"inLanguage":"fr-FR"},{"@type":"WebPage","@id":"https:\/\/www.bellunopress.it\/2026\/04\/27\/capitol-underground-fest-2026-giovedi-a-pordenone\/","url":"https:\/\/www.bellunopress.it\/2026\/04\/27\/capitol-underground-fest-2026-giovedi-a-pordenone\/","name":"Capitol Underground Fest 2026. Gioved\u00ec a Pordenone - Bellunopress - Dolomiti","isPartOf":{"@id":"https:\/\/www.bellunopress.it\/#website"},"primaryImageOfPage":{"@id":"https:\/\/www.bellunopress.it\/2026\/04\/27\/capitol-underground-fest-2026-giovedi-a-pordenone\/#primaryimage"},"image":{"@id":"https:\/\/www.bellunopress.it\/2026\/04\/27\/capitol-underground-fest-2026-giovedi-a-pordenone\/#primaryimage"},"thumbnailUrl":"https:\/\/www.bellunopress.it\/wp-content\/uploads\/2026\/04\/Capitol-Underground-Fest.jpeg","datePublished":"2026-04-27T09:25:29+00:00","breadcrumb":{"@id":"https:\/\/www.bellunopress.it\/2026\/04\/27\/capitol-underground-fest-2026-giovedi-a-pordenone\/#breadcrumb"},"inLanguage":"fr-FR","potentialAction":[{"@type":"ReadAction","target":["https:\/\/www.bellunopress.it\/2026\/04\/27\/capitol-underground-fest-2026-giovedi-a-pordenone\/"]}]},{"@type":"ImageObject","inLanguage":"fr-FR","@id":"https:\/\/www.bellunopress.it\/2026\/04\/27\/capitol-underground-fest-2026-giovedi-a-pordenone\/#primaryimage","url":"https:\/\/www.bellunopress.it\/wp-content\/uploads\/2026\/04\/Capitol-Underground-Fest.jpeg","contentUrl":"https:\/\/www.bellunopress.it\/wp-content\/uploads\/2026\/04\/Capitol-Underground-Fest.jpeg","width":500,"height":500},{"@type":"BreadcrumbList","@id":"https:\/\/www.bellunopress.it\/2026\/04\/27\/capitol-underground-fest-2026-giovedi-a-pordenone\/#breadcrumb","itemListElement":[{"@type":"ListItem","position":1,"name":"Home","item":"https:\/\/www.bellunopress.it\/"},{"@type":"ListItem","position":2,"name":"Capitol Underground Fest 2026. Gioved\u00ec a Pordenone"}]},{"@type":"WebSite","@id":"https:\/\/www.bellunopress.it\/#website","url":"https:\/\/www.bellunopress.it\/","name":"Bellunopress - Dolomiti","description":"e-mail: redazione@bellunopress.it","publisher":{"@id":"https:\/\/www.bellunopress.it\/#organization"},"potentialAction":[{"@type":"SearchAction","target":{"@type":"EntryPoint","urlTemplate":"https:\/\/www.bellunopress.it\/?s={search_term_string}"},"query-input":{"@type":"PropertyValueSpecification","valueRequired":true,"valueName":"search_term_string"}}],"inLanguage":"fr-FR"},{"@type":"Organization","@id":"https:\/\/www.bellunopress.it\/#organization","name":"Bellunopress","url":"https:\/\/www.bellunopress.it\/","logo":{"@type":"ImageObject","inLanguage":"fr-FR","@id":"https:\/\/www.bellunopress.it\/#\/schema\/logo\/image\/","url":"https:\/\/www.bellunopress.it\/wp-content\/uploads\/2011\/05\/cropped-logo-bellunopress-.jpg","contentUrl":"https:\/\/www.bellunopress.it\/wp-content\/uploads\/2011\/05\/cropped-logo-bellunopress-.jpg","width":512,"height":512,"caption":"Bellunopress"},"image":{"@id":"https:\/\/www.bellunopress.it\/#\/schema\/logo\/image\/"},"sameAs":["https:\/\/www.facebook.com\/profile.php?id=100008943462799","https:\/\/x.com\/bellunopress","https:\/\/www.linkedin.com\/hp\/?dnr=JBzUWaJfMUw8vbXJJ2tVW5-I3jZKvC4wsoxE&amp;amp;amp;amp;amp;amp;trk=nav_responsive_tab_home","https:\/\/www.youtube.com\/channel\/UCxL0wu1uN0_3_7hGG0306cw"]},{"@type":"Person","@id":"https:\/\/www.bellunopress.it\/#\/schema\/person\/79bb06722b37ece1c03d3e94beb30d73","name":"r\u00e9daction","image":{"@type":"ImageObject","inLanguage":"fr-FR","@id":"https:\/\/secure.gravatar.com\/avatar\/37d968a2e67a6fd04c169c4bdef102d0bc5d31b2546345219e348575eb80e9a0?s=96&d=mm&r=g","url":"https:\/\/secure.gravatar.com\/avatar\/37d968a2e67a6fd04c169c4bdef102d0bc5d31b2546345219e348575eb80e9a0?s=96&d=mm&r=g","contentUrl":"https:\/\/secure.gravatar.com\/avatar\/37d968a2e67a6fd04c169c4bdef102d0bc5d31b2546345219e348575eb80e9a0?s=96&d=mm&r=g","caption":"redazione"},"sameAs":["http:\/\/www.bellunopress.it","https:\/\/x.com\/bellunopress"],"url":"https:\/\/www.bellunopress.it\/fr\/author\/redazione\/"}]}},"_links":{"self":[{"href":"https:\/\/www.bellunopress.it\/fr\/wp-json\/wp\/v2\/posts\/169388","targetHints":{"allow":["GET"]}}],"collection":[{"href":"https:\/\/www.bellunopress.it\/fr\/wp-json\/wp\/v2\/posts"}],"about":[{"href":"https:\/\/www.bellunopress.it\/fr\/wp-json\/wp\/v2\/types\/post"}],"author":[{"embeddable":true,"href":"https:\/\/www.bellunopress.it\/fr\/wp-json\/wp\/v2\/users\/2"}],"replies":[{"embeddable":true,"href":"https:\/\/www.bellunopress.it\/fr\/wp-json\/wp\/v2\/comments?post=169388"}],"version-history":[{"count":3,"href":"https:\/\/www.bellunopress.it\/fr\/wp-json\/wp\/v2\/posts\/169388\/revisions"}],"predecessor-version":[{"id":169392,"href":"https:\/\/www.bellunopress.it\/fr\/wp-json\/wp\/v2\/posts\/169388\/revisions\/169392"}],"wp:featuredmedia":[{"embeddable":true,"href":"https:\/\/www.bellunopress.it\/fr\/wp-json\/wp\/v2\/media\/169389"}],"wp:attachment":[{"href":"https:\/\/www.bellunopress.it\/fr\/wp-json\/wp\/v2\/media?parent=169388"}],"wp:term":[{"taxonomy":"category","embeddable":true,"href":"https:\/\/www.bellunopress.it\/fr\/wp-json\/wp\/v2\/categories?post=169388"},{"taxonomy":"post_tag","embeddable":true,"href":"https:\/\/www.bellunopress.it\/fr\/wp-json\/wp\/v2\/tags?post=169388"}],"curies":[{"name":"wp","href":"https:\/\/api.w.org\/{rel}","templated":true}]}}