{"id":169380,"date":"2026-04-22T15:26:31","date_gmt":"2026-04-22T13:26:31","guid":{"rendered":"https:\/\/www.bellunopress.it\/?p=169380"},"modified":"2026-04-22T15:26:31","modified_gmt":"2026-04-22T13:26:31","slug":"borgo-valbelluna-fondo-abitare-2026-per-ristrutturazione-immobili-da-locare","status":"publish","type":"post","link":"https:\/\/www.bellunopress.it\/fr\/2026\/04\/22\/borgo-valbelluna-fondo-abitare-2026-per-ristrutturazione-immobili-da-locare\/","title":{"rendered":"Borgo Valbelluna: Fondo Abitare 2026 per ristrutturazione immobili da locare"},"content":{"rendered":"<p>Il Comune di Borgo Valbelluna stanzia il \u201cFondo Abitare 2026\u201d, operativo dal 2 aprile, offrendo contributi a fondo perduto fino a 2.000 euro per la manutenzione o ristrutturazione di immobili privati da destinare alla locazione a canone concordato.<\/p>\n<p>\u201cSi parla spesso della problematica dell\u2019abitare, \u00e8 tempo di passare dalle parole ai fatti, anche perch\u00e8 nei primi mesi del 2026 il Comune di Borgo Valbelluna continua a registrare un trend positivo di incremento della popolazione. L\u2019Amministrazione sta terminando di convertire in alloggi gli edifici di sua propriet\u00e0 che erano adatti a questo scopo, in particolare le ex scuole di Villapiana e Pellegai, ma per riuscire veramente ad intervenire sul<br \/>\nproblema ora \u00e8 necessario coinvolgere i proprietari di immobili privati.<br \/>\nLa riattivazione di questa tipologia di alloggi, oltre a contribuire al contrasto dello spopolamento, produrrebbe effetti positivi su diversi aspetti della vita del territorio: offrirebbe ai giovani la possibilit\u00e0 di rimanere nel Comune e di costruire qui il proprio progetto di vita e familiare, sostenendo cos\u00ec anche la continuit\u00e0 dei servizi per l\u2019infanzia; favorirebbe l\u2019arrivo di nuovi lavoratori, sia per le imprese locali sia per i servizi pubblici; contribuirebbe a prevenire il degrado del patrimonio edilizio, rischio particolarmente concreto nei centri storici; infine, alimenterebbe un circolo virtuoso capace di generare nuove opportunit\u00e0 anche per le piccole attivit\u00e0 economiche locali\u00bb, spiega<br \/>\nl\u2019Assessora alle Politiche Sociali e Abitative, Chiara Cesa.<\/p>\n<p>\u00abIn concreto, il proprietario privato che realizza interventi di manutenzione su un immobile pu\u00f2 ottenere un contributo a fondo perduto fino a 2.000 euro, senza obbligo di restituzione. La condizione prevista \u00e8 la stipula con l\u2019inquilino di un contratto di locazione a canone concordato. \u00c8 importante precisare che \u201ccanone concordato\u201d non significa che il proprietario non pu\u00f2 quantificare il canone: gli accordi territoriali individuano, sulla base di specifici parametri dell\u2019immobile, un valore minimo e un valore massimo del canone, all\u2019interno dei quali il proprietario pu\u00f2 determinare liberamente l\u2019importo. A tale tipologia<br \/>\ncontrattuale sono inoltre collegati incentivi fiscali per entrambe le parti; nel territorio comunale, ad esempio, \u00e8 prevista anche una riduzione dell\u2019IMU\u00bb.<br \/>\nLa scadenza per la richiesta di accesso al fondo \u00e8 il 30 giugno, interventi e contratto devono essere perfezionati entro il 31 ottobre, la documentazione prodotta agli uffici comunali entro il 30 novembre.<br \/>\nTutte le informazioni e la modulistica sono reperibili sul sito e sui social del Comune di Borgo Valbelluna.<\/p>","protected":false},"excerpt":{"rendered":"<p>Il Comune di Borgo Valbelluna stanzia il \u201cFondo Abitare 2026\u201d, operativo dal 2 aprile, offrendo contributi a fondo perduto fino a 2.000 euro per la manutenzione o ristrutturazione di immobili privati da destinare alla locazione a canone concordato. \u201cSi parla spesso della problematica dell\u2019abitare, \u00e8 tempo di passare dalle parole ai fatti, anche perch\u00e8 nei [&hellip;]<\/p>\n","protected":false},"author":2,"featured_media":151707,"comment_status":"closed","ping_status":"open","sticky":false,"template":"","format":"standard","meta":{"footnotes":""},"categories":[26,8],"tags":[],"class_list":["post-169380","post","type-post","status-publish","format-standard","has-post-thumbnail","category-prima-pagina","category-societa-istituzioni"],"yoast_head":"<!-- This site is optimized with the Yoast SEO plugin v28.4 - https:\/\/yoast.com\/product\/yoast-seo-wordpress\/ -->\n<title>Borgo Valbelluna: Fondo Abitare 2026 per ristrutturazione immobili da locare - Bellunopress - Dolomiti<\/title>\n<meta name=\"robots\" content=\"index, follow, max-snippet:-1, max-image-preview:large, max-video-preview:-1\" \/>\n<link rel=\"canonical\" href=\"https:\/\/www.bellunopress.it\/fr\/2026\/04\/22\/borgo-valbelluna-fondo-abitare-2026-per-ristrutturazione-immobili-da-locare\/\" \/>\n<meta property=\"og:locale\" content=\"fr_FR\" \/>\n<meta property=\"og:type\" content=\"article\" \/>\n<meta property=\"og:title\" content=\"Borgo Valbelluna: Fondo Abitare 2026 per ristrutturazione immobili da locare - Bellunopress - Dolomiti\" \/>\n<meta property=\"og:description\" content=\"Il Comune di Borgo Valbelluna stanzia il \u201cFondo Abitare 2026\u201d, operativo dal 2 aprile, offrendo contributi a fondo perduto fino a 2.000 euro per la manutenzione o ristrutturazione di immobili privati da destinare alla locazione a canone concordato. \u201cSi parla spesso della problematica dell\u2019abitare, \u00e8 tempo di passare dalle parole ai fatti, anche perch\u00e8 nei [&hellip;]\" \/>\n<meta property=\"og:url\" content=\"https:\/\/www.bellunopress.it\/fr\/2026\/04\/22\/borgo-valbelluna-fondo-abitare-2026-per-ristrutturazione-immobili-da-locare\/\" \/>\n<meta property=\"og:site_name\" content=\"Bellunopress - Dolomiti\" \/>\n<meta property=\"article:publisher\" content=\"https:\/\/www.facebook.com\/profile.php?id=100008943462799\" \/>\n<meta property=\"article:published_time\" content=\"2026-04-22T13:26:31+00:00\" \/>\n<meta property=\"og:image\" content=\"https:\/\/www.bellunopress.it\/wp-content\/uploads\/2024\/06\/Chiara_Cesa-assessore.jpg\" \/>\n\t<meta property=\"og:image:width\" content=\"902\" \/>\n\t<meta property=\"og:image:height\" content=\"1000\" \/>\n\t<meta property=\"og:image:type\" content=\"image\/jpeg\" \/>\n<meta name=\"author\" content=\"redazione\" \/>\n<meta name=\"twitter:card\" content=\"summary_large_image\" \/>\n<meta name=\"twitter:creator\" content=\"@bellunopress\" \/>\n<meta name=\"twitter:site\" content=\"@bellunopress\" \/>\n<meta name=\"twitter:label1\" content=\"\u00c9crit par\" \/>\n\t<meta name=\"twitter:data1\" content=\"redazione\" \/>\n\t<meta name=\"twitter:label2\" content=\"Dur\u00e9e de lecture estim\u00e9e\" \/>\n\t<meta name=\"twitter:data2\" content=\"2 minutes\" \/>\n<script type=\"application\/ld+json\" class=\"yoast-schema-graph\">{\"@context\":\"https:\\\/\\\/schema.org\",\"@graph\":[{\"@type\":\"Article\",\"@id\":\"https:\\\/\\\/www.bellunopress.it\\\/2026\\\/04\\\/22\\\/borgo-valbelluna-fondo-abitare-2026-per-ristrutturazione-immobili-da-locare\\\/#article\",\"isPartOf\":{\"@id\":\"https:\\\/\\\/www.bellunopress.it\\\/2026\\\/04\\\/22\\\/borgo-valbelluna-fondo-abitare-2026-per-ristrutturazione-immobili-da-locare\\\/\"},\"author\":{\"name\":\"redazione\",\"@id\":\"https:\\\/\\\/www.bellunopress.it\\\/#\\\/schema\\\/person\\\/79bb06722b37ece1c03d3e94beb30d73\"},\"headline\":\"Borgo Valbelluna: Fondo Abitare 2026 per ristrutturazione immobili da locare\",\"datePublished\":\"2026-04-22T13:26:31+00:00\",\"mainEntityOfPage\":{\"@id\":\"https:\\\/\\\/www.bellunopress.it\\\/2026\\\/04\\\/22\\\/borgo-valbelluna-fondo-abitare-2026-per-ristrutturazione-immobili-da-locare\\\/\"},\"wordCount\":394,\"publisher\":{\"@id\":\"https:\\\/\\\/www.bellunopress.it\\\/#organization\"},\"image\":{\"@id\":\"https:\\\/\\\/www.bellunopress.it\\\/2026\\\/04\\\/22\\\/borgo-valbelluna-fondo-abitare-2026-per-ristrutturazione-immobili-da-locare\\\/#primaryimage\"},\"thumbnailUrl\":\"https:\\\/\\\/www.bellunopress.it\\\/wp-content\\\/uploads\\\/2024\\\/06\\\/Chiara_Cesa-assessore.jpg\",\"articleSection\":[\"Prima Pagina\",\"Societ\u00e0, Associazioni, Istituzioni\"],\"inLanguage\":\"fr-FR\"},{\"@type\":\"WebPage\",\"@id\":\"https:\\\/\\\/www.bellunopress.it\\\/2026\\\/04\\\/22\\\/borgo-valbelluna-fondo-abitare-2026-per-ristrutturazione-immobili-da-locare\\\/\",\"url\":\"https:\\\/\\\/www.bellunopress.it\\\/2026\\\/04\\\/22\\\/borgo-valbelluna-fondo-abitare-2026-per-ristrutturazione-immobili-da-locare\\\/\",\"name\":\"Borgo Valbelluna: Fondo Abitare 2026 per ristrutturazione immobili da locare - Bellunopress - Dolomiti\",\"isPartOf\":{\"@id\":\"https:\\\/\\\/www.bellunopress.it\\\/#website\"},\"primaryImageOfPage\":{\"@id\":\"https:\\\/\\\/www.bellunopress.it\\\/2026\\\/04\\\/22\\\/borgo-valbelluna-fondo-abitare-2026-per-ristrutturazione-immobili-da-locare\\\/#primaryimage\"},\"image\":{\"@id\":\"https:\\\/\\\/www.bellunopress.it\\\/2026\\\/04\\\/22\\\/borgo-valbelluna-fondo-abitare-2026-per-ristrutturazione-immobili-da-locare\\\/#primaryimage\"},\"thumbnailUrl\":\"https:\\\/\\\/www.bellunopress.it\\\/wp-content\\\/uploads\\\/2024\\\/06\\\/Chiara_Cesa-assessore.jpg\",\"datePublished\":\"2026-04-22T13:26:31+00:00\",\"breadcrumb\":{\"@id\":\"https:\\\/\\\/www.bellunopress.it\\\/2026\\\/04\\\/22\\\/borgo-valbelluna-fondo-abitare-2026-per-ristrutturazione-immobili-da-locare\\\/#breadcrumb\"},\"inLanguage\":\"fr-FR\",\"potentialAction\":[{\"@type\":\"ReadAction\",\"target\":[\"https:\\\/\\\/www.bellunopress.it\\\/2026\\\/04\\\/22\\\/borgo-valbelluna-fondo-abitare-2026-per-ristrutturazione-immobili-da-locare\\\/\"]}]},{\"@type\":\"ImageObject\",\"inLanguage\":\"fr-FR\",\"@id\":\"https:\\\/\\\/www.bellunopress.it\\\/2026\\\/04\\\/22\\\/borgo-valbelluna-fondo-abitare-2026-per-ristrutturazione-immobili-da-locare\\\/#primaryimage\",\"url\":\"https:\\\/\\\/www.bellunopress.it\\\/wp-content\\\/uploads\\\/2024\\\/06\\\/Chiara_Cesa-assessore.jpg\",\"contentUrl\":\"https:\\\/\\\/www.bellunopress.it\\\/wp-content\\\/uploads\\\/2024\\\/06\\\/Chiara_Cesa-assessore.jpg\",\"width\":902,\"height\":1000,\"caption\":\"Chiara Cesa, assessora al Sociale e alle Politiche educative del Comune di Borgo Valbelluna\"},{\"@type\":\"BreadcrumbList\",\"@id\":\"https:\\\/\\\/www.bellunopress.it\\\/2026\\\/04\\\/22\\\/borgo-valbelluna-fondo-abitare-2026-per-ristrutturazione-immobili-da-locare\\\/#breadcrumb\",\"itemListElement\":[{\"@type\":\"ListItem\",\"position\":1,\"name\":\"Home\",\"item\":\"https:\\\/\\\/www.bellunopress.it\\\/\"},{\"@type\":\"ListItem\",\"position\":2,\"name\":\"Borgo Valbelluna: Fondo Abitare 2026 per ristrutturazione immobili da locare\"}]},{\"@type\":\"WebSite\",\"@id\":\"https:\\\/\\\/www.bellunopress.it\\\/#website\",\"url\":\"https:\\\/\\\/www.bellunopress.it\\\/\",\"name\":\"Bellunopress - Dolomiti\",\"description\":\"e-mail: redazione@bellunopress.it\",\"publisher\":{\"@id\":\"https:\\\/\\\/www.bellunopress.it\\\/#organization\"},\"potentialAction\":[{\"@type\":\"SearchAction\",\"target\":{\"@type\":\"EntryPoint\",\"urlTemplate\":\"https:\\\/\\\/www.bellunopress.it\\\/?s={search_term_string}\"},\"query-input\":{\"@type\":\"PropertyValueSpecification\",\"valueRequired\":true,\"valueName\":\"search_term_string\"}}],\"inLanguage\":\"fr-FR\"},{\"@type\":\"Organization\",\"@id\":\"https:\\\/\\\/www.bellunopress.it\\\/#organization\",\"name\":\"Bellunopress\",\"url\":\"https:\\\/\\\/www.bellunopress.it\\\/\",\"logo\":{\"@type\":\"ImageObject\",\"inLanguage\":\"fr-FR\",\"@id\":\"https:\\\/\\\/www.bellunopress.it\\\/#\\\/schema\\\/logo\\\/image\\\/\",\"url\":\"https:\\\/\\\/www.bellunopress.it\\\/wp-content\\\/uploads\\\/2011\\\/05\\\/cropped-logo-bellunopress-.jpg\",\"contentUrl\":\"https:\\\/\\\/www.bellunopress.it\\\/wp-content\\\/uploads\\\/2011\\\/05\\\/cropped-logo-bellunopress-.jpg\",\"width\":512,\"height\":512,\"caption\":\"Bellunopress\"},\"image\":{\"@id\":\"https:\\\/\\\/www.bellunopress.it\\\/#\\\/schema\\\/logo\\\/image\\\/\"},\"sameAs\":[\"https:\\\/\\\/www.facebook.com\\\/profile.php?id=100008943462799\",\"https:\\\/\\\/x.com\\\/bellunopress\",\"https:\\\/\\\/www.linkedin.com\\\/hp\\\/?dnr=JBzUWaJfMUw8vbXJJ2tVW5-I3jZKvC4wsoxE&amp;amp;amp;amp;amp;amp;trk=nav_responsive_tab_home\",\"https:\\\/\\\/www.youtube.com\\\/channel\\\/UCxL0wu1uN0_3_7hGG0306cw\"]},{\"@type\":\"Person\",\"@id\":\"https:\\\/\\\/www.bellunopress.it\\\/#\\\/schema\\\/person\\\/79bb06722b37ece1c03d3e94beb30d73\",\"name\":\"redazione\",\"image\":{\"@type\":\"ImageObject\",\"inLanguage\":\"fr-FR\",\"@id\":\"https:\\\/\\\/secure.gravatar.com\\\/avatar\\\/37d968a2e67a6fd04c169c4bdef102d0bc5d31b2546345219e348575eb80e9a0?s=96&d=mm&r=g\",\"url\":\"https:\\\/\\\/secure.gravatar.com\\\/avatar\\\/37d968a2e67a6fd04c169c4bdef102d0bc5d31b2546345219e348575eb80e9a0?s=96&d=mm&r=g\",\"contentUrl\":\"https:\\\/\\\/secure.gravatar.com\\\/avatar\\\/37d968a2e67a6fd04c169c4bdef102d0bc5d31b2546345219e348575eb80e9a0?s=96&d=mm&r=g\",\"caption\":\"redazione\"},\"sameAs\":[\"http:\\\/\\\/www.bellunopress.it\",\"https:\\\/\\\/x.com\\\/bellunopress\"],\"url\":\"https:\\\/\\\/www.bellunopress.it\\\/fr\\\/author\\\/redazione\\\/\"}]}<\/script>\n<!-- \/ Yoast SEO plugin. -->","yoast_head_json":{"title":"Borgo Valbelluna: Fondo Abitare 2026 per ristrutturazione immobili da locare - Bellunopress - Dolomiti","robots":{"index":"index","follow":"follow","max-snippet":"max-snippet:-1","max-image-preview":"max-image-preview:large","max-video-preview":"max-video-preview:-1"},"canonical":"https:\/\/www.bellunopress.it\/fr\/2026\/04\/22\/borgo-valbelluna-fondo-abitare-2026-per-ristrutturazione-immobili-da-locare\/","og_locale":"fr_FR","og_type":"article","og_title":"Borgo Valbelluna: Fondo Abitare 2026 per ristrutturazione immobili da locare - Bellunopress - Dolomiti","og_description":"Il Comune di Borgo Valbelluna stanzia il \u201cFondo Abitare 2026\u201d, operativo dal 2 aprile, offrendo contributi a fondo perduto fino a 2.000 euro per la manutenzione o ristrutturazione di immobili privati da destinare alla locazione a canone concordato. \u201cSi parla spesso della problematica dell\u2019abitare, \u00e8 tempo di passare dalle parole ai fatti, anche perch\u00e8 nei [&hellip;]","og_url":"https:\/\/www.bellunopress.it\/fr\/2026\/04\/22\/borgo-valbelluna-fondo-abitare-2026-per-ristrutturazione-immobili-da-locare\/","og_site_name":"Bellunopress - Dolomiti","article_publisher":"https:\/\/www.facebook.com\/profile.php?id=100008943462799","article_published_time":"2026-04-22T13:26:31+00:00","og_image":[{"width":902,"height":1000,"url":"https:\/\/www.bellunopress.it\/wp-content\/uploads\/2024\/06\/Chiara_Cesa-assessore.jpg","type":"image\/jpeg"}],"author":"redazione","twitter_card":"summary_large_image","twitter_creator":"@bellunopress","twitter_site":"@bellunopress","twitter_misc":{"\u00c9crit par":"redazione","Dur\u00e9e de lecture estim\u00e9e":"2 minutes"},"schema":{"@context":"https:\/\/schema.org","@graph":[{"@type":"Article","@id":"https:\/\/www.bellunopress.it\/2026\/04\/22\/borgo-valbelluna-fondo-abitare-2026-per-ristrutturazione-immobili-da-locare\/#article","isPartOf":{"@id":"https:\/\/www.bellunopress.it\/2026\/04\/22\/borgo-valbelluna-fondo-abitare-2026-per-ristrutturazione-immobili-da-locare\/"},"author":{"name":"redazione","@id":"https:\/\/www.bellunopress.it\/#\/schema\/person\/79bb06722b37ece1c03d3e94beb30d73"},"headline":"Borgo Valbelluna: Fondo Abitare 2026 per ristrutturazione immobili da locare","datePublished":"2026-04-22T13:26:31+00:00","mainEntityOfPage":{"@id":"https:\/\/www.bellunopress.it\/2026\/04\/22\/borgo-valbelluna-fondo-abitare-2026-per-ristrutturazione-immobili-da-locare\/"},"wordCount":394,"publisher":{"@id":"https:\/\/www.bellunopress.it\/#organization"},"image":{"@id":"https:\/\/www.bellunopress.it\/2026\/04\/22\/borgo-valbelluna-fondo-abitare-2026-per-ristrutturazione-immobili-da-locare\/#primaryimage"},"thumbnailUrl":"https:\/\/www.bellunopress.it\/wp-content\/uploads\/2024\/06\/Chiara_Cesa-assessore.jpg","articleSection":["Prima Pagina","Societ\u00e0, Associazioni, Istituzioni"],"inLanguage":"fr-FR"},{"@type":"WebPage","@id":"https:\/\/www.bellunopress.it\/2026\/04\/22\/borgo-valbelluna-fondo-abitare-2026-per-ristrutturazione-immobili-da-locare\/","url":"https:\/\/www.bellunopress.it\/2026\/04\/22\/borgo-valbelluna-fondo-abitare-2026-per-ristrutturazione-immobili-da-locare\/","name":"Borgo Valbelluna: Fondo Abitare 2026 per ristrutturazione immobili da locare - Bellunopress - Dolomiti","isPartOf":{"@id":"https:\/\/www.bellunopress.it\/#website"},"primaryImageOfPage":{"@id":"https:\/\/www.bellunopress.it\/2026\/04\/22\/borgo-valbelluna-fondo-abitare-2026-per-ristrutturazione-immobili-da-locare\/#primaryimage"},"image":{"@id":"https:\/\/www.bellunopress.it\/2026\/04\/22\/borgo-valbelluna-fondo-abitare-2026-per-ristrutturazione-immobili-da-locare\/#primaryimage"},"thumbnailUrl":"https:\/\/www.bellunopress.it\/wp-content\/uploads\/2024\/06\/Chiara_Cesa-assessore.jpg","datePublished":"2026-04-22T13:26:31+00:00","breadcrumb":{"@id":"https:\/\/www.bellunopress.it\/2026\/04\/22\/borgo-valbelluna-fondo-abitare-2026-per-ristrutturazione-immobili-da-locare\/#breadcrumb"},"inLanguage":"fr-FR","potentialAction":[{"@type":"ReadAction","target":["https:\/\/www.bellunopress.it\/2026\/04\/22\/borgo-valbelluna-fondo-abitare-2026-per-ristrutturazione-immobili-da-locare\/"]}]},{"@type":"ImageObject","inLanguage":"fr-FR","@id":"https:\/\/www.bellunopress.it\/2026\/04\/22\/borgo-valbelluna-fondo-abitare-2026-per-ristrutturazione-immobili-da-locare\/#primaryimage","url":"https:\/\/www.bellunopress.it\/wp-content\/uploads\/2024\/06\/Chiara_Cesa-assessore.jpg","contentUrl":"https:\/\/www.bellunopress.it\/wp-content\/uploads\/2024\/06\/Chiara_Cesa-assessore.jpg","width":902,"height":1000,"caption":"Chiara Cesa, assessora al Sociale e alle Politiche educative del Comune di Borgo Valbelluna"},{"@type":"BreadcrumbList","@id":"https:\/\/www.bellunopress.it\/2026\/04\/22\/borgo-valbelluna-fondo-abitare-2026-per-ristrutturazione-immobili-da-locare\/#breadcrumb","itemListElement":[{"@type":"ListItem","position":1,"name":"Home","item":"https:\/\/www.bellunopress.it\/"},{"@type":"ListItem","position":2,"name":"Borgo Valbelluna: Fondo Abitare 2026 per ristrutturazione immobili da locare"}]},{"@type":"WebSite","@id":"https:\/\/www.bellunopress.it\/#website","url":"https:\/\/www.bellunopress.it\/","name":"Bellunopress - Dolomiti","description":"e-mail: redazione@bellunopress.it","publisher":{"@id":"https:\/\/www.bellunopress.it\/#organization"},"potentialAction":[{"@type":"SearchAction","target":{"@type":"EntryPoint","urlTemplate":"https:\/\/www.bellunopress.it\/?s={search_term_string}"},"query-input":{"@type":"PropertyValueSpecification","valueRequired":true,"valueName":"search_term_string"}}],"inLanguage":"fr-FR"},{"@type":"Organization","@id":"https:\/\/www.bellunopress.it\/#organization","name":"Bellunopress","url":"https:\/\/www.bellunopress.it\/","logo":{"@type":"ImageObject","inLanguage":"fr-FR","@id":"https:\/\/www.bellunopress.it\/#\/schema\/logo\/image\/","url":"https:\/\/www.bellunopress.it\/wp-content\/uploads\/2011\/05\/cropped-logo-bellunopress-.jpg","contentUrl":"https:\/\/www.bellunopress.it\/wp-content\/uploads\/2011\/05\/cropped-logo-bellunopress-.jpg","width":512,"height":512,"caption":"Bellunopress"},"image":{"@id":"https:\/\/www.bellunopress.it\/#\/schema\/logo\/image\/"},"sameAs":["https:\/\/www.facebook.com\/profile.php?id=100008943462799","https:\/\/x.com\/bellunopress","https:\/\/www.linkedin.com\/hp\/?dnr=JBzUWaJfMUw8vbXJJ2tVW5-I3jZKvC4wsoxE&amp;amp;amp;amp;amp;amp;trk=nav_responsive_tab_home","https:\/\/www.youtube.com\/channel\/UCxL0wu1uN0_3_7hGG0306cw"]},{"@type":"Person","@id":"https:\/\/www.bellunopress.it\/#\/schema\/person\/79bb06722b37ece1c03d3e94beb30d73","name":"r\u00e9daction","image":{"@type":"ImageObject","inLanguage":"fr-FR","@id":"https:\/\/secure.gravatar.com\/avatar\/37d968a2e67a6fd04c169c4bdef102d0bc5d31b2546345219e348575eb80e9a0?s=96&d=mm&r=g","url":"https:\/\/secure.gravatar.com\/avatar\/37d968a2e67a6fd04c169c4bdef102d0bc5d31b2546345219e348575eb80e9a0?s=96&d=mm&r=g","contentUrl":"https:\/\/secure.gravatar.com\/avatar\/37d968a2e67a6fd04c169c4bdef102d0bc5d31b2546345219e348575eb80e9a0?s=96&d=mm&r=g","caption":"redazione"},"sameAs":["http:\/\/www.bellunopress.it","https:\/\/x.com\/bellunopress"],"url":"https:\/\/www.bellunopress.it\/fr\/author\/redazione\/"}]}},"_links":{"self":[{"href":"https:\/\/www.bellunopress.it\/fr\/wp-json\/wp\/v2\/posts\/169380","targetHints":{"allow":["GET"]}}],"collection":[{"href":"https:\/\/www.bellunopress.it\/fr\/wp-json\/wp\/v2\/posts"}],"about":[{"href":"https:\/\/www.bellunopress.it\/fr\/wp-json\/wp\/v2\/types\/post"}],"author":[{"embeddable":true,"href":"https:\/\/www.bellunopress.it\/fr\/wp-json\/wp\/v2\/users\/2"}],"replies":[{"embeddable":true,"href":"https:\/\/www.bellunopress.it\/fr\/wp-json\/wp\/v2\/comments?post=169380"}],"version-history":[{"count":1,"href":"https:\/\/www.bellunopress.it\/fr\/wp-json\/wp\/v2\/posts\/169380\/revisions"}],"predecessor-version":[{"id":169381,"href":"https:\/\/www.bellunopress.it\/fr\/wp-json\/wp\/v2\/posts\/169380\/revisions\/169381"}],"wp:featuredmedia":[{"embeddable":true,"href":"https:\/\/www.bellunopress.it\/fr\/wp-json\/wp\/v2\/media\/151707"}],"wp:attachment":[{"href":"https:\/\/www.bellunopress.it\/fr\/wp-json\/wp\/v2\/media?parent=169380"}],"wp:term":[{"taxonomy":"category","embeddable":true,"href":"https:\/\/www.bellunopress.it\/fr\/wp-json\/wp\/v2\/categories?post=169380"},{"taxonomy":"post_tag","embeddable":true,"href":"https:\/\/www.bellunopress.it\/fr\/wp-json\/wp\/v2\/tags?post=169380"}],"curies":[{"name":"wp","href":"https:\/\/api.w.org\/{rel}","templated":true}]}}