{"id":169377,"date":"2026-04-22T15:21:47","date_gmt":"2026-04-22T13:21:47","guid":{"rendered":"https:\/\/www.bellunopress.it\/?p=169377"},"modified":"2026-04-22T15:21:47","modified_gmt":"2026-04-22T13:21:47","slug":"nuova-mensa-alle-scuole-nievo-e-quartier-cadore","status":"publish","type":"post","link":"https:\/\/www.bellunopress.it\/fr\/2026\/04\/22\/nuova-mensa-alle-scuole-nievo-e-quartier-cadore\/","title":{"rendered":"Nuova mensa alle scuole Nievo e Quartier Cadore"},"content":{"rendered":"<p><strong>Cena solidale del Comitato Genitori per completare gli ultimi accessori<\/strong><\/p>\n<p>Belluno, 22\/04\/2026 &#8211; Le nuove mense della scuola media Nievo e della scuola primaria di Quartier Cadore sono ormai realt\u00e0. Gli interventi, realizzati dal Comune di Belluno grazie ai fondi del PNRR, sono stati completati e si avviano verso l\u2019ultimo sprint prima dell\u2019inaugurazione ufficiale, prevista in entrambi i plessi entro la fine dell\u2019anno scolastico.<\/p>\n<p>Prima di accogliere nuovamente i ragazzi, per\u00f2, alla media Nievo il Comitato Genitori ha organizzato una raccolta fondi. Lo spazio del refettorio, moderno e funzionale, \u00e8 gi\u00e0 di fatto utilizzabile ma sar\u00e0 ulteriormente arricchito grazie a un\u2019iniziativa promossa dal Comitato Genitori: una cena di raccolta fondi in programma per il prossimo 15 maggio, pensata per sostenere l\u2019acquisto di ulteriori accessori utili agli studenti durante la pausa pranzo.<\/p>\n<p><strong>L\u2019INIZIATIVA<\/strong><br \/>\nLa serata proposta dal Comitato Genitori prevede un men\u00f9, dall\u2019antipasto al dolce, interamente curato dai ragazzi dell\u2019istituto alberghiero di Longarone Dolomieu, mentre il servizio ai tavoli sar\u00e0 affidato agli studenti delle classi terze della Nievo. La cena sar\u00e0 accompagnata da una selezione di vini proposta da un sommelier e da un accompagnamento musicale a cura di Enrico Crosato.<\/p>\n<p>\u201cQuesta mensa \u00e8 uno spazio rinnovato ascoltando chi lo vivr\u00e0 ogni giorno, i ragazzi, e questo rende il progetto ancora pi\u00f9 bello e importante \u2013 le parole del sindaco, Oscar De Pellegrin \u2013. La mensa, cos\u00ec riqualificata, \u00e8 stata infatti progettata anche tenendo conto delle loro esigenze e richieste; per questo confido possa diventare davvero uno spazio di socialit\u00e0 e di crescita. Il progetto \u00e8 arrivato a compimento, ma \u00e8 particolarmente significativo vedere come attorno a questo traguardo si sia attivata una comunit\u00e0: ringrazio il Comitato Genitori per questa iniziativa, che aggiunge valore non solo con un contributo concreto, ma anche con uno spirito di partecipazione che fa la differenza. Invito i cittadini a partecipare per fare un gesto semplice e concreto a favore dei nostri ragazzi\u201d.<\/p>\n<p>\u201cCome scuola completeremo il progetto contribuendo con una parte degli arredi, come sgabelli e banconi \u2013 sottolinea la dirigente scolastica Bruna Codogno \u2013. A questo si aggiunge il contributo del Consiglio dei ragazzi, che ha partecipato con idee e fondi destinati all\u2019acquisto delle piante. La mensa non \u00e8 solo un luogo dove consumare il pasto, ma uno spazio di socialit\u00e0 e benessere, sempre pi\u00f9 richiesto dalle famiglie che trovano nel tempo prolungato un alleato prezioso nella gestione dei figli, anche nelle ore pomeridiane. Un ringraziamento va agli insegnanti, che hanno saputo coinvolgere i ragazzi nella progettazione del loro spazio ideale\u201d.<\/p>\n<p>Per partecipare alla serata di raccolta fondi \u00e8 necessaria la prenotazione da effettuare al numero 328 0576553.<\/p>\n<p>Sono stati rinnovati anche gli spazi della mensa della scuola di Quartier Cadore, oggi pi\u00f9 efficienti e moderni, e anche per questi si andr\u00e0 a breve verso l\u2019inaugurazione ufficiale.<\/p>","protected":false},"excerpt":{"rendered":"<p>Cena solidale del Comitato Genitori per completare gli ultimi accessori Belluno, 22\/04\/2026 &#8211; Le nuove mense della scuola media Nievo e della scuola primaria di Quartier Cadore sono ormai realt\u00e0. Gli interventi, realizzati dal Comune di Belluno grazie ai fondi del PNRR, sono stati completati e si avviano verso l\u2019ultimo sprint prima dell\u2019inaugurazione ufficiale, prevista [&hellip;]<\/p>\n","protected":false},"author":2,"featured_media":169378,"comment_status":"closed","ping_status":"open","sticky":false,"template":"","format":"standard","meta":{"footnotes":""},"categories":[26,15],"tags":[],"class_list":["post-169377","post","type-post","status-publish","format-standard","has-post-thumbnail","category-prima-pagina","category-scuola"],"yoast_head":"<!-- This site is optimized with the Yoast SEO plugin v28.4 - https:\/\/yoast.com\/product\/yoast-seo-wordpress\/ -->\n<title>Nuova mensa alle scuole Nievo e Quartier Cadore - Bellunopress - Dolomiti<\/title>\n<meta name=\"robots\" content=\"index, follow, max-snippet:-1, max-image-preview:large, max-video-preview:-1\" \/>\n<link rel=\"canonical\" href=\"https:\/\/www.bellunopress.it\/fr\/2026\/04\/22\/nuova-mensa-alle-scuole-nievo-e-quartier-cadore\/\" \/>\n<meta property=\"og:locale\" content=\"fr_FR\" \/>\n<meta property=\"og:type\" content=\"article\" \/>\n<meta property=\"og:title\" content=\"Nuova mensa alle scuole Nievo e Quartier Cadore - Bellunopress - Dolomiti\" \/>\n<meta property=\"og:description\" content=\"Cena solidale del Comitato Genitori per completare gli ultimi accessori Belluno, 22\/04\/2026 &#8211; Le nuove mense della scuola media Nievo e della scuola primaria di Quartier Cadore sono ormai realt\u00e0. Gli interventi, realizzati dal Comune di Belluno grazie ai fondi del PNRR, sono stati completati e si avviano verso l\u2019ultimo sprint prima dell\u2019inaugurazione ufficiale, prevista [&hellip;]\" \/>\n<meta property=\"og:url\" content=\"https:\/\/www.bellunopress.it\/fr\/2026\/04\/22\/nuova-mensa-alle-scuole-nievo-e-quartier-cadore\/\" \/>\n<meta property=\"og:site_name\" content=\"Bellunopress - Dolomiti\" \/>\n<meta property=\"article:publisher\" content=\"https:\/\/www.facebook.com\/profile.php?id=100008943462799\" \/>\n<meta property=\"article:published_time\" content=\"2026-04-22T13:21:47+00:00\" \/>\n<meta property=\"og:image\" content=\"https:\/\/www.bellunopress.it\/wp-content\/uploads\/2026\/04\/Mensa-scuola-Quartier-Cadore.jpeg\" \/>\n\t<meta property=\"og:image:width\" content=\"600\" \/>\n\t<meta property=\"og:image:height\" content=\"427\" \/>\n\t<meta property=\"og:image:type\" content=\"image\/jpeg\" \/>\n<meta name=\"author\" content=\"redazione\" \/>\n<meta name=\"twitter:card\" content=\"summary_large_image\" \/>\n<meta name=\"twitter:creator\" content=\"@bellunopress\" \/>\n<meta name=\"twitter:site\" content=\"@bellunopress\" \/>\n<meta name=\"twitter:label1\" content=\"\u00c9crit par\" \/>\n\t<meta name=\"twitter:data1\" content=\"redazione\" \/>\n\t<meta name=\"twitter:label2\" content=\"Dur\u00e9e de lecture estim\u00e9e\" \/>\n\t<meta name=\"twitter:data2\" content=\"2 minutes\" \/>\n<script type=\"application\/ld+json\" class=\"yoast-schema-graph\">{\"@context\":\"https:\\\/\\\/schema.org\",\"@graph\":[{\"@type\":\"Article\",\"@id\":\"https:\\\/\\\/www.bellunopress.it\\\/2026\\\/04\\\/22\\\/nuova-mensa-alle-scuole-nievo-e-quartier-cadore\\\/#article\",\"isPartOf\":{\"@id\":\"https:\\\/\\\/www.bellunopress.it\\\/2026\\\/04\\\/22\\\/nuova-mensa-alle-scuole-nievo-e-quartier-cadore\\\/\"},\"author\":{\"name\":\"redazione\",\"@id\":\"https:\\\/\\\/www.bellunopress.it\\\/#\\\/schema\\\/person\\\/79bb06722b37ece1c03d3e94beb30d73\"},\"headline\":\"Nuova mensa alle scuole Nievo e Quartier Cadore\",\"datePublished\":\"2026-04-22T13:21:47+00:00\",\"mainEntityOfPage\":{\"@id\":\"https:\\\/\\\/www.bellunopress.it\\\/2026\\\/04\\\/22\\\/nuova-mensa-alle-scuole-nievo-e-quartier-cadore\\\/\"},\"wordCount\":466,\"publisher\":{\"@id\":\"https:\\\/\\\/www.bellunopress.it\\\/#organization\"},\"image\":{\"@id\":\"https:\\\/\\\/www.bellunopress.it\\\/2026\\\/04\\\/22\\\/nuova-mensa-alle-scuole-nievo-e-quartier-cadore\\\/#primaryimage\"},\"thumbnailUrl\":\"https:\\\/\\\/www.bellunopress.it\\\/wp-content\\\/uploads\\\/2026\\\/04\\\/Mensa-scuola-Quartier-Cadore.jpeg\",\"articleSection\":[\"Prima Pagina\",\"Scuola\"],\"inLanguage\":\"fr-FR\"},{\"@type\":\"WebPage\",\"@id\":\"https:\\\/\\\/www.bellunopress.it\\\/2026\\\/04\\\/22\\\/nuova-mensa-alle-scuole-nievo-e-quartier-cadore\\\/\",\"url\":\"https:\\\/\\\/www.bellunopress.it\\\/2026\\\/04\\\/22\\\/nuova-mensa-alle-scuole-nievo-e-quartier-cadore\\\/\",\"name\":\"Nuova mensa alle scuole Nievo e Quartier Cadore - Bellunopress - Dolomiti\",\"isPartOf\":{\"@id\":\"https:\\\/\\\/www.bellunopress.it\\\/#website\"},\"primaryImageOfPage\":{\"@id\":\"https:\\\/\\\/www.bellunopress.it\\\/2026\\\/04\\\/22\\\/nuova-mensa-alle-scuole-nievo-e-quartier-cadore\\\/#primaryimage\"},\"image\":{\"@id\":\"https:\\\/\\\/www.bellunopress.it\\\/2026\\\/04\\\/22\\\/nuova-mensa-alle-scuole-nievo-e-quartier-cadore\\\/#primaryimage\"},\"thumbnailUrl\":\"https:\\\/\\\/www.bellunopress.it\\\/wp-content\\\/uploads\\\/2026\\\/04\\\/Mensa-scuola-Quartier-Cadore.jpeg\",\"datePublished\":\"2026-04-22T13:21:47+00:00\",\"breadcrumb\":{\"@id\":\"https:\\\/\\\/www.bellunopress.it\\\/2026\\\/04\\\/22\\\/nuova-mensa-alle-scuole-nievo-e-quartier-cadore\\\/#breadcrumb\"},\"inLanguage\":\"fr-FR\",\"potentialAction\":[{\"@type\":\"ReadAction\",\"target\":[\"https:\\\/\\\/www.bellunopress.it\\\/2026\\\/04\\\/22\\\/nuova-mensa-alle-scuole-nievo-e-quartier-cadore\\\/\"]}]},{\"@type\":\"ImageObject\",\"inLanguage\":\"fr-FR\",\"@id\":\"https:\\\/\\\/www.bellunopress.it\\\/2026\\\/04\\\/22\\\/nuova-mensa-alle-scuole-nievo-e-quartier-cadore\\\/#primaryimage\",\"url\":\"https:\\\/\\\/www.bellunopress.it\\\/wp-content\\\/uploads\\\/2026\\\/04\\\/Mensa-scuola-Quartier-Cadore.jpeg\",\"contentUrl\":\"https:\\\/\\\/www.bellunopress.it\\\/wp-content\\\/uploads\\\/2026\\\/04\\\/Mensa-scuola-Quartier-Cadore.jpeg\",\"width\":600,\"height\":427,\"caption\":\"Mensa Scuola Quartier Cadore (Belluno)\"},{\"@type\":\"BreadcrumbList\",\"@id\":\"https:\\\/\\\/www.bellunopress.it\\\/2026\\\/04\\\/22\\\/nuova-mensa-alle-scuole-nievo-e-quartier-cadore\\\/#breadcrumb\",\"itemListElement\":[{\"@type\":\"ListItem\",\"position\":1,\"name\":\"Home\",\"item\":\"https:\\\/\\\/www.bellunopress.it\\\/\"},{\"@type\":\"ListItem\",\"position\":2,\"name\":\"Nuova mensa alle scuole Nievo e Quartier Cadore\"}]},{\"@type\":\"WebSite\",\"@id\":\"https:\\\/\\\/www.bellunopress.it\\\/#website\",\"url\":\"https:\\\/\\\/www.bellunopress.it\\\/\",\"name\":\"Bellunopress - Dolomiti\",\"description\":\"e-mail: redazione@bellunopress.it\",\"publisher\":{\"@id\":\"https:\\\/\\\/www.bellunopress.it\\\/#organization\"},\"potentialAction\":[{\"@type\":\"SearchAction\",\"target\":{\"@type\":\"EntryPoint\",\"urlTemplate\":\"https:\\\/\\\/www.bellunopress.it\\\/?s={search_term_string}\"},\"query-input\":{\"@type\":\"PropertyValueSpecification\",\"valueRequired\":true,\"valueName\":\"search_term_string\"}}],\"inLanguage\":\"fr-FR\"},{\"@type\":\"Organization\",\"@id\":\"https:\\\/\\\/www.bellunopress.it\\\/#organization\",\"name\":\"Bellunopress\",\"url\":\"https:\\\/\\\/www.bellunopress.it\\\/\",\"logo\":{\"@type\":\"ImageObject\",\"inLanguage\":\"fr-FR\",\"@id\":\"https:\\\/\\\/www.bellunopress.it\\\/#\\\/schema\\\/logo\\\/image\\\/\",\"url\":\"https:\\\/\\\/www.bellunopress.it\\\/wp-content\\\/uploads\\\/2011\\\/05\\\/cropped-logo-bellunopress-.jpg\",\"contentUrl\":\"https:\\\/\\\/www.bellunopress.it\\\/wp-content\\\/uploads\\\/2011\\\/05\\\/cropped-logo-bellunopress-.jpg\",\"width\":512,\"height\":512,\"caption\":\"Bellunopress\"},\"image\":{\"@id\":\"https:\\\/\\\/www.bellunopress.it\\\/#\\\/schema\\\/logo\\\/image\\\/\"},\"sameAs\":[\"https:\\\/\\\/www.facebook.com\\\/profile.php?id=100008943462799\",\"https:\\\/\\\/x.com\\\/bellunopress\",\"https:\\\/\\\/www.linkedin.com\\\/hp\\\/?dnr=JBzUWaJfMUw8vbXJJ2tVW5-I3jZKvC4wsoxE&amp;amp;amp;amp;amp;amp;trk=nav_responsive_tab_home\",\"https:\\\/\\\/www.youtube.com\\\/channel\\\/UCxL0wu1uN0_3_7hGG0306cw\"]},{\"@type\":\"Person\",\"@id\":\"https:\\\/\\\/www.bellunopress.it\\\/#\\\/schema\\\/person\\\/79bb06722b37ece1c03d3e94beb30d73\",\"name\":\"redazione\",\"image\":{\"@type\":\"ImageObject\",\"inLanguage\":\"fr-FR\",\"@id\":\"https:\\\/\\\/secure.gravatar.com\\\/avatar\\\/37d968a2e67a6fd04c169c4bdef102d0bc5d31b2546345219e348575eb80e9a0?s=96&d=mm&r=g\",\"url\":\"https:\\\/\\\/secure.gravatar.com\\\/avatar\\\/37d968a2e67a6fd04c169c4bdef102d0bc5d31b2546345219e348575eb80e9a0?s=96&d=mm&r=g\",\"contentUrl\":\"https:\\\/\\\/secure.gravatar.com\\\/avatar\\\/37d968a2e67a6fd04c169c4bdef102d0bc5d31b2546345219e348575eb80e9a0?s=96&d=mm&r=g\",\"caption\":\"redazione\"},\"sameAs\":[\"http:\\\/\\\/www.bellunopress.it\",\"https:\\\/\\\/x.com\\\/bellunopress\"],\"url\":\"https:\\\/\\\/www.bellunopress.it\\\/fr\\\/author\\\/redazione\\\/\"}]}<\/script>\n<!-- \/ Yoast SEO plugin. -->","yoast_head_json":{"title":"Nuova mensa alle scuole Nievo e Quartier Cadore - Bellunopress - Dolomiti","robots":{"index":"index","follow":"follow","max-snippet":"max-snippet:-1","max-image-preview":"max-image-preview:large","max-video-preview":"max-video-preview:-1"},"canonical":"https:\/\/www.bellunopress.it\/fr\/2026\/04\/22\/nuova-mensa-alle-scuole-nievo-e-quartier-cadore\/","og_locale":"fr_FR","og_type":"article","og_title":"Nuova mensa alle scuole Nievo e Quartier Cadore - Bellunopress - Dolomiti","og_description":"Cena solidale del Comitato Genitori per completare gli ultimi accessori Belluno, 22\/04\/2026 &#8211; Le nuove mense della scuola media Nievo e della scuola primaria di Quartier Cadore sono ormai realt\u00e0. Gli interventi, realizzati dal Comune di Belluno grazie ai fondi del PNRR, sono stati completati e si avviano verso l\u2019ultimo sprint prima dell\u2019inaugurazione ufficiale, prevista [&hellip;]","og_url":"https:\/\/www.bellunopress.it\/fr\/2026\/04\/22\/nuova-mensa-alle-scuole-nievo-e-quartier-cadore\/","og_site_name":"Bellunopress - Dolomiti","article_publisher":"https:\/\/www.facebook.com\/profile.php?id=100008943462799","article_published_time":"2026-04-22T13:21:47+00:00","og_image":[{"width":600,"height":427,"url":"https:\/\/www.bellunopress.it\/wp-content\/uploads\/2026\/04\/Mensa-scuola-Quartier-Cadore.jpeg","type":"image\/jpeg"}],"author":"redazione","twitter_card":"summary_large_image","twitter_creator":"@bellunopress","twitter_site":"@bellunopress","twitter_misc":{"\u00c9crit par":"redazione","Dur\u00e9e de lecture estim\u00e9e":"2 minutes"},"schema":{"@context":"https:\/\/schema.org","@graph":[{"@type":"Article","@id":"https:\/\/www.bellunopress.it\/2026\/04\/22\/nuova-mensa-alle-scuole-nievo-e-quartier-cadore\/#article","isPartOf":{"@id":"https:\/\/www.bellunopress.it\/2026\/04\/22\/nuova-mensa-alle-scuole-nievo-e-quartier-cadore\/"},"author":{"name":"redazione","@id":"https:\/\/www.bellunopress.it\/#\/schema\/person\/79bb06722b37ece1c03d3e94beb30d73"},"headline":"Nuova mensa alle scuole Nievo e Quartier Cadore","datePublished":"2026-04-22T13:21:47+00:00","mainEntityOfPage":{"@id":"https:\/\/www.bellunopress.it\/2026\/04\/22\/nuova-mensa-alle-scuole-nievo-e-quartier-cadore\/"},"wordCount":466,"publisher":{"@id":"https:\/\/www.bellunopress.it\/#organization"},"image":{"@id":"https:\/\/www.bellunopress.it\/2026\/04\/22\/nuova-mensa-alle-scuole-nievo-e-quartier-cadore\/#primaryimage"},"thumbnailUrl":"https:\/\/www.bellunopress.it\/wp-content\/uploads\/2026\/04\/Mensa-scuola-Quartier-Cadore.jpeg","articleSection":["Prima Pagina","Scuola"],"inLanguage":"fr-FR"},{"@type":"WebPage","@id":"https:\/\/www.bellunopress.it\/2026\/04\/22\/nuova-mensa-alle-scuole-nievo-e-quartier-cadore\/","url":"https:\/\/www.bellunopress.it\/2026\/04\/22\/nuova-mensa-alle-scuole-nievo-e-quartier-cadore\/","name":"Nuova mensa alle scuole Nievo e Quartier Cadore - Bellunopress - Dolomiti","isPartOf":{"@id":"https:\/\/www.bellunopress.it\/#website"},"primaryImageOfPage":{"@id":"https:\/\/www.bellunopress.it\/2026\/04\/22\/nuova-mensa-alle-scuole-nievo-e-quartier-cadore\/#primaryimage"},"image":{"@id":"https:\/\/www.bellunopress.it\/2026\/04\/22\/nuova-mensa-alle-scuole-nievo-e-quartier-cadore\/#primaryimage"},"thumbnailUrl":"https:\/\/www.bellunopress.it\/wp-content\/uploads\/2026\/04\/Mensa-scuola-Quartier-Cadore.jpeg","datePublished":"2026-04-22T13:21:47+00:00","breadcrumb":{"@id":"https:\/\/www.bellunopress.it\/2026\/04\/22\/nuova-mensa-alle-scuole-nievo-e-quartier-cadore\/#breadcrumb"},"inLanguage":"fr-FR","potentialAction":[{"@type":"ReadAction","target":["https:\/\/www.bellunopress.it\/2026\/04\/22\/nuova-mensa-alle-scuole-nievo-e-quartier-cadore\/"]}]},{"@type":"ImageObject","inLanguage":"fr-FR","@id":"https:\/\/www.bellunopress.it\/2026\/04\/22\/nuova-mensa-alle-scuole-nievo-e-quartier-cadore\/#primaryimage","url":"https:\/\/www.bellunopress.it\/wp-content\/uploads\/2026\/04\/Mensa-scuola-Quartier-Cadore.jpeg","contentUrl":"https:\/\/www.bellunopress.it\/wp-content\/uploads\/2026\/04\/Mensa-scuola-Quartier-Cadore.jpeg","width":600,"height":427,"caption":"Mensa Scuola Quartier Cadore (Belluno)"},{"@type":"BreadcrumbList","@id":"https:\/\/www.bellunopress.it\/2026\/04\/22\/nuova-mensa-alle-scuole-nievo-e-quartier-cadore\/#breadcrumb","itemListElement":[{"@type":"ListItem","position":1,"name":"Home","item":"https:\/\/www.bellunopress.it\/"},{"@type":"ListItem","position":2,"name":"Nuova mensa alle scuole Nievo e Quartier Cadore"}]},{"@type":"WebSite","@id":"https:\/\/www.bellunopress.it\/#website","url":"https:\/\/www.bellunopress.it\/","name":"Bellunopress - Dolomiti","description":"e-mail: redazione@bellunopress.it","publisher":{"@id":"https:\/\/www.bellunopress.it\/#organization"},"potentialAction":[{"@type":"SearchAction","target":{"@type":"EntryPoint","urlTemplate":"https:\/\/www.bellunopress.it\/?s={search_term_string}"},"query-input":{"@type":"PropertyValueSpecification","valueRequired":true,"valueName":"search_term_string"}}],"inLanguage":"fr-FR"},{"@type":"Organization","@id":"https:\/\/www.bellunopress.it\/#organization","name":"Bellunopress","url":"https:\/\/www.bellunopress.it\/","logo":{"@type":"ImageObject","inLanguage":"fr-FR","@id":"https:\/\/www.bellunopress.it\/#\/schema\/logo\/image\/","url":"https:\/\/www.bellunopress.it\/wp-content\/uploads\/2011\/05\/cropped-logo-bellunopress-.jpg","contentUrl":"https:\/\/www.bellunopress.it\/wp-content\/uploads\/2011\/05\/cropped-logo-bellunopress-.jpg","width":512,"height":512,"caption":"Bellunopress"},"image":{"@id":"https:\/\/www.bellunopress.it\/#\/schema\/logo\/image\/"},"sameAs":["https:\/\/www.facebook.com\/profile.php?id=100008943462799","https:\/\/x.com\/bellunopress","https:\/\/www.linkedin.com\/hp\/?dnr=JBzUWaJfMUw8vbXJJ2tVW5-I3jZKvC4wsoxE&amp;amp;amp;amp;amp;amp;trk=nav_responsive_tab_home","https:\/\/www.youtube.com\/channel\/UCxL0wu1uN0_3_7hGG0306cw"]},{"@type":"Person","@id":"https:\/\/www.bellunopress.it\/#\/schema\/person\/79bb06722b37ece1c03d3e94beb30d73","name":"r\u00e9daction","image":{"@type":"ImageObject","inLanguage":"fr-FR","@id":"https:\/\/secure.gravatar.com\/avatar\/37d968a2e67a6fd04c169c4bdef102d0bc5d31b2546345219e348575eb80e9a0?s=96&d=mm&r=g","url":"https:\/\/secure.gravatar.com\/avatar\/37d968a2e67a6fd04c169c4bdef102d0bc5d31b2546345219e348575eb80e9a0?s=96&d=mm&r=g","contentUrl":"https:\/\/secure.gravatar.com\/avatar\/37d968a2e67a6fd04c169c4bdef102d0bc5d31b2546345219e348575eb80e9a0?s=96&d=mm&r=g","caption":"redazione"},"sameAs":["http:\/\/www.bellunopress.it","https:\/\/x.com\/bellunopress"],"url":"https:\/\/www.bellunopress.it\/fr\/author\/redazione\/"}]}},"_links":{"self":[{"href":"https:\/\/www.bellunopress.it\/fr\/wp-json\/wp\/v2\/posts\/169377","targetHints":{"allow":["GET"]}}],"collection":[{"href":"https:\/\/www.bellunopress.it\/fr\/wp-json\/wp\/v2\/posts"}],"about":[{"href":"https:\/\/www.bellunopress.it\/fr\/wp-json\/wp\/v2\/types\/post"}],"author":[{"embeddable":true,"href":"https:\/\/www.bellunopress.it\/fr\/wp-json\/wp\/v2\/users\/2"}],"replies":[{"embeddable":true,"href":"https:\/\/www.bellunopress.it\/fr\/wp-json\/wp\/v2\/comments?post=169377"}],"version-history":[{"count":1,"href":"https:\/\/www.bellunopress.it\/fr\/wp-json\/wp\/v2\/posts\/169377\/revisions"}],"predecessor-version":[{"id":169379,"href":"https:\/\/www.bellunopress.it\/fr\/wp-json\/wp\/v2\/posts\/169377\/revisions\/169379"}],"wp:featuredmedia":[{"embeddable":true,"href":"https:\/\/www.bellunopress.it\/fr\/wp-json\/wp\/v2\/media\/169378"}],"wp:attachment":[{"href":"https:\/\/www.bellunopress.it\/fr\/wp-json\/wp\/v2\/media?parent=169377"}],"wp:term":[{"taxonomy":"category","embeddable":true,"href":"https:\/\/www.bellunopress.it\/fr\/wp-json\/wp\/v2\/categories?post=169377"},{"taxonomy":"post_tag","embeddable":true,"href":"https:\/\/www.bellunopress.it\/fr\/wp-json\/wp\/v2\/tags?post=169377"}],"curies":[{"name":"wp","href":"https:\/\/api.w.org\/{rel}","templated":true}]}}