{"id":169372,"date":"2026-05-04T11:06:12","date_gmt":"2026-05-04T09:06:12","guid":{"rendered":"https:\/\/www.bellunopress.it\/?p=169372"},"modified":"2026-05-12T08:10:16","modified_gmt":"2026-05-12T06:10:16","slug":"enrico-pedenovi-testimone-di-liberta-sabato-a-belluno-la-presentazione-del-libro","status":"publish","type":"post","link":"https:\/\/www.bellunopress.it\/fr\/2026\/05\/04\/enrico-pedenovi-testimone-di-liberta-sabato-a-belluno-la-presentazione-del-libro\/","title":{"rendered":"&#8220;Enrico Pedenovi. Testimone di libert\u00e0&#8221;. Sabato a Belluno la presentazione del libro"},"content":{"rendered":"<p>Sabato 9 maggio alle ore 17.00 nella sede del Circolo in via dei Molini, 10 &#8211; Belluno (Borgo Piave, davanti alla chiesa di San Nicol\u00f2) si terr\u00e0 l&#8217;incontro con Luca Bonanno, saggista e scrittore, che presenter\u00e0 al pubblico bellunese il volume &#8220;Enrico Pedenovi. Testimone di libert\u00e0&#8221; (Idrovolante Edizioni, con prefazione di Ignazio La Russa, Presidente del Senato della Repubblica), nel cinquantesimo del sacrificio dell&#8217;avv. Pedenovi, esponente milanese del MSI-DN, assassinato dai terroristi rossi di &#8220;Prima Linea&#8221; il 29 aprile 1976.<\/p>\n<p>Gli autori del saggio, oltre a Luca Bonanno, sono Guido Giraudo e le figlie di Pedenovi, Giovanna e Beatrice.<br \/>\nIntroduce l&#8217;avv. Silvia Calligaro, consigliere regionale e Presidente provinciale di Fratelli d&#8217;Italia<\/p>\n<p>Modera l&#8217;incontro il professor Francesco Dematt\u00e8, presidente Circolo culturale &#8220;La Terra dei Padri &#8211; Belluno APS&#8221; e Delegato della Lega Nazionale di Trieste per la provincia di Belluno, che organizza l&#8217;evento.<\/p>\n<p>&nbsp;<\/p>\n<p><strong>Sintesi dell&#8217;opera<\/strong><\/p>\n<p>Enrico Pedenovi, consigliere provinciale del Movimento Sociale Italiano, fu il primo rappresentante delle istituzioni a essere ucciso dal terrorismo comunista nel dopoguerra. Era il 29 aprile 1976, un anno esatto dopo la morte del diciottenne Sergio Ramelli, massacrato a colpi di chiave inglese da un commando di Avanguardia Operaia. A colpire Pedenovi furono, invece, alcuni ex appartenenti a Lotta Continua che avevano scelto di &#8220;alzare il tiro&#8221; e di passare alla lotta armata. Inizi\u00f2 proprio con quel delitto la tragica stagione di Prima Linea, che cost\u00f2 al nostro Paese decine di morti innocenti. Il libro ci restituisce la figura umana e politica di Enrico Pedenovi ripercorrendo le principali tappe della sua vita e ricostruendo la dinamica del suo barbaro omicidio, anche grazie alla testimonianza inedita delle figlie e di chi ne ha condiviso le esperienze.<\/p>\n<p><strong>Gli autori<\/strong><\/p>\n<p>Guido Giraudo<br \/>\nClasse 1954, giornalista professionista. Negli anni Settanta \u00e8 stato vicedirettore del settimanale &#8220;Candido&#8221;, dirigente nazionale del FUAN e componente del gruppo musicale &#8220;Amici del Vento&#8221;. Nel 1977 ha fondato, con Claudio Volante e Antonio Masina, l&#8217;Associazione culturale &#8220;Lorien&#8221;, archivio storico della Musica Alternativa. Autore o curatore di svariate pubblicazioni, \u00e8 stato per anni consulente di comunicazione per Enti pubblici e importanti agenzie ed \u00e8 tutt&#8217;ora docente di Management degli eventi e di Marketing innovativo.<\/p>\n<p>Luca Bonanno<br \/>\nLuca Bonanno vive nella provincia di Monza. Collabora con riviste e siti internet. Il suo primo libro \u00e8 &#8220;Ather Capelli. La vita e gli scritti&#8221;. Per Eclettica Edizioni, nel 2021, ha pubblicato &#8220;Mario Gioda. Amare i cervelli e temprare gli spiriti&#8221;, nel 2023 &#8220;Giorgio Pisan\u00f2, soldato, giornalista, politico&#8221;.<\/p>","protected":false},"excerpt":{"rendered":"<p>Sabato 9 maggio alle ore 17.00 nella sede del Circolo in via dei Molini, 10 &#8211; Belluno (Borgo Piave, davanti alla chiesa di San Nicol\u00f2) si terr\u00e0 l&#8217;incontro con Luca Bonanno, saggista e scrittore, che presenter\u00e0 al pubblico bellunese il volume &#8220;Enrico Pedenovi. Testimone di libert\u00e0&#8221; (Idrovolante Edizioni, con prefazione di Ignazio La Russa, Presidente [&hellip;]<\/p>\n","protected":false},"author":2,"featured_media":159629,"comment_status":"closed","ping_status":"open","sticky":false,"template":"","format":"standard","meta":{"footnotes":""},"categories":[27],"tags":[],"class_list":["post-169372","post","type-post","status-publish","format-standard","has-post-thumbnail","category-appuntamenti"],"yoast_head":"<!-- This site is optimized with the Yoast SEO plugin v28.4 - https:\/\/yoast.com\/product\/yoast-seo-wordpress\/ -->\n<title>&quot;Enrico Pedenovi. Testimone di libert\u00e0&quot;. Sabato a Belluno la presentazione del libro - Bellunopress - Dolomiti<\/title>\n<meta name=\"robots\" content=\"index, follow, max-snippet:-1, max-image-preview:large, max-video-preview:-1\" \/>\n<link rel=\"canonical\" href=\"https:\/\/www.bellunopress.it\/fr\/2026\/05\/04\/enrico-pedenovi-testimone-di-liberta-sabato-a-belluno-la-presentazione-del-libro\/\" \/>\n<meta property=\"og:locale\" content=\"fr_FR\" \/>\n<meta property=\"og:type\" content=\"article\" \/>\n<meta property=\"og:title\" content=\"&quot;Enrico Pedenovi. Testimone di libert\u00e0&quot;. Sabato a Belluno la presentazione del libro - Bellunopress - Dolomiti\" \/>\n<meta property=\"og:description\" content=\"Sabato 9 maggio alle ore 17.00 nella sede del Circolo in via dei Molini, 10 &#8211; Belluno (Borgo Piave, davanti alla chiesa di San Nicol\u00f2) si terr\u00e0 l&#8217;incontro con Luca Bonanno, saggista e scrittore, che presenter\u00e0 al pubblico bellunese il volume &#8220;Enrico Pedenovi. Testimone di libert\u00e0&#8221; (Idrovolante Edizioni, con prefazione di Ignazio La Russa, Presidente [&hellip;]\" \/>\n<meta property=\"og:url\" content=\"https:\/\/www.bellunopress.it\/fr\/2026\/05\/04\/enrico-pedenovi-testimone-di-liberta-sabato-a-belluno-la-presentazione-del-libro\/\" \/>\n<meta property=\"og:site_name\" content=\"Bellunopress - Dolomiti\" \/>\n<meta property=\"article:publisher\" content=\"https:\/\/www.facebook.com\/profile.php?id=100008943462799\" \/>\n<meta property=\"article:published_time\" content=\"2026-05-04T09:06:12+00:00\" \/>\n<meta property=\"article:modified_time\" content=\"2026-05-12T06:10:16+00:00\" \/>\n<meta property=\"og:image\" content=\"https:\/\/www.bellunopress.it\/wp-content\/uploads\/2025\/04\/Borgo-Piave-sede-Ass-Terra-dei-Padri-Dematte_edited.jpg\" \/>\n\t<meta property=\"og:image:width\" content=\"1000\" \/>\n\t<meta property=\"og:image:height\" content=\"690\" \/>\n\t<meta property=\"og:image:type\" content=\"image\/jpeg\" \/>\n<meta name=\"author\" content=\"redazione\" \/>\n<meta name=\"twitter:card\" content=\"summary_large_image\" \/>\n<meta name=\"twitter:creator\" content=\"@bellunopress\" \/>\n<meta name=\"twitter:site\" content=\"@bellunopress\" \/>\n<meta name=\"twitter:label1\" content=\"\u00c9crit par\" \/>\n\t<meta name=\"twitter:data1\" content=\"redazione\" \/>\n\t<meta name=\"twitter:label2\" content=\"Dur\u00e9e de lecture estim\u00e9e\" \/>\n\t<meta name=\"twitter:data2\" content=\"3 minutes\" \/>\n<script type=\"application\/ld+json\" class=\"yoast-schema-graph\">{\"@context\":\"https:\\\/\\\/schema.org\",\"@graph\":[{\"@type\":\"Article\",\"@id\":\"https:\\\/\\\/www.bellunopress.it\\\/2026\\\/05\\\/04\\\/enrico-pedenovi-testimone-di-liberta-sabato-a-belluno-la-presentazione-del-libro\\\/#article\",\"isPartOf\":{\"@id\":\"https:\\\/\\\/www.bellunopress.it\\\/2026\\\/05\\\/04\\\/enrico-pedenovi-testimone-di-liberta-sabato-a-belluno-la-presentazione-del-libro\\\/\"},\"author\":{\"name\":\"redazione\",\"@id\":\"https:\\\/\\\/www.bellunopress.it\\\/#\\\/schema\\\/person\\\/79bb06722b37ece1c03d3e94beb30d73\"},\"headline\":\"&#8220;Enrico Pedenovi. Testimone di libert\u00e0&#8221;. Sabato a Belluno la presentazione del libro\",\"datePublished\":\"2026-05-04T09:06:12+00:00\",\"dateModified\":\"2026-05-12T06:10:16+00:00\",\"mainEntityOfPage\":{\"@id\":\"https:\\\/\\\/www.bellunopress.it\\\/2026\\\/05\\\/04\\\/enrico-pedenovi-testimone-di-liberta-sabato-a-belluno-la-presentazione-del-libro\\\/\"},\"wordCount\":414,\"publisher\":{\"@id\":\"https:\\\/\\\/www.bellunopress.it\\\/#organization\"},\"image\":{\"@id\":\"https:\\\/\\\/www.bellunopress.it\\\/2026\\\/05\\\/04\\\/enrico-pedenovi-testimone-di-liberta-sabato-a-belluno-la-presentazione-del-libro\\\/#primaryimage\"},\"thumbnailUrl\":\"https:\\\/\\\/www.bellunopress.it\\\/wp-content\\\/uploads\\\/2025\\\/04\\\/Borgo-Piave-sede-Ass-Terra-dei-Padri-Dematte_edited.jpg\",\"articleSection\":[\"Appuntamenti, Eventi\"],\"inLanguage\":\"fr-FR\"},{\"@type\":\"WebPage\",\"@id\":\"https:\\\/\\\/www.bellunopress.it\\\/2026\\\/05\\\/04\\\/enrico-pedenovi-testimone-di-liberta-sabato-a-belluno-la-presentazione-del-libro\\\/\",\"url\":\"https:\\\/\\\/www.bellunopress.it\\\/2026\\\/05\\\/04\\\/enrico-pedenovi-testimone-di-liberta-sabato-a-belluno-la-presentazione-del-libro\\\/\",\"name\":\"\\\"Enrico Pedenovi. Testimone di libert\u00e0\\\". Sabato a Belluno la presentazione del libro - Bellunopress - Dolomiti\",\"isPartOf\":{\"@id\":\"https:\\\/\\\/www.bellunopress.it\\\/#website\"},\"primaryImageOfPage\":{\"@id\":\"https:\\\/\\\/www.bellunopress.it\\\/2026\\\/05\\\/04\\\/enrico-pedenovi-testimone-di-liberta-sabato-a-belluno-la-presentazione-del-libro\\\/#primaryimage\"},\"image\":{\"@id\":\"https:\\\/\\\/www.bellunopress.it\\\/2026\\\/05\\\/04\\\/enrico-pedenovi-testimone-di-liberta-sabato-a-belluno-la-presentazione-del-libro\\\/#primaryimage\"},\"thumbnailUrl\":\"https:\\\/\\\/www.bellunopress.it\\\/wp-content\\\/uploads\\\/2025\\\/04\\\/Borgo-Piave-sede-Ass-Terra-dei-Padri-Dematte_edited.jpg\",\"datePublished\":\"2026-05-04T09:06:12+00:00\",\"dateModified\":\"2026-05-12T06:10:16+00:00\",\"breadcrumb\":{\"@id\":\"https:\\\/\\\/www.bellunopress.it\\\/2026\\\/05\\\/04\\\/enrico-pedenovi-testimone-di-liberta-sabato-a-belluno-la-presentazione-del-libro\\\/#breadcrumb\"},\"inLanguage\":\"fr-FR\",\"potentialAction\":[{\"@type\":\"ReadAction\",\"target\":[\"https:\\\/\\\/www.bellunopress.it\\\/2026\\\/05\\\/04\\\/enrico-pedenovi-testimone-di-liberta-sabato-a-belluno-la-presentazione-del-libro\\\/\"]}]},{\"@type\":\"ImageObject\",\"inLanguage\":\"fr-FR\",\"@id\":\"https:\\\/\\\/www.bellunopress.it\\\/2026\\\/05\\\/04\\\/enrico-pedenovi-testimone-di-liberta-sabato-a-belluno-la-presentazione-del-libro\\\/#primaryimage\",\"url\":\"https:\\\/\\\/www.bellunopress.it\\\/wp-content\\\/uploads\\\/2025\\\/04\\\/Borgo-Piave-sede-Ass-Terra-dei-Padri-Dematte_edited.jpg\",\"contentUrl\":\"https:\\\/\\\/www.bellunopress.it\\\/wp-content\\\/uploads\\\/2025\\\/04\\\/Borgo-Piave-sede-Ass-Terra-dei-Padri-Dematte_edited.jpg\",\"width\":1000,\"height\":690,\"caption\":\"Belluno, piazzetta di Borgo Piave, via dei Molini 10 , sede dell'Associazione, di fronte alla chiesa di San Nicol\u00f2.\"},{\"@type\":\"BreadcrumbList\",\"@id\":\"https:\\\/\\\/www.bellunopress.it\\\/2026\\\/05\\\/04\\\/enrico-pedenovi-testimone-di-liberta-sabato-a-belluno-la-presentazione-del-libro\\\/#breadcrumb\",\"itemListElement\":[{\"@type\":\"ListItem\",\"position\":1,\"name\":\"Home\",\"item\":\"https:\\\/\\\/www.bellunopress.it\\\/\"},{\"@type\":\"ListItem\",\"position\":2,\"name\":\"&#8220;Enrico Pedenovi. Testimone di libert\u00e0&#8221;. Sabato a Belluno la presentazione del libro\"}]},{\"@type\":\"WebSite\",\"@id\":\"https:\\\/\\\/www.bellunopress.it\\\/#website\",\"url\":\"https:\\\/\\\/www.bellunopress.it\\\/\",\"name\":\"Bellunopress - Dolomiti\",\"description\":\"e-mail: redazione@bellunopress.it\",\"publisher\":{\"@id\":\"https:\\\/\\\/www.bellunopress.it\\\/#organization\"},\"potentialAction\":[{\"@type\":\"SearchAction\",\"target\":{\"@type\":\"EntryPoint\",\"urlTemplate\":\"https:\\\/\\\/www.bellunopress.it\\\/?s={search_term_string}\"},\"query-input\":{\"@type\":\"PropertyValueSpecification\",\"valueRequired\":true,\"valueName\":\"search_term_string\"}}],\"inLanguage\":\"fr-FR\"},{\"@type\":\"Organization\",\"@id\":\"https:\\\/\\\/www.bellunopress.it\\\/#organization\",\"name\":\"Bellunopress\",\"url\":\"https:\\\/\\\/www.bellunopress.it\\\/\",\"logo\":{\"@type\":\"ImageObject\",\"inLanguage\":\"fr-FR\",\"@id\":\"https:\\\/\\\/www.bellunopress.it\\\/#\\\/schema\\\/logo\\\/image\\\/\",\"url\":\"https:\\\/\\\/www.bellunopress.it\\\/wp-content\\\/uploads\\\/2011\\\/05\\\/cropped-logo-bellunopress-.jpg\",\"contentUrl\":\"https:\\\/\\\/www.bellunopress.it\\\/wp-content\\\/uploads\\\/2011\\\/05\\\/cropped-logo-bellunopress-.jpg\",\"width\":512,\"height\":512,\"caption\":\"Bellunopress\"},\"image\":{\"@id\":\"https:\\\/\\\/www.bellunopress.it\\\/#\\\/schema\\\/logo\\\/image\\\/\"},\"sameAs\":[\"https:\\\/\\\/www.facebook.com\\\/profile.php?id=100008943462799\",\"https:\\\/\\\/x.com\\\/bellunopress\",\"https:\\\/\\\/www.linkedin.com\\\/hp\\\/?dnr=JBzUWaJfMUw8vbXJJ2tVW5-I3jZKvC4wsoxE&amp;amp;amp;amp;amp;amp;trk=nav_responsive_tab_home\",\"https:\\\/\\\/www.youtube.com\\\/channel\\\/UCxL0wu1uN0_3_7hGG0306cw\"]},{\"@type\":\"Person\",\"@id\":\"https:\\\/\\\/www.bellunopress.it\\\/#\\\/schema\\\/person\\\/79bb06722b37ece1c03d3e94beb30d73\",\"name\":\"redazione\",\"image\":{\"@type\":\"ImageObject\",\"inLanguage\":\"fr-FR\",\"@id\":\"https:\\\/\\\/secure.gravatar.com\\\/avatar\\\/37d968a2e67a6fd04c169c4bdef102d0bc5d31b2546345219e348575eb80e9a0?s=96&d=mm&r=g\",\"url\":\"https:\\\/\\\/secure.gravatar.com\\\/avatar\\\/37d968a2e67a6fd04c169c4bdef102d0bc5d31b2546345219e348575eb80e9a0?s=96&d=mm&r=g\",\"contentUrl\":\"https:\\\/\\\/secure.gravatar.com\\\/avatar\\\/37d968a2e67a6fd04c169c4bdef102d0bc5d31b2546345219e348575eb80e9a0?s=96&d=mm&r=g\",\"caption\":\"redazione\"},\"sameAs\":[\"http:\\\/\\\/www.bellunopress.it\",\"https:\\\/\\\/x.com\\\/bellunopress\"],\"url\":\"https:\\\/\\\/www.bellunopress.it\\\/fr\\\/author\\\/redazione\\\/\"}]}<\/script>\n<!-- \/ Yoast SEO plugin. -->","yoast_head_json":{"title":"\"Enrico Pedenovi. Testimone di libert\u00e0\". Sabato a Belluno la presentazione del libro - Bellunopress - Dolomiti","robots":{"index":"index","follow":"follow","max-snippet":"max-snippet:-1","max-image-preview":"max-image-preview:large","max-video-preview":"max-video-preview:-1"},"canonical":"https:\/\/www.bellunopress.it\/fr\/2026\/05\/04\/enrico-pedenovi-testimone-di-liberta-sabato-a-belluno-la-presentazione-del-libro\/","og_locale":"fr_FR","og_type":"article","og_title":"\"Enrico Pedenovi. Testimone di libert\u00e0\". Sabato a Belluno la presentazione del libro - Bellunopress - Dolomiti","og_description":"Sabato 9 maggio alle ore 17.00 nella sede del Circolo in via dei Molini, 10 &#8211; Belluno (Borgo Piave, davanti alla chiesa di San Nicol\u00f2) si terr\u00e0 l&#8217;incontro con Luca Bonanno, saggista e scrittore, che presenter\u00e0 al pubblico bellunese il volume &#8220;Enrico Pedenovi. Testimone di libert\u00e0&#8221; (Idrovolante Edizioni, con prefazione di Ignazio La Russa, Presidente [&hellip;]","og_url":"https:\/\/www.bellunopress.it\/fr\/2026\/05\/04\/enrico-pedenovi-testimone-di-liberta-sabato-a-belluno-la-presentazione-del-libro\/","og_site_name":"Bellunopress - Dolomiti","article_publisher":"https:\/\/www.facebook.com\/profile.php?id=100008943462799","article_published_time":"2026-05-04T09:06:12+00:00","article_modified_time":"2026-05-12T06:10:16+00:00","og_image":[{"width":1000,"height":690,"url":"https:\/\/www.bellunopress.it\/wp-content\/uploads\/2025\/04\/Borgo-Piave-sede-Ass-Terra-dei-Padri-Dematte_edited.jpg","type":"image\/jpeg"}],"author":"redazione","twitter_card":"summary_large_image","twitter_creator":"@bellunopress","twitter_site":"@bellunopress","twitter_misc":{"\u00c9crit par":"redazione","Dur\u00e9e de lecture estim\u00e9e":"3 minutes"},"schema":{"@context":"https:\/\/schema.org","@graph":[{"@type":"Article","@id":"https:\/\/www.bellunopress.it\/2026\/05\/04\/enrico-pedenovi-testimone-di-liberta-sabato-a-belluno-la-presentazione-del-libro\/#article","isPartOf":{"@id":"https:\/\/www.bellunopress.it\/2026\/05\/04\/enrico-pedenovi-testimone-di-liberta-sabato-a-belluno-la-presentazione-del-libro\/"},"author":{"name":"redazione","@id":"https:\/\/www.bellunopress.it\/#\/schema\/person\/79bb06722b37ece1c03d3e94beb30d73"},"headline":"&#8220;Enrico Pedenovi. Testimone di libert\u00e0&#8221;. Sabato a Belluno la presentazione del libro","datePublished":"2026-05-04T09:06:12+00:00","dateModified":"2026-05-12T06:10:16+00:00","mainEntityOfPage":{"@id":"https:\/\/www.bellunopress.it\/2026\/05\/04\/enrico-pedenovi-testimone-di-liberta-sabato-a-belluno-la-presentazione-del-libro\/"},"wordCount":414,"publisher":{"@id":"https:\/\/www.bellunopress.it\/#organization"},"image":{"@id":"https:\/\/www.bellunopress.it\/2026\/05\/04\/enrico-pedenovi-testimone-di-liberta-sabato-a-belluno-la-presentazione-del-libro\/#primaryimage"},"thumbnailUrl":"https:\/\/www.bellunopress.it\/wp-content\/uploads\/2025\/04\/Borgo-Piave-sede-Ass-Terra-dei-Padri-Dematte_edited.jpg","articleSection":["Appuntamenti, Eventi"],"inLanguage":"fr-FR"},{"@type":"WebPage","@id":"https:\/\/www.bellunopress.it\/2026\/05\/04\/enrico-pedenovi-testimone-di-liberta-sabato-a-belluno-la-presentazione-del-libro\/","url":"https:\/\/www.bellunopress.it\/2026\/05\/04\/enrico-pedenovi-testimone-di-liberta-sabato-a-belluno-la-presentazione-del-libro\/","name":"\"Enrico Pedenovi. Testimone di libert\u00e0\". Sabato a Belluno la presentazione del libro - Bellunopress - Dolomiti","isPartOf":{"@id":"https:\/\/www.bellunopress.it\/#website"},"primaryImageOfPage":{"@id":"https:\/\/www.bellunopress.it\/2026\/05\/04\/enrico-pedenovi-testimone-di-liberta-sabato-a-belluno-la-presentazione-del-libro\/#primaryimage"},"image":{"@id":"https:\/\/www.bellunopress.it\/2026\/05\/04\/enrico-pedenovi-testimone-di-liberta-sabato-a-belluno-la-presentazione-del-libro\/#primaryimage"},"thumbnailUrl":"https:\/\/www.bellunopress.it\/wp-content\/uploads\/2025\/04\/Borgo-Piave-sede-Ass-Terra-dei-Padri-Dematte_edited.jpg","datePublished":"2026-05-04T09:06:12+00:00","dateModified":"2026-05-12T06:10:16+00:00","breadcrumb":{"@id":"https:\/\/www.bellunopress.it\/2026\/05\/04\/enrico-pedenovi-testimone-di-liberta-sabato-a-belluno-la-presentazione-del-libro\/#breadcrumb"},"inLanguage":"fr-FR","potentialAction":[{"@type":"ReadAction","target":["https:\/\/www.bellunopress.it\/2026\/05\/04\/enrico-pedenovi-testimone-di-liberta-sabato-a-belluno-la-presentazione-del-libro\/"]}]},{"@type":"ImageObject","inLanguage":"fr-FR","@id":"https:\/\/www.bellunopress.it\/2026\/05\/04\/enrico-pedenovi-testimone-di-liberta-sabato-a-belluno-la-presentazione-del-libro\/#primaryimage","url":"https:\/\/www.bellunopress.it\/wp-content\/uploads\/2025\/04\/Borgo-Piave-sede-Ass-Terra-dei-Padri-Dematte_edited.jpg","contentUrl":"https:\/\/www.bellunopress.it\/wp-content\/uploads\/2025\/04\/Borgo-Piave-sede-Ass-Terra-dei-Padri-Dematte_edited.jpg","width":1000,"height":690,"caption":"Belluno, piazzetta di Borgo Piave, via dei Molini 10 , sede dell'Associazione, di fronte alla chiesa di San Nicol\u00f2."},{"@type":"BreadcrumbList","@id":"https:\/\/www.bellunopress.it\/2026\/05\/04\/enrico-pedenovi-testimone-di-liberta-sabato-a-belluno-la-presentazione-del-libro\/#breadcrumb","itemListElement":[{"@type":"ListItem","position":1,"name":"Home","item":"https:\/\/www.bellunopress.it\/"},{"@type":"ListItem","position":2,"name":"&#8220;Enrico Pedenovi. Testimone di libert\u00e0&#8221;. Sabato a Belluno la presentazione del libro"}]},{"@type":"WebSite","@id":"https:\/\/www.bellunopress.it\/#website","url":"https:\/\/www.bellunopress.it\/","name":"Bellunopress - Dolomiti","description":"e-mail: redazione@bellunopress.it","publisher":{"@id":"https:\/\/www.bellunopress.it\/#organization"},"potentialAction":[{"@type":"SearchAction","target":{"@type":"EntryPoint","urlTemplate":"https:\/\/www.bellunopress.it\/?s={search_term_string}"},"query-input":{"@type":"PropertyValueSpecification","valueRequired":true,"valueName":"search_term_string"}}],"inLanguage":"fr-FR"},{"@type":"Organization","@id":"https:\/\/www.bellunopress.it\/#organization","name":"Bellunopress","url":"https:\/\/www.bellunopress.it\/","logo":{"@type":"ImageObject","inLanguage":"fr-FR","@id":"https:\/\/www.bellunopress.it\/#\/schema\/logo\/image\/","url":"https:\/\/www.bellunopress.it\/wp-content\/uploads\/2011\/05\/cropped-logo-bellunopress-.jpg","contentUrl":"https:\/\/www.bellunopress.it\/wp-content\/uploads\/2011\/05\/cropped-logo-bellunopress-.jpg","width":512,"height":512,"caption":"Bellunopress"},"image":{"@id":"https:\/\/www.bellunopress.it\/#\/schema\/logo\/image\/"},"sameAs":["https:\/\/www.facebook.com\/profile.php?id=100008943462799","https:\/\/x.com\/bellunopress","https:\/\/www.linkedin.com\/hp\/?dnr=JBzUWaJfMUw8vbXJJ2tVW5-I3jZKvC4wsoxE&amp;amp;amp;amp;amp;amp;trk=nav_responsive_tab_home","https:\/\/www.youtube.com\/channel\/UCxL0wu1uN0_3_7hGG0306cw"]},{"@type":"Person","@id":"https:\/\/www.bellunopress.it\/#\/schema\/person\/79bb06722b37ece1c03d3e94beb30d73","name":"r\u00e9daction","image":{"@type":"ImageObject","inLanguage":"fr-FR","@id":"https:\/\/secure.gravatar.com\/avatar\/37d968a2e67a6fd04c169c4bdef102d0bc5d31b2546345219e348575eb80e9a0?s=96&d=mm&r=g","url":"https:\/\/secure.gravatar.com\/avatar\/37d968a2e67a6fd04c169c4bdef102d0bc5d31b2546345219e348575eb80e9a0?s=96&d=mm&r=g","contentUrl":"https:\/\/secure.gravatar.com\/avatar\/37d968a2e67a6fd04c169c4bdef102d0bc5d31b2546345219e348575eb80e9a0?s=96&d=mm&r=g","caption":"redazione"},"sameAs":["http:\/\/www.bellunopress.it","https:\/\/x.com\/bellunopress"],"url":"https:\/\/www.bellunopress.it\/fr\/author\/redazione\/"}]}},"_links":{"self":[{"href":"https:\/\/www.bellunopress.it\/fr\/wp-json\/wp\/v2\/posts\/169372","targetHints":{"allow":["GET"]}}],"collection":[{"href":"https:\/\/www.bellunopress.it\/fr\/wp-json\/wp\/v2\/posts"}],"about":[{"href":"https:\/\/www.bellunopress.it\/fr\/wp-json\/wp\/v2\/types\/post"}],"author":[{"embeddable":true,"href":"https:\/\/www.bellunopress.it\/fr\/wp-json\/wp\/v2\/users\/2"}],"replies":[{"embeddable":true,"href":"https:\/\/www.bellunopress.it\/fr\/wp-json\/wp\/v2\/comments?post=169372"}],"version-history":[{"count":1,"href":"https:\/\/www.bellunopress.it\/fr\/wp-json\/wp\/v2\/posts\/169372\/revisions"}],"predecessor-version":[{"id":169373,"href":"https:\/\/www.bellunopress.it\/fr\/wp-json\/wp\/v2\/posts\/169372\/revisions\/169373"}],"wp:featuredmedia":[{"embeddable":true,"href":"https:\/\/www.bellunopress.it\/fr\/wp-json\/wp\/v2\/media\/159629"}],"wp:attachment":[{"href":"https:\/\/www.bellunopress.it\/fr\/wp-json\/wp\/v2\/media?parent=169372"}],"wp:term":[{"taxonomy":"category","embeddable":true,"href":"https:\/\/www.bellunopress.it\/fr\/wp-json\/wp\/v2\/categories?post=169372"},{"taxonomy":"post_tag","embeddable":true,"href":"https:\/\/www.bellunopress.it\/fr\/wp-json\/wp\/v2\/tags?post=169372"}],"curies":[{"name":"wp","href":"https:\/\/api.w.org\/{rel}","templated":true}]}}