{"id":169352,"date":"2026-04-30T12:05:18","date_gmt":"2026-04-30T10:05:18","guid":{"rendered":"https:\/\/www.bellunopress.it\/?p=169352"},"modified":"2026-04-30T12:40:09","modified_gmt":"2026-04-30T10:40:09","slug":"dal-centro-storico-alla-prima-periferia-il-nuovo-valore-degli-spazi-outdoor-nelle-abitazioni-venete","status":"publish","type":"post","link":"https:\/\/www.bellunopress.it\/fr\/2026\/04\/30\/dal-centro-storico-alla-prima-periferia-il-nuovo-valore-degli-spazi-outdoor-nelle-abitazioni-venete\/","title":{"rendered":"Dal centro storico alla prima periferia: il nuovo valore degli spazi outdoor nelle abitazioni venete"},"content":{"rendered":"<p>Passeggiando tra le vie di Padova si nota un dettaglio che fino a qualche anno fa passava quasi inosservato: cortili curati, terrazzi arredati con attenzione, giardini che non sono pi\u00f9 semplice sfondo verde ma ambienti organizzati. Nel tessuto urbano veneto, dove il confine tra citt\u00e0 e provincia \u00e8 spesso sottile, gli <strong>spazi outdoor<\/strong> stanno assumendo un peso diverso nella vita domestica. Non \u00e8 una questione estetica, ma funzionale. Le famiglie li utilizzano con maggiore frequenza, li progettano con anticipo, li considerano parte integrante dell\u2019abitazione.<\/p>\n<h2>Vivere all\u2019aperto in Veneto: esigenze concrete e clima locale<\/h2>\n<p>Il <strong>clima veneto<\/strong>, con estati lunghe e inverni umidi, incide sulle scelte. A Padova e nei comuni limitrofi l\u2019utilizzo del giardino si concentra soprattutto nei mesi miti, ma questo non significa che venga trascurato nel resto dell\u2019anno. Anzi, la pianificazione tiene conto proprio delle condizioni meteorologiche.<\/p>\n<p>Chi abita in centro storico dispone spesso di cortili interni o terrazzi raccolti. Qui la priorit\u00e0 \u00e8 ottimizzare ogni metro quadrato. Tavoli compatti, sedute impilabili, soluzioni che permettano di sfruttare lo spazio senza ingombri permanenti. In prima periferia, dove villette e case singole offrono superfici pi\u00f9 ampie, cresce la richiesta di strutture solide e durevoli.<\/p>\n<p>L\u2019<strong>arredo giardino<\/strong> deve resistere all\u2019umidit\u00e0 e alle escursioni termiche. Il legno, materiale molto diffuso in Veneto per tradizione e sensibilit\u00e0 estetica, viene scelto con trattamenti specifici. L\u2019alluminio verniciato e i materiali compositi trovano spazio per la loro resistenza. La selezione non avviene in modo superficiale: chi investe in un giardino lo fa con l\u2019idea di mantenerlo nel tempo.<\/p>\n<h2>Arredamento outdoor e organizzazione dello spazio<\/h2>\n<p>La trasformazione pi\u00f9 evidente riguarda la funzione. Il <strong>giardino di casa<\/strong> non \u00e8 pi\u00f9 solo luogo di svago occasionale. Diventa area pranzo stabile, spazio di lavoro estivo, punto di incontro per la famiglia. Questo cambiamento porta a una maggiore attenzione alla distribuzione degli elementi.<\/p>\n<p>Un tavolo centrale, sedute coordinate, zone ombreggiate. In molti casi si parte da una struttura principale attorno alla quale ruota l\u2019intero progetto. Chi valuta soluzioni di <a href=\"https:\/\/naturalegno.info\/prodotti\/arredo-giardino-padova\/\"><strong>arredo giardino a Padova<\/strong><\/a> tende a considerare non solo l\u2019aspetto estetico ma la praticit\u00e0 quotidiana: facilit\u00e0 di pulizia, stabilit\u00e0 delle strutture, possibilit\u00e0 di integrazione con pergole o coperture.<\/p>\n<p>Nel contesto veneto \u00e8 frequente l\u2019installazione di porticati o strutture in legno che dialogano con l\u2019architettura locale. L\u2019arredamento deve inserirsi in questo equilibrio senza risultare estraneo. Linee sobrie, colori naturali, materiali coerenti con l\u2019ambiente circostante.<\/p>\n<p>Un altro elemento che incide sulle scelte \u00e8 la presenza di bambini o animali domestici. Superfici lavabili, bordi arrotondati, materiali che non si surriscaldano eccessivamente sotto il sole estivo diventano criteri di selezione concreti.<\/p>\n<h2>Dal centro alla provincia: differenze e punti di contatto<\/h2>\n<p>Le differenze tra centro storico e provincia esistono, ma non sono radicali. Nel cuore di Padova prevalgono soluzioni compatte, talvolta modulari. L\u2019obiettivo \u00e8 creare un angolo conviviale in pochi metri. In provincia, invece, lo spazio consente una progettazione pi\u00f9 ampia: set completi, zone relax con divanetti, tavoli di dimensioni generose per ospitare parenti e amici.<\/p>\n<p>Nonostante queste differenze, il filo conduttore resta la volont\u00e0 di rendere lo <strong>spazio esterno<\/strong> realmente utilizzabile. Non si cerca l\u2019effetto scenografico fine a s\u00e9 stesso. Si cerca coerenza con lo stile di vita familiare. Chi lavora da remoto valuta l\u2019esposizione al sole nelle diverse ore della giornata. Chi riceve spesso ospiti considera l\u2019estensibilit\u00e0 del tavolo. Chi ha poco tempo libero privilegia materiali che richiedano manutenzione minima.<\/p>\n<p>Il risultato \u00e8 una maggiore consapevolezza progettuale. Le famiglie non acquistano pi\u00f9 arredi in modo impulsivo, ma costruiscono lo spazio in fasi successive. Prima l\u2019elemento principale, poi i complementi. Questa gradualit\u00e0 permette di adattare il giardino alle reali esigenze, evitando sprechi.<\/p>\n<h2>Investimento e durata nel tempo<\/h2>\n<p>In Veneto la cultura del fare bene le cose una volta sola pesa nelle decisioni. L\u2019<strong>arredamento per esterni<\/strong> viene considerato un investimento. Meglio spendere qualcosa in pi\u00f9 per una struttura resistente piuttosto che sostituirla dopo due stagioni.<\/p>\n<p>Il legno trattato, se scelto con attenzione, garantisce durata e integrazione estetica. I materiali compositi offrono stabilit\u00e0 senza interventi continui. L\u2019attenzione alla qualit\u00e0 si riflette anche nella scelta dei fornitori locali, spesso preferiti per la possibilit\u00e0 di assistenza e consulenza diretta.<\/p>\n<p>La casa contemporanea non si esaurisce nelle sue stanze interne. A Padova e dintorni il giardino sta assumendo un ruolo strutturale nella quotidianit\u00e0. Un luogo dove si lavora, si pranza, si conversa. Dove la distinzione tra interno ed esterno si attenua, lasciando spazio a un uso pi\u00f9 fluido dell\u2019abitazione.<\/p>\n<p>Non si tratta di tendenza effimera, ma di un cambiamento che emerge osservando cortili ristrutturati, terrazzi arredati con criterio, spazi verdi organizzati con logica. Dal centro storico alla prima periferia, il valore dello spazio outdoor continua a ridefinire il modo in cui le famiglie venete abitano la propria casa.<\/p>","protected":false},"excerpt":{"rendered":"<p>Passeggiando tra le vie di Padova si nota un dettaglio che fino a qualche anno fa passava quasi inosservato: cortili curati, terrazzi arredati con attenzione, giardini che non sono pi\u00f9 semplice sfondo verde ma ambienti organizzati. Nel tessuto urbano veneto, dove il confine tra citt\u00e0 e provincia \u00e8 spesso sottile, gli spazi outdoor stanno assumendo [&hellip;]<\/p>\n","protected":false},"author":2,"featured_media":169353,"comment_status":"closed","ping_status":"open","sticky":false,"template":"","format":"standard","meta":{"footnotes":""},"categories":[4],"tags":[],"class_list":["post-169352","post","type-post","status-publish","format-standard","has-post-thumbnail","category-sport"],"yoast_head":"<!-- This site is optimized with the Yoast SEO plugin v28.4 - https:\/\/yoast.com\/product\/yoast-seo-wordpress\/ -->\n<title>Dal centro storico alla prima periferia: il nuovo valore degli spazi outdoor nelle abitazioni venete - Bellunopress - Dolomiti<\/title>\n<meta name=\"robots\" content=\"index, follow, max-snippet:-1, max-image-preview:large, max-video-preview:-1\" \/>\n<link rel=\"canonical\" href=\"https:\/\/www.bellunopress.it\/fr\/2026\/04\/30\/dal-centro-storico-alla-prima-periferia-il-nuovo-valore-degli-spazi-outdoor-nelle-abitazioni-venete\/\" \/>\n<meta property=\"og:locale\" content=\"fr_FR\" \/>\n<meta property=\"og:type\" content=\"article\" \/>\n<meta property=\"og:title\" content=\"Dal centro storico alla prima periferia: il nuovo valore degli spazi outdoor nelle abitazioni venete - Bellunopress - Dolomiti\" \/>\n<meta property=\"og:description\" content=\"Passeggiando tra le vie di Padova si nota un dettaglio che fino a qualche anno fa passava quasi inosservato: cortili curati, terrazzi arredati con attenzione, giardini che non sono pi\u00f9 semplice sfondo verde ma ambienti organizzati. Nel tessuto urbano veneto, dove il confine tra citt\u00e0 e provincia \u00e8 spesso sottile, gli spazi outdoor stanno assumendo [&hellip;]\" \/>\n<meta property=\"og:url\" content=\"https:\/\/www.bellunopress.it\/fr\/2026\/04\/30\/dal-centro-storico-alla-prima-periferia-il-nuovo-valore-degli-spazi-outdoor-nelle-abitazioni-venete\/\" \/>\n<meta property=\"og:site_name\" content=\"Bellunopress - Dolomiti\" \/>\n<meta property=\"article:publisher\" content=\"https:\/\/www.facebook.com\/profile.php?id=100008943462799\" \/>\n<meta property=\"article:published_time\" content=\"2026-04-30T10:05:18+00:00\" \/>\n<meta property=\"article:modified_time\" content=\"2026-04-30T10:40:09+00:00\" \/>\n<meta property=\"og:image\" content=\"https:\/\/www.bellunopress.it\/wp-content\/uploads\/2026\/04\/Natura-legno-arredi-giardino.jpg\" \/>\n\t<meta property=\"og:image:width\" content=\"661\" \/>\n\t<meta property=\"og:image:height\" content=\"424\" \/>\n\t<meta property=\"og:image:type\" content=\"image\/jpeg\" \/>\n<meta name=\"author\" content=\"redazione\" \/>\n<meta name=\"twitter:card\" content=\"summary_large_image\" \/>\n<meta name=\"twitter:creator\" content=\"@bellunopress\" \/>\n<meta name=\"twitter:site\" content=\"@bellunopress\" \/>\n<meta name=\"twitter:label1\" content=\"Written by\" \/>\n\t<meta name=\"twitter:data1\" content=\"redazione\" \/>\n\t<meta name=\"twitter:label2\" content=\"Est. reading time\" \/>\n\t<meta name=\"twitter:data2\" content=\"5 minutes\" \/>\n<script type=\"application\/ld+json\" class=\"yoast-schema-graph\">{\"@context\":\"https:\\\/\\\/schema.org\",\"@graph\":[{\"@type\":\"Article\",\"@id\":\"https:\\\/\\\/www.bellunopress.it\\\/2026\\\/04\\\/30\\\/dal-centro-storico-alla-prima-periferia-il-nuovo-valore-degli-spazi-outdoor-nelle-abitazioni-venete\\\/#article\",\"isPartOf\":{\"@id\":\"https:\\\/\\\/www.bellunopress.it\\\/2026\\\/04\\\/30\\\/dal-centro-storico-alla-prima-periferia-il-nuovo-valore-degli-spazi-outdoor-nelle-abitazioni-venete\\\/\"},\"author\":{\"name\":\"redazione\",\"@id\":\"https:\\\/\\\/www.bellunopress.it\\\/#\\\/schema\\\/person\\\/79bb06722b37ece1c03d3e94beb30d73\"},\"headline\":\"Dal centro storico alla prima periferia: il nuovo valore degli spazi outdoor nelle abitazioni venete\",\"datePublished\":\"2026-04-30T10:05:18+00:00\",\"dateModified\":\"2026-04-30T10:40:09+00:00\",\"mainEntityOfPage\":{\"@id\":\"https:\\\/\\\/www.bellunopress.it\\\/2026\\\/04\\\/30\\\/dal-centro-storico-alla-prima-periferia-il-nuovo-valore-degli-spazi-outdoor-nelle-abitazioni-venete\\\/\"},\"wordCount\":806,\"publisher\":{\"@id\":\"https:\\\/\\\/www.bellunopress.it\\\/#organization\"},\"image\":{\"@id\":\"https:\\\/\\\/www.bellunopress.it\\\/2026\\\/04\\\/30\\\/dal-centro-storico-alla-prima-periferia-il-nuovo-valore-degli-spazi-outdoor-nelle-abitazioni-venete\\\/#primaryimage\"},\"thumbnailUrl\":\"https:\\\/\\\/www.bellunopress.it\\\/wp-content\\\/uploads\\\/2026\\\/04\\\/Natura-legno-arredi-giardino.jpg\",\"articleSection\":[\"Sport, tempo libero\"],\"inLanguage\":\"fr-FR\"},{\"@type\":\"WebPage\",\"@id\":\"https:\\\/\\\/www.bellunopress.it\\\/2026\\\/04\\\/30\\\/dal-centro-storico-alla-prima-periferia-il-nuovo-valore-degli-spazi-outdoor-nelle-abitazioni-venete\\\/\",\"url\":\"https:\\\/\\\/www.bellunopress.it\\\/2026\\\/04\\\/30\\\/dal-centro-storico-alla-prima-periferia-il-nuovo-valore-degli-spazi-outdoor-nelle-abitazioni-venete\\\/\",\"name\":\"Dal centro storico alla prima periferia: il nuovo valore degli spazi outdoor nelle abitazioni venete - Bellunopress - Dolomiti\",\"isPartOf\":{\"@id\":\"https:\\\/\\\/www.bellunopress.it\\\/#website\"},\"primaryImageOfPage\":{\"@id\":\"https:\\\/\\\/www.bellunopress.it\\\/2026\\\/04\\\/30\\\/dal-centro-storico-alla-prima-periferia-il-nuovo-valore-degli-spazi-outdoor-nelle-abitazioni-venete\\\/#primaryimage\"},\"image\":{\"@id\":\"https:\\\/\\\/www.bellunopress.it\\\/2026\\\/04\\\/30\\\/dal-centro-storico-alla-prima-periferia-il-nuovo-valore-degli-spazi-outdoor-nelle-abitazioni-venete\\\/#primaryimage\"},\"thumbnailUrl\":\"https:\\\/\\\/www.bellunopress.it\\\/wp-content\\\/uploads\\\/2026\\\/04\\\/Natura-legno-arredi-giardino.jpg\",\"datePublished\":\"2026-04-30T10:05:18+00:00\",\"dateModified\":\"2026-04-30T10:40:09+00:00\",\"breadcrumb\":{\"@id\":\"https:\\\/\\\/www.bellunopress.it\\\/2026\\\/04\\\/30\\\/dal-centro-storico-alla-prima-periferia-il-nuovo-valore-degli-spazi-outdoor-nelle-abitazioni-venete\\\/#breadcrumb\"},\"inLanguage\":\"fr-FR\",\"potentialAction\":[{\"@type\":\"ReadAction\",\"target\":[\"https:\\\/\\\/www.bellunopress.it\\\/2026\\\/04\\\/30\\\/dal-centro-storico-alla-prima-periferia-il-nuovo-valore-degli-spazi-outdoor-nelle-abitazioni-venete\\\/\"]}]},{\"@type\":\"ImageObject\",\"inLanguage\":\"fr-FR\",\"@id\":\"https:\\\/\\\/www.bellunopress.it\\\/2026\\\/04\\\/30\\\/dal-centro-storico-alla-prima-periferia-il-nuovo-valore-degli-spazi-outdoor-nelle-abitazioni-venete\\\/#primaryimage\",\"url\":\"https:\\\/\\\/www.bellunopress.it\\\/wp-content\\\/uploads\\\/2026\\\/04\\\/Natura-legno-arredi-giardino.jpg\",\"contentUrl\":\"https:\\\/\\\/www.bellunopress.it\\\/wp-content\\\/uploads\\\/2026\\\/04\\\/Natura-legno-arredi-giardino.jpg\",\"width\":661,\"height\":424},{\"@type\":\"BreadcrumbList\",\"@id\":\"https:\\\/\\\/www.bellunopress.it\\\/2026\\\/04\\\/30\\\/dal-centro-storico-alla-prima-periferia-il-nuovo-valore-degli-spazi-outdoor-nelle-abitazioni-venete\\\/#breadcrumb\",\"itemListElement\":[{\"@type\":\"ListItem\",\"position\":1,\"name\":\"Home\",\"item\":\"https:\\\/\\\/www.bellunopress.it\\\/\"},{\"@type\":\"ListItem\",\"position\":2,\"name\":\"Dal centro storico alla prima periferia: il nuovo valore degli spazi outdoor nelle abitazioni venete\"}]},{\"@type\":\"WebSite\",\"@id\":\"https:\\\/\\\/www.bellunopress.it\\\/#website\",\"url\":\"https:\\\/\\\/www.bellunopress.it\\\/\",\"name\":\"Bellunopress - Dolomiti\",\"description\":\"e-mail: redazione@bellunopress.it\",\"publisher\":{\"@id\":\"https:\\\/\\\/www.bellunopress.it\\\/#organization\"},\"potentialAction\":[{\"@type\":\"SearchAction\",\"target\":{\"@type\":\"EntryPoint\",\"urlTemplate\":\"https:\\\/\\\/www.bellunopress.it\\\/?s={search_term_string}\"},\"query-input\":{\"@type\":\"PropertyValueSpecification\",\"valueRequired\":true,\"valueName\":\"search_term_string\"}}],\"inLanguage\":\"fr-FR\"},{\"@type\":\"Organization\",\"@id\":\"https:\\\/\\\/www.bellunopress.it\\\/#organization\",\"name\":\"Bellunopress\",\"url\":\"https:\\\/\\\/www.bellunopress.it\\\/\",\"logo\":{\"@type\":\"ImageObject\",\"inLanguage\":\"fr-FR\",\"@id\":\"https:\\\/\\\/www.bellunopress.it\\\/#\\\/schema\\\/logo\\\/image\\\/\",\"url\":\"https:\\\/\\\/www.bellunopress.it\\\/wp-content\\\/uploads\\\/2011\\\/05\\\/cropped-logo-bellunopress-.jpg\",\"contentUrl\":\"https:\\\/\\\/www.bellunopress.it\\\/wp-content\\\/uploads\\\/2011\\\/05\\\/cropped-logo-bellunopress-.jpg\",\"width\":512,\"height\":512,\"caption\":\"Bellunopress\"},\"image\":{\"@id\":\"https:\\\/\\\/www.bellunopress.it\\\/#\\\/schema\\\/logo\\\/image\\\/\"},\"sameAs\":[\"https:\\\/\\\/www.facebook.com\\\/profile.php?id=100008943462799\",\"https:\\\/\\\/x.com\\\/bellunopress\",\"https:\\\/\\\/www.linkedin.com\\\/hp\\\/?dnr=JBzUWaJfMUw8vbXJJ2tVW5-I3jZKvC4wsoxE&amp;amp;amp;amp;amp;amp;trk=nav_responsive_tab_home\",\"https:\\\/\\\/www.youtube.com\\\/channel\\\/UCxL0wu1uN0_3_7hGG0306cw\"]},{\"@type\":\"Person\",\"@id\":\"https:\\\/\\\/www.bellunopress.it\\\/#\\\/schema\\\/person\\\/79bb06722b37ece1c03d3e94beb30d73\",\"name\":\"redazione\",\"image\":{\"@type\":\"ImageObject\",\"inLanguage\":\"fr-FR\",\"@id\":\"https:\\\/\\\/secure.gravatar.com\\\/avatar\\\/37d968a2e67a6fd04c169c4bdef102d0bc5d31b2546345219e348575eb80e9a0?s=96&d=mm&r=g\",\"url\":\"https:\\\/\\\/secure.gravatar.com\\\/avatar\\\/37d968a2e67a6fd04c169c4bdef102d0bc5d31b2546345219e348575eb80e9a0?s=96&d=mm&r=g\",\"contentUrl\":\"https:\\\/\\\/secure.gravatar.com\\\/avatar\\\/37d968a2e67a6fd04c169c4bdef102d0bc5d31b2546345219e348575eb80e9a0?s=96&d=mm&r=g\",\"caption\":\"redazione\"},\"sameAs\":[\"http:\\\/\\\/www.bellunopress.it\",\"https:\\\/\\\/x.com\\\/bellunopress\"],\"url\":\"https:\\\/\\\/www.bellunopress.it\\\/fr\\\/author\\\/redazione\\\/\"}]}<\/script>\n<!-- \/ Yoast SEO plugin. -->","yoast_head_json":{"title":"Dal centro storico alla prima periferia: il nuovo valore degli spazi outdoor nelle abitazioni venete - Bellunopress - Dolomiti","robots":{"index":"index","follow":"follow","max-snippet":"max-snippet:-1","max-image-preview":"max-image-preview:large","max-video-preview":"max-video-preview:-1"},"canonical":"https:\/\/www.bellunopress.it\/fr\/2026\/04\/30\/dal-centro-storico-alla-prima-periferia-il-nuovo-valore-degli-spazi-outdoor-nelle-abitazioni-venete\/","og_locale":"fr_FR","og_type":"article","og_title":"Dal centro storico alla prima periferia: il nuovo valore degli spazi outdoor nelle abitazioni venete - Bellunopress - Dolomiti","og_description":"Passeggiando tra le vie di Padova si nota un dettaglio che fino a qualche anno fa passava quasi inosservato: cortili curati, terrazzi arredati con attenzione, giardini che non sono pi\u00f9 semplice sfondo verde ma ambienti organizzati. Nel tessuto urbano veneto, dove il confine tra citt\u00e0 e provincia \u00e8 spesso sottile, gli spazi outdoor stanno assumendo [&hellip;]","og_url":"https:\/\/www.bellunopress.it\/fr\/2026\/04\/30\/dal-centro-storico-alla-prima-periferia-il-nuovo-valore-degli-spazi-outdoor-nelle-abitazioni-venete\/","og_site_name":"Bellunopress - Dolomiti","article_publisher":"https:\/\/www.facebook.com\/profile.php?id=100008943462799","article_published_time":"2026-04-30T10:05:18+00:00","article_modified_time":"2026-04-30T10:40:09+00:00","og_image":[{"width":661,"height":424,"url":"https:\/\/www.bellunopress.it\/wp-content\/uploads\/2026\/04\/Natura-legno-arredi-giardino.jpg","type":"image\/jpeg"}],"author":"redazione","twitter_card":"summary_large_image","twitter_creator":"@bellunopress","twitter_site":"@bellunopress","twitter_misc":{"Written by":"redazione","Est. reading time":"5 minutes"},"schema":{"@context":"https:\/\/schema.org","@graph":[{"@type":"Article","@id":"https:\/\/www.bellunopress.it\/2026\/04\/30\/dal-centro-storico-alla-prima-periferia-il-nuovo-valore-degli-spazi-outdoor-nelle-abitazioni-venete\/#article","isPartOf":{"@id":"https:\/\/www.bellunopress.it\/2026\/04\/30\/dal-centro-storico-alla-prima-periferia-il-nuovo-valore-degli-spazi-outdoor-nelle-abitazioni-venete\/"},"author":{"name":"redazione","@id":"https:\/\/www.bellunopress.it\/#\/schema\/person\/79bb06722b37ece1c03d3e94beb30d73"},"headline":"Dal centro storico alla prima periferia: il nuovo valore degli spazi outdoor nelle abitazioni venete","datePublished":"2026-04-30T10:05:18+00:00","dateModified":"2026-04-30T10:40:09+00:00","mainEntityOfPage":{"@id":"https:\/\/www.bellunopress.it\/2026\/04\/30\/dal-centro-storico-alla-prima-periferia-il-nuovo-valore-degli-spazi-outdoor-nelle-abitazioni-venete\/"},"wordCount":806,"publisher":{"@id":"https:\/\/www.bellunopress.it\/#organization"},"image":{"@id":"https:\/\/www.bellunopress.it\/2026\/04\/30\/dal-centro-storico-alla-prima-periferia-il-nuovo-valore-degli-spazi-outdoor-nelle-abitazioni-venete\/#primaryimage"},"thumbnailUrl":"https:\/\/www.bellunopress.it\/wp-content\/uploads\/2026\/04\/Natura-legno-arredi-giardino.jpg","articleSection":["Sport, tempo libero"],"inLanguage":"fr-FR"},{"@type":"WebPage","@id":"https:\/\/www.bellunopress.it\/2026\/04\/30\/dal-centro-storico-alla-prima-periferia-il-nuovo-valore-degli-spazi-outdoor-nelle-abitazioni-venete\/","url":"https:\/\/www.bellunopress.it\/2026\/04\/30\/dal-centro-storico-alla-prima-periferia-il-nuovo-valore-degli-spazi-outdoor-nelle-abitazioni-venete\/","name":"Dal centro storico alla prima periferia: il nuovo valore degli spazi outdoor nelle abitazioni venete - Bellunopress - Dolomiti","isPartOf":{"@id":"https:\/\/www.bellunopress.it\/#website"},"primaryImageOfPage":{"@id":"https:\/\/www.bellunopress.it\/2026\/04\/30\/dal-centro-storico-alla-prima-periferia-il-nuovo-valore-degli-spazi-outdoor-nelle-abitazioni-venete\/#primaryimage"},"image":{"@id":"https:\/\/www.bellunopress.it\/2026\/04\/30\/dal-centro-storico-alla-prima-periferia-il-nuovo-valore-degli-spazi-outdoor-nelle-abitazioni-venete\/#primaryimage"},"thumbnailUrl":"https:\/\/www.bellunopress.it\/wp-content\/uploads\/2026\/04\/Natura-legno-arredi-giardino.jpg","datePublished":"2026-04-30T10:05:18+00:00","dateModified":"2026-04-30T10:40:09+00:00","breadcrumb":{"@id":"https:\/\/www.bellunopress.it\/2026\/04\/30\/dal-centro-storico-alla-prima-periferia-il-nuovo-valore-degli-spazi-outdoor-nelle-abitazioni-venete\/#breadcrumb"},"inLanguage":"fr-FR","potentialAction":[{"@type":"ReadAction","target":["https:\/\/www.bellunopress.it\/2026\/04\/30\/dal-centro-storico-alla-prima-periferia-il-nuovo-valore-degli-spazi-outdoor-nelle-abitazioni-venete\/"]}]},{"@type":"ImageObject","inLanguage":"fr-FR","@id":"https:\/\/www.bellunopress.it\/2026\/04\/30\/dal-centro-storico-alla-prima-periferia-il-nuovo-valore-degli-spazi-outdoor-nelle-abitazioni-venete\/#primaryimage","url":"https:\/\/www.bellunopress.it\/wp-content\/uploads\/2026\/04\/Natura-legno-arredi-giardino.jpg","contentUrl":"https:\/\/www.bellunopress.it\/wp-content\/uploads\/2026\/04\/Natura-legno-arredi-giardino.jpg","width":661,"height":424},{"@type":"BreadcrumbList","@id":"https:\/\/www.bellunopress.it\/2026\/04\/30\/dal-centro-storico-alla-prima-periferia-il-nuovo-valore-degli-spazi-outdoor-nelle-abitazioni-venete\/#breadcrumb","itemListElement":[{"@type":"ListItem","position":1,"name":"Home","item":"https:\/\/www.bellunopress.it\/"},{"@type":"ListItem","position":2,"name":"Dal centro storico alla prima periferia: il nuovo valore degli spazi outdoor nelle abitazioni venete"}]},{"@type":"WebSite","@id":"https:\/\/www.bellunopress.it\/#website","url":"https:\/\/www.bellunopress.it\/","name":"Bellunopress - Dolomiti","description":"e-mail: redazione@bellunopress.it","publisher":{"@id":"https:\/\/www.bellunopress.it\/#organization"},"potentialAction":[{"@type":"SearchAction","target":{"@type":"EntryPoint","urlTemplate":"https:\/\/www.bellunopress.it\/?s={search_term_string}"},"query-input":{"@type":"PropertyValueSpecification","valueRequired":true,"valueName":"search_term_string"}}],"inLanguage":"fr-FR"},{"@type":"Organization","@id":"https:\/\/www.bellunopress.it\/#organization","name":"Bellunopress","url":"https:\/\/www.bellunopress.it\/","logo":{"@type":"ImageObject","inLanguage":"fr-FR","@id":"https:\/\/www.bellunopress.it\/#\/schema\/logo\/image\/","url":"https:\/\/www.bellunopress.it\/wp-content\/uploads\/2011\/05\/cropped-logo-bellunopress-.jpg","contentUrl":"https:\/\/www.bellunopress.it\/wp-content\/uploads\/2011\/05\/cropped-logo-bellunopress-.jpg","width":512,"height":512,"caption":"Bellunopress"},"image":{"@id":"https:\/\/www.bellunopress.it\/#\/schema\/logo\/image\/"},"sameAs":["https:\/\/www.facebook.com\/profile.php?id=100008943462799","https:\/\/x.com\/bellunopress","https:\/\/www.linkedin.com\/hp\/?dnr=JBzUWaJfMUw8vbXJJ2tVW5-I3jZKvC4wsoxE&amp;amp;amp;amp;amp;amp;trk=nav_responsive_tab_home","https:\/\/www.youtube.com\/channel\/UCxL0wu1uN0_3_7hGG0306cw"]},{"@type":"Person","@id":"https:\/\/www.bellunopress.it\/#\/schema\/person\/79bb06722b37ece1c03d3e94beb30d73","name":"r\u00e9daction","image":{"@type":"ImageObject","inLanguage":"fr-FR","@id":"https:\/\/secure.gravatar.com\/avatar\/37d968a2e67a6fd04c169c4bdef102d0bc5d31b2546345219e348575eb80e9a0?s=96&d=mm&r=g","url":"https:\/\/secure.gravatar.com\/avatar\/37d968a2e67a6fd04c169c4bdef102d0bc5d31b2546345219e348575eb80e9a0?s=96&d=mm&r=g","contentUrl":"https:\/\/secure.gravatar.com\/avatar\/37d968a2e67a6fd04c169c4bdef102d0bc5d31b2546345219e348575eb80e9a0?s=96&d=mm&r=g","caption":"redazione"},"sameAs":["http:\/\/www.bellunopress.it","https:\/\/x.com\/bellunopress"],"url":"https:\/\/www.bellunopress.it\/fr\/author\/redazione\/"}]}},"_links":{"self":[{"href":"https:\/\/www.bellunopress.it\/fr\/wp-json\/wp\/v2\/posts\/169352","targetHints":{"allow":["GET"]}}],"collection":[{"href":"https:\/\/www.bellunopress.it\/fr\/wp-json\/wp\/v2\/posts"}],"about":[{"href":"https:\/\/www.bellunopress.it\/fr\/wp-json\/wp\/v2\/types\/post"}],"author":[{"embeddable":true,"href":"https:\/\/www.bellunopress.it\/fr\/wp-json\/wp\/v2\/users\/2"}],"replies":[{"embeddable":true,"href":"https:\/\/www.bellunopress.it\/fr\/wp-json\/wp\/v2\/comments?post=169352"}],"version-history":[{"count":1,"href":"https:\/\/www.bellunopress.it\/fr\/wp-json\/wp\/v2\/posts\/169352\/revisions"}],"predecessor-version":[{"id":169354,"href":"https:\/\/www.bellunopress.it\/fr\/wp-json\/wp\/v2\/posts\/169352\/revisions\/169354"}],"wp:featuredmedia":[{"embeddable":true,"href":"https:\/\/www.bellunopress.it\/fr\/wp-json\/wp\/v2\/media\/169353"}],"wp:attachment":[{"href":"https:\/\/www.bellunopress.it\/fr\/wp-json\/wp\/v2\/media?parent=169352"}],"wp:term":[{"taxonomy":"category","embeddable":true,"href":"https:\/\/www.bellunopress.it\/fr\/wp-json\/wp\/v2\/categories?post=169352"},{"taxonomy":"post_tag","embeddable":true,"href":"https:\/\/www.bellunopress.it\/fr\/wp-json\/wp\/v2\/tags?post=169352"}],"curies":[{"name":"wp","href":"https:\/\/api.w.org\/{rel}","templated":true}]}}