{"id":169329,"date":"2026-04-21T09:02:51","date_gmt":"2026-04-21T07:02:51","guid":{"rendered":"https:\/\/www.bellunopress.it\/?p=169329"},"modified":"2026-04-21T06:59:51","modified_gmt":"2026-04-21T04:59:51","slug":"la-festa-della-liberazione-vista-dai-ragazzi","status":"publish","type":"post","link":"https:\/\/www.bellunopress.it\/fr\/2026\/04\/21\/la-festa-della-liberazione-vista-dai-ragazzi\/","title":{"rendered":"La Festa della Liberazione vista dai ragazzi"},"content":{"rendered":"<p><strong>Lentiai &#8211; Piazza Crivellaro \u2013 venerd\u00ec 24 aprile ore 9.30: i ragazzi delle classi terze della secondaria di Lentiai invitano compagni e popolazione a celebrare la festa della Liberazione ricordando gli Internati militari italiani.<\/strong><\/p>\n<p>Saranno i ragazzi delle classi terze A e B della secondaria di Lentiai a rendere ancor pi\u00f9 significativa la celebrazione della Festa della Liberazione che il Comune di Borgo Valbelluna, in collaborazione con Anpi La Spasema, Soms, Alpini, Fanti, Cavalieri, Carabinieri in congedo, organizza venerd\u00ec 24 aprile alle 9:30 di fronte al palazzo del Municipio. In presenza dei compagni e della cittadinanza i ragazzi, utilizzando dei cartelloni, illustreranno il lavoro svolto a scuola grazie al contributo di Raffaela D\u2019Attilio della Spasema e il coordinamento delle insegnanti di lettere Monica Dal Molin e Francesca Criscino. Ad accompagnarli i brani dei colleghi frequentanti l\u2019indirizzo musicale, guidati dal professore di chitarra Stefano Brancaleone, e le canzoni cantate sotto la direzione dell\u2019insegnante di musica Erika De Bortoli.<\/p>\n<p>Quest\u2019anno gli alunni hanno approfondito le vicende degli IMI.<br \/>\nIMI, Internati Militari Italiani, \u00e8 la definizione attribuita dalle autorit\u00e0 tedesche ai soldati italiani catturati, rastrellati e deportati nei territori della Germania Nazista nei giorni immediatamente successivi all&#8217;armistizio e al proclama Badoglio dell\u20198 settembre 1943.<br \/>\nDopo il disarmo, soldati e ufficiali vennero posti davanti alla scelta di continuare a combattere nelle file dell&#8217;esercito tedesco o, in caso contrario, essere inviati in campi di detenzione in Germania. Coloro che si rifiutarono di collaborare con il Reich e con la Repubblica sociale italiana vennero in un primo momento considerati prigionieri di guerra, ma poi cambiarono status divenendo \u201cinternati militari\u201d privi delle garanzie della Convenzione di Ginevra e infine, dall&#8217;autunno del 1944, lavoratori civili, in modo da essere utilizzati come manodopera coatta senza godere delle tutele della Croce Rossa.<\/p>\n<p>Questo destino riguard\u00f2 809.722 italiani catturati, dei quali 321.000 in Italia 430.000 nei Balcani e 58.722 in Francia, che vissero in gelide baracche con un solo pagliericcio e una sola coperta a testa e poco combustibile per le stufe, quando fuori si raggiungevano i -20\u00b0. Le condizioni igieniche erano precarie: niente servizi, n\u00e9 acqua potabile n\u00e9 sapone, con risultato la diffusione di numerose malattie.<\/p>\n<p>Sin dal loro rientro in Italia, che inizi\u00f2 nel giugno del 1945 e si concluse nel febbraio del 1947, gli IMI rappresentarono una realt\u00e0 che la storia ha faticato a gestire. La patria li accolse in una generale indifferenza e talora con malcelata ostilit\u00e0. Solo negli anni 80\/90 vi \u00e8 una revisione storica della loro epopea. Si dovr\u00e0 aspettare il 2006 una legge della Repubblica che concesse, su domanda, quale riconoscimento la medaglia d\u2019onore che purtroppo fu postuma per i pi\u00f9.<br \/>\nIl loro rifiuto a collaborare con il nazifascismo che li condann\u00f2 ai lager -come afferma il professor Giovanni Monico dell\u2019Anpi Cadore- fu sostanzialmente un rifiuto della guerra, una conferma di fedelt\u00e0 al giuramento prestato. Un rifiuto capace di mettere ad alto prezzo personale, in secondo piano, la paura la fame e la solitudine e le umiliazioni per privilegiare: l\u2019onore e la dignit\u00e0 personale. Fu un rifiuto al fascismo e al nazismo e la loro visione razzista e disumanizzante del mondo. Fu il loro modo per affermare alcuni principi che poi saranno costitutivi della dichiarazione universale dei diritti umani. Le ideologie di quel periodo, che recarono oltraggio e offesa alla dignit\u00e0 umana, furono sconfitte, ma non rifiutate e rigettate. Non sono eliminate! Perdurano ancora oggi, hanno sostenitori e propagatori.<\/p>\n<p>&nbsp;<\/p>","protected":false},"excerpt":{"rendered":"<p>Lentiai &#8211; Piazza Crivellaro \u2013 venerd\u00ec 24 aprile ore 9.30: i ragazzi delle classi terze della secondaria di Lentiai invitano compagni e popolazione a celebrare la festa della Liberazione ricordando gli Internati militari italiani. Saranno i ragazzi delle classi terze A e B della secondaria di Lentiai a rendere ancor pi\u00f9 significativa la celebrazione della [&hellip;]<\/p>\n","protected":false},"author":2,"featured_media":169330,"comment_status":"closed","ping_status":"open","sticky":false,"template":"","format":"standard","meta":{"footnotes":""},"categories":[26,15],"tags":[],"class_list":["post-169329","post","type-post","status-publish","format-standard","has-post-thumbnail","category-prima-pagina","category-scuola"],"yoast_head":"<!-- This site is optimized with the Yoast SEO plugin v28.4 - https:\/\/yoast.com\/product\/yoast-seo-wordpress\/ -->\n<title>La Festa della Liberazione vista dai ragazzi - Bellunopress - Dolomiti<\/title>\n<meta name=\"robots\" content=\"index, follow, max-snippet:-1, max-image-preview:large, max-video-preview:-1\" \/>\n<link rel=\"canonical\" href=\"https:\/\/www.bellunopress.it\/fr\/2026\/04\/21\/la-festa-della-liberazione-vista-dai-ragazzi\/\" \/>\n<meta property=\"og:locale\" content=\"fr_FR\" \/>\n<meta property=\"og:type\" content=\"article\" \/>\n<meta property=\"og:title\" content=\"La Festa della Liberazione vista dai ragazzi - Bellunopress - Dolomiti\" \/>\n<meta property=\"og:description\" content=\"Lentiai &#8211; Piazza Crivellaro \u2013 venerd\u00ec 24 aprile ore 9.30: i ragazzi delle classi terze della secondaria di Lentiai invitano compagni e popolazione a celebrare la festa della Liberazione ricordando gli Internati militari italiani. Saranno i ragazzi delle classi terze A e B della secondaria di Lentiai a rendere ancor pi\u00f9 significativa la celebrazione della [&hellip;]\" \/>\n<meta property=\"og:url\" content=\"https:\/\/www.bellunopress.it\/fr\/2026\/04\/21\/la-festa-della-liberazione-vista-dai-ragazzi\/\" \/>\n<meta property=\"og:site_name\" content=\"Bellunopress - Dolomiti\" \/>\n<meta property=\"article:publisher\" content=\"https:\/\/www.facebook.com\/profile.php?id=100008943462799\" \/>\n<meta property=\"article:published_time\" content=\"2026-04-21T07:02:51+00:00\" \/>\n<meta property=\"og:image\" content=\"https:\/\/www.bellunopress.it\/wp-content\/uploads\/2026\/04\/25-aprile-scuola-borgo-valbelluna.jpg\" \/>\n\t<meta property=\"og:image:width\" content=\"405\" \/>\n\t<meta property=\"og:image:height\" content=\"572\" \/>\n\t<meta property=\"og:image:type\" content=\"image\/jpeg\" \/>\n<meta name=\"author\" content=\"redazione\" \/>\n<meta name=\"twitter:card\" content=\"summary_large_image\" \/>\n<meta name=\"twitter:creator\" content=\"@bellunopress\" \/>\n<meta name=\"twitter:site\" content=\"@bellunopress\" \/>\n<meta name=\"twitter:label1\" content=\"\u00c9crit par\" \/>\n\t<meta name=\"twitter:data1\" content=\"redazione\" \/>\n\t<meta name=\"twitter:label2\" content=\"Dur\u00e9e de lecture estim\u00e9e\" \/>\n\t<meta name=\"twitter:data2\" content=\"3 minutes\" \/>\n<script type=\"application\/ld+json\" class=\"yoast-schema-graph\">{\"@context\":\"https:\\\/\\\/schema.org\",\"@graph\":[{\"@type\":\"Article\",\"@id\":\"https:\\\/\\\/www.bellunopress.it\\\/2026\\\/04\\\/21\\\/la-festa-della-liberazione-vista-dai-ragazzi\\\/#article\",\"isPartOf\":{\"@id\":\"https:\\\/\\\/www.bellunopress.it\\\/2026\\\/04\\\/21\\\/la-festa-della-liberazione-vista-dai-ragazzi\\\/\"},\"author\":{\"name\":\"redazione\",\"@id\":\"https:\\\/\\\/www.bellunopress.it\\\/#\\\/schema\\\/person\\\/79bb06722b37ece1c03d3e94beb30d73\"},\"headline\":\"La Festa della Liberazione vista dai ragazzi\",\"datePublished\":\"2026-04-21T07:02:51+00:00\",\"mainEntityOfPage\":{\"@id\":\"https:\\\/\\\/www.bellunopress.it\\\/2026\\\/04\\\/21\\\/la-festa-della-liberazione-vista-dai-ragazzi\\\/\"},\"wordCount\":566,\"publisher\":{\"@id\":\"https:\\\/\\\/www.bellunopress.it\\\/#organization\"},\"image\":{\"@id\":\"https:\\\/\\\/www.bellunopress.it\\\/2026\\\/04\\\/21\\\/la-festa-della-liberazione-vista-dai-ragazzi\\\/#primaryimage\"},\"thumbnailUrl\":\"https:\\\/\\\/www.bellunopress.it\\\/wp-content\\\/uploads\\\/2026\\\/04\\\/25-aprile-scuola-borgo-valbelluna.jpg\",\"articleSection\":[\"Prima Pagina\",\"Scuola\"],\"inLanguage\":\"fr-FR\"},{\"@type\":\"WebPage\",\"@id\":\"https:\\\/\\\/www.bellunopress.it\\\/2026\\\/04\\\/21\\\/la-festa-della-liberazione-vista-dai-ragazzi\\\/\",\"url\":\"https:\\\/\\\/www.bellunopress.it\\\/2026\\\/04\\\/21\\\/la-festa-della-liberazione-vista-dai-ragazzi\\\/\",\"name\":\"La Festa della Liberazione vista dai ragazzi - Bellunopress - Dolomiti\",\"isPartOf\":{\"@id\":\"https:\\\/\\\/www.bellunopress.it\\\/#website\"},\"primaryImageOfPage\":{\"@id\":\"https:\\\/\\\/www.bellunopress.it\\\/2026\\\/04\\\/21\\\/la-festa-della-liberazione-vista-dai-ragazzi\\\/#primaryimage\"},\"image\":{\"@id\":\"https:\\\/\\\/www.bellunopress.it\\\/2026\\\/04\\\/21\\\/la-festa-della-liberazione-vista-dai-ragazzi\\\/#primaryimage\"},\"thumbnailUrl\":\"https:\\\/\\\/www.bellunopress.it\\\/wp-content\\\/uploads\\\/2026\\\/04\\\/25-aprile-scuola-borgo-valbelluna.jpg\",\"datePublished\":\"2026-04-21T07:02:51+00:00\",\"breadcrumb\":{\"@id\":\"https:\\\/\\\/www.bellunopress.it\\\/2026\\\/04\\\/21\\\/la-festa-della-liberazione-vista-dai-ragazzi\\\/#breadcrumb\"},\"inLanguage\":\"fr-FR\",\"potentialAction\":[{\"@type\":\"ReadAction\",\"target\":[\"https:\\\/\\\/www.bellunopress.it\\\/2026\\\/04\\\/21\\\/la-festa-della-liberazione-vista-dai-ragazzi\\\/\"]}]},{\"@type\":\"ImageObject\",\"inLanguage\":\"fr-FR\",\"@id\":\"https:\\\/\\\/www.bellunopress.it\\\/2026\\\/04\\\/21\\\/la-festa-della-liberazione-vista-dai-ragazzi\\\/#primaryimage\",\"url\":\"https:\\\/\\\/www.bellunopress.it\\\/wp-content\\\/uploads\\\/2026\\\/04\\\/25-aprile-scuola-borgo-valbelluna.jpg\",\"contentUrl\":\"https:\\\/\\\/www.bellunopress.it\\\/wp-content\\\/uploads\\\/2026\\\/04\\\/25-aprile-scuola-borgo-valbelluna.jpg\",\"width\":405,\"height\":572},{\"@type\":\"BreadcrumbList\",\"@id\":\"https:\\\/\\\/www.bellunopress.it\\\/2026\\\/04\\\/21\\\/la-festa-della-liberazione-vista-dai-ragazzi\\\/#breadcrumb\",\"itemListElement\":[{\"@type\":\"ListItem\",\"position\":1,\"name\":\"Home\",\"item\":\"https:\\\/\\\/www.bellunopress.it\\\/\"},{\"@type\":\"ListItem\",\"position\":2,\"name\":\"La Festa della Liberazione vista dai ragazzi\"}]},{\"@type\":\"WebSite\",\"@id\":\"https:\\\/\\\/www.bellunopress.it\\\/#website\",\"url\":\"https:\\\/\\\/www.bellunopress.it\\\/\",\"name\":\"Bellunopress - Dolomiti\",\"description\":\"e-mail: redazione@bellunopress.it\",\"publisher\":{\"@id\":\"https:\\\/\\\/www.bellunopress.it\\\/#organization\"},\"potentialAction\":[{\"@type\":\"SearchAction\",\"target\":{\"@type\":\"EntryPoint\",\"urlTemplate\":\"https:\\\/\\\/www.bellunopress.it\\\/?s={search_term_string}\"},\"query-input\":{\"@type\":\"PropertyValueSpecification\",\"valueRequired\":true,\"valueName\":\"search_term_string\"}}],\"inLanguage\":\"fr-FR\"},{\"@type\":\"Organization\",\"@id\":\"https:\\\/\\\/www.bellunopress.it\\\/#organization\",\"name\":\"Bellunopress\",\"url\":\"https:\\\/\\\/www.bellunopress.it\\\/\",\"logo\":{\"@type\":\"ImageObject\",\"inLanguage\":\"fr-FR\",\"@id\":\"https:\\\/\\\/www.bellunopress.it\\\/#\\\/schema\\\/logo\\\/image\\\/\",\"url\":\"https:\\\/\\\/www.bellunopress.it\\\/wp-content\\\/uploads\\\/2011\\\/05\\\/cropped-logo-bellunopress-.jpg\",\"contentUrl\":\"https:\\\/\\\/www.bellunopress.it\\\/wp-content\\\/uploads\\\/2011\\\/05\\\/cropped-logo-bellunopress-.jpg\",\"width\":512,\"height\":512,\"caption\":\"Bellunopress\"},\"image\":{\"@id\":\"https:\\\/\\\/www.bellunopress.it\\\/#\\\/schema\\\/logo\\\/image\\\/\"},\"sameAs\":[\"https:\\\/\\\/www.facebook.com\\\/profile.php?id=100008943462799\",\"https:\\\/\\\/x.com\\\/bellunopress\",\"https:\\\/\\\/www.linkedin.com\\\/hp\\\/?dnr=JBzUWaJfMUw8vbXJJ2tVW5-I3jZKvC4wsoxE&amp;amp;amp;amp;amp;amp;trk=nav_responsive_tab_home\",\"https:\\\/\\\/www.youtube.com\\\/channel\\\/UCxL0wu1uN0_3_7hGG0306cw\"]},{\"@type\":\"Person\",\"@id\":\"https:\\\/\\\/www.bellunopress.it\\\/#\\\/schema\\\/person\\\/79bb06722b37ece1c03d3e94beb30d73\",\"name\":\"redazione\",\"image\":{\"@type\":\"ImageObject\",\"inLanguage\":\"fr-FR\",\"@id\":\"https:\\\/\\\/secure.gravatar.com\\\/avatar\\\/37d968a2e67a6fd04c169c4bdef102d0bc5d31b2546345219e348575eb80e9a0?s=96&d=mm&r=g\",\"url\":\"https:\\\/\\\/secure.gravatar.com\\\/avatar\\\/37d968a2e67a6fd04c169c4bdef102d0bc5d31b2546345219e348575eb80e9a0?s=96&d=mm&r=g\",\"contentUrl\":\"https:\\\/\\\/secure.gravatar.com\\\/avatar\\\/37d968a2e67a6fd04c169c4bdef102d0bc5d31b2546345219e348575eb80e9a0?s=96&d=mm&r=g\",\"caption\":\"redazione\"},\"sameAs\":[\"http:\\\/\\\/www.bellunopress.it\",\"https:\\\/\\\/x.com\\\/bellunopress\"],\"url\":\"https:\\\/\\\/www.bellunopress.it\\\/fr\\\/author\\\/redazione\\\/\"}]}<\/script>\n<!-- \/ Yoast SEO plugin. -->","yoast_head_json":{"title":"La Festa della Liberazione vista dai ragazzi - Bellunopress - Dolomiti","robots":{"index":"index","follow":"follow","max-snippet":"max-snippet:-1","max-image-preview":"max-image-preview:large","max-video-preview":"max-video-preview:-1"},"canonical":"https:\/\/www.bellunopress.it\/fr\/2026\/04\/21\/la-festa-della-liberazione-vista-dai-ragazzi\/","og_locale":"fr_FR","og_type":"article","og_title":"La Festa della Liberazione vista dai ragazzi - Bellunopress - Dolomiti","og_description":"Lentiai &#8211; Piazza Crivellaro \u2013 venerd\u00ec 24 aprile ore 9.30: i ragazzi delle classi terze della secondaria di Lentiai invitano compagni e popolazione a celebrare la festa della Liberazione ricordando gli Internati militari italiani. Saranno i ragazzi delle classi terze A e B della secondaria di Lentiai a rendere ancor pi\u00f9 significativa la celebrazione della [&hellip;]","og_url":"https:\/\/www.bellunopress.it\/fr\/2026\/04\/21\/la-festa-della-liberazione-vista-dai-ragazzi\/","og_site_name":"Bellunopress - Dolomiti","article_publisher":"https:\/\/www.facebook.com\/profile.php?id=100008943462799","article_published_time":"2026-04-21T07:02:51+00:00","og_image":[{"width":405,"height":572,"url":"https:\/\/www.bellunopress.it\/wp-content\/uploads\/2026\/04\/25-aprile-scuola-borgo-valbelluna.jpg","type":"image\/jpeg"}],"author":"redazione","twitter_card":"summary_large_image","twitter_creator":"@bellunopress","twitter_site":"@bellunopress","twitter_misc":{"\u00c9crit par":"redazione","Dur\u00e9e de lecture estim\u00e9e":"3 minutes"},"schema":{"@context":"https:\/\/schema.org","@graph":[{"@type":"Article","@id":"https:\/\/www.bellunopress.it\/2026\/04\/21\/la-festa-della-liberazione-vista-dai-ragazzi\/#article","isPartOf":{"@id":"https:\/\/www.bellunopress.it\/2026\/04\/21\/la-festa-della-liberazione-vista-dai-ragazzi\/"},"author":{"name":"redazione","@id":"https:\/\/www.bellunopress.it\/#\/schema\/person\/79bb06722b37ece1c03d3e94beb30d73"},"headline":"La Festa della Liberazione vista dai ragazzi","datePublished":"2026-04-21T07:02:51+00:00","mainEntityOfPage":{"@id":"https:\/\/www.bellunopress.it\/2026\/04\/21\/la-festa-della-liberazione-vista-dai-ragazzi\/"},"wordCount":566,"publisher":{"@id":"https:\/\/www.bellunopress.it\/#organization"},"image":{"@id":"https:\/\/www.bellunopress.it\/2026\/04\/21\/la-festa-della-liberazione-vista-dai-ragazzi\/#primaryimage"},"thumbnailUrl":"https:\/\/www.bellunopress.it\/wp-content\/uploads\/2026\/04\/25-aprile-scuola-borgo-valbelluna.jpg","articleSection":["Prima Pagina","Scuola"],"inLanguage":"fr-FR"},{"@type":"WebPage","@id":"https:\/\/www.bellunopress.it\/2026\/04\/21\/la-festa-della-liberazione-vista-dai-ragazzi\/","url":"https:\/\/www.bellunopress.it\/2026\/04\/21\/la-festa-della-liberazione-vista-dai-ragazzi\/","name":"La Festa della Liberazione vista dai ragazzi - Bellunopress - Dolomiti","isPartOf":{"@id":"https:\/\/www.bellunopress.it\/#website"},"primaryImageOfPage":{"@id":"https:\/\/www.bellunopress.it\/2026\/04\/21\/la-festa-della-liberazione-vista-dai-ragazzi\/#primaryimage"},"image":{"@id":"https:\/\/www.bellunopress.it\/2026\/04\/21\/la-festa-della-liberazione-vista-dai-ragazzi\/#primaryimage"},"thumbnailUrl":"https:\/\/www.bellunopress.it\/wp-content\/uploads\/2026\/04\/25-aprile-scuola-borgo-valbelluna.jpg","datePublished":"2026-04-21T07:02:51+00:00","breadcrumb":{"@id":"https:\/\/www.bellunopress.it\/2026\/04\/21\/la-festa-della-liberazione-vista-dai-ragazzi\/#breadcrumb"},"inLanguage":"fr-FR","potentialAction":[{"@type":"ReadAction","target":["https:\/\/www.bellunopress.it\/2026\/04\/21\/la-festa-della-liberazione-vista-dai-ragazzi\/"]}]},{"@type":"ImageObject","inLanguage":"fr-FR","@id":"https:\/\/www.bellunopress.it\/2026\/04\/21\/la-festa-della-liberazione-vista-dai-ragazzi\/#primaryimage","url":"https:\/\/www.bellunopress.it\/wp-content\/uploads\/2026\/04\/25-aprile-scuola-borgo-valbelluna.jpg","contentUrl":"https:\/\/www.bellunopress.it\/wp-content\/uploads\/2026\/04\/25-aprile-scuola-borgo-valbelluna.jpg","width":405,"height":572},{"@type":"BreadcrumbList","@id":"https:\/\/www.bellunopress.it\/2026\/04\/21\/la-festa-della-liberazione-vista-dai-ragazzi\/#breadcrumb","itemListElement":[{"@type":"ListItem","position":1,"name":"Home","item":"https:\/\/www.bellunopress.it\/"},{"@type":"ListItem","position":2,"name":"La Festa della Liberazione vista dai ragazzi"}]},{"@type":"WebSite","@id":"https:\/\/www.bellunopress.it\/#website","url":"https:\/\/www.bellunopress.it\/","name":"Bellunopress - Dolomiti","description":"e-mail: redazione@bellunopress.it","publisher":{"@id":"https:\/\/www.bellunopress.it\/#organization"},"potentialAction":[{"@type":"SearchAction","target":{"@type":"EntryPoint","urlTemplate":"https:\/\/www.bellunopress.it\/?s={search_term_string}"},"query-input":{"@type":"PropertyValueSpecification","valueRequired":true,"valueName":"search_term_string"}}],"inLanguage":"fr-FR"},{"@type":"Organization","@id":"https:\/\/www.bellunopress.it\/#organization","name":"Bellunopress","url":"https:\/\/www.bellunopress.it\/","logo":{"@type":"ImageObject","inLanguage":"fr-FR","@id":"https:\/\/www.bellunopress.it\/#\/schema\/logo\/image\/","url":"https:\/\/www.bellunopress.it\/wp-content\/uploads\/2011\/05\/cropped-logo-bellunopress-.jpg","contentUrl":"https:\/\/www.bellunopress.it\/wp-content\/uploads\/2011\/05\/cropped-logo-bellunopress-.jpg","width":512,"height":512,"caption":"Bellunopress"},"image":{"@id":"https:\/\/www.bellunopress.it\/#\/schema\/logo\/image\/"},"sameAs":["https:\/\/www.facebook.com\/profile.php?id=100008943462799","https:\/\/x.com\/bellunopress","https:\/\/www.linkedin.com\/hp\/?dnr=JBzUWaJfMUw8vbXJJ2tVW5-I3jZKvC4wsoxE&amp;amp;amp;amp;amp;amp;trk=nav_responsive_tab_home","https:\/\/www.youtube.com\/channel\/UCxL0wu1uN0_3_7hGG0306cw"]},{"@type":"Person","@id":"https:\/\/www.bellunopress.it\/#\/schema\/person\/79bb06722b37ece1c03d3e94beb30d73","name":"r\u00e9daction","image":{"@type":"ImageObject","inLanguage":"fr-FR","@id":"https:\/\/secure.gravatar.com\/avatar\/37d968a2e67a6fd04c169c4bdef102d0bc5d31b2546345219e348575eb80e9a0?s=96&d=mm&r=g","url":"https:\/\/secure.gravatar.com\/avatar\/37d968a2e67a6fd04c169c4bdef102d0bc5d31b2546345219e348575eb80e9a0?s=96&d=mm&r=g","contentUrl":"https:\/\/secure.gravatar.com\/avatar\/37d968a2e67a6fd04c169c4bdef102d0bc5d31b2546345219e348575eb80e9a0?s=96&d=mm&r=g","caption":"redazione"},"sameAs":["http:\/\/www.bellunopress.it","https:\/\/x.com\/bellunopress"],"url":"https:\/\/www.bellunopress.it\/fr\/author\/redazione\/"}]}},"_links":{"self":[{"href":"https:\/\/www.bellunopress.it\/fr\/wp-json\/wp\/v2\/posts\/169329","targetHints":{"allow":["GET"]}}],"collection":[{"href":"https:\/\/www.bellunopress.it\/fr\/wp-json\/wp\/v2\/posts"}],"about":[{"href":"https:\/\/www.bellunopress.it\/fr\/wp-json\/wp\/v2\/types\/post"}],"author":[{"embeddable":true,"href":"https:\/\/www.bellunopress.it\/fr\/wp-json\/wp\/v2\/users\/2"}],"replies":[{"embeddable":true,"href":"https:\/\/www.bellunopress.it\/fr\/wp-json\/wp\/v2\/comments?post=169329"}],"version-history":[{"count":1,"href":"https:\/\/www.bellunopress.it\/fr\/wp-json\/wp\/v2\/posts\/169329\/revisions"}],"predecessor-version":[{"id":169331,"href":"https:\/\/www.bellunopress.it\/fr\/wp-json\/wp\/v2\/posts\/169329\/revisions\/169331"}],"wp:featuredmedia":[{"embeddable":true,"href":"https:\/\/www.bellunopress.it\/fr\/wp-json\/wp\/v2\/media\/169330"}],"wp:attachment":[{"href":"https:\/\/www.bellunopress.it\/fr\/wp-json\/wp\/v2\/media?parent=169329"}],"wp:term":[{"taxonomy":"category","embeddable":true,"href":"https:\/\/www.bellunopress.it\/fr\/wp-json\/wp\/v2\/categories?post=169329"},{"taxonomy":"post_tag","embeddable":true,"href":"https:\/\/www.bellunopress.it\/fr\/wp-json\/wp\/v2\/tags?post=169329"}],"curies":[{"name":"wp","href":"https:\/\/api.w.org\/{rel}","templated":true}]}}