{"id":169325,"date":"2026-04-21T06:41:57","date_gmt":"2026-04-21T04:41:57","guid":{"rendered":"https:\/\/www.bellunopress.it\/?p=169325"},"modified":"2026-04-21T06:41:57","modified_gmt":"2026-04-21T04:41:57","slug":"italia-nostra-la-riqualificazione-di-via-feltre-compromette-la-sicurezza-e-la-salute-dei-cittadini","status":"publish","type":"post","link":"https:\/\/www.bellunopress.it\/fr\/2026\/04\/21\/italia-nostra-la-riqualificazione-di-via-feltre-compromette-la-sicurezza-e-la-salute-dei-cittadini\/","title":{"rendered":"Italia Nostra: la riqualificazione di via Feltre compromette la sicurezza e la salute dei cittadini"},"content":{"rendered":"<p>La sezione di Belluno di Italia Nostra ritorna sul progetto di riqualificazione urbana di via Feltre, dopo l\u2019incontro con il Sindaco di Belluno avvenuto il giorno mercoled\u00ec 15 aprile scorso.<\/p>\n<p>Spiace constatare che i dati e le argomentazioni esposte in quella sede non abbiano modificato la posizione del Sindaco che ha confermato da parte sua la bont\u00e0 del progetto in corso di esecuzione, non accettando nemmeno le proposte migliorative avanzate dall\u2019Associazione.<br \/>\nIn quella sede, di fronte alla tavola di progetto presentata estesamente dal Sindaco, l\u2019Associazione ha contestato che gli obiettivi definiti dall\u2019Amministrazione non possano essere raggiunti con questo intervento: la sicurezza dei cittadini non \u00e8 affatto garantita, in primis perch\u00e9 la nuova viabilit\u00e0 ciclo-pedonale risulta un corridoio di dimensioni ridottissime, difficilmente usufruibile e molto pericoloso per la compresenza di ciclisti nelle due direzioni insieme ai pedoni; perdipi\u00f9 le misure definite non rispettano le previsioni minime da codice della strada, che in ogni caso non possono scendere sotto i 3,75 mt. Molto grave che non sia stato considerato il fatto che questo asse viario \u00e8 un collegamento storico (risalente almeno al 1883) tra via Cavour, via Garibaldi e via Concetto Marchesi &#8211; dove attualmente sono ubicate importanti scuole superiori e medie del capoluogo \u2013 ma la tavola in oggetto rafforza la nostra opinione in merito al fatto che per nulla si voglia incentivare la mobilit\u00e0 dolce. Inoltre, la ciclopedonale non \u00e8 collegata con il centro citt\u00e0, nemmeno nell\u2019intersezione con via Carducci, che collega piazzale Marconi alla Stazione. Il riassetto amplia le aree di parcheggio e mette ancora una volta al centro l\u2019automobile: scelta incomprensibile non ultimo perch\u00e9 gi\u00e0 esiste un\u2019area comunale di parcheggio ben definita ma non utilizzata appieno, che potrebbe essere invece potenziata con la scelta coraggiosa di ridurre gli spostamenti dei veicoli nelle e dalle aree laterali.<\/p>\n<p>L\u2019Associazione ha ribadito che per ovviare al dissesto del marciapiede non \u00e8 necessaria la rimozione indiscriminata delle piante; ci sono esempi virtuosi, anche nelle vicinanze della citt\u00e0 di Belluno, di rinnovo della pavimentazione con soluzione tecniche in grado di conciliare le esigenze degli esseri viventi quali sono gli alberi e la piena fruizione degli spazi di calpestio pubblico. A proposito del viale alberato, a riscontro dell\u2019affermazione del Sindaco di avere a cuore la salute dei cittadini, l\u2019Associazione ha osservato per l\u2019ennesima volta che tale preoccupazione non pu\u00f2 tradursi nell\u2019abbattimento di un intero viale alberato di tigli che, come la scienza afferma in maniera incontrovertibile, \u00e8 una struttura ecosistemica in grado di abbattere gli inquinanti gassosi, sequestrare tonnellate di CO2 (ben tre all\u2019anno per ogni esemplare adulto), assorbire il rumore, contrastare le isole di calore di cui le nostre estati sono sempre pi\u00f9 cariche. Oltre a creare un paesaggio insostituibile.<\/p>\n<p>L\u2019Associazione inoltre ha fatto notare che l\u2019abbattimento \u00e8 stato effettuato senza le obbligatorie perizie agronomiche che sono per legge necessarie per stabilire il grado di eventuale pericolosit\u00e0 di un esemplare; dalla documentazione ricevuta tramite accesso agli atti viene spacciata per perizia tecnico-agronomica la Relazione che accompagna il recente Censimento del Verde urbano, per cui contestiamo l\u2019affermazione di una generica sofferenza che non ha alcuna misura tecnica. Invece, dai rilievi visuali e fotografici delle ceppaie, che sono state adeguatamente catalogate dai cittadini, i 69 tigli abbattuti risultano integri nel momento del taglio.<\/p>\n<p>Per questi ulteriori elementi, a valle dell\u2019incontro con il Sindaco, l\u2019Associazione ribadisce la mancanza di trasparenza riguardo alla pubblicazione e alla reperibilit\u00e0 degli atti all\u2019Albo Pretorio, la carenza di valutazione dal momento che non risulta pubblicata alcuna documentazione che attesti la verifica degli standard urbanistici.<\/p>\n<p><strong>Il Consiglio Direttivo di Italia Nostra<\/strong><br \/>\n<strong>Sezione di Belluno<\/strong><br \/>\n<strong>Belluno, 20 aprile 2026<\/strong><\/p>","protected":false},"excerpt":{"rendered":"<p>La sezione di Belluno di Italia Nostra ritorna sul progetto di riqualificazione urbana di via Feltre, dopo l\u2019incontro con il Sindaco di Belluno avvenuto il giorno mercoled\u00ec 15 aprile scorso. Spiace constatare che i dati e le argomentazioni esposte in quella sede non abbiano modificato la posizione del Sindaco che ha confermato da parte sua [&hellip;]<\/p>\n","protected":false},"author":2,"featured_media":124321,"comment_status":"closed","ping_status":"open","sticky":false,"template":"","format":"standard","meta":{"footnotes":""},"categories":[1,26],"tags":[],"class_list":["post-169325","post","type-post","status-publish","format-standard","has-post-thumbnail","category-leo","category-prima-pagina"],"yoast_head":"<!-- This site is optimized with the Yoast SEO plugin v28.4 - https:\/\/yoast.com\/product\/yoast-seo-wordpress\/ -->\n<title>Italia Nostra: la riqualificazione di via Feltre compromette la sicurezza e la salute dei cittadini - Bellunopress - Dolomiti<\/title>\n<meta name=\"robots\" content=\"index, follow, max-snippet:-1, max-image-preview:large, max-video-preview:-1\" \/>\n<link rel=\"canonical\" href=\"https:\/\/www.bellunopress.it\/fr\/2026\/04\/21\/italia-nostra-la-riqualificazione-di-via-feltre-compromette-la-sicurezza-e-la-salute-dei-cittadini\/\" \/>\n<meta property=\"og:locale\" content=\"fr_FR\" \/>\n<meta property=\"og:type\" content=\"article\" \/>\n<meta property=\"og:title\" content=\"Italia Nostra: la riqualificazione di via Feltre compromette la sicurezza e la salute dei cittadini - Bellunopress - Dolomiti\" \/>\n<meta property=\"og:description\" content=\"La sezione di Belluno di Italia Nostra ritorna sul progetto di riqualificazione urbana di via Feltre, dopo l\u2019incontro con il Sindaco di Belluno avvenuto il giorno mercoled\u00ec 15 aprile scorso. Spiace constatare che i dati e le argomentazioni esposte in quella sede non abbiano modificato la posizione del Sindaco che ha confermato da parte sua [&hellip;]\" \/>\n<meta property=\"og:url\" content=\"https:\/\/www.bellunopress.it\/fr\/2026\/04\/21\/italia-nostra-la-riqualificazione-di-via-feltre-compromette-la-sicurezza-e-la-salute-dei-cittadini\/\" \/>\n<meta property=\"og:site_name\" content=\"Bellunopress - Dolomiti\" \/>\n<meta property=\"article:publisher\" content=\"https:\/\/www.facebook.com\/profile.php?id=100008943462799\" \/>\n<meta property=\"article:published_time\" content=\"2026-04-21T04:41:57+00:00\" \/>\n<meta property=\"og:image\" content=\"https:\/\/www.bellunopress.it\/wp-content\/uploads\/2021\/05\/Italia-Nostra.jpg\" \/>\n\t<meta property=\"og:image:width\" content=\"640\" \/>\n\t<meta property=\"og:image:height\" content=\"342\" \/>\n\t<meta property=\"og:image:type\" content=\"image\/jpeg\" \/>\n<meta name=\"author\" content=\"redazione\" \/>\n<meta name=\"twitter:card\" content=\"summary_large_image\" \/>\n<meta name=\"twitter:creator\" content=\"@bellunopress\" \/>\n<meta name=\"twitter:site\" content=\"@bellunopress\" \/>\n<meta name=\"twitter:label1\" content=\"Written by\" \/>\n\t<meta name=\"twitter:data1\" content=\"redazione\" \/>\n\t<meta name=\"twitter:label2\" content=\"Est. reading time\" \/>\n\t<meta name=\"twitter:data2\" content=\"3 minutes\" \/>\n<script type=\"application\/ld+json\" class=\"yoast-schema-graph\">{\"@context\":\"https:\\\/\\\/schema.org\",\"@graph\":[{\"@type\":\"Article\",\"@id\":\"https:\\\/\\\/www.bellunopress.it\\\/2026\\\/04\\\/21\\\/italia-nostra-la-riqualificazione-di-via-feltre-compromette-la-sicurezza-e-la-salute-dei-cittadini\\\/#article\",\"isPartOf\":{\"@id\":\"https:\\\/\\\/www.bellunopress.it\\\/2026\\\/04\\\/21\\\/italia-nostra-la-riqualificazione-di-via-feltre-compromette-la-sicurezza-e-la-salute-dei-cittadini\\\/\"},\"author\":{\"name\":\"redazione\",\"@id\":\"https:\\\/\\\/www.bellunopress.it\\\/#\\\/schema\\\/person\\\/79bb06722b37ece1c03d3e94beb30d73\"},\"headline\":\"Italia Nostra: la riqualificazione di via Feltre compromette la sicurezza e la salute dei cittadini\",\"datePublished\":\"2026-04-21T04:41:57+00:00\",\"mainEntityOfPage\":{\"@id\":\"https:\\\/\\\/www.bellunopress.it\\\/2026\\\/04\\\/21\\\/italia-nostra-la-riqualificazione-di-via-feltre-compromette-la-sicurezza-e-la-salute-dei-cittadini\\\/\"},\"wordCount\":617,\"publisher\":{\"@id\":\"https:\\\/\\\/www.bellunopress.it\\\/#organization\"},\"image\":{\"@id\":\"https:\\\/\\\/www.bellunopress.it\\\/2026\\\/04\\\/21\\\/italia-nostra-la-riqualificazione-di-via-feltre-compromette-la-sicurezza-e-la-salute-dei-cittadini\\\/#primaryimage\"},\"thumbnailUrl\":\"https:\\\/\\\/www.bellunopress.it\\\/wp-content\\\/uploads\\\/2021\\\/05\\\/Italia-Nostra.jpg\",\"articleSection\":[\"Lettere Opinioni\",\"Prima Pagina\"],\"inLanguage\":\"fr-FR\"},{\"@type\":\"WebPage\",\"@id\":\"https:\\\/\\\/www.bellunopress.it\\\/2026\\\/04\\\/21\\\/italia-nostra-la-riqualificazione-di-via-feltre-compromette-la-sicurezza-e-la-salute-dei-cittadini\\\/\",\"url\":\"https:\\\/\\\/www.bellunopress.it\\\/2026\\\/04\\\/21\\\/italia-nostra-la-riqualificazione-di-via-feltre-compromette-la-sicurezza-e-la-salute-dei-cittadini\\\/\",\"name\":\"Italia Nostra: la riqualificazione di via Feltre compromette la sicurezza e la salute dei cittadini - Bellunopress - Dolomiti\",\"isPartOf\":{\"@id\":\"https:\\\/\\\/www.bellunopress.it\\\/#website\"},\"primaryImageOfPage\":{\"@id\":\"https:\\\/\\\/www.bellunopress.it\\\/2026\\\/04\\\/21\\\/italia-nostra-la-riqualificazione-di-via-feltre-compromette-la-sicurezza-e-la-salute-dei-cittadini\\\/#primaryimage\"},\"image\":{\"@id\":\"https:\\\/\\\/www.bellunopress.it\\\/2026\\\/04\\\/21\\\/italia-nostra-la-riqualificazione-di-via-feltre-compromette-la-sicurezza-e-la-salute-dei-cittadini\\\/#primaryimage\"},\"thumbnailUrl\":\"https:\\\/\\\/www.bellunopress.it\\\/wp-content\\\/uploads\\\/2021\\\/05\\\/Italia-Nostra.jpg\",\"datePublished\":\"2026-04-21T04:41:57+00:00\",\"breadcrumb\":{\"@id\":\"https:\\\/\\\/www.bellunopress.it\\\/2026\\\/04\\\/21\\\/italia-nostra-la-riqualificazione-di-via-feltre-compromette-la-sicurezza-e-la-salute-dei-cittadini\\\/#breadcrumb\"},\"inLanguage\":\"fr-FR\",\"potentialAction\":[{\"@type\":\"ReadAction\",\"target\":[\"https:\\\/\\\/www.bellunopress.it\\\/2026\\\/04\\\/21\\\/italia-nostra-la-riqualificazione-di-via-feltre-compromette-la-sicurezza-e-la-salute-dei-cittadini\\\/\"]}]},{\"@type\":\"ImageObject\",\"inLanguage\":\"fr-FR\",\"@id\":\"https:\\\/\\\/www.bellunopress.it\\\/2026\\\/04\\\/21\\\/italia-nostra-la-riqualificazione-di-via-feltre-compromette-la-sicurezza-e-la-salute-dei-cittadini\\\/#primaryimage\",\"url\":\"https:\\\/\\\/www.bellunopress.it\\\/wp-content\\\/uploads\\\/2021\\\/05\\\/Italia-Nostra.jpg\",\"contentUrl\":\"https:\\\/\\\/www.bellunopress.it\\\/wp-content\\\/uploads\\\/2021\\\/05\\\/Italia-Nostra.jpg\",\"width\":640,\"height\":342},{\"@type\":\"BreadcrumbList\",\"@id\":\"https:\\\/\\\/www.bellunopress.it\\\/2026\\\/04\\\/21\\\/italia-nostra-la-riqualificazione-di-via-feltre-compromette-la-sicurezza-e-la-salute-dei-cittadini\\\/#breadcrumb\",\"itemListElement\":[{\"@type\":\"ListItem\",\"position\":1,\"name\":\"Home\",\"item\":\"https:\\\/\\\/www.bellunopress.it\\\/\"},{\"@type\":\"ListItem\",\"position\":2,\"name\":\"Italia Nostra: la riqualificazione di via Feltre compromette la sicurezza e la salute dei cittadini\"}]},{\"@type\":\"WebSite\",\"@id\":\"https:\\\/\\\/www.bellunopress.it\\\/#website\",\"url\":\"https:\\\/\\\/www.bellunopress.it\\\/\",\"name\":\"Bellunopress - Dolomiti\",\"description\":\"e-mail: redazione@bellunopress.it\",\"publisher\":{\"@id\":\"https:\\\/\\\/www.bellunopress.it\\\/#organization\"},\"potentialAction\":[{\"@type\":\"SearchAction\",\"target\":{\"@type\":\"EntryPoint\",\"urlTemplate\":\"https:\\\/\\\/www.bellunopress.it\\\/?s={search_term_string}\"},\"query-input\":{\"@type\":\"PropertyValueSpecification\",\"valueRequired\":true,\"valueName\":\"search_term_string\"}}],\"inLanguage\":\"fr-FR\"},{\"@type\":\"Organization\",\"@id\":\"https:\\\/\\\/www.bellunopress.it\\\/#organization\",\"name\":\"Bellunopress\",\"url\":\"https:\\\/\\\/www.bellunopress.it\\\/\",\"logo\":{\"@type\":\"ImageObject\",\"inLanguage\":\"fr-FR\",\"@id\":\"https:\\\/\\\/www.bellunopress.it\\\/#\\\/schema\\\/logo\\\/image\\\/\",\"url\":\"https:\\\/\\\/www.bellunopress.it\\\/wp-content\\\/uploads\\\/2011\\\/05\\\/cropped-logo-bellunopress-.jpg\",\"contentUrl\":\"https:\\\/\\\/www.bellunopress.it\\\/wp-content\\\/uploads\\\/2011\\\/05\\\/cropped-logo-bellunopress-.jpg\",\"width\":512,\"height\":512,\"caption\":\"Bellunopress\"},\"image\":{\"@id\":\"https:\\\/\\\/www.bellunopress.it\\\/#\\\/schema\\\/logo\\\/image\\\/\"},\"sameAs\":[\"https:\\\/\\\/www.facebook.com\\\/profile.php?id=100008943462799\",\"https:\\\/\\\/x.com\\\/bellunopress\",\"https:\\\/\\\/www.linkedin.com\\\/hp\\\/?dnr=JBzUWaJfMUw8vbXJJ2tVW5-I3jZKvC4wsoxE&amp;amp;amp;amp;amp;amp;trk=nav_responsive_tab_home\",\"https:\\\/\\\/www.youtube.com\\\/channel\\\/UCxL0wu1uN0_3_7hGG0306cw\"]},{\"@type\":\"Person\",\"@id\":\"https:\\\/\\\/www.bellunopress.it\\\/#\\\/schema\\\/person\\\/79bb06722b37ece1c03d3e94beb30d73\",\"name\":\"redazione\",\"image\":{\"@type\":\"ImageObject\",\"inLanguage\":\"fr-FR\",\"@id\":\"https:\\\/\\\/secure.gravatar.com\\\/avatar\\\/37d968a2e67a6fd04c169c4bdef102d0bc5d31b2546345219e348575eb80e9a0?s=96&d=mm&r=g\",\"url\":\"https:\\\/\\\/secure.gravatar.com\\\/avatar\\\/37d968a2e67a6fd04c169c4bdef102d0bc5d31b2546345219e348575eb80e9a0?s=96&d=mm&r=g\",\"contentUrl\":\"https:\\\/\\\/secure.gravatar.com\\\/avatar\\\/37d968a2e67a6fd04c169c4bdef102d0bc5d31b2546345219e348575eb80e9a0?s=96&d=mm&r=g\",\"caption\":\"redazione\"},\"sameAs\":[\"http:\\\/\\\/www.bellunopress.it\",\"https:\\\/\\\/x.com\\\/bellunopress\"],\"url\":\"https:\\\/\\\/www.bellunopress.it\\\/fr\\\/author\\\/redazione\\\/\"}]}<\/script>\n<!-- \/ Yoast SEO plugin. -->","yoast_head_json":{"title":"Italia Nostra: la riqualificazione di via Feltre compromette la sicurezza e la salute dei cittadini - Bellunopress - Dolomiti","robots":{"index":"index","follow":"follow","max-snippet":"max-snippet:-1","max-image-preview":"max-image-preview:large","max-video-preview":"max-video-preview:-1"},"canonical":"https:\/\/www.bellunopress.it\/fr\/2026\/04\/21\/italia-nostra-la-riqualificazione-di-via-feltre-compromette-la-sicurezza-e-la-salute-dei-cittadini\/","og_locale":"fr_FR","og_type":"article","og_title":"Italia Nostra: la riqualificazione di via Feltre compromette la sicurezza e la salute dei cittadini - Bellunopress - Dolomiti","og_description":"La sezione di Belluno di Italia Nostra ritorna sul progetto di riqualificazione urbana di via Feltre, dopo l\u2019incontro con il Sindaco di Belluno avvenuto il giorno mercoled\u00ec 15 aprile scorso. Spiace constatare che i dati e le argomentazioni esposte in quella sede non abbiano modificato la posizione del Sindaco che ha confermato da parte sua [&hellip;]","og_url":"https:\/\/www.bellunopress.it\/fr\/2026\/04\/21\/italia-nostra-la-riqualificazione-di-via-feltre-compromette-la-sicurezza-e-la-salute-dei-cittadini\/","og_site_name":"Bellunopress - Dolomiti","article_publisher":"https:\/\/www.facebook.com\/profile.php?id=100008943462799","article_published_time":"2026-04-21T04:41:57+00:00","og_image":[{"width":640,"height":342,"url":"https:\/\/www.bellunopress.it\/wp-content\/uploads\/2021\/05\/Italia-Nostra.jpg","type":"image\/jpeg"}],"author":"redazione","twitter_card":"summary_large_image","twitter_creator":"@bellunopress","twitter_site":"@bellunopress","twitter_misc":{"Written by":"redazione","Est. reading time":"3 minutes"},"schema":{"@context":"https:\/\/schema.org","@graph":[{"@type":"Article","@id":"https:\/\/www.bellunopress.it\/2026\/04\/21\/italia-nostra-la-riqualificazione-di-via-feltre-compromette-la-sicurezza-e-la-salute-dei-cittadini\/#article","isPartOf":{"@id":"https:\/\/www.bellunopress.it\/2026\/04\/21\/italia-nostra-la-riqualificazione-di-via-feltre-compromette-la-sicurezza-e-la-salute-dei-cittadini\/"},"author":{"name":"redazione","@id":"https:\/\/www.bellunopress.it\/#\/schema\/person\/79bb06722b37ece1c03d3e94beb30d73"},"headline":"Italia Nostra: la riqualificazione di via Feltre compromette la sicurezza e la salute dei cittadini","datePublished":"2026-04-21T04:41:57+00:00","mainEntityOfPage":{"@id":"https:\/\/www.bellunopress.it\/2026\/04\/21\/italia-nostra-la-riqualificazione-di-via-feltre-compromette-la-sicurezza-e-la-salute-dei-cittadini\/"},"wordCount":617,"publisher":{"@id":"https:\/\/www.bellunopress.it\/#organization"},"image":{"@id":"https:\/\/www.bellunopress.it\/2026\/04\/21\/italia-nostra-la-riqualificazione-di-via-feltre-compromette-la-sicurezza-e-la-salute-dei-cittadini\/#primaryimage"},"thumbnailUrl":"https:\/\/www.bellunopress.it\/wp-content\/uploads\/2021\/05\/Italia-Nostra.jpg","articleSection":["Lettere Opinioni","Prima Pagina"],"inLanguage":"fr-FR"},{"@type":"WebPage","@id":"https:\/\/www.bellunopress.it\/2026\/04\/21\/italia-nostra-la-riqualificazione-di-via-feltre-compromette-la-sicurezza-e-la-salute-dei-cittadini\/","url":"https:\/\/www.bellunopress.it\/2026\/04\/21\/italia-nostra-la-riqualificazione-di-via-feltre-compromette-la-sicurezza-e-la-salute-dei-cittadini\/","name":"Italia Nostra: la riqualificazione di via Feltre compromette la sicurezza e la salute dei cittadini - Bellunopress - Dolomiti","isPartOf":{"@id":"https:\/\/www.bellunopress.it\/#website"},"primaryImageOfPage":{"@id":"https:\/\/www.bellunopress.it\/2026\/04\/21\/italia-nostra-la-riqualificazione-di-via-feltre-compromette-la-sicurezza-e-la-salute-dei-cittadini\/#primaryimage"},"image":{"@id":"https:\/\/www.bellunopress.it\/2026\/04\/21\/italia-nostra-la-riqualificazione-di-via-feltre-compromette-la-sicurezza-e-la-salute-dei-cittadini\/#primaryimage"},"thumbnailUrl":"https:\/\/www.bellunopress.it\/wp-content\/uploads\/2021\/05\/Italia-Nostra.jpg","datePublished":"2026-04-21T04:41:57+00:00","breadcrumb":{"@id":"https:\/\/www.bellunopress.it\/2026\/04\/21\/italia-nostra-la-riqualificazione-di-via-feltre-compromette-la-sicurezza-e-la-salute-dei-cittadini\/#breadcrumb"},"inLanguage":"fr-FR","potentialAction":[{"@type":"ReadAction","target":["https:\/\/www.bellunopress.it\/2026\/04\/21\/italia-nostra-la-riqualificazione-di-via-feltre-compromette-la-sicurezza-e-la-salute-dei-cittadini\/"]}]},{"@type":"ImageObject","inLanguage":"fr-FR","@id":"https:\/\/www.bellunopress.it\/2026\/04\/21\/italia-nostra-la-riqualificazione-di-via-feltre-compromette-la-sicurezza-e-la-salute-dei-cittadini\/#primaryimage","url":"https:\/\/www.bellunopress.it\/wp-content\/uploads\/2021\/05\/Italia-Nostra.jpg","contentUrl":"https:\/\/www.bellunopress.it\/wp-content\/uploads\/2021\/05\/Italia-Nostra.jpg","width":640,"height":342},{"@type":"BreadcrumbList","@id":"https:\/\/www.bellunopress.it\/2026\/04\/21\/italia-nostra-la-riqualificazione-di-via-feltre-compromette-la-sicurezza-e-la-salute-dei-cittadini\/#breadcrumb","itemListElement":[{"@type":"ListItem","position":1,"name":"Home","item":"https:\/\/www.bellunopress.it\/"},{"@type":"ListItem","position":2,"name":"Italia Nostra: la riqualificazione di via Feltre compromette la sicurezza e la salute dei cittadini"}]},{"@type":"WebSite","@id":"https:\/\/www.bellunopress.it\/#website","url":"https:\/\/www.bellunopress.it\/","name":"Bellunopress - Dolomiti","description":"e-mail: redazione@bellunopress.it","publisher":{"@id":"https:\/\/www.bellunopress.it\/#organization"},"potentialAction":[{"@type":"SearchAction","target":{"@type":"EntryPoint","urlTemplate":"https:\/\/www.bellunopress.it\/?s={search_term_string}"},"query-input":{"@type":"PropertyValueSpecification","valueRequired":true,"valueName":"search_term_string"}}],"inLanguage":"fr-FR"},{"@type":"Organization","@id":"https:\/\/www.bellunopress.it\/#organization","name":"Bellunopress","url":"https:\/\/www.bellunopress.it\/","logo":{"@type":"ImageObject","inLanguage":"fr-FR","@id":"https:\/\/www.bellunopress.it\/#\/schema\/logo\/image\/","url":"https:\/\/www.bellunopress.it\/wp-content\/uploads\/2011\/05\/cropped-logo-bellunopress-.jpg","contentUrl":"https:\/\/www.bellunopress.it\/wp-content\/uploads\/2011\/05\/cropped-logo-bellunopress-.jpg","width":512,"height":512,"caption":"Bellunopress"},"image":{"@id":"https:\/\/www.bellunopress.it\/#\/schema\/logo\/image\/"},"sameAs":["https:\/\/www.facebook.com\/profile.php?id=100008943462799","https:\/\/x.com\/bellunopress","https:\/\/www.linkedin.com\/hp\/?dnr=JBzUWaJfMUw8vbXJJ2tVW5-I3jZKvC4wsoxE&amp;amp;amp;amp;amp;amp;trk=nav_responsive_tab_home","https:\/\/www.youtube.com\/channel\/UCxL0wu1uN0_3_7hGG0306cw"]},{"@type":"Person","@id":"https:\/\/www.bellunopress.it\/#\/schema\/person\/79bb06722b37ece1c03d3e94beb30d73","name":"r\u00e9daction","image":{"@type":"ImageObject","inLanguage":"fr-FR","@id":"https:\/\/secure.gravatar.com\/avatar\/37d968a2e67a6fd04c169c4bdef102d0bc5d31b2546345219e348575eb80e9a0?s=96&d=mm&r=g","url":"https:\/\/secure.gravatar.com\/avatar\/37d968a2e67a6fd04c169c4bdef102d0bc5d31b2546345219e348575eb80e9a0?s=96&d=mm&r=g","contentUrl":"https:\/\/secure.gravatar.com\/avatar\/37d968a2e67a6fd04c169c4bdef102d0bc5d31b2546345219e348575eb80e9a0?s=96&d=mm&r=g","caption":"redazione"},"sameAs":["http:\/\/www.bellunopress.it","https:\/\/x.com\/bellunopress"],"url":"https:\/\/www.bellunopress.it\/fr\/author\/redazione\/"}]}},"_links":{"self":[{"href":"https:\/\/www.bellunopress.it\/fr\/wp-json\/wp\/v2\/posts\/169325","targetHints":{"allow":["GET"]}}],"collection":[{"href":"https:\/\/www.bellunopress.it\/fr\/wp-json\/wp\/v2\/posts"}],"about":[{"href":"https:\/\/www.bellunopress.it\/fr\/wp-json\/wp\/v2\/types\/post"}],"author":[{"embeddable":true,"href":"https:\/\/www.bellunopress.it\/fr\/wp-json\/wp\/v2\/users\/2"}],"replies":[{"embeddable":true,"href":"https:\/\/www.bellunopress.it\/fr\/wp-json\/wp\/v2\/comments?post=169325"}],"version-history":[{"count":1,"href":"https:\/\/www.bellunopress.it\/fr\/wp-json\/wp\/v2\/posts\/169325\/revisions"}],"predecessor-version":[{"id":169326,"href":"https:\/\/www.bellunopress.it\/fr\/wp-json\/wp\/v2\/posts\/169325\/revisions\/169326"}],"wp:featuredmedia":[{"embeddable":true,"href":"https:\/\/www.bellunopress.it\/fr\/wp-json\/wp\/v2\/media\/124321"}],"wp:attachment":[{"href":"https:\/\/www.bellunopress.it\/fr\/wp-json\/wp\/v2\/media?parent=169325"}],"wp:term":[{"taxonomy":"category","embeddable":true,"href":"https:\/\/www.bellunopress.it\/fr\/wp-json\/wp\/v2\/categories?post=169325"},{"taxonomy":"post_tag","embeddable":true,"href":"https:\/\/www.bellunopress.it\/fr\/wp-json\/wp\/v2\/tags?post=169325"}],"curies":[{"name":"wp","href":"https:\/\/api.w.org\/{rel}","templated":true}]}}