{"id":169320,"date":"2026-04-20T18:18:10","date_gmt":"2026-04-20T16:18:10","guid":{"rendered":"https:\/\/www.bellunopress.it\/?p=169320"},"modified":"2026-04-20T18:18:10","modified_gmt":"2026-04-20T16:18:10","slug":"vertenza-edim-bosh-ufficiale-la-cessione-a-tecnomeccanica","status":"publish","type":"post","link":"https:\/\/www.bellunopress.it\/fr\/2026\/04\/20\/vertenza-edim-bosh-ufficiale-la-cessione-a-tecnomeccanica\/","title":{"rendered":"Vertenza Edim-Bosh: ufficiale la cessione a Tecnomeccanica"},"content":{"rendered":"<p>20\/04\/2026 &#8211;\u00a0Questo pomeriggio si \u00e8 tenuto l&#8217;incontro relativo alla richiesta di proroga della Cassa Integrazione Guadagni Straordinaria (CIGS) per i siti produttivi del Gruppo Edim Bosch con sedi in provincia di Belluno e di Monza Brianza. Durante l&#8217;esame congiunto, l&#8217;azienda ha ufficializzato il nome del soggetto subentrante: la societ\u00e0 Tecnomeccanica rilever\u00e0 gli stabilimenti di Setteville e Villasanta.<\/p>\n<p>Tecnomeccanica S.p.A., realt\u00e0 specializzata nella pressofusione di alluminio per automotive e illuminotecnica, dopo l&#8217;integrazione di Mea s.r.l. a Moncalieri nel 2018 con cui ha esteso il proprio raggio d&#8217;azione alla progettazione e costruzione di stampi, aggiungendo questo know how allo stampaggio di minuterie metalliche destinate a svariati comparti industriali e alle apparecchiature elettriche, ha acquisito nel 2024 il sito produttivo di Crevalcore dalla multinazionale Marelli per la cifra simbolica di 1 euro. Con quella operazione a zero costi, nata da una crisi industriale complessa per lo stabilimento emiliano, Tecnomeccanica ha diversificato ulteriormente la produzione attraverso lo stampaggio plastico e il potenziamento della progettazione.<\/p>\n<p>&#8220;Come Organizzazioni Sindacali, riteniamo questo passaggio un punto di svolta fondamentale per la salvaguardia di un asset industriale strategico. La CIGS richiesta \u00e8 lo strumento necessario per traghettare i lavoratori e le attivit\u00e0 verso la nuova gestione. In attesa che l&#8217;operazione di cessione venga definita in ogni dettaglio tecnico, abbiamo gi\u00e0 formalizzato la richiesta di un incontro urgente con la direzione di Tecnomeccanica per un confronto su temi per noi fondamentali. Vogliamo avere garanzia della tenuta del perimetro occupazionale per tutti i lavoratori coinvolti, poter visionare il piano industriale che ci aspettiamo sia solido e strutturato per avere prospettive di lungo periodo di stabilit\u00e0 per i siti di Setteville e Villasanta e avere la definizione dei termini del passaggio per tutelare i diritti e le condizioni dei lavoratori e delle lavoratrici dei due stabilimenti.&#8221; Hanno dichiarato i sindacalisti della Fiom e della Fim bellunesi, unitariamente alle loro RSU, concludendo: &#8220;Auspichiamo che i tempi tecnici della cessione siano il pi\u00f9 brevi possibile ed \u00e8 essenziale avviare immediatamente il confronto sindacale per conoscere nel dettaglio il progetto industriale della nuova propriet\u00e0. Sar\u00e0 nostra cura convocare le assemblee dei lavoratori non appena avremo riscontri concreti dal tavolo negoziale per condividere i dettagli dell&#8217;accordo e le future prospettive di lavoro.&#8221;<\/p>","protected":false},"excerpt":{"rendered":"<p>20\/04\/2026 &#8211;\u00a0Questo pomeriggio si \u00e8 tenuto l&#8217;incontro relativo alla richiesta di proroga della Cassa Integrazione Guadagni Straordinaria (CIGS) per i siti produttivi del Gruppo Edim Bosch con sedi in provincia di Belluno e di Monza Brianza. Durante l&#8217;esame congiunto, l&#8217;azienda ha ufficializzato il nome del soggetto subentrante: la societ\u00e0 Tecnomeccanica rilever\u00e0 gli stabilimenti di Setteville [&hellip;]<\/p>\n","protected":false},"author":2,"featured_media":169321,"comment_status":"closed","ping_status":"open","sticky":false,"template":"","format":"standard","meta":{"footnotes":""},"categories":[36,26],"tags":[],"class_list":["post-169320","post","type-post","status-publish","format-standard","has-post-thumbnail","category-lavoro-economia","category-prima-pagina"],"yoast_head":"<!-- This site is optimized with the Yoast SEO plugin v28.4 - https:\/\/yoast.com\/product\/yoast-seo-wordpress\/ -->\n<title>Vertenza Edim-Bosh: ufficiale la cessione a Tecnomeccanica - Bellunopress - Dolomiti<\/title>\n<meta name=\"robots\" content=\"index, follow, max-snippet:-1, max-image-preview:large, max-video-preview:-1\" \/>\n<link rel=\"canonical\" href=\"https:\/\/www.bellunopress.it\/fr\/2026\/04\/20\/vertenza-edim-bosh-ufficiale-la-cessione-a-tecnomeccanica\/\" \/>\n<meta property=\"og:locale\" content=\"fr_FR\" \/>\n<meta property=\"og:type\" content=\"article\" \/>\n<meta property=\"og:title\" content=\"Vertenza Edim-Bosh: ufficiale la cessione a Tecnomeccanica - Bellunopress - Dolomiti\" \/>\n<meta property=\"og:description\" content=\"20\/04\/2026 &#8211;\u00a0Questo pomeriggio si \u00e8 tenuto l&#8217;incontro relativo alla richiesta di proroga della Cassa Integrazione Guadagni Straordinaria (CIGS) per i siti produttivi del Gruppo Edim Bosch con sedi in provincia di Belluno e di Monza Brianza. Durante l&#8217;esame congiunto, l&#8217;azienda ha ufficializzato il nome del soggetto subentrante: la societ\u00e0 Tecnomeccanica rilever\u00e0 gli stabilimenti di Setteville [&hellip;]\" \/>\n<meta property=\"og:url\" content=\"https:\/\/www.bellunopress.it\/fr\/2026\/04\/20\/vertenza-edim-bosh-ufficiale-la-cessione-a-tecnomeccanica\/\" \/>\n<meta property=\"og:site_name\" content=\"Bellunopress - Dolomiti\" \/>\n<meta property=\"article:publisher\" content=\"https:\/\/www.facebook.com\/profile.php?id=100008943462799\" \/>\n<meta property=\"article:published_time\" content=\"2026-04-20T16:18:10+00:00\" \/>\n<meta property=\"og:image\" content=\"https:\/\/www.bellunopress.it\/wp-content\/uploads\/2026\/04\/Fiom-Cgil-Fim-Cisl.jpg\" \/>\n\t<meta property=\"og:image:width\" content=\"700\" \/>\n\t<meta property=\"og:image:height\" content=\"318\" \/>\n\t<meta property=\"og:image:type\" content=\"image\/jpeg\" \/>\n<meta name=\"author\" content=\"redazione\" \/>\n<meta name=\"twitter:card\" content=\"summary_large_image\" \/>\n<meta name=\"twitter:creator\" content=\"@bellunopress\" \/>\n<meta name=\"twitter:site\" content=\"@bellunopress\" \/>\n<meta name=\"twitter:label1\" content=\"\u00c9crit par\" \/>\n\t<meta name=\"twitter:data1\" content=\"redazione\" \/>\n\t<meta name=\"twitter:label2\" content=\"Dur\u00e9e de lecture estim\u00e9e\" \/>\n\t<meta name=\"twitter:data2\" content=\"2 minutes\" \/>\n<script type=\"application\/ld+json\" class=\"yoast-schema-graph\">{\"@context\":\"https:\\\/\\\/schema.org\",\"@graph\":[{\"@type\":\"Article\",\"@id\":\"https:\\\/\\\/www.bellunopress.it\\\/2026\\\/04\\\/20\\\/vertenza-edim-bosh-ufficiale-la-cessione-a-tecnomeccanica\\\/#article\",\"isPartOf\":{\"@id\":\"https:\\\/\\\/www.bellunopress.it\\\/2026\\\/04\\\/20\\\/vertenza-edim-bosh-ufficiale-la-cessione-a-tecnomeccanica\\\/\"},\"author\":{\"name\":\"redazione\",\"@id\":\"https:\\\/\\\/www.bellunopress.it\\\/#\\\/schema\\\/person\\\/79bb06722b37ece1c03d3e94beb30d73\"},\"headline\":\"Vertenza Edim-Bosh: ufficiale la cessione a Tecnomeccanica\",\"datePublished\":\"2026-04-20T16:18:10+00:00\",\"mainEntityOfPage\":{\"@id\":\"https:\\\/\\\/www.bellunopress.it\\\/2026\\\/04\\\/20\\\/vertenza-edim-bosh-ufficiale-la-cessione-a-tecnomeccanica\\\/\"},\"wordCount\":378,\"publisher\":{\"@id\":\"https:\\\/\\\/www.bellunopress.it\\\/#organization\"},\"image\":{\"@id\":\"https:\\\/\\\/www.bellunopress.it\\\/2026\\\/04\\\/20\\\/vertenza-edim-bosh-ufficiale-la-cessione-a-tecnomeccanica\\\/#primaryimage\"},\"thumbnailUrl\":\"https:\\\/\\\/www.bellunopress.it\\\/wp-content\\\/uploads\\\/2026\\\/04\\\/Fiom-Cgil-Fim-Cisl.jpg\",\"articleSection\":[\"Lavoro, Economia, Turismo\",\"Prima Pagina\"],\"inLanguage\":\"fr-FR\"},{\"@type\":\"WebPage\",\"@id\":\"https:\\\/\\\/www.bellunopress.it\\\/2026\\\/04\\\/20\\\/vertenza-edim-bosh-ufficiale-la-cessione-a-tecnomeccanica\\\/\",\"url\":\"https:\\\/\\\/www.bellunopress.it\\\/2026\\\/04\\\/20\\\/vertenza-edim-bosh-ufficiale-la-cessione-a-tecnomeccanica\\\/\",\"name\":\"Vertenza Edim-Bosh: ufficiale la cessione a Tecnomeccanica - Bellunopress - Dolomiti\",\"isPartOf\":{\"@id\":\"https:\\\/\\\/www.bellunopress.it\\\/#website\"},\"primaryImageOfPage\":{\"@id\":\"https:\\\/\\\/www.bellunopress.it\\\/2026\\\/04\\\/20\\\/vertenza-edim-bosh-ufficiale-la-cessione-a-tecnomeccanica\\\/#primaryimage\"},\"image\":{\"@id\":\"https:\\\/\\\/www.bellunopress.it\\\/2026\\\/04\\\/20\\\/vertenza-edim-bosh-ufficiale-la-cessione-a-tecnomeccanica\\\/#primaryimage\"},\"thumbnailUrl\":\"https:\\\/\\\/www.bellunopress.it\\\/wp-content\\\/uploads\\\/2026\\\/04\\\/Fiom-Cgil-Fim-Cisl.jpg\",\"datePublished\":\"2026-04-20T16:18:10+00:00\",\"breadcrumb\":{\"@id\":\"https:\\\/\\\/www.bellunopress.it\\\/2026\\\/04\\\/20\\\/vertenza-edim-bosh-ufficiale-la-cessione-a-tecnomeccanica\\\/#breadcrumb\"},\"inLanguage\":\"fr-FR\",\"potentialAction\":[{\"@type\":\"ReadAction\",\"target\":[\"https:\\\/\\\/www.bellunopress.it\\\/2026\\\/04\\\/20\\\/vertenza-edim-bosh-ufficiale-la-cessione-a-tecnomeccanica\\\/\"]}]},{\"@type\":\"ImageObject\",\"inLanguage\":\"fr-FR\",\"@id\":\"https:\\\/\\\/www.bellunopress.it\\\/2026\\\/04\\\/20\\\/vertenza-edim-bosh-ufficiale-la-cessione-a-tecnomeccanica\\\/#primaryimage\",\"url\":\"https:\\\/\\\/www.bellunopress.it\\\/wp-content\\\/uploads\\\/2026\\\/04\\\/Fiom-Cgil-Fim-Cisl.jpg\",\"contentUrl\":\"https:\\\/\\\/www.bellunopress.it\\\/wp-content\\\/uploads\\\/2026\\\/04\\\/Fiom-Cgil-Fim-Cisl.jpg\",\"width\":700,\"height\":318},{\"@type\":\"BreadcrumbList\",\"@id\":\"https:\\\/\\\/www.bellunopress.it\\\/2026\\\/04\\\/20\\\/vertenza-edim-bosh-ufficiale-la-cessione-a-tecnomeccanica\\\/#breadcrumb\",\"itemListElement\":[{\"@type\":\"ListItem\",\"position\":1,\"name\":\"Home\",\"item\":\"https:\\\/\\\/www.bellunopress.it\\\/\"},{\"@type\":\"ListItem\",\"position\":2,\"name\":\"Vertenza Edim-Bosh: ufficiale la cessione a Tecnomeccanica\"}]},{\"@type\":\"WebSite\",\"@id\":\"https:\\\/\\\/www.bellunopress.it\\\/#website\",\"url\":\"https:\\\/\\\/www.bellunopress.it\\\/\",\"name\":\"Bellunopress - Dolomiti\",\"description\":\"e-mail: redazione@bellunopress.it\",\"publisher\":{\"@id\":\"https:\\\/\\\/www.bellunopress.it\\\/#organization\"},\"potentialAction\":[{\"@type\":\"SearchAction\",\"target\":{\"@type\":\"EntryPoint\",\"urlTemplate\":\"https:\\\/\\\/www.bellunopress.it\\\/?s={search_term_string}\"},\"query-input\":{\"@type\":\"PropertyValueSpecification\",\"valueRequired\":true,\"valueName\":\"search_term_string\"}}],\"inLanguage\":\"fr-FR\"},{\"@type\":\"Organization\",\"@id\":\"https:\\\/\\\/www.bellunopress.it\\\/#organization\",\"name\":\"Bellunopress\",\"url\":\"https:\\\/\\\/www.bellunopress.it\\\/\",\"logo\":{\"@type\":\"ImageObject\",\"inLanguage\":\"fr-FR\",\"@id\":\"https:\\\/\\\/www.bellunopress.it\\\/#\\\/schema\\\/logo\\\/image\\\/\",\"url\":\"https:\\\/\\\/www.bellunopress.it\\\/wp-content\\\/uploads\\\/2011\\\/05\\\/cropped-logo-bellunopress-.jpg\",\"contentUrl\":\"https:\\\/\\\/www.bellunopress.it\\\/wp-content\\\/uploads\\\/2011\\\/05\\\/cropped-logo-bellunopress-.jpg\",\"width\":512,\"height\":512,\"caption\":\"Bellunopress\"},\"image\":{\"@id\":\"https:\\\/\\\/www.bellunopress.it\\\/#\\\/schema\\\/logo\\\/image\\\/\"},\"sameAs\":[\"https:\\\/\\\/www.facebook.com\\\/profile.php?id=100008943462799\",\"https:\\\/\\\/x.com\\\/bellunopress\",\"https:\\\/\\\/www.linkedin.com\\\/hp\\\/?dnr=JBzUWaJfMUw8vbXJJ2tVW5-I3jZKvC4wsoxE&amp;amp;amp;amp;amp;amp;trk=nav_responsive_tab_home\",\"https:\\\/\\\/www.youtube.com\\\/channel\\\/UCxL0wu1uN0_3_7hGG0306cw\"]},{\"@type\":\"Person\",\"@id\":\"https:\\\/\\\/www.bellunopress.it\\\/#\\\/schema\\\/person\\\/79bb06722b37ece1c03d3e94beb30d73\",\"name\":\"redazione\",\"image\":{\"@type\":\"ImageObject\",\"inLanguage\":\"fr-FR\",\"@id\":\"https:\\\/\\\/secure.gravatar.com\\\/avatar\\\/37d968a2e67a6fd04c169c4bdef102d0bc5d31b2546345219e348575eb80e9a0?s=96&d=mm&r=g\",\"url\":\"https:\\\/\\\/secure.gravatar.com\\\/avatar\\\/37d968a2e67a6fd04c169c4bdef102d0bc5d31b2546345219e348575eb80e9a0?s=96&d=mm&r=g\",\"contentUrl\":\"https:\\\/\\\/secure.gravatar.com\\\/avatar\\\/37d968a2e67a6fd04c169c4bdef102d0bc5d31b2546345219e348575eb80e9a0?s=96&d=mm&r=g\",\"caption\":\"redazione\"},\"sameAs\":[\"http:\\\/\\\/www.bellunopress.it\",\"https:\\\/\\\/x.com\\\/bellunopress\"],\"url\":\"https:\\\/\\\/www.bellunopress.it\\\/fr\\\/author\\\/redazione\\\/\"}]}<\/script>\n<!-- \/ Yoast SEO plugin. -->","yoast_head_json":{"title":"Vertenza Edim-Bosh: ufficiale la cessione a Tecnomeccanica - Bellunopress - Dolomiti","robots":{"index":"index","follow":"follow","max-snippet":"max-snippet:-1","max-image-preview":"max-image-preview:large","max-video-preview":"max-video-preview:-1"},"canonical":"https:\/\/www.bellunopress.it\/fr\/2026\/04\/20\/vertenza-edim-bosh-ufficiale-la-cessione-a-tecnomeccanica\/","og_locale":"fr_FR","og_type":"article","og_title":"Vertenza Edim-Bosh: ufficiale la cessione a Tecnomeccanica - Bellunopress - Dolomiti","og_description":"20\/04\/2026 &#8211;\u00a0Questo pomeriggio si \u00e8 tenuto l&#8217;incontro relativo alla richiesta di proroga della Cassa Integrazione Guadagni Straordinaria (CIGS) per i siti produttivi del Gruppo Edim Bosch con sedi in provincia di Belluno e di Monza Brianza. Durante l&#8217;esame congiunto, l&#8217;azienda ha ufficializzato il nome del soggetto subentrante: la societ\u00e0 Tecnomeccanica rilever\u00e0 gli stabilimenti di Setteville [&hellip;]","og_url":"https:\/\/www.bellunopress.it\/fr\/2026\/04\/20\/vertenza-edim-bosh-ufficiale-la-cessione-a-tecnomeccanica\/","og_site_name":"Bellunopress - Dolomiti","article_publisher":"https:\/\/www.facebook.com\/profile.php?id=100008943462799","article_published_time":"2026-04-20T16:18:10+00:00","og_image":[{"width":700,"height":318,"url":"https:\/\/www.bellunopress.it\/wp-content\/uploads\/2026\/04\/Fiom-Cgil-Fim-Cisl.jpg","type":"image\/jpeg"}],"author":"redazione","twitter_card":"summary_large_image","twitter_creator":"@bellunopress","twitter_site":"@bellunopress","twitter_misc":{"\u00c9crit par":"redazione","Dur\u00e9e de lecture estim\u00e9e":"2 minutes"},"schema":{"@context":"https:\/\/schema.org","@graph":[{"@type":"Article","@id":"https:\/\/www.bellunopress.it\/2026\/04\/20\/vertenza-edim-bosh-ufficiale-la-cessione-a-tecnomeccanica\/#article","isPartOf":{"@id":"https:\/\/www.bellunopress.it\/2026\/04\/20\/vertenza-edim-bosh-ufficiale-la-cessione-a-tecnomeccanica\/"},"author":{"name":"redazione","@id":"https:\/\/www.bellunopress.it\/#\/schema\/person\/79bb06722b37ece1c03d3e94beb30d73"},"headline":"Vertenza Edim-Bosh: ufficiale la cessione a Tecnomeccanica","datePublished":"2026-04-20T16:18:10+00:00","mainEntityOfPage":{"@id":"https:\/\/www.bellunopress.it\/2026\/04\/20\/vertenza-edim-bosh-ufficiale-la-cessione-a-tecnomeccanica\/"},"wordCount":378,"publisher":{"@id":"https:\/\/www.bellunopress.it\/#organization"},"image":{"@id":"https:\/\/www.bellunopress.it\/2026\/04\/20\/vertenza-edim-bosh-ufficiale-la-cessione-a-tecnomeccanica\/#primaryimage"},"thumbnailUrl":"https:\/\/www.bellunopress.it\/wp-content\/uploads\/2026\/04\/Fiom-Cgil-Fim-Cisl.jpg","articleSection":["Lavoro, Economia, Turismo","Prima Pagina"],"inLanguage":"fr-FR"},{"@type":"WebPage","@id":"https:\/\/www.bellunopress.it\/2026\/04\/20\/vertenza-edim-bosh-ufficiale-la-cessione-a-tecnomeccanica\/","url":"https:\/\/www.bellunopress.it\/2026\/04\/20\/vertenza-edim-bosh-ufficiale-la-cessione-a-tecnomeccanica\/","name":"Vertenza Edim-Bosh: ufficiale la cessione a Tecnomeccanica - Bellunopress - Dolomiti","isPartOf":{"@id":"https:\/\/www.bellunopress.it\/#website"},"primaryImageOfPage":{"@id":"https:\/\/www.bellunopress.it\/2026\/04\/20\/vertenza-edim-bosh-ufficiale-la-cessione-a-tecnomeccanica\/#primaryimage"},"image":{"@id":"https:\/\/www.bellunopress.it\/2026\/04\/20\/vertenza-edim-bosh-ufficiale-la-cessione-a-tecnomeccanica\/#primaryimage"},"thumbnailUrl":"https:\/\/www.bellunopress.it\/wp-content\/uploads\/2026\/04\/Fiom-Cgil-Fim-Cisl.jpg","datePublished":"2026-04-20T16:18:10+00:00","breadcrumb":{"@id":"https:\/\/www.bellunopress.it\/2026\/04\/20\/vertenza-edim-bosh-ufficiale-la-cessione-a-tecnomeccanica\/#breadcrumb"},"inLanguage":"fr-FR","potentialAction":[{"@type":"ReadAction","target":["https:\/\/www.bellunopress.it\/2026\/04\/20\/vertenza-edim-bosh-ufficiale-la-cessione-a-tecnomeccanica\/"]}]},{"@type":"ImageObject","inLanguage":"fr-FR","@id":"https:\/\/www.bellunopress.it\/2026\/04\/20\/vertenza-edim-bosh-ufficiale-la-cessione-a-tecnomeccanica\/#primaryimage","url":"https:\/\/www.bellunopress.it\/wp-content\/uploads\/2026\/04\/Fiom-Cgil-Fim-Cisl.jpg","contentUrl":"https:\/\/www.bellunopress.it\/wp-content\/uploads\/2026\/04\/Fiom-Cgil-Fim-Cisl.jpg","width":700,"height":318},{"@type":"BreadcrumbList","@id":"https:\/\/www.bellunopress.it\/2026\/04\/20\/vertenza-edim-bosh-ufficiale-la-cessione-a-tecnomeccanica\/#breadcrumb","itemListElement":[{"@type":"ListItem","position":1,"name":"Home","item":"https:\/\/www.bellunopress.it\/"},{"@type":"ListItem","position":2,"name":"Vertenza Edim-Bosh: ufficiale la cessione a Tecnomeccanica"}]},{"@type":"WebSite","@id":"https:\/\/www.bellunopress.it\/#website","url":"https:\/\/www.bellunopress.it\/","name":"Bellunopress - Dolomiti","description":"e-mail: redazione@bellunopress.it","publisher":{"@id":"https:\/\/www.bellunopress.it\/#organization"},"potentialAction":[{"@type":"SearchAction","target":{"@type":"EntryPoint","urlTemplate":"https:\/\/www.bellunopress.it\/?s={search_term_string}"},"query-input":{"@type":"PropertyValueSpecification","valueRequired":true,"valueName":"search_term_string"}}],"inLanguage":"fr-FR"},{"@type":"Organization","@id":"https:\/\/www.bellunopress.it\/#organization","name":"Bellunopress","url":"https:\/\/www.bellunopress.it\/","logo":{"@type":"ImageObject","inLanguage":"fr-FR","@id":"https:\/\/www.bellunopress.it\/#\/schema\/logo\/image\/","url":"https:\/\/www.bellunopress.it\/wp-content\/uploads\/2011\/05\/cropped-logo-bellunopress-.jpg","contentUrl":"https:\/\/www.bellunopress.it\/wp-content\/uploads\/2011\/05\/cropped-logo-bellunopress-.jpg","width":512,"height":512,"caption":"Bellunopress"},"image":{"@id":"https:\/\/www.bellunopress.it\/#\/schema\/logo\/image\/"},"sameAs":["https:\/\/www.facebook.com\/profile.php?id=100008943462799","https:\/\/x.com\/bellunopress","https:\/\/www.linkedin.com\/hp\/?dnr=JBzUWaJfMUw8vbXJJ2tVW5-I3jZKvC4wsoxE&amp;amp;amp;amp;amp;amp;trk=nav_responsive_tab_home","https:\/\/www.youtube.com\/channel\/UCxL0wu1uN0_3_7hGG0306cw"]},{"@type":"Person","@id":"https:\/\/www.bellunopress.it\/#\/schema\/person\/79bb06722b37ece1c03d3e94beb30d73","name":"r\u00e9daction","image":{"@type":"ImageObject","inLanguage":"fr-FR","@id":"https:\/\/secure.gravatar.com\/avatar\/37d968a2e67a6fd04c169c4bdef102d0bc5d31b2546345219e348575eb80e9a0?s=96&d=mm&r=g","url":"https:\/\/secure.gravatar.com\/avatar\/37d968a2e67a6fd04c169c4bdef102d0bc5d31b2546345219e348575eb80e9a0?s=96&d=mm&r=g","contentUrl":"https:\/\/secure.gravatar.com\/avatar\/37d968a2e67a6fd04c169c4bdef102d0bc5d31b2546345219e348575eb80e9a0?s=96&d=mm&r=g","caption":"redazione"},"sameAs":["http:\/\/www.bellunopress.it","https:\/\/x.com\/bellunopress"],"url":"https:\/\/www.bellunopress.it\/fr\/author\/redazione\/"}]}},"_links":{"self":[{"href":"https:\/\/www.bellunopress.it\/fr\/wp-json\/wp\/v2\/posts\/169320","targetHints":{"allow":["GET"]}}],"collection":[{"href":"https:\/\/www.bellunopress.it\/fr\/wp-json\/wp\/v2\/posts"}],"about":[{"href":"https:\/\/www.bellunopress.it\/fr\/wp-json\/wp\/v2\/types\/post"}],"author":[{"embeddable":true,"href":"https:\/\/www.bellunopress.it\/fr\/wp-json\/wp\/v2\/users\/2"}],"replies":[{"embeddable":true,"href":"https:\/\/www.bellunopress.it\/fr\/wp-json\/wp\/v2\/comments?post=169320"}],"version-history":[{"count":1,"href":"https:\/\/www.bellunopress.it\/fr\/wp-json\/wp\/v2\/posts\/169320\/revisions"}],"predecessor-version":[{"id":169322,"href":"https:\/\/www.bellunopress.it\/fr\/wp-json\/wp\/v2\/posts\/169320\/revisions\/169322"}],"wp:featuredmedia":[{"embeddable":true,"href":"https:\/\/www.bellunopress.it\/fr\/wp-json\/wp\/v2\/media\/169321"}],"wp:attachment":[{"href":"https:\/\/www.bellunopress.it\/fr\/wp-json\/wp\/v2\/media?parent=169320"}],"wp:term":[{"taxonomy":"category","embeddable":true,"href":"https:\/\/www.bellunopress.it\/fr\/wp-json\/wp\/v2\/categories?post=169320"},{"taxonomy":"post_tag","embeddable":true,"href":"https:\/\/www.bellunopress.it\/fr\/wp-json\/wp\/v2\/tags?post=169320"}],"curies":[{"name":"wp","href":"https:\/\/api.w.org\/{rel}","templated":true}]}}