{"id":169300,"date":"2026-04-20T14:11:22","date_gmt":"2026-04-20T12:11:22","guid":{"rendered":"https:\/\/www.bellunopress.it\/?p=169300"},"modified":"2026-04-20T14:11:22","modified_gmt":"2026-04-20T12:11:22","slug":"longarone-il-punto-sui-cantieri-del-centro","status":"publish","type":"post","link":"https:\/\/www.bellunopress.it\/fr\/2026\/04\/20\/longarone-il-punto-sui-cantieri-del-centro\/","title":{"rendered":"Longarone, il punto sui cantieri del centro"},"content":{"rendered":"<p><strong>Piazza 9 ottobre in dirittura d\u2019arrivo, per l\u2019ex Poste si guarda al 2027<\/strong><\/p>\n<p>Continuano i lavori nel centro di Longarone. In queste settimane \u00e8 in fase di completamento l\u2019importante cantiere di riqualificazione di Piazza 9 ottobre, un intervento da 2,7 milioni di euro che vede un cofinanziamento di 853mila euro dalle casse comunali.<\/p>\n<p>\u00abLa parte centrale della piazza \u00e8 gi\u00e0 stata terminata, ora stiamo completando l\u2019ultimo segmento, quello davanti all\u2019ingresso del supermercato, che collega Piazza 9 ottobre a Piazza Pietro Gonzaga\u00bb spiega il sindaco, Roberto Padrin. \u00abEntro la fine di giugno tutti i lavori saranno finiti e a settembre inaugureremo la piazza rinnovata con un grande evento. Stiamo pensando a un concerto per tutta la cittadinanza\u00bb.<\/p>\n<p>I lavori di Piazza 9 ottobre hanno riguardato la sostituzione e il rinnovo completo della pavimentazione: sono state disegnate con i cubetti di porfido delle onde a richiamare l\u2019acqua del Vajont. Sono state create nuove aiuole e nelle prossime settimane, a completamento dell\u2019operazione, verranno messe in sede alcune alberature.<\/p>\n<p>\u00abQuest\u2019opera risolve uno dei problemi annosi del centro di Longarone &#8211; sottolinea il sindaco -. E d\u00e0 un\u2019immagine nuova a una piazza che porta un nome importante e identitario per Longarone e la sua comunit\u00e0. Ringrazio gli uffici comunali e l\u2019assessore Livio Sacchet per l\u2019impegno con cui hanno seguito questo intervento. Un pensiero va anche ai commercianti che hanno subito diversi disagi e che l\u2019Amministrazione ha compensato con 30.000 euro complessivo di ristori\u00bb.<\/p>\n<p>Il secondo cantiere che sta procedendo a ritmo serrato \u00e8 quello delle ex Poste. L\u2019edificio fatiscente che si affacciava sulla Statale di Alemagna da un lato e sul piazzale davanti alla chiesa dall\u2019altro \u00e8 stato abbattuto qualche mese fa. Adesso proseguono le bonifiche del sito (anche perch\u00e9 era stato rinvenuto dell\u2019amianto e sono state trovate tre cisterne, prontamente rimosse durante i lavori) e in seguito verr\u00e0 realizzata quella che da progetto \u00e8 la nuova porta d\u2019ingresso del paese. Un\u2019operazione da 2,1 milioni di euro, realizzata grazi a un cofinanziamento di 611mila euro da parte del Comune.<\/p>\n<p>\u00abIn questo momento la ditta incaricata sta realizzando i pali di sostegno del versante &#8211; spiegano i tecnici del Comune di Longarone -. Nei prossimi mesi sar\u00e0 poi costruita la nuova realizzazione\u00bb. L\u2019intervento ha un cronoprogramma ampio che vedr\u00e0 la conclusione nel corso del 2027. Saranno realizzati un parcheggio per i pullman turistici, un ascensore che porter\u00e0 direttamente in centro a Longarone, oltre a bagni pubblici e uno spazio espositivo. \u00abSar\u00e0 la nuova porta d\u2019ingresso per i visitatori del nostro paese &#8211; conclude il sindaco -. Anche questo lavoro, insieme a quello della Piazza 9 ottobre, ha creato diversi disagi, ai residenti e alle attivit\u00e0 commerciali, ma sono sicuro che una volta conclusi i lavori potremo davvero vedere e vivere un centro riqualificato, pi\u00f9 bello e funzionale alla vita della comunit\u00e0\u00bb.<\/p>","protected":false},"excerpt":{"rendered":"<p>Piazza 9 ottobre in dirittura d\u2019arrivo, per l\u2019ex Poste si guarda al 2027 Continuano i lavori nel centro di Longarone. In queste settimane \u00e8 in fase di completamento l\u2019importante cantiere di riqualificazione di Piazza 9 ottobre, un intervento da 2,7 milioni di euro che vede un cofinanziamento di 853mila euro dalle casse comunali. \u00abLa parte [&hellip;]<\/p>\n","protected":false},"author":2,"featured_media":169301,"comment_status":"closed","ping_status":"open","sticky":false,"template":"","format":"standard","meta":{"footnotes":""},"categories":[26,8],"tags":[],"class_list":["post-169300","post","type-post","status-publish","format-standard","has-post-thumbnail","category-prima-pagina","category-societa-istituzioni"],"yoast_head":"<!-- This site is optimized with the Yoast SEO plugin v28.4 - https:\/\/yoast.com\/product\/yoast-seo-wordpress\/ -->\n<title>Longarone, il punto sui cantieri del centro - Bellunopress - Dolomiti<\/title>\n<meta name=\"robots\" content=\"index, follow, max-snippet:-1, max-image-preview:large, max-video-preview:-1\" \/>\n<link rel=\"canonical\" href=\"https:\/\/www.bellunopress.it\/fr\/2026\/04\/20\/longarone-il-punto-sui-cantieri-del-centro\/\" \/>\n<meta property=\"og:locale\" content=\"fr_FR\" \/>\n<meta property=\"og:type\" content=\"article\" \/>\n<meta property=\"og:title\" content=\"Longarone, il punto sui cantieri del centro - Bellunopress - Dolomiti\" \/>\n<meta property=\"og:description\" content=\"Piazza 9 ottobre in dirittura d\u2019arrivo, per l\u2019ex Poste si guarda al 2027 Continuano i lavori nel centro di Longarone. In queste settimane \u00e8 in fase di completamento l\u2019importante cantiere di riqualificazione di Piazza 9 ottobre, un intervento da 2,7 milioni di euro che vede un cofinanziamento di 853mila euro dalle casse comunali. \u00abLa parte [&hellip;]\" \/>\n<meta property=\"og:url\" content=\"https:\/\/www.bellunopress.it\/fr\/2026\/04\/20\/longarone-il-punto-sui-cantieri-del-centro\/\" \/>\n<meta property=\"og:site_name\" content=\"Bellunopress - Dolomiti\" \/>\n<meta property=\"article:publisher\" content=\"https:\/\/www.facebook.com\/profile.php?id=100008943462799\" \/>\n<meta property=\"article:published_time\" content=\"2026-04-20T12:11:22+00:00\" \/>\n<meta property=\"og:image\" content=\"https:\/\/www.bellunopress.it\/wp-content\/uploads\/2026\/04\/Longarone-lavori-riqualificazione.jpg\" \/>\n\t<meta property=\"og:image:width\" content=\"500\" \/>\n\t<meta property=\"og:image:height\" content=\"375\" \/>\n\t<meta property=\"og:image:type\" content=\"image\/jpeg\" \/>\n<meta name=\"author\" content=\"redazione\" \/>\n<meta name=\"twitter:card\" content=\"summary_large_image\" \/>\n<meta name=\"twitter:creator\" content=\"@bellunopress\" \/>\n<meta name=\"twitter:site\" content=\"@bellunopress\" \/>\n<meta name=\"twitter:label1\" content=\"\u00c9crit par\" \/>\n\t<meta name=\"twitter:data1\" content=\"redazione\" \/>\n\t<meta name=\"twitter:label2\" content=\"Dur\u00e9e de lecture estim\u00e9e\" \/>\n\t<meta name=\"twitter:data2\" content=\"2 minutes\" \/>\n<script type=\"application\/ld+json\" class=\"yoast-schema-graph\">{\"@context\":\"https:\\\/\\\/schema.org\",\"@graph\":[{\"@type\":\"Article\",\"@id\":\"https:\\\/\\\/www.bellunopress.it\\\/2026\\\/04\\\/20\\\/longarone-il-punto-sui-cantieri-del-centro\\\/#article\",\"isPartOf\":{\"@id\":\"https:\\\/\\\/www.bellunopress.it\\\/2026\\\/04\\\/20\\\/longarone-il-punto-sui-cantieri-del-centro\\\/\"},\"author\":{\"name\":\"redazione\",\"@id\":\"https:\\\/\\\/www.bellunopress.it\\\/#\\\/schema\\\/person\\\/79bb06722b37ece1c03d3e94beb30d73\"},\"headline\":\"Longarone, il punto sui cantieri del centro\",\"datePublished\":\"2026-04-20T12:11:22+00:00\",\"mainEntityOfPage\":{\"@id\":\"https:\\\/\\\/www.bellunopress.it\\\/2026\\\/04\\\/20\\\/longarone-il-punto-sui-cantieri-del-centro\\\/\"},\"wordCount\":476,\"publisher\":{\"@id\":\"https:\\\/\\\/www.bellunopress.it\\\/#organization\"},\"image\":{\"@id\":\"https:\\\/\\\/www.bellunopress.it\\\/2026\\\/04\\\/20\\\/longarone-il-punto-sui-cantieri-del-centro\\\/#primaryimage\"},\"thumbnailUrl\":\"https:\\\/\\\/www.bellunopress.it\\\/wp-content\\\/uploads\\\/2026\\\/04\\\/Longarone-lavori-riqualificazione.jpg\",\"articleSection\":[\"Prima Pagina\",\"Societ\u00e0, Associazioni, Istituzioni\"],\"inLanguage\":\"fr-FR\"},{\"@type\":\"WebPage\",\"@id\":\"https:\\\/\\\/www.bellunopress.it\\\/2026\\\/04\\\/20\\\/longarone-il-punto-sui-cantieri-del-centro\\\/\",\"url\":\"https:\\\/\\\/www.bellunopress.it\\\/2026\\\/04\\\/20\\\/longarone-il-punto-sui-cantieri-del-centro\\\/\",\"name\":\"Longarone, il punto sui cantieri del centro - Bellunopress - Dolomiti\",\"isPartOf\":{\"@id\":\"https:\\\/\\\/www.bellunopress.it\\\/#website\"},\"primaryImageOfPage\":{\"@id\":\"https:\\\/\\\/www.bellunopress.it\\\/2026\\\/04\\\/20\\\/longarone-il-punto-sui-cantieri-del-centro\\\/#primaryimage\"},\"image\":{\"@id\":\"https:\\\/\\\/www.bellunopress.it\\\/2026\\\/04\\\/20\\\/longarone-il-punto-sui-cantieri-del-centro\\\/#primaryimage\"},\"thumbnailUrl\":\"https:\\\/\\\/www.bellunopress.it\\\/wp-content\\\/uploads\\\/2026\\\/04\\\/Longarone-lavori-riqualificazione.jpg\",\"datePublished\":\"2026-04-20T12:11:22+00:00\",\"breadcrumb\":{\"@id\":\"https:\\\/\\\/www.bellunopress.it\\\/2026\\\/04\\\/20\\\/longarone-il-punto-sui-cantieri-del-centro\\\/#breadcrumb\"},\"inLanguage\":\"fr-FR\",\"potentialAction\":[{\"@type\":\"ReadAction\",\"target\":[\"https:\\\/\\\/www.bellunopress.it\\\/2026\\\/04\\\/20\\\/longarone-il-punto-sui-cantieri-del-centro\\\/\"]}]},{\"@type\":\"ImageObject\",\"inLanguage\":\"fr-FR\",\"@id\":\"https:\\\/\\\/www.bellunopress.it\\\/2026\\\/04\\\/20\\\/longarone-il-punto-sui-cantieri-del-centro\\\/#primaryimage\",\"url\":\"https:\\\/\\\/www.bellunopress.it\\\/wp-content\\\/uploads\\\/2026\\\/04\\\/Longarone-lavori-riqualificazione.jpg\",\"contentUrl\":\"https:\\\/\\\/www.bellunopress.it\\\/wp-content\\\/uploads\\\/2026\\\/04\\\/Longarone-lavori-riqualificazione.jpg\",\"width\":500,\"height\":375,\"caption\":\"Longarone, lavori di riqualificazione del centro\"},{\"@type\":\"BreadcrumbList\",\"@id\":\"https:\\\/\\\/www.bellunopress.it\\\/2026\\\/04\\\/20\\\/longarone-il-punto-sui-cantieri-del-centro\\\/#breadcrumb\",\"itemListElement\":[{\"@type\":\"ListItem\",\"position\":1,\"name\":\"Home\",\"item\":\"https:\\\/\\\/www.bellunopress.it\\\/\"},{\"@type\":\"ListItem\",\"position\":2,\"name\":\"Longarone, il punto sui cantieri del centro\"}]},{\"@type\":\"WebSite\",\"@id\":\"https:\\\/\\\/www.bellunopress.it\\\/#website\",\"url\":\"https:\\\/\\\/www.bellunopress.it\\\/\",\"name\":\"Bellunopress - Dolomiti\",\"description\":\"e-mail: redazione@bellunopress.it\",\"publisher\":{\"@id\":\"https:\\\/\\\/www.bellunopress.it\\\/#organization\"},\"potentialAction\":[{\"@type\":\"SearchAction\",\"target\":{\"@type\":\"EntryPoint\",\"urlTemplate\":\"https:\\\/\\\/www.bellunopress.it\\\/?s={search_term_string}\"},\"query-input\":{\"@type\":\"PropertyValueSpecification\",\"valueRequired\":true,\"valueName\":\"search_term_string\"}}],\"inLanguage\":\"fr-FR\"},{\"@type\":\"Organization\",\"@id\":\"https:\\\/\\\/www.bellunopress.it\\\/#organization\",\"name\":\"Bellunopress\",\"url\":\"https:\\\/\\\/www.bellunopress.it\\\/\",\"logo\":{\"@type\":\"ImageObject\",\"inLanguage\":\"fr-FR\",\"@id\":\"https:\\\/\\\/www.bellunopress.it\\\/#\\\/schema\\\/logo\\\/image\\\/\",\"url\":\"https:\\\/\\\/www.bellunopress.it\\\/wp-content\\\/uploads\\\/2011\\\/05\\\/cropped-logo-bellunopress-.jpg\",\"contentUrl\":\"https:\\\/\\\/www.bellunopress.it\\\/wp-content\\\/uploads\\\/2011\\\/05\\\/cropped-logo-bellunopress-.jpg\",\"width\":512,\"height\":512,\"caption\":\"Bellunopress\"},\"image\":{\"@id\":\"https:\\\/\\\/www.bellunopress.it\\\/#\\\/schema\\\/logo\\\/image\\\/\"},\"sameAs\":[\"https:\\\/\\\/www.facebook.com\\\/profile.php?id=100008943462799\",\"https:\\\/\\\/x.com\\\/bellunopress\",\"https:\\\/\\\/www.linkedin.com\\\/hp\\\/?dnr=JBzUWaJfMUw8vbXJJ2tVW5-I3jZKvC4wsoxE&amp;amp;amp;amp;amp;amp;trk=nav_responsive_tab_home\",\"https:\\\/\\\/www.youtube.com\\\/channel\\\/UCxL0wu1uN0_3_7hGG0306cw\"]},{\"@type\":\"Person\",\"@id\":\"https:\\\/\\\/www.bellunopress.it\\\/#\\\/schema\\\/person\\\/79bb06722b37ece1c03d3e94beb30d73\",\"name\":\"redazione\",\"image\":{\"@type\":\"ImageObject\",\"inLanguage\":\"fr-FR\",\"@id\":\"https:\\\/\\\/secure.gravatar.com\\\/avatar\\\/37d968a2e67a6fd04c169c4bdef102d0bc5d31b2546345219e348575eb80e9a0?s=96&d=mm&r=g\",\"url\":\"https:\\\/\\\/secure.gravatar.com\\\/avatar\\\/37d968a2e67a6fd04c169c4bdef102d0bc5d31b2546345219e348575eb80e9a0?s=96&d=mm&r=g\",\"contentUrl\":\"https:\\\/\\\/secure.gravatar.com\\\/avatar\\\/37d968a2e67a6fd04c169c4bdef102d0bc5d31b2546345219e348575eb80e9a0?s=96&d=mm&r=g\",\"caption\":\"redazione\"},\"sameAs\":[\"http:\\\/\\\/www.bellunopress.it\",\"https:\\\/\\\/x.com\\\/bellunopress\"],\"url\":\"https:\\\/\\\/www.bellunopress.it\\\/fr\\\/author\\\/redazione\\\/\"}]}<\/script>\n<!-- \/ Yoast SEO plugin. -->","yoast_head_json":{"title":"Longarone, il punto sui cantieri del centro - Bellunopress - Dolomiti","robots":{"index":"index","follow":"follow","max-snippet":"max-snippet:-1","max-image-preview":"max-image-preview:large","max-video-preview":"max-video-preview:-1"},"canonical":"https:\/\/www.bellunopress.it\/fr\/2026\/04\/20\/longarone-il-punto-sui-cantieri-del-centro\/","og_locale":"fr_FR","og_type":"article","og_title":"Longarone, il punto sui cantieri del centro - Bellunopress - Dolomiti","og_description":"Piazza 9 ottobre in dirittura d\u2019arrivo, per l\u2019ex Poste si guarda al 2027 Continuano i lavori nel centro di Longarone. In queste settimane \u00e8 in fase di completamento l\u2019importante cantiere di riqualificazione di Piazza 9 ottobre, un intervento da 2,7 milioni di euro che vede un cofinanziamento di 853mila euro dalle casse comunali. \u00abLa parte [&hellip;]","og_url":"https:\/\/www.bellunopress.it\/fr\/2026\/04\/20\/longarone-il-punto-sui-cantieri-del-centro\/","og_site_name":"Bellunopress - Dolomiti","article_publisher":"https:\/\/www.facebook.com\/profile.php?id=100008943462799","article_published_time":"2026-04-20T12:11:22+00:00","og_image":[{"width":500,"height":375,"url":"https:\/\/www.bellunopress.it\/wp-content\/uploads\/2026\/04\/Longarone-lavori-riqualificazione.jpg","type":"image\/jpeg"}],"author":"redazione","twitter_card":"summary_large_image","twitter_creator":"@bellunopress","twitter_site":"@bellunopress","twitter_misc":{"\u00c9crit par":"redazione","Dur\u00e9e de lecture estim\u00e9e":"2 minutes"},"schema":{"@context":"https:\/\/schema.org","@graph":[{"@type":"Article","@id":"https:\/\/www.bellunopress.it\/2026\/04\/20\/longarone-il-punto-sui-cantieri-del-centro\/#article","isPartOf":{"@id":"https:\/\/www.bellunopress.it\/2026\/04\/20\/longarone-il-punto-sui-cantieri-del-centro\/"},"author":{"name":"redazione","@id":"https:\/\/www.bellunopress.it\/#\/schema\/person\/79bb06722b37ece1c03d3e94beb30d73"},"headline":"Longarone, il punto sui cantieri del centro","datePublished":"2026-04-20T12:11:22+00:00","mainEntityOfPage":{"@id":"https:\/\/www.bellunopress.it\/2026\/04\/20\/longarone-il-punto-sui-cantieri-del-centro\/"},"wordCount":476,"publisher":{"@id":"https:\/\/www.bellunopress.it\/#organization"},"image":{"@id":"https:\/\/www.bellunopress.it\/2026\/04\/20\/longarone-il-punto-sui-cantieri-del-centro\/#primaryimage"},"thumbnailUrl":"https:\/\/www.bellunopress.it\/wp-content\/uploads\/2026\/04\/Longarone-lavori-riqualificazione.jpg","articleSection":["Prima Pagina","Societ\u00e0, Associazioni, Istituzioni"],"inLanguage":"fr-FR"},{"@type":"WebPage","@id":"https:\/\/www.bellunopress.it\/2026\/04\/20\/longarone-il-punto-sui-cantieri-del-centro\/","url":"https:\/\/www.bellunopress.it\/2026\/04\/20\/longarone-il-punto-sui-cantieri-del-centro\/","name":"Longarone, il punto sui cantieri del centro - Bellunopress - Dolomiti","isPartOf":{"@id":"https:\/\/www.bellunopress.it\/#website"},"primaryImageOfPage":{"@id":"https:\/\/www.bellunopress.it\/2026\/04\/20\/longarone-il-punto-sui-cantieri-del-centro\/#primaryimage"},"image":{"@id":"https:\/\/www.bellunopress.it\/2026\/04\/20\/longarone-il-punto-sui-cantieri-del-centro\/#primaryimage"},"thumbnailUrl":"https:\/\/www.bellunopress.it\/wp-content\/uploads\/2026\/04\/Longarone-lavori-riqualificazione.jpg","datePublished":"2026-04-20T12:11:22+00:00","breadcrumb":{"@id":"https:\/\/www.bellunopress.it\/2026\/04\/20\/longarone-il-punto-sui-cantieri-del-centro\/#breadcrumb"},"inLanguage":"fr-FR","potentialAction":[{"@type":"ReadAction","target":["https:\/\/www.bellunopress.it\/2026\/04\/20\/longarone-il-punto-sui-cantieri-del-centro\/"]}]},{"@type":"ImageObject","inLanguage":"fr-FR","@id":"https:\/\/www.bellunopress.it\/2026\/04\/20\/longarone-il-punto-sui-cantieri-del-centro\/#primaryimage","url":"https:\/\/www.bellunopress.it\/wp-content\/uploads\/2026\/04\/Longarone-lavori-riqualificazione.jpg","contentUrl":"https:\/\/www.bellunopress.it\/wp-content\/uploads\/2026\/04\/Longarone-lavori-riqualificazione.jpg","width":500,"height":375,"caption":"Longarone, lavori di riqualificazione del centro"},{"@type":"BreadcrumbList","@id":"https:\/\/www.bellunopress.it\/2026\/04\/20\/longarone-il-punto-sui-cantieri-del-centro\/#breadcrumb","itemListElement":[{"@type":"ListItem","position":1,"name":"Home","item":"https:\/\/www.bellunopress.it\/"},{"@type":"ListItem","position":2,"name":"Longarone, il punto sui cantieri del centro"}]},{"@type":"WebSite","@id":"https:\/\/www.bellunopress.it\/#website","url":"https:\/\/www.bellunopress.it\/","name":"Bellunopress - Dolomiti","description":"e-mail: redazione@bellunopress.it","publisher":{"@id":"https:\/\/www.bellunopress.it\/#organization"},"potentialAction":[{"@type":"SearchAction","target":{"@type":"EntryPoint","urlTemplate":"https:\/\/www.bellunopress.it\/?s={search_term_string}"},"query-input":{"@type":"PropertyValueSpecification","valueRequired":true,"valueName":"search_term_string"}}],"inLanguage":"fr-FR"},{"@type":"Organization","@id":"https:\/\/www.bellunopress.it\/#organization","name":"Bellunopress","url":"https:\/\/www.bellunopress.it\/","logo":{"@type":"ImageObject","inLanguage":"fr-FR","@id":"https:\/\/www.bellunopress.it\/#\/schema\/logo\/image\/","url":"https:\/\/www.bellunopress.it\/wp-content\/uploads\/2011\/05\/cropped-logo-bellunopress-.jpg","contentUrl":"https:\/\/www.bellunopress.it\/wp-content\/uploads\/2011\/05\/cropped-logo-bellunopress-.jpg","width":512,"height":512,"caption":"Bellunopress"},"image":{"@id":"https:\/\/www.bellunopress.it\/#\/schema\/logo\/image\/"},"sameAs":["https:\/\/www.facebook.com\/profile.php?id=100008943462799","https:\/\/x.com\/bellunopress","https:\/\/www.linkedin.com\/hp\/?dnr=JBzUWaJfMUw8vbXJJ2tVW5-I3jZKvC4wsoxE&amp;amp;amp;amp;amp;amp;trk=nav_responsive_tab_home","https:\/\/www.youtube.com\/channel\/UCxL0wu1uN0_3_7hGG0306cw"]},{"@type":"Person","@id":"https:\/\/www.bellunopress.it\/#\/schema\/person\/79bb06722b37ece1c03d3e94beb30d73","name":"r\u00e9daction","image":{"@type":"ImageObject","inLanguage":"fr-FR","@id":"https:\/\/secure.gravatar.com\/avatar\/37d968a2e67a6fd04c169c4bdef102d0bc5d31b2546345219e348575eb80e9a0?s=96&d=mm&r=g","url":"https:\/\/secure.gravatar.com\/avatar\/37d968a2e67a6fd04c169c4bdef102d0bc5d31b2546345219e348575eb80e9a0?s=96&d=mm&r=g","contentUrl":"https:\/\/secure.gravatar.com\/avatar\/37d968a2e67a6fd04c169c4bdef102d0bc5d31b2546345219e348575eb80e9a0?s=96&d=mm&r=g","caption":"redazione"},"sameAs":["http:\/\/www.bellunopress.it","https:\/\/x.com\/bellunopress"],"url":"https:\/\/www.bellunopress.it\/fr\/author\/redazione\/"}]}},"_links":{"self":[{"href":"https:\/\/www.bellunopress.it\/fr\/wp-json\/wp\/v2\/posts\/169300","targetHints":{"allow":["GET"]}}],"collection":[{"href":"https:\/\/www.bellunopress.it\/fr\/wp-json\/wp\/v2\/posts"}],"about":[{"href":"https:\/\/www.bellunopress.it\/fr\/wp-json\/wp\/v2\/types\/post"}],"author":[{"embeddable":true,"href":"https:\/\/www.bellunopress.it\/fr\/wp-json\/wp\/v2\/users\/2"}],"replies":[{"embeddable":true,"href":"https:\/\/www.bellunopress.it\/fr\/wp-json\/wp\/v2\/comments?post=169300"}],"version-history":[{"count":1,"href":"https:\/\/www.bellunopress.it\/fr\/wp-json\/wp\/v2\/posts\/169300\/revisions"}],"predecessor-version":[{"id":169302,"href":"https:\/\/www.bellunopress.it\/fr\/wp-json\/wp\/v2\/posts\/169300\/revisions\/169302"}],"wp:featuredmedia":[{"embeddable":true,"href":"https:\/\/www.bellunopress.it\/fr\/wp-json\/wp\/v2\/media\/169301"}],"wp:attachment":[{"href":"https:\/\/www.bellunopress.it\/fr\/wp-json\/wp\/v2\/media?parent=169300"}],"wp:term":[{"taxonomy":"category","embeddable":true,"href":"https:\/\/www.bellunopress.it\/fr\/wp-json\/wp\/v2\/categories?post=169300"},{"taxonomy":"post_tag","embeddable":true,"href":"https:\/\/www.bellunopress.it\/fr\/wp-json\/wp\/v2\/tags?post=169300"}],"curies":[{"name":"wp","href":"https:\/\/api.w.org\/{rel}","templated":true}]}}