{"id":169290,"date":"2026-04-20T08:41:20","date_gmt":"2026-04-20T06:41:20","guid":{"rendered":"https:\/\/www.bellunopress.it\/?p=169290"},"modified":"2026-04-20T08:41:20","modified_gmt":"2026-04-20T06:41:20","slug":"disegno-di-legge-1552-attacco-diretto-a-fauna-selvatica-scienza-e-biodiversita","status":"publish","type":"post","link":"https:\/\/www.bellunopress.it\/fr\/2026\/04\/20\/disegno-di-legge-1552-attacco-diretto-a-fauna-selvatica-scienza-e-biodiversita\/","title":{"rendered":"Disegno di Legge 1552: attacco diretto a fauna selvatica, scienza e biodiversit\u00e0"},"content":{"rendered":"<p>Il disegno di legge n. 1552 rappresenta una delle minacce pi\u00f9 gravi alla tutela della fauna selvatica in Italia degli ultimi decenni.<\/p>\n<p>Indebolendo le norme sulla caccia, minando le competenze scientifiche ed esponendo le specie migratorie a rischi maggiori, la proposta di legge mette in pericolo la biodiversit\u00e0 in un momento in cui l&#8217;Europa chiede una protezione della natura pi\u00f9 forte, anzich\u00e9 pi\u00f9 debole. Le organizzazioni ambientaliste e le ONG ne sollecitano quindi l&#8217;immediato ritiro.<\/p>\n<p>Riprende l&#8217;iter parlamentare del DDL 1552, attualmente in discussione nelle Commissioni Agricoltura e Ambiente del Senato. La proposta di riforma della Legge Quadro n. 157\/1992 prevede un indebolimento significaticativo della tutela della fauna selvatica tramite l&#8217;ampliamento dell&#8217;elenco delle specie cacciabili, estensione la caccia ai periodi di migrazione primaverile, abolizione delle moratorie venatorie, prolungamento dell&#8217;orario di caccia oltre il tramonto, riduzione delle aree protette e permesso all&#8217;uso di richiami vivi.<\/p>\n<p>Le ONG ambientaliste e le organizzazioni per la conservazione della natura si sono opposte con forza al disegno di legge e ne hanno chiesto l&#8217;immediato ritiro. Esse sostengono che tali misure contribuirebbero a creare un ambiente ostile e imprevedibile per gli uccelli migratori, mettendo ulteriormente a rischio specie gi\u00e0 vulnerabili. La proposta suscita inoltre serie preoccupazioni riguardo alla marginalizzazione delle competenze scientifiche a favore di decisioni di natura politica, allineate agli interessi della caccia. L&#8217;indebolimento degli organismi scientifici indipendenti comprometterebbe il monitoraggio basato su dati concreti necessario per valutare lo stato delle specie e proteggere efficacemente la biodiversit\u00e0.<\/p>\n<p><img loading=\"lazy\" decoding=\"async\" class=\"aligncenter size-full wp-image-169292\" src=\"https:\/\/www.bellunopress.it\/wp-content\/uploads\/2026\/04\/ibis-ucelli-migratori.jpg\" alt=\"\" width=\"600\" height=\"478\" srcset=\"https:\/\/www.bellunopress.it\/wp-content\/uploads\/2026\/04\/ibis-ucelli-migratori.jpg 600w, https:\/\/www.bellunopress.it\/wp-content\/uploads\/2026\/04\/ibis-ucelli-migratori-500x398.jpg 500w, https:\/\/www.bellunopress.it\/wp-content\/uploads\/2026\/04\/ibis-ucelli-migratori-527x420.jpg 527w, https:\/\/www.bellunopress.it\/wp-content\/uploads\/2026\/04\/ibis-ucelli-migratori-150x120.jpg 150w, https:\/\/www.bellunopress.it\/wp-content\/uploads\/2026\/04\/ibis-ucelli-migratori-300x239.jpg 300w\" sizes=\"auto, (max-width: 600px) 100vw, 600px\" \/>Il progetto LIFE Ibis eremita (LIFE20 NAT\/AT\/000049 \u2013 LIFE NBI), attivo da molti anni per la reintroduzione e la protezione dell&#8217;Ibis eremita in Europa, si unisce a questa opposizione. L&#8217;Ibis eremita \u00e8 una delle specie di uccelli pi\u00f9 rare al mondo e migra ogni anno attraverso l&#8217;Italia, che ospita la pi\u00f9 grande popolazione europea della specie.<\/p>\n<p>&#8220;La protezione delle specie migratorie non pu\u00f2 essere sacrificata sull&#8217;altare degli interessi venatori&#8221;, ha affermato Johannes Fritz, direttore generale del progetto LIFE Northern Bald Ibis. &#8220;Il destino dell&#8217;Ibis eremita e di molti altri uccelli selvatici in Italia \u00e8 a rischio.&#8221;<\/p>\n<p>Oltre al recupero della specie, il progetto \u00e8 diventato un osservatorio scientifico essenziale per le minacce pi\u00f9 ampie alla biodiversit\u00e0. Attraverso il monitoraggio GPS continuo di tutti gli esemplari lungo le rotte migratorie, l&#8217;Ibis eremita \u00e8 diventato un&#8217;importante specie indicatrice che rivela la portata del bracconaggio in Italia. I dati raccolti dal progetto mostrano che circa il 30% delle perdite registrate \u00e8 riconducibile al bracconaggio, a dimostrazione del grave impatto che questa minaccia continua a rappresentare per la biodiversit\u00e0.<\/p>\n<p>&#8220;Senza scienza indipendente, non c&#8217;\u00e8 conservazione efficace,&#8221; ha affermato Fritz. \u00abSe decenni di monitoraggio e cooperazione internazionale vengono messi da parte a favore di interessi politici a breve termine, sar\u00e0 la biodiversit\u00e0 a pagarne il Prezzo.&#8221;<\/p>\n<p>In un momento in cui la Commissione europea ha ribadito la necessit\u00e0 di rigorose misure di protezione per gli uccelli durante la migrazione pre-riproduttiva e i periodi di nidificazione, il disegno di legge 1552 va nella direzione opposta. Indebolire le misure di protezione e marginalizzare la scienza comprometterebbe decenni di lavoro di conservazione e gli obblighi dell&#8217;Italia ai sensi del diritto dell&#8217;UE e degli impegni internazionali in materia di biodiversit\u00e0.<\/p>\n<p>Esortiamo pertanto il Governo italiano a ritirare il disegno di legge 1552 e ad avviare un processo legislativo fondato sulla scienza, sul diritto europeo e sulla protezione a lungo termine della fauna selvatica.<\/p>\n<p><strong>Waldrappteam Conservation and Research<\/strong><\/p>","protected":false},"excerpt":{"rendered":"<p>Il disegno di legge n. 1552 rappresenta una delle minacce pi\u00f9 gravi alla tutela della fauna selvatica in Italia degli ultimi decenni. Indebolendo le norme sulla caccia, minando le competenze scientifiche ed esponendo le specie migratorie a rischi maggiori, la proposta di legge mette in pericolo la biodiversit\u00e0 in un momento in cui l&#8217;Europa chiede [&hellip;]<\/p>\n","protected":false},"author":2,"featured_media":169291,"comment_status":"closed","ping_status":"open","sticky":false,"template":"","format":"standard","meta":{"footnotes":""},"categories":[38],"tags":[],"class_list":["post-169290","post","type-post","status-publish","format-standard","has-post-thumbnail","category-natura-ambiente"],"yoast_head":"<!-- This site is optimized with the Yoast SEO plugin v28.4 - https:\/\/yoast.com\/product\/yoast-seo-wordpress\/ -->\n<title>Disegno di Legge 1552: attacco diretto a fauna selvatica, scienza e biodiversit\u00e0 - Bellunopress - Dolomiti<\/title>\n<meta name=\"robots\" content=\"index, follow, max-snippet:-1, max-image-preview:large, max-video-preview:-1\" \/>\n<link rel=\"canonical\" href=\"https:\/\/www.bellunopress.it\/fr\/2026\/04\/20\/disegno-di-legge-1552-attacco-diretto-a-fauna-selvatica-scienza-e-biodiversita\/\" \/>\n<meta property=\"og:locale\" content=\"fr_FR\" \/>\n<meta property=\"og:type\" content=\"article\" \/>\n<meta property=\"og:title\" content=\"Disegno di Legge 1552: attacco diretto a fauna selvatica, scienza e biodiversit\u00e0 - Bellunopress - Dolomiti\" \/>\n<meta property=\"og:description\" content=\"Il disegno di legge n. 1552 rappresenta una delle minacce pi\u00f9 gravi alla tutela della fauna selvatica in Italia degli ultimi decenni. Indebolendo le norme sulla caccia, minando le competenze scientifiche ed esponendo le specie migratorie a rischi maggiori, la proposta di legge mette in pericolo la biodiversit\u00e0 in un momento in cui l&#8217;Europa chiede [&hellip;]\" \/>\n<meta property=\"og:url\" content=\"https:\/\/www.bellunopress.it\/fr\/2026\/04\/20\/disegno-di-legge-1552-attacco-diretto-a-fauna-selvatica-scienza-e-biodiversita\/\" \/>\n<meta property=\"og:site_name\" content=\"Bellunopress - Dolomiti\" \/>\n<meta property=\"article:publisher\" content=\"https:\/\/www.facebook.com\/profile.php?id=100008943462799\" \/>\n<meta property=\"article:published_time\" content=\"2026-04-20T06:41:20+00:00\" \/>\n<meta property=\"og:image\" content=\"https:\/\/www.bellunopress.it\/wp-content\/uploads\/2026\/04\/Ibis-uccello-migratore.jpg\" \/>\n\t<meta property=\"og:image:width\" content=\"600\" \/>\n\t<meta property=\"og:image:height\" content=\"550\" \/>\n\t<meta property=\"og:image:type\" content=\"image\/jpeg\" \/>\n<meta name=\"author\" content=\"redazione\" \/>\n<meta name=\"twitter:card\" content=\"summary_large_image\" \/>\n<meta name=\"twitter:creator\" content=\"@bellunopress\" \/>\n<meta name=\"twitter:site\" content=\"@bellunopress\" \/>\n<meta name=\"twitter:label1\" content=\"Written by\" \/>\n\t<meta name=\"twitter:data1\" content=\"redazione\" \/>\n\t<meta name=\"twitter:label2\" content=\"Est. reading time\" \/>\n\t<meta name=\"twitter:data2\" content=\"3 minutes\" \/>\n<script type=\"application\/ld+json\" class=\"yoast-schema-graph\">{\"@context\":\"https:\\\/\\\/schema.org\",\"@graph\":[{\"@type\":\"Article\",\"@id\":\"https:\\\/\\\/www.bellunopress.it\\\/2026\\\/04\\\/20\\\/disegno-di-legge-1552-attacco-diretto-a-fauna-selvatica-scienza-e-biodiversita\\\/#article\",\"isPartOf\":{\"@id\":\"https:\\\/\\\/www.bellunopress.it\\\/2026\\\/04\\\/20\\\/disegno-di-legge-1552-attacco-diretto-a-fauna-selvatica-scienza-e-biodiversita\\\/\"},\"author\":{\"name\":\"redazione\",\"@id\":\"https:\\\/\\\/www.bellunopress.it\\\/#\\\/schema\\\/person\\\/79bb06722b37ece1c03d3e94beb30d73\"},\"headline\":\"Disegno di Legge 1552: attacco diretto a fauna selvatica, scienza e biodiversit\u00e0\",\"datePublished\":\"2026-04-20T06:41:20+00:00\",\"mainEntityOfPage\":{\"@id\":\"https:\\\/\\\/www.bellunopress.it\\\/2026\\\/04\\\/20\\\/disegno-di-legge-1552-attacco-diretto-a-fauna-selvatica-scienza-e-biodiversita\\\/\"},\"wordCount\":578,\"publisher\":{\"@id\":\"https:\\\/\\\/www.bellunopress.it\\\/#organization\"},\"image\":{\"@id\":\"https:\\\/\\\/www.bellunopress.it\\\/2026\\\/04\\\/20\\\/disegno-di-legge-1552-attacco-diretto-a-fauna-selvatica-scienza-e-biodiversita\\\/#primaryimage\"},\"thumbnailUrl\":\"https:\\\/\\\/www.bellunopress.it\\\/wp-content\\\/uploads\\\/2026\\\/04\\\/Ibis-uccello-migratore.jpg\",\"articleSection\":[\"Meteo, natura, ambiente, animali\"],\"inLanguage\":\"fr-FR\"},{\"@type\":\"WebPage\",\"@id\":\"https:\\\/\\\/www.bellunopress.it\\\/2026\\\/04\\\/20\\\/disegno-di-legge-1552-attacco-diretto-a-fauna-selvatica-scienza-e-biodiversita\\\/\",\"url\":\"https:\\\/\\\/www.bellunopress.it\\\/2026\\\/04\\\/20\\\/disegno-di-legge-1552-attacco-diretto-a-fauna-selvatica-scienza-e-biodiversita\\\/\",\"name\":\"Disegno di Legge 1552: attacco diretto a fauna selvatica, scienza e biodiversit\u00e0 - Bellunopress - Dolomiti\",\"isPartOf\":{\"@id\":\"https:\\\/\\\/www.bellunopress.it\\\/#website\"},\"primaryImageOfPage\":{\"@id\":\"https:\\\/\\\/www.bellunopress.it\\\/2026\\\/04\\\/20\\\/disegno-di-legge-1552-attacco-diretto-a-fauna-selvatica-scienza-e-biodiversita\\\/#primaryimage\"},\"image\":{\"@id\":\"https:\\\/\\\/www.bellunopress.it\\\/2026\\\/04\\\/20\\\/disegno-di-legge-1552-attacco-diretto-a-fauna-selvatica-scienza-e-biodiversita\\\/#primaryimage\"},\"thumbnailUrl\":\"https:\\\/\\\/www.bellunopress.it\\\/wp-content\\\/uploads\\\/2026\\\/04\\\/Ibis-uccello-migratore.jpg\",\"datePublished\":\"2026-04-20T06:41:20+00:00\",\"breadcrumb\":{\"@id\":\"https:\\\/\\\/www.bellunopress.it\\\/2026\\\/04\\\/20\\\/disegno-di-legge-1552-attacco-diretto-a-fauna-selvatica-scienza-e-biodiversita\\\/#breadcrumb\"},\"inLanguage\":\"fr-FR\",\"potentialAction\":[{\"@type\":\"ReadAction\",\"target\":[\"https:\\\/\\\/www.bellunopress.it\\\/2026\\\/04\\\/20\\\/disegno-di-legge-1552-attacco-diretto-a-fauna-selvatica-scienza-e-biodiversita\\\/\"]}]},{\"@type\":\"ImageObject\",\"inLanguage\":\"fr-FR\",\"@id\":\"https:\\\/\\\/www.bellunopress.it\\\/2026\\\/04\\\/20\\\/disegno-di-legge-1552-attacco-diretto-a-fauna-selvatica-scienza-e-biodiversita\\\/#primaryimage\",\"url\":\"https:\\\/\\\/www.bellunopress.it\\\/wp-content\\\/uploads\\\/2026\\\/04\\\/Ibis-uccello-migratore.jpg\",\"contentUrl\":\"https:\\\/\\\/www.bellunopress.it\\\/wp-content\\\/uploads\\\/2026\\\/04\\\/Ibis-uccello-migratore.jpg\",\"width\":600,\"height\":550,\"caption\":\"Ibis\"},{\"@type\":\"BreadcrumbList\",\"@id\":\"https:\\\/\\\/www.bellunopress.it\\\/2026\\\/04\\\/20\\\/disegno-di-legge-1552-attacco-diretto-a-fauna-selvatica-scienza-e-biodiversita\\\/#breadcrumb\",\"itemListElement\":[{\"@type\":\"ListItem\",\"position\":1,\"name\":\"Home\",\"item\":\"https:\\\/\\\/www.bellunopress.it\\\/\"},{\"@type\":\"ListItem\",\"position\":2,\"name\":\"Disegno di Legge 1552: attacco diretto a fauna selvatica, scienza e biodiversit\u00e0\"}]},{\"@type\":\"WebSite\",\"@id\":\"https:\\\/\\\/www.bellunopress.it\\\/#website\",\"url\":\"https:\\\/\\\/www.bellunopress.it\\\/\",\"name\":\"Bellunopress - Dolomiti\",\"description\":\"e-mail: redazione@bellunopress.it\",\"publisher\":{\"@id\":\"https:\\\/\\\/www.bellunopress.it\\\/#organization\"},\"potentialAction\":[{\"@type\":\"SearchAction\",\"target\":{\"@type\":\"EntryPoint\",\"urlTemplate\":\"https:\\\/\\\/www.bellunopress.it\\\/?s={search_term_string}\"},\"query-input\":{\"@type\":\"PropertyValueSpecification\",\"valueRequired\":true,\"valueName\":\"search_term_string\"}}],\"inLanguage\":\"fr-FR\"},{\"@type\":\"Organization\",\"@id\":\"https:\\\/\\\/www.bellunopress.it\\\/#organization\",\"name\":\"Bellunopress\",\"url\":\"https:\\\/\\\/www.bellunopress.it\\\/\",\"logo\":{\"@type\":\"ImageObject\",\"inLanguage\":\"fr-FR\",\"@id\":\"https:\\\/\\\/www.bellunopress.it\\\/#\\\/schema\\\/logo\\\/image\\\/\",\"url\":\"https:\\\/\\\/www.bellunopress.it\\\/wp-content\\\/uploads\\\/2011\\\/05\\\/cropped-logo-bellunopress-.jpg\",\"contentUrl\":\"https:\\\/\\\/www.bellunopress.it\\\/wp-content\\\/uploads\\\/2011\\\/05\\\/cropped-logo-bellunopress-.jpg\",\"width\":512,\"height\":512,\"caption\":\"Bellunopress\"},\"image\":{\"@id\":\"https:\\\/\\\/www.bellunopress.it\\\/#\\\/schema\\\/logo\\\/image\\\/\"},\"sameAs\":[\"https:\\\/\\\/www.facebook.com\\\/profile.php?id=100008943462799\",\"https:\\\/\\\/x.com\\\/bellunopress\",\"https:\\\/\\\/www.linkedin.com\\\/hp\\\/?dnr=JBzUWaJfMUw8vbXJJ2tVW5-I3jZKvC4wsoxE&amp;amp;amp;amp;amp;amp;trk=nav_responsive_tab_home\",\"https:\\\/\\\/www.youtube.com\\\/channel\\\/UCxL0wu1uN0_3_7hGG0306cw\"]},{\"@type\":\"Person\",\"@id\":\"https:\\\/\\\/www.bellunopress.it\\\/#\\\/schema\\\/person\\\/79bb06722b37ece1c03d3e94beb30d73\",\"name\":\"redazione\",\"image\":{\"@type\":\"ImageObject\",\"inLanguage\":\"fr-FR\",\"@id\":\"https:\\\/\\\/secure.gravatar.com\\\/avatar\\\/37d968a2e67a6fd04c169c4bdef102d0bc5d31b2546345219e348575eb80e9a0?s=96&d=mm&r=g\",\"url\":\"https:\\\/\\\/secure.gravatar.com\\\/avatar\\\/37d968a2e67a6fd04c169c4bdef102d0bc5d31b2546345219e348575eb80e9a0?s=96&d=mm&r=g\",\"contentUrl\":\"https:\\\/\\\/secure.gravatar.com\\\/avatar\\\/37d968a2e67a6fd04c169c4bdef102d0bc5d31b2546345219e348575eb80e9a0?s=96&d=mm&r=g\",\"caption\":\"redazione\"},\"sameAs\":[\"http:\\\/\\\/www.bellunopress.it\",\"https:\\\/\\\/x.com\\\/bellunopress\"],\"url\":\"https:\\\/\\\/www.bellunopress.it\\\/fr\\\/author\\\/redazione\\\/\"}]}<\/script>\n<!-- \/ Yoast SEO plugin. -->","yoast_head_json":{"title":"Disegno di Legge 1552: attacco diretto a fauna selvatica, scienza e biodiversit\u00e0 - Bellunopress - Dolomiti","robots":{"index":"index","follow":"follow","max-snippet":"max-snippet:-1","max-image-preview":"max-image-preview:large","max-video-preview":"max-video-preview:-1"},"canonical":"https:\/\/www.bellunopress.it\/fr\/2026\/04\/20\/disegno-di-legge-1552-attacco-diretto-a-fauna-selvatica-scienza-e-biodiversita\/","og_locale":"fr_FR","og_type":"article","og_title":"Disegno di Legge 1552: attacco diretto a fauna selvatica, scienza e biodiversit\u00e0 - Bellunopress - Dolomiti","og_description":"Il disegno di legge n. 1552 rappresenta una delle minacce pi\u00f9 gravi alla tutela della fauna selvatica in Italia degli ultimi decenni. Indebolendo le norme sulla caccia, minando le competenze scientifiche ed esponendo le specie migratorie a rischi maggiori, la proposta di legge mette in pericolo la biodiversit\u00e0 in un momento in cui l&#8217;Europa chiede [&hellip;]","og_url":"https:\/\/www.bellunopress.it\/fr\/2026\/04\/20\/disegno-di-legge-1552-attacco-diretto-a-fauna-selvatica-scienza-e-biodiversita\/","og_site_name":"Bellunopress - Dolomiti","article_publisher":"https:\/\/www.facebook.com\/profile.php?id=100008943462799","article_published_time":"2026-04-20T06:41:20+00:00","og_image":[{"width":600,"height":550,"url":"https:\/\/www.bellunopress.it\/wp-content\/uploads\/2026\/04\/Ibis-uccello-migratore.jpg","type":"image\/jpeg"}],"author":"redazione","twitter_card":"summary_large_image","twitter_creator":"@bellunopress","twitter_site":"@bellunopress","twitter_misc":{"Written by":"redazione","Est. reading time":"3 minutes"},"schema":{"@context":"https:\/\/schema.org","@graph":[{"@type":"Article","@id":"https:\/\/www.bellunopress.it\/2026\/04\/20\/disegno-di-legge-1552-attacco-diretto-a-fauna-selvatica-scienza-e-biodiversita\/#article","isPartOf":{"@id":"https:\/\/www.bellunopress.it\/2026\/04\/20\/disegno-di-legge-1552-attacco-diretto-a-fauna-selvatica-scienza-e-biodiversita\/"},"author":{"name":"redazione","@id":"https:\/\/www.bellunopress.it\/#\/schema\/person\/79bb06722b37ece1c03d3e94beb30d73"},"headline":"Disegno di Legge 1552: attacco diretto a fauna selvatica, scienza e biodiversit\u00e0","datePublished":"2026-04-20T06:41:20+00:00","mainEntityOfPage":{"@id":"https:\/\/www.bellunopress.it\/2026\/04\/20\/disegno-di-legge-1552-attacco-diretto-a-fauna-selvatica-scienza-e-biodiversita\/"},"wordCount":578,"publisher":{"@id":"https:\/\/www.bellunopress.it\/#organization"},"image":{"@id":"https:\/\/www.bellunopress.it\/2026\/04\/20\/disegno-di-legge-1552-attacco-diretto-a-fauna-selvatica-scienza-e-biodiversita\/#primaryimage"},"thumbnailUrl":"https:\/\/www.bellunopress.it\/wp-content\/uploads\/2026\/04\/Ibis-uccello-migratore.jpg","articleSection":["Meteo, natura, ambiente, animali"],"inLanguage":"fr-FR"},{"@type":"WebPage","@id":"https:\/\/www.bellunopress.it\/2026\/04\/20\/disegno-di-legge-1552-attacco-diretto-a-fauna-selvatica-scienza-e-biodiversita\/","url":"https:\/\/www.bellunopress.it\/2026\/04\/20\/disegno-di-legge-1552-attacco-diretto-a-fauna-selvatica-scienza-e-biodiversita\/","name":"Disegno di Legge 1552: attacco diretto a fauna selvatica, scienza e biodiversit\u00e0 - Bellunopress - Dolomiti","isPartOf":{"@id":"https:\/\/www.bellunopress.it\/#website"},"primaryImageOfPage":{"@id":"https:\/\/www.bellunopress.it\/2026\/04\/20\/disegno-di-legge-1552-attacco-diretto-a-fauna-selvatica-scienza-e-biodiversita\/#primaryimage"},"image":{"@id":"https:\/\/www.bellunopress.it\/2026\/04\/20\/disegno-di-legge-1552-attacco-diretto-a-fauna-selvatica-scienza-e-biodiversita\/#primaryimage"},"thumbnailUrl":"https:\/\/www.bellunopress.it\/wp-content\/uploads\/2026\/04\/Ibis-uccello-migratore.jpg","datePublished":"2026-04-20T06:41:20+00:00","breadcrumb":{"@id":"https:\/\/www.bellunopress.it\/2026\/04\/20\/disegno-di-legge-1552-attacco-diretto-a-fauna-selvatica-scienza-e-biodiversita\/#breadcrumb"},"inLanguage":"fr-FR","potentialAction":[{"@type":"ReadAction","target":["https:\/\/www.bellunopress.it\/2026\/04\/20\/disegno-di-legge-1552-attacco-diretto-a-fauna-selvatica-scienza-e-biodiversita\/"]}]},{"@type":"ImageObject","inLanguage":"fr-FR","@id":"https:\/\/www.bellunopress.it\/2026\/04\/20\/disegno-di-legge-1552-attacco-diretto-a-fauna-selvatica-scienza-e-biodiversita\/#primaryimage","url":"https:\/\/www.bellunopress.it\/wp-content\/uploads\/2026\/04\/Ibis-uccello-migratore.jpg","contentUrl":"https:\/\/www.bellunopress.it\/wp-content\/uploads\/2026\/04\/Ibis-uccello-migratore.jpg","width":600,"height":550,"caption":"Ibis"},{"@type":"BreadcrumbList","@id":"https:\/\/www.bellunopress.it\/2026\/04\/20\/disegno-di-legge-1552-attacco-diretto-a-fauna-selvatica-scienza-e-biodiversita\/#breadcrumb","itemListElement":[{"@type":"ListItem","position":1,"name":"Home","item":"https:\/\/www.bellunopress.it\/"},{"@type":"ListItem","position":2,"name":"Disegno di Legge 1552: attacco diretto a fauna selvatica, scienza e biodiversit\u00e0"}]},{"@type":"WebSite","@id":"https:\/\/www.bellunopress.it\/#website","url":"https:\/\/www.bellunopress.it\/","name":"Bellunopress - Dolomiti","description":"e-mail: redazione@bellunopress.it","publisher":{"@id":"https:\/\/www.bellunopress.it\/#organization"},"potentialAction":[{"@type":"SearchAction","target":{"@type":"EntryPoint","urlTemplate":"https:\/\/www.bellunopress.it\/?s={search_term_string}"},"query-input":{"@type":"PropertyValueSpecification","valueRequired":true,"valueName":"search_term_string"}}],"inLanguage":"fr-FR"},{"@type":"Organization","@id":"https:\/\/www.bellunopress.it\/#organization","name":"Bellunopress","url":"https:\/\/www.bellunopress.it\/","logo":{"@type":"ImageObject","inLanguage":"fr-FR","@id":"https:\/\/www.bellunopress.it\/#\/schema\/logo\/image\/","url":"https:\/\/www.bellunopress.it\/wp-content\/uploads\/2011\/05\/cropped-logo-bellunopress-.jpg","contentUrl":"https:\/\/www.bellunopress.it\/wp-content\/uploads\/2011\/05\/cropped-logo-bellunopress-.jpg","width":512,"height":512,"caption":"Bellunopress"},"image":{"@id":"https:\/\/www.bellunopress.it\/#\/schema\/logo\/image\/"},"sameAs":["https:\/\/www.facebook.com\/profile.php?id=100008943462799","https:\/\/x.com\/bellunopress","https:\/\/www.linkedin.com\/hp\/?dnr=JBzUWaJfMUw8vbXJJ2tVW5-I3jZKvC4wsoxE&amp;amp;amp;amp;amp;amp;trk=nav_responsive_tab_home","https:\/\/www.youtube.com\/channel\/UCxL0wu1uN0_3_7hGG0306cw"]},{"@type":"Person","@id":"https:\/\/www.bellunopress.it\/#\/schema\/person\/79bb06722b37ece1c03d3e94beb30d73","name":"r\u00e9daction","image":{"@type":"ImageObject","inLanguage":"fr-FR","@id":"https:\/\/secure.gravatar.com\/avatar\/37d968a2e67a6fd04c169c4bdef102d0bc5d31b2546345219e348575eb80e9a0?s=96&d=mm&r=g","url":"https:\/\/secure.gravatar.com\/avatar\/37d968a2e67a6fd04c169c4bdef102d0bc5d31b2546345219e348575eb80e9a0?s=96&d=mm&r=g","contentUrl":"https:\/\/secure.gravatar.com\/avatar\/37d968a2e67a6fd04c169c4bdef102d0bc5d31b2546345219e348575eb80e9a0?s=96&d=mm&r=g","caption":"redazione"},"sameAs":["http:\/\/www.bellunopress.it","https:\/\/x.com\/bellunopress"],"url":"https:\/\/www.bellunopress.it\/fr\/author\/redazione\/"}]}},"_links":{"self":[{"href":"https:\/\/www.bellunopress.it\/fr\/wp-json\/wp\/v2\/posts\/169290","targetHints":{"allow":["GET"]}}],"collection":[{"href":"https:\/\/www.bellunopress.it\/fr\/wp-json\/wp\/v2\/posts"}],"about":[{"href":"https:\/\/www.bellunopress.it\/fr\/wp-json\/wp\/v2\/types\/post"}],"author":[{"embeddable":true,"href":"https:\/\/www.bellunopress.it\/fr\/wp-json\/wp\/v2\/users\/2"}],"replies":[{"embeddable":true,"href":"https:\/\/www.bellunopress.it\/fr\/wp-json\/wp\/v2\/comments?post=169290"}],"version-history":[{"count":1,"href":"https:\/\/www.bellunopress.it\/fr\/wp-json\/wp\/v2\/posts\/169290\/revisions"}],"predecessor-version":[{"id":169293,"href":"https:\/\/www.bellunopress.it\/fr\/wp-json\/wp\/v2\/posts\/169290\/revisions\/169293"}],"wp:featuredmedia":[{"embeddable":true,"href":"https:\/\/www.bellunopress.it\/fr\/wp-json\/wp\/v2\/media\/169291"}],"wp:attachment":[{"href":"https:\/\/www.bellunopress.it\/fr\/wp-json\/wp\/v2\/media?parent=169290"}],"wp:term":[{"taxonomy":"category","embeddable":true,"href":"https:\/\/www.bellunopress.it\/fr\/wp-json\/wp\/v2\/categories?post=169290"},{"taxonomy":"post_tag","embeddable":true,"href":"https:\/\/www.bellunopress.it\/fr\/wp-json\/wp\/v2\/tags?post=169290"}],"curies":[{"name":"wp","href":"https:\/\/api.w.org\/{rel}","templated":true}]}}