{"id":169287,"date":"2026-04-20T08:21:06","date_gmt":"2026-04-20T06:21:06","guid":{"rendered":"https:\/\/www.bellunopress.it\/?p=169287"},"modified":"2026-04-20T08:21:06","modified_gmt":"2026-04-20T06:21:06","slug":"andrea-bianchi-torna-a-camminando-festival-di-mel","status":"publish","type":"post","link":"https:\/\/www.bellunopress.it\/fr\/2026\/04\/20\/andrea-bianchi-torna-a-camminando-festival-di-mel\/","title":{"rendered":"Andrea Bianchi torna a Camminando Festival di Mel"},"content":{"rendered":"<p><strong>Borgo Valbelluna. Auditorium di S. Pietro Mel, venerd\u00ec 24 ore 20:45: l\u2019ultimo appuntamento culturale di Camminando Festival, esperienze sensazioni, emozioni vede il ritorno di Andrea Bianchi<\/strong><\/p>\n<p>Andrea Bianchi, fu uno degli ospiti della prima edizione di Camminando Festival, esperienze, sensazioni emozioni, il festival dedicato al cammino capace di declinarlo nelle sue molteplici sfumature.<br \/>\nFondatore de Il silenzio dei passi prima scuola di Barefoot Hiking, che proprio nel 2016 veniva presentata al festival, e del Metodo Hot Mind, Andrea Bianchi, venerd\u00ec 24 alle 20:45 all\u2019Auditorium S. Pietro di Mel, parler\u00e0 di Cold Therapy presentando anche il suo libro in collaborazione con I Cammini dell\u2019Anima.<br \/>\nDal 2017 con l\u2019Academy Il silenzio dei passi Bianchi propone il metodo Haute Mind, un sistema di pratiche in natura integrate tra loro per il benessere psicofisico, dove al cammino a piedi nudi si affiancano il respiro consapevole, il radicamento, i bagni in acque naturali e la gestione del freddo per lo sviluppo del calore interno.<br \/>\nCon la sua filosofia della camminata a piedi nudi nella natura, Andrea Bianchi \u00e8 diventato oggi il punto di riferimento del Barefoot Hiking in Italia. Infatti, conduce workshop di camminata scalza un po\u2019 ovunque. Non poteva quindi Camminando festival non proporre anche un momento esperienziale: sabato 25 alle 14:30, con ritrovo a Melere di Trichiana, lungo il suggestivo percorso di Cavarnere Bianchi proporr\u00e0 il Breath walking: cammino e respiro consapevole. Una volta raggiunto poi il famoso e suggestivo circolo di faggi si parler\u00e0 di risveglio a piedi nudi proponendo esercizi di mobilit\u00e0 delle dita dei piedi di equilibrio e propriocezione.<\/p>\n<p>Camminando Festival continua la sua programmazione proponendo, grazie alla collaborazione con Borgo Valbelluna Safe Walking Aps:<\/p>\n<p>Domenica 3 maggio Camminando Festival va in trasferta.<br \/>\nRiviera del Brenta &#8211; l\u2019anello Dolo-Stra<br \/>\nOre 9:00 &#8211; Dolo centro.<br \/>\nIn collaborazione Trekking Italia Aps.<\/p>\n<p>Domenica 9 maggio<br \/>\nAmmiriamo il Principe Bianco. Il narciso a Malga Garda.<br \/>\nOre 10:00 \u2013 Pian di Coltura \u2013 Borgo Valbelluna. In collaborazione con Trekking Italia Aps e Gruppo Natura Lentiai.<\/p>\n<p>A Giugno tornano le CAMMINATE DEL GUSTO e le CAMMINATE LETTERARIE in collaborazione con Mele a Mel Aps e il Gruppo Teatrale Zumellese.<\/p>","protected":false},"excerpt":{"rendered":"<p>Borgo Valbelluna. Auditorium di S. Pietro Mel, venerd\u00ec 24 ore 20:45: l\u2019ultimo appuntamento culturale di Camminando Festival, esperienze sensazioni, emozioni vede il ritorno di Andrea Bianchi Andrea Bianchi, fu uno degli ospiti della prima edizione di Camminando Festival, esperienze, sensazioni emozioni, il festival dedicato al cammino capace di declinarlo nelle sue molteplici sfumature. Fondatore de [&hellip;]<\/p>\n","protected":false},"author":2,"featured_media":169288,"comment_status":"closed","ping_status":"open","sticky":false,"template":"","format":"standard","meta":{"footnotes":""},"categories":[27,3,25],"tags":[],"class_list":["post-169287","post","type-post","status-publish","format-standard","has-post-thumbnail","category-appuntamenti","category-arte-cultura-spettacoli-scienza-archivi","category-pausa-caffe"],"yoast_head":"<!-- This site is optimized with the Yoast SEO plugin v28.4 - https:\/\/yoast.com\/product\/yoast-seo-wordpress\/ -->\n<title>Andrea Bianchi torna a Camminando Festival di Mel - Bellunopress - Dolomiti<\/title>\n<meta name=\"robots\" content=\"index, follow, max-snippet:-1, max-image-preview:large, max-video-preview:-1\" \/>\n<link rel=\"canonical\" href=\"https:\/\/www.bellunopress.it\/fr\/2026\/04\/20\/andrea-bianchi-torna-a-camminando-festival-di-mel\/\" \/>\n<meta property=\"og:locale\" content=\"fr_FR\" \/>\n<meta property=\"og:type\" content=\"article\" \/>\n<meta property=\"og:title\" content=\"Andrea Bianchi torna a Camminando Festival di Mel - Bellunopress - Dolomiti\" \/>\n<meta property=\"og:description\" content=\"Borgo Valbelluna. Auditorium di S. Pietro Mel, venerd\u00ec 24 ore 20:45: l\u2019ultimo appuntamento culturale di Camminando Festival, esperienze sensazioni, emozioni vede il ritorno di Andrea Bianchi Andrea Bianchi, fu uno degli ospiti della prima edizione di Camminando Festival, esperienze, sensazioni emozioni, il festival dedicato al cammino capace di declinarlo nelle sue molteplici sfumature. Fondatore de [&hellip;]\" \/>\n<meta property=\"og:url\" content=\"https:\/\/www.bellunopress.it\/fr\/2026\/04\/20\/andrea-bianchi-torna-a-camminando-festival-di-mel\/\" \/>\n<meta property=\"og:site_name\" content=\"Bellunopress - Dolomiti\" \/>\n<meta property=\"article:publisher\" content=\"https:\/\/www.facebook.com\/profile.php?id=100008943462799\" \/>\n<meta property=\"article:published_time\" content=\"2026-04-20T06:21:06+00:00\" \/>\n<meta property=\"og:image\" content=\"https:\/\/www.bellunopress.it\/wp-content\/uploads\/2026\/04\/camminando-festival-Locandina-Bianchi.jpeg\" \/>\n\t<meta property=\"og:image:width\" content=\"351\" \/>\n\t<meta property=\"og:image:height\" content=\"500\" \/>\n\t<meta property=\"og:image:type\" content=\"image\/jpeg\" \/>\n<meta name=\"author\" content=\"redazione\" \/>\n<meta name=\"twitter:card\" content=\"summary_large_image\" \/>\n<meta name=\"twitter:creator\" content=\"@bellunopress\" \/>\n<meta name=\"twitter:site\" content=\"@bellunopress\" \/>\n<meta name=\"twitter:label1\" content=\"\u00c9crit par\" \/>\n\t<meta name=\"twitter:data1\" content=\"redazione\" \/>\n\t<meta name=\"twitter:label2\" content=\"Dur\u00e9e de lecture estim\u00e9e\" \/>\n\t<meta name=\"twitter:data2\" content=\"2 minutes\" \/>\n<script type=\"application\/ld+json\" class=\"yoast-schema-graph\">{\"@context\":\"https:\\\/\\\/schema.org\",\"@graph\":[{\"@type\":\"Article\",\"@id\":\"https:\\\/\\\/www.bellunopress.it\\\/2026\\\/04\\\/20\\\/andrea-bianchi-torna-a-camminando-festival-di-mel\\\/#article\",\"isPartOf\":{\"@id\":\"https:\\\/\\\/www.bellunopress.it\\\/2026\\\/04\\\/20\\\/andrea-bianchi-torna-a-camminando-festival-di-mel\\\/\"},\"author\":{\"name\":\"redazione\",\"@id\":\"https:\\\/\\\/www.bellunopress.it\\\/#\\\/schema\\\/person\\\/79bb06722b37ece1c03d3e94beb30d73\"},\"headline\":\"Andrea Bianchi torna a Camminando Festival di Mel\",\"datePublished\":\"2026-04-20T06:21:06+00:00\",\"mainEntityOfPage\":{\"@id\":\"https:\\\/\\\/www.bellunopress.it\\\/2026\\\/04\\\/20\\\/andrea-bianchi-torna-a-camminando-festival-di-mel\\\/\"},\"wordCount\":351,\"publisher\":{\"@id\":\"https:\\\/\\\/www.bellunopress.it\\\/#organization\"},\"image\":{\"@id\":\"https:\\\/\\\/www.bellunopress.it\\\/2026\\\/04\\\/20\\\/andrea-bianchi-torna-a-camminando-festival-di-mel\\\/#primaryimage\"},\"thumbnailUrl\":\"https:\\\/\\\/www.bellunopress.it\\\/wp-content\\\/uploads\\\/2026\\\/04\\\/camminando-festival-Locandina-Bianchi.jpeg\",\"articleSection\":[\"Appuntamenti, Eventi\",\"Arte, Cultura, Spettacoli, Scienza\",\"Pausa Caff\u00e8\"],\"inLanguage\":\"fr-FR\"},{\"@type\":\"WebPage\",\"@id\":\"https:\\\/\\\/www.bellunopress.it\\\/2026\\\/04\\\/20\\\/andrea-bianchi-torna-a-camminando-festival-di-mel\\\/\",\"url\":\"https:\\\/\\\/www.bellunopress.it\\\/2026\\\/04\\\/20\\\/andrea-bianchi-torna-a-camminando-festival-di-mel\\\/\",\"name\":\"Andrea Bianchi torna a Camminando Festival di Mel - Bellunopress - Dolomiti\",\"isPartOf\":{\"@id\":\"https:\\\/\\\/www.bellunopress.it\\\/#website\"},\"primaryImageOfPage\":{\"@id\":\"https:\\\/\\\/www.bellunopress.it\\\/2026\\\/04\\\/20\\\/andrea-bianchi-torna-a-camminando-festival-di-mel\\\/#primaryimage\"},\"image\":{\"@id\":\"https:\\\/\\\/www.bellunopress.it\\\/2026\\\/04\\\/20\\\/andrea-bianchi-torna-a-camminando-festival-di-mel\\\/#primaryimage\"},\"thumbnailUrl\":\"https:\\\/\\\/www.bellunopress.it\\\/wp-content\\\/uploads\\\/2026\\\/04\\\/camminando-festival-Locandina-Bianchi.jpeg\",\"datePublished\":\"2026-04-20T06:21:06+00:00\",\"breadcrumb\":{\"@id\":\"https:\\\/\\\/www.bellunopress.it\\\/2026\\\/04\\\/20\\\/andrea-bianchi-torna-a-camminando-festival-di-mel\\\/#breadcrumb\"},\"inLanguage\":\"fr-FR\",\"potentialAction\":[{\"@type\":\"ReadAction\",\"target\":[\"https:\\\/\\\/www.bellunopress.it\\\/2026\\\/04\\\/20\\\/andrea-bianchi-torna-a-camminando-festival-di-mel\\\/\"]}]},{\"@type\":\"ImageObject\",\"inLanguage\":\"fr-FR\",\"@id\":\"https:\\\/\\\/www.bellunopress.it\\\/2026\\\/04\\\/20\\\/andrea-bianchi-torna-a-camminando-festival-di-mel\\\/#primaryimage\",\"url\":\"https:\\\/\\\/www.bellunopress.it\\\/wp-content\\\/uploads\\\/2026\\\/04\\\/camminando-festival-Locandina-Bianchi.jpeg\",\"contentUrl\":\"https:\\\/\\\/www.bellunopress.it\\\/wp-content\\\/uploads\\\/2026\\\/04\\\/camminando-festival-Locandina-Bianchi.jpeg\",\"width\":351,\"height\":500},{\"@type\":\"BreadcrumbList\",\"@id\":\"https:\\\/\\\/www.bellunopress.it\\\/2026\\\/04\\\/20\\\/andrea-bianchi-torna-a-camminando-festival-di-mel\\\/#breadcrumb\",\"itemListElement\":[{\"@type\":\"ListItem\",\"position\":1,\"name\":\"Home\",\"item\":\"https:\\\/\\\/www.bellunopress.it\\\/\"},{\"@type\":\"ListItem\",\"position\":2,\"name\":\"Andrea Bianchi torna a Camminando Festival di Mel\"}]},{\"@type\":\"WebSite\",\"@id\":\"https:\\\/\\\/www.bellunopress.it\\\/#website\",\"url\":\"https:\\\/\\\/www.bellunopress.it\\\/\",\"name\":\"Bellunopress - Dolomiti\",\"description\":\"e-mail: redazione@bellunopress.it\",\"publisher\":{\"@id\":\"https:\\\/\\\/www.bellunopress.it\\\/#organization\"},\"potentialAction\":[{\"@type\":\"SearchAction\",\"target\":{\"@type\":\"EntryPoint\",\"urlTemplate\":\"https:\\\/\\\/www.bellunopress.it\\\/?s={search_term_string}\"},\"query-input\":{\"@type\":\"PropertyValueSpecification\",\"valueRequired\":true,\"valueName\":\"search_term_string\"}}],\"inLanguage\":\"fr-FR\"},{\"@type\":\"Organization\",\"@id\":\"https:\\\/\\\/www.bellunopress.it\\\/#organization\",\"name\":\"Bellunopress\",\"url\":\"https:\\\/\\\/www.bellunopress.it\\\/\",\"logo\":{\"@type\":\"ImageObject\",\"inLanguage\":\"fr-FR\",\"@id\":\"https:\\\/\\\/www.bellunopress.it\\\/#\\\/schema\\\/logo\\\/image\\\/\",\"url\":\"https:\\\/\\\/www.bellunopress.it\\\/wp-content\\\/uploads\\\/2011\\\/05\\\/cropped-logo-bellunopress-.jpg\",\"contentUrl\":\"https:\\\/\\\/www.bellunopress.it\\\/wp-content\\\/uploads\\\/2011\\\/05\\\/cropped-logo-bellunopress-.jpg\",\"width\":512,\"height\":512,\"caption\":\"Bellunopress\"},\"image\":{\"@id\":\"https:\\\/\\\/www.bellunopress.it\\\/#\\\/schema\\\/logo\\\/image\\\/\"},\"sameAs\":[\"https:\\\/\\\/www.facebook.com\\\/profile.php?id=100008943462799\",\"https:\\\/\\\/x.com\\\/bellunopress\",\"https:\\\/\\\/www.linkedin.com\\\/hp\\\/?dnr=JBzUWaJfMUw8vbXJJ2tVW5-I3jZKvC4wsoxE&amp;amp;amp;amp;amp;amp;trk=nav_responsive_tab_home\",\"https:\\\/\\\/www.youtube.com\\\/channel\\\/UCxL0wu1uN0_3_7hGG0306cw\"]},{\"@type\":\"Person\",\"@id\":\"https:\\\/\\\/www.bellunopress.it\\\/#\\\/schema\\\/person\\\/79bb06722b37ece1c03d3e94beb30d73\",\"name\":\"redazione\",\"image\":{\"@type\":\"ImageObject\",\"inLanguage\":\"fr-FR\",\"@id\":\"https:\\\/\\\/secure.gravatar.com\\\/avatar\\\/37d968a2e67a6fd04c169c4bdef102d0bc5d31b2546345219e348575eb80e9a0?s=96&d=mm&r=g\",\"url\":\"https:\\\/\\\/secure.gravatar.com\\\/avatar\\\/37d968a2e67a6fd04c169c4bdef102d0bc5d31b2546345219e348575eb80e9a0?s=96&d=mm&r=g\",\"contentUrl\":\"https:\\\/\\\/secure.gravatar.com\\\/avatar\\\/37d968a2e67a6fd04c169c4bdef102d0bc5d31b2546345219e348575eb80e9a0?s=96&d=mm&r=g\",\"caption\":\"redazione\"},\"sameAs\":[\"http:\\\/\\\/www.bellunopress.it\",\"https:\\\/\\\/x.com\\\/bellunopress\"],\"url\":\"https:\\\/\\\/www.bellunopress.it\\\/fr\\\/author\\\/redazione\\\/\"}]}<\/script>\n<!-- \/ Yoast SEO plugin. -->","yoast_head_json":{"title":"Andrea Bianchi torna a Camminando Festival di Mel - Bellunopress - Dolomiti","robots":{"index":"index","follow":"follow","max-snippet":"max-snippet:-1","max-image-preview":"max-image-preview:large","max-video-preview":"max-video-preview:-1"},"canonical":"https:\/\/www.bellunopress.it\/fr\/2026\/04\/20\/andrea-bianchi-torna-a-camminando-festival-di-mel\/","og_locale":"fr_FR","og_type":"article","og_title":"Andrea Bianchi torna a Camminando Festival di Mel - Bellunopress - Dolomiti","og_description":"Borgo Valbelluna. Auditorium di S. Pietro Mel, venerd\u00ec 24 ore 20:45: l\u2019ultimo appuntamento culturale di Camminando Festival, esperienze sensazioni, emozioni vede il ritorno di Andrea Bianchi Andrea Bianchi, fu uno degli ospiti della prima edizione di Camminando Festival, esperienze, sensazioni emozioni, il festival dedicato al cammino capace di declinarlo nelle sue molteplici sfumature. Fondatore de [&hellip;]","og_url":"https:\/\/www.bellunopress.it\/fr\/2026\/04\/20\/andrea-bianchi-torna-a-camminando-festival-di-mel\/","og_site_name":"Bellunopress - Dolomiti","article_publisher":"https:\/\/www.facebook.com\/profile.php?id=100008943462799","article_published_time":"2026-04-20T06:21:06+00:00","og_image":[{"width":351,"height":500,"url":"https:\/\/www.bellunopress.it\/wp-content\/uploads\/2026\/04\/camminando-festival-Locandina-Bianchi.jpeg","type":"image\/jpeg"}],"author":"redazione","twitter_card":"summary_large_image","twitter_creator":"@bellunopress","twitter_site":"@bellunopress","twitter_misc":{"\u00c9crit par":"redazione","Dur\u00e9e de lecture estim\u00e9e":"2 minutes"},"schema":{"@context":"https:\/\/schema.org","@graph":[{"@type":"Article","@id":"https:\/\/www.bellunopress.it\/2026\/04\/20\/andrea-bianchi-torna-a-camminando-festival-di-mel\/#article","isPartOf":{"@id":"https:\/\/www.bellunopress.it\/2026\/04\/20\/andrea-bianchi-torna-a-camminando-festival-di-mel\/"},"author":{"name":"redazione","@id":"https:\/\/www.bellunopress.it\/#\/schema\/person\/79bb06722b37ece1c03d3e94beb30d73"},"headline":"Andrea Bianchi torna a Camminando Festival di Mel","datePublished":"2026-04-20T06:21:06+00:00","mainEntityOfPage":{"@id":"https:\/\/www.bellunopress.it\/2026\/04\/20\/andrea-bianchi-torna-a-camminando-festival-di-mel\/"},"wordCount":351,"publisher":{"@id":"https:\/\/www.bellunopress.it\/#organization"},"image":{"@id":"https:\/\/www.bellunopress.it\/2026\/04\/20\/andrea-bianchi-torna-a-camminando-festival-di-mel\/#primaryimage"},"thumbnailUrl":"https:\/\/www.bellunopress.it\/wp-content\/uploads\/2026\/04\/camminando-festival-Locandina-Bianchi.jpeg","articleSection":["Appuntamenti, Eventi","Arte, Cultura, Spettacoli, Scienza","Pausa Caff\u00e8"],"inLanguage":"fr-FR"},{"@type":"WebPage","@id":"https:\/\/www.bellunopress.it\/2026\/04\/20\/andrea-bianchi-torna-a-camminando-festival-di-mel\/","url":"https:\/\/www.bellunopress.it\/2026\/04\/20\/andrea-bianchi-torna-a-camminando-festival-di-mel\/","name":"Andrea Bianchi torna a Camminando Festival di Mel - Bellunopress - Dolomiti","isPartOf":{"@id":"https:\/\/www.bellunopress.it\/#website"},"primaryImageOfPage":{"@id":"https:\/\/www.bellunopress.it\/2026\/04\/20\/andrea-bianchi-torna-a-camminando-festival-di-mel\/#primaryimage"},"image":{"@id":"https:\/\/www.bellunopress.it\/2026\/04\/20\/andrea-bianchi-torna-a-camminando-festival-di-mel\/#primaryimage"},"thumbnailUrl":"https:\/\/www.bellunopress.it\/wp-content\/uploads\/2026\/04\/camminando-festival-Locandina-Bianchi.jpeg","datePublished":"2026-04-20T06:21:06+00:00","breadcrumb":{"@id":"https:\/\/www.bellunopress.it\/2026\/04\/20\/andrea-bianchi-torna-a-camminando-festival-di-mel\/#breadcrumb"},"inLanguage":"fr-FR","potentialAction":[{"@type":"ReadAction","target":["https:\/\/www.bellunopress.it\/2026\/04\/20\/andrea-bianchi-torna-a-camminando-festival-di-mel\/"]}]},{"@type":"ImageObject","inLanguage":"fr-FR","@id":"https:\/\/www.bellunopress.it\/2026\/04\/20\/andrea-bianchi-torna-a-camminando-festival-di-mel\/#primaryimage","url":"https:\/\/www.bellunopress.it\/wp-content\/uploads\/2026\/04\/camminando-festival-Locandina-Bianchi.jpeg","contentUrl":"https:\/\/www.bellunopress.it\/wp-content\/uploads\/2026\/04\/camminando-festival-Locandina-Bianchi.jpeg","width":351,"height":500},{"@type":"BreadcrumbList","@id":"https:\/\/www.bellunopress.it\/2026\/04\/20\/andrea-bianchi-torna-a-camminando-festival-di-mel\/#breadcrumb","itemListElement":[{"@type":"ListItem","position":1,"name":"Home","item":"https:\/\/www.bellunopress.it\/"},{"@type":"ListItem","position":2,"name":"Andrea Bianchi torna a Camminando Festival di Mel"}]},{"@type":"WebSite","@id":"https:\/\/www.bellunopress.it\/#website","url":"https:\/\/www.bellunopress.it\/","name":"Bellunopress - Dolomiti","description":"e-mail: redazione@bellunopress.it","publisher":{"@id":"https:\/\/www.bellunopress.it\/#organization"},"potentialAction":[{"@type":"SearchAction","target":{"@type":"EntryPoint","urlTemplate":"https:\/\/www.bellunopress.it\/?s={search_term_string}"},"query-input":{"@type":"PropertyValueSpecification","valueRequired":true,"valueName":"search_term_string"}}],"inLanguage":"fr-FR"},{"@type":"Organization","@id":"https:\/\/www.bellunopress.it\/#organization","name":"Bellunopress","url":"https:\/\/www.bellunopress.it\/","logo":{"@type":"ImageObject","inLanguage":"fr-FR","@id":"https:\/\/www.bellunopress.it\/#\/schema\/logo\/image\/","url":"https:\/\/www.bellunopress.it\/wp-content\/uploads\/2011\/05\/cropped-logo-bellunopress-.jpg","contentUrl":"https:\/\/www.bellunopress.it\/wp-content\/uploads\/2011\/05\/cropped-logo-bellunopress-.jpg","width":512,"height":512,"caption":"Bellunopress"},"image":{"@id":"https:\/\/www.bellunopress.it\/#\/schema\/logo\/image\/"},"sameAs":["https:\/\/www.facebook.com\/profile.php?id=100008943462799","https:\/\/x.com\/bellunopress","https:\/\/www.linkedin.com\/hp\/?dnr=JBzUWaJfMUw8vbXJJ2tVW5-I3jZKvC4wsoxE&amp;amp;amp;amp;amp;amp;trk=nav_responsive_tab_home","https:\/\/www.youtube.com\/channel\/UCxL0wu1uN0_3_7hGG0306cw"]},{"@type":"Person","@id":"https:\/\/www.bellunopress.it\/#\/schema\/person\/79bb06722b37ece1c03d3e94beb30d73","name":"r\u00e9daction","image":{"@type":"ImageObject","inLanguage":"fr-FR","@id":"https:\/\/secure.gravatar.com\/avatar\/37d968a2e67a6fd04c169c4bdef102d0bc5d31b2546345219e348575eb80e9a0?s=96&d=mm&r=g","url":"https:\/\/secure.gravatar.com\/avatar\/37d968a2e67a6fd04c169c4bdef102d0bc5d31b2546345219e348575eb80e9a0?s=96&d=mm&r=g","contentUrl":"https:\/\/secure.gravatar.com\/avatar\/37d968a2e67a6fd04c169c4bdef102d0bc5d31b2546345219e348575eb80e9a0?s=96&d=mm&r=g","caption":"redazione"},"sameAs":["http:\/\/www.bellunopress.it","https:\/\/x.com\/bellunopress"],"url":"https:\/\/www.bellunopress.it\/fr\/author\/redazione\/"}]}},"_links":{"self":[{"href":"https:\/\/www.bellunopress.it\/fr\/wp-json\/wp\/v2\/posts\/169287","targetHints":{"allow":["GET"]}}],"collection":[{"href":"https:\/\/www.bellunopress.it\/fr\/wp-json\/wp\/v2\/posts"}],"about":[{"href":"https:\/\/www.bellunopress.it\/fr\/wp-json\/wp\/v2\/types\/post"}],"author":[{"embeddable":true,"href":"https:\/\/www.bellunopress.it\/fr\/wp-json\/wp\/v2\/users\/2"}],"replies":[{"embeddable":true,"href":"https:\/\/www.bellunopress.it\/fr\/wp-json\/wp\/v2\/comments?post=169287"}],"version-history":[{"count":1,"href":"https:\/\/www.bellunopress.it\/fr\/wp-json\/wp\/v2\/posts\/169287\/revisions"}],"predecessor-version":[{"id":169289,"href":"https:\/\/www.bellunopress.it\/fr\/wp-json\/wp\/v2\/posts\/169287\/revisions\/169289"}],"wp:featuredmedia":[{"embeddable":true,"href":"https:\/\/www.bellunopress.it\/fr\/wp-json\/wp\/v2\/media\/169288"}],"wp:attachment":[{"href":"https:\/\/www.bellunopress.it\/fr\/wp-json\/wp\/v2\/media?parent=169287"}],"wp:term":[{"taxonomy":"category","embeddable":true,"href":"https:\/\/www.bellunopress.it\/fr\/wp-json\/wp\/v2\/categories?post=169287"},{"taxonomy":"post_tag","embeddable":true,"href":"https:\/\/www.bellunopress.it\/fr\/wp-json\/wp\/v2\/tags?post=169287"}],"curies":[{"name":"wp","href":"https:\/\/api.w.org\/{rel}","templated":true}]}}