{"id":169280,"date":"2026-04-20T06:43:32","date_gmt":"2026-04-20T04:43:32","guid":{"rendered":"https:\/\/www.bellunopress.it\/?p=169280"},"modified":"2026-04-20T06:43:47","modified_gmt":"2026-04-20T04:43:47","slug":"baldenich-la-storia-del-quartiere-giovedi-il-quinto-incontro-partecipativo","status":"publish","type":"post","link":"https:\/\/www.bellunopress.it\/fr\/2026\/04\/20\/baldenich-la-storia-del-quartiere-giovedi-il-quinto-incontro-partecipativo\/","title":{"rendered":"Baldenich, la storia del quartiere. Gioved\u00ec il quinto incontro partecipativo"},"content":{"rendered":"<p>Prosegue il percorso di cittadinanza attiva promosso dal Comitato di Quartiere Baldenich24 con un nuovo appuntamento aperto alla comunit\u00e0.<\/p>\n<p>Gioved\u00ec 23 aprile alle ore 18, nella Sala Rossa della parrocchia Don Bosco, \u00e8 in programma il quinto incontro del ciclo &#8220;Spazi di incontro, spazi di dialogo, luoghi di partecipazione&#8221;, iniziativa che punta a rafforzare il coinvolgimento dei cittadini nella vita del quartiere.<\/p>\n<p>L&#8217;evento, dal titolo &#8220;La metamorfosi urbanistica del nostro quartiere, dal 1813 ai giorni nostri&#8221;, vedr\u00e0 la partecipazione dell&#8217;architetto Francesco Palma e sar\u00e0 interamente dedicato alla dimensione storica e culturale di Baldenich. Un&#8217;occasione per ripercorrere le origini del quartiere, analizzarne gli sviluppi nel tempo e comprendere le trasformazioni sociali e urbanistiche che ne hanno segnato l&#8217;identit\u00e0.<\/p>\n<p>Al centro dell&#8217;incontro ci sar\u00e0 infatti un viaggio nella memoria collettiva del territorio, che abbraccia non solo Baldenich, ma anche le realt\u00e0 di Nogar\u00e8 e del Quartier Cadore. Attraverso immagini storiche e materiali d&#8217;epoca \u2013 in particolare fotografie della met\u00e0 del Novecento \u2013 verr\u00e0 ricostruito il percorso evolutivo del quartiere, dalla sua genesi fino ai giorni nostri.<\/p>\n<p>L&#8217;iniziativa si inserisce nel pi\u00f9 ampio percorso partecipativo avviato dal Comitato, con l&#8217;obiettivo di creare spazi concreti di confronto e dialogo tra cittadini. Un momento che, pur con un taglio culturale, intende favorire la consapevolezza del passato come strumento per leggere il presente e immaginare il futuro della comunit\u00e0.<\/p>\n<p>L&#8217;incontro \u00e8 aperto a tutta la cittadinanza e si propone come un&#8217;opportunit\u00e0 per approfondire la storia locale, ma anche per rafforzare il senso di appartenenza al quartiere, attraverso la condivisione di esperienze, ricordi e prospettive.<\/p>","protected":false},"excerpt":{"rendered":"<p>Prosegue il percorso di cittadinanza attiva promosso dal Comitato di Quartiere Baldenich24 con un nuovo appuntamento aperto alla comunit\u00e0. Gioved\u00ec 23 aprile alle ore 18, nella Sala Rossa della parrocchia Don Bosco, \u00e8 in programma il quinto incontro del ciclo &#8220;Spazi di incontro, spazi di dialogo, luoghi di partecipazione&#8221;, iniziativa che punta a rafforzare il [&hellip;]<\/p>\n","protected":false},"author":2,"featured_media":169281,"comment_status":"closed","ping_status":"open","sticky":false,"template":"","format":"standard","meta":{"footnotes":""},"categories":[27,3,25,8],"tags":[],"class_list":["post-169280","post","type-post","status-publish","format-standard","has-post-thumbnail","category-appuntamenti","category-arte-cultura-spettacoli-scienza-archivi","category-pausa-caffe","category-societa-istituzioni"],"yoast_head":"<!-- This site is optimized with the Yoast SEO plugin v28.4 - https:\/\/yoast.com\/product\/yoast-seo-wordpress\/ -->\n<title>Baldenich, la storia del quartiere. Gioved\u00ec il quinto incontro partecipativo - Bellunopress - Dolomiti<\/title>\n<meta name=\"robots\" content=\"index, follow, max-snippet:-1, max-image-preview:large, max-video-preview:-1\" \/>\n<link rel=\"canonical\" href=\"https:\/\/www.bellunopress.it\/fr\/2026\/04\/20\/baldenich-la-storia-del-quartiere-giovedi-il-quinto-incontro-partecipativo\/\" \/>\n<meta property=\"og:locale\" content=\"fr_FR\" \/>\n<meta property=\"og:type\" content=\"article\" \/>\n<meta property=\"og:title\" content=\"Baldenich, la storia del quartiere. Gioved\u00ec il quinto incontro partecipativo - Bellunopress - Dolomiti\" \/>\n<meta property=\"og:description\" content=\"Prosegue il percorso di cittadinanza attiva promosso dal Comitato di Quartiere Baldenich24 con un nuovo appuntamento aperto alla comunit\u00e0. Gioved\u00ec 23 aprile alle ore 18, nella Sala Rossa della parrocchia Don Bosco, \u00e8 in programma il quinto incontro del ciclo &#8220;Spazi di incontro, spazi di dialogo, luoghi di partecipazione&#8221;, iniziativa che punta a rafforzare il [&hellip;]\" \/>\n<meta property=\"og:url\" content=\"https:\/\/www.bellunopress.it\/fr\/2026\/04\/20\/baldenich-la-storia-del-quartiere-giovedi-il-quinto-incontro-partecipativo\/\" \/>\n<meta property=\"og:site_name\" content=\"Bellunopress - Dolomiti\" \/>\n<meta property=\"article:publisher\" content=\"https:\/\/www.facebook.com\/profile.php?id=100008943462799\" \/>\n<meta property=\"article:published_time\" content=\"2026-04-20T04:43:32+00:00\" \/>\n<meta property=\"article:modified_time\" content=\"2026-04-20T04:43:47+00:00\" \/>\n<meta property=\"og:image\" content=\"https:\/\/www.bellunopress.it\/wp-content\/uploads\/2026\/04\/Baldenich.jpg\" \/>\n\t<meta property=\"og:image:width\" content=\"500\" \/>\n\t<meta property=\"og:image:height\" content=\"500\" \/>\n\t<meta property=\"og:image:type\" content=\"image\/jpeg\" \/>\n<meta name=\"author\" content=\"redazione\" \/>\n<meta name=\"twitter:card\" content=\"summary_large_image\" \/>\n<meta name=\"twitter:creator\" content=\"@bellunopress\" \/>\n<meta name=\"twitter:site\" content=\"@bellunopress\" \/>\n<meta name=\"twitter:label1\" content=\"\u00c9crit par\" \/>\n\t<meta name=\"twitter:data1\" content=\"redazione\" \/>\n\t<meta name=\"twitter:label2\" content=\"Dur\u00e9e de lecture estim\u00e9e\" \/>\n\t<meta name=\"twitter:data2\" content=\"1 minute\" \/>\n<script type=\"application\/ld+json\" class=\"yoast-schema-graph\">{\"@context\":\"https:\\\/\\\/schema.org\",\"@graph\":[{\"@type\":\"Article\",\"@id\":\"https:\\\/\\\/www.bellunopress.it\\\/2026\\\/04\\\/20\\\/baldenich-la-storia-del-quartiere-giovedi-il-quinto-incontro-partecipativo\\\/#article\",\"isPartOf\":{\"@id\":\"https:\\\/\\\/www.bellunopress.it\\\/2026\\\/04\\\/20\\\/baldenich-la-storia-del-quartiere-giovedi-il-quinto-incontro-partecipativo\\\/\"},\"author\":{\"name\":\"redazione\",\"@id\":\"https:\\\/\\\/www.bellunopress.it\\\/#\\\/schema\\\/person\\\/79bb06722b37ece1c03d3e94beb30d73\"},\"headline\":\"Baldenich, la storia del quartiere. Gioved\u00ec il quinto incontro partecipativo\",\"datePublished\":\"2026-04-20T04:43:32+00:00\",\"dateModified\":\"2026-04-20T04:43:47+00:00\",\"mainEntityOfPage\":{\"@id\":\"https:\\\/\\\/www.bellunopress.it\\\/2026\\\/04\\\/20\\\/baldenich-la-storia-del-quartiere-giovedi-il-quinto-incontro-partecipativo\\\/\"},\"wordCount\":271,\"publisher\":{\"@id\":\"https:\\\/\\\/www.bellunopress.it\\\/#organization\"},\"image\":{\"@id\":\"https:\\\/\\\/www.bellunopress.it\\\/2026\\\/04\\\/20\\\/baldenich-la-storia-del-quartiere-giovedi-il-quinto-incontro-partecipativo\\\/#primaryimage\"},\"thumbnailUrl\":\"https:\\\/\\\/www.bellunopress.it\\\/wp-content\\\/uploads\\\/2026\\\/04\\\/Baldenich.jpg\",\"articleSection\":[\"Appuntamenti, Eventi\",\"Arte, Cultura, Spettacoli, Scienza\",\"Pausa Caff\u00e8\",\"Societ\u00e0, Associazioni, Istituzioni\"],\"inLanguage\":\"fr-FR\"},{\"@type\":\"WebPage\",\"@id\":\"https:\\\/\\\/www.bellunopress.it\\\/2026\\\/04\\\/20\\\/baldenich-la-storia-del-quartiere-giovedi-il-quinto-incontro-partecipativo\\\/\",\"url\":\"https:\\\/\\\/www.bellunopress.it\\\/2026\\\/04\\\/20\\\/baldenich-la-storia-del-quartiere-giovedi-il-quinto-incontro-partecipativo\\\/\",\"name\":\"Baldenich, la storia del quartiere. Gioved\u00ec il quinto incontro partecipativo - Bellunopress - Dolomiti\",\"isPartOf\":{\"@id\":\"https:\\\/\\\/www.bellunopress.it\\\/#website\"},\"primaryImageOfPage\":{\"@id\":\"https:\\\/\\\/www.bellunopress.it\\\/2026\\\/04\\\/20\\\/baldenich-la-storia-del-quartiere-giovedi-il-quinto-incontro-partecipativo\\\/#primaryimage\"},\"image\":{\"@id\":\"https:\\\/\\\/www.bellunopress.it\\\/2026\\\/04\\\/20\\\/baldenich-la-storia-del-quartiere-giovedi-il-quinto-incontro-partecipativo\\\/#primaryimage\"},\"thumbnailUrl\":\"https:\\\/\\\/www.bellunopress.it\\\/wp-content\\\/uploads\\\/2026\\\/04\\\/Baldenich.jpg\",\"datePublished\":\"2026-04-20T04:43:32+00:00\",\"dateModified\":\"2026-04-20T04:43:47+00:00\",\"breadcrumb\":{\"@id\":\"https:\\\/\\\/www.bellunopress.it\\\/2026\\\/04\\\/20\\\/baldenich-la-storia-del-quartiere-giovedi-il-quinto-incontro-partecipativo\\\/#breadcrumb\"},\"inLanguage\":\"fr-FR\",\"potentialAction\":[{\"@type\":\"ReadAction\",\"target\":[\"https:\\\/\\\/www.bellunopress.it\\\/2026\\\/04\\\/20\\\/baldenich-la-storia-del-quartiere-giovedi-il-quinto-incontro-partecipativo\\\/\"]}]},{\"@type\":\"ImageObject\",\"inLanguage\":\"fr-FR\",\"@id\":\"https:\\\/\\\/www.bellunopress.it\\\/2026\\\/04\\\/20\\\/baldenich-la-storia-del-quartiere-giovedi-il-quinto-incontro-partecipativo\\\/#primaryimage\",\"url\":\"https:\\\/\\\/www.bellunopress.it\\\/wp-content\\\/uploads\\\/2026\\\/04\\\/Baldenich.jpg\",\"contentUrl\":\"https:\\\/\\\/www.bellunopress.it\\\/wp-content\\\/uploads\\\/2026\\\/04\\\/Baldenich.jpg\",\"width\":500,\"height\":500},{\"@type\":\"BreadcrumbList\",\"@id\":\"https:\\\/\\\/www.bellunopress.it\\\/2026\\\/04\\\/20\\\/baldenich-la-storia-del-quartiere-giovedi-il-quinto-incontro-partecipativo\\\/#breadcrumb\",\"itemListElement\":[{\"@type\":\"ListItem\",\"position\":1,\"name\":\"Home\",\"item\":\"https:\\\/\\\/www.bellunopress.it\\\/\"},{\"@type\":\"ListItem\",\"position\":2,\"name\":\"Baldenich, la storia del quartiere. Gioved\u00ec il quinto incontro partecipativo\"}]},{\"@type\":\"WebSite\",\"@id\":\"https:\\\/\\\/www.bellunopress.it\\\/#website\",\"url\":\"https:\\\/\\\/www.bellunopress.it\\\/\",\"name\":\"Bellunopress - Dolomiti\",\"description\":\"e-mail: redazione@bellunopress.it\",\"publisher\":{\"@id\":\"https:\\\/\\\/www.bellunopress.it\\\/#organization\"},\"potentialAction\":[{\"@type\":\"SearchAction\",\"target\":{\"@type\":\"EntryPoint\",\"urlTemplate\":\"https:\\\/\\\/www.bellunopress.it\\\/?s={search_term_string}\"},\"query-input\":{\"@type\":\"PropertyValueSpecification\",\"valueRequired\":true,\"valueName\":\"search_term_string\"}}],\"inLanguage\":\"fr-FR\"},{\"@type\":\"Organization\",\"@id\":\"https:\\\/\\\/www.bellunopress.it\\\/#organization\",\"name\":\"Bellunopress\",\"url\":\"https:\\\/\\\/www.bellunopress.it\\\/\",\"logo\":{\"@type\":\"ImageObject\",\"inLanguage\":\"fr-FR\",\"@id\":\"https:\\\/\\\/www.bellunopress.it\\\/#\\\/schema\\\/logo\\\/image\\\/\",\"url\":\"https:\\\/\\\/www.bellunopress.it\\\/wp-content\\\/uploads\\\/2011\\\/05\\\/cropped-logo-bellunopress-.jpg\",\"contentUrl\":\"https:\\\/\\\/www.bellunopress.it\\\/wp-content\\\/uploads\\\/2011\\\/05\\\/cropped-logo-bellunopress-.jpg\",\"width\":512,\"height\":512,\"caption\":\"Bellunopress\"},\"image\":{\"@id\":\"https:\\\/\\\/www.bellunopress.it\\\/#\\\/schema\\\/logo\\\/image\\\/\"},\"sameAs\":[\"https:\\\/\\\/www.facebook.com\\\/profile.php?id=100008943462799\",\"https:\\\/\\\/x.com\\\/bellunopress\",\"https:\\\/\\\/www.linkedin.com\\\/hp\\\/?dnr=JBzUWaJfMUw8vbXJJ2tVW5-I3jZKvC4wsoxE&amp;amp;amp;amp;amp;amp;trk=nav_responsive_tab_home\",\"https:\\\/\\\/www.youtube.com\\\/channel\\\/UCxL0wu1uN0_3_7hGG0306cw\"]},{\"@type\":\"Person\",\"@id\":\"https:\\\/\\\/www.bellunopress.it\\\/#\\\/schema\\\/person\\\/79bb06722b37ece1c03d3e94beb30d73\",\"name\":\"redazione\",\"image\":{\"@type\":\"ImageObject\",\"inLanguage\":\"fr-FR\",\"@id\":\"https:\\\/\\\/secure.gravatar.com\\\/avatar\\\/37d968a2e67a6fd04c169c4bdef102d0bc5d31b2546345219e348575eb80e9a0?s=96&d=mm&r=g\",\"url\":\"https:\\\/\\\/secure.gravatar.com\\\/avatar\\\/37d968a2e67a6fd04c169c4bdef102d0bc5d31b2546345219e348575eb80e9a0?s=96&d=mm&r=g\",\"contentUrl\":\"https:\\\/\\\/secure.gravatar.com\\\/avatar\\\/37d968a2e67a6fd04c169c4bdef102d0bc5d31b2546345219e348575eb80e9a0?s=96&d=mm&r=g\",\"caption\":\"redazione\"},\"sameAs\":[\"http:\\\/\\\/www.bellunopress.it\",\"https:\\\/\\\/x.com\\\/bellunopress\"],\"url\":\"https:\\\/\\\/www.bellunopress.it\\\/fr\\\/author\\\/redazione\\\/\"}]}<\/script>\n<!-- \/ Yoast SEO plugin. -->","yoast_head_json":{"title":"Baldenich, la storia del quartiere. Gioved\u00ec il quinto incontro partecipativo - Bellunopress - Dolomiti","robots":{"index":"index","follow":"follow","max-snippet":"max-snippet:-1","max-image-preview":"max-image-preview:large","max-video-preview":"max-video-preview:-1"},"canonical":"https:\/\/www.bellunopress.it\/fr\/2026\/04\/20\/baldenich-la-storia-del-quartiere-giovedi-il-quinto-incontro-partecipativo\/","og_locale":"fr_FR","og_type":"article","og_title":"Baldenich, la storia del quartiere. Gioved\u00ec il quinto incontro partecipativo - Bellunopress - Dolomiti","og_description":"Prosegue il percorso di cittadinanza attiva promosso dal Comitato di Quartiere Baldenich24 con un nuovo appuntamento aperto alla comunit\u00e0. Gioved\u00ec 23 aprile alle ore 18, nella Sala Rossa della parrocchia Don Bosco, \u00e8 in programma il quinto incontro del ciclo &#8220;Spazi di incontro, spazi di dialogo, luoghi di partecipazione&#8221;, iniziativa che punta a rafforzare il [&hellip;]","og_url":"https:\/\/www.bellunopress.it\/fr\/2026\/04\/20\/baldenich-la-storia-del-quartiere-giovedi-il-quinto-incontro-partecipativo\/","og_site_name":"Bellunopress - Dolomiti","article_publisher":"https:\/\/www.facebook.com\/profile.php?id=100008943462799","article_published_time":"2026-04-20T04:43:32+00:00","article_modified_time":"2026-04-20T04:43:47+00:00","og_image":[{"width":500,"height":500,"url":"https:\/\/www.bellunopress.it\/wp-content\/uploads\/2026\/04\/Baldenich.jpg","type":"image\/jpeg"}],"author":"redazione","twitter_card":"summary_large_image","twitter_creator":"@bellunopress","twitter_site":"@bellunopress","twitter_misc":{"\u00c9crit par":"redazione","Dur\u00e9e de lecture estim\u00e9e":"1 minute"},"schema":{"@context":"https:\/\/schema.org","@graph":[{"@type":"Article","@id":"https:\/\/www.bellunopress.it\/2026\/04\/20\/baldenich-la-storia-del-quartiere-giovedi-il-quinto-incontro-partecipativo\/#article","isPartOf":{"@id":"https:\/\/www.bellunopress.it\/2026\/04\/20\/baldenich-la-storia-del-quartiere-giovedi-il-quinto-incontro-partecipativo\/"},"author":{"name":"redazione","@id":"https:\/\/www.bellunopress.it\/#\/schema\/person\/79bb06722b37ece1c03d3e94beb30d73"},"headline":"Baldenich, la storia del quartiere. Gioved\u00ec il quinto incontro partecipativo","datePublished":"2026-04-20T04:43:32+00:00","dateModified":"2026-04-20T04:43:47+00:00","mainEntityOfPage":{"@id":"https:\/\/www.bellunopress.it\/2026\/04\/20\/baldenich-la-storia-del-quartiere-giovedi-il-quinto-incontro-partecipativo\/"},"wordCount":271,"publisher":{"@id":"https:\/\/www.bellunopress.it\/#organization"},"image":{"@id":"https:\/\/www.bellunopress.it\/2026\/04\/20\/baldenich-la-storia-del-quartiere-giovedi-il-quinto-incontro-partecipativo\/#primaryimage"},"thumbnailUrl":"https:\/\/www.bellunopress.it\/wp-content\/uploads\/2026\/04\/Baldenich.jpg","articleSection":["Appuntamenti, Eventi","Arte, Cultura, Spettacoli, Scienza","Pausa Caff\u00e8","Societ\u00e0, Associazioni, Istituzioni"],"inLanguage":"fr-FR"},{"@type":"WebPage","@id":"https:\/\/www.bellunopress.it\/2026\/04\/20\/baldenich-la-storia-del-quartiere-giovedi-il-quinto-incontro-partecipativo\/","url":"https:\/\/www.bellunopress.it\/2026\/04\/20\/baldenich-la-storia-del-quartiere-giovedi-il-quinto-incontro-partecipativo\/","name":"Baldenich, la storia del quartiere. Gioved\u00ec il quinto incontro partecipativo - Bellunopress - Dolomiti","isPartOf":{"@id":"https:\/\/www.bellunopress.it\/#website"},"primaryImageOfPage":{"@id":"https:\/\/www.bellunopress.it\/2026\/04\/20\/baldenich-la-storia-del-quartiere-giovedi-il-quinto-incontro-partecipativo\/#primaryimage"},"image":{"@id":"https:\/\/www.bellunopress.it\/2026\/04\/20\/baldenich-la-storia-del-quartiere-giovedi-il-quinto-incontro-partecipativo\/#primaryimage"},"thumbnailUrl":"https:\/\/www.bellunopress.it\/wp-content\/uploads\/2026\/04\/Baldenich.jpg","datePublished":"2026-04-20T04:43:32+00:00","dateModified":"2026-04-20T04:43:47+00:00","breadcrumb":{"@id":"https:\/\/www.bellunopress.it\/2026\/04\/20\/baldenich-la-storia-del-quartiere-giovedi-il-quinto-incontro-partecipativo\/#breadcrumb"},"inLanguage":"fr-FR","potentialAction":[{"@type":"ReadAction","target":["https:\/\/www.bellunopress.it\/2026\/04\/20\/baldenich-la-storia-del-quartiere-giovedi-il-quinto-incontro-partecipativo\/"]}]},{"@type":"ImageObject","inLanguage":"fr-FR","@id":"https:\/\/www.bellunopress.it\/2026\/04\/20\/baldenich-la-storia-del-quartiere-giovedi-il-quinto-incontro-partecipativo\/#primaryimage","url":"https:\/\/www.bellunopress.it\/wp-content\/uploads\/2026\/04\/Baldenich.jpg","contentUrl":"https:\/\/www.bellunopress.it\/wp-content\/uploads\/2026\/04\/Baldenich.jpg","width":500,"height":500},{"@type":"BreadcrumbList","@id":"https:\/\/www.bellunopress.it\/2026\/04\/20\/baldenich-la-storia-del-quartiere-giovedi-il-quinto-incontro-partecipativo\/#breadcrumb","itemListElement":[{"@type":"ListItem","position":1,"name":"Home","item":"https:\/\/www.bellunopress.it\/"},{"@type":"ListItem","position":2,"name":"Baldenich, la storia del quartiere. Gioved\u00ec il quinto incontro partecipativo"}]},{"@type":"WebSite","@id":"https:\/\/www.bellunopress.it\/#website","url":"https:\/\/www.bellunopress.it\/","name":"Bellunopress - Dolomiti","description":"e-mail: redazione@bellunopress.it","publisher":{"@id":"https:\/\/www.bellunopress.it\/#organization"},"potentialAction":[{"@type":"SearchAction","target":{"@type":"EntryPoint","urlTemplate":"https:\/\/www.bellunopress.it\/?s={search_term_string}"},"query-input":{"@type":"PropertyValueSpecification","valueRequired":true,"valueName":"search_term_string"}}],"inLanguage":"fr-FR"},{"@type":"Organization","@id":"https:\/\/www.bellunopress.it\/#organization","name":"Bellunopress","url":"https:\/\/www.bellunopress.it\/","logo":{"@type":"ImageObject","inLanguage":"fr-FR","@id":"https:\/\/www.bellunopress.it\/#\/schema\/logo\/image\/","url":"https:\/\/www.bellunopress.it\/wp-content\/uploads\/2011\/05\/cropped-logo-bellunopress-.jpg","contentUrl":"https:\/\/www.bellunopress.it\/wp-content\/uploads\/2011\/05\/cropped-logo-bellunopress-.jpg","width":512,"height":512,"caption":"Bellunopress"},"image":{"@id":"https:\/\/www.bellunopress.it\/#\/schema\/logo\/image\/"},"sameAs":["https:\/\/www.facebook.com\/profile.php?id=100008943462799","https:\/\/x.com\/bellunopress","https:\/\/www.linkedin.com\/hp\/?dnr=JBzUWaJfMUw8vbXJJ2tVW5-I3jZKvC4wsoxE&amp;amp;amp;amp;amp;amp;trk=nav_responsive_tab_home","https:\/\/www.youtube.com\/channel\/UCxL0wu1uN0_3_7hGG0306cw"]},{"@type":"Person","@id":"https:\/\/www.bellunopress.it\/#\/schema\/person\/79bb06722b37ece1c03d3e94beb30d73","name":"r\u00e9daction","image":{"@type":"ImageObject","inLanguage":"fr-FR","@id":"https:\/\/secure.gravatar.com\/avatar\/37d968a2e67a6fd04c169c4bdef102d0bc5d31b2546345219e348575eb80e9a0?s=96&d=mm&r=g","url":"https:\/\/secure.gravatar.com\/avatar\/37d968a2e67a6fd04c169c4bdef102d0bc5d31b2546345219e348575eb80e9a0?s=96&d=mm&r=g","contentUrl":"https:\/\/secure.gravatar.com\/avatar\/37d968a2e67a6fd04c169c4bdef102d0bc5d31b2546345219e348575eb80e9a0?s=96&d=mm&r=g","caption":"redazione"},"sameAs":["http:\/\/www.bellunopress.it","https:\/\/x.com\/bellunopress"],"url":"https:\/\/www.bellunopress.it\/fr\/author\/redazione\/"}]}},"_links":{"self":[{"href":"https:\/\/www.bellunopress.it\/fr\/wp-json\/wp\/v2\/posts\/169280","targetHints":{"allow":["GET"]}}],"collection":[{"href":"https:\/\/www.bellunopress.it\/fr\/wp-json\/wp\/v2\/posts"}],"about":[{"href":"https:\/\/www.bellunopress.it\/fr\/wp-json\/wp\/v2\/types\/post"}],"author":[{"embeddable":true,"href":"https:\/\/www.bellunopress.it\/fr\/wp-json\/wp\/v2\/users\/2"}],"replies":[{"embeddable":true,"href":"https:\/\/www.bellunopress.it\/fr\/wp-json\/wp\/v2\/comments?post=169280"}],"version-history":[{"count":1,"href":"https:\/\/www.bellunopress.it\/fr\/wp-json\/wp\/v2\/posts\/169280\/revisions"}],"predecessor-version":[{"id":169282,"href":"https:\/\/www.bellunopress.it\/fr\/wp-json\/wp\/v2\/posts\/169280\/revisions\/169282"}],"wp:featuredmedia":[{"embeddable":true,"href":"https:\/\/www.bellunopress.it\/fr\/wp-json\/wp\/v2\/media\/169281"}],"wp:attachment":[{"href":"https:\/\/www.bellunopress.it\/fr\/wp-json\/wp\/v2\/media?parent=169280"}],"wp:term":[{"taxonomy":"category","embeddable":true,"href":"https:\/\/www.bellunopress.it\/fr\/wp-json\/wp\/v2\/categories?post=169280"},{"taxonomy":"post_tag","embeddable":true,"href":"https:\/\/www.bellunopress.it\/fr\/wp-json\/wp\/v2\/tags?post=169280"}],"curies":[{"name":"wp","href":"https:\/\/api.w.org\/{rel}","templated":true}]}}