{"id":169273,"date":"2026-04-17T15:52:12","date_gmt":"2026-04-17T13:52:12","guid":{"rendered":"https:\/\/www.bellunopress.it\/?p=169273"},"modified":"2026-04-19T15:55:03","modified_gmt":"2026-04-19T13:55:03","slug":"il-premio-santi-martiri-vittore-corona-2026-monsignor-giacomo-mazzorana","status":"publish","type":"post","link":"https:\/\/www.bellunopress.it\/fr\/2026\/04\/17\/il-premio-santi-martiri-vittore-corona-2026-monsignor-giacomo-mazzorana\/","title":{"rendered":"Il Premio \u201cSanti Martiri Vittore Corona\u201d 2026 a monsignor Giacomo Mazzorana"},"content":{"rendered":"<p><strong>La consegna del riconoscimento domenica 17 maggio seguita dal concerto della Banda \u201cCitt\u00e0 di Feltre\u201d in onore del premiato<\/strong><\/p>\n<p>Feltre, 17 aprile 2026\u00a0 &#8211; L\u2019Associazione Famiglia Feltrina rende noto che, nel corso dell\u2019ultima seduta del Consiglio direttivo, \u00e8 stata deliberata all\u2019unanimit\u00e0 l\u2019assegnazione del Premio \u201cSanti Martiri Vittore Corona\u201d 2026 a monsignor Giacomo Mazzorana.<br \/>\nMonsignor Mazzorana \u00e8 stato per quasi un ventennio, dal 2008 al 2026, direttore del Museo Diocesano di Arte Sacra e, fin dall\u2019inizio del secolo sino alla medesima data, responsabile dell\u2019Ufficio per i beni culturali ecclesiastici e l\u2019edilizia di culto della Diocesi di Belluno-Feltre. Nel corso del suo lungo servizio, ha saputo distinguersi non solo per la grande competenza e la vasta preparazione in ambito artistico e culturale, ma anche per una spiccata capacit\u00e0 di relazione interpersonale e per un\u2019affabilit\u00e0 che ne hanno fatto apprezzare profondamente le doti umane, oltre che di religioso e di pastore.<br \/>\nA nome dell\u2019Associazione, il presidente Enrico Gaz ha espresso \u201cgratitudine e grande apprezzamento per l\u2019attivit\u00e0 di monsignor Mazzorana\u201d, sottolineando come sulla sua candidatura si sia registrata la piena e convinta condivisione di tutto il Consiglio direttivo. \u201cCon questo riconoscimento \u2013 ha dichiarato \u2013 intendiamo valorizzare un impegno costante e qualificato, che ha trovato nel Museo Diocesano di Arte Sacra, con sede a Feltre, uno dei suoi principali ambiti di espressione e di crescita per l\u2019intera comunit\u00e0. La sua infaticabile attivit\u00e0 ha aiutato la realt\u00e0 feltrina ad acquisire maggiore consapevolezza del valore del patrimonio storico-artistico locale e a scoprirne le potenzialit\u00e0 come mezzo privilegiato di racconto della sua storia e della sua identit\u00e0 nel tempo\u201d.<br \/>\nLa cerimonia di consegna del premio si terr\u00e0 domenica 17 maggio, nella mattinata, presso la Sala degli Stemmi del Municipio di Feltre. Il premiato sar\u00e0 introdotto e presentato dalla professoressa Tiziana Conte.<br \/>\nSubito dopo la consegna del premio \u00abSanti Martiri Vittore e Corona\u00bb, la Banda Citt\u00e0 di Feltre, diretta dal Maestro Ivan Villanova, si esibir\u00e0 in Piazza Maggiore per il quarto anno consecutivo. L\u2019esibizione sar\u00e0 in onore del premiato, ma rappresenta anche la conclusione di \u201cConosciamo la Banda\u201d, un progetto di avvicinamento alla musica che ha coinvolto cinque classi delle scuole primarie dell\u2019Istituto Comprensivo di Feltre e vedr\u00e0 la partecipazione attiva dei bambini nel corso del concerto.<\/p>","protected":false},"excerpt":{"rendered":"<p>La consegna del riconoscimento domenica 17 maggio seguita dal concerto della Banda \u201cCitt\u00e0 di Feltre\u201d in onore del premiato Feltre, 17 aprile 2026\u00a0 &#8211; L\u2019Associazione Famiglia Feltrina rende noto che, nel corso dell\u2019ultima seduta del Consiglio direttivo, \u00e8 stata deliberata all\u2019unanimit\u00e0 l\u2019assegnazione del Premio \u201cSanti Martiri Vittore Corona\u201d 2026 a monsignor Giacomo Mazzorana. Monsignor Mazzorana [&hellip;]<\/p>\n","protected":false},"author":2,"featured_media":169274,"comment_status":"closed","ping_status":"open","sticky":false,"template":"","format":"standard","meta":{"footnotes":""},"categories":[8],"tags":[],"class_list":["post-169273","post","type-post","status-publish","format-standard","has-post-thumbnail","category-societa-istituzioni"],"yoast_head":"<!-- This site is optimized with the Yoast SEO plugin v28.4 - https:\/\/yoast.com\/product\/yoast-seo-wordpress\/ -->\n<title>Il Premio \u201cSanti Martiri Vittore Corona\u201d 2026 a monsignor Giacomo Mazzorana - Bellunopress - Dolomiti<\/title>\n<meta name=\"robots\" content=\"index, follow, max-snippet:-1, max-image-preview:large, max-video-preview:-1\" \/>\n<link rel=\"canonical\" href=\"https:\/\/www.bellunopress.it\/fr\/2026\/04\/17\/il-premio-santi-martiri-vittore-corona-2026-monsignor-giacomo-mazzorana\/\" \/>\n<meta property=\"og:locale\" content=\"fr_FR\" \/>\n<meta property=\"og:type\" content=\"article\" \/>\n<meta property=\"og:title\" content=\"Il Premio \u201cSanti Martiri Vittore Corona\u201d 2026 a monsignor Giacomo Mazzorana - Bellunopress - Dolomiti\" \/>\n<meta property=\"og:description\" content=\"La consegna del riconoscimento domenica 17 maggio seguita dal concerto della Banda \u201cCitt\u00e0 di Feltre\u201d in onore del premiato Feltre, 17 aprile 2026\u00a0 &#8211; L\u2019Associazione Famiglia Feltrina rende noto che, nel corso dell\u2019ultima seduta del Consiglio direttivo, \u00e8 stata deliberata all\u2019unanimit\u00e0 l\u2019assegnazione del Premio \u201cSanti Martiri Vittore Corona\u201d 2026 a monsignor Giacomo Mazzorana. Monsignor Mazzorana [&hellip;]\" \/>\n<meta property=\"og:url\" content=\"https:\/\/www.bellunopress.it\/fr\/2026\/04\/17\/il-premio-santi-martiri-vittore-corona-2026-monsignor-giacomo-mazzorana\/\" \/>\n<meta property=\"og:site_name\" content=\"Bellunopress - Dolomiti\" \/>\n<meta property=\"article:publisher\" content=\"https:\/\/www.facebook.com\/profile.php?id=100008943462799\" \/>\n<meta property=\"article:published_time\" content=\"2026-04-17T13:52:12+00:00\" \/>\n<meta property=\"article:modified_time\" content=\"2026-04-19T13:55:03+00:00\" \/>\n<meta property=\"og:image\" content=\"https:\/\/www.bellunopress.it\/wp-content\/uploads\/2026\/04\/don-Giacomo-Mazzorana.jpg\" \/>\n\t<meta property=\"og:image:width\" content=\"596\" \/>\n\t<meta property=\"og:image:height\" content=\"431\" \/>\n\t<meta property=\"og:image:type\" content=\"image\/jpeg\" \/>\n<meta name=\"author\" content=\"redazione\" \/>\n<meta name=\"twitter:card\" content=\"summary_large_image\" \/>\n<meta name=\"twitter:creator\" content=\"@bellunopress\" \/>\n<meta name=\"twitter:site\" content=\"@bellunopress\" \/>\n<meta name=\"twitter:label1\" content=\"\u00c9crit par\" \/>\n\t<meta name=\"twitter:data1\" content=\"redazione\" \/>\n\t<meta name=\"twitter:label2\" content=\"Dur\u00e9e de lecture estim\u00e9e\" \/>\n\t<meta name=\"twitter:data2\" content=\"2 minutes\" \/>\n<script type=\"application\/ld+json\" class=\"yoast-schema-graph\">{\"@context\":\"https:\\\/\\\/schema.org\",\"@graph\":[{\"@type\":\"Article\",\"@id\":\"https:\\\/\\\/www.bellunopress.it\\\/2026\\\/04\\\/17\\\/il-premio-santi-martiri-vittore-corona-2026-monsignor-giacomo-mazzorana\\\/#article\",\"isPartOf\":{\"@id\":\"https:\\\/\\\/www.bellunopress.it\\\/2026\\\/04\\\/17\\\/il-premio-santi-martiri-vittore-corona-2026-monsignor-giacomo-mazzorana\\\/\"},\"author\":{\"name\":\"redazione\",\"@id\":\"https:\\\/\\\/www.bellunopress.it\\\/#\\\/schema\\\/person\\\/79bb06722b37ece1c03d3e94beb30d73\"},\"headline\":\"Il Premio \u201cSanti Martiri Vittore Corona\u201d 2026 a monsignor Giacomo Mazzorana\",\"datePublished\":\"2026-04-17T13:52:12+00:00\",\"dateModified\":\"2026-04-19T13:55:03+00:00\",\"mainEntityOfPage\":{\"@id\":\"https:\\\/\\\/www.bellunopress.it\\\/2026\\\/04\\\/17\\\/il-premio-santi-martiri-vittore-corona-2026-monsignor-giacomo-mazzorana\\\/\"},\"wordCount\":381,\"publisher\":{\"@id\":\"https:\\\/\\\/www.bellunopress.it\\\/#organization\"},\"image\":{\"@id\":\"https:\\\/\\\/www.bellunopress.it\\\/2026\\\/04\\\/17\\\/il-premio-santi-martiri-vittore-corona-2026-monsignor-giacomo-mazzorana\\\/#primaryimage\"},\"thumbnailUrl\":\"https:\\\/\\\/www.bellunopress.it\\\/wp-content\\\/uploads\\\/2026\\\/04\\\/don-Giacomo-Mazzorana.jpg\",\"articleSection\":[\"Societ\u00e0, Associazioni, Istituzioni\"],\"inLanguage\":\"fr-FR\"},{\"@type\":\"WebPage\",\"@id\":\"https:\\\/\\\/www.bellunopress.it\\\/2026\\\/04\\\/17\\\/il-premio-santi-martiri-vittore-corona-2026-monsignor-giacomo-mazzorana\\\/\",\"url\":\"https:\\\/\\\/www.bellunopress.it\\\/2026\\\/04\\\/17\\\/il-premio-santi-martiri-vittore-corona-2026-monsignor-giacomo-mazzorana\\\/\",\"name\":\"Il Premio \u201cSanti Martiri Vittore Corona\u201d 2026 a monsignor Giacomo Mazzorana - Bellunopress - Dolomiti\",\"isPartOf\":{\"@id\":\"https:\\\/\\\/www.bellunopress.it\\\/#website\"},\"primaryImageOfPage\":{\"@id\":\"https:\\\/\\\/www.bellunopress.it\\\/2026\\\/04\\\/17\\\/il-premio-santi-martiri-vittore-corona-2026-monsignor-giacomo-mazzorana\\\/#primaryimage\"},\"image\":{\"@id\":\"https:\\\/\\\/www.bellunopress.it\\\/2026\\\/04\\\/17\\\/il-premio-santi-martiri-vittore-corona-2026-monsignor-giacomo-mazzorana\\\/#primaryimage\"},\"thumbnailUrl\":\"https:\\\/\\\/www.bellunopress.it\\\/wp-content\\\/uploads\\\/2026\\\/04\\\/don-Giacomo-Mazzorana.jpg\",\"datePublished\":\"2026-04-17T13:52:12+00:00\",\"dateModified\":\"2026-04-19T13:55:03+00:00\",\"breadcrumb\":{\"@id\":\"https:\\\/\\\/www.bellunopress.it\\\/2026\\\/04\\\/17\\\/il-premio-santi-martiri-vittore-corona-2026-monsignor-giacomo-mazzorana\\\/#breadcrumb\"},\"inLanguage\":\"fr-FR\",\"potentialAction\":[{\"@type\":\"ReadAction\",\"target\":[\"https:\\\/\\\/www.bellunopress.it\\\/2026\\\/04\\\/17\\\/il-premio-santi-martiri-vittore-corona-2026-monsignor-giacomo-mazzorana\\\/\"]}]},{\"@type\":\"ImageObject\",\"inLanguage\":\"fr-FR\",\"@id\":\"https:\\\/\\\/www.bellunopress.it\\\/2026\\\/04\\\/17\\\/il-premio-santi-martiri-vittore-corona-2026-monsignor-giacomo-mazzorana\\\/#primaryimage\",\"url\":\"https:\\\/\\\/www.bellunopress.it\\\/wp-content\\\/uploads\\\/2026\\\/04\\\/don-Giacomo-Mazzorana.jpg\",\"contentUrl\":\"https:\\\/\\\/www.bellunopress.it\\\/wp-content\\\/uploads\\\/2026\\\/04\\\/don-Giacomo-Mazzorana.jpg\",\"width\":596,\"height\":431,\"caption\":\"Don Giacomo Mazzorana\"},{\"@type\":\"BreadcrumbList\",\"@id\":\"https:\\\/\\\/www.bellunopress.it\\\/2026\\\/04\\\/17\\\/il-premio-santi-martiri-vittore-corona-2026-monsignor-giacomo-mazzorana\\\/#breadcrumb\",\"itemListElement\":[{\"@type\":\"ListItem\",\"position\":1,\"name\":\"Home\",\"item\":\"https:\\\/\\\/www.bellunopress.it\\\/\"},{\"@type\":\"ListItem\",\"position\":2,\"name\":\"Il Premio \u201cSanti Martiri Vittore Corona\u201d 2026 a monsignor Giacomo Mazzorana\"}]},{\"@type\":\"WebSite\",\"@id\":\"https:\\\/\\\/www.bellunopress.it\\\/#website\",\"url\":\"https:\\\/\\\/www.bellunopress.it\\\/\",\"name\":\"Bellunopress - Dolomiti\",\"description\":\"e-mail: redazione@bellunopress.it\",\"publisher\":{\"@id\":\"https:\\\/\\\/www.bellunopress.it\\\/#organization\"},\"potentialAction\":[{\"@type\":\"SearchAction\",\"target\":{\"@type\":\"EntryPoint\",\"urlTemplate\":\"https:\\\/\\\/www.bellunopress.it\\\/?s={search_term_string}\"},\"query-input\":{\"@type\":\"PropertyValueSpecification\",\"valueRequired\":true,\"valueName\":\"search_term_string\"}}],\"inLanguage\":\"fr-FR\"},{\"@type\":\"Organization\",\"@id\":\"https:\\\/\\\/www.bellunopress.it\\\/#organization\",\"name\":\"Bellunopress\",\"url\":\"https:\\\/\\\/www.bellunopress.it\\\/\",\"logo\":{\"@type\":\"ImageObject\",\"inLanguage\":\"fr-FR\",\"@id\":\"https:\\\/\\\/www.bellunopress.it\\\/#\\\/schema\\\/logo\\\/image\\\/\",\"url\":\"https:\\\/\\\/www.bellunopress.it\\\/wp-content\\\/uploads\\\/2011\\\/05\\\/cropped-logo-bellunopress-.jpg\",\"contentUrl\":\"https:\\\/\\\/www.bellunopress.it\\\/wp-content\\\/uploads\\\/2011\\\/05\\\/cropped-logo-bellunopress-.jpg\",\"width\":512,\"height\":512,\"caption\":\"Bellunopress\"},\"image\":{\"@id\":\"https:\\\/\\\/www.bellunopress.it\\\/#\\\/schema\\\/logo\\\/image\\\/\"},\"sameAs\":[\"https:\\\/\\\/www.facebook.com\\\/profile.php?id=100008943462799\",\"https:\\\/\\\/x.com\\\/bellunopress\",\"https:\\\/\\\/www.linkedin.com\\\/hp\\\/?dnr=JBzUWaJfMUw8vbXJJ2tVW5-I3jZKvC4wsoxE&amp;amp;amp;amp;amp;amp;trk=nav_responsive_tab_home\",\"https:\\\/\\\/www.youtube.com\\\/channel\\\/UCxL0wu1uN0_3_7hGG0306cw\"]},{\"@type\":\"Person\",\"@id\":\"https:\\\/\\\/www.bellunopress.it\\\/#\\\/schema\\\/person\\\/79bb06722b37ece1c03d3e94beb30d73\",\"name\":\"redazione\",\"image\":{\"@type\":\"ImageObject\",\"inLanguage\":\"fr-FR\",\"@id\":\"https:\\\/\\\/secure.gravatar.com\\\/avatar\\\/37d968a2e67a6fd04c169c4bdef102d0bc5d31b2546345219e348575eb80e9a0?s=96&d=mm&r=g\",\"url\":\"https:\\\/\\\/secure.gravatar.com\\\/avatar\\\/37d968a2e67a6fd04c169c4bdef102d0bc5d31b2546345219e348575eb80e9a0?s=96&d=mm&r=g\",\"contentUrl\":\"https:\\\/\\\/secure.gravatar.com\\\/avatar\\\/37d968a2e67a6fd04c169c4bdef102d0bc5d31b2546345219e348575eb80e9a0?s=96&d=mm&r=g\",\"caption\":\"redazione\"},\"sameAs\":[\"http:\\\/\\\/www.bellunopress.it\",\"https:\\\/\\\/x.com\\\/bellunopress\"],\"url\":\"https:\\\/\\\/www.bellunopress.it\\\/fr\\\/author\\\/redazione\\\/\"}]}<\/script>\n<!-- \/ Yoast SEO plugin. -->","yoast_head_json":{"title":"Il Premio \u201cSanti Martiri Vittore Corona\u201d 2026 a monsignor Giacomo Mazzorana - Bellunopress - Dolomiti","robots":{"index":"index","follow":"follow","max-snippet":"max-snippet:-1","max-image-preview":"max-image-preview:large","max-video-preview":"max-video-preview:-1"},"canonical":"https:\/\/www.bellunopress.it\/fr\/2026\/04\/17\/il-premio-santi-martiri-vittore-corona-2026-monsignor-giacomo-mazzorana\/","og_locale":"fr_FR","og_type":"article","og_title":"Il Premio \u201cSanti Martiri Vittore Corona\u201d 2026 a monsignor Giacomo Mazzorana - Bellunopress - Dolomiti","og_description":"La consegna del riconoscimento domenica 17 maggio seguita dal concerto della Banda \u201cCitt\u00e0 di Feltre\u201d in onore del premiato Feltre, 17 aprile 2026\u00a0 &#8211; L\u2019Associazione Famiglia Feltrina rende noto che, nel corso dell\u2019ultima seduta del Consiglio direttivo, \u00e8 stata deliberata all\u2019unanimit\u00e0 l\u2019assegnazione del Premio \u201cSanti Martiri Vittore Corona\u201d 2026 a monsignor Giacomo Mazzorana. Monsignor Mazzorana [&hellip;]","og_url":"https:\/\/www.bellunopress.it\/fr\/2026\/04\/17\/il-premio-santi-martiri-vittore-corona-2026-monsignor-giacomo-mazzorana\/","og_site_name":"Bellunopress - Dolomiti","article_publisher":"https:\/\/www.facebook.com\/profile.php?id=100008943462799","article_published_time":"2026-04-17T13:52:12+00:00","article_modified_time":"2026-04-19T13:55:03+00:00","og_image":[{"width":596,"height":431,"url":"https:\/\/www.bellunopress.it\/wp-content\/uploads\/2026\/04\/don-Giacomo-Mazzorana.jpg","type":"image\/jpeg"}],"author":"redazione","twitter_card":"summary_large_image","twitter_creator":"@bellunopress","twitter_site":"@bellunopress","twitter_misc":{"\u00c9crit par":"redazione","Dur\u00e9e de lecture estim\u00e9e":"2 minutes"},"schema":{"@context":"https:\/\/schema.org","@graph":[{"@type":"Article","@id":"https:\/\/www.bellunopress.it\/2026\/04\/17\/il-premio-santi-martiri-vittore-corona-2026-monsignor-giacomo-mazzorana\/#article","isPartOf":{"@id":"https:\/\/www.bellunopress.it\/2026\/04\/17\/il-premio-santi-martiri-vittore-corona-2026-monsignor-giacomo-mazzorana\/"},"author":{"name":"redazione","@id":"https:\/\/www.bellunopress.it\/#\/schema\/person\/79bb06722b37ece1c03d3e94beb30d73"},"headline":"Il Premio \u201cSanti Martiri Vittore Corona\u201d 2026 a monsignor Giacomo Mazzorana","datePublished":"2026-04-17T13:52:12+00:00","dateModified":"2026-04-19T13:55:03+00:00","mainEntityOfPage":{"@id":"https:\/\/www.bellunopress.it\/2026\/04\/17\/il-premio-santi-martiri-vittore-corona-2026-monsignor-giacomo-mazzorana\/"},"wordCount":381,"publisher":{"@id":"https:\/\/www.bellunopress.it\/#organization"},"image":{"@id":"https:\/\/www.bellunopress.it\/2026\/04\/17\/il-premio-santi-martiri-vittore-corona-2026-monsignor-giacomo-mazzorana\/#primaryimage"},"thumbnailUrl":"https:\/\/www.bellunopress.it\/wp-content\/uploads\/2026\/04\/don-Giacomo-Mazzorana.jpg","articleSection":["Societ\u00e0, Associazioni, Istituzioni"],"inLanguage":"fr-FR"},{"@type":"WebPage","@id":"https:\/\/www.bellunopress.it\/2026\/04\/17\/il-premio-santi-martiri-vittore-corona-2026-monsignor-giacomo-mazzorana\/","url":"https:\/\/www.bellunopress.it\/2026\/04\/17\/il-premio-santi-martiri-vittore-corona-2026-monsignor-giacomo-mazzorana\/","name":"Il Premio \u201cSanti Martiri Vittore Corona\u201d 2026 a monsignor Giacomo Mazzorana - Bellunopress - Dolomiti","isPartOf":{"@id":"https:\/\/www.bellunopress.it\/#website"},"primaryImageOfPage":{"@id":"https:\/\/www.bellunopress.it\/2026\/04\/17\/il-premio-santi-martiri-vittore-corona-2026-monsignor-giacomo-mazzorana\/#primaryimage"},"image":{"@id":"https:\/\/www.bellunopress.it\/2026\/04\/17\/il-premio-santi-martiri-vittore-corona-2026-monsignor-giacomo-mazzorana\/#primaryimage"},"thumbnailUrl":"https:\/\/www.bellunopress.it\/wp-content\/uploads\/2026\/04\/don-Giacomo-Mazzorana.jpg","datePublished":"2026-04-17T13:52:12+00:00","dateModified":"2026-04-19T13:55:03+00:00","breadcrumb":{"@id":"https:\/\/www.bellunopress.it\/2026\/04\/17\/il-premio-santi-martiri-vittore-corona-2026-monsignor-giacomo-mazzorana\/#breadcrumb"},"inLanguage":"fr-FR","potentialAction":[{"@type":"ReadAction","target":["https:\/\/www.bellunopress.it\/2026\/04\/17\/il-premio-santi-martiri-vittore-corona-2026-monsignor-giacomo-mazzorana\/"]}]},{"@type":"ImageObject","inLanguage":"fr-FR","@id":"https:\/\/www.bellunopress.it\/2026\/04\/17\/il-premio-santi-martiri-vittore-corona-2026-monsignor-giacomo-mazzorana\/#primaryimage","url":"https:\/\/www.bellunopress.it\/wp-content\/uploads\/2026\/04\/don-Giacomo-Mazzorana.jpg","contentUrl":"https:\/\/www.bellunopress.it\/wp-content\/uploads\/2026\/04\/don-Giacomo-Mazzorana.jpg","width":596,"height":431,"caption":"Don Giacomo Mazzorana"},{"@type":"BreadcrumbList","@id":"https:\/\/www.bellunopress.it\/2026\/04\/17\/il-premio-santi-martiri-vittore-corona-2026-monsignor-giacomo-mazzorana\/#breadcrumb","itemListElement":[{"@type":"ListItem","position":1,"name":"Home","item":"https:\/\/www.bellunopress.it\/"},{"@type":"ListItem","position":2,"name":"Il Premio \u201cSanti Martiri Vittore Corona\u201d 2026 a monsignor Giacomo Mazzorana"}]},{"@type":"WebSite","@id":"https:\/\/www.bellunopress.it\/#website","url":"https:\/\/www.bellunopress.it\/","name":"Bellunopress - Dolomiti","description":"e-mail: redazione@bellunopress.it","publisher":{"@id":"https:\/\/www.bellunopress.it\/#organization"},"potentialAction":[{"@type":"SearchAction","target":{"@type":"EntryPoint","urlTemplate":"https:\/\/www.bellunopress.it\/?s={search_term_string}"},"query-input":{"@type":"PropertyValueSpecification","valueRequired":true,"valueName":"search_term_string"}}],"inLanguage":"fr-FR"},{"@type":"Organization","@id":"https:\/\/www.bellunopress.it\/#organization","name":"Bellunopress","url":"https:\/\/www.bellunopress.it\/","logo":{"@type":"ImageObject","inLanguage":"fr-FR","@id":"https:\/\/www.bellunopress.it\/#\/schema\/logo\/image\/","url":"https:\/\/www.bellunopress.it\/wp-content\/uploads\/2011\/05\/cropped-logo-bellunopress-.jpg","contentUrl":"https:\/\/www.bellunopress.it\/wp-content\/uploads\/2011\/05\/cropped-logo-bellunopress-.jpg","width":512,"height":512,"caption":"Bellunopress"},"image":{"@id":"https:\/\/www.bellunopress.it\/#\/schema\/logo\/image\/"},"sameAs":["https:\/\/www.facebook.com\/profile.php?id=100008943462799","https:\/\/x.com\/bellunopress","https:\/\/www.linkedin.com\/hp\/?dnr=JBzUWaJfMUw8vbXJJ2tVW5-I3jZKvC4wsoxE&amp;amp;amp;amp;amp;amp;trk=nav_responsive_tab_home","https:\/\/www.youtube.com\/channel\/UCxL0wu1uN0_3_7hGG0306cw"]},{"@type":"Person","@id":"https:\/\/www.bellunopress.it\/#\/schema\/person\/79bb06722b37ece1c03d3e94beb30d73","name":"r\u00e9daction","image":{"@type":"ImageObject","inLanguage":"fr-FR","@id":"https:\/\/secure.gravatar.com\/avatar\/37d968a2e67a6fd04c169c4bdef102d0bc5d31b2546345219e348575eb80e9a0?s=96&d=mm&r=g","url":"https:\/\/secure.gravatar.com\/avatar\/37d968a2e67a6fd04c169c4bdef102d0bc5d31b2546345219e348575eb80e9a0?s=96&d=mm&r=g","contentUrl":"https:\/\/secure.gravatar.com\/avatar\/37d968a2e67a6fd04c169c4bdef102d0bc5d31b2546345219e348575eb80e9a0?s=96&d=mm&r=g","caption":"redazione"},"sameAs":["http:\/\/www.bellunopress.it","https:\/\/x.com\/bellunopress"],"url":"https:\/\/www.bellunopress.it\/fr\/author\/redazione\/"}]}},"_links":{"self":[{"href":"https:\/\/www.bellunopress.it\/fr\/wp-json\/wp\/v2\/posts\/169273","targetHints":{"allow":["GET"]}}],"collection":[{"href":"https:\/\/www.bellunopress.it\/fr\/wp-json\/wp\/v2\/posts"}],"about":[{"href":"https:\/\/www.bellunopress.it\/fr\/wp-json\/wp\/v2\/types\/post"}],"author":[{"embeddable":true,"href":"https:\/\/www.bellunopress.it\/fr\/wp-json\/wp\/v2\/users\/2"}],"replies":[{"embeddable":true,"href":"https:\/\/www.bellunopress.it\/fr\/wp-json\/wp\/v2\/comments?post=169273"}],"version-history":[{"count":2,"href":"https:\/\/www.bellunopress.it\/fr\/wp-json\/wp\/v2\/posts\/169273\/revisions"}],"predecessor-version":[{"id":169276,"href":"https:\/\/www.bellunopress.it\/fr\/wp-json\/wp\/v2\/posts\/169273\/revisions\/169276"}],"wp:featuredmedia":[{"embeddable":true,"href":"https:\/\/www.bellunopress.it\/fr\/wp-json\/wp\/v2\/media\/169274"}],"wp:attachment":[{"href":"https:\/\/www.bellunopress.it\/fr\/wp-json\/wp\/v2\/media?parent=169273"}],"wp:term":[{"taxonomy":"category","embeddable":true,"href":"https:\/\/www.bellunopress.it\/fr\/wp-json\/wp\/v2\/categories?post=169273"},{"taxonomy":"post_tag","embeddable":true,"href":"https:\/\/www.bellunopress.it\/fr\/wp-json\/wp\/v2\/tags?post=169273"}],"curies":[{"name":"wp","href":"https:\/\/api.w.org\/{rel}","templated":true}]}}