{"id":169253,"date":"2026-04-18T21:23:20","date_gmt":"2026-04-18T19:23:20","guid":{"rendered":"https:\/\/www.bellunopress.it\/?p=169253"},"modified":"2026-04-18T21:23:20","modified_gmt":"2026-04-18T19:23:20","slug":"la-societa-filarmonica-di-lentiai-sale-in-cattedra","status":"publish","type":"post","link":"https:\/\/www.bellunopress.it\/fr\/2026\/04\/18\/la-societa-filarmonica-di-lentiai-sale-in-cattedra\/","title":{"rendered":"La Societ\u00e0 Filarmonica di Lentiai sale in cattedra"},"content":{"rendered":"<p><strong>Lentiai -Borgo Valbelluna- sabato 18: i ragazzi della secondaria di primo grado di Lentiai scoprono la musica bandistica con la Filarmonica<\/strong><\/p>\n<p>Gli strumenti musicali non si imparano solo sui libri, ma anche vedendoli e soprattutto sentendoli suonare dal vivo; questo il motivo per cui la prof.ssa Erika De Bortoli ha deciso di ampliare l\u2019offerta formativa dell\u2019Istituto Comprensivo di Mel proponendo ai ragazzi della secondaria di Lentiai un incontro con la Filarmonica del paese.<\/p>\n<p>Pianoforte, chitarra, flauto, batteria, contraddistinguono il percorso musicale del Comprensivo che dal 2008 si avvale dell\u2019indirizzo musicale e da una decina di anni fa parte della rete SMIM (scuole medie ad indirizzo musicale). Un\u2019esperienza solida che poggia su un serio lavoro, coordinato dal prof. Stefano Brancaleone, che ogni anno vede un aumento importante degli iscritti.<\/p>\n<p>L\u2019esibizione della Filarmonica di Lentiai ha rappresentato un momento coinvolgente per i ragazzi grazie anche alla proposta di una serie di brani non propriamente del repertorio bandistico, ma attinenti anche a quello che \u00e8 il bagaglio musicale dei ragazzi.<br \/>\nLa mattinata \u00e8 stata inoltre un momento di lezione: sono stati presentati tutti gli strumenti, raggruppati per genere. L\u2019energico direttore Domenico Vello ha raccontato l\u2019evoluzione della banda di Lentiai, che nasce ufficialmente nel 1838, e che, pur non perdendo la sua solida impostazione tradizionale, dal 1980 ha assunto un nuovo volto grazie all\u2019introduzione di alcuni strumenti non propriamente bandistici come la batteria e il basso; da l\u00ec il profondo rinnovamento del repertorio.<\/p>\n<p>Ai ragazzi ed insegnanti \u00e8 stato proposto un mini concerto brioso che ha evidenziato come suonare sia per gli strumentisti espressione di divertimento perch\u00e9, come evidenziato da Vello, solo cos\u00ec si possono divertire a loro volta gli spettatori.<br \/>\nLa Filarmonica di Lentiai, presieduta da Giancarlo Dallo, \u00e8 composta in totale da circa 40 elementi, di cui venti presenti nella mattinata, e rappresenta uno spaccato generazionale: raggruppa giovani suonatori a fianco di musicisti con esperienza di lungo corso. Importante infatti \u00e8 l\u2019attivit\u00e0 didattica della Scuola di Musica, che ha trovato un rinnovato slancio grazie al direttore Vello e che offre a chiunque voglia avvicinarsi ad uno strumento a fiato la possibilit\u00e0 di averne uno in uso e di imparare iniziando a suonare subito con il gruppo. La mattinata si \u00e8 conclusa con la possibilit\u00e0 da parte dei ragazzi di provare qualche strumento soprattutto le percussioni.<\/p>\n<p>&nbsp;<\/p>\n<p>&nbsp;<\/p>\n<p>&nbsp;<\/p>","protected":false},"excerpt":{"rendered":"<p>Lentiai -Borgo Valbelluna- sabato 18: i ragazzi della secondaria di primo grado di Lentiai scoprono la musica bandistica con la Filarmonica Gli strumenti musicali non si imparano solo sui libri, ma anche vedendoli e soprattutto sentendoli suonare dal vivo; questo il motivo per cui la prof.ssa Erika De Bortoli ha deciso di ampliare l\u2019offerta formativa [&hellip;]<\/p>\n","protected":false},"author":2,"featured_media":169254,"comment_status":"closed","ping_status":"open","sticky":false,"template":"","format":"standard","meta":{"footnotes":""},"categories":[15],"tags":[],"class_list":["post-169253","post","type-post","status-publish","format-standard","has-post-thumbnail","category-scuola"],"yoast_head":"<!-- This site is optimized with the Yoast SEO plugin v28.4 - https:\/\/yoast.com\/product\/yoast-seo-wordpress\/ -->\n<title>La Societ\u00e0 Filarmonica di Lentiai sale in cattedra - Bellunopress - Dolomiti<\/title>\n<meta name=\"robots\" content=\"index, follow, max-snippet:-1, max-image-preview:large, max-video-preview:-1\" \/>\n<link rel=\"canonical\" href=\"https:\/\/www.bellunopress.it\/fr\/2026\/04\/18\/la-societa-filarmonica-di-lentiai-sale-in-cattedra\/\" \/>\n<meta property=\"og:locale\" content=\"fr_FR\" \/>\n<meta property=\"og:type\" content=\"article\" \/>\n<meta property=\"og:title\" content=\"La Societ\u00e0 Filarmonica di Lentiai sale in cattedra - Bellunopress - Dolomiti\" \/>\n<meta property=\"og:description\" content=\"Lentiai -Borgo Valbelluna- sabato 18: i ragazzi della secondaria di primo grado di Lentiai scoprono la musica bandistica con la Filarmonica Gli strumenti musicali non si imparano solo sui libri, ma anche vedendoli e soprattutto sentendoli suonare dal vivo; questo il motivo per cui la prof.ssa Erika De Bortoli ha deciso di ampliare l\u2019offerta formativa [&hellip;]\" \/>\n<meta property=\"og:url\" content=\"https:\/\/www.bellunopress.it\/fr\/2026\/04\/18\/la-societa-filarmonica-di-lentiai-sale-in-cattedra\/\" \/>\n<meta property=\"og:site_name\" content=\"Bellunopress - Dolomiti\" \/>\n<meta property=\"article:publisher\" content=\"https:\/\/www.facebook.com\/profile.php?id=100008943462799\" \/>\n<meta property=\"article:published_time\" content=\"2026-04-18T19:23:20+00:00\" \/>\n<meta property=\"og:image\" content=\"https:\/\/www.bellunopress.it\/wp-content\/uploads\/2026\/04\/Filarmonica-Lentiai.jpeg\" \/>\n\t<meta property=\"og:image:width\" content=\"500\" \/>\n\t<meta property=\"og:image:height\" content=\"419\" \/>\n\t<meta property=\"og:image:type\" content=\"image\/jpeg\" \/>\n<meta name=\"author\" content=\"redazione\" \/>\n<meta name=\"twitter:card\" content=\"summary_large_image\" \/>\n<meta name=\"twitter:creator\" content=\"@bellunopress\" \/>\n<meta name=\"twitter:site\" content=\"@bellunopress\" \/>\n<meta name=\"twitter:label1\" content=\"\u00c9crit par\" \/>\n\t<meta name=\"twitter:data1\" content=\"redazione\" \/>\n\t<meta name=\"twitter:label2\" content=\"Dur\u00e9e de lecture estim\u00e9e\" \/>\n\t<meta name=\"twitter:data2\" content=\"2 minutes\" \/>\n<script type=\"application\/ld+json\" class=\"yoast-schema-graph\">{\"@context\":\"https:\\\/\\\/schema.org\",\"@graph\":[{\"@type\":\"Article\",\"@id\":\"https:\\\/\\\/www.bellunopress.it\\\/2026\\\/04\\\/18\\\/la-societa-filarmonica-di-lentiai-sale-in-cattedra\\\/#article\",\"isPartOf\":{\"@id\":\"https:\\\/\\\/www.bellunopress.it\\\/2026\\\/04\\\/18\\\/la-societa-filarmonica-di-lentiai-sale-in-cattedra\\\/\"},\"author\":{\"name\":\"redazione\",\"@id\":\"https:\\\/\\\/www.bellunopress.it\\\/#\\\/schema\\\/person\\\/79bb06722b37ece1c03d3e94beb30d73\"},\"headline\":\"La Societ\u00e0 Filarmonica di Lentiai sale in cattedra\",\"datePublished\":\"2026-04-18T19:23:20+00:00\",\"mainEntityOfPage\":{\"@id\":\"https:\\\/\\\/www.bellunopress.it\\\/2026\\\/04\\\/18\\\/la-societa-filarmonica-di-lentiai-sale-in-cattedra\\\/\"},\"wordCount\":393,\"publisher\":{\"@id\":\"https:\\\/\\\/www.bellunopress.it\\\/#organization\"},\"image\":{\"@id\":\"https:\\\/\\\/www.bellunopress.it\\\/2026\\\/04\\\/18\\\/la-societa-filarmonica-di-lentiai-sale-in-cattedra\\\/#primaryimage\"},\"thumbnailUrl\":\"https:\\\/\\\/www.bellunopress.it\\\/wp-content\\\/uploads\\\/2026\\\/04\\\/Filarmonica-Lentiai.jpeg\",\"articleSection\":[\"Scuola\"],\"inLanguage\":\"fr-FR\"},{\"@type\":\"WebPage\",\"@id\":\"https:\\\/\\\/www.bellunopress.it\\\/2026\\\/04\\\/18\\\/la-societa-filarmonica-di-lentiai-sale-in-cattedra\\\/\",\"url\":\"https:\\\/\\\/www.bellunopress.it\\\/2026\\\/04\\\/18\\\/la-societa-filarmonica-di-lentiai-sale-in-cattedra\\\/\",\"name\":\"La Societ\u00e0 Filarmonica di Lentiai sale in cattedra - Bellunopress - Dolomiti\",\"isPartOf\":{\"@id\":\"https:\\\/\\\/www.bellunopress.it\\\/#website\"},\"primaryImageOfPage\":{\"@id\":\"https:\\\/\\\/www.bellunopress.it\\\/2026\\\/04\\\/18\\\/la-societa-filarmonica-di-lentiai-sale-in-cattedra\\\/#primaryimage\"},\"image\":{\"@id\":\"https:\\\/\\\/www.bellunopress.it\\\/2026\\\/04\\\/18\\\/la-societa-filarmonica-di-lentiai-sale-in-cattedra\\\/#primaryimage\"},\"thumbnailUrl\":\"https:\\\/\\\/www.bellunopress.it\\\/wp-content\\\/uploads\\\/2026\\\/04\\\/Filarmonica-Lentiai.jpeg\",\"datePublished\":\"2026-04-18T19:23:20+00:00\",\"breadcrumb\":{\"@id\":\"https:\\\/\\\/www.bellunopress.it\\\/2026\\\/04\\\/18\\\/la-societa-filarmonica-di-lentiai-sale-in-cattedra\\\/#breadcrumb\"},\"inLanguage\":\"fr-FR\",\"potentialAction\":[{\"@type\":\"ReadAction\",\"target\":[\"https:\\\/\\\/www.bellunopress.it\\\/2026\\\/04\\\/18\\\/la-societa-filarmonica-di-lentiai-sale-in-cattedra\\\/\"]}]},{\"@type\":\"ImageObject\",\"inLanguage\":\"fr-FR\",\"@id\":\"https:\\\/\\\/www.bellunopress.it\\\/2026\\\/04\\\/18\\\/la-societa-filarmonica-di-lentiai-sale-in-cattedra\\\/#primaryimage\",\"url\":\"https:\\\/\\\/www.bellunopress.it\\\/wp-content\\\/uploads\\\/2026\\\/04\\\/Filarmonica-Lentiai.jpeg\",\"contentUrl\":\"https:\\\/\\\/www.bellunopress.it\\\/wp-content\\\/uploads\\\/2026\\\/04\\\/Filarmonica-Lentiai.jpeg\",\"width\":500,\"height\":419},{\"@type\":\"BreadcrumbList\",\"@id\":\"https:\\\/\\\/www.bellunopress.it\\\/2026\\\/04\\\/18\\\/la-societa-filarmonica-di-lentiai-sale-in-cattedra\\\/#breadcrumb\",\"itemListElement\":[{\"@type\":\"ListItem\",\"position\":1,\"name\":\"Home\",\"item\":\"https:\\\/\\\/www.bellunopress.it\\\/\"},{\"@type\":\"ListItem\",\"position\":2,\"name\":\"La Societ\u00e0 Filarmonica di Lentiai sale in cattedra\"}]},{\"@type\":\"WebSite\",\"@id\":\"https:\\\/\\\/www.bellunopress.it\\\/#website\",\"url\":\"https:\\\/\\\/www.bellunopress.it\\\/\",\"name\":\"Bellunopress - Dolomiti\",\"description\":\"e-mail: redazione@bellunopress.it\",\"publisher\":{\"@id\":\"https:\\\/\\\/www.bellunopress.it\\\/#organization\"},\"potentialAction\":[{\"@type\":\"SearchAction\",\"target\":{\"@type\":\"EntryPoint\",\"urlTemplate\":\"https:\\\/\\\/www.bellunopress.it\\\/?s={search_term_string}\"},\"query-input\":{\"@type\":\"PropertyValueSpecification\",\"valueRequired\":true,\"valueName\":\"search_term_string\"}}],\"inLanguage\":\"fr-FR\"},{\"@type\":\"Organization\",\"@id\":\"https:\\\/\\\/www.bellunopress.it\\\/#organization\",\"name\":\"Bellunopress\",\"url\":\"https:\\\/\\\/www.bellunopress.it\\\/\",\"logo\":{\"@type\":\"ImageObject\",\"inLanguage\":\"fr-FR\",\"@id\":\"https:\\\/\\\/www.bellunopress.it\\\/#\\\/schema\\\/logo\\\/image\\\/\",\"url\":\"https:\\\/\\\/www.bellunopress.it\\\/wp-content\\\/uploads\\\/2011\\\/05\\\/cropped-logo-bellunopress-.jpg\",\"contentUrl\":\"https:\\\/\\\/www.bellunopress.it\\\/wp-content\\\/uploads\\\/2011\\\/05\\\/cropped-logo-bellunopress-.jpg\",\"width\":512,\"height\":512,\"caption\":\"Bellunopress\"},\"image\":{\"@id\":\"https:\\\/\\\/www.bellunopress.it\\\/#\\\/schema\\\/logo\\\/image\\\/\"},\"sameAs\":[\"https:\\\/\\\/www.facebook.com\\\/profile.php?id=100008943462799\",\"https:\\\/\\\/x.com\\\/bellunopress\",\"https:\\\/\\\/www.linkedin.com\\\/hp\\\/?dnr=JBzUWaJfMUw8vbXJJ2tVW5-I3jZKvC4wsoxE&amp;amp;amp;amp;amp;amp;trk=nav_responsive_tab_home\",\"https:\\\/\\\/www.youtube.com\\\/channel\\\/UCxL0wu1uN0_3_7hGG0306cw\"]},{\"@type\":\"Person\",\"@id\":\"https:\\\/\\\/www.bellunopress.it\\\/#\\\/schema\\\/person\\\/79bb06722b37ece1c03d3e94beb30d73\",\"name\":\"redazione\",\"image\":{\"@type\":\"ImageObject\",\"inLanguage\":\"fr-FR\",\"@id\":\"https:\\\/\\\/secure.gravatar.com\\\/avatar\\\/37d968a2e67a6fd04c169c4bdef102d0bc5d31b2546345219e348575eb80e9a0?s=96&d=mm&r=g\",\"url\":\"https:\\\/\\\/secure.gravatar.com\\\/avatar\\\/37d968a2e67a6fd04c169c4bdef102d0bc5d31b2546345219e348575eb80e9a0?s=96&d=mm&r=g\",\"contentUrl\":\"https:\\\/\\\/secure.gravatar.com\\\/avatar\\\/37d968a2e67a6fd04c169c4bdef102d0bc5d31b2546345219e348575eb80e9a0?s=96&d=mm&r=g\",\"caption\":\"redazione\"},\"sameAs\":[\"http:\\\/\\\/www.bellunopress.it\",\"https:\\\/\\\/x.com\\\/bellunopress\"],\"url\":\"https:\\\/\\\/www.bellunopress.it\\\/fr\\\/author\\\/redazione\\\/\"}]}<\/script>\n<!-- \/ Yoast SEO plugin. -->","yoast_head_json":{"title":"La Societ\u00e0 Filarmonica di Lentiai sale in cattedra - Bellunopress - Dolomiti","robots":{"index":"index","follow":"follow","max-snippet":"max-snippet:-1","max-image-preview":"max-image-preview:large","max-video-preview":"max-video-preview:-1"},"canonical":"https:\/\/www.bellunopress.it\/fr\/2026\/04\/18\/la-societa-filarmonica-di-lentiai-sale-in-cattedra\/","og_locale":"fr_FR","og_type":"article","og_title":"La Societ\u00e0 Filarmonica di Lentiai sale in cattedra - Bellunopress - Dolomiti","og_description":"Lentiai -Borgo Valbelluna- sabato 18: i ragazzi della secondaria di primo grado di Lentiai scoprono la musica bandistica con la Filarmonica Gli strumenti musicali non si imparano solo sui libri, ma anche vedendoli e soprattutto sentendoli suonare dal vivo; questo il motivo per cui la prof.ssa Erika De Bortoli ha deciso di ampliare l\u2019offerta formativa [&hellip;]","og_url":"https:\/\/www.bellunopress.it\/fr\/2026\/04\/18\/la-societa-filarmonica-di-lentiai-sale-in-cattedra\/","og_site_name":"Bellunopress - Dolomiti","article_publisher":"https:\/\/www.facebook.com\/profile.php?id=100008943462799","article_published_time":"2026-04-18T19:23:20+00:00","og_image":[{"width":500,"height":419,"url":"https:\/\/www.bellunopress.it\/wp-content\/uploads\/2026\/04\/Filarmonica-Lentiai.jpeg","type":"image\/jpeg"}],"author":"redazione","twitter_card":"summary_large_image","twitter_creator":"@bellunopress","twitter_site":"@bellunopress","twitter_misc":{"\u00c9crit par":"redazione","Dur\u00e9e de lecture estim\u00e9e":"2 minutes"},"schema":{"@context":"https:\/\/schema.org","@graph":[{"@type":"Article","@id":"https:\/\/www.bellunopress.it\/2026\/04\/18\/la-societa-filarmonica-di-lentiai-sale-in-cattedra\/#article","isPartOf":{"@id":"https:\/\/www.bellunopress.it\/2026\/04\/18\/la-societa-filarmonica-di-lentiai-sale-in-cattedra\/"},"author":{"name":"redazione","@id":"https:\/\/www.bellunopress.it\/#\/schema\/person\/79bb06722b37ece1c03d3e94beb30d73"},"headline":"La Societ\u00e0 Filarmonica di Lentiai sale in cattedra","datePublished":"2026-04-18T19:23:20+00:00","mainEntityOfPage":{"@id":"https:\/\/www.bellunopress.it\/2026\/04\/18\/la-societa-filarmonica-di-lentiai-sale-in-cattedra\/"},"wordCount":393,"publisher":{"@id":"https:\/\/www.bellunopress.it\/#organization"},"image":{"@id":"https:\/\/www.bellunopress.it\/2026\/04\/18\/la-societa-filarmonica-di-lentiai-sale-in-cattedra\/#primaryimage"},"thumbnailUrl":"https:\/\/www.bellunopress.it\/wp-content\/uploads\/2026\/04\/Filarmonica-Lentiai.jpeg","articleSection":["Scuola"],"inLanguage":"fr-FR"},{"@type":"WebPage","@id":"https:\/\/www.bellunopress.it\/2026\/04\/18\/la-societa-filarmonica-di-lentiai-sale-in-cattedra\/","url":"https:\/\/www.bellunopress.it\/2026\/04\/18\/la-societa-filarmonica-di-lentiai-sale-in-cattedra\/","name":"La Societ\u00e0 Filarmonica di Lentiai sale in cattedra - Bellunopress - Dolomiti","isPartOf":{"@id":"https:\/\/www.bellunopress.it\/#website"},"primaryImageOfPage":{"@id":"https:\/\/www.bellunopress.it\/2026\/04\/18\/la-societa-filarmonica-di-lentiai-sale-in-cattedra\/#primaryimage"},"image":{"@id":"https:\/\/www.bellunopress.it\/2026\/04\/18\/la-societa-filarmonica-di-lentiai-sale-in-cattedra\/#primaryimage"},"thumbnailUrl":"https:\/\/www.bellunopress.it\/wp-content\/uploads\/2026\/04\/Filarmonica-Lentiai.jpeg","datePublished":"2026-04-18T19:23:20+00:00","breadcrumb":{"@id":"https:\/\/www.bellunopress.it\/2026\/04\/18\/la-societa-filarmonica-di-lentiai-sale-in-cattedra\/#breadcrumb"},"inLanguage":"fr-FR","potentialAction":[{"@type":"ReadAction","target":["https:\/\/www.bellunopress.it\/2026\/04\/18\/la-societa-filarmonica-di-lentiai-sale-in-cattedra\/"]}]},{"@type":"ImageObject","inLanguage":"fr-FR","@id":"https:\/\/www.bellunopress.it\/2026\/04\/18\/la-societa-filarmonica-di-lentiai-sale-in-cattedra\/#primaryimage","url":"https:\/\/www.bellunopress.it\/wp-content\/uploads\/2026\/04\/Filarmonica-Lentiai.jpeg","contentUrl":"https:\/\/www.bellunopress.it\/wp-content\/uploads\/2026\/04\/Filarmonica-Lentiai.jpeg","width":500,"height":419},{"@type":"BreadcrumbList","@id":"https:\/\/www.bellunopress.it\/2026\/04\/18\/la-societa-filarmonica-di-lentiai-sale-in-cattedra\/#breadcrumb","itemListElement":[{"@type":"ListItem","position":1,"name":"Home","item":"https:\/\/www.bellunopress.it\/"},{"@type":"ListItem","position":2,"name":"La Societ\u00e0 Filarmonica di Lentiai sale in cattedra"}]},{"@type":"WebSite","@id":"https:\/\/www.bellunopress.it\/#website","url":"https:\/\/www.bellunopress.it\/","name":"Bellunopress - Dolomiti","description":"e-mail: redazione@bellunopress.it","publisher":{"@id":"https:\/\/www.bellunopress.it\/#organization"},"potentialAction":[{"@type":"SearchAction","target":{"@type":"EntryPoint","urlTemplate":"https:\/\/www.bellunopress.it\/?s={search_term_string}"},"query-input":{"@type":"PropertyValueSpecification","valueRequired":true,"valueName":"search_term_string"}}],"inLanguage":"fr-FR"},{"@type":"Organization","@id":"https:\/\/www.bellunopress.it\/#organization","name":"Bellunopress","url":"https:\/\/www.bellunopress.it\/","logo":{"@type":"ImageObject","inLanguage":"fr-FR","@id":"https:\/\/www.bellunopress.it\/#\/schema\/logo\/image\/","url":"https:\/\/www.bellunopress.it\/wp-content\/uploads\/2011\/05\/cropped-logo-bellunopress-.jpg","contentUrl":"https:\/\/www.bellunopress.it\/wp-content\/uploads\/2011\/05\/cropped-logo-bellunopress-.jpg","width":512,"height":512,"caption":"Bellunopress"},"image":{"@id":"https:\/\/www.bellunopress.it\/#\/schema\/logo\/image\/"},"sameAs":["https:\/\/www.facebook.com\/profile.php?id=100008943462799","https:\/\/x.com\/bellunopress","https:\/\/www.linkedin.com\/hp\/?dnr=JBzUWaJfMUw8vbXJJ2tVW5-I3jZKvC4wsoxE&amp;amp;amp;amp;amp;amp;trk=nav_responsive_tab_home","https:\/\/www.youtube.com\/channel\/UCxL0wu1uN0_3_7hGG0306cw"]},{"@type":"Person","@id":"https:\/\/www.bellunopress.it\/#\/schema\/person\/79bb06722b37ece1c03d3e94beb30d73","name":"r\u00e9daction","image":{"@type":"ImageObject","inLanguage":"fr-FR","@id":"https:\/\/secure.gravatar.com\/avatar\/37d968a2e67a6fd04c169c4bdef102d0bc5d31b2546345219e348575eb80e9a0?s=96&d=mm&r=g","url":"https:\/\/secure.gravatar.com\/avatar\/37d968a2e67a6fd04c169c4bdef102d0bc5d31b2546345219e348575eb80e9a0?s=96&d=mm&r=g","contentUrl":"https:\/\/secure.gravatar.com\/avatar\/37d968a2e67a6fd04c169c4bdef102d0bc5d31b2546345219e348575eb80e9a0?s=96&d=mm&r=g","caption":"redazione"},"sameAs":["http:\/\/www.bellunopress.it","https:\/\/x.com\/bellunopress"],"url":"https:\/\/www.bellunopress.it\/fr\/author\/redazione\/"}]}},"_links":{"self":[{"href":"https:\/\/www.bellunopress.it\/fr\/wp-json\/wp\/v2\/posts\/169253","targetHints":{"allow":["GET"]}}],"collection":[{"href":"https:\/\/www.bellunopress.it\/fr\/wp-json\/wp\/v2\/posts"}],"about":[{"href":"https:\/\/www.bellunopress.it\/fr\/wp-json\/wp\/v2\/types\/post"}],"author":[{"embeddable":true,"href":"https:\/\/www.bellunopress.it\/fr\/wp-json\/wp\/v2\/users\/2"}],"replies":[{"embeddable":true,"href":"https:\/\/www.bellunopress.it\/fr\/wp-json\/wp\/v2\/comments?post=169253"}],"version-history":[{"count":1,"href":"https:\/\/www.bellunopress.it\/fr\/wp-json\/wp\/v2\/posts\/169253\/revisions"}],"predecessor-version":[{"id":169255,"href":"https:\/\/www.bellunopress.it\/fr\/wp-json\/wp\/v2\/posts\/169253\/revisions\/169255"}],"wp:featuredmedia":[{"embeddable":true,"href":"https:\/\/www.bellunopress.it\/fr\/wp-json\/wp\/v2\/media\/169254"}],"wp:attachment":[{"href":"https:\/\/www.bellunopress.it\/fr\/wp-json\/wp\/v2\/media?parent=169253"}],"wp:term":[{"taxonomy":"category","embeddable":true,"href":"https:\/\/www.bellunopress.it\/fr\/wp-json\/wp\/v2\/categories?post=169253"},{"taxonomy":"post_tag","embeddable":true,"href":"https:\/\/www.bellunopress.it\/fr\/wp-json\/wp\/v2\/tags?post=169253"}],"curies":[{"name":"wp","href":"https:\/\/api.w.org\/{rel}","templated":true}]}}