{"id":169239,"date":"2026-04-20T09:40:02","date_gmt":"2026-04-20T07:40:02","guid":{"rendered":"https:\/\/www.bellunopress.it\/?p=169239"},"modified":"2026-04-18T12:54:16","modified_gmt":"2026-04-18T10:54:16","slug":"il-comune-di-alpago-apre-la-settimana-europea-della-gioventu-2026-con-il-pomeriggio-europeo-su-erasmus-per-i-giovani-imprenditori","status":"publish","type":"post","link":"https:\/\/www.bellunopress.it\/fr\/2026\/04\/20\/il-comune-di-alpago-apre-la-settimana-europea-della-gioventu-2026-con-il-pomeriggio-europeo-su-erasmus-per-i-giovani-imprenditori\/","title":{"rendered":"Il Comune di Alpago apre la Settimana europea della Giovent\u00f9 2026 con il Pomeriggio Europeo su \u201cErasmus + per i Giovani Imprenditori\u201d"},"content":{"rendered":"<p><strong>Opportunit\u00e0 finanziarie dall\u2019Europa a supporto degli imprenditori bellunesi<\/strong><\/p>\n<p>Venerd\u00ec 24 aprile alle ore 18 nella sede municipale di Puos d&#8217;Alpago si terr\u00e0 il pomeriggio informativo sul programma europeo \u201cErasmus + per i Giovani Imprenditori\u201d.<\/p>\n<p>L&#8217;incontro, organizzato su iniziativa della Consigliera comunale Elisabetta Bortoluzzi, in collaborazione con la Consulta Giovani Alpago e il Centro Europe Direct Montagna Veneta, si propone di presentare l\u2019iniziativa dell\u2019Unione europea volta a favorire la crescita professionale dei futuri imprenditori promuovendo la mobilit\u00e0 internazionale e lo scambio di competenze tra nuovi imprenditori e imprenditori esperti.<\/p>\n<p>L\u2019evento \u00e8 rivolto agli aspiranti e nuovi imprenditori, cos\u00ec come a imprenditori esperti, interessati a conoscere le opportunit\u00e0 offerte dal programma, che consente, da una parte di svolgere un periodo di scambio professionale all\u2019estero della durata da uno a sei mesi, dall\u2019altra, di ospitare nella propria azienda nuove professionalit\u00e0 imprenditoriali provenienti dall\u2019estero.<\/p>\n<p>Durante l\u2019incontro verranno illustrati gli obiettivi del programma, le modalit\u00e0 di partecipazione al programma e i criteri per ottenere il contributo finanziario europeo a sostegno della mobilit\u00e0. Sar\u00e0 inoltre possibile ricevere informazioni pratiche su come candidarsi e avviare il proprio percorso di mobilit\u00e0 imprenditoriale.<br \/>\nIl programma ha gi\u00e0 coinvolto, tra Paesi UE ed extra UE, 45 Paesi e ha reso possibili oltre 14.800 scambi imprenditoriali transfrontalieri, favorendo la crescita professionale di migliaia di giovani in tutta Europa.<\/p>\n<p>&#8220;L\u00b4iniziativa &#8211; spiega la consigliera BOrtoluzzi &#8211; si propone di fornire ai partecipanti gli strumenti e le informazioni utili per accrescere le competenze dei giovani imprenditori e per rafforzare la capacit\u00e0 innovativa delle PMI e la loro apertura ai mercati internazionali. Sostenere la mobilit\u00e0 imprenditoriale significa promuovere la competitivit\u00e0, stimolare l\u2019innovazione e rafforzare le reti di cooperazione transnazionale&#8221;<\/p>\n<p>L\u2019iniziativa \u00e8 ufficialmente riconosciuta come evento della Settimana europea della Giovent\u00f9 2026, che si terr\u00e0 dal 24 aprile al 1\u00b0 maggio 2026, ed \u00e8 programmata nel giorno di apertura della manifestazione. \u201cL\u2019inserimento della nostra iniziativa nel calendario ufficiale della Settimana europea della Giovent\u00f9 2026\u201d conclude la Consigliera Bortoluzzi \u201crappresenta per noi un motivo di grande orgoglio ed \u00e8 un riconoscimento che rafforza il valore dell\u2019iniziativa a favore della imprenditorialit\u00e0 giovanile\u201d.<\/p>\n<p>&nbsp;<\/p>","protected":false},"excerpt":{"rendered":"<p>Opportunit\u00e0 finanziarie dall\u2019Europa a supporto degli imprenditori bellunesi Venerd\u00ec 24 aprile alle ore 18 nella sede municipale di Puos d&#8217;Alpago si terr\u00e0 il pomeriggio informativo sul programma europeo \u201cErasmus + per i Giovani Imprenditori\u201d. L&#8217;incontro, organizzato su iniziativa della Consigliera comunale Elisabetta Bortoluzzi, in collaborazione con la Consulta Giovani Alpago e il Centro Europe Direct [&hellip;]<\/p>\n","protected":false},"author":2,"featured_media":167537,"comment_status":"closed","ping_status":"open","sticky":false,"template":"","format":"standard","meta":{"footnotes":""},"categories":[26,8],"tags":[],"class_list":["post-169239","post","type-post","status-publish","format-standard","has-post-thumbnail","category-prima-pagina","category-societa-istituzioni"],"yoast_head":"<!-- This site is optimized with the Yoast SEO plugin v28.4 - https:\/\/yoast.com\/product\/yoast-seo-wordpress\/ -->\n<title>Il Comune di Alpago apre la Settimana europea della Giovent\u00f9 2026 con il Pomeriggio Europeo su \u201cErasmus + per i Giovani Imprenditori\u201d - Bellunopress - Dolomiti<\/title>\n<meta name=\"robots\" content=\"index, follow, max-snippet:-1, max-image-preview:large, max-video-preview:-1\" \/>\n<link rel=\"canonical\" href=\"https:\/\/www.bellunopress.it\/fr\/2026\/04\/20\/il-comune-di-alpago-apre-la-settimana-europea-della-gioventu-2026-con-il-pomeriggio-europeo-su-erasmus-per-i-giovani-imprenditori\/\" \/>\n<meta property=\"og:locale\" content=\"fr_FR\" \/>\n<meta property=\"og:type\" content=\"article\" \/>\n<meta property=\"og:title\" content=\"Il Comune di Alpago apre la Settimana europea della Giovent\u00f9 2026 con il Pomeriggio Europeo su \u201cErasmus + per i Giovani Imprenditori\u201d - Bellunopress - Dolomiti\" \/>\n<meta property=\"og:description\" content=\"Opportunit\u00e0 finanziarie dall\u2019Europa a supporto degli imprenditori bellunesi Venerd\u00ec 24 aprile alle ore 18 nella sede municipale di Puos d&#8217;Alpago si terr\u00e0 il pomeriggio informativo sul programma europeo \u201cErasmus + per i Giovani Imprenditori\u201d. L&#8217;incontro, organizzato su iniziativa della Consigliera comunale Elisabetta Bortoluzzi, in collaborazione con la Consulta Giovani Alpago e il Centro Europe Direct [&hellip;]\" \/>\n<meta property=\"og:url\" content=\"https:\/\/www.bellunopress.it\/fr\/2026\/04\/20\/il-comune-di-alpago-apre-la-settimana-europea-della-gioventu-2026-con-il-pomeriggio-europeo-su-erasmus-per-i-giovani-imprenditori\/\" \/>\n<meta property=\"og:site_name\" content=\"Bellunopress - Dolomiti\" \/>\n<meta property=\"article:publisher\" content=\"https:\/\/www.facebook.com\/profile.php?id=100008943462799\" \/>\n<meta property=\"article:published_time\" content=\"2026-04-20T07:40:02+00:00\" \/>\n<meta property=\"og:image\" content=\"https:\/\/www.bellunopress.it\/wp-content\/uploads\/2026\/02\/Elisabetta-Bortoluzzi-consigliere-com-Alpago.jpg\" \/>\n\t<meta property=\"og:image:width\" content=\"500\" \/>\n\t<meta property=\"og:image:height\" content=\"380\" \/>\n\t<meta property=\"og:image:type\" content=\"image\/jpeg\" \/>\n<meta name=\"author\" content=\"redazione\" \/>\n<meta name=\"twitter:card\" content=\"summary_large_image\" \/>\n<meta name=\"twitter:creator\" content=\"@bellunopress\" \/>\n<meta name=\"twitter:site\" content=\"@bellunopress\" \/>\n<meta name=\"twitter:label1\" content=\"\u00c9crit par\" \/>\n\t<meta name=\"twitter:data1\" content=\"redazione\" \/>\n\t<meta name=\"twitter:label2\" content=\"Dur\u00e9e de lecture estim\u00e9e\" \/>\n\t<meta name=\"twitter:data2\" content=\"2 minutes\" \/>\n<script type=\"application\/ld+json\" class=\"yoast-schema-graph\">{\"@context\":\"https:\\\/\\\/schema.org\",\"@graph\":[{\"@type\":\"Article\",\"@id\":\"https:\\\/\\\/www.bellunopress.it\\\/2026\\\/04\\\/20\\\/il-comune-di-alpago-apre-la-settimana-europea-della-gioventu-2026-con-il-pomeriggio-europeo-su-erasmus-per-i-giovani-imprenditori\\\/#article\",\"isPartOf\":{\"@id\":\"https:\\\/\\\/www.bellunopress.it\\\/2026\\\/04\\\/20\\\/il-comune-di-alpago-apre-la-settimana-europea-della-gioventu-2026-con-il-pomeriggio-europeo-su-erasmus-per-i-giovani-imprenditori\\\/\"},\"author\":{\"name\":\"redazione\",\"@id\":\"https:\\\/\\\/www.bellunopress.it\\\/#\\\/schema\\\/person\\\/79bb06722b37ece1c03d3e94beb30d73\"},\"headline\":\"Il Comune di Alpago apre la Settimana europea della Giovent\u00f9 2026 con il Pomeriggio Europeo su \u201cErasmus + per i Giovani Imprenditori\u201d\",\"datePublished\":\"2026-04-20T07:40:02+00:00\",\"mainEntityOfPage\":{\"@id\":\"https:\\\/\\\/www.bellunopress.it\\\/2026\\\/04\\\/20\\\/il-comune-di-alpago-apre-la-settimana-europea-della-gioventu-2026-con-il-pomeriggio-europeo-su-erasmus-per-i-giovani-imprenditori\\\/\"},\"wordCount\":367,\"publisher\":{\"@id\":\"https:\\\/\\\/www.bellunopress.it\\\/#organization\"},\"image\":{\"@id\":\"https:\\\/\\\/www.bellunopress.it\\\/2026\\\/04\\\/20\\\/il-comune-di-alpago-apre-la-settimana-europea-della-gioventu-2026-con-il-pomeriggio-europeo-su-erasmus-per-i-giovani-imprenditori\\\/#primaryimage\"},\"thumbnailUrl\":\"https:\\\/\\\/www.bellunopress.it\\\/wp-content\\\/uploads\\\/2026\\\/02\\\/Elisabetta-Bortoluzzi-consigliere-com-Alpago.jpg\",\"articleSection\":[\"Prima Pagina\",\"Societ\u00e0, Associazioni, Istituzioni\"],\"inLanguage\":\"fr-FR\"},{\"@type\":\"WebPage\",\"@id\":\"https:\\\/\\\/www.bellunopress.it\\\/2026\\\/04\\\/20\\\/il-comune-di-alpago-apre-la-settimana-europea-della-gioventu-2026-con-il-pomeriggio-europeo-su-erasmus-per-i-giovani-imprenditori\\\/\",\"url\":\"https:\\\/\\\/www.bellunopress.it\\\/2026\\\/04\\\/20\\\/il-comune-di-alpago-apre-la-settimana-europea-della-gioventu-2026-con-il-pomeriggio-europeo-su-erasmus-per-i-giovani-imprenditori\\\/\",\"name\":\"Il Comune di Alpago apre la Settimana europea della Giovent\u00f9 2026 con il Pomeriggio Europeo su \u201cErasmus + per i Giovani Imprenditori\u201d - Bellunopress - Dolomiti\",\"isPartOf\":{\"@id\":\"https:\\\/\\\/www.bellunopress.it\\\/#website\"},\"primaryImageOfPage\":{\"@id\":\"https:\\\/\\\/www.bellunopress.it\\\/2026\\\/04\\\/20\\\/il-comune-di-alpago-apre-la-settimana-europea-della-gioventu-2026-con-il-pomeriggio-europeo-su-erasmus-per-i-giovani-imprenditori\\\/#primaryimage\"},\"image\":{\"@id\":\"https:\\\/\\\/www.bellunopress.it\\\/2026\\\/04\\\/20\\\/il-comune-di-alpago-apre-la-settimana-europea-della-gioventu-2026-con-il-pomeriggio-europeo-su-erasmus-per-i-giovani-imprenditori\\\/#primaryimage\"},\"thumbnailUrl\":\"https:\\\/\\\/www.bellunopress.it\\\/wp-content\\\/uploads\\\/2026\\\/02\\\/Elisabetta-Bortoluzzi-consigliere-com-Alpago.jpg\",\"datePublished\":\"2026-04-20T07:40:02+00:00\",\"breadcrumb\":{\"@id\":\"https:\\\/\\\/www.bellunopress.it\\\/2026\\\/04\\\/20\\\/il-comune-di-alpago-apre-la-settimana-europea-della-gioventu-2026-con-il-pomeriggio-europeo-su-erasmus-per-i-giovani-imprenditori\\\/#breadcrumb\"},\"inLanguage\":\"fr-FR\",\"potentialAction\":[{\"@type\":\"ReadAction\",\"target\":[\"https:\\\/\\\/www.bellunopress.it\\\/2026\\\/04\\\/20\\\/il-comune-di-alpago-apre-la-settimana-europea-della-gioventu-2026-con-il-pomeriggio-europeo-su-erasmus-per-i-giovani-imprenditori\\\/\"]}]},{\"@type\":\"ImageObject\",\"inLanguage\":\"fr-FR\",\"@id\":\"https:\\\/\\\/www.bellunopress.it\\\/2026\\\/04\\\/20\\\/il-comune-di-alpago-apre-la-settimana-europea-della-gioventu-2026-con-il-pomeriggio-europeo-su-erasmus-per-i-giovani-imprenditori\\\/#primaryimage\",\"url\":\"https:\\\/\\\/www.bellunopress.it\\\/wp-content\\\/uploads\\\/2026\\\/02\\\/Elisabetta-Bortoluzzi-consigliere-com-Alpago.jpg\",\"contentUrl\":\"https:\\\/\\\/www.bellunopress.it\\\/wp-content\\\/uploads\\\/2026\\\/02\\\/Elisabetta-Bortoluzzi-consigliere-com-Alpago.jpg\",\"width\":500,\"height\":380,\"caption\":\"Elisabetta Bortoluzzi, Consigliere comunale del Comune di Alpago con delega alle politiche comunitarie\"},{\"@type\":\"BreadcrumbList\",\"@id\":\"https:\\\/\\\/www.bellunopress.it\\\/2026\\\/04\\\/20\\\/il-comune-di-alpago-apre-la-settimana-europea-della-gioventu-2026-con-il-pomeriggio-europeo-su-erasmus-per-i-giovani-imprenditori\\\/#breadcrumb\",\"itemListElement\":[{\"@type\":\"ListItem\",\"position\":1,\"name\":\"Home\",\"item\":\"https:\\\/\\\/www.bellunopress.it\\\/\"},{\"@type\":\"ListItem\",\"position\":2,\"name\":\"Il Comune di Alpago apre la Settimana europea della Giovent\u00f9 2026 con il Pomeriggio Europeo su \u201cErasmus + per i Giovani Imprenditori\u201d\"}]},{\"@type\":\"WebSite\",\"@id\":\"https:\\\/\\\/www.bellunopress.it\\\/#website\",\"url\":\"https:\\\/\\\/www.bellunopress.it\\\/\",\"name\":\"Bellunopress - Dolomiti\",\"description\":\"e-mail: redazione@bellunopress.it\",\"publisher\":{\"@id\":\"https:\\\/\\\/www.bellunopress.it\\\/#organization\"},\"potentialAction\":[{\"@type\":\"SearchAction\",\"target\":{\"@type\":\"EntryPoint\",\"urlTemplate\":\"https:\\\/\\\/www.bellunopress.it\\\/?s={search_term_string}\"},\"query-input\":{\"@type\":\"PropertyValueSpecification\",\"valueRequired\":true,\"valueName\":\"search_term_string\"}}],\"inLanguage\":\"fr-FR\"},{\"@type\":\"Organization\",\"@id\":\"https:\\\/\\\/www.bellunopress.it\\\/#organization\",\"name\":\"Bellunopress\",\"url\":\"https:\\\/\\\/www.bellunopress.it\\\/\",\"logo\":{\"@type\":\"ImageObject\",\"inLanguage\":\"fr-FR\",\"@id\":\"https:\\\/\\\/www.bellunopress.it\\\/#\\\/schema\\\/logo\\\/image\\\/\",\"url\":\"https:\\\/\\\/www.bellunopress.it\\\/wp-content\\\/uploads\\\/2011\\\/05\\\/cropped-logo-bellunopress-.jpg\",\"contentUrl\":\"https:\\\/\\\/www.bellunopress.it\\\/wp-content\\\/uploads\\\/2011\\\/05\\\/cropped-logo-bellunopress-.jpg\",\"width\":512,\"height\":512,\"caption\":\"Bellunopress\"},\"image\":{\"@id\":\"https:\\\/\\\/www.bellunopress.it\\\/#\\\/schema\\\/logo\\\/image\\\/\"},\"sameAs\":[\"https:\\\/\\\/www.facebook.com\\\/profile.php?id=100008943462799\",\"https:\\\/\\\/x.com\\\/bellunopress\",\"https:\\\/\\\/www.linkedin.com\\\/hp\\\/?dnr=JBzUWaJfMUw8vbXJJ2tVW5-I3jZKvC4wsoxE&amp;amp;amp;amp;amp;amp;trk=nav_responsive_tab_home\",\"https:\\\/\\\/www.youtube.com\\\/channel\\\/UCxL0wu1uN0_3_7hGG0306cw\"]},{\"@type\":\"Person\",\"@id\":\"https:\\\/\\\/www.bellunopress.it\\\/#\\\/schema\\\/person\\\/79bb06722b37ece1c03d3e94beb30d73\",\"name\":\"redazione\",\"image\":{\"@type\":\"ImageObject\",\"inLanguage\":\"fr-FR\",\"@id\":\"https:\\\/\\\/secure.gravatar.com\\\/avatar\\\/37d968a2e67a6fd04c169c4bdef102d0bc5d31b2546345219e348575eb80e9a0?s=96&d=mm&r=g\",\"url\":\"https:\\\/\\\/secure.gravatar.com\\\/avatar\\\/37d968a2e67a6fd04c169c4bdef102d0bc5d31b2546345219e348575eb80e9a0?s=96&d=mm&r=g\",\"contentUrl\":\"https:\\\/\\\/secure.gravatar.com\\\/avatar\\\/37d968a2e67a6fd04c169c4bdef102d0bc5d31b2546345219e348575eb80e9a0?s=96&d=mm&r=g\",\"caption\":\"redazione\"},\"sameAs\":[\"http:\\\/\\\/www.bellunopress.it\",\"https:\\\/\\\/x.com\\\/bellunopress\"],\"url\":\"https:\\\/\\\/www.bellunopress.it\\\/fr\\\/author\\\/redazione\\\/\"}]}<\/script>\n<!-- \/ Yoast SEO plugin. -->","yoast_head_json":{"title":"Il Comune di Alpago apre la Settimana europea della Giovent\u00f9 2026 con il Pomeriggio Europeo su \u201cErasmus + per i Giovani Imprenditori\u201d - Bellunopress - Dolomiti","robots":{"index":"index","follow":"follow","max-snippet":"max-snippet:-1","max-image-preview":"max-image-preview:large","max-video-preview":"max-video-preview:-1"},"canonical":"https:\/\/www.bellunopress.it\/fr\/2026\/04\/20\/il-comune-di-alpago-apre-la-settimana-europea-della-gioventu-2026-con-il-pomeriggio-europeo-su-erasmus-per-i-giovani-imprenditori\/","og_locale":"fr_FR","og_type":"article","og_title":"Il Comune di Alpago apre la Settimana europea della Giovent\u00f9 2026 con il Pomeriggio Europeo su \u201cErasmus + per i Giovani Imprenditori\u201d - Bellunopress - Dolomiti","og_description":"Opportunit\u00e0 finanziarie dall\u2019Europa a supporto degli imprenditori bellunesi Venerd\u00ec 24 aprile alle ore 18 nella sede municipale di Puos d&#8217;Alpago si terr\u00e0 il pomeriggio informativo sul programma europeo \u201cErasmus + per i Giovani Imprenditori\u201d. L&#8217;incontro, organizzato su iniziativa della Consigliera comunale Elisabetta Bortoluzzi, in collaborazione con la Consulta Giovani Alpago e il Centro Europe Direct [&hellip;]","og_url":"https:\/\/www.bellunopress.it\/fr\/2026\/04\/20\/il-comune-di-alpago-apre-la-settimana-europea-della-gioventu-2026-con-il-pomeriggio-europeo-su-erasmus-per-i-giovani-imprenditori\/","og_site_name":"Bellunopress - Dolomiti","article_publisher":"https:\/\/www.facebook.com\/profile.php?id=100008943462799","article_published_time":"2026-04-20T07:40:02+00:00","og_image":[{"width":500,"height":380,"url":"https:\/\/www.bellunopress.it\/wp-content\/uploads\/2026\/02\/Elisabetta-Bortoluzzi-consigliere-com-Alpago.jpg","type":"image\/jpeg"}],"author":"redazione","twitter_card":"summary_large_image","twitter_creator":"@bellunopress","twitter_site":"@bellunopress","twitter_misc":{"\u00c9crit par":"redazione","Dur\u00e9e de lecture estim\u00e9e":"2 minutes"},"schema":{"@context":"https:\/\/schema.org","@graph":[{"@type":"Article","@id":"https:\/\/www.bellunopress.it\/2026\/04\/20\/il-comune-di-alpago-apre-la-settimana-europea-della-gioventu-2026-con-il-pomeriggio-europeo-su-erasmus-per-i-giovani-imprenditori\/#article","isPartOf":{"@id":"https:\/\/www.bellunopress.it\/2026\/04\/20\/il-comune-di-alpago-apre-la-settimana-europea-della-gioventu-2026-con-il-pomeriggio-europeo-su-erasmus-per-i-giovani-imprenditori\/"},"author":{"name":"redazione","@id":"https:\/\/www.bellunopress.it\/#\/schema\/person\/79bb06722b37ece1c03d3e94beb30d73"},"headline":"Il Comune di Alpago apre la Settimana europea della Giovent\u00f9 2026 con il Pomeriggio Europeo su \u201cErasmus + per i Giovani Imprenditori\u201d","datePublished":"2026-04-20T07:40:02+00:00","mainEntityOfPage":{"@id":"https:\/\/www.bellunopress.it\/2026\/04\/20\/il-comune-di-alpago-apre-la-settimana-europea-della-gioventu-2026-con-il-pomeriggio-europeo-su-erasmus-per-i-giovani-imprenditori\/"},"wordCount":367,"publisher":{"@id":"https:\/\/www.bellunopress.it\/#organization"},"image":{"@id":"https:\/\/www.bellunopress.it\/2026\/04\/20\/il-comune-di-alpago-apre-la-settimana-europea-della-gioventu-2026-con-il-pomeriggio-europeo-su-erasmus-per-i-giovani-imprenditori\/#primaryimage"},"thumbnailUrl":"https:\/\/www.bellunopress.it\/wp-content\/uploads\/2026\/02\/Elisabetta-Bortoluzzi-consigliere-com-Alpago.jpg","articleSection":["Prima Pagina","Societ\u00e0, Associazioni, Istituzioni"],"inLanguage":"fr-FR"},{"@type":"WebPage","@id":"https:\/\/www.bellunopress.it\/2026\/04\/20\/il-comune-di-alpago-apre-la-settimana-europea-della-gioventu-2026-con-il-pomeriggio-europeo-su-erasmus-per-i-giovani-imprenditori\/","url":"https:\/\/www.bellunopress.it\/2026\/04\/20\/il-comune-di-alpago-apre-la-settimana-europea-della-gioventu-2026-con-il-pomeriggio-europeo-su-erasmus-per-i-giovani-imprenditori\/","name":"Il Comune di Alpago apre la Settimana europea della Giovent\u00f9 2026 con il Pomeriggio Europeo su \u201cErasmus + per i Giovani Imprenditori\u201d - Bellunopress - Dolomiti","isPartOf":{"@id":"https:\/\/www.bellunopress.it\/#website"},"primaryImageOfPage":{"@id":"https:\/\/www.bellunopress.it\/2026\/04\/20\/il-comune-di-alpago-apre-la-settimana-europea-della-gioventu-2026-con-il-pomeriggio-europeo-su-erasmus-per-i-giovani-imprenditori\/#primaryimage"},"image":{"@id":"https:\/\/www.bellunopress.it\/2026\/04\/20\/il-comune-di-alpago-apre-la-settimana-europea-della-gioventu-2026-con-il-pomeriggio-europeo-su-erasmus-per-i-giovani-imprenditori\/#primaryimage"},"thumbnailUrl":"https:\/\/www.bellunopress.it\/wp-content\/uploads\/2026\/02\/Elisabetta-Bortoluzzi-consigliere-com-Alpago.jpg","datePublished":"2026-04-20T07:40:02+00:00","breadcrumb":{"@id":"https:\/\/www.bellunopress.it\/2026\/04\/20\/il-comune-di-alpago-apre-la-settimana-europea-della-gioventu-2026-con-il-pomeriggio-europeo-su-erasmus-per-i-giovani-imprenditori\/#breadcrumb"},"inLanguage":"fr-FR","potentialAction":[{"@type":"ReadAction","target":["https:\/\/www.bellunopress.it\/2026\/04\/20\/il-comune-di-alpago-apre-la-settimana-europea-della-gioventu-2026-con-il-pomeriggio-europeo-su-erasmus-per-i-giovani-imprenditori\/"]}]},{"@type":"ImageObject","inLanguage":"fr-FR","@id":"https:\/\/www.bellunopress.it\/2026\/04\/20\/il-comune-di-alpago-apre-la-settimana-europea-della-gioventu-2026-con-il-pomeriggio-europeo-su-erasmus-per-i-giovani-imprenditori\/#primaryimage","url":"https:\/\/www.bellunopress.it\/wp-content\/uploads\/2026\/02\/Elisabetta-Bortoluzzi-consigliere-com-Alpago.jpg","contentUrl":"https:\/\/www.bellunopress.it\/wp-content\/uploads\/2026\/02\/Elisabetta-Bortoluzzi-consigliere-com-Alpago.jpg","width":500,"height":380,"caption":"Elisabetta Bortoluzzi, Consigliere comunale del Comune di Alpago con delega alle politiche comunitarie"},{"@type":"BreadcrumbList","@id":"https:\/\/www.bellunopress.it\/2026\/04\/20\/il-comune-di-alpago-apre-la-settimana-europea-della-gioventu-2026-con-il-pomeriggio-europeo-su-erasmus-per-i-giovani-imprenditori\/#breadcrumb","itemListElement":[{"@type":"ListItem","position":1,"name":"Home","item":"https:\/\/www.bellunopress.it\/"},{"@type":"ListItem","position":2,"name":"Il Comune di Alpago apre la Settimana europea della Giovent\u00f9 2026 con il Pomeriggio Europeo su \u201cErasmus + per i Giovani Imprenditori\u201d"}]},{"@type":"WebSite","@id":"https:\/\/www.bellunopress.it\/#website","url":"https:\/\/www.bellunopress.it\/","name":"Bellunopress - Dolomiti","description":"e-mail: redazione@bellunopress.it","publisher":{"@id":"https:\/\/www.bellunopress.it\/#organization"},"potentialAction":[{"@type":"SearchAction","target":{"@type":"EntryPoint","urlTemplate":"https:\/\/www.bellunopress.it\/?s={search_term_string}"},"query-input":{"@type":"PropertyValueSpecification","valueRequired":true,"valueName":"search_term_string"}}],"inLanguage":"fr-FR"},{"@type":"Organization","@id":"https:\/\/www.bellunopress.it\/#organization","name":"Bellunopress","url":"https:\/\/www.bellunopress.it\/","logo":{"@type":"ImageObject","inLanguage":"fr-FR","@id":"https:\/\/www.bellunopress.it\/#\/schema\/logo\/image\/","url":"https:\/\/www.bellunopress.it\/wp-content\/uploads\/2011\/05\/cropped-logo-bellunopress-.jpg","contentUrl":"https:\/\/www.bellunopress.it\/wp-content\/uploads\/2011\/05\/cropped-logo-bellunopress-.jpg","width":512,"height":512,"caption":"Bellunopress"},"image":{"@id":"https:\/\/www.bellunopress.it\/#\/schema\/logo\/image\/"},"sameAs":["https:\/\/www.facebook.com\/profile.php?id=100008943462799","https:\/\/x.com\/bellunopress","https:\/\/www.linkedin.com\/hp\/?dnr=JBzUWaJfMUw8vbXJJ2tVW5-I3jZKvC4wsoxE&amp;amp;amp;amp;amp;amp;trk=nav_responsive_tab_home","https:\/\/www.youtube.com\/channel\/UCxL0wu1uN0_3_7hGG0306cw"]},{"@type":"Person","@id":"https:\/\/www.bellunopress.it\/#\/schema\/person\/79bb06722b37ece1c03d3e94beb30d73","name":"r\u00e9daction","image":{"@type":"ImageObject","inLanguage":"fr-FR","@id":"https:\/\/secure.gravatar.com\/avatar\/37d968a2e67a6fd04c169c4bdef102d0bc5d31b2546345219e348575eb80e9a0?s=96&d=mm&r=g","url":"https:\/\/secure.gravatar.com\/avatar\/37d968a2e67a6fd04c169c4bdef102d0bc5d31b2546345219e348575eb80e9a0?s=96&d=mm&r=g","contentUrl":"https:\/\/secure.gravatar.com\/avatar\/37d968a2e67a6fd04c169c4bdef102d0bc5d31b2546345219e348575eb80e9a0?s=96&d=mm&r=g","caption":"redazione"},"sameAs":["http:\/\/www.bellunopress.it","https:\/\/x.com\/bellunopress"],"url":"https:\/\/www.bellunopress.it\/fr\/author\/redazione\/"}]}},"_links":{"self":[{"href":"https:\/\/www.bellunopress.it\/fr\/wp-json\/wp\/v2\/posts\/169239","targetHints":{"allow":["GET"]}}],"collection":[{"href":"https:\/\/www.bellunopress.it\/fr\/wp-json\/wp\/v2\/posts"}],"about":[{"href":"https:\/\/www.bellunopress.it\/fr\/wp-json\/wp\/v2\/types\/post"}],"author":[{"embeddable":true,"href":"https:\/\/www.bellunopress.it\/fr\/wp-json\/wp\/v2\/users\/2"}],"replies":[{"embeddable":true,"href":"https:\/\/www.bellunopress.it\/fr\/wp-json\/wp\/v2\/comments?post=169239"}],"version-history":[{"count":1,"href":"https:\/\/www.bellunopress.it\/fr\/wp-json\/wp\/v2\/posts\/169239\/revisions"}],"predecessor-version":[{"id":169240,"href":"https:\/\/www.bellunopress.it\/fr\/wp-json\/wp\/v2\/posts\/169239\/revisions\/169240"}],"wp:featuredmedia":[{"embeddable":true,"href":"https:\/\/www.bellunopress.it\/fr\/wp-json\/wp\/v2\/media\/167537"}],"wp:attachment":[{"href":"https:\/\/www.bellunopress.it\/fr\/wp-json\/wp\/v2\/media?parent=169239"}],"wp:term":[{"taxonomy":"category","embeddable":true,"href":"https:\/\/www.bellunopress.it\/fr\/wp-json\/wp\/v2\/categories?post=169239"},{"taxonomy":"post_tag","embeddable":true,"href":"https:\/\/www.bellunopress.it\/fr\/wp-json\/wp\/v2\/tags?post=169239"}],"curies":[{"name":"wp","href":"https:\/\/api.w.org\/{rel}","templated":true}]}}