{"id":169222,"date":"2026-04-17T14:34:23","date_gmt":"2026-04-17T12:34:23","guid":{"rendered":"https:\/\/www.bellunopress.it\/?p=169222"},"modified":"2026-04-17T14:34:23","modified_gmt":"2026-04-17T12:34:23","slug":"i-150-anni-del-museo-civico-di-belluno-una-rassegna-di-incontri-tra-aprile-e-settembre-per-il-grande-anniversario","status":"publish","type":"post","link":"https:\/\/www.bellunopress.it\/fr\/2026\/04\/17\/i-150-anni-del-museo-civico-di-belluno-una-rassegna-di-incontri-tra-aprile-e-settembre-per-il-grande-anniversario\/","title":{"rendered":"I 150 anni del Museo civico di Belluno: una rassegna di incontri, tra aprile e settembre per il grande anniversario"},"content":{"rendered":"<p>Ricorrono nel 2026 i 150 anni dall\u2019istituzione del Museo Civico di Belluno, allestito nell\u2019antica sede del Palazzo dei Giuristi, ristrutturata in seguito ai danni subiti con il terremoto del 1973. Per l\u2019occasione, una rassegna di incontri festegger\u00e0 il lieto anniversario con approfondimenti su storia, opere e protagonisti di questo prezioso contenitore di memoria, cultura e identit\u00e0 della Citt\u00e0 di Belluno.<\/p>\n<p>&nbsp;<\/p>\n<figure id=\"attachment_169223\" aria-describedby=\"caption-attachment-169223\" style=\"width: 600px\" class=\"wp-caption aligncenter\"><img loading=\"lazy\" decoding=\"async\" class=\"size-full wp-image-169223\" src=\"https:\/\/www.bellunopress.it\/wp-content\/uploads\/2026\/04\/Palazzo-dei-Giuristi-vecchia-sede-del-Museo-civico-Belluno.jpg\" alt=\"\" width=\"600\" height=\"400\" srcset=\"https:\/\/www.bellunopress.it\/wp-content\/uploads\/2026\/04\/Palazzo-dei-Giuristi-vecchia-sede-del-Museo-civico-Belluno.jpg 600w, https:\/\/www.bellunopress.it\/wp-content\/uploads\/2026\/04\/Palazzo-dei-Giuristi-vecchia-sede-del-Museo-civico-Belluno-500x333.jpg 500w, https:\/\/www.bellunopress.it\/wp-content\/uploads\/2026\/04\/Palazzo-dei-Giuristi-vecchia-sede-del-Museo-civico-Belluno-150x100.jpg 150w, https:\/\/www.bellunopress.it\/wp-content\/uploads\/2026\/04\/Palazzo-dei-Giuristi-vecchia-sede-del-Museo-civico-Belluno-300x200.jpg 300w\" sizes=\"auto, (max-width: 600px) 100vw, 600px\" \/><figcaption id=\"caption-attachment-169223\" class=\"wp-caption-text\">Palazzo dei Giuristi, vecchia sede del Museo civico di Belluno<\/figcaption><\/figure>\n<p><strong>LA STORIA<\/strong><\/p>\n<p>Erano passati dieci anni dall\u2019annessione del Veneto al Regno d\u2019Italia (1866), e per la citt\u00e0 di Belluno dotarsi di un museo che raccogliesse le proprie memorie era in qualche modo un atto di patriottismo. Molte furono le famiglie bellunesi che contribuirono con donazioni ad alimentarne le collezioni, destinando alla pubblica fruizione quanto avevano raccolto nel corso dei decenni, spesso salvandolo dalla distruzione o sottraendolo alla dispersione nel mercato antiquariale. La quadreria del medico bellunese Antonio Giampiccoli e la collezione di bronzetti, medaglie e monete del conte Carlo Miari, entrambe donate al Comune nel 1872, sono i nuclei fondativi del museo, e tutt\u2019oggi comprendono alcuni tra i capolavori pi\u00f9 rappresentativi delle raccolte civiche.<\/p>\n<p>Nel corso del Novecento il museo ha continuato ad acquisire, attraverso donazioni di privati cittadini e acquisti mirati, ed \u00e8 divenuto un presidio per la tutela del patrimonio storico, artistico e archeologico del territorio. Nello stesso tempo, ha attraversato momenti difficili: le due Guerre Mondiali, con i vandalismi e le dispersioni operati dagli occupanti, l\u2019incendio del 1936 e il terremoto del 1937, ristrutturazioni della sede e riallestimenti delle collezioni, furti e fortunosi recuperi, tra i quali quello recentissimo della <em>Madonna<\/em> di Antonio Solario, una delle \u201cpunte di diamante\u201d della collezione Giampiccoli. Infine, quasi un decennio fa, il trasferimento delle collezioni storico artistiche nella nuova sede di Palazzo Fulcis, che ha inaugurato un nuovo capitolo nella storia dell\u2019istituzione.<\/p>\n<p>Una storia avventurosa, che in parte \u00e8 stata scritta e in parte \u00e8 ancora da scrivere, e che \u00e8 anche la storia della Citt\u00e0 e di una comunit\u00e0 di cittadini.<\/p>\n<p>&nbsp;<\/p>\n<p><strong>IL PROGRAMMA DELLA RASSEGNA<\/strong><\/p>\n<p>In occasione di questo anniversario, il Museo organizza tra aprile e settembre 2026 un ciclo di conferenze che affrontano diversi temi legati alla sua nascita e alla sua storia, con l\u2019obiettivo di avvicinare i cittadini al loro museo, perch\u00e9 lo conoscano e lo sentano proprio, partecipando alla sua vita e alla sua crescita.<\/p>\n<p>&nbsp;<\/p>\n<p>24 aprile 2026, ore 18.00<\/p>\n<p><strong>La nascita dei musei civici nel Veneto dell\u2019Ottocento<\/strong><\/p>\n<p><em>Gian Maria Varanini, gi\u00e0 Universit\u00e0 degli Studi di Verona<\/em><\/p>\n<p>&nbsp;<\/p>\n<p>15 maggio 2026, ore 18.00<\/p>\n<p><strong>Osvaldo Monti e la nascita del Museo Civico di Belluno<\/strong><\/p>\n<p><em>Orietta Ceiner, Archivio Storico del Comune di Belluno<\/em><\/p>\n<p><em>Carlo Cavalli, Museo Civico di Belluno<\/em><\/p>\n<p>&nbsp;<\/p>\n<p>22 maggio 2026, ore 18.00<\/p>\n<p><strong>Sulle tracce di Bartolomeo Montagna nel Veneto<\/strong><\/p>\n<p><em>Francesca Meneghetti, Soprintendenza archeologia, belle arti e paesaggio per le province di Verona, Rovigo e Vicenza<\/em><\/p>\n<p><em>Alessandro Martoni, Musei Civici di Vicenza<\/em><\/p>\n<p>curatori del volume <em>Bartolomeo Montagna. opere nel Veneto<\/em>, Scripta edizioni, Verona 2025<\/p>\n<p>introduce <em>Carlo Cavalli, Museo Civico di Belluno<\/em><\/p>\n<p><strong>\u00a0<\/strong><\/p>\n<p>29 maggio 2026, ore 18.00<\/p>\n<p><strong>Antonio Solario <em>venetus<\/em>: quesiti e opere di un pittore itinerante<\/strong><\/p>\n<p><em>Emanuele Castoldi, storico dell\u2019arte<\/em><\/p>\n<p><strong>\u00a0<\/strong><\/p>\n<p>12 giugno 2026, ore 18.00<\/p>\n<p><strong>Alle origini del museo: il collezionismo a Belluno nell\u2019Ottocento<\/strong><\/p>\n<p><em>Aurora Frescura, storica dell\u2019arte<\/em><\/p>\n<p><strong>\u00a0<\/strong><\/p>\n<p>15 luglio 2026, ore 18.00<\/p>\n<p><strong>Ippolito Caffi e Belluno: dalle collezioni al museo<\/strong><\/p>\n<p><em>Massimo De Grassi, Universit\u00e0 degli Studi di Trieste<\/em><\/p>\n<p>&nbsp;<\/p>\n<p>11 settembre, ore 18.00<\/p>\n<p><strong>Il museo di Belluno e le Gallerie dell\u2019Accademia di Venezia<\/strong><\/p>\n<p><em>Silvia Salvini, Gallerie dell\u2019Accademia di Venezia<\/em><\/p>\n<p><em>Carlo Cavalli, Museo Civico di Belluno<\/em><\/p>\n<p>&nbsp;<\/p>\n<p>18 settembre, ore 18.00<\/p>\n<p><strong>Il museo di Belluno e la tutela del patrimonio culturale del territorio<\/strong><\/p>\n<p><em>Marta Mazza, Soprintendenza Archeologia, Belle Arti e Paesaggio per le Province di Padova, Treviso e Belluno<\/em><\/p>\n<p>&nbsp;<\/p>\n<p>25 settembre 2026, ore 18.00<\/p>\n<p><strong>Alle origini del Museo di Belluno: l\u2019interesse per la preistoria e la protostoria del territorio<\/strong><\/p>\n<p><em>Anna Angelini, Fondazione G. Angelini<\/em><\/p>\n<p><em>Valentina Donadel,Musei Civici di Vicenza<\/em><\/p>\n<p>&nbsp;<\/p>\n<p>&nbsp;<\/p>","protected":false},"excerpt":{"rendered":"<p>Ricorrono nel 2026 i 150 anni dall\u2019istituzione del Museo Civico di Belluno, allestito nell\u2019antica sede del Palazzo dei Giuristi, ristrutturata in seguito ai danni subiti con il terremoto del 1973. Per l\u2019occasione, una rassegna di incontri festegger\u00e0 il lieto anniversario con approfondimenti su storia, opere e protagonisti di questo prezioso contenitore di memoria, cultura e [&hellip;]<\/p>\n","protected":false},"author":2,"featured_media":112879,"comment_status":"closed","ping_status":"open","sticky":false,"template":"","format":"standard","meta":{"footnotes":""},"categories":[27,3,25],"tags":[],"class_list":["post-169222","post","type-post","status-publish","format-standard","has-post-thumbnail","category-appuntamenti","category-arte-cultura-spettacoli-scienza-archivi","category-pausa-caffe"],"yoast_head":"<!-- This site is optimized with the Yoast SEO plugin v28.4 - https:\/\/yoast.com\/product\/yoast-seo-wordpress\/ -->\n<title>I 150 anni del Museo civico di Belluno: una rassegna di incontri, tra aprile e settembre per il grande anniversario - Bellunopress - Dolomiti<\/title>\n<meta name=\"robots\" content=\"index, follow, max-snippet:-1, max-image-preview:large, max-video-preview:-1\" \/>\n<link rel=\"canonical\" href=\"https:\/\/www.bellunopress.it\/fr\/2026\/04\/17\/i-150-anni-del-museo-civico-di-belluno-una-rassegna-di-incontri-tra-aprile-e-settembre-per-il-grande-anniversario\/\" \/>\n<meta property=\"og:locale\" content=\"fr_FR\" \/>\n<meta property=\"og:type\" content=\"article\" \/>\n<meta property=\"og:title\" content=\"I 150 anni del Museo civico di Belluno: una rassegna di incontri, tra aprile e settembre per il grande anniversario - Bellunopress - Dolomiti\" \/>\n<meta property=\"og:description\" content=\"Ricorrono nel 2026 i 150 anni dall\u2019istituzione del Museo Civico di Belluno, allestito nell\u2019antica sede del Palazzo dei Giuristi, ristrutturata in seguito ai danni subiti con il terremoto del 1973. Per l\u2019occasione, una rassegna di incontri festegger\u00e0 il lieto anniversario con approfondimenti su storia, opere e protagonisti di questo prezioso contenitore di memoria, cultura e [&hellip;]\" \/>\n<meta property=\"og:url\" content=\"https:\/\/www.bellunopress.it\/fr\/2026\/04\/17\/i-150-anni-del-museo-civico-di-belluno-una-rassegna-di-incontri-tra-aprile-e-settembre-per-il-grande-anniversario\/\" \/>\n<meta property=\"og:site_name\" content=\"Bellunopress - Dolomiti\" \/>\n<meta property=\"article:publisher\" content=\"https:\/\/www.facebook.com\/profile.php?id=100008943462799\" \/>\n<meta property=\"article:published_time\" content=\"2026-04-17T12:34:23+00:00\" \/>\n<meta property=\"og:image\" content=\"https:\/\/www.bellunopress.it\/wp-content\/uploads\/2020\/03\/museo-Fulcis-facciata-esterna.jpg\" \/>\n\t<meta property=\"og:image:width\" content=\"800\" \/>\n\t<meta property=\"og:image:height\" content=\"772\" \/>\n\t<meta property=\"og:image:type\" content=\"image\/jpeg\" \/>\n<meta name=\"author\" content=\"redazione\" \/>\n<meta name=\"twitter:card\" content=\"summary_large_image\" \/>\n<meta name=\"twitter:creator\" content=\"@bellunopress\" \/>\n<meta name=\"twitter:site\" content=\"@bellunopress\" \/>\n<meta name=\"twitter:label1\" content=\"\u00c9crit par\" \/>\n\t<meta name=\"twitter:data1\" content=\"redazione\" \/>\n\t<meta name=\"twitter:label2\" content=\"Dur\u00e9e de lecture estim\u00e9e\" \/>\n\t<meta name=\"twitter:data2\" content=\"3 minutes\" \/>\n<script type=\"application\/ld+json\" class=\"yoast-schema-graph\">{\"@context\":\"https:\\\/\\\/schema.org\",\"@graph\":[{\"@type\":\"Article\",\"@id\":\"https:\\\/\\\/www.bellunopress.it\\\/2026\\\/04\\\/17\\\/i-150-anni-del-museo-civico-di-belluno-una-rassegna-di-incontri-tra-aprile-e-settembre-per-il-grande-anniversario\\\/#article\",\"isPartOf\":{\"@id\":\"https:\\\/\\\/www.bellunopress.it\\\/2026\\\/04\\\/17\\\/i-150-anni-del-museo-civico-di-belluno-una-rassegna-di-incontri-tra-aprile-e-settembre-per-il-grande-anniversario\\\/\"},\"author\":{\"name\":\"redazione\",\"@id\":\"https:\\\/\\\/www.bellunopress.it\\\/#\\\/schema\\\/person\\\/79bb06722b37ece1c03d3e94beb30d73\"},\"headline\":\"I 150 anni del Museo civico di Belluno: una rassegna di incontri, tra aprile e settembre per il grande anniversario\",\"datePublished\":\"2026-04-17T12:34:23+00:00\",\"mainEntityOfPage\":{\"@id\":\"https:\\\/\\\/www.bellunopress.it\\\/2026\\\/04\\\/17\\\/i-150-anni-del-museo-civico-di-belluno-una-rassegna-di-incontri-tra-aprile-e-settembre-per-il-grande-anniversario\\\/\"},\"wordCount\":653,\"publisher\":{\"@id\":\"https:\\\/\\\/www.bellunopress.it\\\/#organization\"},\"image\":{\"@id\":\"https:\\\/\\\/www.bellunopress.it\\\/2026\\\/04\\\/17\\\/i-150-anni-del-museo-civico-di-belluno-una-rassegna-di-incontri-tra-aprile-e-settembre-per-il-grande-anniversario\\\/#primaryimage\"},\"thumbnailUrl\":\"https:\\\/\\\/www.bellunopress.it\\\/wp-content\\\/uploads\\\/2020\\\/03\\\/museo-Fulcis-facciata-esterna.jpg\",\"articleSection\":[\"Appuntamenti, Eventi\",\"Arte, Cultura, Spettacoli, Scienza\",\"Pausa Caff\u00e8\"],\"inLanguage\":\"fr-FR\"},{\"@type\":\"WebPage\",\"@id\":\"https:\\\/\\\/www.bellunopress.it\\\/2026\\\/04\\\/17\\\/i-150-anni-del-museo-civico-di-belluno-una-rassegna-di-incontri-tra-aprile-e-settembre-per-il-grande-anniversario\\\/\",\"url\":\"https:\\\/\\\/www.bellunopress.it\\\/2026\\\/04\\\/17\\\/i-150-anni-del-museo-civico-di-belluno-una-rassegna-di-incontri-tra-aprile-e-settembre-per-il-grande-anniversario\\\/\",\"name\":\"I 150 anni del Museo civico di Belluno: una rassegna di incontri, tra aprile e settembre per il grande anniversario - Bellunopress - Dolomiti\",\"isPartOf\":{\"@id\":\"https:\\\/\\\/www.bellunopress.it\\\/#website\"},\"primaryImageOfPage\":{\"@id\":\"https:\\\/\\\/www.bellunopress.it\\\/2026\\\/04\\\/17\\\/i-150-anni-del-museo-civico-di-belluno-una-rassegna-di-incontri-tra-aprile-e-settembre-per-il-grande-anniversario\\\/#primaryimage\"},\"image\":{\"@id\":\"https:\\\/\\\/www.bellunopress.it\\\/2026\\\/04\\\/17\\\/i-150-anni-del-museo-civico-di-belluno-una-rassegna-di-incontri-tra-aprile-e-settembre-per-il-grande-anniversario\\\/#primaryimage\"},\"thumbnailUrl\":\"https:\\\/\\\/www.bellunopress.it\\\/wp-content\\\/uploads\\\/2020\\\/03\\\/museo-Fulcis-facciata-esterna.jpg\",\"datePublished\":\"2026-04-17T12:34:23+00:00\",\"breadcrumb\":{\"@id\":\"https:\\\/\\\/www.bellunopress.it\\\/2026\\\/04\\\/17\\\/i-150-anni-del-museo-civico-di-belluno-una-rassegna-di-incontri-tra-aprile-e-settembre-per-il-grande-anniversario\\\/#breadcrumb\"},\"inLanguage\":\"fr-FR\",\"potentialAction\":[{\"@type\":\"ReadAction\",\"target\":[\"https:\\\/\\\/www.bellunopress.it\\\/2026\\\/04\\\/17\\\/i-150-anni-del-museo-civico-di-belluno-una-rassegna-di-incontri-tra-aprile-e-settembre-per-il-grande-anniversario\\\/\"]}]},{\"@type\":\"ImageObject\",\"inLanguage\":\"fr-FR\",\"@id\":\"https:\\\/\\\/www.bellunopress.it\\\/2026\\\/04\\\/17\\\/i-150-anni-del-museo-civico-di-belluno-una-rassegna-di-incontri-tra-aprile-e-settembre-per-il-grande-anniversario\\\/#primaryimage\",\"url\":\"https:\\\/\\\/www.bellunopress.it\\\/wp-content\\\/uploads\\\/2020\\\/03\\\/museo-Fulcis-facciata-esterna.jpg\",\"contentUrl\":\"https:\\\/\\\/www.bellunopress.it\\\/wp-content\\\/uploads\\\/2020\\\/03\\\/museo-Fulcis-facciata-esterna.jpg\",\"width\":800,\"height\":772,\"caption\":\"Museo Fulcis - Belluno\"},{\"@type\":\"BreadcrumbList\",\"@id\":\"https:\\\/\\\/www.bellunopress.it\\\/2026\\\/04\\\/17\\\/i-150-anni-del-museo-civico-di-belluno-una-rassegna-di-incontri-tra-aprile-e-settembre-per-il-grande-anniversario\\\/#breadcrumb\",\"itemListElement\":[{\"@type\":\"ListItem\",\"position\":1,\"name\":\"Home\",\"item\":\"https:\\\/\\\/www.bellunopress.it\\\/\"},{\"@type\":\"ListItem\",\"position\":2,\"name\":\"I 150 anni del Museo civico di Belluno: una rassegna di incontri, tra aprile e settembre per il grande anniversario\"}]},{\"@type\":\"WebSite\",\"@id\":\"https:\\\/\\\/www.bellunopress.it\\\/#website\",\"url\":\"https:\\\/\\\/www.bellunopress.it\\\/\",\"name\":\"Bellunopress - Dolomiti\",\"description\":\"e-mail: redazione@bellunopress.it\",\"publisher\":{\"@id\":\"https:\\\/\\\/www.bellunopress.it\\\/#organization\"},\"potentialAction\":[{\"@type\":\"SearchAction\",\"target\":{\"@type\":\"EntryPoint\",\"urlTemplate\":\"https:\\\/\\\/www.bellunopress.it\\\/?s={search_term_string}\"},\"query-input\":{\"@type\":\"PropertyValueSpecification\",\"valueRequired\":true,\"valueName\":\"search_term_string\"}}],\"inLanguage\":\"fr-FR\"},{\"@type\":\"Organization\",\"@id\":\"https:\\\/\\\/www.bellunopress.it\\\/#organization\",\"name\":\"Bellunopress\",\"url\":\"https:\\\/\\\/www.bellunopress.it\\\/\",\"logo\":{\"@type\":\"ImageObject\",\"inLanguage\":\"fr-FR\",\"@id\":\"https:\\\/\\\/www.bellunopress.it\\\/#\\\/schema\\\/logo\\\/image\\\/\",\"url\":\"https:\\\/\\\/www.bellunopress.it\\\/wp-content\\\/uploads\\\/2011\\\/05\\\/cropped-logo-bellunopress-.jpg\",\"contentUrl\":\"https:\\\/\\\/www.bellunopress.it\\\/wp-content\\\/uploads\\\/2011\\\/05\\\/cropped-logo-bellunopress-.jpg\",\"width\":512,\"height\":512,\"caption\":\"Bellunopress\"},\"image\":{\"@id\":\"https:\\\/\\\/www.bellunopress.it\\\/#\\\/schema\\\/logo\\\/image\\\/\"},\"sameAs\":[\"https:\\\/\\\/www.facebook.com\\\/profile.php?id=100008943462799\",\"https:\\\/\\\/x.com\\\/bellunopress\",\"https:\\\/\\\/www.linkedin.com\\\/hp\\\/?dnr=JBzUWaJfMUw8vbXJJ2tVW5-I3jZKvC4wsoxE&amp;amp;amp;amp;amp;amp;trk=nav_responsive_tab_home\",\"https:\\\/\\\/www.youtube.com\\\/channel\\\/UCxL0wu1uN0_3_7hGG0306cw\"]},{\"@type\":\"Person\",\"@id\":\"https:\\\/\\\/www.bellunopress.it\\\/#\\\/schema\\\/person\\\/79bb06722b37ece1c03d3e94beb30d73\",\"name\":\"redazione\",\"image\":{\"@type\":\"ImageObject\",\"inLanguage\":\"fr-FR\",\"@id\":\"https:\\\/\\\/secure.gravatar.com\\\/avatar\\\/37d968a2e67a6fd04c169c4bdef102d0bc5d31b2546345219e348575eb80e9a0?s=96&d=mm&r=g\",\"url\":\"https:\\\/\\\/secure.gravatar.com\\\/avatar\\\/37d968a2e67a6fd04c169c4bdef102d0bc5d31b2546345219e348575eb80e9a0?s=96&d=mm&r=g\",\"contentUrl\":\"https:\\\/\\\/secure.gravatar.com\\\/avatar\\\/37d968a2e67a6fd04c169c4bdef102d0bc5d31b2546345219e348575eb80e9a0?s=96&d=mm&r=g\",\"caption\":\"redazione\"},\"sameAs\":[\"http:\\\/\\\/www.bellunopress.it\",\"https:\\\/\\\/x.com\\\/bellunopress\"],\"url\":\"https:\\\/\\\/www.bellunopress.it\\\/fr\\\/author\\\/redazione\\\/\"}]}<\/script>\n<!-- \/ Yoast SEO plugin. -->","yoast_head_json":{"title":"I 150 anni del Museo civico di Belluno: una rassegna di incontri, tra aprile e settembre per il grande anniversario - Bellunopress - Dolomiti","robots":{"index":"index","follow":"follow","max-snippet":"max-snippet:-1","max-image-preview":"max-image-preview:large","max-video-preview":"max-video-preview:-1"},"canonical":"https:\/\/www.bellunopress.it\/fr\/2026\/04\/17\/i-150-anni-del-museo-civico-di-belluno-una-rassegna-di-incontri-tra-aprile-e-settembre-per-il-grande-anniversario\/","og_locale":"fr_FR","og_type":"article","og_title":"I 150 anni del Museo civico di Belluno: una rassegna di incontri, tra aprile e settembre per il grande anniversario - Bellunopress - Dolomiti","og_description":"Ricorrono nel 2026 i 150 anni dall\u2019istituzione del Museo Civico di Belluno, allestito nell\u2019antica sede del Palazzo dei Giuristi, ristrutturata in seguito ai danni subiti con il terremoto del 1973. Per l\u2019occasione, una rassegna di incontri festegger\u00e0 il lieto anniversario con approfondimenti su storia, opere e protagonisti di questo prezioso contenitore di memoria, cultura e [&hellip;]","og_url":"https:\/\/www.bellunopress.it\/fr\/2026\/04\/17\/i-150-anni-del-museo-civico-di-belluno-una-rassegna-di-incontri-tra-aprile-e-settembre-per-il-grande-anniversario\/","og_site_name":"Bellunopress - Dolomiti","article_publisher":"https:\/\/www.facebook.com\/profile.php?id=100008943462799","article_published_time":"2026-04-17T12:34:23+00:00","og_image":[{"width":800,"height":772,"url":"https:\/\/www.bellunopress.it\/wp-content\/uploads\/2020\/03\/museo-Fulcis-facciata-esterna.jpg","type":"image\/jpeg"}],"author":"redazione","twitter_card":"summary_large_image","twitter_creator":"@bellunopress","twitter_site":"@bellunopress","twitter_misc":{"\u00c9crit par":"redazione","Dur\u00e9e de lecture estim\u00e9e":"3 minutes"},"schema":{"@context":"https:\/\/schema.org","@graph":[{"@type":"Article","@id":"https:\/\/www.bellunopress.it\/2026\/04\/17\/i-150-anni-del-museo-civico-di-belluno-una-rassegna-di-incontri-tra-aprile-e-settembre-per-il-grande-anniversario\/#article","isPartOf":{"@id":"https:\/\/www.bellunopress.it\/2026\/04\/17\/i-150-anni-del-museo-civico-di-belluno-una-rassegna-di-incontri-tra-aprile-e-settembre-per-il-grande-anniversario\/"},"author":{"name":"redazione","@id":"https:\/\/www.bellunopress.it\/#\/schema\/person\/79bb06722b37ece1c03d3e94beb30d73"},"headline":"I 150 anni del Museo civico di Belluno: una rassegna di incontri, tra aprile e settembre per il grande anniversario","datePublished":"2026-04-17T12:34:23+00:00","mainEntityOfPage":{"@id":"https:\/\/www.bellunopress.it\/2026\/04\/17\/i-150-anni-del-museo-civico-di-belluno-una-rassegna-di-incontri-tra-aprile-e-settembre-per-il-grande-anniversario\/"},"wordCount":653,"publisher":{"@id":"https:\/\/www.bellunopress.it\/#organization"},"image":{"@id":"https:\/\/www.bellunopress.it\/2026\/04\/17\/i-150-anni-del-museo-civico-di-belluno-una-rassegna-di-incontri-tra-aprile-e-settembre-per-il-grande-anniversario\/#primaryimage"},"thumbnailUrl":"https:\/\/www.bellunopress.it\/wp-content\/uploads\/2020\/03\/museo-Fulcis-facciata-esterna.jpg","articleSection":["Appuntamenti, Eventi","Arte, Cultura, Spettacoli, Scienza","Pausa Caff\u00e8"],"inLanguage":"fr-FR"},{"@type":"WebPage","@id":"https:\/\/www.bellunopress.it\/2026\/04\/17\/i-150-anni-del-museo-civico-di-belluno-una-rassegna-di-incontri-tra-aprile-e-settembre-per-il-grande-anniversario\/","url":"https:\/\/www.bellunopress.it\/2026\/04\/17\/i-150-anni-del-museo-civico-di-belluno-una-rassegna-di-incontri-tra-aprile-e-settembre-per-il-grande-anniversario\/","name":"I 150 anni del Museo civico di Belluno: una rassegna di incontri, tra aprile e settembre per il grande anniversario - Bellunopress - Dolomiti","isPartOf":{"@id":"https:\/\/www.bellunopress.it\/#website"},"primaryImageOfPage":{"@id":"https:\/\/www.bellunopress.it\/2026\/04\/17\/i-150-anni-del-museo-civico-di-belluno-una-rassegna-di-incontri-tra-aprile-e-settembre-per-il-grande-anniversario\/#primaryimage"},"image":{"@id":"https:\/\/www.bellunopress.it\/2026\/04\/17\/i-150-anni-del-museo-civico-di-belluno-una-rassegna-di-incontri-tra-aprile-e-settembre-per-il-grande-anniversario\/#primaryimage"},"thumbnailUrl":"https:\/\/www.bellunopress.it\/wp-content\/uploads\/2020\/03\/museo-Fulcis-facciata-esterna.jpg","datePublished":"2026-04-17T12:34:23+00:00","breadcrumb":{"@id":"https:\/\/www.bellunopress.it\/2026\/04\/17\/i-150-anni-del-museo-civico-di-belluno-una-rassegna-di-incontri-tra-aprile-e-settembre-per-il-grande-anniversario\/#breadcrumb"},"inLanguage":"fr-FR","potentialAction":[{"@type":"ReadAction","target":["https:\/\/www.bellunopress.it\/2026\/04\/17\/i-150-anni-del-museo-civico-di-belluno-una-rassegna-di-incontri-tra-aprile-e-settembre-per-il-grande-anniversario\/"]}]},{"@type":"ImageObject","inLanguage":"fr-FR","@id":"https:\/\/www.bellunopress.it\/2026\/04\/17\/i-150-anni-del-museo-civico-di-belluno-una-rassegna-di-incontri-tra-aprile-e-settembre-per-il-grande-anniversario\/#primaryimage","url":"https:\/\/www.bellunopress.it\/wp-content\/uploads\/2020\/03\/museo-Fulcis-facciata-esterna.jpg","contentUrl":"https:\/\/www.bellunopress.it\/wp-content\/uploads\/2020\/03\/museo-Fulcis-facciata-esterna.jpg","width":800,"height":772,"caption":"Museo Fulcis - Belluno"},{"@type":"BreadcrumbList","@id":"https:\/\/www.bellunopress.it\/2026\/04\/17\/i-150-anni-del-museo-civico-di-belluno-una-rassegna-di-incontri-tra-aprile-e-settembre-per-il-grande-anniversario\/#breadcrumb","itemListElement":[{"@type":"ListItem","position":1,"name":"Home","item":"https:\/\/www.bellunopress.it\/"},{"@type":"ListItem","position":2,"name":"I 150 anni del Museo civico di Belluno: una rassegna di incontri, tra aprile e settembre per il grande anniversario"}]},{"@type":"WebSite","@id":"https:\/\/www.bellunopress.it\/#website","url":"https:\/\/www.bellunopress.it\/","name":"Bellunopress - Dolomiti","description":"e-mail: redazione@bellunopress.it","publisher":{"@id":"https:\/\/www.bellunopress.it\/#organization"},"potentialAction":[{"@type":"SearchAction","target":{"@type":"EntryPoint","urlTemplate":"https:\/\/www.bellunopress.it\/?s={search_term_string}"},"query-input":{"@type":"PropertyValueSpecification","valueRequired":true,"valueName":"search_term_string"}}],"inLanguage":"fr-FR"},{"@type":"Organization","@id":"https:\/\/www.bellunopress.it\/#organization","name":"Bellunopress","url":"https:\/\/www.bellunopress.it\/","logo":{"@type":"ImageObject","inLanguage":"fr-FR","@id":"https:\/\/www.bellunopress.it\/#\/schema\/logo\/image\/","url":"https:\/\/www.bellunopress.it\/wp-content\/uploads\/2011\/05\/cropped-logo-bellunopress-.jpg","contentUrl":"https:\/\/www.bellunopress.it\/wp-content\/uploads\/2011\/05\/cropped-logo-bellunopress-.jpg","width":512,"height":512,"caption":"Bellunopress"},"image":{"@id":"https:\/\/www.bellunopress.it\/#\/schema\/logo\/image\/"},"sameAs":["https:\/\/www.facebook.com\/profile.php?id=100008943462799","https:\/\/x.com\/bellunopress","https:\/\/www.linkedin.com\/hp\/?dnr=JBzUWaJfMUw8vbXJJ2tVW5-I3jZKvC4wsoxE&amp;amp;amp;amp;amp;amp;trk=nav_responsive_tab_home","https:\/\/www.youtube.com\/channel\/UCxL0wu1uN0_3_7hGG0306cw"]},{"@type":"Person","@id":"https:\/\/www.bellunopress.it\/#\/schema\/person\/79bb06722b37ece1c03d3e94beb30d73","name":"r\u00e9daction","image":{"@type":"ImageObject","inLanguage":"fr-FR","@id":"https:\/\/secure.gravatar.com\/avatar\/37d968a2e67a6fd04c169c4bdef102d0bc5d31b2546345219e348575eb80e9a0?s=96&d=mm&r=g","url":"https:\/\/secure.gravatar.com\/avatar\/37d968a2e67a6fd04c169c4bdef102d0bc5d31b2546345219e348575eb80e9a0?s=96&d=mm&r=g","contentUrl":"https:\/\/secure.gravatar.com\/avatar\/37d968a2e67a6fd04c169c4bdef102d0bc5d31b2546345219e348575eb80e9a0?s=96&d=mm&r=g","caption":"redazione"},"sameAs":["http:\/\/www.bellunopress.it","https:\/\/x.com\/bellunopress"],"url":"https:\/\/www.bellunopress.it\/fr\/author\/redazione\/"}]}},"_links":{"self":[{"href":"https:\/\/www.bellunopress.it\/fr\/wp-json\/wp\/v2\/posts\/169222","targetHints":{"allow":["GET"]}}],"collection":[{"href":"https:\/\/www.bellunopress.it\/fr\/wp-json\/wp\/v2\/posts"}],"about":[{"href":"https:\/\/www.bellunopress.it\/fr\/wp-json\/wp\/v2\/types\/post"}],"author":[{"embeddable":true,"href":"https:\/\/www.bellunopress.it\/fr\/wp-json\/wp\/v2\/users\/2"}],"replies":[{"embeddable":true,"href":"https:\/\/www.bellunopress.it\/fr\/wp-json\/wp\/v2\/comments?post=169222"}],"version-history":[{"count":1,"href":"https:\/\/www.bellunopress.it\/fr\/wp-json\/wp\/v2\/posts\/169222\/revisions"}],"predecessor-version":[{"id":169224,"href":"https:\/\/www.bellunopress.it\/fr\/wp-json\/wp\/v2\/posts\/169222\/revisions\/169224"}],"wp:featuredmedia":[{"embeddable":true,"href":"https:\/\/www.bellunopress.it\/fr\/wp-json\/wp\/v2\/media\/112879"}],"wp:attachment":[{"href":"https:\/\/www.bellunopress.it\/fr\/wp-json\/wp\/v2\/media?parent=169222"}],"wp:term":[{"taxonomy":"category","embeddable":true,"href":"https:\/\/www.bellunopress.it\/fr\/wp-json\/wp\/v2\/categories?post=169222"},{"taxonomy":"post_tag","embeddable":true,"href":"https:\/\/www.bellunopress.it\/fr\/wp-json\/wp\/v2\/tags?post=169222"}],"curies":[{"name":"wp","href":"https:\/\/api.w.org\/{rel}","templated":true}]}}