{"id":169206,"date":"2026-04-17T09:45:31","date_gmt":"2026-04-17T07:45:31","guid":{"rendered":"https:\/\/www.bellunopress.it\/?p=169206"},"modified":"2026-04-16T22:53:30","modified_gmt":"2026-04-16T20:53:30","slug":"via-feltre-taglio-alberi-e-benessere-degli-animali","status":"publish","type":"post","link":"https:\/\/www.bellunopress.it\/fr\/2026\/04\/17\/via-feltre-taglio-alberi-e-benessere-degli-animali\/","title":{"rendered":"Belluno via Feltre, taglio alberi e benessere degli animali"},"content":{"rendered":"<p>La sistemazione urbanistica di via Feltre, una delle principali arterie della citt\u00e0 di Belluno, sta facendo parlare di s\u00e9, pi\u00f9 in male che in bene.<br \/>\nIl punto focale della discussione sembra essere l&#8217;abbattimento di oltre 100 alberi che<br \/>\nombreggiavano ed abbellivano la via. A dire del sindaco, gli alberi versano in forte sofferenza.<br \/>\nMa davvero si pi\u00f2 credere che tutti stiano soffrendo?<br \/>\nE sulla base di quali dati e studi scientifici?<br \/>\nIl fatto di vivere in un&#8217;area urbana asfaltata non \u00e8 un segnale che la pianta sta male, anzi. Ed il fatto che questi alberi verranno sostituiti non pu\u00f2 e non deve essere ritenuta una compensazione adeguata visto che parliamo di tutt&#8217;altre piante, sotto ogni profilo. E mentre si attender\u00e0 che crescano, perch\u00e9 ragionevolmente non si possono piantare alberi alti 10 metri, verranno a mancare il refrigerio che producevano, la loro compagnia ed il canto degli uccelli che tanta gioia dava ai residenti. Non di meno, tornando alle preoccupazioni del sindaco, come possiamo essere certi che i nuovi alberi non soffriranno? L&#8217;amministrazione pensa davvero che un&#8217;aiuola con qualche sacco di terra possa garantire benessere alle nuove piante?<br \/>\nSono passati pochissimi mesi dallo scorso settembre quando il comune di Belluno ha approvato delle modifiche al regolamento comunale gi\u00e0 esistente dal 2017, modifiche che si potevano anche evitare e che sono sembrate a molti una mossa &#8220;politica\u201d piuttosto che una necessit\u00e0.<br \/>\nVa ricordato che l&#8217;Art. 4 &#8211; Tutela degli animali, recita al comma 1 &#8220;Il Comune promuove e disciplina la tutela degli animali da affezione, condanna gli atti di crudelt\u00e0 contro di essi, i maltrattamenti e il loro abbandono&#8221; e al comma 2 &#8220;Il Comune si adopera altres\u00ec a diffondere e promuovere massimamente le garanzie giuridiche attribuite agli animali dalle leggi dello Stato&#8221;. Non di meno va anche ricordato l&#8217;Art. 9 &#8211; Maltrattamento e mancato benessere di animali che al comma 1 recita &#8220;E&#8217; vietato mettere in atto qualsiasi maltrattamento o comportamento lesivo nei confronti degli animali ed \u00e8 altres\u00ec vietata qualsiasi azione che possa nuocere al benessere degli animali&#8221;.<br \/>\nParadossale, non fosse per la potenziale tragicit\u00e0 della cosa, come solo una stagione dopo,<br \/>\nl&#8217;amministrazione tenda ad andare controcorrente con quanto ha approvato. Cito qui le parole del sindaco De Pellegrin in quel frangente (redazione Bellunopress del 29 settembre 2025):<br \/>\n&#8220;L&#8217;Amministrazione comunale ha sempre posto grande attenzione al tema del benessere animale &#8211; spiega il sindaco, Oscar De Pellegrin \u2013 e con questo aggiornamento diamo ulteriore concretezza a un percorso fatto di sensibilizzazione, tutela e rispetto. Le regole non sono mai fini a s\u00e9 stesse, ma strumenti per favorire una convivenza pi\u00f9 equilibrata tra persone e animali, in un&#8217;ottica di civilt\u00e0 e responsabilit\u00e0 condivisa&#8221;.<br \/>\nOra viene da chiedersi quali studi e indagini siano state fatte riguardo alla presenza di avifauna ma non solo, considerando le moltissime altre specie animali che vivono (vivevano, sigh) sulle piante.<br \/>\nPerch\u00e9 se nulla \u00e8 stato fatto in merito, l&#8217;amministrazione dovrebbe chiaramente prendere<br \/>\nprovvedimenti contro s\u00e9 stessa per le azioni effettuat\u0117. perch\u00e9, seppure sia solamente una<br \/>\nconseguenza, togliere la casa agli animali, significa produrre loro sofferenza, come la vigente normativa dice chiaramente.<br \/>\nNelle interviste rilasciate, il sindaco sembra pi\u00f9 preoccupato per i disagi (inevitabili e comprensibili) che si creeranno alla popolazione umana che per i danni costituiti dagli abbattimenti, agli animali umani e non. Tutto ci\u00f2 \u00e8 decisamente deludente e preoccupante, se si pensa che questa amministrazione ha persino un referente per il benessere animale. Purtroppo, come spesso accade, questo tipo di incarico viene conferito a personale che non ha qualifiche n\u00e9 competenze specifiche. Un vero peccato perch\u00e9 a pagarne le spese sono quegli animali che tante, troppe persone dicono di amare senza nemmeno conoscerne le esigenze.<br \/>\nVia Feltre non sar\u00e0 pi\u00f9 la stessa. Sicuramente sar\u00e0 rinnovata e potr\u00e0, agli occhi dei turisti e di chi non conosce Belluno, apparire come l&#8217;inizio di quella &#8220;citt\u00e0 splendente&#8221; tanto vantata ed auspicata da questa amministrazione ma di certo per chi nella via vive, lavora e passa quotidianamente, sar\u00e0 solamente l&#8217;ombra di quella bellezza che un tempo era.<\/p>\n<p><strong>Cristiano Fant<\/strong><br \/>\n<strong>Operatore Esperto in Etologia Relazionale<\/strong><\/p>","protected":false},"excerpt":{"rendered":"<p>La sistemazione urbanistica di via Feltre, una delle principali arterie della citt\u00e0 di Belluno, sta facendo parlare di s\u00e9, pi\u00f9 in male che in bene. Il punto focale della discussione sembra essere l&#8217;abbattimento di oltre 100 alberi che ombreggiavano ed abbellivano la via. A dire del sindaco, gli alberi versano in forte sofferenza. Ma davvero [&hellip;]<\/p>\n","protected":false},"author":2,"featured_media":123649,"comment_status":"closed","ping_status":"open","sticky":false,"template":"","format":"standard","meta":{"footnotes":""},"categories":[1],"tags":[],"class_list":["post-169206","post","type-post","status-publish","format-standard","has-post-thumbnail","category-leo"],"yoast_head":"<!-- This site is optimized with the Yoast SEO plugin v28.4 - https:\/\/yoast.com\/product\/yoast-seo-wordpress\/ -->\n<title>Belluno via Feltre, taglio alberi e benessere degli animali - Bellunopress - Dolomiti<\/title>\n<meta name=\"robots\" content=\"index, follow, max-snippet:-1, max-image-preview:large, max-video-preview:-1\" \/>\n<link rel=\"canonical\" href=\"https:\/\/www.bellunopress.it\/fr\/2026\/04\/17\/via-feltre-taglio-alberi-e-benessere-degli-animali\/\" \/>\n<meta property=\"og:locale\" content=\"fr_FR\" \/>\n<meta property=\"og:type\" content=\"article\" \/>\n<meta property=\"og:title\" content=\"Belluno via Feltre, taglio alberi e benessere degli animali - Bellunopress - Dolomiti\" \/>\n<meta property=\"og:description\" content=\"La sistemazione urbanistica di via Feltre, una delle principali arterie della citt\u00e0 di Belluno, sta facendo parlare di s\u00e9, pi\u00f9 in male che in bene. Il punto focale della discussione sembra essere l&#8217;abbattimento di oltre 100 alberi che ombreggiavano ed abbellivano la via. A dire del sindaco, gli alberi versano in forte sofferenza. Ma davvero [&hellip;]\" \/>\n<meta property=\"og:url\" content=\"https:\/\/www.bellunopress.it\/fr\/2026\/04\/17\/via-feltre-taglio-alberi-e-benessere-degli-animali\/\" \/>\n<meta property=\"og:site_name\" content=\"Bellunopress - Dolomiti\" \/>\n<meta property=\"article:publisher\" content=\"https:\/\/www.facebook.com\/profile.php?id=100008943462799\" \/>\n<meta property=\"article:published_time\" content=\"2026-04-17T07:45:31+00:00\" \/>\n<meta property=\"og:image\" content=\"https:\/\/www.bellunopress.it\/wp-content\/uploads\/2021\/04\/lettera-mail_edited.jpg\" \/>\n\t<meta property=\"og:image:width\" content=\"962\" \/>\n\t<meta property=\"og:image:height\" content=\"1000\" \/>\n\t<meta property=\"og:image:type\" content=\"image\/jpeg\" \/>\n<meta name=\"author\" content=\"redazione\" \/>\n<meta name=\"twitter:card\" content=\"summary_large_image\" \/>\n<meta name=\"twitter:creator\" content=\"@bellunopress\" \/>\n<meta name=\"twitter:site\" content=\"@bellunopress\" \/>\n<meta name=\"twitter:label1\" content=\"Written by\" \/>\n\t<meta name=\"twitter:data1\" content=\"redazione\" \/>\n\t<meta name=\"twitter:label2\" content=\"Est. reading time\" \/>\n\t<meta name=\"twitter:data2\" content=\"3 minutes\" \/>\n<script type=\"application\/ld+json\" class=\"yoast-schema-graph\">{\"@context\":\"https:\\\/\\\/schema.org\",\"@graph\":[{\"@type\":\"Article\",\"@id\":\"https:\\\/\\\/www.bellunopress.it\\\/2026\\\/04\\\/17\\\/via-feltre-taglio-alberi-e-benessere-degli-animali\\\/#article\",\"isPartOf\":{\"@id\":\"https:\\\/\\\/www.bellunopress.it\\\/2026\\\/04\\\/17\\\/via-feltre-taglio-alberi-e-benessere-degli-animali\\\/\"},\"author\":{\"name\":\"redazione\",\"@id\":\"https:\\\/\\\/www.bellunopress.it\\\/#\\\/schema\\\/person\\\/79bb06722b37ece1c03d3e94beb30d73\"},\"headline\":\"Belluno via Feltre, taglio alberi e benessere degli animali\",\"datePublished\":\"2026-04-17T07:45:31+00:00\",\"mainEntityOfPage\":{\"@id\":\"https:\\\/\\\/www.bellunopress.it\\\/2026\\\/04\\\/17\\\/via-feltre-taglio-alberi-e-benessere-degli-animali\\\/\"},\"wordCount\":681,\"publisher\":{\"@id\":\"https:\\\/\\\/www.bellunopress.it\\\/#organization\"},\"image\":{\"@id\":\"https:\\\/\\\/www.bellunopress.it\\\/2026\\\/04\\\/17\\\/via-feltre-taglio-alberi-e-benessere-degli-animali\\\/#primaryimage\"},\"thumbnailUrl\":\"https:\\\/\\\/www.bellunopress.it\\\/wp-content\\\/uploads\\\/2021\\\/04\\\/lettera-mail_edited.jpg\",\"articleSection\":[\"Lettere Opinioni\"],\"inLanguage\":\"fr-FR\"},{\"@type\":\"WebPage\",\"@id\":\"https:\\\/\\\/www.bellunopress.it\\\/2026\\\/04\\\/17\\\/via-feltre-taglio-alberi-e-benessere-degli-animali\\\/\",\"url\":\"https:\\\/\\\/www.bellunopress.it\\\/2026\\\/04\\\/17\\\/via-feltre-taglio-alberi-e-benessere-degli-animali\\\/\",\"name\":\"Belluno via Feltre, taglio alberi e benessere degli animali - Bellunopress - Dolomiti\",\"isPartOf\":{\"@id\":\"https:\\\/\\\/www.bellunopress.it\\\/#website\"},\"primaryImageOfPage\":{\"@id\":\"https:\\\/\\\/www.bellunopress.it\\\/2026\\\/04\\\/17\\\/via-feltre-taglio-alberi-e-benessere-degli-animali\\\/#primaryimage\"},\"image\":{\"@id\":\"https:\\\/\\\/www.bellunopress.it\\\/2026\\\/04\\\/17\\\/via-feltre-taglio-alberi-e-benessere-degli-animali\\\/#primaryimage\"},\"thumbnailUrl\":\"https:\\\/\\\/www.bellunopress.it\\\/wp-content\\\/uploads\\\/2021\\\/04\\\/lettera-mail_edited.jpg\",\"datePublished\":\"2026-04-17T07:45:31+00:00\",\"breadcrumb\":{\"@id\":\"https:\\\/\\\/www.bellunopress.it\\\/2026\\\/04\\\/17\\\/via-feltre-taglio-alberi-e-benessere-degli-animali\\\/#breadcrumb\"},\"inLanguage\":\"fr-FR\",\"potentialAction\":[{\"@type\":\"ReadAction\",\"target\":[\"https:\\\/\\\/www.bellunopress.it\\\/2026\\\/04\\\/17\\\/via-feltre-taglio-alberi-e-benessere-degli-animali\\\/\"]}]},{\"@type\":\"ImageObject\",\"inLanguage\":\"fr-FR\",\"@id\":\"https:\\\/\\\/www.bellunopress.it\\\/2026\\\/04\\\/17\\\/via-feltre-taglio-alberi-e-benessere-degli-animali\\\/#primaryimage\",\"url\":\"https:\\\/\\\/www.bellunopress.it\\\/wp-content\\\/uploads\\\/2021\\\/04\\\/lettera-mail_edited.jpg\",\"contentUrl\":\"https:\\\/\\\/www.bellunopress.it\\\/wp-content\\\/uploads\\\/2021\\\/04\\\/lettera-mail_edited.jpg\",\"width\":962,\"height\":1000},{\"@type\":\"BreadcrumbList\",\"@id\":\"https:\\\/\\\/www.bellunopress.it\\\/2026\\\/04\\\/17\\\/via-feltre-taglio-alberi-e-benessere-degli-animali\\\/#breadcrumb\",\"itemListElement\":[{\"@type\":\"ListItem\",\"position\":1,\"name\":\"Home\",\"item\":\"https:\\\/\\\/www.bellunopress.it\\\/\"},{\"@type\":\"ListItem\",\"position\":2,\"name\":\"Belluno via Feltre, taglio alberi e benessere degli animali\"}]},{\"@type\":\"WebSite\",\"@id\":\"https:\\\/\\\/www.bellunopress.it\\\/#website\",\"url\":\"https:\\\/\\\/www.bellunopress.it\\\/\",\"name\":\"Bellunopress - Dolomiti\",\"description\":\"e-mail: redazione@bellunopress.it\",\"publisher\":{\"@id\":\"https:\\\/\\\/www.bellunopress.it\\\/#organization\"},\"potentialAction\":[{\"@type\":\"SearchAction\",\"target\":{\"@type\":\"EntryPoint\",\"urlTemplate\":\"https:\\\/\\\/www.bellunopress.it\\\/?s={search_term_string}\"},\"query-input\":{\"@type\":\"PropertyValueSpecification\",\"valueRequired\":true,\"valueName\":\"search_term_string\"}}],\"inLanguage\":\"fr-FR\"},{\"@type\":\"Organization\",\"@id\":\"https:\\\/\\\/www.bellunopress.it\\\/#organization\",\"name\":\"Bellunopress\",\"url\":\"https:\\\/\\\/www.bellunopress.it\\\/\",\"logo\":{\"@type\":\"ImageObject\",\"inLanguage\":\"fr-FR\",\"@id\":\"https:\\\/\\\/www.bellunopress.it\\\/#\\\/schema\\\/logo\\\/image\\\/\",\"url\":\"https:\\\/\\\/www.bellunopress.it\\\/wp-content\\\/uploads\\\/2011\\\/05\\\/cropped-logo-bellunopress-.jpg\",\"contentUrl\":\"https:\\\/\\\/www.bellunopress.it\\\/wp-content\\\/uploads\\\/2011\\\/05\\\/cropped-logo-bellunopress-.jpg\",\"width\":512,\"height\":512,\"caption\":\"Bellunopress\"},\"image\":{\"@id\":\"https:\\\/\\\/www.bellunopress.it\\\/#\\\/schema\\\/logo\\\/image\\\/\"},\"sameAs\":[\"https:\\\/\\\/www.facebook.com\\\/profile.php?id=100008943462799\",\"https:\\\/\\\/x.com\\\/bellunopress\",\"https:\\\/\\\/www.linkedin.com\\\/hp\\\/?dnr=JBzUWaJfMUw8vbXJJ2tVW5-I3jZKvC4wsoxE&amp;amp;amp;amp;amp;amp;trk=nav_responsive_tab_home\",\"https:\\\/\\\/www.youtube.com\\\/channel\\\/UCxL0wu1uN0_3_7hGG0306cw\"]},{\"@type\":\"Person\",\"@id\":\"https:\\\/\\\/www.bellunopress.it\\\/#\\\/schema\\\/person\\\/79bb06722b37ece1c03d3e94beb30d73\",\"name\":\"redazione\",\"image\":{\"@type\":\"ImageObject\",\"inLanguage\":\"fr-FR\",\"@id\":\"https:\\\/\\\/secure.gravatar.com\\\/avatar\\\/37d968a2e67a6fd04c169c4bdef102d0bc5d31b2546345219e348575eb80e9a0?s=96&d=mm&r=g\",\"url\":\"https:\\\/\\\/secure.gravatar.com\\\/avatar\\\/37d968a2e67a6fd04c169c4bdef102d0bc5d31b2546345219e348575eb80e9a0?s=96&d=mm&r=g\",\"contentUrl\":\"https:\\\/\\\/secure.gravatar.com\\\/avatar\\\/37d968a2e67a6fd04c169c4bdef102d0bc5d31b2546345219e348575eb80e9a0?s=96&d=mm&r=g\",\"caption\":\"redazione\"},\"sameAs\":[\"http:\\\/\\\/www.bellunopress.it\",\"https:\\\/\\\/x.com\\\/bellunopress\"],\"url\":\"https:\\\/\\\/www.bellunopress.it\\\/fr\\\/author\\\/redazione\\\/\"}]}<\/script>\n<!-- \/ Yoast SEO plugin. -->","yoast_head_json":{"title":"Belluno via Feltre, taglio alberi e benessere degli animali - Bellunopress - Dolomiti","robots":{"index":"index","follow":"follow","max-snippet":"max-snippet:-1","max-image-preview":"max-image-preview:large","max-video-preview":"max-video-preview:-1"},"canonical":"https:\/\/www.bellunopress.it\/fr\/2026\/04\/17\/via-feltre-taglio-alberi-e-benessere-degli-animali\/","og_locale":"fr_FR","og_type":"article","og_title":"Belluno via Feltre, taglio alberi e benessere degli animali - Bellunopress - Dolomiti","og_description":"La sistemazione urbanistica di via Feltre, una delle principali arterie della citt\u00e0 di Belluno, sta facendo parlare di s\u00e9, pi\u00f9 in male che in bene. Il punto focale della discussione sembra essere l&#8217;abbattimento di oltre 100 alberi che ombreggiavano ed abbellivano la via. A dire del sindaco, gli alberi versano in forte sofferenza. Ma davvero [&hellip;]","og_url":"https:\/\/www.bellunopress.it\/fr\/2026\/04\/17\/via-feltre-taglio-alberi-e-benessere-degli-animali\/","og_site_name":"Bellunopress - Dolomiti","article_publisher":"https:\/\/www.facebook.com\/profile.php?id=100008943462799","article_published_time":"2026-04-17T07:45:31+00:00","og_image":[{"width":962,"height":1000,"url":"https:\/\/www.bellunopress.it\/wp-content\/uploads\/2021\/04\/lettera-mail_edited.jpg","type":"image\/jpeg"}],"author":"redazione","twitter_card":"summary_large_image","twitter_creator":"@bellunopress","twitter_site":"@bellunopress","twitter_misc":{"Written by":"redazione","Est. reading time":"3 minutes"},"schema":{"@context":"https:\/\/schema.org","@graph":[{"@type":"Article","@id":"https:\/\/www.bellunopress.it\/2026\/04\/17\/via-feltre-taglio-alberi-e-benessere-degli-animali\/#article","isPartOf":{"@id":"https:\/\/www.bellunopress.it\/2026\/04\/17\/via-feltre-taglio-alberi-e-benessere-degli-animali\/"},"author":{"name":"redazione","@id":"https:\/\/www.bellunopress.it\/#\/schema\/person\/79bb06722b37ece1c03d3e94beb30d73"},"headline":"Belluno via Feltre, taglio alberi e benessere degli animali","datePublished":"2026-04-17T07:45:31+00:00","mainEntityOfPage":{"@id":"https:\/\/www.bellunopress.it\/2026\/04\/17\/via-feltre-taglio-alberi-e-benessere-degli-animali\/"},"wordCount":681,"publisher":{"@id":"https:\/\/www.bellunopress.it\/#organization"},"image":{"@id":"https:\/\/www.bellunopress.it\/2026\/04\/17\/via-feltre-taglio-alberi-e-benessere-degli-animali\/#primaryimage"},"thumbnailUrl":"https:\/\/www.bellunopress.it\/wp-content\/uploads\/2021\/04\/lettera-mail_edited.jpg","articleSection":["Lettere Opinioni"],"inLanguage":"fr-FR"},{"@type":"WebPage","@id":"https:\/\/www.bellunopress.it\/2026\/04\/17\/via-feltre-taglio-alberi-e-benessere-degli-animali\/","url":"https:\/\/www.bellunopress.it\/2026\/04\/17\/via-feltre-taglio-alberi-e-benessere-degli-animali\/","name":"Belluno via Feltre, taglio alberi e benessere degli animali - Bellunopress - Dolomiti","isPartOf":{"@id":"https:\/\/www.bellunopress.it\/#website"},"primaryImageOfPage":{"@id":"https:\/\/www.bellunopress.it\/2026\/04\/17\/via-feltre-taglio-alberi-e-benessere-degli-animali\/#primaryimage"},"image":{"@id":"https:\/\/www.bellunopress.it\/2026\/04\/17\/via-feltre-taglio-alberi-e-benessere-degli-animali\/#primaryimage"},"thumbnailUrl":"https:\/\/www.bellunopress.it\/wp-content\/uploads\/2021\/04\/lettera-mail_edited.jpg","datePublished":"2026-04-17T07:45:31+00:00","breadcrumb":{"@id":"https:\/\/www.bellunopress.it\/2026\/04\/17\/via-feltre-taglio-alberi-e-benessere-degli-animali\/#breadcrumb"},"inLanguage":"fr-FR","potentialAction":[{"@type":"ReadAction","target":["https:\/\/www.bellunopress.it\/2026\/04\/17\/via-feltre-taglio-alberi-e-benessere-degli-animali\/"]}]},{"@type":"ImageObject","inLanguage":"fr-FR","@id":"https:\/\/www.bellunopress.it\/2026\/04\/17\/via-feltre-taglio-alberi-e-benessere-degli-animali\/#primaryimage","url":"https:\/\/www.bellunopress.it\/wp-content\/uploads\/2021\/04\/lettera-mail_edited.jpg","contentUrl":"https:\/\/www.bellunopress.it\/wp-content\/uploads\/2021\/04\/lettera-mail_edited.jpg","width":962,"height":1000},{"@type":"BreadcrumbList","@id":"https:\/\/www.bellunopress.it\/2026\/04\/17\/via-feltre-taglio-alberi-e-benessere-degli-animali\/#breadcrumb","itemListElement":[{"@type":"ListItem","position":1,"name":"Home","item":"https:\/\/www.bellunopress.it\/"},{"@type":"ListItem","position":2,"name":"Belluno via Feltre, taglio alberi e benessere degli animali"}]},{"@type":"WebSite","@id":"https:\/\/www.bellunopress.it\/#website","url":"https:\/\/www.bellunopress.it\/","name":"Bellunopress - Dolomiti","description":"e-mail: redazione@bellunopress.it","publisher":{"@id":"https:\/\/www.bellunopress.it\/#organization"},"potentialAction":[{"@type":"SearchAction","target":{"@type":"EntryPoint","urlTemplate":"https:\/\/www.bellunopress.it\/?s={search_term_string}"},"query-input":{"@type":"PropertyValueSpecification","valueRequired":true,"valueName":"search_term_string"}}],"inLanguage":"fr-FR"},{"@type":"Organization","@id":"https:\/\/www.bellunopress.it\/#organization","name":"Bellunopress","url":"https:\/\/www.bellunopress.it\/","logo":{"@type":"ImageObject","inLanguage":"fr-FR","@id":"https:\/\/www.bellunopress.it\/#\/schema\/logo\/image\/","url":"https:\/\/www.bellunopress.it\/wp-content\/uploads\/2011\/05\/cropped-logo-bellunopress-.jpg","contentUrl":"https:\/\/www.bellunopress.it\/wp-content\/uploads\/2011\/05\/cropped-logo-bellunopress-.jpg","width":512,"height":512,"caption":"Bellunopress"},"image":{"@id":"https:\/\/www.bellunopress.it\/#\/schema\/logo\/image\/"},"sameAs":["https:\/\/www.facebook.com\/profile.php?id=100008943462799","https:\/\/x.com\/bellunopress","https:\/\/www.linkedin.com\/hp\/?dnr=JBzUWaJfMUw8vbXJJ2tVW5-I3jZKvC4wsoxE&amp;amp;amp;amp;amp;amp;trk=nav_responsive_tab_home","https:\/\/www.youtube.com\/channel\/UCxL0wu1uN0_3_7hGG0306cw"]},{"@type":"Person","@id":"https:\/\/www.bellunopress.it\/#\/schema\/person\/79bb06722b37ece1c03d3e94beb30d73","name":"r\u00e9daction","image":{"@type":"ImageObject","inLanguage":"fr-FR","@id":"https:\/\/secure.gravatar.com\/avatar\/37d968a2e67a6fd04c169c4bdef102d0bc5d31b2546345219e348575eb80e9a0?s=96&d=mm&r=g","url":"https:\/\/secure.gravatar.com\/avatar\/37d968a2e67a6fd04c169c4bdef102d0bc5d31b2546345219e348575eb80e9a0?s=96&d=mm&r=g","contentUrl":"https:\/\/secure.gravatar.com\/avatar\/37d968a2e67a6fd04c169c4bdef102d0bc5d31b2546345219e348575eb80e9a0?s=96&d=mm&r=g","caption":"redazione"},"sameAs":["http:\/\/www.bellunopress.it","https:\/\/x.com\/bellunopress"],"url":"https:\/\/www.bellunopress.it\/fr\/author\/redazione\/"}]}},"_links":{"self":[{"href":"https:\/\/www.bellunopress.it\/fr\/wp-json\/wp\/v2\/posts\/169206","targetHints":{"allow":["GET"]}}],"collection":[{"href":"https:\/\/www.bellunopress.it\/fr\/wp-json\/wp\/v2\/posts"}],"about":[{"href":"https:\/\/www.bellunopress.it\/fr\/wp-json\/wp\/v2\/types\/post"}],"author":[{"embeddable":true,"href":"https:\/\/www.bellunopress.it\/fr\/wp-json\/wp\/v2\/users\/2"}],"replies":[{"embeddable":true,"href":"https:\/\/www.bellunopress.it\/fr\/wp-json\/wp\/v2\/comments?post=169206"}],"version-history":[{"count":2,"href":"https:\/\/www.bellunopress.it\/fr\/wp-json\/wp\/v2\/posts\/169206\/revisions"}],"predecessor-version":[{"id":169208,"href":"https:\/\/www.bellunopress.it\/fr\/wp-json\/wp\/v2\/posts\/169206\/revisions\/169208"}],"wp:featuredmedia":[{"embeddable":true,"href":"https:\/\/www.bellunopress.it\/fr\/wp-json\/wp\/v2\/media\/123649"}],"wp:attachment":[{"href":"https:\/\/www.bellunopress.it\/fr\/wp-json\/wp\/v2\/media?parent=169206"}],"wp:term":[{"taxonomy":"category","embeddable":true,"href":"https:\/\/www.bellunopress.it\/fr\/wp-json\/wp\/v2\/categories?post=169206"},{"taxonomy":"post_tag","embeddable":true,"href":"https:\/\/www.bellunopress.it\/fr\/wp-json\/wp\/v2\/tags?post=169206"}],"curies":[{"name":"wp","href":"https:\/\/api.w.org\/{rel}","templated":true}]}}