{"id":169203,"date":"2026-04-16T22:35:30","date_gmt":"2026-04-16T20:35:30","guid":{"rendered":"https:\/\/www.bellunopress.it\/?p=169203"},"modified":"2026-04-17T14:36:22","modified_gmt":"2026-04-17T12:36:22","slug":"il-bounty-tra-le-crode-la-fronda-dei-vecchi-lupi-contro-il-capitano","status":"publish","type":"post","link":"https:\/\/www.bellunopress.it\/fr\/2026\/04\/16\/il-bounty-tra-le-crode-la-fronda-dei-vecchi-lupi-contro-il-capitano\/","title":{"rendered":"Il Bounty tra le crode: la fronda dei &#8220;Vecchi Lupi&#8221; contro il Capitano"},"content":{"rendered":"<p>Nella storia della marineria, l&#8217;ammutinamento del Bounty non scoppi\u00f2 per un capriccio, ma per una frattura insanabile sulla gestione del comando. Quando diciassette figure di peso dell\u2019Associazione Nazionale Alpini (Ana) \u2013 tra cui ex consiglieri e presidenti \u2013 firmano un manifesto per il cambiamento, non siamo di fronte a una semplice protesta, ma a un ammutinamento dei quadri dirigenti.<\/p>\n<p><strong>Il Capitano e il Consiglio di Ratifica<\/strong><\/p>\n<p>Il fulcro della critica di Roberto Genero e del gruppo &#8220;Alpini per il cambiamento&#8221; verso il presidente Sebastiano Favero ricorda la deriva del capitano Bligh: l&#8217;accusa di aver trasformato la plancia di comando in un luogo di soliloquio.<\/p>\n<p>Quando un Consiglio Direttivo viene ridotto a un &#8220;organo di ratifica&#8221;, la democrazia associativa muore.<\/p>\n<p>La richiesta di limitare a due i mandati del presidente nazionale \u00e8 il tentativo di inserire una &#8220;scialuppa di salvataggio&#8221; democratica, evitando che la guida dell&#8217;associazione diventi un regno vitalizio.<\/p>\n<p>&nbsp;<\/p>\n<p><strong>La rotta contestata: il caso Pemba<\/strong><\/p>\n<p>Come l&#8217;equipaggio del Bounty dubitava delle scelte di rotta di Bligh, cos\u00ec i dissidenti dell&#8217;Ana contestano l&#8217;operazione &#8220;Pemba&#8221; in Mozambico. Non si mette in dubbio il fine caritatevole, ma la trasparenza e la coerenza: una nave che investe risorse in acque lontane senza una chiara condivisione con l&#8217;equipaggio rischia di trovarsi con i magazzini vuoti e il morale a terra.<\/p>\n<p>&nbsp;<\/p>\n<p><strong>Il sacro simbolo: chi ha diritto al &#8220;Cappello&#8221;?<\/strong><\/p>\n<p>Il punto pi\u00f9 identitario del manifesto tocca le corde del sacro: il cappello alpino.<\/p>\n<p>Nell&#8217;ammutinamento del Bounty, la distinzione tra chi aveva &#8220;guadagnato il mare&#8221; e chi era solo un passeggero era netta. Chiedere che la penna nera torni a essere un\u2019esclusiva di chi ha servito nel Corpo \u00e8 un grido di purismo: \u00e8 la volont\u00e0 di proteggere l&#8217;uniforme dall&#8217;annacquamento simbolico, un ritorno alle origini per evitare che l&#8217;associazione diventi un club generico perdendo la sua anima militare.<\/p>\n<p>Orbene, il gruppo &#8220;Alpini per il cambiamento&#8221; non sta cercando di affondare la nave, ma di cambiare il comandante e le regole d&#8217;ingaggio prima che l&#8217;Ana finisca contro gli scogli dell&#8217;irrilevanza o dell&#8217;autocrazia. Resta da vedere se i vertici sapranno ascoltare il &#8220;malcontento delle stive&#8221; o se preferiranno continuare la navigazione ignorando i segnali di tempesta che arrivano proprio dai loro uomini migliori.<\/p>\n<p>(rdn)<\/p>\n<p>&nbsp;<\/p>","protected":false},"excerpt":{"rendered":"<p>Nella storia della marineria, l&#8217;ammutinamento del Bounty non scoppi\u00f2 per un capriccio, ma per una frattura insanabile sulla gestione del comando. Quando diciassette figure di peso dell\u2019Associazione Nazionale Alpini (Ana) \u2013 tra cui ex consiglieri e presidenti \u2013 firmano un manifesto per il cambiamento, non siamo di fronte a una semplice protesta, ma a un [&hellip;]<\/p>\n","protected":false},"author":2,"featured_media":169204,"comment_status":"closed","ping_status":"open","sticky":false,"template":"","format":"standard","meta":{"footnotes":""},"categories":[5,3446,26],"tags":[],"class_list":["post-169203","post","type-post","status-publish","format-standard","has-post-thumbnail","category-cronaca","category-featured","category-prima-pagina"],"yoast_head":"<!-- This site is optimized with the Yoast SEO plugin v28.4 - https:\/\/yoast.com\/product\/yoast-seo-wordpress\/ -->\n<title>Il Bounty tra le crode: la fronda dei &quot;Vecchi Lupi&quot; contro il Capitano - Bellunopress - Dolomiti<\/title>\n<meta name=\"robots\" content=\"index, follow, max-snippet:-1, max-image-preview:large, max-video-preview:-1\" \/>\n<link rel=\"canonical\" href=\"https:\/\/www.bellunopress.it\/fr\/2026\/04\/16\/il-bounty-tra-le-crode-la-fronda-dei-vecchi-lupi-contro-il-capitano\/\" \/>\n<meta property=\"og:locale\" content=\"fr_FR\" \/>\n<meta property=\"og:type\" content=\"article\" \/>\n<meta property=\"og:title\" content=\"Il Bounty tra le crode: la fronda dei &quot;Vecchi Lupi&quot; contro il Capitano - Bellunopress - Dolomiti\" \/>\n<meta property=\"og:description\" content=\"Nella storia della marineria, l&#8217;ammutinamento del Bounty non scoppi\u00f2 per un capriccio, ma per una frattura insanabile sulla gestione del comando. Quando diciassette figure di peso dell\u2019Associazione Nazionale Alpini (Ana) \u2013 tra cui ex consiglieri e presidenti \u2013 firmano un manifesto per il cambiamento, non siamo di fronte a una semplice protesta, ma a un [&hellip;]\" \/>\n<meta property=\"og:url\" content=\"https:\/\/www.bellunopress.it\/fr\/2026\/04\/16\/il-bounty-tra-le-crode-la-fronda-dei-vecchi-lupi-contro-il-capitano\/\" \/>\n<meta property=\"og:site_name\" content=\"Bellunopress - Dolomiti\" \/>\n<meta property=\"article:publisher\" content=\"https:\/\/www.facebook.com\/profile.php?id=100008943462799\" \/>\n<meta property=\"article:published_time\" content=\"2026-04-16T20:35:30+00:00\" \/>\n<meta property=\"article:modified_time\" content=\"2026-04-17T12:36:22+00:00\" \/>\n<meta property=\"og:image\" content=\"https:\/\/www.bellunopress.it\/wp-content\/uploads\/2026\/04\/rob-alpino.jpeg\" \/>\n\t<meta property=\"og:image:width\" content=\"453\" \/>\n\t<meta property=\"og:image:height\" content=\"575\" \/>\n\t<meta property=\"og:image:type\" content=\"image\/jpeg\" \/>\n<meta name=\"author\" content=\"redazione\" \/>\n<meta name=\"twitter:card\" content=\"summary_large_image\" \/>\n<meta name=\"twitter:creator\" content=\"@bellunopress\" \/>\n<meta name=\"twitter:site\" content=\"@bellunopress\" \/>\n<meta name=\"twitter:label1\" content=\"\u00c9crit par\" \/>\n\t<meta name=\"twitter:data1\" content=\"redazione\" \/>\n\t<meta name=\"twitter:label2\" content=\"Dur\u00e9e de lecture estim\u00e9e\" \/>\n\t<meta name=\"twitter:data2\" content=\"2 minutes\" \/>\n<script type=\"application\/ld+json\" class=\"yoast-schema-graph\">{\"@context\":\"https:\\\/\\\/schema.org\",\"@graph\":[{\"@type\":\"Article\",\"@id\":\"https:\\\/\\\/www.bellunopress.it\\\/2026\\\/04\\\/16\\\/il-bounty-tra-le-crode-la-fronda-dei-vecchi-lupi-contro-il-capitano\\\/#article\",\"isPartOf\":{\"@id\":\"https:\\\/\\\/www.bellunopress.it\\\/2026\\\/04\\\/16\\\/il-bounty-tra-le-crode-la-fronda-dei-vecchi-lupi-contro-il-capitano\\\/\"},\"author\":{\"name\":\"redazione\",\"@id\":\"https:\\\/\\\/www.bellunopress.it\\\/#\\\/schema\\\/person\\\/79bb06722b37ece1c03d3e94beb30d73\"},\"headline\":\"Il Bounty tra le crode: la fronda dei &#8220;Vecchi Lupi&#8221; contro il Capitano\",\"datePublished\":\"2026-04-16T20:35:30+00:00\",\"dateModified\":\"2026-04-17T12:36:22+00:00\",\"mainEntityOfPage\":{\"@id\":\"https:\\\/\\\/www.bellunopress.it\\\/2026\\\/04\\\/16\\\/il-bounty-tra-le-crode-la-fronda-dei-vecchi-lupi-contro-il-capitano\\\/\"},\"wordCount\":393,\"publisher\":{\"@id\":\"https:\\\/\\\/www.bellunopress.it\\\/#organization\"},\"image\":{\"@id\":\"https:\\\/\\\/www.bellunopress.it\\\/2026\\\/04\\\/16\\\/il-bounty-tra-le-crode-la-fronda-dei-vecchi-lupi-contro-il-capitano\\\/#primaryimage\"},\"thumbnailUrl\":\"https:\\\/\\\/www.bellunopress.it\\\/wp-content\\\/uploads\\\/2026\\\/04\\\/rob-alpino.jpeg\",\"articleSection\":[\"Cronaca\\\/Politica\",\"Featured\",\"Prima Pagina\"],\"inLanguage\":\"fr-FR\"},{\"@type\":\"WebPage\",\"@id\":\"https:\\\/\\\/www.bellunopress.it\\\/2026\\\/04\\\/16\\\/il-bounty-tra-le-crode-la-fronda-dei-vecchi-lupi-contro-il-capitano\\\/\",\"url\":\"https:\\\/\\\/www.bellunopress.it\\\/2026\\\/04\\\/16\\\/il-bounty-tra-le-crode-la-fronda-dei-vecchi-lupi-contro-il-capitano\\\/\",\"name\":\"Il Bounty tra le crode: la fronda dei \\\"Vecchi Lupi\\\" contro il Capitano - Bellunopress - Dolomiti\",\"isPartOf\":{\"@id\":\"https:\\\/\\\/www.bellunopress.it\\\/#website\"},\"primaryImageOfPage\":{\"@id\":\"https:\\\/\\\/www.bellunopress.it\\\/2026\\\/04\\\/16\\\/il-bounty-tra-le-crode-la-fronda-dei-vecchi-lupi-contro-il-capitano\\\/#primaryimage\"},\"image\":{\"@id\":\"https:\\\/\\\/www.bellunopress.it\\\/2026\\\/04\\\/16\\\/il-bounty-tra-le-crode-la-fronda-dei-vecchi-lupi-contro-il-capitano\\\/#primaryimage\"},\"thumbnailUrl\":\"https:\\\/\\\/www.bellunopress.it\\\/wp-content\\\/uploads\\\/2026\\\/04\\\/rob-alpino.jpeg\",\"datePublished\":\"2026-04-16T20:35:30+00:00\",\"dateModified\":\"2026-04-17T12:36:22+00:00\",\"breadcrumb\":{\"@id\":\"https:\\\/\\\/www.bellunopress.it\\\/2026\\\/04\\\/16\\\/il-bounty-tra-le-crode-la-fronda-dei-vecchi-lupi-contro-il-capitano\\\/#breadcrumb\"},\"inLanguage\":\"fr-FR\",\"potentialAction\":[{\"@type\":\"ReadAction\",\"target\":[\"https:\\\/\\\/www.bellunopress.it\\\/2026\\\/04\\\/16\\\/il-bounty-tra-le-crode-la-fronda-dei-vecchi-lupi-contro-il-capitano\\\/\"]}]},{\"@type\":\"ImageObject\",\"inLanguage\":\"fr-FR\",\"@id\":\"https:\\\/\\\/www.bellunopress.it\\\/2026\\\/04\\\/16\\\/il-bounty-tra-le-crode-la-fronda-dei-vecchi-lupi-contro-il-capitano\\\/#primaryimage\",\"url\":\"https:\\\/\\\/www.bellunopress.it\\\/wp-content\\\/uploads\\\/2026\\\/04\\\/rob-alpino.jpeg\",\"contentUrl\":\"https:\\\/\\\/www.bellunopress.it\\\/wp-content\\\/uploads\\\/2026\\\/04\\\/rob-alpino.jpeg\",\"width\":453,\"height\":575},{\"@type\":\"BreadcrumbList\",\"@id\":\"https:\\\/\\\/www.bellunopress.it\\\/2026\\\/04\\\/16\\\/il-bounty-tra-le-crode-la-fronda-dei-vecchi-lupi-contro-il-capitano\\\/#breadcrumb\",\"itemListElement\":[{\"@type\":\"ListItem\",\"position\":1,\"name\":\"Home\",\"item\":\"https:\\\/\\\/www.bellunopress.it\\\/\"},{\"@type\":\"ListItem\",\"position\":2,\"name\":\"Il Bounty tra le crode: la fronda dei &#8220;Vecchi Lupi&#8221; contro il Capitano\"}]},{\"@type\":\"WebSite\",\"@id\":\"https:\\\/\\\/www.bellunopress.it\\\/#website\",\"url\":\"https:\\\/\\\/www.bellunopress.it\\\/\",\"name\":\"Bellunopress - Dolomiti\",\"description\":\"e-mail: redazione@bellunopress.it\",\"publisher\":{\"@id\":\"https:\\\/\\\/www.bellunopress.it\\\/#organization\"},\"potentialAction\":[{\"@type\":\"SearchAction\",\"target\":{\"@type\":\"EntryPoint\",\"urlTemplate\":\"https:\\\/\\\/www.bellunopress.it\\\/?s={search_term_string}\"},\"query-input\":{\"@type\":\"PropertyValueSpecification\",\"valueRequired\":true,\"valueName\":\"search_term_string\"}}],\"inLanguage\":\"fr-FR\"},{\"@type\":\"Organization\",\"@id\":\"https:\\\/\\\/www.bellunopress.it\\\/#organization\",\"name\":\"Bellunopress\",\"url\":\"https:\\\/\\\/www.bellunopress.it\\\/\",\"logo\":{\"@type\":\"ImageObject\",\"inLanguage\":\"fr-FR\",\"@id\":\"https:\\\/\\\/www.bellunopress.it\\\/#\\\/schema\\\/logo\\\/image\\\/\",\"url\":\"https:\\\/\\\/www.bellunopress.it\\\/wp-content\\\/uploads\\\/2011\\\/05\\\/cropped-logo-bellunopress-.jpg\",\"contentUrl\":\"https:\\\/\\\/www.bellunopress.it\\\/wp-content\\\/uploads\\\/2011\\\/05\\\/cropped-logo-bellunopress-.jpg\",\"width\":512,\"height\":512,\"caption\":\"Bellunopress\"},\"image\":{\"@id\":\"https:\\\/\\\/www.bellunopress.it\\\/#\\\/schema\\\/logo\\\/image\\\/\"},\"sameAs\":[\"https:\\\/\\\/www.facebook.com\\\/profile.php?id=100008943462799\",\"https:\\\/\\\/x.com\\\/bellunopress\",\"https:\\\/\\\/www.linkedin.com\\\/hp\\\/?dnr=JBzUWaJfMUw8vbXJJ2tVW5-I3jZKvC4wsoxE&amp;amp;amp;amp;amp;amp;trk=nav_responsive_tab_home\",\"https:\\\/\\\/www.youtube.com\\\/channel\\\/UCxL0wu1uN0_3_7hGG0306cw\"]},{\"@type\":\"Person\",\"@id\":\"https:\\\/\\\/www.bellunopress.it\\\/#\\\/schema\\\/person\\\/79bb06722b37ece1c03d3e94beb30d73\",\"name\":\"redazione\",\"image\":{\"@type\":\"ImageObject\",\"inLanguage\":\"fr-FR\",\"@id\":\"https:\\\/\\\/secure.gravatar.com\\\/avatar\\\/37d968a2e67a6fd04c169c4bdef102d0bc5d31b2546345219e348575eb80e9a0?s=96&d=mm&r=g\",\"url\":\"https:\\\/\\\/secure.gravatar.com\\\/avatar\\\/37d968a2e67a6fd04c169c4bdef102d0bc5d31b2546345219e348575eb80e9a0?s=96&d=mm&r=g\",\"contentUrl\":\"https:\\\/\\\/secure.gravatar.com\\\/avatar\\\/37d968a2e67a6fd04c169c4bdef102d0bc5d31b2546345219e348575eb80e9a0?s=96&d=mm&r=g\",\"caption\":\"redazione\"},\"sameAs\":[\"http:\\\/\\\/www.bellunopress.it\",\"https:\\\/\\\/x.com\\\/bellunopress\"],\"url\":\"https:\\\/\\\/www.bellunopress.it\\\/fr\\\/author\\\/redazione\\\/\"}]}<\/script>\n<!-- \/ Yoast SEO plugin. -->","yoast_head_json":{"title":"Il Bounty tra le crode: la fronda dei \"Vecchi Lupi\" contro il Capitano - Bellunopress - Dolomiti","robots":{"index":"index","follow":"follow","max-snippet":"max-snippet:-1","max-image-preview":"max-image-preview:large","max-video-preview":"max-video-preview:-1"},"canonical":"https:\/\/www.bellunopress.it\/fr\/2026\/04\/16\/il-bounty-tra-le-crode-la-fronda-dei-vecchi-lupi-contro-il-capitano\/","og_locale":"fr_FR","og_type":"article","og_title":"Il Bounty tra le crode: la fronda dei \"Vecchi Lupi\" contro il Capitano - Bellunopress - Dolomiti","og_description":"Nella storia della marineria, l&#8217;ammutinamento del Bounty non scoppi\u00f2 per un capriccio, ma per una frattura insanabile sulla gestione del comando. Quando diciassette figure di peso dell\u2019Associazione Nazionale Alpini (Ana) \u2013 tra cui ex consiglieri e presidenti \u2013 firmano un manifesto per il cambiamento, non siamo di fronte a una semplice protesta, ma a un [&hellip;]","og_url":"https:\/\/www.bellunopress.it\/fr\/2026\/04\/16\/il-bounty-tra-le-crode-la-fronda-dei-vecchi-lupi-contro-il-capitano\/","og_site_name":"Bellunopress - Dolomiti","article_publisher":"https:\/\/www.facebook.com\/profile.php?id=100008943462799","article_published_time":"2026-04-16T20:35:30+00:00","article_modified_time":"2026-04-17T12:36:22+00:00","og_image":[{"width":453,"height":575,"url":"https:\/\/www.bellunopress.it\/wp-content\/uploads\/2026\/04\/rob-alpino.jpeg","type":"image\/jpeg"}],"author":"redazione","twitter_card":"summary_large_image","twitter_creator":"@bellunopress","twitter_site":"@bellunopress","twitter_misc":{"\u00c9crit par":"redazione","Dur\u00e9e de lecture estim\u00e9e":"2 minutes"},"schema":{"@context":"https:\/\/schema.org","@graph":[{"@type":"Article","@id":"https:\/\/www.bellunopress.it\/2026\/04\/16\/il-bounty-tra-le-crode-la-fronda-dei-vecchi-lupi-contro-il-capitano\/#article","isPartOf":{"@id":"https:\/\/www.bellunopress.it\/2026\/04\/16\/il-bounty-tra-le-crode-la-fronda-dei-vecchi-lupi-contro-il-capitano\/"},"author":{"name":"redazione","@id":"https:\/\/www.bellunopress.it\/#\/schema\/person\/79bb06722b37ece1c03d3e94beb30d73"},"headline":"Il Bounty tra le crode: la fronda dei &#8220;Vecchi Lupi&#8221; contro il Capitano","datePublished":"2026-04-16T20:35:30+00:00","dateModified":"2026-04-17T12:36:22+00:00","mainEntityOfPage":{"@id":"https:\/\/www.bellunopress.it\/2026\/04\/16\/il-bounty-tra-le-crode-la-fronda-dei-vecchi-lupi-contro-il-capitano\/"},"wordCount":393,"publisher":{"@id":"https:\/\/www.bellunopress.it\/#organization"},"image":{"@id":"https:\/\/www.bellunopress.it\/2026\/04\/16\/il-bounty-tra-le-crode-la-fronda-dei-vecchi-lupi-contro-il-capitano\/#primaryimage"},"thumbnailUrl":"https:\/\/www.bellunopress.it\/wp-content\/uploads\/2026\/04\/rob-alpino.jpeg","articleSection":["Cronaca\/Politica","Featured","Prima Pagina"],"inLanguage":"fr-FR"},{"@type":"WebPage","@id":"https:\/\/www.bellunopress.it\/2026\/04\/16\/il-bounty-tra-le-crode-la-fronda-dei-vecchi-lupi-contro-il-capitano\/","url":"https:\/\/www.bellunopress.it\/2026\/04\/16\/il-bounty-tra-le-crode-la-fronda-dei-vecchi-lupi-contro-il-capitano\/","name":"Il Bounty tra le crode: la fronda dei \"Vecchi Lupi\" contro il Capitano - Bellunopress - Dolomiti","isPartOf":{"@id":"https:\/\/www.bellunopress.it\/#website"},"primaryImageOfPage":{"@id":"https:\/\/www.bellunopress.it\/2026\/04\/16\/il-bounty-tra-le-crode-la-fronda-dei-vecchi-lupi-contro-il-capitano\/#primaryimage"},"image":{"@id":"https:\/\/www.bellunopress.it\/2026\/04\/16\/il-bounty-tra-le-crode-la-fronda-dei-vecchi-lupi-contro-il-capitano\/#primaryimage"},"thumbnailUrl":"https:\/\/www.bellunopress.it\/wp-content\/uploads\/2026\/04\/rob-alpino.jpeg","datePublished":"2026-04-16T20:35:30+00:00","dateModified":"2026-04-17T12:36:22+00:00","breadcrumb":{"@id":"https:\/\/www.bellunopress.it\/2026\/04\/16\/il-bounty-tra-le-crode-la-fronda-dei-vecchi-lupi-contro-il-capitano\/#breadcrumb"},"inLanguage":"fr-FR","potentialAction":[{"@type":"ReadAction","target":["https:\/\/www.bellunopress.it\/2026\/04\/16\/il-bounty-tra-le-crode-la-fronda-dei-vecchi-lupi-contro-il-capitano\/"]}]},{"@type":"ImageObject","inLanguage":"fr-FR","@id":"https:\/\/www.bellunopress.it\/2026\/04\/16\/il-bounty-tra-le-crode-la-fronda-dei-vecchi-lupi-contro-il-capitano\/#primaryimage","url":"https:\/\/www.bellunopress.it\/wp-content\/uploads\/2026\/04\/rob-alpino.jpeg","contentUrl":"https:\/\/www.bellunopress.it\/wp-content\/uploads\/2026\/04\/rob-alpino.jpeg","width":453,"height":575},{"@type":"BreadcrumbList","@id":"https:\/\/www.bellunopress.it\/2026\/04\/16\/il-bounty-tra-le-crode-la-fronda-dei-vecchi-lupi-contro-il-capitano\/#breadcrumb","itemListElement":[{"@type":"ListItem","position":1,"name":"Home","item":"https:\/\/www.bellunopress.it\/"},{"@type":"ListItem","position":2,"name":"Il Bounty tra le crode: la fronda dei &#8220;Vecchi Lupi&#8221; contro il Capitano"}]},{"@type":"WebSite","@id":"https:\/\/www.bellunopress.it\/#website","url":"https:\/\/www.bellunopress.it\/","name":"Bellunopress - Dolomiti","description":"e-mail: redazione@bellunopress.it","publisher":{"@id":"https:\/\/www.bellunopress.it\/#organization"},"potentialAction":[{"@type":"SearchAction","target":{"@type":"EntryPoint","urlTemplate":"https:\/\/www.bellunopress.it\/?s={search_term_string}"},"query-input":{"@type":"PropertyValueSpecification","valueRequired":true,"valueName":"search_term_string"}}],"inLanguage":"fr-FR"},{"@type":"Organization","@id":"https:\/\/www.bellunopress.it\/#organization","name":"Bellunopress","url":"https:\/\/www.bellunopress.it\/","logo":{"@type":"ImageObject","inLanguage":"fr-FR","@id":"https:\/\/www.bellunopress.it\/#\/schema\/logo\/image\/","url":"https:\/\/www.bellunopress.it\/wp-content\/uploads\/2011\/05\/cropped-logo-bellunopress-.jpg","contentUrl":"https:\/\/www.bellunopress.it\/wp-content\/uploads\/2011\/05\/cropped-logo-bellunopress-.jpg","width":512,"height":512,"caption":"Bellunopress"},"image":{"@id":"https:\/\/www.bellunopress.it\/#\/schema\/logo\/image\/"},"sameAs":["https:\/\/www.facebook.com\/profile.php?id=100008943462799","https:\/\/x.com\/bellunopress","https:\/\/www.linkedin.com\/hp\/?dnr=JBzUWaJfMUw8vbXJJ2tVW5-I3jZKvC4wsoxE&amp;amp;amp;amp;amp;amp;trk=nav_responsive_tab_home","https:\/\/www.youtube.com\/channel\/UCxL0wu1uN0_3_7hGG0306cw"]},{"@type":"Person","@id":"https:\/\/www.bellunopress.it\/#\/schema\/person\/79bb06722b37ece1c03d3e94beb30d73","name":"r\u00e9daction","image":{"@type":"ImageObject","inLanguage":"fr-FR","@id":"https:\/\/secure.gravatar.com\/avatar\/37d968a2e67a6fd04c169c4bdef102d0bc5d31b2546345219e348575eb80e9a0?s=96&d=mm&r=g","url":"https:\/\/secure.gravatar.com\/avatar\/37d968a2e67a6fd04c169c4bdef102d0bc5d31b2546345219e348575eb80e9a0?s=96&d=mm&r=g","contentUrl":"https:\/\/secure.gravatar.com\/avatar\/37d968a2e67a6fd04c169c4bdef102d0bc5d31b2546345219e348575eb80e9a0?s=96&d=mm&r=g","caption":"redazione"},"sameAs":["http:\/\/www.bellunopress.it","https:\/\/x.com\/bellunopress"],"url":"https:\/\/www.bellunopress.it\/fr\/author\/redazione\/"}]}},"_links":{"self":[{"href":"https:\/\/www.bellunopress.it\/fr\/wp-json\/wp\/v2\/posts\/169203","targetHints":{"allow":["GET"]}}],"collection":[{"href":"https:\/\/www.bellunopress.it\/fr\/wp-json\/wp\/v2\/posts"}],"about":[{"href":"https:\/\/www.bellunopress.it\/fr\/wp-json\/wp\/v2\/types\/post"}],"author":[{"embeddable":true,"href":"https:\/\/www.bellunopress.it\/fr\/wp-json\/wp\/v2\/users\/2"}],"replies":[{"embeddable":true,"href":"https:\/\/www.bellunopress.it\/fr\/wp-json\/wp\/v2\/comments?post=169203"}],"version-history":[{"count":1,"href":"https:\/\/www.bellunopress.it\/fr\/wp-json\/wp\/v2\/posts\/169203\/revisions"}],"predecessor-version":[{"id":169205,"href":"https:\/\/www.bellunopress.it\/fr\/wp-json\/wp\/v2\/posts\/169203\/revisions\/169205"}],"wp:featuredmedia":[{"embeddable":true,"href":"https:\/\/www.bellunopress.it\/fr\/wp-json\/wp\/v2\/media\/169204"}],"wp:attachment":[{"href":"https:\/\/www.bellunopress.it\/fr\/wp-json\/wp\/v2\/media?parent=169203"}],"wp:term":[{"taxonomy":"category","embeddable":true,"href":"https:\/\/www.bellunopress.it\/fr\/wp-json\/wp\/v2\/categories?post=169203"},{"taxonomy":"post_tag","embeddable":true,"href":"https:\/\/www.bellunopress.it\/fr\/wp-json\/wp\/v2\/tags?post=169203"}],"curies":[{"name":"wp","href":"https:\/\/api.w.org\/{rel}","templated":true}]}}