{"id":169199,"date":"2026-04-16T22:22:59","date_gmt":"2026-04-16T20:22:59","guid":{"rendered":"https:\/\/www.bellunopress.it\/?p=169199"},"modified":"2026-04-16T22:22:59","modified_gmt":"2026-04-16T20:22:59","slug":"la-responsabilita-sanitaria-nellepoca-post-pandemica-lultimo-libro-della-criminologa-bellunese-silvia-dariz","status":"publish","type":"post","link":"https:\/\/www.bellunopress.it\/fr\/2026\/04\/16\/la-responsabilita-sanitaria-nellepoca-post-pandemica-lultimo-libro-della-criminologa-bellunese-silvia-dariz\/","title":{"rendered":"La responsabilit\u00e0 sanitaria nell&#8217;epoca post-pandemica. L&#8217;ultimo libro della criminologa bellunese Silvia Dariz"},"content":{"rendered":"<p>La responsabilit\u00e0 sanitaria in Italia, l\u2019evoluzione giuridica, medico-legale e assicurativa con un focus sul quinquennio post-pandemico 2020\u20132025.<\/p>\n<p>Se ne occupa Silvia Dariz nel suo ultimo libro dal titolo &#8220;La responsabilit\u00e0 sanitaria nell&#8217;epoca post-pandemica&#8221;, distribuito su Amazon nei due formati, cartaceo ed elettronico.<\/p>\n<p>&#8220;L\u2019obiettivo \u00e8 quello di valutare l\u2019impatto della crisi sanitaria globale sulla disciplina della responsabilit\u00e0 medica &#8211; precisa l&#8217;autrice &#8211;\u00a0 individuando le aree critiche emerse e le risposte normative e interpretative adottate. La trattazione si sviluppa su sei capitoli, ciascuno dei quali esamina un diverso profilo del problema: dal quadro normativo di riferimento (Legge Gelli-Bianco e decreti emergenziali), ai nuovi orientamenti giurisprudenziali in materia di colpa professionale, passando per l\u2019evoluzione delle coperture assicurative, l\u2019analisi medico-legale delle situazioni di rischio e le prospettive de iure condendo.<br \/>\nL\u2019elaborato &#8211; conclude Silvia Dariz &#8211; si chiude con una proposta integrata per una responsabilit\u00e0 sanitaria equilibrata, sostenibile, rispettosa della dignit\u00e0 del paziente e delle condizioni strutturali in cui opera il personale sanitario&#8221;.<\/p>\n<p>&nbsp;<\/p>\n<figure id=\"attachment_169201\" aria-describedby=\"caption-attachment-169201\" style=\"width: 559px\" class=\"wp-caption aligncenter\"><img loading=\"lazy\" decoding=\"async\" class=\"size-full wp-image-169201\" src=\"https:\/\/www.bellunopress.it\/wp-content\/uploads\/2026\/04\/Silvia-Dariz.jpg\" alt=\"\" width=\"559\" height=\"548\" srcset=\"https:\/\/www.bellunopress.it\/wp-content\/uploads\/2026\/04\/Silvia-Dariz.jpg 559w, https:\/\/www.bellunopress.it\/wp-content\/uploads\/2026\/04\/Silvia-Dariz-500x490.jpg 500w, https:\/\/www.bellunopress.it\/wp-content\/uploads\/2026\/04\/Silvia-Dariz-428x420.jpg 428w, https:\/\/www.bellunopress.it\/wp-content\/uploads\/2026\/04\/Silvia-Dariz-150x147.jpg 150w, https:\/\/www.bellunopress.it\/wp-content\/uploads\/2026\/04\/Silvia-Dariz-300x294.jpg 300w\" sizes=\"auto, (max-width: 559px) 100vw, 559px\" \/><figcaption id=\"caption-attachment-169201\" class=\"wp-caption-text\">Silvia Dariz<\/figcaption><\/figure>\n<p><strong>L&#8217;autrice<\/strong><\/p>\n<p>Silvia Dariz, (Belluno, 1996) \u00e8 una giurista specializzata in scienze forensi e diritto penale dell\u2019economia. Dopo la maturit\u00e0 classica al Liceo &#8220;Tiziano&#8221; di Belluno, si laurea in Giurisprudenza presso l\u2019Alma Mater Studiorum &#8211; Universit\u00e0 di Bologna nel 2021.<\/p>\n<p>La sua formazione \u00e8 segnata da un profondo interesse per l&#8217;intersezione tra diritto e scienza:<\/p>\n<p>Corso di alta formazione in Criminologia ragionata e neurocriminologia emotiva dal 02\/2021 al 09\/2021.<br \/>\nMaster biennale di secondo livello in Criminologia e Scienze Forensi presso la Forensic Science Academy dal 10\/2021 al 31\/03\/2023.<br \/>\nTirocinio nel laboratorio di biologia forense \u201cBio Forensics Research Center\u201d diretto dal Prof. Dott. Eugenio D\u2019Orio.<br \/>\nDiploma della Scuola di Specializzazione per le Professioni Legali (01\/2022-07\/2023) all\u2019Universit\u00e0 \u201cLa Sapienza\u201d di Roma il 13\/07\/2023, con esame finale sul reato di bancarotta fraudolenta.<br \/>\nTirocinio ex art. 37 d.l. n. 98\/2011(03\/2022-03\/2023) presso la Procura Generale della Repubblica presso la Corte d\u2019 Appello di Roma, in particolare nell\u2019 ambito del penale finanziario ed economico.<br \/>\nPubblicazione di un manuale teorico-pratico per operatori del diritto, dal titolo: \u201cLa prova scientifica nel processo penale italiano\u201d, con particolare riferimento ai casi giudiziari dell\u2019omicidio di Meredith Kercher, della strage di Erba e dell\u2019omicidio di Yara Gambirasio in data 09\/04\/2024.<br \/>\nSemestre di pratica pratica forense presso studio legale \u00ab Avv. Alecce\u00bb in Roma (02\/2024-09\/2024) in ambito penalistico( reati contro la P.A., reati tributari, penale commerciale, penale edilizio, reati contro la persona).<br \/>\nConsulente legale in Criminologia e Criminalistica, con riferimento alla prova scientifica del DNA a Belluno (03\/2025-07\/2025)<br \/>\nDocente di Criminologia, Vittimologia e diritto penale, Direttrice di Dipartimento di Criminologia e Vittimologia presso l\u2019Universit\u00e0 Unidolomiti di Belluno, Polo Universitario Scuola Universitaria Mediatori Linguistici San Domenico di Roma, in particolare Docente del Corso di Alta Formazione in Criminologia sull\u2019argomento: \u201cAspetti criminologici e vittimologici delle varie tipologie di omicidio\u201d(01\/2025-07\/2025).<br \/>\nPubblicazione di tre saggi, il primo riguardante le analisi criminologiche e vittimologiche delle varie tipologie di omicidio, il secondo riguardante gli aspetti criminologici di alcuni femminicidi verificatisi nel territorio bellunese, il terzo avente come argomento la responsabilit\u00e0 medica post covid (09\/2025-10\/2025).<br \/>\nLingue<br \/>\nItaliano madrelingua;<br \/>\nInglese B2 ( Certificato C1, presso il CLA dell\u2019Universit\u00e0 di Bologna nel 2017);<br \/>\nTedesco (B1);<br \/>\nFrancese e Spagnolo livello A2<\/p>","protected":false},"excerpt":{"rendered":"<p>La responsabilit\u00e0 sanitaria in Italia, l\u2019evoluzione giuridica, medico-legale e assicurativa con un focus sul quinquennio post-pandemico 2020\u20132025. Se ne occupa Silvia Dariz nel suo ultimo libro dal titolo &#8220;La responsabilit\u00e0 sanitaria nell&#8217;epoca post-pandemica&#8221;, distribuito su Amazon nei due formati, cartaceo ed elettronico. &#8220;L\u2019obiettivo \u00e8 quello di valutare l\u2019impatto della crisi sanitaria globale sulla disciplina della [&hellip;]<\/p>\n","protected":false},"author":2,"featured_media":169200,"comment_status":"closed","ping_status":"open","sticky":false,"template":"","format":"standard","meta":{"footnotes":""},"categories":[3,25],"tags":[],"class_list":["post-169199","post","type-post","status-publish","format-standard","has-post-thumbnail","category-arte-cultura-spettacoli-scienza-archivi","category-pausa-caffe"],"yoast_head":"<!-- This site is optimized with the Yoast SEO plugin v28.4 - https:\/\/yoast.com\/product\/yoast-seo-wordpress\/ -->\n<title>La responsabilit\u00e0 sanitaria nell&#039;epoca post-pandemica. L&#039;ultimo libro della criminologa bellunese Silvia Dariz - Bellunopress - Dolomiti<\/title>\n<meta name=\"robots\" content=\"index, follow, max-snippet:-1, max-image-preview:large, max-video-preview:-1\" \/>\n<link rel=\"canonical\" href=\"https:\/\/www.bellunopress.it\/fr\/2026\/04\/16\/la-responsabilita-sanitaria-nellepoca-post-pandemica-lultimo-libro-della-criminologa-bellunese-silvia-dariz\/\" \/>\n<meta property=\"og:locale\" content=\"fr_FR\" \/>\n<meta property=\"og:type\" content=\"article\" \/>\n<meta property=\"og:title\" content=\"La responsabilit\u00e0 sanitaria nell&#039;epoca post-pandemica. L&#039;ultimo libro della criminologa bellunese Silvia Dariz - Bellunopress - Dolomiti\" \/>\n<meta property=\"og:description\" content=\"La responsabilit\u00e0 sanitaria in Italia, l\u2019evoluzione giuridica, medico-legale e assicurativa con un focus sul quinquennio post-pandemico 2020\u20132025. Se ne occupa Silvia Dariz nel suo ultimo libro dal titolo &#8220;La responsabilit\u00e0 sanitaria nell&#8217;epoca post-pandemica&#8221;, distribuito su Amazon nei due formati, cartaceo ed elettronico. &#8220;L\u2019obiettivo \u00e8 quello di valutare l\u2019impatto della crisi sanitaria globale sulla disciplina della [&hellip;]\" \/>\n<meta property=\"og:url\" content=\"https:\/\/www.bellunopress.it\/fr\/2026\/04\/16\/la-responsabilita-sanitaria-nellepoca-post-pandemica-lultimo-libro-della-criminologa-bellunese-silvia-dariz\/\" \/>\n<meta property=\"og:site_name\" content=\"Bellunopress - Dolomiti\" \/>\n<meta property=\"article:publisher\" content=\"https:\/\/www.facebook.com\/profile.php?id=100008943462799\" \/>\n<meta property=\"article:published_time\" content=\"2026-04-16T20:22:59+00:00\" \/>\n<meta property=\"og:image\" content=\"https:\/\/www.bellunopress.it\/wp-content\/uploads\/2026\/04\/La-responsabilita-sanitaria-Silvia-Da-Riz.jpg\" \/>\n\t<meta property=\"og:image:width\" content=\"443\" \/>\n\t<meta property=\"og:image:height\" content=\"700\" \/>\n\t<meta property=\"og:image:type\" content=\"image\/jpeg\" \/>\n<meta name=\"author\" content=\"redazione\" \/>\n<meta name=\"twitter:card\" content=\"summary_large_image\" \/>\n<meta name=\"twitter:creator\" content=\"@bellunopress\" \/>\n<meta name=\"twitter:site\" content=\"@bellunopress\" \/>\n<meta name=\"twitter:label1\" content=\"\u00c9crit par\" \/>\n\t<meta name=\"twitter:data1\" content=\"redazione\" \/>\n\t<meta name=\"twitter:label2\" content=\"Dur\u00e9e de lecture estim\u00e9e\" \/>\n\t<meta name=\"twitter:data2\" content=\"3 minutes\" \/>\n<script type=\"application\/ld+json\" class=\"yoast-schema-graph\">{\"@context\":\"https:\\\/\\\/schema.org\",\"@graph\":[{\"@type\":\"Article\",\"@id\":\"https:\\\/\\\/www.bellunopress.it\\\/2026\\\/04\\\/16\\\/la-responsabilita-sanitaria-nellepoca-post-pandemica-lultimo-libro-della-criminologa-bellunese-silvia-dariz\\\/#article\",\"isPartOf\":{\"@id\":\"https:\\\/\\\/www.bellunopress.it\\\/2026\\\/04\\\/16\\\/la-responsabilita-sanitaria-nellepoca-post-pandemica-lultimo-libro-della-criminologa-bellunese-silvia-dariz\\\/\"},\"author\":{\"name\":\"redazione\",\"@id\":\"https:\\\/\\\/www.bellunopress.it\\\/#\\\/schema\\\/person\\\/79bb06722b37ece1c03d3e94beb30d73\"},\"headline\":\"La responsabilit\u00e0 sanitaria nell&#8217;epoca post-pandemica. L&#8217;ultimo libro della criminologa bellunese Silvia Dariz\",\"datePublished\":\"2026-04-16T20:22:59+00:00\",\"mainEntityOfPage\":{\"@id\":\"https:\\\/\\\/www.bellunopress.it\\\/2026\\\/04\\\/16\\\/la-responsabilita-sanitaria-nellepoca-post-pandemica-lultimo-libro-della-criminologa-bellunese-silvia-dariz\\\/\"},\"wordCount\":546,\"publisher\":{\"@id\":\"https:\\\/\\\/www.bellunopress.it\\\/#organization\"},\"image\":{\"@id\":\"https:\\\/\\\/www.bellunopress.it\\\/2026\\\/04\\\/16\\\/la-responsabilita-sanitaria-nellepoca-post-pandemica-lultimo-libro-della-criminologa-bellunese-silvia-dariz\\\/#primaryimage\"},\"thumbnailUrl\":\"https:\\\/\\\/www.bellunopress.it\\\/wp-content\\\/uploads\\\/2026\\\/04\\\/La-responsabilita-sanitaria-Silvia-Da-Riz.jpg\",\"articleSection\":[\"Arte, Cultura, Spettacoli, Scienza\",\"Pausa Caff\u00e8\"],\"inLanguage\":\"fr-FR\"},{\"@type\":\"WebPage\",\"@id\":\"https:\\\/\\\/www.bellunopress.it\\\/2026\\\/04\\\/16\\\/la-responsabilita-sanitaria-nellepoca-post-pandemica-lultimo-libro-della-criminologa-bellunese-silvia-dariz\\\/\",\"url\":\"https:\\\/\\\/www.bellunopress.it\\\/2026\\\/04\\\/16\\\/la-responsabilita-sanitaria-nellepoca-post-pandemica-lultimo-libro-della-criminologa-bellunese-silvia-dariz\\\/\",\"name\":\"La responsabilit\u00e0 sanitaria nell'epoca post-pandemica. L'ultimo libro della criminologa bellunese Silvia Dariz - Bellunopress - Dolomiti\",\"isPartOf\":{\"@id\":\"https:\\\/\\\/www.bellunopress.it\\\/#website\"},\"primaryImageOfPage\":{\"@id\":\"https:\\\/\\\/www.bellunopress.it\\\/2026\\\/04\\\/16\\\/la-responsabilita-sanitaria-nellepoca-post-pandemica-lultimo-libro-della-criminologa-bellunese-silvia-dariz\\\/#primaryimage\"},\"image\":{\"@id\":\"https:\\\/\\\/www.bellunopress.it\\\/2026\\\/04\\\/16\\\/la-responsabilita-sanitaria-nellepoca-post-pandemica-lultimo-libro-della-criminologa-bellunese-silvia-dariz\\\/#primaryimage\"},\"thumbnailUrl\":\"https:\\\/\\\/www.bellunopress.it\\\/wp-content\\\/uploads\\\/2026\\\/04\\\/La-responsabilita-sanitaria-Silvia-Da-Riz.jpg\",\"datePublished\":\"2026-04-16T20:22:59+00:00\",\"breadcrumb\":{\"@id\":\"https:\\\/\\\/www.bellunopress.it\\\/2026\\\/04\\\/16\\\/la-responsabilita-sanitaria-nellepoca-post-pandemica-lultimo-libro-della-criminologa-bellunese-silvia-dariz\\\/#breadcrumb\"},\"inLanguage\":\"fr-FR\",\"potentialAction\":[{\"@type\":\"ReadAction\",\"target\":[\"https:\\\/\\\/www.bellunopress.it\\\/2026\\\/04\\\/16\\\/la-responsabilita-sanitaria-nellepoca-post-pandemica-lultimo-libro-della-criminologa-bellunese-silvia-dariz\\\/\"]}]},{\"@type\":\"ImageObject\",\"inLanguage\":\"fr-FR\",\"@id\":\"https:\\\/\\\/www.bellunopress.it\\\/2026\\\/04\\\/16\\\/la-responsabilita-sanitaria-nellepoca-post-pandemica-lultimo-libro-della-criminologa-bellunese-silvia-dariz\\\/#primaryimage\",\"url\":\"https:\\\/\\\/www.bellunopress.it\\\/wp-content\\\/uploads\\\/2026\\\/04\\\/La-responsabilita-sanitaria-Silvia-Da-Riz.jpg\",\"contentUrl\":\"https:\\\/\\\/www.bellunopress.it\\\/wp-content\\\/uploads\\\/2026\\\/04\\\/La-responsabilita-sanitaria-Silvia-Da-Riz.jpg\",\"width\":443,\"height\":700,\"caption\":\"Screenshot\"},{\"@type\":\"BreadcrumbList\",\"@id\":\"https:\\\/\\\/www.bellunopress.it\\\/2026\\\/04\\\/16\\\/la-responsabilita-sanitaria-nellepoca-post-pandemica-lultimo-libro-della-criminologa-bellunese-silvia-dariz\\\/#breadcrumb\",\"itemListElement\":[{\"@type\":\"ListItem\",\"position\":1,\"name\":\"Home\",\"item\":\"https:\\\/\\\/www.bellunopress.it\\\/\"},{\"@type\":\"ListItem\",\"position\":2,\"name\":\"La responsabilit\u00e0 sanitaria nell&#8217;epoca post-pandemica. L&#8217;ultimo libro della criminologa bellunese Silvia Dariz\"}]},{\"@type\":\"WebSite\",\"@id\":\"https:\\\/\\\/www.bellunopress.it\\\/#website\",\"url\":\"https:\\\/\\\/www.bellunopress.it\\\/\",\"name\":\"Bellunopress - Dolomiti\",\"description\":\"e-mail: redazione@bellunopress.it\",\"publisher\":{\"@id\":\"https:\\\/\\\/www.bellunopress.it\\\/#organization\"},\"potentialAction\":[{\"@type\":\"SearchAction\",\"target\":{\"@type\":\"EntryPoint\",\"urlTemplate\":\"https:\\\/\\\/www.bellunopress.it\\\/?s={search_term_string}\"},\"query-input\":{\"@type\":\"PropertyValueSpecification\",\"valueRequired\":true,\"valueName\":\"search_term_string\"}}],\"inLanguage\":\"fr-FR\"},{\"@type\":\"Organization\",\"@id\":\"https:\\\/\\\/www.bellunopress.it\\\/#organization\",\"name\":\"Bellunopress\",\"url\":\"https:\\\/\\\/www.bellunopress.it\\\/\",\"logo\":{\"@type\":\"ImageObject\",\"inLanguage\":\"fr-FR\",\"@id\":\"https:\\\/\\\/www.bellunopress.it\\\/#\\\/schema\\\/logo\\\/image\\\/\",\"url\":\"https:\\\/\\\/www.bellunopress.it\\\/wp-content\\\/uploads\\\/2011\\\/05\\\/cropped-logo-bellunopress-.jpg\",\"contentUrl\":\"https:\\\/\\\/www.bellunopress.it\\\/wp-content\\\/uploads\\\/2011\\\/05\\\/cropped-logo-bellunopress-.jpg\",\"width\":512,\"height\":512,\"caption\":\"Bellunopress\"},\"image\":{\"@id\":\"https:\\\/\\\/www.bellunopress.it\\\/#\\\/schema\\\/logo\\\/image\\\/\"},\"sameAs\":[\"https:\\\/\\\/www.facebook.com\\\/profile.php?id=100008943462799\",\"https:\\\/\\\/x.com\\\/bellunopress\",\"https:\\\/\\\/www.linkedin.com\\\/hp\\\/?dnr=JBzUWaJfMUw8vbXJJ2tVW5-I3jZKvC4wsoxE&amp;amp;amp;amp;amp;amp;trk=nav_responsive_tab_home\",\"https:\\\/\\\/www.youtube.com\\\/channel\\\/UCxL0wu1uN0_3_7hGG0306cw\"]},{\"@type\":\"Person\",\"@id\":\"https:\\\/\\\/www.bellunopress.it\\\/#\\\/schema\\\/person\\\/79bb06722b37ece1c03d3e94beb30d73\",\"name\":\"redazione\",\"image\":{\"@type\":\"ImageObject\",\"inLanguage\":\"fr-FR\",\"@id\":\"https:\\\/\\\/secure.gravatar.com\\\/avatar\\\/37d968a2e67a6fd04c169c4bdef102d0bc5d31b2546345219e348575eb80e9a0?s=96&d=mm&r=g\",\"url\":\"https:\\\/\\\/secure.gravatar.com\\\/avatar\\\/37d968a2e67a6fd04c169c4bdef102d0bc5d31b2546345219e348575eb80e9a0?s=96&d=mm&r=g\",\"contentUrl\":\"https:\\\/\\\/secure.gravatar.com\\\/avatar\\\/37d968a2e67a6fd04c169c4bdef102d0bc5d31b2546345219e348575eb80e9a0?s=96&d=mm&r=g\",\"caption\":\"redazione\"},\"sameAs\":[\"http:\\\/\\\/www.bellunopress.it\",\"https:\\\/\\\/x.com\\\/bellunopress\"],\"url\":\"https:\\\/\\\/www.bellunopress.it\\\/fr\\\/author\\\/redazione\\\/\"}]}<\/script>\n<!-- \/ Yoast SEO plugin. -->","yoast_head_json":{"title":"La responsabilit\u00e0 sanitaria nell'epoca post-pandemica. L'ultimo libro della criminologa bellunese Silvia Dariz - Bellunopress - Dolomiti","robots":{"index":"index","follow":"follow","max-snippet":"max-snippet:-1","max-image-preview":"max-image-preview:large","max-video-preview":"max-video-preview:-1"},"canonical":"https:\/\/www.bellunopress.it\/fr\/2026\/04\/16\/la-responsabilita-sanitaria-nellepoca-post-pandemica-lultimo-libro-della-criminologa-bellunese-silvia-dariz\/","og_locale":"fr_FR","og_type":"article","og_title":"La responsabilit\u00e0 sanitaria nell'epoca post-pandemica. L'ultimo libro della criminologa bellunese Silvia Dariz - Bellunopress - Dolomiti","og_description":"La responsabilit\u00e0 sanitaria in Italia, l\u2019evoluzione giuridica, medico-legale e assicurativa con un focus sul quinquennio post-pandemico 2020\u20132025. Se ne occupa Silvia Dariz nel suo ultimo libro dal titolo &#8220;La responsabilit\u00e0 sanitaria nell&#8217;epoca post-pandemica&#8221;, distribuito su Amazon nei due formati, cartaceo ed elettronico. &#8220;L\u2019obiettivo \u00e8 quello di valutare l\u2019impatto della crisi sanitaria globale sulla disciplina della [&hellip;]","og_url":"https:\/\/www.bellunopress.it\/fr\/2026\/04\/16\/la-responsabilita-sanitaria-nellepoca-post-pandemica-lultimo-libro-della-criminologa-bellunese-silvia-dariz\/","og_site_name":"Bellunopress - Dolomiti","article_publisher":"https:\/\/www.facebook.com\/profile.php?id=100008943462799","article_published_time":"2026-04-16T20:22:59+00:00","og_image":[{"width":443,"height":700,"url":"https:\/\/www.bellunopress.it\/wp-content\/uploads\/2026\/04\/La-responsabilita-sanitaria-Silvia-Da-Riz.jpg","type":"image\/jpeg"}],"author":"redazione","twitter_card":"summary_large_image","twitter_creator":"@bellunopress","twitter_site":"@bellunopress","twitter_misc":{"\u00c9crit par":"redazione","Dur\u00e9e de lecture estim\u00e9e":"3 minutes"},"schema":{"@context":"https:\/\/schema.org","@graph":[{"@type":"Article","@id":"https:\/\/www.bellunopress.it\/2026\/04\/16\/la-responsabilita-sanitaria-nellepoca-post-pandemica-lultimo-libro-della-criminologa-bellunese-silvia-dariz\/#article","isPartOf":{"@id":"https:\/\/www.bellunopress.it\/2026\/04\/16\/la-responsabilita-sanitaria-nellepoca-post-pandemica-lultimo-libro-della-criminologa-bellunese-silvia-dariz\/"},"author":{"name":"redazione","@id":"https:\/\/www.bellunopress.it\/#\/schema\/person\/79bb06722b37ece1c03d3e94beb30d73"},"headline":"La responsabilit\u00e0 sanitaria nell&#8217;epoca post-pandemica. L&#8217;ultimo libro della criminologa bellunese Silvia Dariz","datePublished":"2026-04-16T20:22:59+00:00","mainEntityOfPage":{"@id":"https:\/\/www.bellunopress.it\/2026\/04\/16\/la-responsabilita-sanitaria-nellepoca-post-pandemica-lultimo-libro-della-criminologa-bellunese-silvia-dariz\/"},"wordCount":546,"publisher":{"@id":"https:\/\/www.bellunopress.it\/#organization"},"image":{"@id":"https:\/\/www.bellunopress.it\/2026\/04\/16\/la-responsabilita-sanitaria-nellepoca-post-pandemica-lultimo-libro-della-criminologa-bellunese-silvia-dariz\/#primaryimage"},"thumbnailUrl":"https:\/\/www.bellunopress.it\/wp-content\/uploads\/2026\/04\/La-responsabilita-sanitaria-Silvia-Da-Riz.jpg","articleSection":["Arte, Cultura, Spettacoli, Scienza","Pausa Caff\u00e8"],"inLanguage":"fr-FR"},{"@type":"WebPage","@id":"https:\/\/www.bellunopress.it\/2026\/04\/16\/la-responsabilita-sanitaria-nellepoca-post-pandemica-lultimo-libro-della-criminologa-bellunese-silvia-dariz\/","url":"https:\/\/www.bellunopress.it\/2026\/04\/16\/la-responsabilita-sanitaria-nellepoca-post-pandemica-lultimo-libro-della-criminologa-bellunese-silvia-dariz\/","name":"La responsabilit\u00e0 sanitaria nell'epoca post-pandemica. L'ultimo libro della criminologa bellunese Silvia Dariz - Bellunopress - Dolomiti","isPartOf":{"@id":"https:\/\/www.bellunopress.it\/#website"},"primaryImageOfPage":{"@id":"https:\/\/www.bellunopress.it\/2026\/04\/16\/la-responsabilita-sanitaria-nellepoca-post-pandemica-lultimo-libro-della-criminologa-bellunese-silvia-dariz\/#primaryimage"},"image":{"@id":"https:\/\/www.bellunopress.it\/2026\/04\/16\/la-responsabilita-sanitaria-nellepoca-post-pandemica-lultimo-libro-della-criminologa-bellunese-silvia-dariz\/#primaryimage"},"thumbnailUrl":"https:\/\/www.bellunopress.it\/wp-content\/uploads\/2026\/04\/La-responsabilita-sanitaria-Silvia-Da-Riz.jpg","datePublished":"2026-04-16T20:22:59+00:00","breadcrumb":{"@id":"https:\/\/www.bellunopress.it\/2026\/04\/16\/la-responsabilita-sanitaria-nellepoca-post-pandemica-lultimo-libro-della-criminologa-bellunese-silvia-dariz\/#breadcrumb"},"inLanguage":"fr-FR","potentialAction":[{"@type":"ReadAction","target":["https:\/\/www.bellunopress.it\/2026\/04\/16\/la-responsabilita-sanitaria-nellepoca-post-pandemica-lultimo-libro-della-criminologa-bellunese-silvia-dariz\/"]}]},{"@type":"ImageObject","inLanguage":"fr-FR","@id":"https:\/\/www.bellunopress.it\/2026\/04\/16\/la-responsabilita-sanitaria-nellepoca-post-pandemica-lultimo-libro-della-criminologa-bellunese-silvia-dariz\/#primaryimage","url":"https:\/\/www.bellunopress.it\/wp-content\/uploads\/2026\/04\/La-responsabilita-sanitaria-Silvia-Da-Riz.jpg","contentUrl":"https:\/\/www.bellunopress.it\/wp-content\/uploads\/2026\/04\/La-responsabilita-sanitaria-Silvia-Da-Riz.jpg","width":443,"height":700,"caption":"Screenshot"},{"@type":"BreadcrumbList","@id":"https:\/\/www.bellunopress.it\/2026\/04\/16\/la-responsabilita-sanitaria-nellepoca-post-pandemica-lultimo-libro-della-criminologa-bellunese-silvia-dariz\/#breadcrumb","itemListElement":[{"@type":"ListItem","position":1,"name":"Home","item":"https:\/\/www.bellunopress.it\/"},{"@type":"ListItem","position":2,"name":"La responsabilit\u00e0 sanitaria nell&#8217;epoca post-pandemica. L&#8217;ultimo libro della criminologa bellunese Silvia Dariz"}]},{"@type":"WebSite","@id":"https:\/\/www.bellunopress.it\/#website","url":"https:\/\/www.bellunopress.it\/","name":"Bellunopress - Dolomiti","description":"e-mail: redazione@bellunopress.it","publisher":{"@id":"https:\/\/www.bellunopress.it\/#organization"},"potentialAction":[{"@type":"SearchAction","target":{"@type":"EntryPoint","urlTemplate":"https:\/\/www.bellunopress.it\/?s={search_term_string}"},"query-input":{"@type":"PropertyValueSpecification","valueRequired":true,"valueName":"search_term_string"}}],"inLanguage":"fr-FR"},{"@type":"Organization","@id":"https:\/\/www.bellunopress.it\/#organization","name":"Bellunopress","url":"https:\/\/www.bellunopress.it\/","logo":{"@type":"ImageObject","inLanguage":"fr-FR","@id":"https:\/\/www.bellunopress.it\/#\/schema\/logo\/image\/","url":"https:\/\/www.bellunopress.it\/wp-content\/uploads\/2011\/05\/cropped-logo-bellunopress-.jpg","contentUrl":"https:\/\/www.bellunopress.it\/wp-content\/uploads\/2011\/05\/cropped-logo-bellunopress-.jpg","width":512,"height":512,"caption":"Bellunopress"},"image":{"@id":"https:\/\/www.bellunopress.it\/#\/schema\/logo\/image\/"},"sameAs":["https:\/\/www.facebook.com\/profile.php?id=100008943462799","https:\/\/x.com\/bellunopress","https:\/\/www.linkedin.com\/hp\/?dnr=JBzUWaJfMUw8vbXJJ2tVW5-I3jZKvC4wsoxE&amp;amp;amp;amp;amp;amp;trk=nav_responsive_tab_home","https:\/\/www.youtube.com\/channel\/UCxL0wu1uN0_3_7hGG0306cw"]},{"@type":"Person","@id":"https:\/\/www.bellunopress.it\/#\/schema\/person\/79bb06722b37ece1c03d3e94beb30d73","name":"r\u00e9daction","image":{"@type":"ImageObject","inLanguage":"fr-FR","@id":"https:\/\/secure.gravatar.com\/avatar\/37d968a2e67a6fd04c169c4bdef102d0bc5d31b2546345219e348575eb80e9a0?s=96&d=mm&r=g","url":"https:\/\/secure.gravatar.com\/avatar\/37d968a2e67a6fd04c169c4bdef102d0bc5d31b2546345219e348575eb80e9a0?s=96&d=mm&r=g","contentUrl":"https:\/\/secure.gravatar.com\/avatar\/37d968a2e67a6fd04c169c4bdef102d0bc5d31b2546345219e348575eb80e9a0?s=96&d=mm&r=g","caption":"redazione"},"sameAs":["http:\/\/www.bellunopress.it","https:\/\/x.com\/bellunopress"],"url":"https:\/\/www.bellunopress.it\/fr\/author\/redazione\/"}]}},"_links":{"self":[{"href":"https:\/\/www.bellunopress.it\/fr\/wp-json\/wp\/v2\/posts\/169199","targetHints":{"allow":["GET"]}}],"collection":[{"href":"https:\/\/www.bellunopress.it\/fr\/wp-json\/wp\/v2\/posts"}],"about":[{"href":"https:\/\/www.bellunopress.it\/fr\/wp-json\/wp\/v2\/types\/post"}],"author":[{"embeddable":true,"href":"https:\/\/www.bellunopress.it\/fr\/wp-json\/wp\/v2\/users\/2"}],"replies":[{"embeddable":true,"href":"https:\/\/www.bellunopress.it\/fr\/wp-json\/wp\/v2\/comments?post=169199"}],"version-history":[{"count":1,"href":"https:\/\/www.bellunopress.it\/fr\/wp-json\/wp\/v2\/posts\/169199\/revisions"}],"predecessor-version":[{"id":169202,"href":"https:\/\/www.bellunopress.it\/fr\/wp-json\/wp\/v2\/posts\/169199\/revisions\/169202"}],"wp:featuredmedia":[{"embeddable":true,"href":"https:\/\/www.bellunopress.it\/fr\/wp-json\/wp\/v2\/media\/169200"}],"wp:attachment":[{"href":"https:\/\/www.bellunopress.it\/fr\/wp-json\/wp\/v2\/media?parent=169199"}],"wp:term":[{"taxonomy":"category","embeddable":true,"href":"https:\/\/www.bellunopress.it\/fr\/wp-json\/wp\/v2\/categories?post=169199"},{"taxonomy":"post_tag","embeddable":true,"href":"https:\/\/www.bellunopress.it\/fr\/wp-json\/wp\/v2\/tags?post=169199"}],"curies":[{"name":"wp","href":"https:\/\/api.w.org\/{rel}","templated":true}]}}