{"id":169188,"date":"2026-04-16T15:30:33","date_gmt":"2026-04-16T13:30:33","guid":{"rendered":"https:\/\/www.bellunopress.it\/?p=169188"},"modified":"2026-04-16T15:30:33","modified_gmt":"2026-04-16T13:30:33","slug":"nucleare-tra-tecnologia-e-sicurezza-sabato-a-belluno-un-incontro-per-capire-il-futuro-dellenergia","status":"publish","type":"post","link":"https:\/\/www.bellunopress.it\/fr\/2026\/04\/16\/nucleare-tra-tecnologia-e-sicurezza-sabato-a-belluno-un-incontro-per-capire-il-futuro-dellenergia\/","title":{"rendered":"Nucleare, tra tecnologia e sicurezza: sabato a Belluno un incontro per capire il futuro dell\u2019energia"},"content":{"rendered":"<p>Belluno, 16\/04\/2026 &#8211; Il tema del nucleare torna al centro del dibattito pubblico e approda anche a Belluno, con un incontro aperto alla cittadinanza in programma sabato 18 aprile alle ore 18 all&#8217;Urban Hub di via Ippolito Caffi. Un appuntamento che punta a fare chiarezza su una materia complessa e spesso divisiva, tra innovazione tecnologica, sostenibilit\u00e0 e sicurezza.<\/p>\n<p>L&#8217;iniziativa, promossa dall&#8217;associazione culturale Polis Futura, si intitola &#8220;Energia nucleare: reattori, scorie e sicurezza&#8221; e nasce con l&#8217;obiettivo di offrire un momento di approfondimento serio e accessibile, lontano da slogan e semplificazioni. In un contesto segnato dalla crisi energetica e dalla necessit\u00e0 di accelerare la transizione ecologica, il nucleare \u00e8 infatti tornato al centro dell&#8217;agenda politica ed economica, anche in Italia.<\/p>\n<p>Ad aprire l&#8217;incontro sar\u00e0 Luigi Filippo Daniele, Presidente dell&#8217;associazione, mentre la moderazione \u00e8 affidata a Giacomo Bocchese. Due gli interventi principali: Adriano De Martin, che affronter\u00e0 il tema del nucleare in Italia e delle tecnologie dei reattori, e Lorenzo Barone, che si concentrer\u00e0 in particolare sulla gestione delle scorie e sulle questioni legate alla sicurezza.<\/p>\n<p>L&#8217;obiettivo dichiarato \u00e8 quello di fornire strumenti utili ai cittadini per orientarsi in un dibattito spesso polarizzato. Se da un lato il nucleare viene indicato da alcuni come una possibile risposta alla domanda crescente di energia e alla riduzione delle emissioni, dall&#8217;altro restano aperte questioni rilevanti, dalla gestione dei rifiuti radioattivi ai costi, fino ai rischi percepiti dall&#8217;opinione pubblica.<\/p>\n<p>L&#8217;incontro si inserisce in un percorso pi\u00f9 ampio di iniziative culturali promosse sul territorio, con l&#8217;intento di stimolare partecipazione e confronto informato. Non un convegno tecnico per addetti ai lavori, ma un&#8217;occasione di dialogo rivolta a tutti, in particolare ai giovani, chiamati a confrontarsi con le grandi sfide del futuro.<\/p>\n<p>In un momento in cui il tema energetico incrocia inevitabilmente quello dell&#8217;autonomia e della sostenibilit\u00e0 dei territori, anche realt\u00e0 locali come Belluno sono chiamate a interrogarsi. E il ritorno del nucleare nel dibattito nazionale rende appuntamenti come questo sempre pi\u00f9 attuali.<\/p>","protected":false},"excerpt":{"rendered":"<p>Belluno, 16\/04\/2026 &#8211; Il tema del nucleare torna al centro del dibattito pubblico e approda anche a Belluno, con un incontro aperto alla cittadinanza in programma sabato 18 aprile alle ore 18 all&#8217;Urban Hub di via Ippolito Caffi. Un appuntamento che punta a fare chiarezza su una materia complessa e spesso divisiva, tra innovazione tecnologica, [&hellip;]<\/p>\n","protected":false},"author":2,"featured_media":144990,"comment_status":"closed","ping_status":"open","sticky":false,"template":"","format":"standard","meta":{"footnotes":""},"categories":[27,25],"tags":[],"class_list":["post-169188","post","type-post","status-publish","format-standard","has-post-thumbnail","category-appuntamenti","category-pausa-caffe"],"yoast_head":"<!-- This site is optimized with the Yoast SEO plugin v28.4 - https:\/\/yoast.com\/product\/yoast-seo-wordpress\/ -->\n<title>Nucleare, tra tecnologia e sicurezza: sabato a Belluno un incontro per capire il futuro dell\u2019energia - Bellunopress - Dolomiti<\/title>\n<meta name=\"robots\" content=\"index, follow, max-snippet:-1, max-image-preview:large, max-video-preview:-1\" \/>\n<link rel=\"canonical\" href=\"https:\/\/www.bellunopress.it\/fr\/2026\/04\/16\/nucleare-tra-tecnologia-e-sicurezza-sabato-a-belluno-un-incontro-per-capire-il-futuro-dellenergia\/\" \/>\n<meta property=\"og:locale\" content=\"fr_FR\" \/>\n<meta property=\"og:type\" content=\"article\" \/>\n<meta property=\"og:title\" content=\"Nucleare, tra tecnologia e sicurezza: sabato a Belluno un incontro per capire il futuro dell\u2019energia - Bellunopress - Dolomiti\" \/>\n<meta property=\"og:description\" content=\"Belluno, 16\/04\/2026 &#8211; Il tema del nucleare torna al centro del dibattito pubblico e approda anche a Belluno, con un incontro aperto alla cittadinanza in programma sabato 18 aprile alle ore 18 all&#8217;Urban Hub di via Ippolito Caffi. Un appuntamento che punta a fare chiarezza su una materia complessa e spesso divisiva, tra innovazione tecnologica, [&hellip;]\" \/>\n<meta property=\"og:url\" content=\"https:\/\/www.bellunopress.it\/fr\/2026\/04\/16\/nucleare-tra-tecnologia-e-sicurezza-sabato-a-belluno-un-incontro-per-capire-il-futuro-dellenergia\/\" \/>\n<meta property=\"og:site_name\" content=\"Bellunopress - Dolomiti\" \/>\n<meta property=\"article:publisher\" content=\"https:\/\/www.facebook.com\/profile.php?id=100008943462799\" \/>\n<meta property=\"article:published_time\" content=\"2026-04-16T13:30:33+00:00\" \/>\n<meta property=\"og:image\" content=\"https:\/\/www.bellunopress.it\/wp-content\/uploads\/2023\/10\/presentazione-Trabucco-hurban-hub.jpg\" \/>\n\t<meta property=\"og:image:width\" content=\"1000\" \/>\n\t<meta property=\"og:image:height\" content=\"576\" \/>\n\t<meta property=\"og:image:type\" content=\"image\/jpeg\" \/>\n<meta name=\"author\" content=\"redazione\" \/>\n<meta name=\"twitter:card\" content=\"summary_large_image\" \/>\n<meta name=\"twitter:creator\" content=\"@bellunopress\" \/>\n<meta name=\"twitter:site\" content=\"@bellunopress\" \/>\n<meta name=\"twitter:label1\" content=\"\u00c9crit par\" \/>\n\t<meta name=\"twitter:data1\" content=\"redazione\" \/>\n\t<meta name=\"twitter:label2\" content=\"Dur\u00e9e de lecture estim\u00e9e\" \/>\n\t<meta name=\"twitter:data2\" content=\"2 minutes\" \/>\n<script type=\"application\/ld+json\" class=\"yoast-schema-graph\">{\"@context\":\"https:\\\/\\\/schema.org\",\"@graph\":[{\"@type\":\"Article\",\"@id\":\"https:\\\/\\\/www.bellunopress.it\\\/2026\\\/04\\\/16\\\/nucleare-tra-tecnologia-e-sicurezza-sabato-a-belluno-un-incontro-per-capire-il-futuro-dellenergia\\\/#article\",\"isPartOf\":{\"@id\":\"https:\\\/\\\/www.bellunopress.it\\\/2026\\\/04\\\/16\\\/nucleare-tra-tecnologia-e-sicurezza-sabato-a-belluno-un-incontro-per-capire-il-futuro-dellenergia\\\/\"},\"author\":{\"name\":\"redazione\",\"@id\":\"https:\\\/\\\/www.bellunopress.it\\\/#\\\/schema\\\/person\\\/79bb06722b37ece1c03d3e94beb30d73\"},\"headline\":\"Nucleare, tra tecnologia e sicurezza: sabato a Belluno un incontro per capire il futuro dell\u2019energia\",\"datePublished\":\"2026-04-16T13:30:33+00:00\",\"mainEntityOfPage\":{\"@id\":\"https:\\\/\\\/www.bellunopress.it\\\/2026\\\/04\\\/16\\\/nucleare-tra-tecnologia-e-sicurezza-sabato-a-belluno-un-incontro-per-capire-il-futuro-dellenergia\\\/\"},\"wordCount\":348,\"publisher\":{\"@id\":\"https:\\\/\\\/www.bellunopress.it\\\/#organization\"},\"image\":{\"@id\":\"https:\\\/\\\/www.bellunopress.it\\\/2026\\\/04\\\/16\\\/nucleare-tra-tecnologia-e-sicurezza-sabato-a-belluno-un-incontro-per-capire-il-futuro-dellenergia\\\/#primaryimage\"},\"thumbnailUrl\":\"https:\\\/\\\/www.bellunopress.it\\\/wp-content\\\/uploads\\\/2023\\\/10\\\/presentazione-Trabucco-hurban-hub.jpg\",\"articleSection\":[\"Appuntamenti, Eventi\",\"Pausa Caff\u00e8\"],\"inLanguage\":\"fr-FR\"},{\"@type\":\"WebPage\",\"@id\":\"https:\\\/\\\/www.bellunopress.it\\\/2026\\\/04\\\/16\\\/nucleare-tra-tecnologia-e-sicurezza-sabato-a-belluno-un-incontro-per-capire-il-futuro-dellenergia\\\/\",\"url\":\"https:\\\/\\\/www.bellunopress.it\\\/2026\\\/04\\\/16\\\/nucleare-tra-tecnologia-e-sicurezza-sabato-a-belluno-un-incontro-per-capire-il-futuro-dellenergia\\\/\",\"name\":\"Nucleare, tra tecnologia e sicurezza: sabato a Belluno un incontro per capire il futuro dell\u2019energia - Bellunopress - Dolomiti\",\"isPartOf\":{\"@id\":\"https:\\\/\\\/www.bellunopress.it\\\/#website\"},\"primaryImageOfPage\":{\"@id\":\"https:\\\/\\\/www.bellunopress.it\\\/2026\\\/04\\\/16\\\/nucleare-tra-tecnologia-e-sicurezza-sabato-a-belluno-un-incontro-per-capire-il-futuro-dellenergia\\\/#primaryimage\"},\"image\":{\"@id\":\"https:\\\/\\\/www.bellunopress.it\\\/2026\\\/04\\\/16\\\/nucleare-tra-tecnologia-e-sicurezza-sabato-a-belluno-un-incontro-per-capire-il-futuro-dellenergia\\\/#primaryimage\"},\"thumbnailUrl\":\"https:\\\/\\\/www.bellunopress.it\\\/wp-content\\\/uploads\\\/2023\\\/10\\\/presentazione-Trabucco-hurban-hub.jpg\",\"datePublished\":\"2026-04-16T13:30:33+00:00\",\"breadcrumb\":{\"@id\":\"https:\\\/\\\/www.bellunopress.it\\\/2026\\\/04\\\/16\\\/nucleare-tra-tecnologia-e-sicurezza-sabato-a-belluno-un-incontro-per-capire-il-futuro-dellenergia\\\/#breadcrumb\"},\"inLanguage\":\"fr-FR\",\"potentialAction\":[{\"@type\":\"ReadAction\",\"target\":[\"https:\\\/\\\/www.bellunopress.it\\\/2026\\\/04\\\/16\\\/nucleare-tra-tecnologia-e-sicurezza-sabato-a-belluno-un-incontro-per-capire-il-futuro-dellenergia\\\/\"]}]},{\"@type\":\"ImageObject\",\"inLanguage\":\"fr-FR\",\"@id\":\"https:\\\/\\\/www.bellunopress.it\\\/2026\\\/04\\\/16\\\/nucleare-tra-tecnologia-e-sicurezza-sabato-a-belluno-un-incontro-per-capire-il-futuro-dellenergia\\\/#primaryimage\",\"url\":\"https:\\\/\\\/www.bellunopress.it\\\/wp-content\\\/uploads\\\/2023\\\/10\\\/presentazione-Trabucco-hurban-hub.jpg\",\"contentUrl\":\"https:\\\/\\\/www.bellunopress.it\\\/wp-content\\\/uploads\\\/2023\\\/10\\\/presentazione-Trabucco-hurban-hub.jpg\",\"width\":1000,\"height\":576,\"caption\":\"Hurban Hub (foto di repertorio)\"},{\"@type\":\"BreadcrumbList\",\"@id\":\"https:\\\/\\\/www.bellunopress.it\\\/2026\\\/04\\\/16\\\/nucleare-tra-tecnologia-e-sicurezza-sabato-a-belluno-un-incontro-per-capire-il-futuro-dellenergia\\\/#breadcrumb\",\"itemListElement\":[{\"@type\":\"ListItem\",\"position\":1,\"name\":\"Home\",\"item\":\"https:\\\/\\\/www.bellunopress.it\\\/\"},{\"@type\":\"ListItem\",\"position\":2,\"name\":\"Nucleare, tra tecnologia e sicurezza: sabato a Belluno un incontro per capire il futuro dell\u2019energia\"}]},{\"@type\":\"WebSite\",\"@id\":\"https:\\\/\\\/www.bellunopress.it\\\/#website\",\"url\":\"https:\\\/\\\/www.bellunopress.it\\\/\",\"name\":\"Bellunopress - Dolomiti\",\"description\":\"e-mail: redazione@bellunopress.it\",\"publisher\":{\"@id\":\"https:\\\/\\\/www.bellunopress.it\\\/#organization\"},\"potentialAction\":[{\"@type\":\"SearchAction\",\"target\":{\"@type\":\"EntryPoint\",\"urlTemplate\":\"https:\\\/\\\/www.bellunopress.it\\\/?s={search_term_string}\"},\"query-input\":{\"@type\":\"PropertyValueSpecification\",\"valueRequired\":true,\"valueName\":\"search_term_string\"}}],\"inLanguage\":\"fr-FR\"},{\"@type\":\"Organization\",\"@id\":\"https:\\\/\\\/www.bellunopress.it\\\/#organization\",\"name\":\"Bellunopress\",\"url\":\"https:\\\/\\\/www.bellunopress.it\\\/\",\"logo\":{\"@type\":\"ImageObject\",\"inLanguage\":\"fr-FR\",\"@id\":\"https:\\\/\\\/www.bellunopress.it\\\/#\\\/schema\\\/logo\\\/image\\\/\",\"url\":\"https:\\\/\\\/www.bellunopress.it\\\/wp-content\\\/uploads\\\/2011\\\/05\\\/cropped-logo-bellunopress-.jpg\",\"contentUrl\":\"https:\\\/\\\/www.bellunopress.it\\\/wp-content\\\/uploads\\\/2011\\\/05\\\/cropped-logo-bellunopress-.jpg\",\"width\":512,\"height\":512,\"caption\":\"Bellunopress\"},\"image\":{\"@id\":\"https:\\\/\\\/www.bellunopress.it\\\/#\\\/schema\\\/logo\\\/image\\\/\"},\"sameAs\":[\"https:\\\/\\\/www.facebook.com\\\/profile.php?id=100008943462799\",\"https:\\\/\\\/x.com\\\/bellunopress\",\"https:\\\/\\\/www.linkedin.com\\\/hp\\\/?dnr=JBzUWaJfMUw8vbXJJ2tVW5-I3jZKvC4wsoxE&amp;amp;amp;amp;amp;amp;trk=nav_responsive_tab_home\",\"https:\\\/\\\/www.youtube.com\\\/channel\\\/UCxL0wu1uN0_3_7hGG0306cw\"]},{\"@type\":\"Person\",\"@id\":\"https:\\\/\\\/www.bellunopress.it\\\/#\\\/schema\\\/person\\\/79bb06722b37ece1c03d3e94beb30d73\",\"name\":\"redazione\",\"image\":{\"@type\":\"ImageObject\",\"inLanguage\":\"fr-FR\",\"@id\":\"https:\\\/\\\/secure.gravatar.com\\\/avatar\\\/37d968a2e67a6fd04c169c4bdef102d0bc5d31b2546345219e348575eb80e9a0?s=96&d=mm&r=g\",\"url\":\"https:\\\/\\\/secure.gravatar.com\\\/avatar\\\/37d968a2e67a6fd04c169c4bdef102d0bc5d31b2546345219e348575eb80e9a0?s=96&d=mm&r=g\",\"contentUrl\":\"https:\\\/\\\/secure.gravatar.com\\\/avatar\\\/37d968a2e67a6fd04c169c4bdef102d0bc5d31b2546345219e348575eb80e9a0?s=96&d=mm&r=g\",\"caption\":\"redazione\"},\"sameAs\":[\"http:\\\/\\\/www.bellunopress.it\",\"https:\\\/\\\/x.com\\\/bellunopress\"],\"url\":\"https:\\\/\\\/www.bellunopress.it\\\/fr\\\/author\\\/redazione\\\/\"}]}<\/script>\n<!-- \/ Yoast SEO plugin. -->","yoast_head_json":{"title":"Nucleare, tra tecnologia e sicurezza: sabato a Belluno un incontro per capire il futuro dell\u2019energia - Bellunopress - Dolomiti","robots":{"index":"index","follow":"follow","max-snippet":"max-snippet:-1","max-image-preview":"max-image-preview:large","max-video-preview":"max-video-preview:-1"},"canonical":"https:\/\/www.bellunopress.it\/fr\/2026\/04\/16\/nucleare-tra-tecnologia-e-sicurezza-sabato-a-belluno-un-incontro-per-capire-il-futuro-dellenergia\/","og_locale":"fr_FR","og_type":"article","og_title":"Nucleare, tra tecnologia e sicurezza: sabato a Belluno un incontro per capire il futuro dell\u2019energia - Bellunopress - Dolomiti","og_description":"Belluno, 16\/04\/2026 &#8211; Il tema del nucleare torna al centro del dibattito pubblico e approda anche a Belluno, con un incontro aperto alla cittadinanza in programma sabato 18 aprile alle ore 18 all&#8217;Urban Hub di via Ippolito Caffi. Un appuntamento che punta a fare chiarezza su una materia complessa e spesso divisiva, tra innovazione tecnologica, [&hellip;]","og_url":"https:\/\/www.bellunopress.it\/fr\/2026\/04\/16\/nucleare-tra-tecnologia-e-sicurezza-sabato-a-belluno-un-incontro-per-capire-il-futuro-dellenergia\/","og_site_name":"Bellunopress - Dolomiti","article_publisher":"https:\/\/www.facebook.com\/profile.php?id=100008943462799","article_published_time":"2026-04-16T13:30:33+00:00","og_image":[{"width":1000,"height":576,"url":"https:\/\/www.bellunopress.it\/wp-content\/uploads\/2023\/10\/presentazione-Trabucco-hurban-hub.jpg","type":"image\/jpeg"}],"author":"redazione","twitter_card":"summary_large_image","twitter_creator":"@bellunopress","twitter_site":"@bellunopress","twitter_misc":{"\u00c9crit par":"redazione","Dur\u00e9e de lecture estim\u00e9e":"2 minutes"},"schema":{"@context":"https:\/\/schema.org","@graph":[{"@type":"Article","@id":"https:\/\/www.bellunopress.it\/2026\/04\/16\/nucleare-tra-tecnologia-e-sicurezza-sabato-a-belluno-un-incontro-per-capire-il-futuro-dellenergia\/#article","isPartOf":{"@id":"https:\/\/www.bellunopress.it\/2026\/04\/16\/nucleare-tra-tecnologia-e-sicurezza-sabato-a-belluno-un-incontro-per-capire-il-futuro-dellenergia\/"},"author":{"name":"redazione","@id":"https:\/\/www.bellunopress.it\/#\/schema\/person\/79bb06722b37ece1c03d3e94beb30d73"},"headline":"Nucleare, tra tecnologia e sicurezza: sabato a Belluno un incontro per capire il futuro dell\u2019energia","datePublished":"2026-04-16T13:30:33+00:00","mainEntityOfPage":{"@id":"https:\/\/www.bellunopress.it\/2026\/04\/16\/nucleare-tra-tecnologia-e-sicurezza-sabato-a-belluno-un-incontro-per-capire-il-futuro-dellenergia\/"},"wordCount":348,"publisher":{"@id":"https:\/\/www.bellunopress.it\/#organization"},"image":{"@id":"https:\/\/www.bellunopress.it\/2026\/04\/16\/nucleare-tra-tecnologia-e-sicurezza-sabato-a-belluno-un-incontro-per-capire-il-futuro-dellenergia\/#primaryimage"},"thumbnailUrl":"https:\/\/www.bellunopress.it\/wp-content\/uploads\/2023\/10\/presentazione-Trabucco-hurban-hub.jpg","articleSection":["Appuntamenti, Eventi","Pausa Caff\u00e8"],"inLanguage":"fr-FR"},{"@type":"WebPage","@id":"https:\/\/www.bellunopress.it\/2026\/04\/16\/nucleare-tra-tecnologia-e-sicurezza-sabato-a-belluno-un-incontro-per-capire-il-futuro-dellenergia\/","url":"https:\/\/www.bellunopress.it\/2026\/04\/16\/nucleare-tra-tecnologia-e-sicurezza-sabato-a-belluno-un-incontro-per-capire-il-futuro-dellenergia\/","name":"Nucleare, tra tecnologia e sicurezza: sabato a Belluno un incontro per capire il futuro dell\u2019energia - Bellunopress - Dolomiti","isPartOf":{"@id":"https:\/\/www.bellunopress.it\/#website"},"primaryImageOfPage":{"@id":"https:\/\/www.bellunopress.it\/2026\/04\/16\/nucleare-tra-tecnologia-e-sicurezza-sabato-a-belluno-un-incontro-per-capire-il-futuro-dellenergia\/#primaryimage"},"image":{"@id":"https:\/\/www.bellunopress.it\/2026\/04\/16\/nucleare-tra-tecnologia-e-sicurezza-sabato-a-belluno-un-incontro-per-capire-il-futuro-dellenergia\/#primaryimage"},"thumbnailUrl":"https:\/\/www.bellunopress.it\/wp-content\/uploads\/2023\/10\/presentazione-Trabucco-hurban-hub.jpg","datePublished":"2026-04-16T13:30:33+00:00","breadcrumb":{"@id":"https:\/\/www.bellunopress.it\/2026\/04\/16\/nucleare-tra-tecnologia-e-sicurezza-sabato-a-belluno-un-incontro-per-capire-il-futuro-dellenergia\/#breadcrumb"},"inLanguage":"fr-FR","potentialAction":[{"@type":"ReadAction","target":["https:\/\/www.bellunopress.it\/2026\/04\/16\/nucleare-tra-tecnologia-e-sicurezza-sabato-a-belluno-un-incontro-per-capire-il-futuro-dellenergia\/"]}]},{"@type":"ImageObject","inLanguage":"fr-FR","@id":"https:\/\/www.bellunopress.it\/2026\/04\/16\/nucleare-tra-tecnologia-e-sicurezza-sabato-a-belluno-un-incontro-per-capire-il-futuro-dellenergia\/#primaryimage","url":"https:\/\/www.bellunopress.it\/wp-content\/uploads\/2023\/10\/presentazione-Trabucco-hurban-hub.jpg","contentUrl":"https:\/\/www.bellunopress.it\/wp-content\/uploads\/2023\/10\/presentazione-Trabucco-hurban-hub.jpg","width":1000,"height":576,"caption":"Hurban Hub (foto di repertorio)"},{"@type":"BreadcrumbList","@id":"https:\/\/www.bellunopress.it\/2026\/04\/16\/nucleare-tra-tecnologia-e-sicurezza-sabato-a-belluno-un-incontro-per-capire-il-futuro-dellenergia\/#breadcrumb","itemListElement":[{"@type":"ListItem","position":1,"name":"Home","item":"https:\/\/www.bellunopress.it\/"},{"@type":"ListItem","position":2,"name":"Nucleare, tra tecnologia e sicurezza: sabato a Belluno un incontro per capire il futuro dell\u2019energia"}]},{"@type":"WebSite","@id":"https:\/\/www.bellunopress.it\/#website","url":"https:\/\/www.bellunopress.it\/","name":"Bellunopress - Dolomiti","description":"e-mail: redazione@bellunopress.it","publisher":{"@id":"https:\/\/www.bellunopress.it\/#organization"},"potentialAction":[{"@type":"SearchAction","target":{"@type":"EntryPoint","urlTemplate":"https:\/\/www.bellunopress.it\/?s={search_term_string}"},"query-input":{"@type":"PropertyValueSpecification","valueRequired":true,"valueName":"search_term_string"}}],"inLanguage":"fr-FR"},{"@type":"Organization","@id":"https:\/\/www.bellunopress.it\/#organization","name":"Bellunopress","url":"https:\/\/www.bellunopress.it\/","logo":{"@type":"ImageObject","inLanguage":"fr-FR","@id":"https:\/\/www.bellunopress.it\/#\/schema\/logo\/image\/","url":"https:\/\/www.bellunopress.it\/wp-content\/uploads\/2011\/05\/cropped-logo-bellunopress-.jpg","contentUrl":"https:\/\/www.bellunopress.it\/wp-content\/uploads\/2011\/05\/cropped-logo-bellunopress-.jpg","width":512,"height":512,"caption":"Bellunopress"},"image":{"@id":"https:\/\/www.bellunopress.it\/#\/schema\/logo\/image\/"},"sameAs":["https:\/\/www.facebook.com\/profile.php?id=100008943462799","https:\/\/x.com\/bellunopress","https:\/\/www.linkedin.com\/hp\/?dnr=JBzUWaJfMUw8vbXJJ2tVW5-I3jZKvC4wsoxE&amp;amp;amp;amp;amp;amp;trk=nav_responsive_tab_home","https:\/\/www.youtube.com\/channel\/UCxL0wu1uN0_3_7hGG0306cw"]},{"@type":"Person","@id":"https:\/\/www.bellunopress.it\/#\/schema\/person\/79bb06722b37ece1c03d3e94beb30d73","name":"r\u00e9daction","image":{"@type":"ImageObject","inLanguage":"fr-FR","@id":"https:\/\/secure.gravatar.com\/avatar\/37d968a2e67a6fd04c169c4bdef102d0bc5d31b2546345219e348575eb80e9a0?s=96&d=mm&r=g","url":"https:\/\/secure.gravatar.com\/avatar\/37d968a2e67a6fd04c169c4bdef102d0bc5d31b2546345219e348575eb80e9a0?s=96&d=mm&r=g","contentUrl":"https:\/\/secure.gravatar.com\/avatar\/37d968a2e67a6fd04c169c4bdef102d0bc5d31b2546345219e348575eb80e9a0?s=96&d=mm&r=g","caption":"redazione"},"sameAs":["http:\/\/www.bellunopress.it","https:\/\/x.com\/bellunopress"],"url":"https:\/\/www.bellunopress.it\/fr\/author\/redazione\/"}]}},"_links":{"self":[{"href":"https:\/\/www.bellunopress.it\/fr\/wp-json\/wp\/v2\/posts\/169188","targetHints":{"allow":["GET"]}}],"collection":[{"href":"https:\/\/www.bellunopress.it\/fr\/wp-json\/wp\/v2\/posts"}],"about":[{"href":"https:\/\/www.bellunopress.it\/fr\/wp-json\/wp\/v2\/types\/post"}],"author":[{"embeddable":true,"href":"https:\/\/www.bellunopress.it\/fr\/wp-json\/wp\/v2\/users\/2"}],"replies":[{"embeddable":true,"href":"https:\/\/www.bellunopress.it\/fr\/wp-json\/wp\/v2\/comments?post=169188"}],"version-history":[{"count":1,"href":"https:\/\/www.bellunopress.it\/fr\/wp-json\/wp\/v2\/posts\/169188\/revisions"}],"predecessor-version":[{"id":169189,"href":"https:\/\/www.bellunopress.it\/fr\/wp-json\/wp\/v2\/posts\/169188\/revisions\/169189"}],"wp:featuredmedia":[{"embeddable":true,"href":"https:\/\/www.bellunopress.it\/fr\/wp-json\/wp\/v2\/media\/144990"}],"wp:attachment":[{"href":"https:\/\/www.bellunopress.it\/fr\/wp-json\/wp\/v2\/media?parent=169188"}],"wp:term":[{"taxonomy":"category","embeddable":true,"href":"https:\/\/www.bellunopress.it\/fr\/wp-json\/wp\/v2\/categories?post=169188"},{"taxonomy":"post_tag","embeddable":true,"href":"https:\/\/www.bellunopress.it\/fr\/wp-json\/wp\/v2\/tags?post=169188"}],"curies":[{"name":"wp","href":"https:\/\/api.w.org\/{rel}","templated":true}]}}