{"id":169185,"date":"2026-04-16T11:34:33","date_gmt":"2026-04-16T09:34:33","guid":{"rendered":"https:\/\/www.bellunopress.it\/?p=169185"},"modified":"2026-04-16T11:34:33","modified_gmt":"2026-04-16T09:34:33","slug":"guerra-e-clima-311-milioni-di-tonnellate-di-co%e2%82%82-in-4-anni-di-conflitto-in-ucraina-oltre-31-milioni-a-gaza","status":"publish","type":"post","link":"https:\/\/www.bellunopress.it\/fr\/2026\/04\/16\/guerra-e-clima-311-milioni-di-tonnellate-di-co%e2%82%82-in-4-anni-di-conflitto-in-ucraina-oltre-31-milioni-a-gaza\/","title":{"rendered":"Guerra e clima: 311 milioni di tonnellate di CO\u2082 in 4 anni di conflitto in Ucraina, oltre 31 milioni a Gaza"},"content":{"rendered":"<p><strong>Sabato 18 aprile, alla Padova Climate Action Week, Lennard de Klerk \u2013 fondatore dell&#8217;Initiative on GHG Accounting of War \u2013 presenta i dati sugli impatti climatici delle guerre in Ucraina, Gaza e Iran<\/strong><\/p>\n<p>Padova, 16 aprile 2026 &#8211; Le guerre non devastano solo vite umane, territori ed economie ma lasciano una cicatrice profonda anche sul clima. A quattro anni dall&#8217;invasione su vasta scala dell&#8217;Ucraina da parte della Russia, il bilancio delle emissioni di gas serra attribuibili al conflitto ha superato 311 milioni di tonnellate di CO\u2082 equivalente (tCO\u2082e)* \u2013 una cifra paragonabile alle emissioni annuali dell&#8217;intera Francia. A questi si aggiungono i costi climatici della guerra a Gaza, stimati in oltre 31 milioni di tCO\u2082e, mentre \u00e8 in corso la stima delle emissioni del conflitto in Iran.<\/p>\n<p>In Ucraina inoltre c&#8217;\u00e8 da registrare il danno degli incendi boschivi scatenati dai combattimenti che, continuano ad aumentare in modo progressivo. Condizioni insolitamente calde e secche, probabilmente intensificate dal riscaldamento globale, hanno trasformato anche le pi\u00f9 piccole scintille in incendi incontrollabili, rendendo impossibile qualsiasi intervento. Un circolo vizioso che illustra come conflitti armati e crisi climatica si alimentino a vicenda.<\/p>\n<p>Di tutto questo si parla sabato 18 aprile alle ore 11.00 nell&#8217;ambito della Padova Climate Action Week 2026, il primo festival diffuso sul clima costruito dal basso in Italia.<\/p>\n<p>L&#8217;evento sar\u00e0 tenuto da Lennard de Klerk, ricercatore indipendente che in risposta all&#8217;invasione russa dell&#8217;Ucraina ha fondato l&#8217;Initiative on GHG Accounting of War (warbon.org), il progetto dedicato alla stima delle emissioni di gas serra generate dai conflitti armati. Il tema \u00e8 ormai sul tavolo delle organizzazioni internazionali.<\/p>\n<p>Alla COP30 in Brasile, l&#8217;Ucraina ha annunciato l&#8217;intenzione di ritenere la Russia responsabile di questi danni: la richiesta di risarcimento, calcolata su un costo sociale del carbonio di 185 dollari per tCO\u2082e, supera i 57 miliardi di dollari nella categoria &#8220;danni ambientali&#8221; del Registro dei danni per l&#8217;Ucraina, parte del Meccanismo internazionale di risarcimento.<\/p>\n<p>Per quello che riguarda Gaza, uno studio pubblicato sulla rivista scientifica One Earth stima che il costo climatico a lungo termine della distruzione, dello sfollamento e della ricostruzione possa superare 31 milioni di tCO\u2082e \u2013 pi\u00f9 delle emissioni annuali combinate di Costa Rica ed Estonia nel 2023. Nonostante si tratti di cifre enormi, gli Stati non hanno alcun obbligo di segnalare le emissioni militari all&#8217;organismo delle Nazioni Unite per il clima, lasciando questi impatti fuori da qualsiasi quadro di responsabilit\u00e0 internazionale.<br \/>\nLa metodologia sviluppata per Gaza si sta applicando ora anche al conflitto in Iran, ampliando la portata di questa contabilit\u00e0 finora invisibile.<\/p>\n<p>Nell&#8217;incontro di sabato saranno esplorati gli impatti climatici diretti e indiretti delle guerre in corso e sar\u00e0 affrontato il tema di come il nuovo obiettivo NATO di spesa militare al 5% del PIL potrebbe influenzare le emissioni belliche e si discuter\u00e0 delle possibili soluzioni per evitare un&#8217;ulteriore escalation delle emissioni militari in Europa.<\/p>\n<p>La Padova Climate Action Week: il primo festival italiano sul clima costruito dal basso<br \/>\nLa settimana padovana dedicata interamente ai temi del clima e dell&#8217;energia \u00e8 promossa dalla societ\u00e0 di consulenza Aequilibria con il patrocinio del Comune e dell&#8217;Universit\u00e0 di Padova. Il festival ha portato nella citt\u00e0 veneta oltre 60 appuntamenti tra conferenze, workshop e iniziative artistiche, coinvolgendo universit\u00e0, istituzioni, imprese e societ\u00e0 civile. Il modello si ispira alla London Climate Action Week, punto di riferimento internazionale dal 2019.<\/p>\n<p>&#8220;La crisi climatica e i conflitti armati non sono fenomeni separati&#8221;, commenta Daniele Pernigotti, CEO di Aequilibria e promotore dell&#8217;iniziativa. &#8220;I dati presentati da Lennard de Klerk mostrano in modo drammatico come la guerra acceleri le emissioni e distrugga le capacit\u00e0 di adattamento climatico. Portare questo confronto a Padova, in un festival costruito dal basso, significa dare voce a chi lavora concretamente per contrastare la crisi e proporre strade alternative e soluzioni.<\/p>\n<p><strong>Riferimenti scientifici<\/strong><\/p>\n<p>Rapporto WarBon (6\u00b0 edizione):<\/p>\n<p>report6en.warbon.org<\/p>\n<p>Studio sui costi climatici di Gaza (One Earth):<br \/>\ncell.com\/one-earth\/fulltext\/S2590-3322(26)00049-7<\/p>\n<p>*La CO\u2082 equivalente \u00e8 l&#8217;unit\u00e0 di misura relativa all&#8217;impatto dei diversi gas a effetto serra (GHGs) sul riscaldamento globale in termini di quantit\u00e0 di CO2. Praticamente grazie a questa unit\u00e0 di misura possiamo calcolare con un solo valore l&#8217;impatto ambientale che un&#8217;attivit\u00e0, evento o prodotto causerebbe, emettendo molti e diversi gas serra, considerandoli nell&#8217;equivalente quantit\u00e0 di anidride carbonica.<\/p>\n<p><a href=\"https:\/\/www.padovaclimateactionweek.org\/it\/eventi\/tutti\/the-impact-of-wars-on-the-climate-ukraine-gaza-and-iran?utm_source=brevo&amp;utm_campaign=Padova%20Action%20Climate%20Week_Clima%20e%20guerra&amp;utm_medium=email\">Cicca qui per saperne di pi\u00f9<\/a><\/p>","protected":false},"excerpt":{"rendered":"<p>Sabato 18 aprile, alla Padova Climate Action Week, Lennard de Klerk \u2013 fondatore dell&#8217;Initiative on GHG Accounting of War \u2013 presenta i dati sugli impatti climatici delle guerre in Ucraina, Gaza e Iran Padova, 16 aprile 2026 &#8211; Le guerre non devastano solo vite umane, territori ed economie ma lasciano una cicatrice profonda anche sul [&hellip;]<\/p>\n","protected":false},"author":2,"featured_media":169186,"comment_status":"closed","ping_status":"open","sticky":false,"template":"","format":"standard","meta":{"footnotes":""},"categories":[3,38,25],"tags":[],"class_list":["post-169185","post","type-post","status-publish","format-standard","has-post-thumbnail","category-arte-cultura-spettacoli-scienza-archivi","category-natura-ambiente","category-pausa-caffe"],"yoast_head":"<!-- This site is optimized with the Yoast SEO plugin v28.4 - https:\/\/yoast.com\/product\/yoast-seo-wordpress\/ -->\n<title>Guerra e clima: 311 milioni di tonnellate di CO\u2082 in 4 anni di conflitto in Ucraina, oltre 31 milioni a Gaza - Bellunopress - Dolomiti<\/title>\n<meta name=\"robots\" content=\"index, follow, max-snippet:-1, max-image-preview:large, max-video-preview:-1\" \/>\n<link rel=\"canonical\" href=\"https:\/\/www.bellunopress.it\/fr\/2026\/04\/16\/guerra-e-clima-311-milioni-di-tonnellate-di-co\u2082-in-4-anni-di-conflitto-in-ucraina-oltre-31-milioni-a-gaza\/\" \/>\n<meta property=\"og:locale\" content=\"fr_FR\" \/>\n<meta property=\"og:type\" content=\"article\" \/>\n<meta property=\"og:title\" content=\"Guerra e clima: 311 milioni di tonnellate di CO\u2082 in 4 anni di conflitto in Ucraina, oltre 31 milioni a Gaza - Bellunopress - Dolomiti\" \/>\n<meta property=\"og:description\" content=\"Sabato 18 aprile, alla Padova Climate Action Week, Lennard de Klerk \u2013 fondatore dell&#8217;Initiative on GHG Accounting of War \u2013 presenta i dati sugli impatti climatici delle guerre in Ucraina, Gaza e Iran Padova, 16 aprile 2026 &#8211; Le guerre non devastano solo vite umane, territori ed economie ma lasciano una cicatrice profonda anche sul [&hellip;]\" \/>\n<meta property=\"og:url\" content=\"https:\/\/www.bellunopress.it\/fr\/2026\/04\/16\/guerra-e-clima-311-milioni-di-tonnellate-di-co\u2082-in-4-anni-di-conflitto-in-ucraina-oltre-31-milioni-a-gaza\/\" \/>\n<meta property=\"og:site_name\" content=\"Bellunopress - Dolomiti\" \/>\n<meta property=\"article:publisher\" content=\"https:\/\/www.facebook.com\/profile.php?id=100008943462799\" \/>\n<meta property=\"article:published_time\" content=\"2026-04-16T09:34:33+00:00\" \/>\n<meta property=\"og:image\" content=\"https:\/\/www.bellunopress.it\/wp-content\/uploads\/2026\/04\/co2-e-guerre.jpg\" \/>\n\t<meta property=\"og:image:width\" content=\"600\" \/>\n\t<meta property=\"og:image:height\" content=\"377\" \/>\n\t<meta property=\"og:image:type\" content=\"image\/jpeg\" \/>\n<meta name=\"author\" content=\"redazione\" \/>\n<meta name=\"twitter:card\" content=\"summary_large_image\" \/>\n<meta name=\"twitter:creator\" content=\"@bellunopress\" \/>\n<meta name=\"twitter:site\" content=\"@bellunopress\" \/>\n<meta name=\"twitter:label1\" content=\"\u00c9crit par\" \/>\n\t<meta name=\"twitter:data1\" content=\"redazione\" \/>\n\t<meta name=\"twitter:label2\" content=\"Dur\u00e9e de lecture estim\u00e9e\" \/>\n\t<meta name=\"twitter:data2\" content=\"3 minutes\" \/>\n<script type=\"application\/ld+json\" class=\"yoast-schema-graph\">{\"@context\":\"https:\\\/\\\/schema.org\",\"@graph\":[{\"@type\":\"Article\",\"@id\":\"https:\\\/\\\/www.bellunopress.it\\\/2026\\\/04\\\/16\\\/guerra-e-clima-311-milioni-di-tonnellate-di-co%e2%82%82-in-4-anni-di-conflitto-in-ucraina-oltre-31-milioni-a-gaza\\\/#article\",\"isPartOf\":{\"@id\":\"https:\\\/\\\/www.bellunopress.it\\\/2026\\\/04\\\/16\\\/guerra-e-clima-311-milioni-di-tonnellate-di-co%e2%82%82-in-4-anni-di-conflitto-in-ucraina-oltre-31-milioni-a-gaza\\\/\"},\"author\":{\"name\":\"redazione\",\"@id\":\"https:\\\/\\\/www.bellunopress.it\\\/#\\\/schema\\\/person\\\/79bb06722b37ece1c03d3e94beb30d73\"},\"headline\":\"Guerra e clima: 311 milioni di tonnellate di CO\u2082 in 4 anni di conflitto in Ucraina, oltre 31 milioni a Gaza\",\"datePublished\":\"2026-04-16T09:34:33+00:00\",\"mainEntityOfPage\":{\"@id\":\"https:\\\/\\\/www.bellunopress.it\\\/2026\\\/04\\\/16\\\/guerra-e-clima-311-milioni-di-tonnellate-di-co%e2%82%82-in-4-anni-di-conflitto-in-ucraina-oltre-31-milioni-a-gaza\\\/\"},\"wordCount\":735,\"publisher\":{\"@id\":\"https:\\\/\\\/www.bellunopress.it\\\/#organization\"},\"image\":{\"@id\":\"https:\\\/\\\/www.bellunopress.it\\\/2026\\\/04\\\/16\\\/guerra-e-clima-311-milioni-di-tonnellate-di-co%e2%82%82-in-4-anni-di-conflitto-in-ucraina-oltre-31-milioni-a-gaza\\\/#primaryimage\"},\"thumbnailUrl\":\"https:\\\/\\\/www.bellunopress.it\\\/wp-content\\\/uploads\\\/2026\\\/04\\\/co2-e-guerre.jpg\",\"articleSection\":[\"Arte, Cultura, Spettacoli, Scienza\",\"Meteo, natura, ambiente, animali\",\"Pausa Caff\u00e8\"],\"inLanguage\":\"fr-FR\"},{\"@type\":\"WebPage\",\"@id\":\"https:\\\/\\\/www.bellunopress.it\\\/2026\\\/04\\\/16\\\/guerra-e-clima-311-milioni-di-tonnellate-di-co%e2%82%82-in-4-anni-di-conflitto-in-ucraina-oltre-31-milioni-a-gaza\\\/\",\"url\":\"https:\\\/\\\/www.bellunopress.it\\\/2026\\\/04\\\/16\\\/guerra-e-clima-311-milioni-di-tonnellate-di-co%e2%82%82-in-4-anni-di-conflitto-in-ucraina-oltre-31-milioni-a-gaza\\\/\",\"name\":\"Guerra e clima: 311 milioni di tonnellate di CO\u2082 in 4 anni di conflitto in Ucraina, oltre 31 milioni a Gaza - Bellunopress - Dolomiti\",\"isPartOf\":{\"@id\":\"https:\\\/\\\/www.bellunopress.it\\\/#website\"},\"primaryImageOfPage\":{\"@id\":\"https:\\\/\\\/www.bellunopress.it\\\/2026\\\/04\\\/16\\\/guerra-e-clima-311-milioni-di-tonnellate-di-co%e2%82%82-in-4-anni-di-conflitto-in-ucraina-oltre-31-milioni-a-gaza\\\/#primaryimage\"},\"image\":{\"@id\":\"https:\\\/\\\/www.bellunopress.it\\\/2026\\\/04\\\/16\\\/guerra-e-clima-311-milioni-di-tonnellate-di-co%e2%82%82-in-4-anni-di-conflitto-in-ucraina-oltre-31-milioni-a-gaza\\\/#primaryimage\"},\"thumbnailUrl\":\"https:\\\/\\\/www.bellunopress.it\\\/wp-content\\\/uploads\\\/2026\\\/04\\\/co2-e-guerre.jpg\",\"datePublished\":\"2026-04-16T09:34:33+00:00\",\"breadcrumb\":{\"@id\":\"https:\\\/\\\/www.bellunopress.it\\\/2026\\\/04\\\/16\\\/guerra-e-clima-311-milioni-di-tonnellate-di-co%e2%82%82-in-4-anni-di-conflitto-in-ucraina-oltre-31-milioni-a-gaza\\\/#breadcrumb\"},\"inLanguage\":\"fr-FR\",\"potentialAction\":[{\"@type\":\"ReadAction\",\"target\":[\"https:\\\/\\\/www.bellunopress.it\\\/2026\\\/04\\\/16\\\/guerra-e-clima-311-milioni-di-tonnellate-di-co%e2%82%82-in-4-anni-di-conflitto-in-ucraina-oltre-31-milioni-a-gaza\\\/\"]}]},{\"@type\":\"ImageObject\",\"inLanguage\":\"fr-FR\",\"@id\":\"https:\\\/\\\/www.bellunopress.it\\\/2026\\\/04\\\/16\\\/guerra-e-clima-311-milioni-di-tonnellate-di-co%e2%82%82-in-4-anni-di-conflitto-in-ucraina-oltre-31-milioni-a-gaza\\\/#primaryimage\",\"url\":\"https:\\\/\\\/www.bellunopress.it\\\/wp-content\\\/uploads\\\/2026\\\/04\\\/co2-e-guerre.jpg\",\"contentUrl\":\"https:\\\/\\\/www.bellunopress.it\\\/wp-content\\\/uploads\\\/2026\\\/04\\\/co2-e-guerre.jpg\",\"width\":600,\"height\":377},{\"@type\":\"BreadcrumbList\",\"@id\":\"https:\\\/\\\/www.bellunopress.it\\\/2026\\\/04\\\/16\\\/guerra-e-clima-311-milioni-di-tonnellate-di-co%e2%82%82-in-4-anni-di-conflitto-in-ucraina-oltre-31-milioni-a-gaza\\\/#breadcrumb\",\"itemListElement\":[{\"@type\":\"ListItem\",\"position\":1,\"name\":\"Home\",\"item\":\"https:\\\/\\\/www.bellunopress.it\\\/\"},{\"@type\":\"ListItem\",\"position\":2,\"name\":\"Guerra e clima: 311 milioni di tonnellate di CO\u2082 in 4 anni di conflitto in Ucraina, oltre 31 milioni a Gaza\"}]},{\"@type\":\"WebSite\",\"@id\":\"https:\\\/\\\/www.bellunopress.it\\\/#website\",\"url\":\"https:\\\/\\\/www.bellunopress.it\\\/\",\"name\":\"Bellunopress - Dolomiti\",\"description\":\"e-mail: redazione@bellunopress.it\",\"publisher\":{\"@id\":\"https:\\\/\\\/www.bellunopress.it\\\/#organization\"},\"potentialAction\":[{\"@type\":\"SearchAction\",\"target\":{\"@type\":\"EntryPoint\",\"urlTemplate\":\"https:\\\/\\\/www.bellunopress.it\\\/?s={search_term_string}\"},\"query-input\":{\"@type\":\"PropertyValueSpecification\",\"valueRequired\":true,\"valueName\":\"search_term_string\"}}],\"inLanguage\":\"fr-FR\"},{\"@type\":\"Organization\",\"@id\":\"https:\\\/\\\/www.bellunopress.it\\\/#organization\",\"name\":\"Bellunopress\",\"url\":\"https:\\\/\\\/www.bellunopress.it\\\/\",\"logo\":{\"@type\":\"ImageObject\",\"inLanguage\":\"fr-FR\",\"@id\":\"https:\\\/\\\/www.bellunopress.it\\\/#\\\/schema\\\/logo\\\/image\\\/\",\"url\":\"https:\\\/\\\/www.bellunopress.it\\\/wp-content\\\/uploads\\\/2011\\\/05\\\/cropped-logo-bellunopress-.jpg\",\"contentUrl\":\"https:\\\/\\\/www.bellunopress.it\\\/wp-content\\\/uploads\\\/2011\\\/05\\\/cropped-logo-bellunopress-.jpg\",\"width\":512,\"height\":512,\"caption\":\"Bellunopress\"},\"image\":{\"@id\":\"https:\\\/\\\/www.bellunopress.it\\\/#\\\/schema\\\/logo\\\/image\\\/\"},\"sameAs\":[\"https:\\\/\\\/www.facebook.com\\\/profile.php?id=100008943462799\",\"https:\\\/\\\/x.com\\\/bellunopress\",\"https:\\\/\\\/www.linkedin.com\\\/hp\\\/?dnr=JBzUWaJfMUw8vbXJJ2tVW5-I3jZKvC4wsoxE&amp;amp;amp;amp;amp;amp;trk=nav_responsive_tab_home\",\"https:\\\/\\\/www.youtube.com\\\/channel\\\/UCxL0wu1uN0_3_7hGG0306cw\"]},{\"@type\":\"Person\",\"@id\":\"https:\\\/\\\/www.bellunopress.it\\\/#\\\/schema\\\/person\\\/79bb06722b37ece1c03d3e94beb30d73\",\"name\":\"redazione\",\"image\":{\"@type\":\"ImageObject\",\"inLanguage\":\"fr-FR\",\"@id\":\"https:\\\/\\\/secure.gravatar.com\\\/avatar\\\/37d968a2e67a6fd04c169c4bdef102d0bc5d31b2546345219e348575eb80e9a0?s=96&d=mm&r=g\",\"url\":\"https:\\\/\\\/secure.gravatar.com\\\/avatar\\\/37d968a2e67a6fd04c169c4bdef102d0bc5d31b2546345219e348575eb80e9a0?s=96&d=mm&r=g\",\"contentUrl\":\"https:\\\/\\\/secure.gravatar.com\\\/avatar\\\/37d968a2e67a6fd04c169c4bdef102d0bc5d31b2546345219e348575eb80e9a0?s=96&d=mm&r=g\",\"caption\":\"redazione\"},\"sameAs\":[\"http:\\\/\\\/www.bellunopress.it\",\"https:\\\/\\\/x.com\\\/bellunopress\"],\"url\":\"https:\\\/\\\/www.bellunopress.it\\\/fr\\\/author\\\/redazione\\\/\"}]}<\/script>\n<!-- \/ Yoast SEO plugin. -->","yoast_head_json":{"title":"Guerra e clima: 311 milioni di tonnellate di CO\u2082 in 4 anni di conflitto in Ucraina, oltre 31 milioni a Gaza - Bellunopress - Dolomiti","robots":{"index":"index","follow":"follow","max-snippet":"max-snippet:-1","max-image-preview":"max-image-preview:large","max-video-preview":"max-video-preview:-1"},"canonical":"https:\/\/www.bellunopress.it\/fr\/2026\/04\/16\/guerra-e-clima-311-milioni-di-tonnellate-di-co\u2082-in-4-anni-di-conflitto-in-ucraina-oltre-31-milioni-a-gaza\/","og_locale":"fr_FR","og_type":"article","og_title":"Guerra e clima: 311 milioni di tonnellate di CO\u2082 in 4 anni di conflitto in Ucraina, oltre 31 milioni a Gaza - Bellunopress - Dolomiti","og_description":"Sabato 18 aprile, alla Padova Climate Action Week, Lennard de Klerk \u2013 fondatore dell&#8217;Initiative on GHG Accounting of War \u2013 presenta i dati sugli impatti climatici delle guerre in Ucraina, Gaza e Iran Padova, 16 aprile 2026 &#8211; Le guerre non devastano solo vite umane, territori ed economie ma lasciano una cicatrice profonda anche sul [&hellip;]","og_url":"https:\/\/www.bellunopress.it\/fr\/2026\/04\/16\/guerra-e-clima-311-milioni-di-tonnellate-di-co\u2082-in-4-anni-di-conflitto-in-ucraina-oltre-31-milioni-a-gaza\/","og_site_name":"Bellunopress - Dolomiti","article_publisher":"https:\/\/www.facebook.com\/profile.php?id=100008943462799","article_published_time":"2026-04-16T09:34:33+00:00","og_image":[{"width":600,"height":377,"url":"https:\/\/www.bellunopress.it\/wp-content\/uploads\/2026\/04\/co2-e-guerre.jpg","type":"image\/jpeg"}],"author":"redazione","twitter_card":"summary_large_image","twitter_creator":"@bellunopress","twitter_site":"@bellunopress","twitter_misc":{"\u00c9crit par":"redazione","Dur\u00e9e de lecture estim\u00e9e":"3 minutes"},"schema":{"@context":"https:\/\/schema.org","@graph":[{"@type":"Article","@id":"https:\/\/www.bellunopress.it\/2026\/04\/16\/guerra-e-clima-311-milioni-di-tonnellate-di-co%e2%82%82-in-4-anni-di-conflitto-in-ucraina-oltre-31-milioni-a-gaza\/#article","isPartOf":{"@id":"https:\/\/www.bellunopress.it\/2026\/04\/16\/guerra-e-clima-311-milioni-di-tonnellate-di-co%e2%82%82-in-4-anni-di-conflitto-in-ucraina-oltre-31-milioni-a-gaza\/"},"author":{"name":"redazione","@id":"https:\/\/www.bellunopress.it\/#\/schema\/person\/79bb06722b37ece1c03d3e94beb30d73"},"headline":"Guerra e clima: 311 milioni di tonnellate di CO\u2082 in 4 anni di conflitto in Ucraina, oltre 31 milioni a Gaza","datePublished":"2026-04-16T09:34:33+00:00","mainEntityOfPage":{"@id":"https:\/\/www.bellunopress.it\/2026\/04\/16\/guerra-e-clima-311-milioni-di-tonnellate-di-co%e2%82%82-in-4-anni-di-conflitto-in-ucraina-oltre-31-milioni-a-gaza\/"},"wordCount":735,"publisher":{"@id":"https:\/\/www.bellunopress.it\/#organization"},"image":{"@id":"https:\/\/www.bellunopress.it\/2026\/04\/16\/guerra-e-clima-311-milioni-di-tonnellate-di-co%e2%82%82-in-4-anni-di-conflitto-in-ucraina-oltre-31-milioni-a-gaza\/#primaryimage"},"thumbnailUrl":"https:\/\/www.bellunopress.it\/wp-content\/uploads\/2026\/04\/co2-e-guerre.jpg","articleSection":["Arte, Cultura, Spettacoli, Scienza","Meteo, natura, ambiente, animali","Pausa Caff\u00e8"],"inLanguage":"fr-FR"},{"@type":"WebPage","@id":"https:\/\/www.bellunopress.it\/2026\/04\/16\/guerra-e-clima-311-milioni-di-tonnellate-di-co%e2%82%82-in-4-anni-di-conflitto-in-ucraina-oltre-31-milioni-a-gaza\/","url":"https:\/\/www.bellunopress.it\/2026\/04\/16\/guerra-e-clima-311-milioni-di-tonnellate-di-co%e2%82%82-in-4-anni-di-conflitto-in-ucraina-oltre-31-milioni-a-gaza\/","name":"Guerra e clima: 311 milioni di tonnellate di CO\u2082 in 4 anni di conflitto in Ucraina, oltre 31 milioni a Gaza - Bellunopress - Dolomiti","isPartOf":{"@id":"https:\/\/www.bellunopress.it\/#website"},"primaryImageOfPage":{"@id":"https:\/\/www.bellunopress.it\/2026\/04\/16\/guerra-e-clima-311-milioni-di-tonnellate-di-co%e2%82%82-in-4-anni-di-conflitto-in-ucraina-oltre-31-milioni-a-gaza\/#primaryimage"},"image":{"@id":"https:\/\/www.bellunopress.it\/2026\/04\/16\/guerra-e-clima-311-milioni-di-tonnellate-di-co%e2%82%82-in-4-anni-di-conflitto-in-ucraina-oltre-31-milioni-a-gaza\/#primaryimage"},"thumbnailUrl":"https:\/\/www.bellunopress.it\/wp-content\/uploads\/2026\/04\/co2-e-guerre.jpg","datePublished":"2026-04-16T09:34:33+00:00","breadcrumb":{"@id":"https:\/\/www.bellunopress.it\/2026\/04\/16\/guerra-e-clima-311-milioni-di-tonnellate-di-co%e2%82%82-in-4-anni-di-conflitto-in-ucraina-oltre-31-milioni-a-gaza\/#breadcrumb"},"inLanguage":"fr-FR","potentialAction":[{"@type":"ReadAction","target":["https:\/\/www.bellunopress.it\/2026\/04\/16\/guerra-e-clima-311-milioni-di-tonnellate-di-co%e2%82%82-in-4-anni-di-conflitto-in-ucraina-oltre-31-milioni-a-gaza\/"]}]},{"@type":"ImageObject","inLanguage":"fr-FR","@id":"https:\/\/www.bellunopress.it\/2026\/04\/16\/guerra-e-clima-311-milioni-di-tonnellate-di-co%e2%82%82-in-4-anni-di-conflitto-in-ucraina-oltre-31-milioni-a-gaza\/#primaryimage","url":"https:\/\/www.bellunopress.it\/wp-content\/uploads\/2026\/04\/co2-e-guerre.jpg","contentUrl":"https:\/\/www.bellunopress.it\/wp-content\/uploads\/2026\/04\/co2-e-guerre.jpg","width":600,"height":377},{"@type":"BreadcrumbList","@id":"https:\/\/www.bellunopress.it\/2026\/04\/16\/guerra-e-clima-311-milioni-di-tonnellate-di-co%e2%82%82-in-4-anni-di-conflitto-in-ucraina-oltre-31-milioni-a-gaza\/#breadcrumb","itemListElement":[{"@type":"ListItem","position":1,"name":"Home","item":"https:\/\/www.bellunopress.it\/"},{"@type":"ListItem","position":2,"name":"Guerra e clima: 311 milioni di tonnellate di CO\u2082 in 4 anni di conflitto in Ucraina, oltre 31 milioni a Gaza"}]},{"@type":"WebSite","@id":"https:\/\/www.bellunopress.it\/#website","url":"https:\/\/www.bellunopress.it\/","name":"Bellunopress - Dolomiti","description":"e-mail: redazione@bellunopress.it","publisher":{"@id":"https:\/\/www.bellunopress.it\/#organization"},"potentialAction":[{"@type":"SearchAction","target":{"@type":"EntryPoint","urlTemplate":"https:\/\/www.bellunopress.it\/?s={search_term_string}"},"query-input":{"@type":"PropertyValueSpecification","valueRequired":true,"valueName":"search_term_string"}}],"inLanguage":"fr-FR"},{"@type":"Organization","@id":"https:\/\/www.bellunopress.it\/#organization","name":"Bellunopress","url":"https:\/\/www.bellunopress.it\/","logo":{"@type":"ImageObject","inLanguage":"fr-FR","@id":"https:\/\/www.bellunopress.it\/#\/schema\/logo\/image\/","url":"https:\/\/www.bellunopress.it\/wp-content\/uploads\/2011\/05\/cropped-logo-bellunopress-.jpg","contentUrl":"https:\/\/www.bellunopress.it\/wp-content\/uploads\/2011\/05\/cropped-logo-bellunopress-.jpg","width":512,"height":512,"caption":"Bellunopress"},"image":{"@id":"https:\/\/www.bellunopress.it\/#\/schema\/logo\/image\/"},"sameAs":["https:\/\/www.facebook.com\/profile.php?id=100008943462799","https:\/\/x.com\/bellunopress","https:\/\/www.linkedin.com\/hp\/?dnr=JBzUWaJfMUw8vbXJJ2tVW5-I3jZKvC4wsoxE&amp;amp;amp;amp;amp;amp;trk=nav_responsive_tab_home","https:\/\/www.youtube.com\/channel\/UCxL0wu1uN0_3_7hGG0306cw"]},{"@type":"Person","@id":"https:\/\/www.bellunopress.it\/#\/schema\/person\/79bb06722b37ece1c03d3e94beb30d73","name":"r\u00e9daction","image":{"@type":"ImageObject","inLanguage":"fr-FR","@id":"https:\/\/secure.gravatar.com\/avatar\/37d968a2e67a6fd04c169c4bdef102d0bc5d31b2546345219e348575eb80e9a0?s=96&d=mm&r=g","url":"https:\/\/secure.gravatar.com\/avatar\/37d968a2e67a6fd04c169c4bdef102d0bc5d31b2546345219e348575eb80e9a0?s=96&d=mm&r=g","contentUrl":"https:\/\/secure.gravatar.com\/avatar\/37d968a2e67a6fd04c169c4bdef102d0bc5d31b2546345219e348575eb80e9a0?s=96&d=mm&r=g","caption":"redazione"},"sameAs":["http:\/\/www.bellunopress.it","https:\/\/x.com\/bellunopress"],"url":"https:\/\/www.bellunopress.it\/fr\/author\/redazione\/"}]}},"_links":{"self":[{"href":"https:\/\/www.bellunopress.it\/fr\/wp-json\/wp\/v2\/posts\/169185","targetHints":{"allow":["GET"]}}],"collection":[{"href":"https:\/\/www.bellunopress.it\/fr\/wp-json\/wp\/v2\/posts"}],"about":[{"href":"https:\/\/www.bellunopress.it\/fr\/wp-json\/wp\/v2\/types\/post"}],"author":[{"embeddable":true,"href":"https:\/\/www.bellunopress.it\/fr\/wp-json\/wp\/v2\/users\/2"}],"replies":[{"embeddable":true,"href":"https:\/\/www.bellunopress.it\/fr\/wp-json\/wp\/v2\/comments?post=169185"}],"version-history":[{"count":1,"href":"https:\/\/www.bellunopress.it\/fr\/wp-json\/wp\/v2\/posts\/169185\/revisions"}],"predecessor-version":[{"id":169187,"href":"https:\/\/www.bellunopress.it\/fr\/wp-json\/wp\/v2\/posts\/169185\/revisions\/169187"}],"wp:featuredmedia":[{"embeddable":true,"href":"https:\/\/www.bellunopress.it\/fr\/wp-json\/wp\/v2\/media\/169186"}],"wp:attachment":[{"href":"https:\/\/www.bellunopress.it\/fr\/wp-json\/wp\/v2\/media?parent=169185"}],"wp:term":[{"taxonomy":"category","embeddable":true,"href":"https:\/\/www.bellunopress.it\/fr\/wp-json\/wp\/v2\/categories?post=169185"},{"taxonomy":"post_tag","embeddable":true,"href":"https:\/\/www.bellunopress.it\/fr\/wp-json\/wp\/v2\/tags?post=169185"}],"curies":[{"name":"wp","href":"https:\/\/api.w.org\/{rel}","templated":true}]}}