{"id":169173,"date":"2026-04-16T08:30:32","date_gmt":"2026-04-16T06:30:32","guid":{"rendered":"https:\/\/www.bellunopress.it\/?p=169173"},"modified":"2026-04-16T08:04:44","modified_gmt":"2026-04-16T06:04:44","slug":"paolo-doglioni-al-forum-internazionale-di-confcommercio","status":"publish","type":"post","link":"https:\/\/www.bellunopress.it\/fr\/2026\/04\/16\/paolo-doglioni-al-forum-internazionale-di-confcommercio\/","title":{"rendered":"Paolo Doglioni al Forum Internazionale di Confcommercio"},"content":{"rendered":"<p>Si \u00e8 svolto a Roma, nella prestigiosa cornice di Villa Miani, la 25^ edizione del Forum internazionale di Confcommercio \u201cI protagonisti del mercato e gli scenari per gli anni 2000\u201d, organizzato in collaborazione con Ambrosetti.<\/p>\n<p>Anche Paolo Doglioni, presidente del sistema territoriale bellunese di Confcommercio e componente degli organi direttivi nazionali della Confederazione, ha partecipato ai lavori che si sono aperti con gli interventi di un prestigioso parterre di relatori, tra cui il ministro del MIMIT Adolfo Urso, Giulio Tremonti, Massimo D\u2019Alema e una corposa relazione del Premio Nobel per l\u2019Economia 2025, Philippe Aghion.<br \/>\n\u201cSono appuntamenti estremamente arricchenti \u2013 riferisce da Roma Doglioni \u2013 per lo spessore culturale degli interventi e la capacit\u00e0 di dare visioni prospettiche dell\u2019economia a livello internazionale ma anche poi sui riflessi che i grandi eventi mondiali andranno a riverberare sulla dimensione locale.\u201d<\/p>\n<p>Nella seconda giornata di lavori, fari puntati sul tema lavoro e sulla qualit\u00e0 del sistema di contrattazione collettiva, con rappresentanti del Governo e un confronto con le Organizzazioni sindacali. \u201cLa difficolt\u00e0 del reperimento del personale non pu\u00f2 andare disgiunta dalla responsabilit\u00e0 che hanno le nostre organizzazioni di creare i presupposti contrattuali per un rapporto impresa \u2013 lavoratore improntato a criteri di giustizia e adeguatezza. Confcommercio sta mettendo particolare impegno in questo campo, tanto a livello centrale quanto qui sul territorio\u201d<\/p>\n<p>&nbsp;<\/p>","protected":false},"excerpt":{"rendered":"<p>Si \u00e8 svolto a Roma, nella prestigiosa cornice di Villa Miani, la 25^ edizione del Forum internazionale di Confcommercio \u201cI protagonisti del mercato e gli scenari per gli anni 2000\u201d, organizzato in collaborazione con Ambrosetti. Anche Paolo Doglioni, presidente del sistema territoriale bellunese di Confcommercio e componente degli organi direttivi nazionali della Confederazione, ha partecipato [&hellip;]<\/p>\n","protected":false},"author":2,"featured_media":169174,"comment_status":"closed","ping_status":"open","sticky":false,"template":"","format":"standard","meta":{"footnotes":""},"categories":[36],"tags":[],"class_list":["post-169173","post","type-post","status-publish","format-standard","has-post-thumbnail","category-lavoro-economia"],"yoast_head":"<!-- This site is optimized with the Yoast SEO plugin v28.4 - https:\/\/yoast.com\/product\/yoast-seo-wordpress\/ -->\n<title>Paolo Doglioni al Forum Internazionale di Confcommercio - Bellunopress - Dolomiti<\/title>\n<meta name=\"robots\" content=\"index, follow, max-snippet:-1, max-image-preview:large, max-video-preview:-1\" \/>\n<link rel=\"canonical\" href=\"https:\/\/www.bellunopress.it\/fr\/2026\/04\/16\/paolo-doglioni-al-forum-internazionale-di-confcommercio\/\" \/>\n<meta property=\"og:locale\" content=\"fr_FR\" \/>\n<meta property=\"og:type\" content=\"article\" \/>\n<meta property=\"og:title\" content=\"Paolo Doglioni al Forum Internazionale di Confcommercio - Bellunopress - Dolomiti\" \/>\n<meta property=\"og:description\" content=\"Si \u00e8 svolto a Roma, nella prestigiosa cornice di Villa Miani, la 25^ edizione del Forum internazionale di Confcommercio \u201cI protagonisti del mercato e gli scenari per gli anni 2000\u201d, organizzato in collaborazione con Ambrosetti. Anche Paolo Doglioni, presidente del sistema territoriale bellunese di Confcommercio e componente degli organi direttivi nazionali della Confederazione, ha partecipato [&hellip;]\" \/>\n<meta property=\"og:url\" content=\"https:\/\/www.bellunopress.it\/fr\/2026\/04\/16\/paolo-doglioni-al-forum-internazionale-di-confcommercio\/\" \/>\n<meta property=\"og:site_name\" content=\"Bellunopress - Dolomiti\" \/>\n<meta property=\"article:publisher\" content=\"https:\/\/www.facebook.com\/profile.php?id=100008943462799\" \/>\n<meta property=\"article:published_time\" content=\"2026-04-16T06:30:32+00:00\" \/>\n<meta property=\"og:image\" content=\"https:\/\/www.bellunopress.it\/wp-content\/uploads\/2026\/04\/Paolo-Doglioni.png\" \/>\n\t<meta property=\"og:image:width\" content=\"500\" \/>\n\t<meta property=\"og:image:height\" content=\"443\" \/>\n\t<meta property=\"og:image:type\" content=\"image\/png\" \/>\n<meta name=\"author\" content=\"redazione\" \/>\n<meta name=\"twitter:card\" content=\"summary_large_image\" \/>\n<meta name=\"twitter:creator\" content=\"@bellunopress\" \/>\n<meta name=\"twitter:site\" content=\"@bellunopress\" \/>\n<meta name=\"twitter:label1\" content=\"\u00c9crit par\" \/>\n\t<meta name=\"twitter:data1\" content=\"redazione\" \/>\n\t<meta name=\"twitter:label2\" content=\"Dur\u00e9e de lecture estim\u00e9e\" \/>\n\t<meta name=\"twitter:data2\" content=\"1 minute\" \/>\n<script type=\"application\/ld+json\" class=\"yoast-schema-graph\">{\"@context\":\"https:\\\/\\\/schema.org\",\"@graph\":[{\"@type\":\"Article\",\"@id\":\"https:\\\/\\\/www.bellunopress.it\\\/2026\\\/04\\\/16\\\/paolo-doglioni-al-forum-internazionale-di-confcommercio\\\/#article\",\"isPartOf\":{\"@id\":\"https:\\\/\\\/www.bellunopress.it\\\/2026\\\/04\\\/16\\\/paolo-doglioni-al-forum-internazionale-di-confcommercio\\\/\"},\"author\":{\"name\":\"redazione\",\"@id\":\"https:\\\/\\\/www.bellunopress.it\\\/#\\\/schema\\\/person\\\/79bb06722b37ece1c03d3e94beb30d73\"},\"headline\":\"Paolo Doglioni al Forum Internazionale di Confcommercio\",\"datePublished\":\"2026-04-16T06:30:32+00:00\",\"mainEntityOfPage\":{\"@id\":\"https:\\\/\\\/www.bellunopress.it\\\/2026\\\/04\\\/16\\\/paolo-doglioni-al-forum-internazionale-di-confcommercio\\\/\"},\"wordCount\":221,\"publisher\":{\"@id\":\"https:\\\/\\\/www.bellunopress.it\\\/#organization\"},\"image\":{\"@id\":\"https:\\\/\\\/www.bellunopress.it\\\/2026\\\/04\\\/16\\\/paolo-doglioni-al-forum-internazionale-di-confcommercio\\\/#primaryimage\"},\"thumbnailUrl\":\"https:\\\/\\\/www.bellunopress.it\\\/wp-content\\\/uploads\\\/2026\\\/04\\\/Paolo-Doglioni.png\",\"articleSection\":[\"Lavoro, Economia, Turismo\"],\"inLanguage\":\"fr-FR\"},{\"@type\":\"WebPage\",\"@id\":\"https:\\\/\\\/www.bellunopress.it\\\/2026\\\/04\\\/16\\\/paolo-doglioni-al-forum-internazionale-di-confcommercio\\\/\",\"url\":\"https:\\\/\\\/www.bellunopress.it\\\/2026\\\/04\\\/16\\\/paolo-doglioni-al-forum-internazionale-di-confcommercio\\\/\",\"name\":\"Paolo Doglioni al Forum Internazionale di Confcommercio - Bellunopress - Dolomiti\",\"isPartOf\":{\"@id\":\"https:\\\/\\\/www.bellunopress.it\\\/#website\"},\"primaryImageOfPage\":{\"@id\":\"https:\\\/\\\/www.bellunopress.it\\\/2026\\\/04\\\/16\\\/paolo-doglioni-al-forum-internazionale-di-confcommercio\\\/#primaryimage\"},\"image\":{\"@id\":\"https:\\\/\\\/www.bellunopress.it\\\/2026\\\/04\\\/16\\\/paolo-doglioni-al-forum-internazionale-di-confcommercio\\\/#primaryimage\"},\"thumbnailUrl\":\"https:\\\/\\\/www.bellunopress.it\\\/wp-content\\\/uploads\\\/2026\\\/04\\\/Paolo-Doglioni.png\",\"datePublished\":\"2026-04-16T06:30:32+00:00\",\"breadcrumb\":{\"@id\":\"https:\\\/\\\/www.bellunopress.it\\\/2026\\\/04\\\/16\\\/paolo-doglioni-al-forum-internazionale-di-confcommercio\\\/#breadcrumb\"},\"inLanguage\":\"fr-FR\",\"potentialAction\":[{\"@type\":\"ReadAction\",\"target\":[\"https:\\\/\\\/www.bellunopress.it\\\/2026\\\/04\\\/16\\\/paolo-doglioni-al-forum-internazionale-di-confcommercio\\\/\"]}]},{\"@type\":\"ImageObject\",\"inLanguage\":\"fr-FR\",\"@id\":\"https:\\\/\\\/www.bellunopress.it\\\/2026\\\/04\\\/16\\\/paolo-doglioni-al-forum-internazionale-di-confcommercio\\\/#primaryimage\",\"url\":\"https:\\\/\\\/www.bellunopress.it\\\/wp-content\\\/uploads\\\/2026\\\/04\\\/Paolo-Doglioni.png\",\"contentUrl\":\"https:\\\/\\\/www.bellunopress.it\\\/wp-content\\\/uploads\\\/2026\\\/04\\\/Paolo-Doglioni.png\",\"width\":500,\"height\":443,\"caption\":\"Paolo Doglioni con il presidente nazionale di Confcommercio Carlo Sangalli a Villa Miani, Forum Confcommercio\"},{\"@type\":\"BreadcrumbList\",\"@id\":\"https:\\\/\\\/www.bellunopress.it\\\/2026\\\/04\\\/16\\\/paolo-doglioni-al-forum-internazionale-di-confcommercio\\\/#breadcrumb\",\"itemListElement\":[{\"@type\":\"ListItem\",\"position\":1,\"name\":\"Home\",\"item\":\"https:\\\/\\\/www.bellunopress.it\\\/\"},{\"@type\":\"ListItem\",\"position\":2,\"name\":\"Paolo Doglioni al Forum Internazionale di Confcommercio\"}]},{\"@type\":\"WebSite\",\"@id\":\"https:\\\/\\\/www.bellunopress.it\\\/#website\",\"url\":\"https:\\\/\\\/www.bellunopress.it\\\/\",\"name\":\"Bellunopress - Dolomiti\",\"description\":\"e-mail: redazione@bellunopress.it\",\"publisher\":{\"@id\":\"https:\\\/\\\/www.bellunopress.it\\\/#organization\"},\"potentialAction\":[{\"@type\":\"SearchAction\",\"target\":{\"@type\":\"EntryPoint\",\"urlTemplate\":\"https:\\\/\\\/www.bellunopress.it\\\/?s={search_term_string}\"},\"query-input\":{\"@type\":\"PropertyValueSpecification\",\"valueRequired\":true,\"valueName\":\"search_term_string\"}}],\"inLanguage\":\"fr-FR\"},{\"@type\":\"Organization\",\"@id\":\"https:\\\/\\\/www.bellunopress.it\\\/#organization\",\"name\":\"Bellunopress\",\"url\":\"https:\\\/\\\/www.bellunopress.it\\\/\",\"logo\":{\"@type\":\"ImageObject\",\"inLanguage\":\"fr-FR\",\"@id\":\"https:\\\/\\\/www.bellunopress.it\\\/#\\\/schema\\\/logo\\\/image\\\/\",\"url\":\"https:\\\/\\\/www.bellunopress.it\\\/wp-content\\\/uploads\\\/2011\\\/05\\\/cropped-logo-bellunopress-.jpg\",\"contentUrl\":\"https:\\\/\\\/www.bellunopress.it\\\/wp-content\\\/uploads\\\/2011\\\/05\\\/cropped-logo-bellunopress-.jpg\",\"width\":512,\"height\":512,\"caption\":\"Bellunopress\"},\"image\":{\"@id\":\"https:\\\/\\\/www.bellunopress.it\\\/#\\\/schema\\\/logo\\\/image\\\/\"},\"sameAs\":[\"https:\\\/\\\/www.facebook.com\\\/profile.php?id=100008943462799\",\"https:\\\/\\\/x.com\\\/bellunopress\",\"https:\\\/\\\/www.linkedin.com\\\/hp\\\/?dnr=JBzUWaJfMUw8vbXJJ2tVW5-I3jZKvC4wsoxE&amp;amp;amp;amp;amp;amp;trk=nav_responsive_tab_home\",\"https:\\\/\\\/www.youtube.com\\\/channel\\\/UCxL0wu1uN0_3_7hGG0306cw\"]},{\"@type\":\"Person\",\"@id\":\"https:\\\/\\\/www.bellunopress.it\\\/#\\\/schema\\\/person\\\/79bb06722b37ece1c03d3e94beb30d73\",\"name\":\"redazione\",\"image\":{\"@type\":\"ImageObject\",\"inLanguage\":\"fr-FR\",\"@id\":\"https:\\\/\\\/secure.gravatar.com\\\/avatar\\\/37d968a2e67a6fd04c169c4bdef102d0bc5d31b2546345219e348575eb80e9a0?s=96&d=mm&r=g\",\"url\":\"https:\\\/\\\/secure.gravatar.com\\\/avatar\\\/37d968a2e67a6fd04c169c4bdef102d0bc5d31b2546345219e348575eb80e9a0?s=96&d=mm&r=g\",\"contentUrl\":\"https:\\\/\\\/secure.gravatar.com\\\/avatar\\\/37d968a2e67a6fd04c169c4bdef102d0bc5d31b2546345219e348575eb80e9a0?s=96&d=mm&r=g\",\"caption\":\"redazione\"},\"sameAs\":[\"http:\\\/\\\/www.bellunopress.it\",\"https:\\\/\\\/x.com\\\/bellunopress\"],\"url\":\"https:\\\/\\\/www.bellunopress.it\\\/fr\\\/author\\\/redazione\\\/\"}]}<\/script>\n<!-- \/ Yoast SEO plugin. -->","yoast_head_json":{"title":"Paolo Doglioni al Forum Internazionale di Confcommercio - Bellunopress - Dolomiti","robots":{"index":"index","follow":"follow","max-snippet":"max-snippet:-1","max-image-preview":"max-image-preview:large","max-video-preview":"max-video-preview:-1"},"canonical":"https:\/\/www.bellunopress.it\/fr\/2026\/04\/16\/paolo-doglioni-al-forum-internazionale-di-confcommercio\/","og_locale":"fr_FR","og_type":"article","og_title":"Paolo Doglioni al Forum Internazionale di Confcommercio - Bellunopress - Dolomiti","og_description":"Si \u00e8 svolto a Roma, nella prestigiosa cornice di Villa Miani, la 25^ edizione del Forum internazionale di Confcommercio \u201cI protagonisti del mercato e gli scenari per gli anni 2000\u201d, organizzato in collaborazione con Ambrosetti. Anche Paolo Doglioni, presidente del sistema territoriale bellunese di Confcommercio e componente degli organi direttivi nazionali della Confederazione, ha partecipato [&hellip;]","og_url":"https:\/\/www.bellunopress.it\/fr\/2026\/04\/16\/paolo-doglioni-al-forum-internazionale-di-confcommercio\/","og_site_name":"Bellunopress - Dolomiti","article_publisher":"https:\/\/www.facebook.com\/profile.php?id=100008943462799","article_published_time":"2026-04-16T06:30:32+00:00","og_image":[{"width":500,"height":443,"url":"https:\/\/www.bellunopress.it\/wp-content\/uploads\/2026\/04\/Paolo-Doglioni.png","type":"image\/png"}],"author":"redazione","twitter_card":"summary_large_image","twitter_creator":"@bellunopress","twitter_site":"@bellunopress","twitter_misc":{"\u00c9crit par":"redazione","Dur\u00e9e de lecture estim\u00e9e":"1 minute"},"schema":{"@context":"https:\/\/schema.org","@graph":[{"@type":"Article","@id":"https:\/\/www.bellunopress.it\/2026\/04\/16\/paolo-doglioni-al-forum-internazionale-di-confcommercio\/#article","isPartOf":{"@id":"https:\/\/www.bellunopress.it\/2026\/04\/16\/paolo-doglioni-al-forum-internazionale-di-confcommercio\/"},"author":{"name":"redazione","@id":"https:\/\/www.bellunopress.it\/#\/schema\/person\/79bb06722b37ece1c03d3e94beb30d73"},"headline":"Paolo Doglioni al Forum Internazionale di Confcommercio","datePublished":"2026-04-16T06:30:32+00:00","mainEntityOfPage":{"@id":"https:\/\/www.bellunopress.it\/2026\/04\/16\/paolo-doglioni-al-forum-internazionale-di-confcommercio\/"},"wordCount":221,"publisher":{"@id":"https:\/\/www.bellunopress.it\/#organization"},"image":{"@id":"https:\/\/www.bellunopress.it\/2026\/04\/16\/paolo-doglioni-al-forum-internazionale-di-confcommercio\/#primaryimage"},"thumbnailUrl":"https:\/\/www.bellunopress.it\/wp-content\/uploads\/2026\/04\/Paolo-Doglioni.png","articleSection":["Lavoro, Economia, Turismo"],"inLanguage":"fr-FR"},{"@type":"WebPage","@id":"https:\/\/www.bellunopress.it\/2026\/04\/16\/paolo-doglioni-al-forum-internazionale-di-confcommercio\/","url":"https:\/\/www.bellunopress.it\/2026\/04\/16\/paolo-doglioni-al-forum-internazionale-di-confcommercio\/","name":"Paolo Doglioni al Forum Internazionale di Confcommercio - Bellunopress - Dolomiti","isPartOf":{"@id":"https:\/\/www.bellunopress.it\/#website"},"primaryImageOfPage":{"@id":"https:\/\/www.bellunopress.it\/2026\/04\/16\/paolo-doglioni-al-forum-internazionale-di-confcommercio\/#primaryimage"},"image":{"@id":"https:\/\/www.bellunopress.it\/2026\/04\/16\/paolo-doglioni-al-forum-internazionale-di-confcommercio\/#primaryimage"},"thumbnailUrl":"https:\/\/www.bellunopress.it\/wp-content\/uploads\/2026\/04\/Paolo-Doglioni.png","datePublished":"2026-04-16T06:30:32+00:00","breadcrumb":{"@id":"https:\/\/www.bellunopress.it\/2026\/04\/16\/paolo-doglioni-al-forum-internazionale-di-confcommercio\/#breadcrumb"},"inLanguage":"fr-FR","potentialAction":[{"@type":"ReadAction","target":["https:\/\/www.bellunopress.it\/2026\/04\/16\/paolo-doglioni-al-forum-internazionale-di-confcommercio\/"]}]},{"@type":"ImageObject","inLanguage":"fr-FR","@id":"https:\/\/www.bellunopress.it\/2026\/04\/16\/paolo-doglioni-al-forum-internazionale-di-confcommercio\/#primaryimage","url":"https:\/\/www.bellunopress.it\/wp-content\/uploads\/2026\/04\/Paolo-Doglioni.png","contentUrl":"https:\/\/www.bellunopress.it\/wp-content\/uploads\/2026\/04\/Paolo-Doglioni.png","width":500,"height":443,"caption":"Paolo Doglioni con il presidente nazionale di Confcommercio Carlo Sangalli a Villa Miani, Forum Confcommercio"},{"@type":"BreadcrumbList","@id":"https:\/\/www.bellunopress.it\/2026\/04\/16\/paolo-doglioni-al-forum-internazionale-di-confcommercio\/#breadcrumb","itemListElement":[{"@type":"ListItem","position":1,"name":"Home","item":"https:\/\/www.bellunopress.it\/"},{"@type":"ListItem","position":2,"name":"Paolo Doglioni al Forum Internazionale di Confcommercio"}]},{"@type":"WebSite","@id":"https:\/\/www.bellunopress.it\/#website","url":"https:\/\/www.bellunopress.it\/","name":"Bellunopress - Dolomiti","description":"e-mail: redazione@bellunopress.it","publisher":{"@id":"https:\/\/www.bellunopress.it\/#organization"},"potentialAction":[{"@type":"SearchAction","target":{"@type":"EntryPoint","urlTemplate":"https:\/\/www.bellunopress.it\/?s={search_term_string}"},"query-input":{"@type":"PropertyValueSpecification","valueRequired":true,"valueName":"search_term_string"}}],"inLanguage":"fr-FR"},{"@type":"Organization","@id":"https:\/\/www.bellunopress.it\/#organization","name":"Bellunopress","url":"https:\/\/www.bellunopress.it\/","logo":{"@type":"ImageObject","inLanguage":"fr-FR","@id":"https:\/\/www.bellunopress.it\/#\/schema\/logo\/image\/","url":"https:\/\/www.bellunopress.it\/wp-content\/uploads\/2011\/05\/cropped-logo-bellunopress-.jpg","contentUrl":"https:\/\/www.bellunopress.it\/wp-content\/uploads\/2011\/05\/cropped-logo-bellunopress-.jpg","width":512,"height":512,"caption":"Bellunopress"},"image":{"@id":"https:\/\/www.bellunopress.it\/#\/schema\/logo\/image\/"},"sameAs":["https:\/\/www.facebook.com\/profile.php?id=100008943462799","https:\/\/x.com\/bellunopress","https:\/\/www.linkedin.com\/hp\/?dnr=JBzUWaJfMUw8vbXJJ2tVW5-I3jZKvC4wsoxE&amp;amp;amp;amp;amp;amp;trk=nav_responsive_tab_home","https:\/\/www.youtube.com\/channel\/UCxL0wu1uN0_3_7hGG0306cw"]},{"@type":"Person","@id":"https:\/\/www.bellunopress.it\/#\/schema\/person\/79bb06722b37ece1c03d3e94beb30d73","name":"r\u00e9daction","image":{"@type":"ImageObject","inLanguage":"fr-FR","@id":"https:\/\/secure.gravatar.com\/avatar\/37d968a2e67a6fd04c169c4bdef102d0bc5d31b2546345219e348575eb80e9a0?s=96&d=mm&r=g","url":"https:\/\/secure.gravatar.com\/avatar\/37d968a2e67a6fd04c169c4bdef102d0bc5d31b2546345219e348575eb80e9a0?s=96&d=mm&r=g","contentUrl":"https:\/\/secure.gravatar.com\/avatar\/37d968a2e67a6fd04c169c4bdef102d0bc5d31b2546345219e348575eb80e9a0?s=96&d=mm&r=g","caption":"redazione"},"sameAs":["http:\/\/www.bellunopress.it","https:\/\/x.com\/bellunopress"],"url":"https:\/\/www.bellunopress.it\/fr\/author\/redazione\/"}]}},"_links":{"self":[{"href":"https:\/\/www.bellunopress.it\/fr\/wp-json\/wp\/v2\/posts\/169173","targetHints":{"allow":["GET"]}}],"collection":[{"href":"https:\/\/www.bellunopress.it\/fr\/wp-json\/wp\/v2\/posts"}],"about":[{"href":"https:\/\/www.bellunopress.it\/fr\/wp-json\/wp\/v2\/types\/post"}],"author":[{"embeddable":true,"href":"https:\/\/www.bellunopress.it\/fr\/wp-json\/wp\/v2\/users\/2"}],"replies":[{"embeddable":true,"href":"https:\/\/www.bellunopress.it\/fr\/wp-json\/wp\/v2\/comments?post=169173"}],"version-history":[{"count":1,"href":"https:\/\/www.bellunopress.it\/fr\/wp-json\/wp\/v2\/posts\/169173\/revisions"}],"predecessor-version":[{"id":169175,"href":"https:\/\/www.bellunopress.it\/fr\/wp-json\/wp\/v2\/posts\/169173\/revisions\/169175"}],"wp:featuredmedia":[{"embeddable":true,"href":"https:\/\/www.bellunopress.it\/fr\/wp-json\/wp\/v2\/media\/169174"}],"wp:attachment":[{"href":"https:\/\/www.bellunopress.it\/fr\/wp-json\/wp\/v2\/media?parent=169173"}],"wp:term":[{"taxonomy":"category","embeddable":true,"href":"https:\/\/www.bellunopress.it\/fr\/wp-json\/wp\/v2\/categories?post=169173"},{"taxonomy":"post_tag","embeddable":true,"href":"https:\/\/www.bellunopress.it\/fr\/wp-json\/wp\/v2\/tags?post=169173"}],"curies":[{"name":"wp","href":"https:\/\/api.w.org\/{rel}","templated":true}]}}