{"id":169157,"date":"2026-04-15T15:29:27","date_gmt":"2026-04-15T13:29:27","guid":{"rendered":"https:\/\/www.bellunopress.it\/?p=169157"},"modified":"2026-04-15T15:32:00","modified_gmt":"2026-04-15T13:32:00","slug":"25-aprile-81-anniversario-della-liberazione-dellitalia-dal-nazi-fascismo-il-programma-della-festa-a-busche","status":"publish","type":"post","link":"https:\/\/www.bellunopress.it\/fr\/2026\/04\/15\/25-aprile-81-anniversario-della-liberazione-dellitalia-dal-nazi-fascismo-il-programma-della-festa-a-busche\/","title":{"rendered":"25 aprile, 81\u00b0 anniversario della liberazione dell&#8217;Italia dal nazi-fascismo. Il programma della festa a Busche"},"content":{"rendered":"<p>Il 25 aprile non deve essere solo un appuntamento istituzionale in cui Associazioni politiche e culturali celebrano la vittoria contro il nazi-fascismo, ma l\u2019occasione di una partecipazione diretta dei cittadini alla pi\u00f9 significativa festa di celebrazione della Repubblica.<\/p>\n<p>A sostenerlo sono l\u2019 ANPI, la CGIL, LIBERA, la RETE DEGLI STUDENTI MEDI, PACE E DISARMO di Belluno e molte altre associazioni della provincia, in occasione dell\u201981\u00b0 anniversario della Festa Nazionale della Liberazione dell\u2019Italia dal nazi-fascismo, che in questi ultimi quattro anni hanno promosso una festa popolare per la ricorrenza.<\/p>\n<p>I soggetti promotori vogliono cos\u00ec confermare il loro impegno in difesa dei valori della Costituzione della Repubblica italiana, nata dalla Resistenza e contro tutti coloro che perseguono ideali razzisti o omofobi incompatibili con i principi costituzionali.<br \/>\nIl 25 aprile \u00e8 il giorno in cui le forze che si richiamano all\u2019antifascismo riaffermano i valori della Carta costituzionale del nostro paese e ribadiscono il ripudio della guerra come strumento per la risoluzione delle dispute internazionali, cos\u00ec come previsto dall\u2019art. 11.<br \/>\nI gravi teatri di guerra che funestano il mondo, dal conflitto in Ucraina alla destabilizzazione del Medio Oriente, dall\u2019insensata guerra di Usa e Israele contro l\u2019Iran, il massacro della popolazione di Gaza e i molti altri conflitti nel mondo, non fanno che confermare l\u2019amara constatazione di Papa Francesco quando avvertiva che era gi\u00e0 in atto la \u201cterza guerra mondiale a pezzi\u201d.<\/p>\n<p>&#8220;Oggi assistiamo all\u2019affermarsi di politiche di potenza che mettono a rischio la convivenza pacifica tra i popoli, la guerra \u00e8 un abominio: dobbiamo impegnarci tutti per mettere fine ai grandi drammi prodotti da questa follia.<br \/>\nNon \u00e8 con il riarmo che si affermano i valori della pace, i Paesi Europei devono impegnarsi, invece, in una forte azione diplomatica unitaria tesa a fermare i conflitti e lavorare, come diceva il Presidente Pertini, affinch\u00e8 \u201csi svuotino gli arsenali e si riempiano i granai\u201d, e risorse e investimenti vadano a tutela dei pi\u00f9 deboli e non per la produzione di armi&#8221;.<\/p>\n<p>&#8220;Allo stesso modo denunciamo con grande preoccupazione ogni proposta di revisione costituzionale volta a restringere gli spazi di partecipazione democratica in spregio a quanto previsto dalla nostra Carta Costituzionale che attribuisce centralit\u00e0 al Parlamento e allo strumento referendario, elementi fondanti della democrazia a garanzia della sovranit\u00e0 popolare.<br \/>\nIl recente esito referendario ha testimoniato quanto sia profondo il legame tra una cittadinanza attiva e i valori della Costituzione, soprattutto fra le giovani generazioni.<br \/>\nIn occasione del 25 Aprile ribadiamo l\u2019impegno in difesa della libert\u00e0 e dell\u2019uguaglianza di tutti gli uomini e le donne senza distinzione di razza, di fede religiosa, di appartenenza politica cos\u00ec come stabilito dalla Costituzione per cui ogni individuo deve veder garantito ogni suo diritto&#8221;.<\/p>\n<p>&#8220;Per questo motivo intendiamo mettere l\u2019accento della nostra festa sul fatto che quest\u2019anno cade anche l\u201980\u00b0 anniversario dell&#8217;introduzione del suffragio universale nel nostro paese. Il 2 giugno 1946, finalmente, anche le donne poterono partecipare attivamente alla vita politica con pari diritti elettorali degli uomini. A tutte le donne che allora andarono a votare per la prima volta e alle \u201cmadri costituenti\u201d che furono elette nell\u2019Assemblea Costituente vogliamo dare un saluto e un doveroso ringraziamento a Busche.<br \/>\nI nostri riferimenti culturali e politici sono l\u2019antifascismo e il ripudio della guerra a garanzia<br \/>\ndell\u2019unit\u00e0 del Paese superando ogni ostacolo che impedisca il raggiungimento della sostanziale eguaglianza delle donne e degli uomini in Italia, al di l\u00e0 della loro cittadinanza, religione o credo politico&#8221;.<\/p>\n<p>&#8220;Invitiamo tutte le forze politiche, le associazioni culturali e sociali che si richiamano ai valori della Costituzione e dell\u2019Antifascismo ad aderire alla festa del 25 aprile che verr\u00e0 organizzata a Busche di Cesiomaggiore presso l\u2019area attrezzata della Pro Loco&#8221;.<\/p>\n<p><strong>Il programma:<\/strong><br \/>\nore 12.30 apertura ristorante e chiosco<\/p>\n<p>ore 15.00<br \/>\n\u2022 Presentazione del Libro \u201cDonne e Uomini nella Resistenza della Sinistra Piave\u201d a cura di<br \/>\nAdriana Lotto, Enrico Bacchetti e Toni Sirena;<br \/>\n\u2022 Libere di scegliere: dalla lotta partigiana alle urne<br \/>\nRicordo di Teresa Mattei &#8211; intervento di Denise Casanova, Segretaria della CGIL di Belluno;<br \/>\n\u2022 presentazione della Marcia Stop Pesticidi del 26 aprile 2006 \u2013 intervento di Miguel Altieri,<br \/>\nagronomo.<\/p>\n<ul>\n<li>ore16.30 musica<\/li>\n<\/ul>\n<p>&nbsp;<\/p>","protected":false},"excerpt":{"rendered":"<p>Il 25 aprile non deve essere solo un appuntamento istituzionale in cui Associazioni politiche e culturali celebrano la vittoria contro il nazi-fascismo, ma l\u2019occasione di una partecipazione diretta dei cittadini alla pi\u00f9 significativa festa di celebrazione della Repubblica. A sostenerlo sono l\u2019 ANPI, la CGIL, LIBERA, la RETE DEGLI STUDENTI MEDI, PACE E DISARMO di [&hellip;]<\/p>\n","protected":false},"author":2,"featured_media":123695,"comment_status":"closed","ping_status":"open","sticky":false,"template":"","format":"standard","meta":{"footnotes":""},"categories":[27,25],"tags":[],"class_list":["post-169157","post","type-post","status-publish","format-standard","has-post-thumbnail","category-appuntamenti","category-pausa-caffe"],"yoast_head":"<!-- This site is optimized with the Yoast SEO plugin v28.4 - https:\/\/yoast.com\/product\/yoast-seo-wordpress\/ -->\n<title>25 aprile, 81\u00b0 anniversario della liberazione dell&#039;Italia dal nazi-fascismo. Il programma della festa a Busche - Bellunopress - Dolomiti<\/title>\n<meta name=\"robots\" content=\"index, follow, max-snippet:-1, max-image-preview:large, max-video-preview:-1\" \/>\n<link rel=\"canonical\" href=\"https:\/\/www.bellunopress.it\/fr\/2026\/04\/15\/25-aprile-81-anniversario-della-liberazione-dellitalia-dal-nazi-fascismo-il-programma-della-festa-a-busche\/\" \/>\n<meta property=\"og:locale\" content=\"fr_FR\" \/>\n<meta property=\"og:type\" content=\"article\" \/>\n<meta property=\"og:title\" content=\"25 aprile, 81\u00b0 anniversario della liberazione dell&#039;Italia dal nazi-fascismo. Il programma della festa a Busche - Bellunopress - Dolomiti\" \/>\n<meta property=\"og:description\" content=\"Il 25 aprile non deve essere solo un appuntamento istituzionale in cui Associazioni politiche e culturali celebrano la vittoria contro il nazi-fascismo, ma l\u2019occasione di una partecipazione diretta dei cittadini alla pi\u00f9 significativa festa di celebrazione della Repubblica. A sostenerlo sono l\u2019 ANPI, la CGIL, LIBERA, la RETE DEGLI STUDENTI MEDI, PACE E DISARMO di [&hellip;]\" \/>\n<meta property=\"og:url\" content=\"https:\/\/www.bellunopress.it\/fr\/2026\/04\/15\/25-aprile-81-anniversario-della-liberazione-dellitalia-dal-nazi-fascismo-il-programma-della-festa-a-busche\/\" \/>\n<meta property=\"og:site_name\" content=\"Bellunopress - Dolomiti\" \/>\n<meta property=\"article:publisher\" content=\"https:\/\/www.facebook.com\/profile.php?id=100008943462799\" \/>\n<meta property=\"article:published_time\" content=\"2026-04-15T13:29:27+00:00\" \/>\n<meta property=\"article:modified_time\" content=\"2026-04-15T13:32:00+00:00\" \/>\n<meta property=\"og:image\" content=\"https:\/\/www.bellunopress.it\/wp-content\/uploads\/2021\/04\/cerimonia-25-aprile_edited.jpg\" \/>\n\t<meta property=\"og:image:width\" content=\"1000\" \/>\n\t<meta property=\"og:image:height\" content=\"615\" \/>\n\t<meta property=\"og:image:type\" content=\"image\/jpeg\" \/>\n<meta name=\"author\" content=\"redazione\" \/>\n<meta name=\"twitter:card\" content=\"summary_large_image\" \/>\n<meta name=\"twitter:creator\" content=\"@bellunopress\" \/>\n<meta name=\"twitter:site\" content=\"@bellunopress\" \/>\n<meta name=\"twitter:label1\" content=\"\u00c9crit par\" \/>\n\t<meta name=\"twitter:data1\" content=\"redazione\" \/>\n\t<meta name=\"twitter:label2\" content=\"Dur\u00e9e de lecture estim\u00e9e\" \/>\n\t<meta name=\"twitter:data2\" content=\"3 minutes\" \/>\n<script type=\"application\/ld+json\" class=\"yoast-schema-graph\">{\"@context\":\"https:\\\/\\\/schema.org\",\"@graph\":[{\"@type\":\"Article\",\"@id\":\"https:\\\/\\\/www.bellunopress.it\\\/2026\\\/04\\\/15\\\/25-aprile-81-anniversario-della-liberazione-dellitalia-dal-nazi-fascismo-il-programma-della-festa-a-busche\\\/#article\",\"isPartOf\":{\"@id\":\"https:\\\/\\\/www.bellunopress.it\\\/2026\\\/04\\\/15\\\/25-aprile-81-anniversario-della-liberazione-dellitalia-dal-nazi-fascismo-il-programma-della-festa-a-busche\\\/\"},\"author\":{\"name\":\"redazione\",\"@id\":\"https:\\\/\\\/www.bellunopress.it\\\/#\\\/schema\\\/person\\\/79bb06722b37ece1c03d3e94beb30d73\"},\"headline\":\"25 aprile, 81\u00b0 anniversario della liberazione dell&#8217;Italia dal nazi-fascismo. Il programma della festa a Busche\",\"datePublished\":\"2026-04-15T13:29:27+00:00\",\"dateModified\":\"2026-04-15T13:32:00+00:00\",\"mainEntityOfPage\":{\"@id\":\"https:\\\/\\\/www.bellunopress.it\\\/2026\\\/04\\\/15\\\/25-aprile-81-anniversario-della-liberazione-dellitalia-dal-nazi-fascismo-il-programma-della-festa-a-busche\\\/\"},\"wordCount\":690,\"publisher\":{\"@id\":\"https:\\\/\\\/www.bellunopress.it\\\/#organization\"},\"image\":{\"@id\":\"https:\\\/\\\/www.bellunopress.it\\\/2026\\\/04\\\/15\\\/25-aprile-81-anniversario-della-liberazione-dellitalia-dal-nazi-fascismo-il-programma-della-festa-a-busche\\\/#primaryimage\"},\"thumbnailUrl\":\"https:\\\/\\\/www.bellunopress.it\\\/wp-content\\\/uploads\\\/2021\\\/04\\\/cerimonia-25-aprile_edited.jpg\",\"articleSection\":[\"Appuntamenti, Eventi\",\"Pausa Caff\u00e8\"],\"inLanguage\":\"fr-FR\"},{\"@type\":\"WebPage\",\"@id\":\"https:\\\/\\\/www.bellunopress.it\\\/2026\\\/04\\\/15\\\/25-aprile-81-anniversario-della-liberazione-dellitalia-dal-nazi-fascismo-il-programma-della-festa-a-busche\\\/\",\"url\":\"https:\\\/\\\/www.bellunopress.it\\\/2026\\\/04\\\/15\\\/25-aprile-81-anniversario-della-liberazione-dellitalia-dal-nazi-fascismo-il-programma-della-festa-a-busche\\\/\",\"name\":\"25 aprile, 81\u00b0 anniversario della liberazione dell'Italia dal nazi-fascismo. Il programma della festa a Busche - Bellunopress - Dolomiti\",\"isPartOf\":{\"@id\":\"https:\\\/\\\/www.bellunopress.it\\\/#website\"},\"primaryImageOfPage\":{\"@id\":\"https:\\\/\\\/www.bellunopress.it\\\/2026\\\/04\\\/15\\\/25-aprile-81-anniversario-della-liberazione-dellitalia-dal-nazi-fascismo-il-programma-della-festa-a-busche\\\/#primaryimage\"},\"image\":{\"@id\":\"https:\\\/\\\/www.bellunopress.it\\\/2026\\\/04\\\/15\\\/25-aprile-81-anniversario-della-liberazione-dellitalia-dal-nazi-fascismo-il-programma-della-festa-a-busche\\\/#primaryimage\"},\"thumbnailUrl\":\"https:\\\/\\\/www.bellunopress.it\\\/wp-content\\\/uploads\\\/2021\\\/04\\\/cerimonia-25-aprile_edited.jpg\",\"datePublished\":\"2026-04-15T13:29:27+00:00\",\"dateModified\":\"2026-04-15T13:32:00+00:00\",\"breadcrumb\":{\"@id\":\"https:\\\/\\\/www.bellunopress.it\\\/2026\\\/04\\\/15\\\/25-aprile-81-anniversario-della-liberazione-dellitalia-dal-nazi-fascismo-il-programma-della-festa-a-busche\\\/#breadcrumb\"},\"inLanguage\":\"fr-FR\",\"potentialAction\":[{\"@type\":\"ReadAction\",\"target\":[\"https:\\\/\\\/www.bellunopress.it\\\/2026\\\/04\\\/15\\\/25-aprile-81-anniversario-della-liberazione-dellitalia-dal-nazi-fascismo-il-programma-della-festa-a-busche\\\/\"]}]},{\"@type\":\"ImageObject\",\"inLanguage\":\"fr-FR\",\"@id\":\"https:\\\/\\\/www.bellunopress.it\\\/2026\\\/04\\\/15\\\/25-aprile-81-anniversario-della-liberazione-dellitalia-dal-nazi-fascismo-il-programma-della-festa-a-busche\\\/#primaryimage\",\"url\":\"https:\\\/\\\/www.bellunopress.it\\\/wp-content\\\/uploads\\\/2021\\\/04\\\/cerimonia-25-aprile_edited.jpg\",\"contentUrl\":\"https:\\\/\\\/www.bellunopress.it\\\/wp-content\\\/uploads\\\/2021\\\/04\\\/cerimonia-25-aprile_edited.jpg\",\"width\":1000,\"height\":615},{\"@type\":\"BreadcrumbList\",\"@id\":\"https:\\\/\\\/www.bellunopress.it\\\/2026\\\/04\\\/15\\\/25-aprile-81-anniversario-della-liberazione-dellitalia-dal-nazi-fascismo-il-programma-della-festa-a-busche\\\/#breadcrumb\",\"itemListElement\":[{\"@type\":\"ListItem\",\"position\":1,\"name\":\"Home\",\"item\":\"https:\\\/\\\/www.bellunopress.it\\\/\"},{\"@type\":\"ListItem\",\"position\":2,\"name\":\"25 aprile, 81\u00b0 anniversario della liberazione dell&#8217;Italia dal nazi-fascismo. Il programma della festa a Busche\"}]},{\"@type\":\"WebSite\",\"@id\":\"https:\\\/\\\/www.bellunopress.it\\\/#website\",\"url\":\"https:\\\/\\\/www.bellunopress.it\\\/\",\"name\":\"Bellunopress - Dolomiti\",\"description\":\"e-mail: redazione@bellunopress.it\",\"publisher\":{\"@id\":\"https:\\\/\\\/www.bellunopress.it\\\/#organization\"},\"potentialAction\":[{\"@type\":\"SearchAction\",\"target\":{\"@type\":\"EntryPoint\",\"urlTemplate\":\"https:\\\/\\\/www.bellunopress.it\\\/?s={search_term_string}\"},\"query-input\":{\"@type\":\"PropertyValueSpecification\",\"valueRequired\":true,\"valueName\":\"search_term_string\"}}],\"inLanguage\":\"fr-FR\"},{\"@type\":\"Organization\",\"@id\":\"https:\\\/\\\/www.bellunopress.it\\\/#organization\",\"name\":\"Bellunopress\",\"url\":\"https:\\\/\\\/www.bellunopress.it\\\/\",\"logo\":{\"@type\":\"ImageObject\",\"inLanguage\":\"fr-FR\",\"@id\":\"https:\\\/\\\/www.bellunopress.it\\\/#\\\/schema\\\/logo\\\/image\\\/\",\"url\":\"https:\\\/\\\/www.bellunopress.it\\\/wp-content\\\/uploads\\\/2011\\\/05\\\/cropped-logo-bellunopress-.jpg\",\"contentUrl\":\"https:\\\/\\\/www.bellunopress.it\\\/wp-content\\\/uploads\\\/2011\\\/05\\\/cropped-logo-bellunopress-.jpg\",\"width\":512,\"height\":512,\"caption\":\"Bellunopress\"},\"image\":{\"@id\":\"https:\\\/\\\/www.bellunopress.it\\\/#\\\/schema\\\/logo\\\/image\\\/\"},\"sameAs\":[\"https:\\\/\\\/www.facebook.com\\\/profile.php?id=100008943462799\",\"https:\\\/\\\/x.com\\\/bellunopress\",\"https:\\\/\\\/www.linkedin.com\\\/hp\\\/?dnr=JBzUWaJfMUw8vbXJJ2tVW5-I3jZKvC4wsoxE&amp;amp;amp;amp;amp;amp;trk=nav_responsive_tab_home\",\"https:\\\/\\\/www.youtube.com\\\/channel\\\/UCxL0wu1uN0_3_7hGG0306cw\"]},{\"@type\":\"Person\",\"@id\":\"https:\\\/\\\/www.bellunopress.it\\\/#\\\/schema\\\/person\\\/79bb06722b37ece1c03d3e94beb30d73\",\"name\":\"redazione\",\"image\":{\"@type\":\"ImageObject\",\"inLanguage\":\"fr-FR\",\"@id\":\"https:\\\/\\\/secure.gravatar.com\\\/avatar\\\/37d968a2e67a6fd04c169c4bdef102d0bc5d31b2546345219e348575eb80e9a0?s=96&d=mm&r=g\",\"url\":\"https:\\\/\\\/secure.gravatar.com\\\/avatar\\\/37d968a2e67a6fd04c169c4bdef102d0bc5d31b2546345219e348575eb80e9a0?s=96&d=mm&r=g\",\"contentUrl\":\"https:\\\/\\\/secure.gravatar.com\\\/avatar\\\/37d968a2e67a6fd04c169c4bdef102d0bc5d31b2546345219e348575eb80e9a0?s=96&d=mm&r=g\",\"caption\":\"redazione\"},\"sameAs\":[\"http:\\\/\\\/www.bellunopress.it\",\"https:\\\/\\\/x.com\\\/bellunopress\"],\"url\":\"https:\\\/\\\/www.bellunopress.it\\\/fr\\\/author\\\/redazione\\\/\"}]}<\/script>\n<!-- \/ Yoast SEO plugin. -->","yoast_head_json":{"title":"25 aprile, 81\u00b0 anniversario della liberazione dell'Italia dal nazi-fascismo. Il programma della festa a Busche - Bellunopress - Dolomiti","robots":{"index":"index","follow":"follow","max-snippet":"max-snippet:-1","max-image-preview":"max-image-preview:large","max-video-preview":"max-video-preview:-1"},"canonical":"https:\/\/www.bellunopress.it\/fr\/2026\/04\/15\/25-aprile-81-anniversario-della-liberazione-dellitalia-dal-nazi-fascismo-il-programma-della-festa-a-busche\/","og_locale":"fr_FR","og_type":"article","og_title":"25 aprile, 81\u00b0 anniversario della liberazione dell'Italia dal nazi-fascismo. Il programma della festa a Busche - Bellunopress - Dolomiti","og_description":"Il 25 aprile non deve essere solo un appuntamento istituzionale in cui Associazioni politiche e culturali celebrano la vittoria contro il nazi-fascismo, ma l\u2019occasione di una partecipazione diretta dei cittadini alla pi\u00f9 significativa festa di celebrazione della Repubblica. A sostenerlo sono l\u2019 ANPI, la CGIL, LIBERA, la RETE DEGLI STUDENTI MEDI, PACE E DISARMO di [&hellip;]","og_url":"https:\/\/www.bellunopress.it\/fr\/2026\/04\/15\/25-aprile-81-anniversario-della-liberazione-dellitalia-dal-nazi-fascismo-il-programma-della-festa-a-busche\/","og_site_name":"Bellunopress - Dolomiti","article_publisher":"https:\/\/www.facebook.com\/profile.php?id=100008943462799","article_published_time":"2026-04-15T13:29:27+00:00","article_modified_time":"2026-04-15T13:32:00+00:00","og_image":[{"width":1000,"height":615,"url":"https:\/\/www.bellunopress.it\/wp-content\/uploads\/2021\/04\/cerimonia-25-aprile_edited.jpg","type":"image\/jpeg"}],"author":"redazione","twitter_card":"summary_large_image","twitter_creator":"@bellunopress","twitter_site":"@bellunopress","twitter_misc":{"\u00c9crit par":"redazione","Dur\u00e9e de lecture estim\u00e9e":"3 minutes"},"schema":{"@context":"https:\/\/schema.org","@graph":[{"@type":"Article","@id":"https:\/\/www.bellunopress.it\/2026\/04\/15\/25-aprile-81-anniversario-della-liberazione-dellitalia-dal-nazi-fascismo-il-programma-della-festa-a-busche\/#article","isPartOf":{"@id":"https:\/\/www.bellunopress.it\/2026\/04\/15\/25-aprile-81-anniversario-della-liberazione-dellitalia-dal-nazi-fascismo-il-programma-della-festa-a-busche\/"},"author":{"name":"redazione","@id":"https:\/\/www.bellunopress.it\/#\/schema\/person\/79bb06722b37ece1c03d3e94beb30d73"},"headline":"25 aprile, 81\u00b0 anniversario della liberazione dell&#8217;Italia dal nazi-fascismo. Il programma della festa a Busche","datePublished":"2026-04-15T13:29:27+00:00","dateModified":"2026-04-15T13:32:00+00:00","mainEntityOfPage":{"@id":"https:\/\/www.bellunopress.it\/2026\/04\/15\/25-aprile-81-anniversario-della-liberazione-dellitalia-dal-nazi-fascismo-il-programma-della-festa-a-busche\/"},"wordCount":690,"publisher":{"@id":"https:\/\/www.bellunopress.it\/#organization"},"image":{"@id":"https:\/\/www.bellunopress.it\/2026\/04\/15\/25-aprile-81-anniversario-della-liberazione-dellitalia-dal-nazi-fascismo-il-programma-della-festa-a-busche\/#primaryimage"},"thumbnailUrl":"https:\/\/www.bellunopress.it\/wp-content\/uploads\/2021\/04\/cerimonia-25-aprile_edited.jpg","articleSection":["Appuntamenti, Eventi","Pausa Caff\u00e8"],"inLanguage":"fr-FR"},{"@type":"WebPage","@id":"https:\/\/www.bellunopress.it\/2026\/04\/15\/25-aprile-81-anniversario-della-liberazione-dellitalia-dal-nazi-fascismo-il-programma-della-festa-a-busche\/","url":"https:\/\/www.bellunopress.it\/2026\/04\/15\/25-aprile-81-anniversario-della-liberazione-dellitalia-dal-nazi-fascismo-il-programma-della-festa-a-busche\/","name":"25 aprile, 81\u00b0 anniversario della liberazione dell'Italia dal nazi-fascismo. Il programma della festa a Busche - Bellunopress - Dolomiti","isPartOf":{"@id":"https:\/\/www.bellunopress.it\/#website"},"primaryImageOfPage":{"@id":"https:\/\/www.bellunopress.it\/2026\/04\/15\/25-aprile-81-anniversario-della-liberazione-dellitalia-dal-nazi-fascismo-il-programma-della-festa-a-busche\/#primaryimage"},"image":{"@id":"https:\/\/www.bellunopress.it\/2026\/04\/15\/25-aprile-81-anniversario-della-liberazione-dellitalia-dal-nazi-fascismo-il-programma-della-festa-a-busche\/#primaryimage"},"thumbnailUrl":"https:\/\/www.bellunopress.it\/wp-content\/uploads\/2021\/04\/cerimonia-25-aprile_edited.jpg","datePublished":"2026-04-15T13:29:27+00:00","dateModified":"2026-04-15T13:32:00+00:00","breadcrumb":{"@id":"https:\/\/www.bellunopress.it\/2026\/04\/15\/25-aprile-81-anniversario-della-liberazione-dellitalia-dal-nazi-fascismo-il-programma-della-festa-a-busche\/#breadcrumb"},"inLanguage":"fr-FR","potentialAction":[{"@type":"ReadAction","target":["https:\/\/www.bellunopress.it\/2026\/04\/15\/25-aprile-81-anniversario-della-liberazione-dellitalia-dal-nazi-fascismo-il-programma-della-festa-a-busche\/"]}]},{"@type":"ImageObject","inLanguage":"fr-FR","@id":"https:\/\/www.bellunopress.it\/2026\/04\/15\/25-aprile-81-anniversario-della-liberazione-dellitalia-dal-nazi-fascismo-il-programma-della-festa-a-busche\/#primaryimage","url":"https:\/\/www.bellunopress.it\/wp-content\/uploads\/2021\/04\/cerimonia-25-aprile_edited.jpg","contentUrl":"https:\/\/www.bellunopress.it\/wp-content\/uploads\/2021\/04\/cerimonia-25-aprile_edited.jpg","width":1000,"height":615},{"@type":"BreadcrumbList","@id":"https:\/\/www.bellunopress.it\/2026\/04\/15\/25-aprile-81-anniversario-della-liberazione-dellitalia-dal-nazi-fascismo-il-programma-della-festa-a-busche\/#breadcrumb","itemListElement":[{"@type":"ListItem","position":1,"name":"Home","item":"https:\/\/www.bellunopress.it\/"},{"@type":"ListItem","position":2,"name":"25 aprile, 81\u00b0 anniversario della liberazione dell&#8217;Italia dal nazi-fascismo. Il programma della festa a Busche"}]},{"@type":"WebSite","@id":"https:\/\/www.bellunopress.it\/#website","url":"https:\/\/www.bellunopress.it\/","name":"Bellunopress - Dolomiti","description":"e-mail: redazione@bellunopress.it","publisher":{"@id":"https:\/\/www.bellunopress.it\/#organization"},"potentialAction":[{"@type":"SearchAction","target":{"@type":"EntryPoint","urlTemplate":"https:\/\/www.bellunopress.it\/?s={search_term_string}"},"query-input":{"@type":"PropertyValueSpecification","valueRequired":true,"valueName":"search_term_string"}}],"inLanguage":"fr-FR"},{"@type":"Organization","@id":"https:\/\/www.bellunopress.it\/#organization","name":"Bellunopress","url":"https:\/\/www.bellunopress.it\/","logo":{"@type":"ImageObject","inLanguage":"fr-FR","@id":"https:\/\/www.bellunopress.it\/#\/schema\/logo\/image\/","url":"https:\/\/www.bellunopress.it\/wp-content\/uploads\/2011\/05\/cropped-logo-bellunopress-.jpg","contentUrl":"https:\/\/www.bellunopress.it\/wp-content\/uploads\/2011\/05\/cropped-logo-bellunopress-.jpg","width":512,"height":512,"caption":"Bellunopress"},"image":{"@id":"https:\/\/www.bellunopress.it\/#\/schema\/logo\/image\/"},"sameAs":["https:\/\/www.facebook.com\/profile.php?id=100008943462799","https:\/\/x.com\/bellunopress","https:\/\/www.linkedin.com\/hp\/?dnr=JBzUWaJfMUw8vbXJJ2tVW5-I3jZKvC4wsoxE&amp;amp;amp;amp;amp;amp;trk=nav_responsive_tab_home","https:\/\/www.youtube.com\/channel\/UCxL0wu1uN0_3_7hGG0306cw"]},{"@type":"Person","@id":"https:\/\/www.bellunopress.it\/#\/schema\/person\/79bb06722b37ece1c03d3e94beb30d73","name":"r\u00e9daction","image":{"@type":"ImageObject","inLanguage":"fr-FR","@id":"https:\/\/secure.gravatar.com\/avatar\/37d968a2e67a6fd04c169c4bdef102d0bc5d31b2546345219e348575eb80e9a0?s=96&d=mm&r=g","url":"https:\/\/secure.gravatar.com\/avatar\/37d968a2e67a6fd04c169c4bdef102d0bc5d31b2546345219e348575eb80e9a0?s=96&d=mm&r=g","contentUrl":"https:\/\/secure.gravatar.com\/avatar\/37d968a2e67a6fd04c169c4bdef102d0bc5d31b2546345219e348575eb80e9a0?s=96&d=mm&r=g","caption":"redazione"},"sameAs":["http:\/\/www.bellunopress.it","https:\/\/x.com\/bellunopress"],"url":"https:\/\/www.bellunopress.it\/fr\/author\/redazione\/"}]}},"_links":{"self":[{"href":"https:\/\/www.bellunopress.it\/fr\/wp-json\/wp\/v2\/posts\/169157","targetHints":{"allow":["GET"]}}],"collection":[{"href":"https:\/\/www.bellunopress.it\/fr\/wp-json\/wp\/v2\/posts"}],"about":[{"href":"https:\/\/www.bellunopress.it\/fr\/wp-json\/wp\/v2\/types\/post"}],"author":[{"embeddable":true,"href":"https:\/\/www.bellunopress.it\/fr\/wp-json\/wp\/v2\/users\/2"}],"replies":[{"embeddable":true,"href":"https:\/\/www.bellunopress.it\/fr\/wp-json\/wp\/v2\/comments?post=169157"}],"version-history":[{"count":3,"href":"https:\/\/www.bellunopress.it\/fr\/wp-json\/wp\/v2\/posts\/169157\/revisions"}],"predecessor-version":[{"id":169160,"href":"https:\/\/www.bellunopress.it\/fr\/wp-json\/wp\/v2\/posts\/169157\/revisions\/169160"}],"wp:featuredmedia":[{"embeddable":true,"href":"https:\/\/www.bellunopress.it\/fr\/wp-json\/wp\/v2\/media\/123695"}],"wp:attachment":[{"href":"https:\/\/www.bellunopress.it\/fr\/wp-json\/wp\/v2\/media?parent=169157"}],"wp:term":[{"taxonomy":"category","embeddable":true,"href":"https:\/\/www.bellunopress.it\/fr\/wp-json\/wp\/v2\/categories?post=169157"},{"taxonomy":"post_tag","embeddable":true,"href":"https:\/\/www.bellunopress.it\/fr\/wp-json\/wp\/v2\/tags?post=169157"}],"curies":[{"name":"wp","href":"https:\/\/api.w.org\/{rel}","templated":true}]}}