{"id":169154,"date":"2026-04-15T12:53:33","date_gmt":"2026-04-15T10:53:33","guid":{"rendered":"https:\/\/www.bellunopress.it\/?p=169154"},"modified":"2026-04-15T12:53:33","modified_gmt":"2026-04-15T10:53:33","slug":"droga-fermato-e-indagato-uno-chef-italiano-per-detenzione-e-spaccio-di-stupefacenti","status":"publish","type":"post","link":"https:\/\/www.bellunopress.it\/fr\/2026\/04\/15\/droga-fermato-e-indagato-uno-chef-italiano-per-detenzione-e-spaccio-di-stupefacenti\/","title":{"rendered":"Droga. Fermato e indagato uno chef italiano per detenzione e spaccio di stupefacenti"},"content":{"rendered":"<p>Belluno, 15\/04\/2026 &#8211; La Squadra Volante della Questura di Belluno, nel tardo pomeriggio del 13 aprile, ha fermato un\u2019auto nei pressi dell\u2019imbocco dell\u2019autostrada. Sin da subito la situazione \u00e8 apparsa sospetta agli operatori: l\u2019auto era infatti piena di bagagli e buste che impedivano di distinguere bene chi e cosa vi fosse all\u2019interno ed era inoltre pervasa da un forte profumo appena spruzzato.<\/p>\n<p>Pertanto gli agenti hanno deciso di approfondire il controllo.<\/p>\n<p>Il conducente, uno chef italiano classe \u201897, \u00e8 stato trovato in possesso di 1580 euro in denaro contante, occultato all\u2019interno di una valigia di piccole dimensioni, 40 grammi di marijuana, 51 grammi di hashish, un bilancino ed un coltellino sporco di sostanza stupefacente. Il tutto \u00e8 stato sequestrato e l\u2019uomo, gi\u00e0 gravato da un precedente specifico, \u00e8 stato indagato per detenzione di sostanza stupefacente ai fini di spaccio.<\/p>","protected":false},"excerpt":{"rendered":"<p>Belluno, 15\/04\/2026 &#8211; La Squadra Volante della Questura di Belluno, nel tardo pomeriggio del 13 aprile, ha fermato un\u2019auto nei pressi dell\u2019imbocco dell\u2019autostrada. Sin da subito la situazione \u00e8 apparsa sospetta agli operatori: l\u2019auto era infatti piena di bagagli e buste che impedivano di distinguere bene chi e cosa vi fosse all\u2019interno ed era inoltre [&hellip;]<\/p>\n","protected":false},"author":2,"featured_media":113203,"comment_status":"closed","ping_status":"open","sticky":false,"template":"","format":"standard","meta":{"footnotes":""},"categories":[5],"tags":[],"class_list":["post-169154","post","type-post","status-publish","format-standard","has-post-thumbnail","category-cronaca"],"yoast_head":"<!-- This site is optimized with the Yoast SEO plugin v28.4 - https:\/\/yoast.com\/product\/yoast-seo-wordpress\/ -->\n<title>Droga. Fermato e indagato uno chef italiano per detenzione e spaccio di stupefacenti - Bellunopress - Dolomiti<\/title>\n<meta name=\"robots\" content=\"index, follow, max-snippet:-1, max-image-preview:large, max-video-preview:-1\" \/>\n<link rel=\"canonical\" href=\"https:\/\/www.bellunopress.it\/fr\/2026\/04\/15\/droga-fermato-e-indagato-uno-chef-italiano-per-detenzione-e-spaccio-di-stupefacenti\/\" \/>\n<meta property=\"og:locale\" content=\"fr_FR\" \/>\n<meta property=\"og:type\" content=\"article\" \/>\n<meta property=\"og:title\" content=\"Droga. Fermato e indagato uno chef italiano per detenzione e spaccio di stupefacenti - Bellunopress - Dolomiti\" \/>\n<meta property=\"og:description\" content=\"Belluno, 15\/04\/2026 &#8211; La Squadra Volante della Questura di Belluno, nel tardo pomeriggio del 13 aprile, ha fermato un\u2019auto nei pressi dell\u2019imbocco dell\u2019autostrada. Sin da subito la situazione \u00e8 apparsa sospetta agli operatori: l\u2019auto era infatti piena di bagagli e buste che impedivano di distinguere bene chi e cosa vi fosse all\u2019interno ed era inoltre [&hellip;]\" \/>\n<meta property=\"og:url\" content=\"https:\/\/www.bellunopress.it\/fr\/2026\/04\/15\/droga-fermato-e-indagato-uno-chef-italiano-per-detenzione-e-spaccio-di-stupefacenti\/\" \/>\n<meta property=\"og:site_name\" content=\"Bellunopress - Dolomiti\" \/>\n<meta property=\"article:publisher\" content=\"https:\/\/www.facebook.com\/profile.php?id=100008943462799\" \/>\n<meta property=\"article:published_time\" content=\"2026-04-15T10:53:33+00:00\" \/>\n<meta property=\"og:image\" content=\"https:\/\/www.bellunopress.it\/wp-content\/uploads\/2020\/03\/polizia-squadra-volante_edited.jpg\" \/>\n\t<meta property=\"og:image:width\" content=\"583\" \/>\n\t<meta property=\"og:image:height\" content=\"338\" \/>\n\t<meta property=\"og:image:type\" content=\"image\/jpeg\" \/>\n<meta name=\"author\" content=\"redazione\" \/>\n<meta name=\"twitter:card\" content=\"summary_large_image\" \/>\n<meta name=\"twitter:creator\" content=\"@bellunopress\" \/>\n<meta name=\"twitter:site\" content=\"@bellunopress\" \/>\n<meta name=\"twitter:label1\" content=\"\u00c9crit par\" \/>\n\t<meta name=\"twitter:data1\" content=\"redazione\" \/>\n\t<meta name=\"twitter:label2\" content=\"Dur\u00e9e de lecture estim\u00e9e\" \/>\n\t<meta name=\"twitter:data2\" content=\"1 minute\" \/>\n<script type=\"application\/ld+json\" class=\"yoast-schema-graph\">{\"@context\":\"https:\\\/\\\/schema.org\",\"@graph\":[{\"@type\":\"Article\",\"@id\":\"https:\\\/\\\/www.bellunopress.it\\\/2026\\\/04\\\/15\\\/droga-fermato-e-indagato-uno-chef-italiano-per-detenzione-e-spaccio-di-stupefacenti\\\/#article\",\"isPartOf\":{\"@id\":\"https:\\\/\\\/www.bellunopress.it\\\/2026\\\/04\\\/15\\\/droga-fermato-e-indagato-uno-chef-italiano-per-detenzione-e-spaccio-di-stupefacenti\\\/\"},\"author\":{\"name\":\"redazione\",\"@id\":\"https:\\\/\\\/www.bellunopress.it\\\/#\\\/schema\\\/person\\\/79bb06722b37ece1c03d3e94beb30d73\"},\"headline\":\"Droga. Fermato e indagato uno chef italiano per detenzione e spaccio di stupefacenti\",\"datePublished\":\"2026-04-15T10:53:33+00:00\",\"mainEntityOfPage\":{\"@id\":\"https:\\\/\\\/www.bellunopress.it\\\/2026\\\/04\\\/15\\\/droga-fermato-e-indagato-uno-chef-italiano-per-detenzione-e-spaccio-di-stupefacenti\\\/\"},\"wordCount\":149,\"publisher\":{\"@id\":\"https:\\\/\\\/www.bellunopress.it\\\/#organization\"},\"image\":{\"@id\":\"https:\\\/\\\/www.bellunopress.it\\\/2026\\\/04\\\/15\\\/droga-fermato-e-indagato-uno-chef-italiano-per-detenzione-e-spaccio-di-stupefacenti\\\/#primaryimage\"},\"thumbnailUrl\":\"https:\\\/\\\/www.bellunopress.it\\\/wp-content\\\/uploads\\\/2020\\\/03\\\/polizia-squadra-volante_edited.jpg\",\"articleSection\":[\"Cronaca\\\/Politica\"],\"inLanguage\":\"fr-FR\"},{\"@type\":\"WebPage\",\"@id\":\"https:\\\/\\\/www.bellunopress.it\\\/2026\\\/04\\\/15\\\/droga-fermato-e-indagato-uno-chef-italiano-per-detenzione-e-spaccio-di-stupefacenti\\\/\",\"url\":\"https:\\\/\\\/www.bellunopress.it\\\/2026\\\/04\\\/15\\\/droga-fermato-e-indagato-uno-chef-italiano-per-detenzione-e-spaccio-di-stupefacenti\\\/\",\"name\":\"Droga. Fermato e indagato uno chef italiano per detenzione e spaccio di stupefacenti - Bellunopress - Dolomiti\",\"isPartOf\":{\"@id\":\"https:\\\/\\\/www.bellunopress.it\\\/#website\"},\"primaryImageOfPage\":{\"@id\":\"https:\\\/\\\/www.bellunopress.it\\\/2026\\\/04\\\/15\\\/droga-fermato-e-indagato-uno-chef-italiano-per-detenzione-e-spaccio-di-stupefacenti\\\/#primaryimage\"},\"image\":{\"@id\":\"https:\\\/\\\/www.bellunopress.it\\\/2026\\\/04\\\/15\\\/droga-fermato-e-indagato-uno-chef-italiano-per-detenzione-e-spaccio-di-stupefacenti\\\/#primaryimage\"},\"thumbnailUrl\":\"https:\\\/\\\/www.bellunopress.it\\\/wp-content\\\/uploads\\\/2020\\\/03\\\/polizia-squadra-volante_edited.jpg\",\"datePublished\":\"2026-04-15T10:53:33+00:00\",\"breadcrumb\":{\"@id\":\"https:\\\/\\\/www.bellunopress.it\\\/2026\\\/04\\\/15\\\/droga-fermato-e-indagato-uno-chef-italiano-per-detenzione-e-spaccio-di-stupefacenti\\\/#breadcrumb\"},\"inLanguage\":\"fr-FR\",\"potentialAction\":[{\"@type\":\"ReadAction\",\"target\":[\"https:\\\/\\\/www.bellunopress.it\\\/2026\\\/04\\\/15\\\/droga-fermato-e-indagato-uno-chef-italiano-per-detenzione-e-spaccio-di-stupefacenti\\\/\"]}]},{\"@type\":\"ImageObject\",\"inLanguage\":\"fr-FR\",\"@id\":\"https:\\\/\\\/www.bellunopress.it\\\/2026\\\/04\\\/15\\\/droga-fermato-e-indagato-uno-chef-italiano-per-detenzione-e-spaccio-di-stupefacenti\\\/#primaryimage\",\"url\":\"https:\\\/\\\/www.bellunopress.it\\\/wp-content\\\/uploads\\\/2020\\\/03\\\/polizia-squadra-volante_edited.jpg\",\"contentUrl\":\"https:\\\/\\\/www.bellunopress.it\\\/wp-content\\\/uploads\\\/2020\\\/03\\\/polizia-squadra-volante_edited.jpg\",\"width\":583,\"height\":338},{\"@type\":\"BreadcrumbList\",\"@id\":\"https:\\\/\\\/www.bellunopress.it\\\/2026\\\/04\\\/15\\\/droga-fermato-e-indagato-uno-chef-italiano-per-detenzione-e-spaccio-di-stupefacenti\\\/#breadcrumb\",\"itemListElement\":[{\"@type\":\"ListItem\",\"position\":1,\"name\":\"Home\",\"item\":\"https:\\\/\\\/www.bellunopress.it\\\/\"},{\"@type\":\"ListItem\",\"position\":2,\"name\":\"Droga. Fermato e indagato uno chef italiano per detenzione e spaccio di stupefacenti\"}]},{\"@type\":\"WebSite\",\"@id\":\"https:\\\/\\\/www.bellunopress.it\\\/#website\",\"url\":\"https:\\\/\\\/www.bellunopress.it\\\/\",\"name\":\"Bellunopress - Dolomiti\",\"description\":\"e-mail: redazione@bellunopress.it\",\"publisher\":{\"@id\":\"https:\\\/\\\/www.bellunopress.it\\\/#organization\"},\"potentialAction\":[{\"@type\":\"SearchAction\",\"target\":{\"@type\":\"EntryPoint\",\"urlTemplate\":\"https:\\\/\\\/www.bellunopress.it\\\/?s={search_term_string}\"},\"query-input\":{\"@type\":\"PropertyValueSpecification\",\"valueRequired\":true,\"valueName\":\"search_term_string\"}}],\"inLanguage\":\"fr-FR\"},{\"@type\":\"Organization\",\"@id\":\"https:\\\/\\\/www.bellunopress.it\\\/#organization\",\"name\":\"Bellunopress\",\"url\":\"https:\\\/\\\/www.bellunopress.it\\\/\",\"logo\":{\"@type\":\"ImageObject\",\"inLanguage\":\"fr-FR\",\"@id\":\"https:\\\/\\\/www.bellunopress.it\\\/#\\\/schema\\\/logo\\\/image\\\/\",\"url\":\"https:\\\/\\\/www.bellunopress.it\\\/wp-content\\\/uploads\\\/2011\\\/05\\\/cropped-logo-bellunopress-.jpg\",\"contentUrl\":\"https:\\\/\\\/www.bellunopress.it\\\/wp-content\\\/uploads\\\/2011\\\/05\\\/cropped-logo-bellunopress-.jpg\",\"width\":512,\"height\":512,\"caption\":\"Bellunopress\"},\"image\":{\"@id\":\"https:\\\/\\\/www.bellunopress.it\\\/#\\\/schema\\\/logo\\\/image\\\/\"},\"sameAs\":[\"https:\\\/\\\/www.facebook.com\\\/profile.php?id=100008943462799\",\"https:\\\/\\\/x.com\\\/bellunopress\",\"https:\\\/\\\/www.linkedin.com\\\/hp\\\/?dnr=JBzUWaJfMUw8vbXJJ2tVW5-I3jZKvC4wsoxE&amp;amp;amp;amp;amp;amp;trk=nav_responsive_tab_home\",\"https:\\\/\\\/www.youtube.com\\\/channel\\\/UCxL0wu1uN0_3_7hGG0306cw\"]},{\"@type\":\"Person\",\"@id\":\"https:\\\/\\\/www.bellunopress.it\\\/#\\\/schema\\\/person\\\/79bb06722b37ece1c03d3e94beb30d73\",\"name\":\"redazione\",\"image\":{\"@type\":\"ImageObject\",\"inLanguage\":\"fr-FR\",\"@id\":\"https:\\\/\\\/secure.gravatar.com\\\/avatar\\\/37d968a2e67a6fd04c169c4bdef102d0bc5d31b2546345219e348575eb80e9a0?s=96&d=mm&r=g\",\"url\":\"https:\\\/\\\/secure.gravatar.com\\\/avatar\\\/37d968a2e67a6fd04c169c4bdef102d0bc5d31b2546345219e348575eb80e9a0?s=96&d=mm&r=g\",\"contentUrl\":\"https:\\\/\\\/secure.gravatar.com\\\/avatar\\\/37d968a2e67a6fd04c169c4bdef102d0bc5d31b2546345219e348575eb80e9a0?s=96&d=mm&r=g\",\"caption\":\"redazione\"},\"sameAs\":[\"http:\\\/\\\/www.bellunopress.it\",\"https:\\\/\\\/x.com\\\/bellunopress\"],\"url\":\"https:\\\/\\\/www.bellunopress.it\\\/fr\\\/author\\\/redazione\\\/\"}]}<\/script>\n<!-- \/ Yoast SEO plugin. -->","yoast_head_json":{"title":"Droga. Fermato e indagato uno chef italiano per detenzione e spaccio di stupefacenti - Bellunopress - Dolomiti","robots":{"index":"index","follow":"follow","max-snippet":"max-snippet:-1","max-image-preview":"max-image-preview:large","max-video-preview":"max-video-preview:-1"},"canonical":"https:\/\/www.bellunopress.it\/fr\/2026\/04\/15\/droga-fermato-e-indagato-uno-chef-italiano-per-detenzione-e-spaccio-di-stupefacenti\/","og_locale":"fr_FR","og_type":"article","og_title":"Droga. Fermato e indagato uno chef italiano per detenzione e spaccio di stupefacenti - Bellunopress - Dolomiti","og_description":"Belluno, 15\/04\/2026 &#8211; La Squadra Volante della Questura di Belluno, nel tardo pomeriggio del 13 aprile, ha fermato un\u2019auto nei pressi dell\u2019imbocco dell\u2019autostrada. Sin da subito la situazione \u00e8 apparsa sospetta agli operatori: l\u2019auto era infatti piena di bagagli e buste che impedivano di distinguere bene chi e cosa vi fosse all\u2019interno ed era inoltre [&hellip;]","og_url":"https:\/\/www.bellunopress.it\/fr\/2026\/04\/15\/droga-fermato-e-indagato-uno-chef-italiano-per-detenzione-e-spaccio-di-stupefacenti\/","og_site_name":"Bellunopress - Dolomiti","article_publisher":"https:\/\/www.facebook.com\/profile.php?id=100008943462799","article_published_time":"2026-04-15T10:53:33+00:00","og_image":[{"width":583,"height":338,"url":"https:\/\/www.bellunopress.it\/wp-content\/uploads\/2020\/03\/polizia-squadra-volante_edited.jpg","type":"image\/jpeg"}],"author":"redazione","twitter_card":"summary_large_image","twitter_creator":"@bellunopress","twitter_site":"@bellunopress","twitter_misc":{"\u00c9crit par":"redazione","Dur\u00e9e de lecture estim\u00e9e":"1 minute"},"schema":{"@context":"https:\/\/schema.org","@graph":[{"@type":"Article","@id":"https:\/\/www.bellunopress.it\/2026\/04\/15\/droga-fermato-e-indagato-uno-chef-italiano-per-detenzione-e-spaccio-di-stupefacenti\/#article","isPartOf":{"@id":"https:\/\/www.bellunopress.it\/2026\/04\/15\/droga-fermato-e-indagato-uno-chef-italiano-per-detenzione-e-spaccio-di-stupefacenti\/"},"author":{"name":"redazione","@id":"https:\/\/www.bellunopress.it\/#\/schema\/person\/79bb06722b37ece1c03d3e94beb30d73"},"headline":"Droga. Fermato e indagato uno chef italiano per detenzione e spaccio di stupefacenti","datePublished":"2026-04-15T10:53:33+00:00","mainEntityOfPage":{"@id":"https:\/\/www.bellunopress.it\/2026\/04\/15\/droga-fermato-e-indagato-uno-chef-italiano-per-detenzione-e-spaccio-di-stupefacenti\/"},"wordCount":149,"publisher":{"@id":"https:\/\/www.bellunopress.it\/#organization"},"image":{"@id":"https:\/\/www.bellunopress.it\/2026\/04\/15\/droga-fermato-e-indagato-uno-chef-italiano-per-detenzione-e-spaccio-di-stupefacenti\/#primaryimage"},"thumbnailUrl":"https:\/\/www.bellunopress.it\/wp-content\/uploads\/2020\/03\/polizia-squadra-volante_edited.jpg","articleSection":["Cronaca\/Politica"],"inLanguage":"fr-FR"},{"@type":"WebPage","@id":"https:\/\/www.bellunopress.it\/2026\/04\/15\/droga-fermato-e-indagato-uno-chef-italiano-per-detenzione-e-spaccio-di-stupefacenti\/","url":"https:\/\/www.bellunopress.it\/2026\/04\/15\/droga-fermato-e-indagato-uno-chef-italiano-per-detenzione-e-spaccio-di-stupefacenti\/","name":"Droga. Fermato e indagato uno chef italiano per detenzione e spaccio di stupefacenti - Bellunopress - Dolomiti","isPartOf":{"@id":"https:\/\/www.bellunopress.it\/#website"},"primaryImageOfPage":{"@id":"https:\/\/www.bellunopress.it\/2026\/04\/15\/droga-fermato-e-indagato-uno-chef-italiano-per-detenzione-e-spaccio-di-stupefacenti\/#primaryimage"},"image":{"@id":"https:\/\/www.bellunopress.it\/2026\/04\/15\/droga-fermato-e-indagato-uno-chef-italiano-per-detenzione-e-spaccio-di-stupefacenti\/#primaryimage"},"thumbnailUrl":"https:\/\/www.bellunopress.it\/wp-content\/uploads\/2020\/03\/polizia-squadra-volante_edited.jpg","datePublished":"2026-04-15T10:53:33+00:00","breadcrumb":{"@id":"https:\/\/www.bellunopress.it\/2026\/04\/15\/droga-fermato-e-indagato-uno-chef-italiano-per-detenzione-e-spaccio-di-stupefacenti\/#breadcrumb"},"inLanguage":"fr-FR","potentialAction":[{"@type":"ReadAction","target":["https:\/\/www.bellunopress.it\/2026\/04\/15\/droga-fermato-e-indagato-uno-chef-italiano-per-detenzione-e-spaccio-di-stupefacenti\/"]}]},{"@type":"ImageObject","inLanguage":"fr-FR","@id":"https:\/\/www.bellunopress.it\/2026\/04\/15\/droga-fermato-e-indagato-uno-chef-italiano-per-detenzione-e-spaccio-di-stupefacenti\/#primaryimage","url":"https:\/\/www.bellunopress.it\/wp-content\/uploads\/2020\/03\/polizia-squadra-volante_edited.jpg","contentUrl":"https:\/\/www.bellunopress.it\/wp-content\/uploads\/2020\/03\/polizia-squadra-volante_edited.jpg","width":583,"height":338},{"@type":"BreadcrumbList","@id":"https:\/\/www.bellunopress.it\/2026\/04\/15\/droga-fermato-e-indagato-uno-chef-italiano-per-detenzione-e-spaccio-di-stupefacenti\/#breadcrumb","itemListElement":[{"@type":"ListItem","position":1,"name":"Home","item":"https:\/\/www.bellunopress.it\/"},{"@type":"ListItem","position":2,"name":"Droga. Fermato e indagato uno chef italiano per detenzione e spaccio di stupefacenti"}]},{"@type":"WebSite","@id":"https:\/\/www.bellunopress.it\/#website","url":"https:\/\/www.bellunopress.it\/","name":"Bellunopress - Dolomiti","description":"e-mail: redazione@bellunopress.it","publisher":{"@id":"https:\/\/www.bellunopress.it\/#organization"},"potentialAction":[{"@type":"SearchAction","target":{"@type":"EntryPoint","urlTemplate":"https:\/\/www.bellunopress.it\/?s={search_term_string}"},"query-input":{"@type":"PropertyValueSpecification","valueRequired":true,"valueName":"search_term_string"}}],"inLanguage":"fr-FR"},{"@type":"Organization","@id":"https:\/\/www.bellunopress.it\/#organization","name":"Bellunopress","url":"https:\/\/www.bellunopress.it\/","logo":{"@type":"ImageObject","inLanguage":"fr-FR","@id":"https:\/\/www.bellunopress.it\/#\/schema\/logo\/image\/","url":"https:\/\/www.bellunopress.it\/wp-content\/uploads\/2011\/05\/cropped-logo-bellunopress-.jpg","contentUrl":"https:\/\/www.bellunopress.it\/wp-content\/uploads\/2011\/05\/cropped-logo-bellunopress-.jpg","width":512,"height":512,"caption":"Bellunopress"},"image":{"@id":"https:\/\/www.bellunopress.it\/#\/schema\/logo\/image\/"},"sameAs":["https:\/\/www.facebook.com\/profile.php?id=100008943462799","https:\/\/x.com\/bellunopress","https:\/\/www.linkedin.com\/hp\/?dnr=JBzUWaJfMUw8vbXJJ2tVW5-I3jZKvC4wsoxE&amp;amp;amp;amp;amp;amp;trk=nav_responsive_tab_home","https:\/\/www.youtube.com\/channel\/UCxL0wu1uN0_3_7hGG0306cw"]},{"@type":"Person","@id":"https:\/\/www.bellunopress.it\/#\/schema\/person\/79bb06722b37ece1c03d3e94beb30d73","name":"r\u00e9daction","image":{"@type":"ImageObject","inLanguage":"fr-FR","@id":"https:\/\/secure.gravatar.com\/avatar\/37d968a2e67a6fd04c169c4bdef102d0bc5d31b2546345219e348575eb80e9a0?s=96&d=mm&r=g","url":"https:\/\/secure.gravatar.com\/avatar\/37d968a2e67a6fd04c169c4bdef102d0bc5d31b2546345219e348575eb80e9a0?s=96&d=mm&r=g","contentUrl":"https:\/\/secure.gravatar.com\/avatar\/37d968a2e67a6fd04c169c4bdef102d0bc5d31b2546345219e348575eb80e9a0?s=96&d=mm&r=g","caption":"redazione"},"sameAs":["http:\/\/www.bellunopress.it","https:\/\/x.com\/bellunopress"],"url":"https:\/\/www.bellunopress.it\/fr\/author\/redazione\/"}]}},"_links":{"self":[{"href":"https:\/\/www.bellunopress.it\/fr\/wp-json\/wp\/v2\/posts\/169154","targetHints":{"allow":["GET"]}}],"collection":[{"href":"https:\/\/www.bellunopress.it\/fr\/wp-json\/wp\/v2\/posts"}],"about":[{"href":"https:\/\/www.bellunopress.it\/fr\/wp-json\/wp\/v2\/types\/post"}],"author":[{"embeddable":true,"href":"https:\/\/www.bellunopress.it\/fr\/wp-json\/wp\/v2\/users\/2"}],"replies":[{"embeddable":true,"href":"https:\/\/www.bellunopress.it\/fr\/wp-json\/wp\/v2\/comments?post=169154"}],"version-history":[{"count":1,"href":"https:\/\/www.bellunopress.it\/fr\/wp-json\/wp\/v2\/posts\/169154\/revisions"}],"predecessor-version":[{"id":169155,"href":"https:\/\/www.bellunopress.it\/fr\/wp-json\/wp\/v2\/posts\/169154\/revisions\/169155"}],"wp:featuredmedia":[{"embeddable":true,"href":"https:\/\/www.bellunopress.it\/fr\/wp-json\/wp\/v2\/media\/113203"}],"wp:attachment":[{"href":"https:\/\/www.bellunopress.it\/fr\/wp-json\/wp\/v2\/media?parent=169154"}],"wp:term":[{"taxonomy":"category","embeddable":true,"href":"https:\/\/www.bellunopress.it\/fr\/wp-json\/wp\/v2\/categories?post=169154"},{"taxonomy":"post_tag","embeddable":true,"href":"https:\/\/www.bellunopress.it\/fr\/wp-json\/wp\/v2\/tags?post=169154"}],"curies":[{"name":"wp","href":"https:\/\/api.w.org\/{rel}","templated":true}]}}