{"id":169152,"date":"2026-04-15T10:47:06","date_gmt":"2026-04-15T08:47:06","guid":{"rendered":"https:\/\/www.bellunopress.it\/?p=169152"},"modified":"2026-04-15T10:47:06","modified_gmt":"2026-04-15T08:47:06","slug":"tib-teatro-sulla-gestione-di-fondazione-teatri-delle-dolomiti-ha-centrato-il-suo-ruolo-di-coordinamento","status":"publish","type":"post","link":"https:\/\/www.bellunopress.it\/fr\/2026\/04\/15\/tib-teatro-sulla-gestione-di-fondazione-teatri-delle-dolomiti-ha-centrato-il-suo-ruolo-di-coordinamento\/","title":{"rendered":"Tib Teatro sulla gestione di Fondazione Teatri delle Dolomiti: ha centrato il suo ruolo di coordinamento"},"content":{"rendered":"<p>Alla luce di quanto apparso sulla stampa nelle giornate di ven. 10 e a seguire, circa l\u2019attuale gestione della Fondazione Teatri delle Dolomiti, Tib Teatro ritiene opportuna una doverosa precisazione nel rispetto della Fondazione stessa, di tutti gli operatori territoriali coinvolti e dell\u2019opinione pubblica.<\/p>\n<p>Finalmente dopo anni incerti e travagliati la Fondazione Teatri ha centrato il suo ruolo di coordinamento delle attivit\u00e0 del Teatro e non solo, operando in sinergia con i soggetti professionali del territorio e con tutte quelle realt\u00e0 che propongono significative iniziative per la nostra comunit\u00e0.<\/p>\n<p>In qualit\u00e0 di struttura residente al Teatro Comunale Dino Buzzati, Tib Teatro ogni anno garantisce alla citt\u00e0 un\u2019offerta di stagioni e progettualit\u00e0 diffuse che corrisponde a 40 spettacoli l\u2019anno che spaziano dall\u2019eccellenza del teatro contemporaneo per giovani e pubblico adulto, all\u2019eccellenza del teatro per le nuove generazioni, dai 3 ai 18 anni rivolti alle scuole e alle famiglie. Un impegno costante e un lavoro quello di Tib Teatro, che non si limita alla composizione di cartelloni quali Comincio dai 3, Gioved\u00ec Giovani h. 21, Il Cielo Sopra Belluno, ma si accompagna alla profusione di attivit\u00e0 di produzione di spettacoli a circuitazione nazionale, e di formazione per la comunit\u00e0 che si svolgono nelle scuole e alla Casa delle Arti &#8211; spazio all\u2019ex Caserma Piave interamente riqualificato da Tib Teatro -. Qui da quattro anni ha preso avvio con una media annua di 80 iscritti (dai bambini agli adulti) AttoZero, la prima scuola di recitazione a Belluno, qui si svolgono workshop condotti da artisti di rilievo aperti alla cittadinanza, e progetti di teatro sociale per soggetti disabili e neurodivergenti, realizzati in rete con altre realt\u00e0 territoriali.<\/p>\n<p>Tutto questo secondo la mission di Tib dedicata alla crescita culturale e sociale della nostra comunit\u00e0.<\/p>\n<p>Crescita significa sviluppo economico del territorio, per le tante professionalit\u00e0 coinvolte nell\u2019attivit\u00e0 di produzione, programmazione e formazione e per l\u2019indotto creato da tali attivit\u00e0 alle aziende del territorio. Crescita \u00e8 ascolto e relazione: in crescita \u00e8 la relazione con la Fondazione Teatri delle Dolomiti che da un anno e mezzo ha saputo riavviare il dialogo con le realt\u00e0 culturali territoriali, che garantiscono l\u2019ampia programmazione annuale del Teatro e degli spazi cittadini, sostenendole seppur ancora nei limiti di un bilancio che meriterebbe di disporre di maggiori risorse. Un processo in atto, delicato e complesso, che vede la attuale Fondazione operare nel rispetto delle imprese culturali del territorio e di tutte le associazioni in esso presenti. Un processo che dovr\u00e0 necessariamente essere implementato attraverso il confronto e lo sviluppo di una progettualit\u00e0 organica, continuativa e condivisa volta alla valorizzazione, al sostegno e al coordinamento delle realt\u00e0 territoriali che si impegnano con continuit\u00e0 in un settore produttivo articolato e con scarsa marginalit\u00e0 quale quello dello spettacolo dal vivo.<\/p>\n<p>Tutto questo \u00e8 un valore che l\u2019attuale Fondazione ha saputo cogliere a differenza di chi vorrebbe, e per giunta in assenza di competenze specifiche e di risorse sufficienti, dar vita a stagioni proprie con conseguente penalizzazione dei soggetti locali, della qualit\u00e0 dell\u2019offerta e conseguenti buchi di bilancio.<\/p>\n<p><strong>Tib Teatro &#8211; Belluno<\/strong><\/p>","protected":false},"excerpt":{"rendered":"<p>Alla luce di quanto apparso sulla stampa nelle giornate di ven. 10 e a seguire, circa l\u2019attuale gestione della Fondazione Teatri delle Dolomiti, Tib Teatro ritiene opportuna una doverosa precisazione nel rispetto della Fondazione stessa, di tutti gli operatori territoriali coinvolti e dell\u2019opinione pubblica. Finalmente dopo anni incerti e travagliati la Fondazione Teatri ha centrato [&hellip;]<\/p>\n","protected":false},"author":2,"featured_media":155535,"comment_status":"closed","ping_status":"open","sticky":false,"template":"","format":"standard","meta":{"footnotes":""},"categories":[1],"tags":[],"class_list":["post-169152","post","type-post","status-publish","format-standard","has-post-thumbnail","category-leo"],"yoast_head":"<!-- This site is optimized with the Yoast SEO plugin v28.4 - https:\/\/yoast.com\/product\/yoast-seo-wordpress\/ -->\n<title>Tib Teatro sulla gestione di Fondazione Teatri delle Dolomiti: ha centrato il suo ruolo di coordinamento - Bellunopress - Dolomiti<\/title>\n<meta name=\"robots\" content=\"index, follow, max-snippet:-1, max-image-preview:large, max-video-preview:-1\" \/>\n<link rel=\"canonical\" href=\"https:\/\/www.bellunopress.it\/fr\/2026\/04\/15\/tib-teatro-sulla-gestione-di-fondazione-teatri-delle-dolomiti-ha-centrato-il-suo-ruolo-di-coordinamento\/\" \/>\n<meta property=\"og:locale\" content=\"fr_FR\" \/>\n<meta property=\"og:type\" content=\"article\" \/>\n<meta property=\"og:title\" content=\"Tib Teatro sulla gestione di Fondazione Teatri delle Dolomiti: ha centrato il suo ruolo di coordinamento - Bellunopress - Dolomiti\" \/>\n<meta property=\"og:description\" content=\"Alla luce di quanto apparso sulla stampa nelle giornate di ven. 10 e a seguire, circa l\u2019attuale gestione della Fondazione Teatri delle Dolomiti, Tib Teatro ritiene opportuna una doverosa precisazione nel rispetto della Fondazione stessa, di tutti gli operatori territoriali coinvolti e dell\u2019opinione pubblica. Finalmente dopo anni incerti e travagliati la Fondazione Teatri ha centrato [&hellip;]\" \/>\n<meta property=\"og:url\" content=\"https:\/\/www.bellunopress.it\/fr\/2026\/04\/15\/tib-teatro-sulla-gestione-di-fondazione-teatri-delle-dolomiti-ha-centrato-il-suo-ruolo-di-coordinamento\/\" \/>\n<meta property=\"og:site_name\" content=\"Bellunopress - Dolomiti\" \/>\n<meta property=\"article:publisher\" content=\"https:\/\/www.facebook.com\/profile.php?id=100008943462799\" \/>\n<meta property=\"article:published_time\" content=\"2026-04-15T08:47:06+00:00\" \/>\n<meta property=\"og:image\" content=\"https:\/\/www.bellunopress.it\/wp-content\/uploads\/2024\/11\/teatro-comunale-dino-buzzati.jpg\" \/>\n\t<meta property=\"og:image:width\" content=\"1000\" \/>\n\t<meta property=\"og:image:height\" content=\"750\" \/>\n\t<meta property=\"og:image:type\" content=\"image\/jpeg\" \/>\n<meta name=\"author\" content=\"redazione\" \/>\n<meta name=\"twitter:card\" content=\"summary_large_image\" \/>\n<meta name=\"twitter:creator\" content=\"@bellunopress\" \/>\n<meta name=\"twitter:site\" content=\"@bellunopress\" \/>\n<meta name=\"twitter:label1\" content=\"\u00c9crit par\" \/>\n\t<meta name=\"twitter:data1\" content=\"redazione\" \/>\n\t<meta name=\"twitter:label2\" content=\"Dur\u00e9e de lecture estim\u00e9e\" \/>\n\t<meta name=\"twitter:data2\" content=\"3 minutes\" \/>\n<script type=\"application\/ld+json\" class=\"yoast-schema-graph\">{\"@context\":\"https:\\\/\\\/schema.org\",\"@graph\":[{\"@type\":\"Article\",\"@id\":\"https:\\\/\\\/www.bellunopress.it\\\/2026\\\/04\\\/15\\\/tib-teatro-sulla-gestione-di-fondazione-teatri-delle-dolomiti-ha-centrato-il-suo-ruolo-di-coordinamento\\\/#article\",\"isPartOf\":{\"@id\":\"https:\\\/\\\/www.bellunopress.it\\\/2026\\\/04\\\/15\\\/tib-teatro-sulla-gestione-di-fondazione-teatri-delle-dolomiti-ha-centrato-il-suo-ruolo-di-coordinamento\\\/\"},\"author\":{\"name\":\"redazione\",\"@id\":\"https:\\\/\\\/www.bellunopress.it\\\/#\\\/schema\\\/person\\\/79bb06722b37ece1c03d3e94beb30d73\"},\"headline\":\"Tib Teatro sulla gestione di Fondazione Teatri delle Dolomiti: ha centrato il suo ruolo di coordinamento\",\"datePublished\":\"2026-04-15T08:47:06+00:00\",\"mainEntityOfPage\":{\"@id\":\"https:\\\/\\\/www.bellunopress.it\\\/2026\\\/04\\\/15\\\/tib-teatro-sulla-gestione-di-fondazione-teatri-delle-dolomiti-ha-centrato-il-suo-ruolo-di-coordinamento\\\/\"},\"wordCount\":523,\"publisher\":{\"@id\":\"https:\\\/\\\/www.bellunopress.it\\\/#organization\"},\"image\":{\"@id\":\"https:\\\/\\\/www.bellunopress.it\\\/2026\\\/04\\\/15\\\/tib-teatro-sulla-gestione-di-fondazione-teatri-delle-dolomiti-ha-centrato-il-suo-ruolo-di-coordinamento\\\/#primaryimage\"},\"thumbnailUrl\":\"https:\\\/\\\/www.bellunopress.it\\\/wp-content\\\/uploads\\\/2024\\\/11\\\/teatro-comunale-dino-buzzati.jpg\",\"articleSection\":[\"Lettere Opinioni\"],\"inLanguage\":\"fr-FR\"},{\"@type\":\"WebPage\",\"@id\":\"https:\\\/\\\/www.bellunopress.it\\\/2026\\\/04\\\/15\\\/tib-teatro-sulla-gestione-di-fondazione-teatri-delle-dolomiti-ha-centrato-il-suo-ruolo-di-coordinamento\\\/\",\"url\":\"https:\\\/\\\/www.bellunopress.it\\\/2026\\\/04\\\/15\\\/tib-teatro-sulla-gestione-di-fondazione-teatri-delle-dolomiti-ha-centrato-il-suo-ruolo-di-coordinamento\\\/\",\"name\":\"Tib Teatro sulla gestione di Fondazione Teatri delle Dolomiti: ha centrato il suo ruolo di coordinamento - Bellunopress - Dolomiti\",\"isPartOf\":{\"@id\":\"https:\\\/\\\/www.bellunopress.it\\\/#website\"},\"primaryImageOfPage\":{\"@id\":\"https:\\\/\\\/www.bellunopress.it\\\/2026\\\/04\\\/15\\\/tib-teatro-sulla-gestione-di-fondazione-teatri-delle-dolomiti-ha-centrato-il-suo-ruolo-di-coordinamento\\\/#primaryimage\"},\"image\":{\"@id\":\"https:\\\/\\\/www.bellunopress.it\\\/2026\\\/04\\\/15\\\/tib-teatro-sulla-gestione-di-fondazione-teatri-delle-dolomiti-ha-centrato-il-suo-ruolo-di-coordinamento\\\/#primaryimage\"},\"thumbnailUrl\":\"https:\\\/\\\/www.bellunopress.it\\\/wp-content\\\/uploads\\\/2024\\\/11\\\/teatro-comunale-dino-buzzati.jpg\",\"datePublished\":\"2026-04-15T08:47:06+00:00\",\"breadcrumb\":{\"@id\":\"https:\\\/\\\/www.bellunopress.it\\\/2026\\\/04\\\/15\\\/tib-teatro-sulla-gestione-di-fondazione-teatri-delle-dolomiti-ha-centrato-il-suo-ruolo-di-coordinamento\\\/#breadcrumb\"},\"inLanguage\":\"fr-FR\",\"potentialAction\":[{\"@type\":\"ReadAction\",\"target\":[\"https:\\\/\\\/www.bellunopress.it\\\/2026\\\/04\\\/15\\\/tib-teatro-sulla-gestione-di-fondazione-teatri-delle-dolomiti-ha-centrato-il-suo-ruolo-di-coordinamento\\\/\"]}]},{\"@type\":\"ImageObject\",\"inLanguage\":\"fr-FR\",\"@id\":\"https:\\\/\\\/www.bellunopress.it\\\/2026\\\/04\\\/15\\\/tib-teatro-sulla-gestione-di-fondazione-teatri-delle-dolomiti-ha-centrato-il-suo-ruolo-di-coordinamento\\\/#primaryimage\",\"url\":\"https:\\\/\\\/www.bellunopress.it\\\/wp-content\\\/uploads\\\/2024\\\/11\\\/teatro-comunale-dino-buzzati.jpg\",\"contentUrl\":\"https:\\\/\\\/www.bellunopress.it\\\/wp-content\\\/uploads\\\/2024\\\/11\\\/teatro-comunale-dino-buzzati.jpg\",\"width\":1000,\"height\":750,\"caption\":\"Teatro Comunale \\\"Dino Buzzati\\\" di Belluno\"},{\"@type\":\"BreadcrumbList\",\"@id\":\"https:\\\/\\\/www.bellunopress.it\\\/2026\\\/04\\\/15\\\/tib-teatro-sulla-gestione-di-fondazione-teatri-delle-dolomiti-ha-centrato-il-suo-ruolo-di-coordinamento\\\/#breadcrumb\",\"itemListElement\":[{\"@type\":\"ListItem\",\"position\":1,\"name\":\"Home\",\"item\":\"https:\\\/\\\/www.bellunopress.it\\\/\"},{\"@type\":\"ListItem\",\"position\":2,\"name\":\"Tib Teatro sulla gestione di Fondazione Teatri delle Dolomiti: ha centrato il suo ruolo di coordinamento\"}]},{\"@type\":\"WebSite\",\"@id\":\"https:\\\/\\\/www.bellunopress.it\\\/#website\",\"url\":\"https:\\\/\\\/www.bellunopress.it\\\/\",\"name\":\"Bellunopress - Dolomiti\",\"description\":\"e-mail: redazione@bellunopress.it\",\"publisher\":{\"@id\":\"https:\\\/\\\/www.bellunopress.it\\\/#organization\"},\"potentialAction\":[{\"@type\":\"SearchAction\",\"target\":{\"@type\":\"EntryPoint\",\"urlTemplate\":\"https:\\\/\\\/www.bellunopress.it\\\/?s={search_term_string}\"},\"query-input\":{\"@type\":\"PropertyValueSpecification\",\"valueRequired\":true,\"valueName\":\"search_term_string\"}}],\"inLanguage\":\"fr-FR\"},{\"@type\":\"Organization\",\"@id\":\"https:\\\/\\\/www.bellunopress.it\\\/#organization\",\"name\":\"Bellunopress\",\"url\":\"https:\\\/\\\/www.bellunopress.it\\\/\",\"logo\":{\"@type\":\"ImageObject\",\"inLanguage\":\"fr-FR\",\"@id\":\"https:\\\/\\\/www.bellunopress.it\\\/#\\\/schema\\\/logo\\\/image\\\/\",\"url\":\"https:\\\/\\\/www.bellunopress.it\\\/wp-content\\\/uploads\\\/2011\\\/05\\\/cropped-logo-bellunopress-.jpg\",\"contentUrl\":\"https:\\\/\\\/www.bellunopress.it\\\/wp-content\\\/uploads\\\/2011\\\/05\\\/cropped-logo-bellunopress-.jpg\",\"width\":512,\"height\":512,\"caption\":\"Bellunopress\"},\"image\":{\"@id\":\"https:\\\/\\\/www.bellunopress.it\\\/#\\\/schema\\\/logo\\\/image\\\/\"},\"sameAs\":[\"https:\\\/\\\/www.facebook.com\\\/profile.php?id=100008943462799\",\"https:\\\/\\\/x.com\\\/bellunopress\",\"https:\\\/\\\/www.linkedin.com\\\/hp\\\/?dnr=JBzUWaJfMUw8vbXJJ2tVW5-I3jZKvC4wsoxE&amp;amp;amp;amp;amp;amp;trk=nav_responsive_tab_home\",\"https:\\\/\\\/www.youtube.com\\\/channel\\\/UCxL0wu1uN0_3_7hGG0306cw\"]},{\"@type\":\"Person\",\"@id\":\"https:\\\/\\\/www.bellunopress.it\\\/#\\\/schema\\\/person\\\/79bb06722b37ece1c03d3e94beb30d73\",\"name\":\"redazione\",\"image\":{\"@type\":\"ImageObject\",\"inLanguage\":\"fr-FR\",\"@id\":\"https:\\\/\\\/secure.gravatar.com\\\/avatar\\\/37d968a2e67a6fd04c169c4bdef102d0bc5d31b2546345219e348575eb80e9a0?s=96&d=mm&r=g\",\"url\":\"https:\\\/\\\/secure.gravatar.com\\\/avatar\\\/37d968a2e67a6fd04c169c4bdef102d0bc5d31b2546345219e348575eb80e9a0?s=96&d=mm&r=g\",\"contentUrl\":\"https:\\\/\\\/secure.gravatar.com\\\/avatar\\\/37d968a2e67a6fd04c169c4bdef102d0bc5d31b2546345219e348575eb80e9a0?s=96&d=mm&r=g\",\"caption\":\"redazione\"},\"sameAs\":[\"http:\\\/\\\/www.bellunopress.it\",\"https:\\\/\\\/x.com\\\/bellunopress\"],\"url\":\"https:\\\/\\\/www.bellunopress.it\\\/fr\\\/author\\\/redazione\\\/\"}]}<\/script>\n<!-- \/ Yoast SEO plugin. -->","yoast_head_json":{"title":"Tib Teatro sulla gestione di Fondazione Teatri delle Dolomiti: ha centrato il suo ruolo di coordinamento - Bellunopress - Dolomiti","robots":{"index":"index","follow":"follow","max-snippet":"max-snippet:-1","max-image-preview":"max-image-preview:large","max-video-preview":"max-video-preview:-1"},"canonical":"https:\/\/www.bellunopress.it\/fr\/2026\/04\/15\/tib-teatro-sulla-gestione-di-fondazione-teatri-delle-dolomiti-ha-centrato-il-suo-ruolo-di-coordinamento\/","og_locale":"fr_FR","og_type":"article","og_title":"Tib Teatro sulla gestione di Fondazione Teatri delle Dolomiti: ha centrato il suo ruolo di coordinamento - Bellunopress - Dolomiti","og_description":"Alla luce di quanto apparso sulla stampa nelle giornate di ven. 10 e a seguire, circa l\u2019attuale gestione della Fondazione Teatri delle Dolomiti, Tib Teatro ritiene opportuna una doverosa precisazione nel rispetto della Fondazione stessa, di tutti gli operatori territoriali coinvolti e dell\u2019opinione pubblica. Finalmente dopo anni incerti e travagliati la Fondazione Teatri ha centrato [&hellip;]","og_url":"https:\/\/www.bellunopress.it\/fr\/2026\/04\/15\/tib-teatro-sulla-gestione-di-fondazione-teatri-delle-dolomiti-ha-centrato-il-suo-ruolo-di-coordinamento\/","og_site_name":"Bellunopress - Dolomiti","article_publisher":"https:\/\/www.facebook.com\/profile.php?id=100008943462799","article_published_time":"2026-04-15T08:47:06+00:00","og_image":[{"width":1000,"height":750,"url":"https:\/\/www.bellunopress.it\/wp-content\/uploads\/2024\/11\/teatro-comunale-dino-buzzati.jpg","type":"image\/jpeg"}],"author":"redazione","twitter_card":"summary_large_image","twitter_creator":"@bellunopress","twitter_site":"@bellunopress","twitter_misc":{"\u00c9crit par":"redazione","Dur\u00e9e de lecture estim\u00e9e":"3 minutes"},"schema":{"@context":"https:\/\/schema.org","@graph":[{"@type":"Article","@id":"https:\/\/www.bellunopress.it\/2026\/04\/15\/tib-teatro-sulla-gestione-di-fondazione-teatri-delle-dolomiti-ha-centrato-il-suo-ruolo-di-coordinamento\/#article","isPartOf":{"@id":"https:\/\/www.bellunopress.it\/2026\/04\/15\/tib-teatro-sulla-gestione-di-fondazione-teatri-delle-dolomiti-ha-centrato-il-suo-ruolo-di-coordinamento\/"},"author":{"name":"redazione","@id":"https:\/\/www.bellunopress.it\/#\/schema\/person\/79bb06722b37ece1c03d3e94beb30d73"},"headline":"Tib Teatro sulla gestione di Fondazione Teatri delle Dolomiti: ha centrato il suo ruolo di coordinamento","datePublished":"2026-04-15T08:47:06+00:00","mainEntityOfPage":{"@id":"https:\/\/www.bellunopress.it\/2026\/04\/15\/tib-teatro-sulla-gestione-di-fondazione-teatri-delle-dolomiti-ha-centrato-il-suo-ruolo-di-coordinamento\/"},"wordCount":523,"publisher":{"@id":"https:\/\/www.bellunopress.it\/#organization"},"image":{"@id":"https:\/\/www.bellunopress.it\/2026\/04\/15\/tib-teatro-sulla-gestione-di-fondazione-teatri-delle-dolomiti-ha-centrato-il-suo-ruolo-di-coordinamento\/#primaryimage"},"thumbnailUrl":"https:\/\/www.bellunopress.it\/wp-content\/uploads\/2024\/11\/teatro-comunale-dino-buzzati.jpg","articleSection":["Lettere Opinioni"],"inLanguage":"fr-FR"},{"@type":"WebPage","@id":"https:\/\/www.bellunopress.it\/2026\/04\/15\/tib-teatro-sulla-gestione-di-fondazione-teatri-delle-dolomiti-ha-centrato-il-suo-ruolo-di-coordinamento\/","url":"https:\/\/www.bellunopress.it\/2026\/04\/15\/tib-teatro-sulla-gestione-di-fondazione-teatri-delle-dolomiti-ha-centrato-il-suo-ruolo-di-coordinamento\/","name":"Tib Teatro sulla gestione di Fondazione Teatri delle Dolomiti: ha centrato il suo ruolo di coordinamento - Bellunopress - Dolomiti","isPartOf":{"@id":"https:\/\/www.bellunopress.it\/#website"},"primaryImageOfPage":{"@id":"https:\/\/www.bellunopress.it\/2026\/04\/15\/tib-teatro-sulla-gestione-di-fondazione-teatri-delle-dolomiti-ha-centrato-il-suo-ruolo-di-coordinamento\/#primaryimage"},"image":{"@id":"https:\/\/www.bellunopress.it\/2026\/04\/15\/tib-teatro-sulla-gestione-di-fondazione-teatri-delle-dolomiti-ha-centrato-il-suo-ruolo-di-coordinamento\/#primaryimage"},"thumbnailUrl":"https:\/\/www.bellunopress.it\/wp-content\/uploads\/2024\/11\/teatro-comunale-dino-buzzati.jpg","datePublished":"2026-04-15T08:47:06+00:00","breadcrumb":{"@id":"https:\/\/www.bellunopress.it\/2026\/04\/15\/tib-teatro-sulla-gestione-di-fondazione-teatri-delle-dolomiti-ha-centrato-il-suo-ruolo-di-coordinamento\/#breadcrumb"},"inLanguage":"fr-FR","potentialAction":[{"@type":"ReadAction","target":["https:\/\/www.bellunopress.it\/2026\/04\/15\/tib-teatro-sulla-gestione-di-fondazione-teatri-delle-dolomiti-ha-centrato-il-suo-ruolo-di-coordinamento\/"]}]},{"@type":"ImageObject","inLanguage":"fr-FR","@id":"https:\/\/www.bellunopress.it\/2026\/04\/15\/tib-teatro-sulla-gestione-di-fondazione-teatri-delle-dolomiti-ha-centrato-il-suo-ruolo-di-coordinamento\/#primaryimage","url":"https:\/\/www.bellunopress.it\/wp-content\/uploads\/2024\/11\/teatro-comunale-dino-buzzati.jpg","contentUrl":"https:\/\/www.bellunopress.it\/wp-content\/uploads\/2024\/11\/teatro-comunale-dino-buzzati.jpg","width":1000,"height":750,"caption":"Teatro Comunale \"Dino Buzzati\" di Belluno"},{"@type":"BreadcrumbList","@id":"https:\/\/www.bellunopress.it\/2026\/04\/15\/tib-teatro-sulla-gestione-di-fondazione-teatri-delle-dolomiti-ha-centrato-il-suo-ruolo-di-coordinamento\/#breadcrumb","itemListElement":[{"@type":"ListItem","position":1,"name":"Home","item":"https:\/\/www.bellunopress.it\/"},{"@type":"ListItem","position":2,"name":"Tib Teatro sulla gestione di Fondazione Teatri delle Dolomiti: ha centrato il suo ruolo di coordinamento"}]},{"@type":"WebSite","@id":"https:\/\/www.bellunopress.it\/#website","url":"https:\/\/www.bellunopress.it\/","name":"Bellunopress - Dolomiti","description":"e-mail: redazione@bellunopress.it","publisher":{"@id":"https:\/\/www.bellunopress.it\/#organization"},"potentialAction":[{"@type":"SearchAction","target":{"@type":"EntryPoint","urlTemplate":"https:\/\/www.bellunopress.it\/?s={search_term_string}"},"query-input":{"@type":"PropertyValueSpecification","valueRequired":true,"valueName":"search_term_string"}}],"inLanguage":"fr-FR"},{"@type":"Organization","@id":"https:\/\/www.bellunopress.it\/#organization","name":"Bellunopress","url":"https:\/\/www.bellunopress.it\/","logo":{"@type":"ImageObject","inLanguage":"fr-FR","@id":"https:\/\/www.bellunopress.it\/#\/schema\/logo\/image\/","url":"https:\/\/www.bellunopress.it\/wp-content\/uploads\/2011\/05\/cropped-logo-bellunopress-.jpg","contentUrl":"https:\/\/www.bellunopress.it\/wp-content\/uploads\/2011\/05\/cropped-logo-bellunopress-.jpg","width":512,"height":512,"caption":"Bellunopress"},"image":{"@id":"https:\/\/www.bellunopress.it\/#\/schema\/logo\/image\/"},"sameAs":["https:\/\/www.facebook.com\/profile.php?id=100008943462799","https:\/\/x.com\/bellunopress","https:\/\/www.linkedin.com\/hp\/?dnr=JBzUWaJfMUw8vbXJJ2tVW5-I3jZKvC4wsoxE&amp;amp;amp;amp;amp;amp;trk=nav_responsive_tab_home","https:\/\/www.youtube.com\/channel\/UCxL0wu1uN0_3_7hGG0306cw"]},{"@type":"Person","@id":"https:\/\/www.bellunopress.it\/#\/schema\/person\/79bb06722b37ece1c03d3e94beb30d73","name":"r\u00e9daction","image":{"@type":"ImageObject","inLanguage":"fr-FR","@id":"https:\/\/secure.gravatar.com\/avatar\/37d968a2e67a6fd04c169c4bdef102d0bc5d31b2546345219e348575eb80e9a0?s=96&d=mm&r=g","url":"https:\/\/secure.gravatar.com\/avatar\/37d968a2e67a6fd04c169c4bdef102d0bc5d31b2546345219e348575eb80e9a0?s=96&d=mm&r=g","contentUrl":"https:\/\/secure.gravatar.com\/avatar\/37d968a2e67a6fd04c169c4bdef102d0bc5d31b2546345219e348575eb80e9a0?s=96&d=mm&r=g","caption":"redazione"},"sameAs":["http:\/\/www.bellunopress.it","https:\/\/x.com\/bellunopress"],"url":"https:\/\/www.bellunopress.it\/fr\/author\/redazione\/"}]}},"_links":{"self":[{"href":"https:\/\/www.bellunopress.it\/fr\/wp-json\/wp\/v2\/posts\/169152","targetHints":{"allow":["GET"]}}],"collection":[{"href":"https:\/\/www.bellunopress.it\/fr\/wp-json\/wp\/v2\/posts"}],"about":[{"href":"https:\/\/www.bellunopress.it\/fr\/wp-json\/wp\/v2\/types\/post"}],"author":[{"embeddable":true,"href":"https:\/\/www.bellunopress.it\/fr\/wp-json\/wp\/v2\/users\/2"}],"replies":[{"embeddable":true,"href":"https:\/\/www.bellunopress.it\/fr\/wp-json\/wp\/v2\/comments?post=169152"}],"version-history":[{"count":1,"href":"https:\/\/www.bellunopress.it\/fr\/wp-json\/wp\/v2\/posts\/169152\/revisions"}],"predecessor-version":[{"id":169153,"href":"https:\/\/www.bellunopress.it\/fr\/wp-json\/wp\/v2\/posts\/169152\/revisions\/169153"}],"wp:featuredmedia":[{"embeddable":true,"href":"https:\/\/www.bellunopress.it\/fr\/wp-json\/wp\/v2\/media\/155535"}],"wp:attachment":[{"href":"https:\/\/www.bellunopress.it\/fr\/wp-json\/wp\/v2\/media?parent=169152"}],"wp:term":[{"taxonomy":"category","embeddable":true,"href":"https:\/\/www.bellunopress.it\/fr\/wp-json\/wp\/v2\/categories?post=169152"},{"taxonomy":"post_tag","embeddable":true,"href":"https:\/\/www.bellunopress.it\/fr\/wp-json\/wp\/v2\/tags?post=169152"}],"curies":[{"name":"wp","href":"https:\/\/api.w.org\/{rel}","templated":true}]}}