{"id":169149,"date":"2026-04-15T10:14:06","date_gmt":"2026-04-15T08:14:06","guid":{"rendered":"https:\/\/www.bellunopress.it\/?p=169149"},"modified":"2026-04-15T10:14:06","modified_gmt":"2026-04-15T08:14:06","slug":"dolomiti-bus-e-telebelluno-presentano-prossima-fermata-linnovazione-nel-trasporto-montano-diventa-racconto-dautore","status":"publish","type":"post","link":"https:\/\/www.bellunopress.it\/fr\/2026\/04\/15\/dolomiti-bus-e-telebelluno-presentano-prossima-fermata-linnovazione-nel-trasporto-montano-diventa-racconto-dautore\/","title":{"rendered":"Dolomiti Bus e TeleBelluno presentano \u201cProssima Fermata\u201d: l\u2019innovazione nel trasporto montano diventa racconto d\u2019autore"},"content":{"rendered":"<p>Belluno, 15 aprile 2026 \u2013 L\u2019autobus si trasforma da semplice mezzo di trasporto a palcoscenico itinerante per raccontare l\u2019identit\u00e0 delle comunit\u00e0 montane.<\/p>\n<p>Dalla collaborazione tra Dolomiti Bus e TeleBelluno nasce \u201cProssima Fermata\u201d, una nuova serie televisiva che invita il pubblico a scoprire il territorio bellunese attraverso un punto di vista privilegiato, ovvero quello del viaggio quotidiano a bordo dei bus che collegano le vallate dolomitiche.<\/p>\n<p>Il progetto nasce dalla volont\u00e0 di sottolineare come l\u2019innovazione nelle zone montuose non sia rappresentata solo dall\u2019efficienza tecnologica dei mezzi, ma anche dalla capacit\u00e0 di creare connessioni umane e culturali. In ogni puntata, guidata da Giovanni Zanon, il percorso dell\u2019autobus diventa un filo conduttore che unisce persone e luoghi, trasformando ogni fermata in un\u2019occasione per dare voce a chi vive, lavora e custodisce la bellezza di queste montagne.<\/p>\n<p>La serie \u201cProssima Fermata\u201d \u00e8 stata realizzata con il cofinanziamento dell\u2019Unione Europea nell\u2019ambito del progetto EU-MOVE \u2013 TPL senza confini, iniziativa che promuove il superamento delle barriere nel trasporto pubblico tra Veneto, Friuli-Venezia Giulia e Carinzia. Il progetto mira a sviluppare una pianificazione congiunta e una governance transfrontaliera strutturata, inserendosi in una strategia pi\u00f9 ampia di valorizzazione delle aree montane, con l\u2019obiettivo di contrastarne lo spopolamento e rafforzarne l\u2019attrattivit\u00e0 attraverso servizi di mobilit\u00e0 pi\u00f9 integrati ed efficienti.<\/p>\n<p>\u00abCon Prossima Fermata vogliamo ribadire che per Dolomiti Bus innovare significa anche valorizzare il ruolo sociale del trasporto pubblico nelle aree montane\u00bb, dichiara Gabriele Mariani, Direttore Operations e Mobility Services di Dolomiti Bus. \u00abOgni tratta che percorriamo non \u00e8 solo un collegamento geografico, ma un\u2019opportunit\u00e0 di incontro. Attraverso questo viaggio unico, trasformiamo l\u2019esperienza dello spostamento quotidiano in un racconto corale che mette al centro i protagonisti del territorio, le loro passioni e il legame profondo con la propria terra\u00bb.<\/p>\n<p>Il viaggio inaugurale della serie prende il via a bordo dello SkiBus di Dolomiti Bus, impegnato nella suggestiva tratta che da Pescul conduce fino al Rifugio Fedare. In questa prima puntata, Giovanni Zanon accoglie a bordo Nicola Cassisi, profondo conoscitore della storia e della cultura ladina. Durante l\u2019ascesa tra le vette dolomitiche, Cassisi arricchisce il percorso con testimonianze affascinanti sulle tradizioni e sull&#8217;identit\u00e0 secolare di queste vallate, offrendo ai telespettatori un&#8217;immersione autentica nel cuore delle montagne che l&#8217;autobus attraversa ogni giorno.<\/p>\n<p>&nbsp;<\/p>","protected":false},"excerpt":{"rendered":"<p>Belluno, 15 aprile 2026 \u2013 L\u2019autobus si trasforma da semplice mezzo di trasporto a palcoscenico itinerante per raccontare l\u2019identit\u00e0 delle comunit\u00e0 montane. Dalla collaborazione tra Dolomiti Bus e TeleBelluno nasce \u201cProssima Fermata\u201d, una nuova serie televisiva che invita il pubblico a scoprire il territorio bellunese attraverso un punto di vista privilegiato, ovvero quello del viaggio [&hellip;]<\/p>\n","protected":false},"author":2,"featured_media":169150,"comment_status":"closed","ping_status":"open","sticky":false,"template":"","format":"standard","meta":{"footnotes":""},"categories":[3,25],"tags":[],"class_list":["post-169149","post","type-post","status-publish","format-standard","has-post-thumbnail","category-arte-cultura-spettacoli-scienza-archivi","category-pausa-caffe"],"yoast_head":"<!-- This site is optimized with the Yoast SEO plugin v28.4 - https:\/\/yoast.com\/product\/yoast-seo-wordpress\/ -->\n<title>Dolomiti Bus e TeleBelluno presentano \u201cProssima Fermata\u201d: l\u2019innovazione nel trasporto montano diventa racconto d\u2019autore - Bellunopress - Dolomiti<\/title>\n<meta name=\"robots\" content=\"index, follow, max-snippet:-1, max-image-preview:large, max-video-preview:-1\" \/>\n<link rel=\"canonical\" href=\"https:\/\/www.bellunopress.it\/fr\/2026\/04\/15\/dolomiti-bus-e-telebelluno-presentano-prossima-fermata-linnovazione-nel-trasporto-montano-diventa-racconto-dautore\/\" \/>\n<meta property=\"og:locale\" content=\"fr_FR\" \/>\n<meta property=\"og:type\" content=\"article\" \/>\n<meta property=\"og:title\" content=\"Dolomiti Bus e TeleBelluno presentano \u201cProssima Fermata\u201d: l\u2019innovazione nel trasporto montano diventa racconto d\u2019autore - Bellunopress - Dolomiti\" \/>\n<meta property=\"og:description\" content=\"Belluno, 15 aprile 2026 \u2013 L\u2019autobus si trasforma da semplice mezzo di trasporto a palcoscenico itinerante per raccontare l\u2019identit\u00e0 delle comunit\u00e0 montane. Dalla collaborazione tra Dolomiti Bus e TeleBelluno nasce \u201cProssima Fermata\u201d, una nuova serie televisiva che invita il pubblico a scoprire il territorio bellunese attraverso un punto di vista privilegiato, ovvero quello del viaggio [&hellip;]\" \/>\n<meta property=\"og:url\" content=\"https:\/\/www.bellunopress.it\/fr\/2026\/04\/15\/dolomiti-bus-e-telebelluno-presentano-prossima-fermata-linnovazione-nel-trasporto-montano-diventa-racconto-dautore\/\" \/>\n<meta property=\"og:site_name\" content=\"Bellunopress - Dolomiti\" \/>\n<meta property=\"article:publisher\" content=\"https:\/\/www.facebook.com\/profile.php?id=100008943462799\" \/>\n<meta property=\"article:published_time\" content=\"2026-04-15T08:14:06+00:00\" \/>\n<meta property=\"og:image\" content=\"https:\/\/www.bellunopress.it\/wp-content\/uploads\/2026\/04\/Prossima-Fermata-dolomitibus-Telebelluno.jpg\" \/>\n\t<meta property=\"og:image:width\" content=\"600\" \/>\n\t<meta property=\"og:image:height\" content=\"337\" \/>\n\t<meta property=\"og:image:type\" content=\"image\/jpeg\" \/>\n<meta name=\"author\" content=\"redazione\" \/>\n<meta name=\"twitter:card\" content=\"summary_large_image\" \/>\n<meta name=\"twitter:creator\" content=\"@bellunopress\" \/>\n<meta name=\"twitter:site\" content=\"@bellunopress\" \/>\n<meta name=\"twitter:label1\" content=\"\u00c9crit par\" \/>\n\t<meta name=\"twitter:data1\" content=\"redazione\" \/>\n\t<meta name=\"twitter:label2\" content=\"Dur\u00e9e de lecture estim\u00e9e\" \/>\n\t<meta name=\"twitter:data2\" content=\"2 minutes\" \/>\n<script type=\"application\/ld+json\" class=\"yoast-schema-graph\">{\"@context\":\"https:\\\/\\\/schema.org\",\"@graph\":[{\"@type\":\"Article\",\"@id\":\"https:\\\/\\\/www.bellunopress.it\\\/2026\\\/04\\\/15\\\/dolomiti-bus-e-telebelluno-presentano-prossima-fermata-linnovazione-nel-trasporto-montano-diventa-racconto-dautore\\\/#article\",\"isPartOf\":{\"@id\":\"https:\\\/\\\/www.bellunopress.it\\\/2026\\\/04\\\/15\\\/dolomiti-bus-e-telebelluno-presentano-prossima-fermata-linnovazione-nel-trasporto-montano-diventa-racconto-dautore\\\/\"},\"author\":{\"name\":\"redazione\",\"@id\":\"https:\\\/\\\/www.bellunopress.it\\\/#\\\/schema\\\/person\\\/79bb06722b37ece1c03d3e94beb30d73\"},\"headline\":\"Dolomiti Bus e TeleBelluno presentano \u201cProssima Fermata\u201d: l\u2019innovazione nel trasporto montano diventa racconto d\u2019autore\",\"datePublished\":\"2026-04-15T08:14:06+00:00\",\"mainEntityOfPage\":{\"@id\":\"https:\\\/\\\/www.bellunopress.it\\\/2026\\\/04\\\/15\\\/dolomiti-bus-e-telebelluno-presentano-prossima-fermata-linnovazione-nel-trasporto-montano-diventa-racconto-dautore\\\/\"},\"wordCount\":397,\"publisher\":{\"@id\":\"https:\\\/\\\/www.bellunopress.it\\\/#organization\"},\"image\":{\"@id\":\"https:\\\/\\\/www.bellunopress.it\\\/2026\\\/04\\\/15\\\/dolomiti-bus-e-telebelluno-presentano-prossima-fermata-linnovazione-nel-trasporto-montano-diventa-racconto-dautore\\\/#primaryimage\"},\"thumbnailUrl\":\"https:\\\/\\\/www.bellunopress.it\\\/wp-content\\\/uploads\\\/2026\\\/04\\\/Prossima-Fermata-dolomitibus-Telebelluno.jpg\",\"articleSection\":[\"Arte, Cultura, Spettacoli, Scienza\",\"Pausa Caff\u00e8\"],\"inLanguage\":\"fr-FR\"},{\"@type\":\"WebPage\",\"@id\":\"https:\\\/\\\/www.bellunopress.it\\\/2026\\\/04\\\/15\\\/dolomiti-bus-e-telebelluno-presentano-prossima-fermata-linnovazione-nel-trasporto-montano-diventa-racconto-dautore\\\/\",\"url\":\"https:\\\/\\\/www.bellunopress.it\\\/2026\\\/04\\\/15\\\/dolomiti-bus-e-telebelluno-presentano-prossima-fermata-linnovazione-nel-trasporto-montano-diventa-racconto-dautore\\\/\",\"name\":\"Dolomiti Bus e TeleBelluno presentano \u201cProssima Fermata\u201d: l\u2019innovazione nel trasporto montano diventa racconto d\u2019autore - Bellunopress - Dolomiti\",\"isPartOf\":{\"@id\":\"https:\\\/\\\/www.bellunopress.it\\\/#website\"},\"primaryImageOfPage\":{\"@id\":\"https:\\\/\\\/www.bellunopress.it\\\/2026\\\/04\\\/15\\\/dolomiti-bus-e-telebelluno-presentano-prossima-fermata-linnovazione-nel-trasporto-montano-diventa-racconto-dautore\\\/#primaryimage\"},\"image\":{\"@id\":\"https:\\\/\\\/www.bellunopress.it\\\/2026\\\/04\\\/15\\\/dolomiti-bus-e-telebelluno-presentano-prossima-fermata-linnovazione-nel-trasporto-montano-diventa-racconto-dautore\\\/#primaryimage\"},\"thumbnailUrl\":\"https:\\\/\\\/www.bellunopress.it\\\/wp-content\\\/uploads\\\/2026\\\/04\\\/Prossima-Fermata-dolomitibus-Telebelluno.jpg\",\"datePublished\":\"2026-04-15T08:14:06+00:00\",\"breadcrumb\":{\"@id\":\"https:\\\/\\\/www.bellunopress.it\\\/2026\\\/04\\\/15\\\/dolomiti-bus-e-telebelluno-presentano-prossima-fermata-linnovazione-nel-trasporto-montano-diventa-racconto-dautore\\\/#breadcrumb\"},\"inLanguage\":\"fr-FR\",\"potentialAction\":[{\"@type\":\"ReadAction\",\"target\":[\"https:\\\/\\\/www.bellunopress.it\\\/2026\\\/04\\\/15\\\/dolomiti-bus-e-telebelluno-presentano-prossima-fermata-linnovazione-nel-trasporto-montano-diventa-racconto-dautore\\\/\"]}]},{\"@type\":\"ImageObject\",\"inLanguage\":\"fr-FR\",\"@id\":\"https:\\\/\\\/www.bellunopress.it\\\/2026\\\/04\\\/15\\\/dolomiti-bus-e-telebelluno-presentano-prossima-fermata-linnovazione-nel-trasporto-montano-diventa-racconto-dautore\\\/#primaryimage\",\"url\":\"https:\\\/\\\/www.bellunopress.it\\\/wp-content\\\/uploads\\\/2026\\\/04\\\/Prossima-Fermata-dolomitibus-Telebelluno.jpg\",\"contentUrl\":\"https:\\\/\\\/www.bellunopress.it\\\/wp-content\\\/uploads\\\/2026\\\/04\\\/Prossima-Fermata-dolomitibus-Telebelluno.jpg\",\"width\":600,\"height\":337},{\"@type\":\"BreadcrumbList\",\"@id\":\"https:\\\/\\\/www.bellunopress.it\\\/2026\\\/04\\\/15\\\/dolomiti-bus-e-telebelluno-presentano-prossima-fermata-linnovazione-nel-trasporto-montano-diventa-racconto-dautore\\\/#breadcrumb\",\"itemListElement\":[{\"@type\":\"ListItem\",\"position\":1,\"name\":\"Home\",\"item\":\"https:\\\/\\\/www.bellunopress.it\\\/\"},{\"@type\":\"ListItem\",\"position\":2,\"name\":\"Dolomiti Bus e TeleBelluno presentano \u201cProssima Fermata\u201d: l\u2019innovazione nel trasporto montano diventa racconto d\u2019autore\"}]},{\"@type\":\"WebSite\",\"@id\":\"https:\\\/\\\/www.bellunopress.it\\\/#website\",\"url\":\"https:\\\/\\\/www.bellunopress.it\\\/\",\"name\":\"Bellunopress - Dolomiti\",\"description\":\"e-mail: redazione@bellunopress.it\",\"publisher\":{\"@id\":\"https:\\\/\\\/www.bellunopress.it\\\/#organization\"},\"potentialAction\":[{\"@type\":\"SearchAction\",\"target\":{\"@type\":\"EntryPoint\",\"urlTemplate\":\"https:\\\/\\\/www.bellunopress.it\\\/?s={search_term_string}\"},\"query-input\":{\"@type\":\"PropertyValueSpecification\",\"valueRequired\":true,\"valueName\":\"search_term_string\"}}],\"inLanguage\":\"fr-FR\"},{\"@type\":\"Organization\",\"@id\":\"https:\\\/\\\/www.bellunopress.it\\\/#organization\",\"name\":\"Bellunopress\",\"url\":\"https:\\\/\\\/www.bellunopress.it\\\/\",\"logo\":{\"@type\":\"ImageObject\",\"inLanguage\":\"fr-FR\",\"@id\":\"https:\\\/\\\/www.bellunopress.it\\\/#\\\/schema\\\/logo\\\/image\\\/\",\"url\":\"https:\\\/\\\/www.bellunopress.it\\\/wp-content\\\/uploads\\\/2011\\\/05\\\/cropped-logo-bellunopress-.jpg\",\"contentUrl\":\"https:\\\/\\\/www.bellunopress.it\\\/wp-content\\\/uploads\\\/2011\\\/05\\\/cropped-logo-bellunopress-.jpg\",\"width\":512,\"height\":512,\"caption\":\"Bellunopress\"},\"image\":{\"@id\":\"https:\\\/\\\/www.bellunopress.it\\\/#\\\/schema\\\/logo\\\/image\\\/\"},\"sameAs\":[\"https:\\\/\\\/www.facebook.com\\\/profile.php?id=100008943462799\",\"https:\\\/\\\/x.com\\\/bellunopress\",\"https:\\\/\\\/www.linkedin.com\\\/hp\\\/?dnr=JBzUWaJfMUw8vbXJJ2tVW5-I3jZKvC4wsoxE&amp;amp;amp;amp;amp;amp;trk=nav_responsive_tab_home\",\"https:\\\/\\\/www.youtube.com\\\/channel\\\/UCxL0wu1uN0_3_7hGG0306cw\"]},{\"@type\":\"Person\",\"@id\":\"https:\\\/\\\/www.bellunopress.it\\\/#\\\/schema\\\/person\\\/79bb06722b37ece1c03d3e94beb30d73\",\"name\":\"redazione\",\"image\":{\"@type\":\"ImageObject\",\"inLanguage\":\"fr-FR\",\"@id\":\"https:\\\/\\\/secure.gravatar.com\\\/avatar\\\/37d968a2e67a6fd04c169c4bdef102d0bc5d31b2546345219e348575eb80e9a0?s=96&d=mm&r=g\",\"url\":\"https:\\\/\\\/secure.gravatar.com\\\/avatar\\\/37d968a2e67a6fd04c169c4bdef102d0bc5d31b2546345219e348575eb80e9a0?s=96&d=mm&r=g\",\"contentUrl\":\"https:\\\/\\\/secure.gravatar.com\\\/avatar\\\/37d968a2e67a6fd04c169c4bdef102d0bc5d31b2546345219e348575eb80e9a0?s=96&d=mm&r=g\",\"caption\":\"redazione\"},\"sameAs\":[\"http:\\\/\\\/www.bellunopress.it\",\"https:\\\/\\\/x.com\\\/bellunopress\"],\"url\":\"https:\\\/\\\/www.bellunopress.it\\\/fr\\\/author\\\/redazione\\\/\"}]}<\/script>\n<!-- \/ Yoast SEO plugin. -->","yoast_head_json":{"title":"Dolomiti Bus e TeleBelluno presentano \u201cProssima Fermata\u201d: l\u2019innovazione nel trasporto montano diventa racconto d\u2019autore - Bellunopress - Dolomiti","robots":{"index":"index","follow":"follow","max-snippet":"max-snippet:-1","max-image-preview":"max-image-preview:large","max-video-preview":"max-video-preview:-1"},"canonical":"https:\/\/www.bellunopress.it\/fr\/2026\/04\/15\/dolomiti-bus-e-telebelluno-presentano-prossima-fermata-linnovazione-nel-trasporto-montano-diventa-racconto-dautore\/","og_locale":"fr_FR","og_type":"article","og_title":"Dolomiti Bus e TeleBelluno presentano \u201cProssima Fermata\u201d: l\u2019innovazione nel trasporto montano diventa racconto d\u2019autore - Bellunopress - Dolomiti","og_description":"Belluno, 15 aprile 2026 \u2013 L\u2019autobus si trasforma da semplice mezzo di trasporto a palcoscenico itinerante per raccontare l\u2019identit\u00e0 delle comunit\u00e0 montane. Dalla collaborazione tra Dolomiti Bus e TeleBelluno nasce \u201cProssima Fermata\u201d, una nuova serie televisiva che invita il pubblico a scoprire il territorio bellunese attraverso un punto di vista privilegiato, ovvero quello del viaggio [&hellip;]","og_url":"https:\/\/www.bellunopress.it\/fr\/2026\/04\/15\/dolomiti-bus-e-telebelluno-presentano-prossima-fermata-linnovazione-nel-trasporto-montano-diventa-racconto-dautore\/","og_site_name":"Bellunopress - Dolomiti","article_publisher":"https:\/\/www.facebook.com\/profile.php?id=100008943462799","article_published_time":"2026-04-15T08:14:06+00:00","og_image":[{"width":600,"height":337,"url":"https:\/\/www.bellunopress.it\/wp-content\/uploads\/2026\/04\/Prossima-Fermata-dolomitibus-Telebelluno.jpg","type":"image\/jpeg"}],"author":"redazione","twitter_card":"summary_large_image","twitter_creator":"@bellunopress","twitter_site":"@bellunopress","twitter_misc":{"\u00c9crit par":"redazione","Dur\u00e9e de lecture estim\u00e9e":"2 minutes"},"schema":{"@context":"https:\/\/schema.org","@graph":[{"@type":"Article","@id":"https:\/\/www.bellunopress.it\/2026\/04\/15\/dolomiti-bus-e-telebelluno-presentano-prossima-fermata-linnovazione-nel-trasporto-montano-diventa-racconto-dautore\/#article","isPartOf":{"@id":"https:\/\/www.bellunopress.it\/2026\/04\/15\/dolomiti-bus-e-telebelluno-presentano-prossima-fermata-linnovazione-nel-trasporto-montano-diventa-racconto-dautore\/"},"author":{"name":"redazione","@id":"https:\/\/www.bellunopress.it\/#\/schema\/person\/79bb06722b37ece1c03d3e94beb30d73"},"headline":"Dolomiti Bus e TeleBelluno presentano \u201cProssima Fermata\u201d: l\u2019innovazione nel trasporto montano diventa racconto d\u2019autore","datePublished":"2026-04-15T08:14:06+00:00","mainEntityOfPage":{"@id":"https:\/\/www.bellunopress.it\/2026\/04\/15\/dolomiti-bus-e-telebelluno-presentano-prossima-fermata-linnovazione-nel-trasporto-montano-diventa-racconto-dautore\/"},"wordCount":397,"publisher":{"@id":"https:\/\/www.bellunopress.it\/#organization"},"image":{"@id":"https:\/\/www.bellunopress.it\/2026\/04\/15\/dolomiti-bus-e-telebelluno-presentano-prossima-fermata-linnovazione-nel-trasporto-montano-diventa-racconto-dautore\/#primaryimage"},"thumbnailUrl":"https:\/\/www.bellunopress.it\/wp-content\/uploads\/2026\/04\/Prossima-Fermata-dolomitibus-Telebelluno.jpg","articleSection":["Arte, Cultura, Spettacoli, Scienza","Pausa Caff\u00e8"],"inLanguage":"fr-FR"},{"@type":"WebPage","@id":"https:\/\/www.bellunopress.it\/2026\/04\/15\/dolomiti-bus-e-telebelluno-presentano-prossima-fermata-linnovazione-nel-trasporto-montano-diventa-racconto-dautore\/","url":"https:\/\/www.bellunopress.it\/2026\/04\/15\/dolomiti-bus-e-telebelluno-presentano-prossima-fermata-linnovazione-nel-trasporto-montano-diventa-racconto-dautore\/","name":"Dolomiti Bus e TeleBelluno presentano \u201cProssima Fermata\u201d: l\u2019innovazione nel trasporto montano diventa racconto d\u2019autore - Bellunopress - Dolomiti","isPartOf":{"@id":"https:\/\/www.bellunopress.it\/#website"},"primaryImageOfPage":{"@id":"https:\/\/www.bellunopress.it\/2026\/04\/15\/dolomiti-bus-e-telebelluno-presentano-prossima-fermata-linnovazione-nel-trasporto-montano-diventa-racconto-dautore\/#primaryimage"},"image":{"@id":"https:\/\/www.bellunopress.it\/2026\/04\/15\/dolomiti-bus-e-telebelluno-presentano-prossima-fermata-linnovazione-nel-trasporto-montano-diventa-racconto-dautore\/#primaryimage"},"thumbnailUrl":"https:\/\/www.bellunopress.it\/wp-content\/uploads\/2026\/04\/Prossima-Fermata-dolomitibus-Telebelluno.jpg","datePublished":"2026-04-15T08:14:06+00:00","breadcrumb":{"@id":"https:\/\/www.bellunopress.it\/2026\/04\/15\/dolomiti-bus-e-telebelluno-presentano-prossima-fermata-linnovazione-nel-trasporto-montano-diventa-racconto-dautore\/#breadcrumb"},"inLanguage":"fr-FR","potentialAction":[{"@type":"ReadAction","target":["https:\/\/www.bellunopress.it\/2026\/04\/15\/dolomiti-bus-e-telebelluno-presentano-prossima-fermata-linnovazione-nel-trasporto-montano-diventa-racconto-dautore\/"]}]},{"@type":"ImageObject","inLanguage":"fr-FR","@id":"https:\/\/www.bellunopress.it\/2026\/04\/15\/dolomiti-bus-e-telebelluno-presentano-prossima-fermata-linnovazione-nel-trasporto-montano-diventa-racconto-dautore\/#primaryimage","url":"https:\/\/www.bellunopress.it\/wp-content\/uploads\/2026\/04\/Prossima-Fermata-dolomitibus-Telebelluno.jpg","contentUrl":"https:\/\/www.bellunopress.it\/wp-content\/uploads\/2026\/04\/Prossima-Fermata-dolomitibus-Telebelluno.jpg","width":600,"height":337},{"@type":"BreadcrumbList","@id":"https:\/\/www.bellunopress.it\/2026\/04\/15\/dolomiti-bus-e-telebelluno-presentano-prossima-fermata-linnovazione-nel-trasporto-montano-diventa-racconto-dautore\/#breadcrumb","itemListElement":[{"@type":"ListItem","position":1,"name":"Home","item":"https:\/\/www.bellunopress.it\/"},{"@type":"ListItem","position":2,"name":"Dolomiti Bus e TeleBelluno presentano \u201cProssima Fermata\u201d: l\u2019innovazione nel trasporto montano diventa racconto d\u2019autore"}]},{"@type":"WebSite","@id":"https:\/\/www.bellunopress.it\/#website","url":"https:\/\/www.bellunopress.it\/","name":"Bellunopress - Dolomiti","description":"e-mail: redazione@bellunopress.it","publisher":{"@id":"https:\/\/www.bellunopress.it\/#organization"},"potentialAction":[{"@type":"SearchAction","target":{"@type":"EntryPoint","urlTemplate":"https:\/\/www.bellunopress.it\/?s={search_term_string}"},"query-input":{"@type":"PropertyValueSpecification","valueRequired":true,"valueName":"search_term_string"}}],"inLanguage":"fr-FR"},{"@type":"Organization","@id":"https:\/\/www.bellunopress.it\/#organization","name":"Bellunopress","url":"https:\/\/www.bellunopress.it\/","logo":{"@type":"ImageObject","inLanguage":"fr-FR","@id":"https:\/\/www.bellunopress.it\/#\/schema\/logo\/image\/","url":"https:\/\/www.bellunopress.it\/wp-content\/uploads\/2011\/05\/cropped-logo-bellunopress-.jpg","contentUrl":"https:\/\/www.bellunopress.it\/wp-content\/uploads\/2011\/05\/cropped-logo-bellunopress-.jpg","width":512,"height":512,"caption":"Bellunopress"},"image":{"@id":"https:\/\/www.bellunopress.it\/#\/schema\/logo\/image\/"},"sameAs":["https:\/\/www.facebook.com\/profile.php?id=100008943462799","https:\/\/x.com\/bellunopress","https:\/\/www.linkedin.com\/hp\/?dnr=JBzUWaJfMUw8vbXJJ2tVW5-I3jZKvC4wsoxE&amp;amp;amp;amp;amp;amp;trk=nav_responsive_tab_home","https:\/\/www.youtube.com\/channel\/UCxL0wu1uN0_3_7hGG0306cw"]},{"@type":"Person","@id":"https:\/\/www.bellunopress.it\/#\/schema\/person\/79bb06722b37ece1c03d3e94beb30d73","name":"r\u00e9daction","image":{"@type":"ImageObject","inLanguage":"fr-FR","@id":"https:\/\/secure.gravatar.com\/avatar\/37d968a2e67a6fd04c169c4bdef102d0bc5d31b2546345219e348575eb80e9a0?s=96&d=mm&r=g","url":"https:\/\/secure.gravatar.com\/avatar\/37d968a2e67a6fd04c169c4bdef102d0bc5d31b2546345219e348575eb80e9a0?s=96&d=mm&r=g","contentUrl":"https:\/\/secure.gravatar.com\/avatar\/37d968a2e67a6fd04c169c4bdef102d0bc5d31b2546345219e348575eb80e9a0?s=96&d=mm&r=g","caption":"redazione"},"sameAs":["http:\/\/www.bellunopress.it","https:\/\/x.com\/bellunopress"],"url":"https:\/\/www.bellunopress.it\/fr\/author\/redazione\/"}]}},"_links":{"self":[{"href":"https:\/\/www.bellunopress.it\/fr\/wp-json\/wp\/v2\/posts\/169149","targetHints":{"allow":["GET"]}}],"collection":[{"href":"https:\/\/www.bellunopress.it\/fr\/wp-json\/wp\/v2\/posts"}],"about":[{"href":"https:\/\/www.bellunopress.it\/fr\/wp-json\/wp\/v2\/types\/post"}],"author":[{"embeddable":true,"href":"https:\/\/www.bellunopress.it\/fr\/wp-json\/wp\/v2\/users\/2"}],"replies":[{"embeddable":true,"href":"https:\/\/www.bellunopress.it\/fr\/wp-json\/wp\/v2\/comments?post=169149"}],"version-history":[{"count":1,"href":"https:\/\/www.bellunopress.it\/fr\/wp-json\/wp\/v2\/posts\/169149\/revisions"}],"predecessor-version":[{"id":169151,"href":"https:\/\/www.bellunopress.it\/fr\/wp-json\/wp\/v2\/posts\/169149\/revisions\/169151"}],"wp:featuredmedia":[{"embeddable":true,"href":"https:\/\/www.bellunopress.it\/fr\/wp-json\/wp\/v2\/media\/169150"}],"wp:attachment":[{"href":"https:\/\/www.bellunopress.it\/fr\/wp-json\/wp\/v2\/media?parent=169149"}],"wp:term":[{"taxonomy":"category","embeddable":true,"href":"https:\/\/www.bellunopress.it\/fr\/wp-json\/wp\/v2\/categories?post=169149"},{"taxonomy":"post_tag","embeddable":true,"href":"https:\/\/www.bellunopress.it\/fr\/wp-json\/wp\/v2\/tags?post=169149"}],"curies":[{"name":"wp","href":"https:\/\/api.w.org\/{rel}","templated":true}]}}