{"id":169143,"date":"2026-04-15T08:45:39","date_gmt":"2026-04-15T06:45:39","guid":{"rendered":"https:\/\/www.bellunopress.it\/?p=169143"},"modified":"2026-04-15T06:55:27","modified_gmt":"2026-04-15T04:55:27","slug":"parliamo-di-parkinson-sabato-a-ponte-nelle-alpi-la-conferenza-del-prof-gastaldo-e-del-dott-gaz","status":"publish","type":"post","link":"https:\/\/www.bellunopress.it\/fr\/2026\/04\/15\/parliamo-di-parkinson-sabato-a-ponte-nelle-alpi-la-conferenza-del-prof-gastaldo-e-del-dott-gaz\/","title":{"rendered":"&#8220;Parliamo di Parkinson&#8221;, sabato a Ponte nelle Alpi la conferenza del prof. Gastaldo e del dott. Gaz"},"content":{"rendered":"<p><strong>Malattie neurodegenerative, conoscerle per vivere meglio. Un progetto Rete Bellunese<\/strong><\/p>\n<p>L\u2019Associazione Parkinson Alto Bellunese, con il prezioso patrocinio del Comune di Ponte nelle Alpi, organizza per Sabato 18 Aprile 2026, alle ore 15.00, presso la Sala SASSOLI (ex Casa Rossa) Ponte nelle Alpi, un incontro \/ dibattito sul tema del Parkinson con l\u2019intervento del Prof. Gastaldo Ernesto Neurologo Direttore Unit\u00e0 Operativa Complessa di Neurologia dell\u2019Ospedale di Feltre, e del Dott. Gaz Renzo &#8211; Fisioterapista esperto in Disfunzioni del Sistema di Movimento nell\u2019ambito di patologie neuro-muscolo-scheletriche e nella riabilitazione geriatrica.<\/p>\n<p><img loading=\"lazy\" decoding=\"async\" class=\"aligncenter size-full wp-image-169144\" src=\"https:\/\/www.bellunopress.it\/wp-content\/uploads\/2026\/04\/Parkinson.jpg\" alt=\"\" width=\"382\" height=\"500\" srcset=\"https:\/\/www.bellunopress.it\/wp-content\/uploads\/2026\/04\/Parkinson.jpg 382w, https:\/\/www.bellunopress.it\/wp-content\/uploads\/2026\/04\/Parkinson-321x420.jpg 321w, https:\/\/www.bellunopress.it\/wp-content\/uploads\/2026\/04\/Parkinson-150x196.jpg 150w, https:\/\/www.bellunopress.it\/wp-content\/uploads\/2026\/04\/Parkinson-300x393.jpg 300w\" sizes=\"auto, (max-width: 382px) 100vw, 382px\" \/>L\u2019Associazione vuole essere \u201cun faro di speranza e di supporto\u201d alle persone affette dal Parkinson e di aiuto alle loro famiglie nel territorio dell\u2019Alto Bellunese.<br \/>\nL\u2019 Associazione lavora per migliorare la qualit\u00e0 di vita dei pazienti, promuovendo la consapevolezza sulla malattia, fornendo informazioni preziose ed organizzando attivit\u00e0 che mirano al sostegno, sia psicologico che fisico dei propri associati. La malattia di Parkinson, essendo un disturbo neurodegenerativo progressivo, presenta sfide uniche sia per chi ne \u00e8 affetto sia per i propri cari, rendendo essenziale il ruolo di associazioni come questa.<br \/>\nLe iniziative dell&#8217;Associazione Parkinson Alto Bellunese includono incontri informativi con esperti in neurologia, riunioni di supporto per pazienti e familiari, incontri con la terapista occupazionale nonch\u00e9 programmi di esercizio fisico personalizzati, tutti volti a fornire aiuti concreti e supporto morale.<br \/>\nL\u2019Associazione invita tutta la popolazione a partecipare all\u2019incontro in quanto il Parkinson \u00e8 una malattia che pu\u00f2 entrare nelle famiglie in ogni momento della vita.<\/p>\n<p>&nbsp;<\/p>","protected":false},"excerpt":{"rendered":"<p>Malattie neurodegenerative, conoscerle per vivere meglio. Un progetto Rete Bellunese L\u2019Associazione Parkinson Alto Bellunese, con il prezioso patrocinio del Comune di Ponte nelle Alpi, organizza per Sabato 18 Aprile 2026, alle ore 15.00, presso la Sala SASSOLI (ex Casa Rossa) Ponte nelle Alpi, un incontro \/ dibattito sul tema del Parkinson con l\u2019intervento del Prof. [&hellip;]<\/p>\n","protected":false},"author":2,"featured_media":139340,"comment_status":"closed","ping_status":"open","sticky":false,"template":"","format":"standard","meta":{"footnotes":""},"categories":[25,17],"tags":[],"class_list":["post-169143","post","type-post","status-publish","format-standard","has-post-thumbnail","category-pausa-caffe","category-sanita"],"yoast_head":"<!-- This site is optimized with the Yoast SEO plugin v28.4 - https:\/\/yoast.com\/product\/yoast-seo-wordpress\/ -->\n<title>&quot;Parliamo di Parkinson&quot;, sabato a Ponte nelle Alpi la conferenza del prof. Gastaldo e del dott. Gaz - Bellunopress - Dolomiti<\/title>\n<meta name=\"robots\" content=\"index, follow, max-snippet:-1, max-image-preview:large, max-video-preview:-1\" \/>\n<link rel=\"canonical\" href=\"https:\/\/www.bellunopress.it\/fr\/2026\/04\/15\/parliamo-di-parkinson-sabato-a-ponte-nelle-alpi-la-conferenza-del-prof-gastaldo-e-del-dott-gaz\/\" \/>\n<meta property=\"og:locale\" content=\"fr_FR\" \/>\n<meta property=\"og:type\" content=\"article\" \/>\n<meta property=\"og:title\" content=\"&quot;Parliamo di Parkinson&quot;, sabato a Ponte nelle Alpi la conferenza del prof. Gastaldo e del dott. Gaz - Bellunopress - Dolomiti\" \/>\n<meta property=\"og:description\" content=\"Malattie neurodegenerative, conoscerle per vivere meglio. Un progetto Rete Bellunese L\u2019Associazione Parkinson Alto Bellunese, con il prezioso patrocinio del Comune di Ponte nelle Alpi, organizza per Sabato 18 Aprile 2026, alle ore 15.00, presso la Sala SASSOLI (ex Casa Rossa) Ponte nelle Alpi, un incontro \/ dibattito sul tema del Parkinson con l\u2019intervento del Prof. [&hellip;]\" \/>\n<meta property=\"og:url\" content=\"https:\/\/www.bellunopress.it\/fr\/2026\/04\/15\/parliamo-di-parkinson-sabato-a-ponte-nelle-alpi-la-conferenza-del-prof-gastaldo-e-del-dott-gaz\/\" \/>\n<meta property=\"og:site_name\" content=\"Bellunopress - Dolomiti\" \/>\n<meta property=\"article:publisher\" content=\"https:\/\/www.facebook.com\/profile.php?id=100008943462799\" \/>\n<meta property=\"article:published_time\" content=\"2026-04-15T06:45:39+00:00\" \/>\n<meta property=\"og:image\" content=\"https:\/\/www.bellunopress.it\/wp-content\/uploads\/2023\/01\/Sala_riunioni_Casa_Rossa_edited.jpg\" \/>\n\t<meta property=\"og:image:width\" content=\"1000\" \/>\n\t<meta property=\"og:image:height\" content=\"830\" \/>\n\t<meta property=\"og:image:type\" content=\"image\/jpeg\" \/>\n<meta name=\"author\" content=\"redazione\" \/>\n<meta name=\"twitter:card\" content=\"summary_large_image\" \/>\n<meta name=\"twitter:creator\" content=\"@bellunopress\" \/>\n<meta name=\"twitter:site\" content=\"@bellunopress\" \/>\n<meta name=\"twitter:label1\" content=\"\u00c9crit par\" \/>\n\t<meta name=\"twitter:data1\" content=\"redazione\" \/>\n\t<meta name=\"twitter:label2\" content=\"Dur\u00e9e de lecture estim\u00e9e\" \/>\n\t<meta name=\"twitter:data2\" content=\"1 minute\" \/>\n<script type=\"application\/ld+json\" class=\"yoast-schema-graph\">{\"@context\":\"https:\\\/\\\/schema.org\",\"@graph\":[{\"@type\":\"Article\",\"@id\":\"https:\\\/\\\/www.bellunopress.it\\\/2026\\\/04\\\/15\\\/parliamo-di-parkinson-sabato-a-ponte-nelle-alpi-la-conferenza-del-prof-gastaldo-e-del-dott-gaz\\\/#article\",\"isPartOf\":{\"@id\":\"https:\\\/\\\/www.bellunopress.it\\\/2026\\\/04\\\/15\\\/parliamo-di-parkinson-sabato-a-ponte-nelle-alpi-la-conferenza-del-prof-gastaldo-e-del-dott-gaz\\\/\"},\"author\":{\"name\":\"redazione\",\"@id\":\"https:\\\/\\\/www.bellunopress.it\\\/#\\\/schema\\\/person\\\/79bb06722b37ece1c03d3e94beb30d73\"},\"headline\":\"&#8220;Parliamo di Parkinson&#8221;, sabato a Ponte nelle Alpi la conferenza del prof. Gastaldo e del dott. Gaz\",\"datePublished\":\"2026-04-15T06:45:39+00:00\",\"mainEntityOfPage\":{\"@id\":\"https:\\\/\\\/www.bellunopress.it\\\/2026\\\/04\\\/15\\\/parliamo-di-parkinson-sabato-a-ponte-nelle-alpi-la-conferenza-del-prof-gastaldo-e-del-dott-gaz\\\/\"},\"wordCount\":264,\"publisher\":{\"@id\":\"https:\\\/\\\/www.bellunopress.it\\\/#organization\"},\"image\":{\"@id\":\"https:\\\/\\\/www.bellunopress.it\\\/2026\\\/04\\\/15\\\/parliamo-di-parkinson-sabato-a-ponte-nelle-alpi-la-conferenza-del-prof-gastaldo-e-del-dott-gaz\\\/#primaryimage\"},\"thumbnailUrl\":\"https:\\\/\\\/www.bellunopress.it\\\/wp-content\\\/uploads\\\/2023\\\/01\\\/Sala_riunioni_Casa_Rossa_edited.jpg\",\"articleSection\":[\"Pausa Caff\u00e8\",\"Sanit\u00e0 Medicina\"],\"inLanguage\":\"fr-FR\"},{\"@type\":\"WebPage\",\"@id\":\"https:\\\/\\\/www.bellunopress.it\\\/2026\\\/04\\\/15\\\/parliamo-di-parkinson-sabato-a-ponte-nelle-alpi-la-conferenza-del-prof-gastaldo-e-del-dott-gaz\\\/\",\"url\":\"https:\\\/\\\/www.bellunopress.it\\\/2026\\\/04\\\/15\\\/parliamo-di-parkinson-sabato-a-ponte-nelle-alpi-la-conferenza-del-prof-gastaldo-e-del-dott-gaz\\\/\",\"name\":\"\\\"Parliamo di Parkinson\\\", sabato a Ponte nelle Alpi la conferenza del prof. Gastaldo e del dott. Gaz - Bellunopress - Dolomiti\",\"isPartOf\":{\"@id\":\"https:\\\/\\\/www.bellunopress.it\\\/#website\"},\"primaryImageOfPage\":{\"@id\":\"https:\\\/\\\/www.bellunopress.it\\\/2026\\\/04\\\/15\\\/parliamo-di-parkinson-sabato-a-ponte-nelle-alpi-la-conferenza-del-prof-gastaldo-e-del-dott-gaz\\\/#primaryimage\"},\"image\":{\"@id\":\"https:\\\/\\\/www.bellunopress.it\\\/2026\\\/04\\\/15\\\/parliamo-di-parkinson-sabato-a-ponte-nelle-alpi-la-conferenza-del-prof-gastaldo-e-del-dott-gaz\\\/#primaryimage\"},\"thumbnailUrl\":\"https:\\\/\\\/www.bellunopress.it\\\/wp-content\\\/uploads\\\/2023\\\/01\\\/Sala_riunioni_Casa_Rossa_edited.jpg\",\"datePublished\":\"2026-04-15T06:45:39+00:00\",\"breadcrumb\":{\"@id\":\"https:\\\/\\\/www.bellunopress.it\\\/2026\\\/04\\\/15\\\/parliamo-di-parkinson-sabato-a-ponte-nelle-alpi-la-conferenza-del-prof-gastaldo-e-del-dott-gaz\\\/#breadcrumb\"},\"inLanguage\":\"fr-FR\",\"potentialAction\":[{\"@type\":\"ReadAction\",\"target\":[\"https:\\\/\\\/www.bellunopress.it\\\/2026\\\/04\\\/15\\\/parliamo-di-parkinson-sabato-a-ponte-nelle-alpi-la-conferenza-del-prof-gastaldo-e-del-dott-gaz\\\/\"]}]},{\"@type\":\"ImageObject\",\"inLanguage\":\"fr-FR\",\"@id\":\"https:\\\/\\\/www.bellunopress.it\\\/2026\\\/04\\\/15\\\/parliamo-di-parkinson-sabato-a-ponte-nelle-alpi-la-conferenza-del-prof-gastaldo-e-del-dott-gaz\\\/#primaryimage\",\"url\":\"https:\\\/\\\/www.bellunopress.it\\\/wp-content\\\/uploads\\\/2023\\\/01\\\/Sala_riunioni_Casa_Rossa_edited.jpg\",\"contentUrl\":\"https:\\\/\\\/www.bellunopress.it\\\/wp-content\\\/uploads\\\/2023\\\/01\\\/Sala_riunioni_Casa_Rossa_edited.jpg\",\"width\":1000,\"height\":830,\"caption\":\"Ex Casa Rossa - Ponte nelle Alpi\"},{\"@type\":\"BreadcrumbList\",\"@id\":\"https:\\\/\\\/www.bellunopress.it\\\/2026\\\/04\\\/15\\\/parliamo-di-parkinson-sabato-a-ponte-nelle-alpi-la-conferenza-del-prof-gastaldo-e-del-dott-gaz\\\/#breadcrumb\",\"itemListElement\":[{\"@type\":\"ListItem\",\"position\":1,\"name\":\"Home\",\"item\":\"https:\\\/\\\/www.bellunopress.it\\\/\"},{\"@type\":\"ListItem\",\"position\":2,\"name\":\"&#8220;Parliamo di Parkinson&#8221;, sabato a Ponte nelle Alpi la conferenza del prof. Gastaldo e del dott. Gaz\"}]},{\"@type\":\"WebSite\",\"@id\":\"https:\\\/\\\/www.bellunopress.it\\\/#website\",\"url\":\"https:\\\/\\\/www.bellunopress.it\\\/\",\"name\":\"Bellunopress - Dolomiti\",\"description\":\"e-mail: redazione@bellunopress.it\",\"publisher\":{\"@id\":\"https:\\\/\\\/www.bellunopress.it\\\/#organization\"},\"potentialAction\":[{\"@type\":\"SearchAction\",\"target\":{\"@type\":\"EntryPoint\",\"urlTemplate\":\"https:\\\/\\\/www.bellunopress.it\\\/?s={search_term_string}\"},\"query-input\":{\"@type\":\"PropertyValueSpecification\",\"valueRequired\":true,\"valueName\":\"search_term_string\"}}],\"inLanguage\":\"fr-FR\"},{\"@type\":\"Organization\",\"@id\":\"https:\\\/\\\/www.bellunopress.it\\\/#organization\",\"name\":\"Bellunopress\",\"url\":\"https:\\\/\\\/www.bellunopress.it\\\/\",\"logo\":{\"@type\":\"ImageObject\",\"inLanguage\":\"fr-FR\",\"@id\":\"https:\\\/\\\/www.bellunopress.it\\\/#\\\/schema\\\/logo\\\/image\\\/\",\"url\":\"https:\\\/\\\/www.bellunopress.it\\\/wp-content\\\/uploads\\\/2011\\\/05\\\/cropped-logo-bellunopress-.jpg\",\"contentUrl\":\"https:\\\/\\\/www.bellunopress.it\\\/wp-content\\\/uploads\\\/2011\\\/05\\\/cropped-logo-bellunopress-.jpg\",\"width\":512,\"height\":512,\"caption\":\"Bellunopress\"},\"image\":{\"@id\":\"https:\\\/\\\/www.bellunopress.it\\\/#\\\/schema\\\/logo\\\/image\\\/\"},\"sameAs\":[\"https:\\\/\\\/www.facebook.com\\\/profile.php?id=100008943462799\",\"https:\\\/\\\/x.com\\\/bellunopress\",\"https:\\\/\\\/www.linkedin.com\\\/hp\\\/?dnr=JBzUWaJfMUw8vbXJJ2tVW5-I3jZKvC4wsoxE&amp;amp;amp;amp;amp;amp;trk=nav_responsive_tab_home\",\"https:\\\/\\\/www.youtube.com\\\/channel\\\/UCxL0wu1uN0_3_7hGG0306cw\"]},{\"@type\":\"Person\",\"@id\":\"https:\\\/\\\/www.bellunopress.it\\\/#\\\/schema\\\/person\\\/79bb06722b37ece1c03d3e94beb30d73\",\"name\":\"redazione\",\"image\":{\"@type\":\"ImageObject\",\"inLanguage\":\"fr-FR\",\"@id\":\"https:\\\/\\\/secure.gravatar.com\\\/avatar\\\/37d968a2e67a6fd04c169c4bdef102d0bc5d31b2546345219e348575eb80e9a0?s=96&d=mm&r=g\",\"url\":\"https:\\\/\\\/secure.gravatar.com\\\/avatar\\\/37d968a2e67a6fd04c169c4bdef102d0bc5d31b2546345219e348575eb80e9a0?s=96&d=mm&r=g\",\"contentUrl\":\"https:\\\/\\\/secure.gravatar.com\\\/avatar\\\/37d968a2e67a6fd04c169c4bdef102d0bc5d31b2546345219e348575eb80e9a0?s=96&d=mm&r=g\",\"caption\":\"redazione\"},\"sameAs\":[\"http:\\\/\\\/www.bellunopress.it\",\"https:\\\/\\\/x.com\\\/bellunopress\"],\"url\":\"https:\\\/\\\/www.bellunopress.it\\\/fr\\\/author\\\/redazione\\\/\"}]}<\/script>\n<!-- \/ Yoast SEO plugin. -->","yoast_head_json":{"title":"\"Parliamo di Parkinson\", sabato a Ponte nelle Alpi la conferenza del prof. Gastaldo e del dott. Gaz - Bellunopress - Dolomiti","robots":{"index":"index","follow":"follow","max-snippet":"max-snippet:-1","max-image-preview":"max-image-preview:large","max-video-preview":"max-video-preview:-1"},"canonical":"https:\/\/www.bellunopress.it\/fr\/2026\/04\/15\/parliamo-di-parkinson-sabato-a-ponte-nelle-alpi-la-conferenza-del-prof-gastaldo-e-del-dott-gaz\/","og_locale":"fr_FR","og_type":"article","og_title":"\"Parliamo di Parkinson\", sabato a Ponte nelle Alpi la conferenza del prof. Gastaldo e del dott. Gaz - Bellunopress - Dolomiti","og_description":"Malattie neurodegenerative, conoscerle per vivere meglio. Un progetto Rete Bellunese L\u2019Associazione Parkinson Alto Bellunese, con il prezioso patrocinio del Comune di Ponte nelle Alpi, organizza per Sabato 18 Aprile 2026, alle ore 15.00, presso la Sala SASSOLI (ex Casa Rossa) Ponte nelle Alpi, un incontro \/ dibattito sul tema del Parkinson con l\u2019intervento del Prof. [&hellip;]","og_url":"https:\/\/www.bellunopress.it\/fr\/2026\/04\/15\/parliamo-di-parkinson-sabato-a-ponte-nelle-alpi-la-conferenza-del-prof-gastaldo-e-del-dott-gaz\/","og_site_name":"Bellunopress - Dolomiti","article_publisher":"https:\/\/www.facebook.com\/profile.php?id=100008943462799","article_published_time":"2026-04-15T06:45:39+00:00","og_image":[{"width":1000,"height":830,"url":"https:\/\/www.bellunopress.it\/wp-content\/uploads\/2023\/01\/Sala_riunioni_Casa_Rossa_edited.jpg","type":"image\/jpeg"}],"author":"redazione","twitter_card":"summary_large_image","twitter_creator":"@bellunopress","twitter_site":"@bellunopress","twitter_misc":{"\u00c9crit par":"redazione","Dur\u00e9e de lecture estim\u00e9e":"1 minute"},"schema":{"@context":"https:\/\/schema.org","@graph":[{"@type":"Article","@id":"https:\/\/www.bellunopress.it\/2026\/04\/15\/parliamo-di-parkinson-sabato-a-ponte-nelle-alpi-la-conferenza-del-prof-gastaldo-e-del-dott-gaz\/#article","isPartOf":{"@id":"https:\/\/www.bellunopress.it\/2026\/04\/15\/parliamo-di-parkinson-sabato-a-ponte-nelle-alpi-la-conferenza-del-prof-gastaldo-e-del-dott-gaz\/"},"author":{"name":"redazione","@id":"https:\/\/www.bellunopress.it\/#\/schema\/person\/79bb06722b37ece1c03d3e94beb30d73"},"headline":"&#8220;Parliamo di Parkinson&#8221;, sabato a Ponte nelle Alpi la conferenza del prof. Gastaldo e del dott. Gaz","datePublished":"2026-04-15T06:45:39+00:00","mainEntityOfPage":{"@id":"https:\/\/www.bellunopress.it\/2026\/04\/15\/parliamo-di-parkinson-sabato-a-ponte-nelle-alpi-la-conferenza-del-prof-gastaldo-e-del-dott-gaz\/"},"wordCount":264,"publisher":{"@id":"https:\/\/www.bellunopress.it\/#organization"},"image":{"@id":"https:\/\/www.bellunopress.it\/2026\/04\/15\/parliamo-di-parkinson-sabato-a-ponte-nelle-alpi-la-conferenza-del-prof-gastaldo-e-del-dott-gaz\/#primaryimage"},"thumbnailUrl":"https:\/\/www.bellunopress.it\/wp-content\/uploads\/2023\/01\/Sala_riunioni_Casa_Rossa_edited.jpg","articleSection":["Pausa Caff\u00e8","Sanit\u00e0 Medicina"],"inLanguage":"fr-FR"},{"@type":"WebPage","@id":"https:\/\/www.bellunopress.it\/2026\/04\/15\/parliamo-di-parkinson-sabato-a-ponte-nelle-alpi-la-conferenza-del-prof-gastaldo-e-del-dott-gaz\/","url":"https:\/\/www.bellunopress.it\/2026\/04\/15\/parliamo-di-parkinson-sabato-a-ponte-nelle-alpi-la-conferenza-del-prof-gastaldo-e-del-dott-gaz\/","name":"\"Parliamo di Parkinson\", sabato a Ponte nelle Alpi la conferenza del prof. Gastaldo e del dott. Gaz - Bellunopress - Dolomiti","isPartOf":{"@id":"https:\/\/www.bellunopress.it\/#website"},"primaryImageOfPage":{"@id":"https:\/\/www.bellunopress.it\/2026\/04\/15\/parliamo-di-parkinson-sabato-a-ponte-nelle-alpi-la-conferenza-del-prof-gastaldo-e-del-dott-gaz\/#primaryimage"},"image":{"@id":"https:\/\/www.bellunopress.it\/2026\/04\/15\/parliamo-di-parkinson-sabato-a-ponte-nelle-alpi-la-conferenza-del-prof-gastaldo-e-del-dott-gaz\/#primaryimage"},"thumbnailUrl":"https:\/\/www.bellunopress.it\/wp-content\/uploads\/2023\/01\/Sala_riunioni_Casa_Rossa_edited.jpg","datePublished":"2026-04-15T06:45:39+00:00","breadcrumb":{"@id":"https:\/\/www.bellunopress.it\/2026\/04\/15\/parliamo-di-parkinson-sabato-a-ponte-nelle-alpi-la-conferenza-del-prof-gastaldo-e-del-dott-gaz\/#breadcrumb"},"inLanguage":"fr-FR","potentialAction":[{"@type":"ReadAction","target":["https:\/\/www.bellunopress.it\/2026\/04\/15\/parliamo-di-parkinson-sabato-a-ponte-nelle-alpi-la-conferenza-del-prof-gastaldo-e-del-dott-gaz\/"]}]},{"@type":"ImageObject","inLanguage":"fr-FR","@id":"https:\/\/www.bellunopress.it\/2026\/04\/15\/parliamo-di-parkinson-sabato-a-ponte-nelle-alpi-la-conferenza-del-prof-gastaldo-e-del-dott-gaz\/#primaryimage","url":"https:\/\/www.bellunopress.it\/wp-content\/uploads\/2023\/01\/Sala_riunioni_Casa_Rossa_edited.jpg","contentUrl":"https:\/\/www.bellunopress.it\/wp-content\/uploads\/2023\/01\/Sala_riunioni_Casa_Rossa_edited.jpg","width":1000,"height":830,"caption":"Ex Casa Rossa - Ponte nelle Alpi"},{"@type":"BreadcrumbList","@id":"https:\/\/www.bellunopress.it\/2026\/04\/15\/parliamo-di-parkinson-sabato-a-ponte-nelle-alpi-la-conferenza-del-prof-gastaldo-e-del-dott-gaz\/#breadcrumb","itemListElement":[{"@type":"ListItem","position":1,"name":"Home","item":"https:\/\/www.bellunopress.it\/"},{"@type":"ListItem","position":2,"name":"&#8220;Parliamo di Parkinson&#8221;, sabato a Ponte nelle Alpi la conferenza del prof. Gastaldo e del dott. Gaz"}]},{"@type":"WebSite","@id":"https:\/\/www.bellunopress.it\/#website","url":"https:\/\/www.bellunopress.it\/","name":"Bellunopress - Dolomiti","description":"e-mail: redazione@bellunopress.it","publisher":{"@id":"https:\/\/www.bellunopress.it\/#organization"},"potentialAction":[{"@type":"SearchAction","target":{"@type":"EntryPoint","urlTemplate":"https:\/\/www.bellunopress.it\/?s={search_term_string}"},"query-input":{"@type":"PropertyValueSpecification","valueRequired":true,"valueName":"search_term_string"}}],"inLanguage":"fr-FR"},{"@type":"Organization","@id":"https:\/\/www.bellunopress.it\/#organization","name":"Bellunopress","url":"https:\/\/www.bellunopress.it\/","logo":{"@type":"ImageObject","inLanguage":"fr-FR","@id":"https:\/\/www.bellunopress.it\/#\/schema\/logo\/image\/","url":"https:\/\/www.bellunopress.it\/wp-content\/uploads\/2011\/05\/cropped-logo-bellunopress-.jpg","contentUrl":"https:\/\/www.bellunopress.it\/wp-content\/uploads\/2011\/05\/cropped-logo-bellunopress-.jpg","width":512,"height":512,"caption":"Bellunopress"},"image":{"@id":"https:\/\/www.bellunopress.it\/#\/schema\/logo\/image\/"},"sameAs":["https:\/\/www.facebook.com\/profile.php?id=100008943462799","https:\/\/x.com\/bellunopress","https:\/\/www.linkedin.com\/hp\/?dnr=JBzUWaJfMUw8vbXJJ2tVW5-I3jZKvC4wsoxE&amp;amp;amp;amp;amp;amp;trk=nav_responsive_tab_home","https:\/\/www.youtube.com\/channel\/UCxL0wu1uN0_3_7hGG0306cw"]},{"@type":"Person","@id":"https:\/\/www.bellunopress.it\/#\/schema\/person\/79bb06722b37ece1c03d3e94beb30d73","name":"r\u00e9daction","image":{"@type":"ImageObject","inLanguage":"fr-FR","@id":"https:\/\/secure.gravatar.com\/avatar\/37d968a2e67a6fd04c169c4bdef102d0bc5d31b2546345219e348575eb80e9a0?s=96&d=mm&r=g","url":"https:\/\/secure.gravatar.com\/avatar\/37d968a2e67a6fd04c169c4bdef102d0bc5d31b2546345219e348575eb80e9a0?s=96&d=mm&r=g","contentUrl":"https:\/\/secure.gravatar.com\/avatar\/37d968a2e67a6fd04c169c4bdef102d0bc5d31b2546345219e348575eb80e9a0?s=96&d=mm&r=g","caption":"redazione"},"sameAs":["http:\/\/www.bellunopress.it","https:\/\/x.com\/bellunopress"],"url":"https:\/\/www.bellunopress.it\/fr\/author\/redazione\/"}]}},"_links":{"self":[{"href":"https:\/\/www.bellunopress.it\/fr\/wp-json\/wp\/v2\/posts\/169143","targetHints":{"allow":["GET"]}}],"collection":[{"href":"https:\/\/www.bellunopress.it\/fr\/wp-json\/wp\/v2\/posts"}],"about":[{"href":"https:\/\/www.bellunopress.it\/fr\/wp-json\/wp\/v2\/types\/post"}],"author":[{"embeddable":true,"href":"https:\/\/www.bellunopress.it\/fr\/wp-json\/wp\/v2\/users\/2"}],"replies":[{"embeddable":true,"href":"https:\/\/www.bellunopress.it\/fr\/wp-json\/wp\/v2\/comments?post=169143"}],"version-history":[{"count":1,"href":"https:\/\/www.bellunopress.it\/fr\/wp-json\/wp\/v2\/posts\/169143\/revisions"}],"predecessor-version":[{"id":169145,"href":"https:\/\/www.bellunopress.it\/fr\/wp-json\/wp\/v2\/posts\/169143\/revisions\/169145"}],"wp:featuredmedia":[{"embeddable":true,"href":"https:\/\/www.bellunopress.it\/fr\/wp-json\/wp\/v2\/media\/139340"}],"wp:attachment":[{"href":"https:\/\/www.bellunopress.it\/fr\/wp-json\/wp\/v2\/media?parent=169143"}],"wp:term":[{"taxonomy":"category","embeddable":true,"href":"https:\/\/www.bellunopress.it\/fr\/wp-json\/wp\/v2\/categories?post=169143"},{"taxonomy":"post_tag","embeddable":true,"href":"https:\/\/www.bellunopress.it\/fr\/wp-json\/wp\/v2\/tags?post=169143"}],"curies":[{"name":"wp","href":"https:\/\/api.w.org\/{rel}","templated":true}]}}