{"id":169140,"date":"2026-04-14T21:34:46","date_gmt":"2026-04-14T19:34:46","guid":{"rendered":"https:\/\/www.bellunopress.it\/?p=169140"},"modified":"2026-04-14T21:34:46","modified_gmt":"2026-04-14T19:34:46","slug":"che-il-comune-ci-dia-un-taglio-a-proposito-di-via-feltre-di-niccolo-sovilla","status":"publish","type":"post","link":"https:\/\/www.bellunopress.it\/fr\/2026\/04\/14\/che-il-comune-ci-dia-un-taglio-a-proposito-di-via-feltre-di-niccolo-sovilla\/","title":{"rendered":"Che il Comune ci dia un taglio (a proposito di via Feltre)\u00a0 * di Niccol\u00f2 Sovilla\u00a0"},"content":{"rendered":"<p>Belluno, 14\/04\/2026 &#8211; Il problema nel tentare di riesumare un termine letterario, arcaico o desueto, \u00e8 che se non gli si trova un&#8217;applicazione pratica non rientrer\u00e0 mai nella lingua corrente.<\/p>\n<p>\u00c8 il caso della parola &#8220;ascolteria&#8221;, impiegata da alcuni in campagna elettorale per dimostrare la propria apertura al dialogo. Disponibilit\u00e0 che pu\u00f2, talvolta, non concretizzarsi.<\/p>\n<p>\u00c8 un vero peccato, perch\u00e9 alla maggioranza dei bellunesi era piaciuta. Ora, rispetto a quanto sta accadendo in via Feltre (l&#8217;abbattimento di circa 140 tigli per rifare l&#8217;intero viale), \u00e8 proprio ci\u00f2 che chiedono. E cio\u00e8 di essere ascoltati, interpellati, quantomeno messi adeguatamente al corrente su ci\u00f2 che \u00e8 loro: la citt\u00e0 splendente. La citt\u00e0 numero uno in Italia per alberi pro capite.<\/p>\n<p>Lo scrivono in svariate lettere aperte, rivolgendosi al loro Sindaco. Si dicono, innanzitutto, delusi e, quel che \u00e8 peggio, si sentono ignorati e non considerati. Proprio coloro per il cui benessere l&#8217;Amministrazione dovrebbe lavorare. Perch\u00e9, ricordiamolo, i cittadini non sono sudditi.<\/p>\n<p>Che il Comune ci dia un taglio, a questi alberi, se \u00e8 ci\u00f2 che vuole. Ma non \u00e8 ci\u00f2 che vogliono loro, come dimostra la presenza di molti sul luogo del massacro arboreo. Gli animi si sono infervorati. O meglio &#8211; concedetemi il gioco di parole &#8211; si sono inalberati.<\/p>\n<p>Volano parole forti anche, e volano gli uccelli, via da quegli alberi. Cinguettando e gracchiando sembrano dire: &#8220;Via, via, via dalla pazza folla!&#8221;<\/p>\n<p>Il problema \u00e8 che degli alberi gli uccelli cittadini hanno bisogno, e ne hanno bisogno pure i cittadini umani: per non schiattare di caldo in estate, per non inzupparsi sotto la pioggia, per non sentirsi soffocati dalla visione del solo cemento.<\/p>\n<p>Ormai la cosa \u00e8 fatta. I tigli di via Feltre non ci sono pi\u00f9, e quei pochi che in queste ore ancora ci sono stanno osservando passivamente il loro futuro: i ceppi dei compagni suggeriscono loro la fine che faranno a breve.<\/p>\n<p>Neppure la raccolta di oltre 2.200 firme in meno di 48 ore tramite la petizione &#8220;Fermiamo l&#8217;abbattimento degli alberi di Via Feltre a Belluno&#8221; (ben presto trasformatasi in &#8220;Sono stati abbattuti gli alberi di via Feltre a Belluno&#8221;) ha sortito alcun effetto sulla decisione, da parte dell&#8217;Amministrazione, di trattare la faccenda come un affare imprenditoriale. Proprio cos\u00ec: pare impossibile ma c&#8217;\u00e8 chi ha dichiaratamente scambiato il Comune di Belluno per la propria impresa. E in tal senso \u00e8 andato avanti, muso duro e bareta fracada.<\/p>\n<p>Ha dimostrato, per\u00f2, che noi &#8220;ambientalisti che si preoccupano che tagliando gli alberi in via Feltre, poi non possiamo badare ai nidi degli uccelli&#8221; (sic)&#8230; Scusate il garbuglio linguistico, stiamo solo citando alla lettera un pezzo di discorso di un consigliere&#8230; Insomma, che noi delle associazioni ambientaliste non siamo quattro gatti, ma uno stormo.<\/p>\n<p>Nonostante ci\u00f2, e nonostante sulla questione di via Feltre si sia ormai scritto e detto di tutto, nessuna delle osservazioni di noi ambientalisti o dei cittadini ha ancora ricevuto degna &#8211; o indegna \u2013 considerazione.<\/p>\n<p>Inizialmente, FIAB Belluno ha evidenziato come la riprogettazione della via, ancora una volta, metta al centro le automobili e sullo sfondo le biciclette e i pedoni &#8211; pur prevedendo la realizzazione di una ciclopedonale.<\/p>\n<p>Abbiamo poi proseguito noi della Delegazione Lipu di Belluno con una lettera rivolta al Comune di Belluno, alla Soprintendenza e ai Carabinieri Forestali, oltre che con un comunicato stampa ed un articolo qui pubblicato. Essenzialmente, i nostri punti erano e sono tutt&#8217;ora tre:<br \/>\n1) si rimandi il taglio delle alberature a fine nidificazione dell&#8217;avifauna (troppo tardi);<br \/>\n2) si esegua questo taglio &#8220;a scaglioni&#8221;, anzich\u00e9 in una volta sola (troppo tardi);<br \/>\n3) si riprogetti la via prevedendo un numero di alberi pari o superiore all&#8217;attuale (amministratori siete ancora in tempo).<\/p>\n<p>Tutte osservazioni, le nostre, basate su leggi e normative specifiche (rimandiamo al nostro articolo &#8220;Chi li vuole gli alberi di via Feltre?&#8221;), oltre che su ricerche internazionali rispetto alla salute e al benessere dei cittadini, che ogni anno in maniera pi\u00f9 evidente devono fare i conti con i cambiamenti climatici e il riscaldamento globale.<\/p>\n<p>Ha concluso l&#8217;argomento la sezione bellunese di Italia Nostra, suggerendo, tra le altre cose, la singolarit\u00e0 della faccenda: un intervento progettato, finanziato ed infine assegnato ad una ditta privata da un privato cittadino. Il Comune di Belluno, infatti, pare aver preso atto del &#8220;pacchetto completo&#8221; ed averlo approvato, mandando avanti i lavori in fretta e furia, che a caval donato non si guarda in bocca.<\/p>\n<p>Nel mezzo, le gi\u00e0 citate numerose lettere dei residenti, i post sui social, le condivisioni, i passaparola. Qualcuno ha nominato la famosa Ascolteria; qualcuno ha citato l&#8217;architetta che sui giornali suggeriva un&#8217;idilliaca reinterpretazione di via Feltre quale luogo pubblico in primis da vivere a piedi, con le auto messe al secondo posto; qualcuno ha citato le nostre motivazioni.<\/p>\n<p>Quando il verde urbano viene visto come un oggetto da rimuovere perch\u00e9 sporca le auto parcheggiate e ostruisce i tombini, da rimpiazzare perch\u00e9 presenta rughe e cicatrici o da estirpare perch\u00e9 intralcia la circolazione, anzich\u00e9 come un&#8217;opportunit\u00e0 e una salvezza dal caldo, dalle precipitazioni e dallo stress cittadino, nonch\u00e9 come casa dell&#8217;avifauna cittadina, significa che un bel po&#8217; di ingranaggi, nella grande macchina del Comune, si sono inceppati.<\/p>\n<p>Il verde urbano non \u00e8 una spesa, \u00e8 un investimento. E le leggi e le sentenze dei tribunali italiani non sono meri suggerimenti.<\/p>\n<p><strong>Niccol\u00f2 Sovilla<\/strong><br \/>\n<strong>Delegato Lipu Belluno<\/strong><\/p>\n<p>La delegazione Lipu di Belluno \u00e8 anche su Instagram: instagram.com\/lipu_belluno<\/p>\n<p>E da ora abbiamo anche un sito: lipubelluno.org<\/p>","protected":false},"excerpt":{"rendered":"<p>Belluno, 14\/04\/2026 &#8211; Il problema nel tentare di riesumare un termine letterario, arcaico o desueto, \u00e8 che se non gli si trova un&#8217;applicazione pratica non rientrer\u00e0 mai nella lingua corrente. \u00c8 il caso della parola &#8220;ascolteria&#8221;, impiegata da alcuni in campagna elettorale per dimostrare la propria apertura al dialogo. Disponibilit\u00e0 che pu\u00f2, talvolta, non concretizzarsi. [&hellip;]<\/p>\n","protected":false},"author":2,"featured_media":169129,"comment_status":"closed","ping_status":"open","sticky":false,"template":"","format":"standard","meta":{"footnotes":""},"categories":[1,38],"tags":[],"class_list":["post-169140","post","type-post","status-publish","format-standard","has-post-thumbnail","category-leo","category-natura-ambiente"],"yoast_head":"<!-- This site is optimized with the Yoast SEO plugin v28.4 - https:\/\/yoast.com\/product\/yoast-seo-wordpress\/ -->\n<title>Che il Comune ci dia un taglio (a proposito di via Feltre)\u00a0 * di Niccol\u00f2 Sovilla\u00a0 - Bellunopress - Dolomiti<\/title>\n<meta name=\"robots\" content=\"index, follow, max-snippet:-1, max-image-preview:large, max-video-preview:-1\" \/>\n<link rel=\"canonical\" href=\"https:\/\/www.bellunopress.it\/fr\/2026\/04\/14\/che-il-comune-ci-dia-un-taglio-a-proposito-di-via-feltre-di-niccolo-sovilla\/\" \/>\n<meta property=\"og:locale\" content=\"fr_FR\" \/>\n<meta property=\"og:type\" content=\"article\" \/>\n<meta property=\"og:title\" content=\"Che il Comune ci dia un taglio (a proposito di via Feltre)\u00a0 * di Niccol\u00f2 Sovilla\u00a0 - Bellunopress - Dolomiti\" \/>\n<meta property=\"og:description\" content=\"Belluno, 14\/04\/2026 &#8211; Il problema nel tentare di riesumare un termine letterario, arcaico o desueto, \u00e8 che se non gli si trova un&#8217;applicazione pratica non rientrer\u00e0 mai nella lingua corrente. \u00c8 il caso della parola &#8220;ascolteria&#8221;, impiegata da alcuni in campagna elettorale per dimostrare la propria apertura al dialogo. Disponibilit\u00e0 che pu\u00f2, talvolta, non concretizzarsi. [&hellip;]\" \/>\n<meta property=\"og:url\" content=\"https:\/\/www.bellunopress.it\/fr\/2026\/04\/14\/che-il-comune-ci-dia-un-taglio-a-proposito-di-via-feltre-di-niccolo-sovilla\/\" \/>\n<meta property=\"og:site_name\" content=\"Bellunopress - Dolomiti\" \/>\n<meta property=\"article:publisher\" content=\"https:\/\/www.facebook.com\/profile.php?id=100008943462799\" \/>\n<meta property=\"article:published_time\" content=\"2026-04-14T19:34:46+00:00\" \/>\n<meta property=\"og:image\" content=\"https:\/\/www.bellunopress.it\/wp-content\/uploads\/2026\/04\/via-feltre-alberi-tagliati.jpg\" \/>\n\t<meta property=\"og:image:width\" content=\"545\" \/>\n\t<meta property=\"og:image:height\" content=\"600\" \/>\n\t<meta property=\"og:image:type\" content=\"image\/jpeg\" \/>\n<meta name=\"author\" content=\"redazione\" \/>\n<meta name=\"twitter:card\" content=\"summary_large_image\" \/>\n<meta name=\"twitter:creator\" content=\"@bellunopress\" \/>\n<meta name=\"twitter:site\" content=\"@bellunopress\" \/>\n<meta name=\"twitter:label1\" content=\"Written by\" \/>\n\t<meta name=\"twitter:data1\" content=\"redazione\" \/>\n\t<meta name=\"twitter:label2\" content=\"Est. reading time\" \/>\n\t<meta name=\"twitter:data2\" content=\"4 minutes\" \/>\n<script type=\"application\/ld+json\" class=\"yoast-schema-graph\">{\"@context\":\"https:\\\/\\\/schema.org\",\"@graph\":[{\"@type\":\"Article\",\"@id\":\"https:\\\/\\\/www.bellunopress.it\\\/2026\\\/04\\\/14\\\/che-il-comune-ci-dia-un-taglio-a-proposito-di-via-feltre-di-niccolo-sovilla\\\/#article\",\"isPartOf\":{\"@id\":\"https:\\\/\\\/www.bellunopress.it\\\/2026\\\/04\\\/14\\\/che-il-comune-ci-dia-un-taglio-a-proposito-di-via-feltre-di-niccolo-sovilla\\\/\"},\"author\":{\"name\":\"redazione\",\"@id\":\"https:\\\/\\\/www.bellunopress.it\\\/#\\\/schema\\\/person\\\/79bb06722b37ece1c03d3e94beb30d73\"},\"headline\":\"Che il Comune ci dia un taglio (a proposito di via Feltre)\u00a0 * di Niccol\u00f2 Sovilla\u00a0\",\"datePublished\":\"2026-04-14T19:34:46+00:00\",\"mainEntityOfPage\":{\"@id\":\"https:\\\/\\\/www.bellunopress.it\\\/2026\\\/04\\\/14\\\/che-il-comune-ci-dia-un-taglio-a-proposito-di-via-feltre-di-niccolo-sovilla\\\/\"},\"wordCount\":914,\"publisher\":{\"@id\":\"https:\\\/\\\/www.bellunopress.it\\\/#organization\"},\"image\":{\"@id\":\"https:\\\/\\\/www.bellunopress.it\\\/2026\\\/04\\\/14\\\/che-il-comune-ci-dia-un-taglio-a-proposito-di-via-feltre-di-niccolo-sovilla\\\/#primaryimage\"},\"thumbnailUrl\":\"https:\\\/\\\/www.bellunopress.it\\\/wp-content\\\/uploads\\\/2026\\\/04\\\/via-feltre-alberi-tagliati.jpg\",\"articleSection\":[\"Lettere Opinioni\",\"Meteo, natura, ambiente, animali\"],\"inLanguage\":\"fr-FR\"},{\"@type\":\"WebPage\",\"@id\":\"https:\\\/\\\/www.bellunopress.it\\\/2026\\\/04\\\/14\\\/che-il-comune-ci-dia-un-taglio-a-proposito-di-via-feltre-di-niccolo-sovilla\\\/\",\"url\":\"https:\\\/\\\/www.bellunopress.it\\\/2026\\\/04\\\/14\\\/che-il-comune-ci-dia-un-taglio-a-proposito-di-via-feltre-di-niccolo-sovilla\\\/\",\"name\":\"Che il Comune ci dia un taglio (a proposito di via Feltre)\u00a0 * di Niccol\u00f2 Sovilla\u00a0 - Bellunopress - Dolomiti\",\"isPartOf\":{\"@id\":\"https:\\\/\\\/www.bellunopress.it\\\/#website\"},\"primaryImageOfPage\":{\"@id\":\"https:\\\/\\\/www.bellunopress.it\\\/2026\\\/04\\\/14\\\/che-il-comune-ci-dia-un-taglio-a-proposito-di-via-feltre-di-niccolo-sovilla\\\/#primaryimage\"},\"image\":{\"@id\":\"https:\\\/\\\/www.bellunopress.it\\\/2026\\\/04\\\/14\\\/che-il-comune-ci-dia-un-taglio-a-proposito-di-via-feltre-di-niccolo-sovilla\\\/#primaryimage\"},\"thumbnailUrl\":\"https:\\\/\\\/www.bellunopress.it\\\/wp-content\\\/uploads\\\/2026\\\/04\\\/via-feltre-alberi-tagliati.jpg\",\"datePublished\":\"2026-04-14T19:34:46+00:00\",\"breadcrumb\":{\"@id\":\"https:\\\/\\\/www.bellunopress.it\\\/2026\\\/04\\\/14\\\/che-il-comune-ci-dia-un-taglio-a-proposito-di-via-feltre-di-niccolo-sovilla\\\/#breadcrumb\"},\"inLanguage\":\"fr-FR\",\"potentialAction\":[{\"@type\":\"ReadAction\",\"target\":[\"https:\\\/\\\/www.bellunopress.it\\\/2026\\\/04\\\/14\\\/che-il-comune-ci-dia-un-taglio-a-proposito-di-via-feltre-di-niccolo-sovilla\\\/\"]}]},{\"@type\":\"ImageObject\",\"inLanguage\":\"fr-FR\",\"@id\":\"https:\\\/\\\/www.bellunopress.it\\\/2026\\\/04\\\/14\\\/che-il-comune-ci-dia-un-taglio-a-proposito-di-via-feltre-di-niccolo-sovilla\\\/#primaryimage\",\"url\":\"https:\\\/\\\/www.bellunopress.it\\\/wp-content\\\/uploads\\\/2026\\\/04\\\/via-feltre-alberi-tagliati.jpg\",\"contentUrl\":\"https:\\\/\\\/www.bellunopress.it\\\/wp-content\\\/uploads\\\/2026\\\/04\\\/via-feltre-alberi-tagliati.jpg\",\"width\":545,\"height\":600,\"caption\":\"Belluno, via Feltre (foto di repertorio 14\\\/04\\\/2026)\"},{\"@type\":\"BreadcrumbList\",\"@id\":\"https:\\\/\\\/www.bellunopress.it\\\/2026\\\/04\\\/14\\\/che-il-comune-ci-dia-un-taglio-a-proposito-di-via-feltre-di-niccolo-sovilla\\\/#breadcrumb\",\"itemListElement\":[{\"@type\":\"ListItem\",\"position\":1,\"name\":\"Home\",\"item\":\"https:\\\/\\\/www.bellunopress.it\\\/\"},{\"@type\":\"ListItem\",\"position\":2,\"name\":\"Che il Comune ci dia un taglio (a proposito di via Feltre)\u00a0 * di Niccol\u00f2 Sovilla\u00a0\"}]},{\"@type\":\"WebSite\",\"@id\":\"https:\\\/\\\/www.bellunopress.it\\\/#website\",\"url\":\"https:\\\/\\\/www.bellunopress.it\\\/\",\"name\":\"Bellunopress - Dolomiti\",\"description\":\"e-mail: redazione@bellunopress.it\",\"publisher\":{\"@id\":\"https:\\\/\\\/www.bellunopress.it\\\/#organization\"},\"potentialAction\":[{\"@type\":\"SearchAction\",\"target\":{\"@type\":\"EntryPoint\",\"urlTemplate\":\"https:\\\/\\\/www.bellunopress.it\\\/?s={search_term_string}\"},\"query-input\":{\"@type\":\"PropertyValueSpecification\",\"valueRequired\":true,\"valueName\":\"search_term_string\"}}],\"inLanguage\":\"fr-FR\"},{\"@type\":\"Organization\",\"@id\":\"https:\\\/\\\/www.bellunopress.it\\\/#organization\",\"name\":\"Bellunopress\",\"url\":\"https:\\\/\\\/www.bellunopress.it\\\/\",\"logo\":{\"@type\":\"ImageObject\",\"inLanguage\":\"fr-FR\",\"@id\":\"https:\\\/\\\/www.bellunopress.it\\\/#\\\/schema\\\/logo\\\/image\\\/\",\"url\":\"https:\\\/\\\/www.bellunopress.it\\\/wp-content\\\/uploads\\\/2011\\\/05\\\/cropped-logo-bellunopress-.jpg\",\"contentUrl\":\"https:\\\/\\\/www.bellunopress.it\\\/wp-content\\\/uploads\\\/2011\\\/05\\\/cropped-logo-bellunopress-.jpg\",\"width\":512,\"height\":512,\"caption\":\"Bellunopress\"},\"image\":{\"@id\":\"https:\\\/\\\/www.bellunopress.it\\\/#\\\/schema\\\/logo\\\/image\\\/\"},\"sameAs\":[\"https:\\\/\\\/www.facebook.com\\\/profile.php?id=100008943462799\",\"https:\\\/\\\/x.com\\\/bellunopress\",\"https:\\\/\\\/www.linkedin.com\\\/hp\\\/?dnr=JBzUWaJfMUw8vbXJJ2tVW5-I3jZKvC4wsoxE&amp;amp;amp;amp;amp;amp;trk=nav_responsive_tab_home\",\"https:\\\/\\\/www.youtube.com\\\/channel\\\/UCxL0wu1uN0_3_7hGG0306cw\"]},{\"@type\":\"Person\",\"@id\":\"https:\\\/\\\/www.bellunopress.it\\\/#\\\/schema\\\/person\\\/79bb06722b37ece1c03d3e94beb30d73\",\"name\":\"redazione\",\"image\":{\"@type\":\"ImageObject\",\"inLanguage\":\"fr-FR\",\"@id\":\"https:\\\/\\\/secure.gravatar.com\\\/avatar\\\/37d968a2e67a6fd04c169c4bdef102d0bc5d31b2546345219e348575eb80e9a0?s=96&d=mm&r=g\",\"url\":\"https:\\\/\\\/secure.gravatar.com\\\/avatar\\\/37d968a2e67a6fd04c169c4bdef102d0bc5d31b2546345219e348575eb80e9a0?s=96&d=mm&r=g\",\"contentUrl\":\"https:\\\/\\\/secure.gravatar.com\\\/avatar\\\/37d968a2e67a6fd04c169c4bdef102d0bc5d31b2546345219e348575eb80e9a0?s=96&d=mm&r=g\",\"caption\":\"redazione\"},\"sameAs\":[\"http:\\\/\\\/www.bellunopress.it\",\"https:\\\/\\\/x.com\\\/bellunopress\"],\"url\":\"https:\\\/\\\/www.bellunopress.it\\\/fr\\\/author\\\/redazione\\\/\"}]}<\/script>\n<!-- \/ Yoast SEO plugin. -->","yoast_head_json":{"title":"Che il Comune ci dia un taglio (a proposito di via Feltre)\u00a0 * di Niccol\u00f2 Sovilla\u00a0 - Bellunopress - Dolomiti","robots":{"index":"index","follow":"follow","max-snippet":"max-snippet:-1","max-image-preview":"max-image-preview:large","max-video-preview":"max-video-preview:-1"},"canonical":"https:\/\/www.bellunopress.it\/fr\/2026\/04\/14\/che-il-comune-ci-dia-un-taglio-a-proposito-di-via-feltre-di-niccolo-sovilla\/","og_locale":"fr_FR","og_type":"article","og_title":"Che il Comune ci dia un taglio (a proposito di via Feltre)\u00a0 * di Niccol\u00f2 Sovilla\u00a0 - Bellunopress - Dolomiti","og_description":"Belluno, 14\/04\/2026 &#8211; Il problema nel tentare di riesumare un termine letterario, arcaico o desueto, \u00e8 che se non gli si trova un&#8217;applicazione pratica non rientrer\u00e0 mai nella lingua corrente. \u00c8 il caso della parola &#8220;ascolteria&#8221;, impiegata da alcuni in campagna elettorale per dimostrare la propria apertura al dialogo. Disponibilit\u00e0 che pu\u00f2, talvolta, non concretizzarsi. [&hellip;]","og_url":"https:\/\/www.bellunopress.it\/fr\/2026\/04\/14\/che-il-comune-ci-dia-un-taglio-a-proposito-di-via-feltre-di-niccolo-sovilla\/","og_site_name":"Bellunopress - Dolomiti","article_publisher":"https:\/\/www.facebook.com\/profile.php?id=100008943462799","article_published_time":"2026-04-14T19:34:46+00:00","og_image":[{"width":545,"height":600,"url":"https:\/\/www.bellunopress.it\/wp-content\/uploads\/2026\/04\/via-feltre-alberi-tagliati.jpg","type":"image\/jpeg"}],"author":"redazione","twitter_card":"summary_large_image","twitter_creator":"@bellunopress","twitter_site":"@bellunopress","twitter_misc":{"Written by":"redazione","Est. reading time":"4 minutes"},"schema":{"@context":"https:\/\/schema.org","@graph":[{"@type":"Article","@id":"https:\/\/www.bellunopress.it\/2026\/04\/14\/che-il-comune-ci-dia-un-taglio-a-proposito-di-via-feltre-di-niccolo-sovilla\/#article","isPartOf":{"@id":"https:\/\/www.bellunopress.it\/2026\/04\/14\/che-il-comune-ci-dia-un-taglio-a-proposito-di-via-feltre-di-niccolo-sovilla\/"},"author":{"name":"redazione","@id":"https:\/\/www.bellunopress.it\/#\/schema\/person\/79bb06722b37ece1c03d3e94beb30d73"},"headline":"Che il Comune ci dia un taglio (a proposito di via Feltre)\u00a0 * di Niccol\u00f2 Sovilla\u00a0","datePublished":"2026-04-14T19:34:46+00:00","mainEntityOfPage":{"@id":"https:\/\/www.bellunopress.it\/2026\/04\/14\/che-il-comune-ci-dia-un-taglio-a-proposito-di-via-feltre-di-niccolo-sovilla\/"},"wordCount":914,"publisher":{"@id":"https:\/\/www.bellunopress.it\/#organization"},"image":{"@id":"https:\/\/www.bellunopress.it\/2026\/04\/14\/che-il-comune-ci-dia-un-taglio-a-proposito-di-via-feltre-di-niccolo-sovilla\/#primaryimage"},"thumbnailUrl":"https:\/\/www.bellunopress.it\/wp-content\/uploads\/2026\/04\/via-feltre-alberi-tagliati.jpg","articleSection":["Lettere Opinioni","Meteo, natura, ambiente, animali"],"inLanguage":"fr-FR"},{"@type":"WebPage","@id":"https:\/\/www.bellunopress.it\/2026\/04\/14\/che-il-comune-ci-dia-un-taglio-a-proposito-di-via-feltre-di-niccolo-sovilla\/","url":"https:\/\/www.bellunopress.it\/2026\/04\/14\/che-il-comune-ci-dia-un-taglio-a-proposito-di-via-feltre-di-niccolo-sovilla\/","name":"Che il Comune ci dia un taglio (a proposito di via Feltre)\u00a0 * di Niccol\u00f2 Sovilla\u00a0 - Bellunopress - Dolomiti","isPartOf":{"@id":"https:\/\/www.bellunopress.it\/#website"},"primaryImageOfPage":{"@id":"https:\/\/www.bellunopress.it\/2026\/04\/14\/che-il-comune-ci-dia-un-taglio-a-proposito-di-via-feltre-di-niccolo-sovilla\/#primaryimage"},"image":{"@id":"https:\/\/www.bellunopress.it\/2026\/04\/14\/che-il-comune-ci-dia-un-taglio-a-proposito-di-via-feltre-di-niccolo-sovilla\/#primaryimage"},"thumbnailUrl":"https:\/\/www.bellunopress.it\/wp-content\/uploads\/2026\/04\/via-feltre-alberi-tagliati.jpg","datePublished":"2026-04-14T19:34:46+00:00","breadcrumb":{"@id":"https:\/\/www.bellunopress.it\/2026\/04\/14\/che-il-comune-ci-dia-un-taglio-a-proposito-di-via-feltre-di-niccolo-sovilla\/#breadcrumb"},"inLanguage":"fr-FR","potentialAction":[{"@type":"ReadAction","target":["https:\/\/www.bellunopress.it\/2026\/04\/14\/che-il-comune-ci-dia-un-taglio-a-proposito-di-via-feltre-di-niccolo-sovilla\/"]}]},{"@type":"ImageObject","inLanguage":"fr-FR","@id":"https:\/\/www.bellunopress.it\/2026\/04\/14\/che-il-comune-ci-dia-un-taglio-a-proposito-di-via-feltre-di-niccolo-sovilla\/#primaryimage","url":"https:\/\/www.bellunopress.it\/wp-content\/uploads\/2026\/04\/via-feltre-alberi-tagliati.jpg","contentUrl":"https:\/\/www.bellunopress.it\/wp-content\/uploads\/2026\/04\/via-feltre-alberi-tagliati.jpg","width":545,"height":600,"caption":"Belluno, via Feltre (foto di repertorio 14\/04\/2026)"},{"@type":"BreadcrumbList","@id":"https:\/\/www.bellunopress.it\/2026\/04\/14\/che-il-comune-ci-dia-un-taglio-a-proposito-di-via-feltre-di-niccolo-sovilla\/#breadcrumb","itemListElement":[{"@type":"ListItem","position":1,"name":"Home","item":"https:\/\/www.bellunopress.it\/"},{"@type":"ListItem","position":2,"name":"Che il Comune ci dia un taglio (a proposito di via Feltre)\u00a0 * di Niccol\u00f2 Sovilla\u00a0"}]},{"@type":"WebSite","@id":"https:\/\/www.bellunopress.it\/#website","url":"https:\/\/www.bellunopress.it\/","name":"Bellunopress - Dolomiti","description":"e-mail: redazione@bellunopress.it","publisher":{"@id":"https:\/\/www.bellunopress.it\/#organization"},"potentialAction":[{"@type":"SearchAction","target":{"@type":"EntryPoint","urlTemplate":"https:\/\/www.bellunopress.it\/?s={search_term_string}"},"query-input":{"@type":"PropertyValueSpecification","valueRequired":true,"valueName":"search_term_string"}}],"inLanguage":"fr-FR"},{"@type":"Organization","@id":"https:\/\/www.bellunopress.it\/#organization","name":"Bellunopress","url":"https:\/\/www.bellunopress.it\/","logo":{"@type":"ImageObject","inLanguage":"fr-FR","@id":"https:\/\/www.bellunopress.it\/#\/schema\/logo\/image\/","url":"https:\/\/www.bellunopress.it\/wp-content\/uploads\/2011\/05\/cropped-logo-bellunopress-.jpg","contentUrl":"https:\/\/www.bellunopress.it\/wp-content\/uploads\/2011\/05\/cropped-logo-bellunopress-.jpg","width":512,"height":512,"caption":"Bellunopress"},"image":{"@id":"https:\/\/www.bellunopress.it\/#\/schema\/logo\/image\/"},"sameAs":["https:\/\/www.facebook.com\/profile.php?id=100008943462799","https:\/\/x.com\/bellunopress","https:\/\/www.linkedin.com\/hp\/?dnr=JBzUWaJfMUw8vbXJJ2tVW5-I3jZKvC4wsoxE&amp;amp;amp;amp;amp;amp;trk=nav_responsive_tab_home","https:\/\/www.youtube.com\/channel\/UCxL0wu1uN0_3_7hGG0306cw"]},{"@type":"Person","@id":"https:\/\/www.bellunopress.it\/#\/schema\/person\/79bb06722b37ece1c03d3e94beb30d73","name":"r\u00e9daction","image":{"@type":"ImageObject","inLanguage":"fr-FR","@id":"https:\/\/secure.gravatar.com\/avatar\/37d968a2e67a6fd04c169c4bdef102d0bc5d31b2546345219e348575eb80e9a0?s=96&d=mm&r=g","url":"https:\/\/secure.gravatar.com\/avatar\/37d968a2e67a6fd04c169c4bdef102d0bc5d31b2546345219e348575eb80e9a0?s=96&d=mm&r=g","contentUrl":"https:\/\/secure.gravatar.com\/avatar\/37d968a2e67a6fd04c169c4bdef102d0bc5d31b2546345219e348575eb80e9a0?s=96&d=mm&r=g","caption":"redazione"},"sameAs":["http:\/\/www.bellunopress.it","https:\/\/x.com\/bellunopress"],"url":"https:\/\/www.bellunopress.it\/fr\/author\/redazione\/"}]}},"_links":{"self":[{"href":"https:\/\/www.bellunopress.it\/fr\/wp-json\/wp\/v2\/posts\/169140","targetHints":{"allow":["GET"]}}],"collection":[{"href":"https:\/\/www.bellunopress.it\/fr\/wp-json\/wp\/v2\/posts"}],"about":[{"href":"https:\/\/www.bellunopress.it\/fr\/wp-json\/wp\/v2\/types\/post"}],"author":[{"embeddable":true,"href":"https:\/\/www.bellunopress.it\/fr\/wp-json\/wp\/v2\/users\/2"}],"replies":[{"embeddable":true,"href":"https:\/\/www.bellunopress.it\/fr\/wp-json\/wp\/v2\/comments?post=169140"}],"version-history":[{"count":1,"href":"https:\/\/www.bellunopress.it\/fr\/wp-json\/wp\/v2\/posts\/169140\/revisions"}],"predecessor-version":[{"id":169141,"href":"https:\/\/www.bellunopress.it\/fr\/wp-json\/wp\/v2\/posts\/169140\/revisions\/169141"}],"wp:featuredmedia":[{"embeddable":true,"href":"https:\/\/www.bellunopress.it\/fr\/wp-json\/wp\/v2\/media\/169129"}],"wp:attachment":[{"href":"https:\/\/www.bellunopress.it\/fr\/wp-json\/wp\/v2\/media?parent=169140"}],"wp:term":[{"taxonomy":"category","embeddable":true,"href":"https:\/\/www.bellunopress.it\/fr\/wp-json\/wp\/v2\/categories?post=169140"},{"taxonomy":"post_tag","embeddable":true,"href":"https:\/\/www.bellunopress.it\/fr\/wp-json\/wp\/v2\/tags?post=169140"}],"curies":[{"name":"wp","href":"https:\/\/api.w.org\/{rel}","templated":true}]}}