{"id":169137,"date":"2026-04-15T09:00:54","date_gmt":"2026-04-15T07:00:54","guid":{"rendered":"https:\/\/www.bellunopress.it\/?p=169137"},"modified":"2026-04-14T20:55:41","modified_gmt":"2026-04-14T18:55:41","slug":"concerto-di-primavera-alla-cantina-podere-aurin-di-fonzaso-musica-deccellenza-e-giovani-talenti-in-scena-sabato-18-aprile","status":"publish","type":"post","link":"https:\/\/www.bellunopress.it\/fr\/2026\/04\/15\/concerto-di-primavera-alla-cantina-podere-aurin-di-fonzaso-musica-deccellenza-e-giovani-talenti-in-scena-sabato-18-aprile\/","title":{"rendered":"Concerto di Primavera alla Cantina Podere Aurin di Fonzaso: musica d\u2019eccellenza e giovani talenti in scena sabato 18 aprile"},"content":{"rendered":"<p>Fonzaso, 14 aprile 2026 &#8211;\u00a0Sabato prossimo, 18 aprile, presso la sala proiezioni della Cantina Podere Aurin di Fonzaso spazio al \u201cConcerto di Primavera\u201d, appuntamento musicale che intende unire qualit\u00e0 artistica e valorizzazione del territorio.<br \/>\nProtagonista della serata sar\u00e0 il giovane pianista Giacomo Menegardi, vincitore del \u201cPremio Venezia 2023\u201d, che offrir\u00e0 al pubblico un\u2019esibizione di alto livello, dando cos\u00ec prova del suo talento e della sua sensibilit\u00e0 interpretativa.<\/p>\n<p>Il concerto sar\u00e0 preceduto, con inizio alle 17.30, da un momento di benvenuto in musica affidato agli allievi della classe di pianoforte della professoressa Gisella Galat\u00e0, appartenenti alle scuole di musica A. Miari e Arte Nuova. Un\u2019occasione significativa per dare spazio e visibilit\u00e0 ai giovani talenti locali, valorizzando al contempo il loro percorso formativo musicale.<\/p>\n<p>A conclusione dell\u2019evento \u00e8 prevista una degustazione enogastronomica, pensata come momento conviviale per il pubblico presente, che esalter\u00e0 alcuni sapori tipici del territorio.<br \/>\nL\u2019iniziativa si configura come un\u2019importante occasione di incontro tra musica, cultura e tradizione e intende offrire un pomeriggio all\u2019insegna dell\u2019intrattenimento e della condivisione.<\/p>\n<p>Per informazioni e prenotazioni: podereaurin.it.<\/p>","protected":false},"excerpt":{"rendered":"<p>Fonzaso, 14 aprile 2026 &#8211;\u00a0Sabato prossimo, 18 aprile, presso la sala proiezioni della Cantina Podere Aurin di Fonzaso spazio al \u201cConcerto di Primavera\u201d, appuntamento musicale che intende unire qualit\u00e0 artistica e valorizzazione del territorio. Protagonista della serata sar\u00e0 il giovane pianista Giacomo Menegardi, vincitore del \u201cPremio Venezia 2023\u201d, che offrir\u00e0 al pubblico un\u2019esibizione di alto [&hellip;]<\/p>\n","protected":false},"author":2,"featured_media":169138,"comment_status":"closed","ping_status":"open","sticky":false,"template":"","format":"standard","meta":{"footnotes":""},"categories":[27,3,25],"tags":[],"class_list":["post-169137","post","type-post","status-publish","format-standard","has-post-thumbnail","category-appuntamenti","category-arte-cultura-spettacoli-scienza-archivi","category-pausa-caffe"],"yoast_head":"<!-- This site is optimized with the Yoast SEO plugin v28.4 - https:\/\/yoast.com\/product\/yoast-seo-wordpress\/ -->\n<title>Concerto di Primavera alla Cantina Podere Aurin di Fonzaso: musica d\u2019eccellenza e giovani talenti in scena sabato 18 aprile - Bellunopress - Dolomiti<\/title>\n<meta name=\"robots\" content=\"index, follow, max-snippet:-1, max-image-preview:large, max-video-preview:-1\" \/>\n<link rel=\"canonical\" href=\"https:\/\/www.bellunopress.it\/fr\/2026\/04\/15\/concerto-di-primavera-alla-cantina-podere-aurin-di-fonzaso-musica-deccellenza-e-giovani-talenti-in-scena-sabato-18-aprile\/\" \/>\n<meta property=\"og:locale\" content=\"fr_FR\" \/>\n<meta property=\"og:type\" content=\"article\" \/>\n<meta property=\"og:title\" content=\"Concerto di Primavera alla Cantina Podere Aurin di Fonzaso: musica d\u2019eccellenza e giovani talenti in scena sabato 18 aprile - Bellunopress - Dolomiti\" \/>\n<meta property=\"og:description\" content=\"Fonzaso, 14 aprile 2026 &#8211;\u00a0Sabato prossimo, 18 aprile, presso la sala proiezioni della Cantina Podere Aurin di Fonzaso spazio al \u201cConcerto di Primavera\u201d, appuntamento musicale che intende unire qualit\u00e0 artistica e valorizzazione del territorio. Protagonista della serata sar\u00e0 il giovane pianista Giacomo Menegardi, vincitore del \u201cPremio Venezia 2023\u201d, che offrir\u00e0 al pubblico un\u2019esibizione di alto [&hellip;]\" \/>\n<meta property=\"og:url\" content=\"https:\/\/www.bellunopress.it\/fr\/2026\/04\/15\/concerto-di-primavera-alla-cantina-podere-aurin-di-fonzaso-musica-deccellenza-e-giovani-talenti-in-scena-sabato-18-aprile\/\" \/>\n<meta property=\"og:site_name\" content=\"Bellunopress - Dolomiti\" \/>\n<meta property=\"article:publisher\" content=\"https:\/\/www.facebook.com\/profile.php?id=100008943462799\" \/>\n<meta property=\"article:published_time\" content=\"2026-04-15T07:00:54+00:00\" \/>\n<meta property=\"og:image\" content=\"https:\/\/www.bellunopress.it\/wp-content\/uploads\/2026\/04\/Concerto-di-Primavera-Podere-Aurin.jpeg\" \/>\n\t<meta property=\"og:image:width\" content=\"344\" \/>\n\t<meta property=\"og:image:height\" content=\"500\" \/>\n\t<meta property=\"og:image:type\" content=\"image\/jpeg\" \/>\n<meta name=\"author\" content=\"redazione\" \/>\n<meta name=\"twitter:card\" content=\"summary_large_image\" \/>\n<meta name=\"twitter:creator\" content=\"@bellunopress\" \/>\n<meta name=\"twitter:site\" content=\"@bellunopress\" \/>\n<meta name=\"twitter:label1\" content=\"\u00c9crit par\" \/>\n\t<meta name=\"twitter:data1\" content=\"redazione\" \/>\n\t<meta name=\"twitter:label2\" content=\"Dur\u00e9e de lecture estim\u00e9e\" \/>\n\t<meta name=\"twitter:data2\" content=\"1 minute\" \/>\n<script type=\"application\/ld+json\" class=\"yoast-schema-graph\">{\"@context\":\"https:\\\/\\\/schema.org\",\"@graph\":[{\"@type\":\"Article\",\"@id\":\"https:\\\/\\\/www.bellunopress.it\\\/2026\\\/04\\\/15\\\/concerto-di-primavera-alla-cantina-podere-aurin-di-fonzaso-musica-deccellenza-e-giovani-talenti-in-scena-sabato-18-aprile\\\/#article\",\"isPartOf\":{\"@id\":\"https:\\\/\\\/www.bellunopress.it\\\/2026\\\/04\\\/15\\\/concerto-di-primavera-alla-cantina-podere-aurin-di-fonzaso-musica-deccellenza-e-giovani-talenti-in-scena-sabato-18-aprile\\\/\"},\"author\":{\"name\":\"redazione\",\"@id\":\"https:\\\/\\\/www.bellunopress.it\\\/#\\\/schema\\\/person\\\/79bb06722b37ece1c03d3e94beb30d73\"},\"headline\":\"Concerto di Primavera alla Cantina Podere Aurin di Fonzaso: musica d\u2019eccellenza e giovani talenti in scena sabato 18 aprile\",\"datePublished\":\"2026-04-15T07:00:54+00:00\",\"mainEntityOfPage\":{\"@id\":\"https:\\\/\\\/www.bellunopress.it\\\/2026\\\/04\\\/15\\\/concerto-di-primavera-alla-cantina-podere-aurin-di-fonzaso-musica-deccellenza-e-giovani-talenti-in-scena-sabato-18-aprile\\\/\"},\"wordCount\":195,\"publisher\":{\"@id\":\"https:\\\/\\\/www.bellunopress.it\\\/#organization\"},\"image\":{\"@id\":\"https:\\\/\\\/www.bellunopress.it\\\/2026\\\/04\\\/15\\\/concerto-di-primavera-alla-cantina-podere-aurin-di-fonzaso-musica-deccellenza-e-giovani-talenti-in-scena-sabato-18-aprile\\\/#primaryimage\"},\"thumbnailUrl\":\"https:\\\/\\\/www.bellunopress.it\\\/wp-content\\\/uploads\\\/2026\\\/04\\\/Concerto-di-Primavera-Podere-Aurin.jpeg\",\"articleSection\":[\"Appuntamenti, Eventi\",\"Arte, Cultura, Spettacoli, Scienza\",\"Pausa Caff\u00e8\"],\"inLanguage\":\"fr-FR\"},{\"@type\":\"WebPage\",\"@id\":\"https:\\\/\\\/www.bellunopress.it\\\/2026\\\/04\\\/15\\\/concerto-di-primavera-alla-cantina-podere-aurin-di-fonzaso-musica-deccellenza-e-giovani-talenti-in-scena-sabato-18-aprile\\\/\",\"url\":\"https:\\\/\\\/www.bellunopress.it\\\/2026\\\/04\\\/15\\\/concerto-di-primavera-alla-cantina-podere-aurin-di-fonzaso-musica-deccellenza-e-giovani-talenti-in-scena-sabato-18-aprile\\\/\",\"name\":\"Concerto di Primavera alla Cantina Podere Aurin di Fonzaso: musica d\u2019eccellenza e giovani talenti in scena sabato 18 aprile - Bellunopress - Dolomiti\",\"isPartOf\":{\"@id\":\"https:\\\/\\\/www.bellunopress.it\\\/#website\"},\"primaryImageOfPage\":{\"@id\":\"https:\\\/\\\/www.bellunopress.it\\\/2026\\\/04\\\/15\\\/concerto-di-primavera-alla-cantina-podere-aurin-di-fonzaso-musica-deccellenza-e-giovani-talenti-in-scena-sabato-18-aprile\\\/#primaryimage\"},\"image\":{\"@id\":\"https:\\\/\\\/www.bellunopress.it\\\/2026\\\/04\\\/15\\\/concerto-di-primavera-alla-cantina-podere-aurin-di-fonzaso-musica-deccellenza-e-giovani-talenti-in-scena-sabato-18-aprile\\\/#primaryimage\"},\"thumbnailUrl\":\"https:\\\/\\\/www.bellunopress.it\\\/wp-content\\\/uploads\\\/2026\\\/04\\\/Concerto-di-Primavera-Podere-Aurin.jpeg\",\"datePublished\":\"2026-04-15T07:00:54+00:00\",\"breadcrumb\":{\"@id\":\"https:\\\/\\\/www.bellunopress.it\\\/2026\\\/04\\\/15\\\/concerto-di-primavera-alla-cantina-podere-aurin-di-fonzaso-musica-deccellenza-e-giovani-talenti-in-scena-sabato-18-aprile\\\/#breadcrumb\"},\"inLanguage\":\"fr-FR\",\"potentialAction\":[{\"@type\":\"ReadAction\",\"target\":[\"https:\\\/\\\/www.bellunopress.it\\\/2026\\\/04\\\/15\\\/concerto-di-primavera-alla-cantina-podere-aurin-di-fonzaso-musica-deccellenza-e-giovani-talenti-in-scena-sabato-18-aprile\\\/\"]}]},{\"@type\":\"ImageObject\",\"inLanguage\":\"fr-FR\",\"@id\":\"https:\\\/\\\/www.bellunopress.it\\\/2026\\\/04\\\/15\\\/concerto-di-primavera-alla-cantina-podere-aurin-di-fonzaso-musica-deccellenza-e-giovani-talenti-in-scena-sabato-18-aprile\\\/#primaryimage\",\"url\":\"https:\\\/\\\/www.bellunopress.it\\\/wp-content\\\/uploads\\\/2026\\\/04\\\/Concerto-di-Primavera-Podere-Aurin.jpeg\",\"contentUrl\":\"https:\\\/\\\/www.bellunopress.it\\\/wp-content\\\/uploads\\\/2026\\\/04\\\/Concerto-di-Primavera-Podere-Aurin.jpeg\",\"width\":344,\"height\":500},{\"@type\":\"BreadcrumbList\",\"@id\":\"https:\\\/\\\/www.bellunopress.it\\\/2026\\\/04\\\/15\\\/concerto-di-primavera-alla-cantina-podere-aurin-di-fonzaso-musica-deccellenza-e-giovani-talenti-in-scena-sabato-18-aprile\\\/#breadcrumb\",\"itemListElement\":[{\"@type\":\"ListItem\",\"position\":1,\"name\":\"Home\",\"item\":\"https:\\\/\\\/www.bellunopress.it\\\/\"},{\"@type\":\"ListItem\",\"position\":2,\"name\":\"Concerto di Primavera alla Cantina Podere Aurin di Fonzaso: musica d\u2019eccellenza e giovani talenti in scena sabato 18 aprile\"}]},{\"@type\":\"WebSite\",\"@id\":\"https:\\\/\\\/www.bellunopress.it\\\/#website\",\"url\":\"https:\\\/\\\/www.bellunopress.it\\\/\",\"name\":\"Bellunopress - Dolomiti\",\"description\":\"e-mail: redazione@bellunopress.it\",\"publisher\":{\"@id\":\"https:\\\/\\\/www.bellunopress.it\\\/#organization\"},\"potentialAction\":[{\"@type\":\"SearchAction\",\"target\":{\"@type\":\"EntryPoint\",\"urlTemplate\":\"https:\\\/\\\/www.bellunopress.it\\\/?s={search_term_string}\"},\"query-input\":{\"@type\":\"PropertyValueSpecification\",\"valueRequired\":true,\"valueName\":\"search_term_string\"}}],\"inLanguage\":\"fr-FR\"},{\"@type\":\"Organization\",\"@id\":\"https:\\\/\\\/www.bellunopress.it\\\/#organization\",\"name\":\"Bellunopress\",\"url\":\"https:\\\/\\\/www.bellunopress.it\\\/\",\"logo\":{\"@type\":\"ImageObject\",\"inLanguage\":\"fr-FR\",\"@id\":\"https:\\\/\\\/www.bellunopress.it\\\/#\\\/schema\\\/logo\\\/image\\\/\",\"url\":\"https:\\\/\\\/www.bellunopress.it\\\/wp-content\\\/uploads\\\/2011\\\/05\\\/cropped-logo-bellunopress-.jpg\",\"contentUrl\":\"https:\\\/\\\/www.bellunopress.it\\\/wp-content\\\/uploads\\\/2011\\\/05\\\/cropped-logo-bellunopress-.jpg\",\"width\":512,\"height\":512,\"caption\":\"Bellunopress\"},\"image\":{\"@id\":\"https:\\\/\\\/www.bellunopress.it\\\/#\\\/schema\\\/logo\\\/image\\\/\"},\"sameAs\":[\"https:\\\/\\\/www.facebook.com\\\/profile.php?id=100008943462799\",\"https:\\\/\\\/x.com\\\/bellunopress\",\"https:\\\/\\\/www.linkedin.com\\\/hp\\\/?dnr=JBzUWaJfMUw8vbXJJ2tVW5-I3jZKvC4wsoxE&amp;amp;amp;amp;amp;amp;trk=nav_responsive_tab_home\",\"https:\\\/\\\/www.youtube.com\\\/channel\\\/UCxL0wu1uN0_3_7hGG0306cw\"]},{\"@type\":\"Person\",\"@id\":\"https:\\\/\\\/www.bellunopress.it\\\/#\\\/schema\\\/person\\\/79bb06722b37ece1c03d3e94beb30d73\",\"name\":\"redazione\",\"image\":{\"@type\":\"ImageObject\",\"inLanguage\":\"fr-FR\",\"@id\":\"https:\\\/\\\/secure.gravatar.com\\\/avatar\\\/37d968a2e67a6fd04c169c4bdef102d0bc5d31b2546345219e348575eb80e9a0?s=96&d=mm&r=g\",\"url\":\"https:\\\/\\\/secure.gravatar.com\\\/avatar\\\/37d968a2e67a6fd04c169c4bdef102d0bc5d31b2546345219e348575eb80e9a0?s=96&d=mm&r=g\",\"contentUrl\":\"https:\\\/\\\/secure.gravatar.com\\\/avatar\\\/37d968a2e67a6fd04c169c4bdef102d0bc5d31b2546345219e348575eb80e9a0?s=96&d=mm&r=g\",\"caption\":\"redazione\"},\"sameAs\":[\"http:\\\/\\\/www.bellunopress.it\",\"https:\\\/\\\/x.com\\\/bellunopress\"],\"url\":\"https:\\\/\\\/www.bellunopress.it\\\/fr\\\/author\\\/redazione\\\/\"}]}<\/script>\n<!-- \/ Yoast SEO plugin. -->","yoast_head_json":{"title":"Concerto di Primavera alla Cantina Podere Aurin di Fonzaso: musica d\u2019eccellenza e giovani talenti in scena sabato 18 aprile - Bellunopress - Dolomiti","robots":{"index":"index","follow":"follow","max-snippet":"max-snippet:-1","max-image-preview":"max-image-preview:large","max-video-preview":"max-video-preview:-1"},"canonical":"https:\/\/www.bellunopress.it\/fr\/2026\/04\/15\/concerto-di-primavera-alla-cantina-podere-aurin-di-fonzaso-musica-deccellenza-e-giovani-talenti-in-scena-sabato-18-aprile\/","og_locale":"fr_FR","og_type":"article","og_title":"Concerto di Primavera alla Cantina Podere Aurin di Fonzaso: musica d\u2019eccellenza e giovani talenti in scena sabato 18 aprile - Bellunopress - Dolomiti","og_description":"Fonzaso, 14 aprile 2026 &#8211;\u00a0Sabato prossimo, 18 aprile, presso la sala proiezioni della Cantina Podere Aurin di Fonzaso spazio al \u201cConcerto di Primavera\u201d, appuntamento musicale che intende unire qualit\u00e0 artistica e valorizzazione del territorio. Protagonista della serata sar\u00e0 il giovane pianista Giacomo Menegardi, vincitore del \u201cPremio Venezia 2023\u201d, che offrir\u00e0 al pubblico un\u2019esibizione di alto [&hellip;]","og_url":"https:\/\/www.bellunopress.it\/fr\/2026\/04\/15\/concerto-di-primavera-alla-cantina-podere-aurin-di-fonzaso-musica-deccellenza-e-giovani-talenti-in-scena-sabato-18-aprile\/","og_site_name":"Bellunopress - Dolomiti","article_publisher":"https:\/\/www.facebook.com\/profile.php?id=100008943462799","article_published_time":"2026-04-15T07:00:54+00:00","og_image":[{"width":344,"height":500,"url":"https:\/\/www.bellunopress.it\/wp-content\/uploads\/2026\/04\/Concerto-di-Primavera-Podere-Aurin.jpeg","type":"image\/jpeg"}],"author":"redazione","twitter_card":"summary_large_image","twitter_creator":"@bellunopress","twitter_site":"@bellunopress","twitter_misc":{"\u00c9crit par":"redazione","Dur\u00e9e de lecture estim\u00e9e":"1 minute"},"schema":{"@context":"https:\/\/schema.org","@graph":[{"@type":"Article","@id":"https:\/\/www.bellunopress.it\/2026\/04\/15\/concerto-di-primavera-alla-cantina-podere-aurin-di-fonzaso-musica-deccellenza-e-giovani-talenti-in-scena-sabato-18-aprile\/#article","isPartOf":{"@id":"https:\/\/www.bellunopress.it\/2026\/04\/15\/concerto-di-primavera-alla-cantina-podere-aurin-di-fonzaso-musica-deccellenza-e-giovani-talenti-in-scena-sabato-18-aprile\/"},"author":{"name":"redazione","@id":"https:\/\/www.bellunopress.it\/#\/schema\/person\/79bb06722b37ece1c03d3e94beb30d73"},"headline":"Concerto di Primavera alla Cantina Podere Aurin di Fonzaso: musica d\u2019eccellenza e giovani talenti in scena sabato 18 aprile","datePublished":"2026-04-15T07:00:54+00:00","mainEntityOfPage":{"@id":"https:\/\/www.bellunopress.it\/2026\/04\/15\/concerto-di-primavera-alla-cantina-podere-aurin-di-fonzaso-musica-deccellenza-e-giovani-talenti-in-scena-sabato-18-aprile\/"},"wordCount":195,"publisher":{"@id":"https:\/\/www.bellunopress.it\/#organization"},"image":{"@id":"https:\/\/www.bellunopress.it\/2026\/04\/15\/concerto-di-primavera-alla-cantina-podere-aurin-di-fonzaso-musica-deccellenza-e-giovani-talenti-in-scena-sabato-18-aprile\/#primaryimage"},"thumbnailUrl":"https:\/\/www.bellunopress.it\/wp-content\/uploads\/2026\/04\/Concerto-di-Primavera-Podere-Aurin.jpeg","articleSection":["Appuntamenti, Eventi","Arte, Cultura, Spettacoli, Scienza","Pausa Caff\u00e8"],"inLanguage":"fr-FR"},{"@type":"WebPage","@id":"https:\/\/www.bellunopress.it\/2026\/04\/15\/concerto-di-primavera-alla-cantina-podere-aurin-di-fonzaso-musica-deccellenza-e-giovani-talenti-in-scena-sabato-18-aprile\/","url":"https:\/\/www.bellunopress.it\/2026\/04\/15\/concerto-di-primavera-alla-cantina-podere-aurin-di-fonzaso-musica-deccellenza-e-giovani-talenti-in-scena-sabato-18-aprile\/","name":"Concerto di Primavera alla Cantina Podere Aurin di Fonzaso: musica d\u2019eccellenza e giovani talenti in scena sabato 18 aprile - Bellunopress - Dolomiti","isPartOf":{"@id":"https:\/\/www.bellunopress.it\/#website"},"primaryImageOfPage":{"@id":"https:\/\/www.bellunopress.it\/2026\/04\/15\/concerto-di-primavera-alla-cantina-podere-aurin-di-fonzaso-musica-deccellenza-e-giovani-talenti-in-scena-sabato-18-aprile\/#primaryimage"},"image":{"@id":"https:\/\/www.bellunopress.it\/2026\/04\/15\/concerto-di-primavera-alla-cantina-podere-aurin-di-fonzaso-musica-deccellenza-e-giovani-talenti-in-scena-sabato-18-aprile\/#primaryimage"},"thumbnailUrl":"https:\/\/www.bellunopress.it\/wp-content\/uploads\/2026\/04\/Concerto-di-Primavera-Podere-Aurin.jpeg","datePublished":"2026-04-15T07:00:54+00:00","breadcrumb":{"@id":"https:\/\/www.bellunopress.it\/2026\/04\/15\/concerto-di-primavera-alla-cantina-podere-aurin-di-fonzaso-musica-deccellenza-e-giovani-talenti-in-scena-sabato-18-aprile\/#breadcrumb"},"inLanguage":"fr-FR","potentialAction":[{"@type":"ReadAction","target":["https:\/\/www.bellunopress.it\/2026\/04\/15\/concerto-di-primavera-alla-cantina-podere-aurin-di-fonzaso-musica-deccellenza-e-giovani-talenti-in-scena-sabato-18-aprile\/"]}]},{"@type":"ImageObject","inLanguage":"fr-FR","@id":"https:\/\/www.bellunopress.it\/2026\/04\/15\/concerto-di-primavera-alla-cantina-podere-aurin-di-fonzaso-musica-deccellenza-e-giovani-talenti-in-scena-sabato-18-aprile\/#primaryimage","url":"https:\/\/www.bellunopress.it\/wp-content\/uploads\/2026\/04\/Concerto-di-Primavera-Podere-Aurin.jpeg","contentUrl":"https:\/\/www.bellunopress.it\/wp-content\/uploads\/2026\/04\/Concerto-di-Primavera-Podere-Aurin.jpeg","width":344,"height":500},{"@type":"BreadcrumbList","@id":"https:\/\/www.bellunopress.it\/2026\/04\/15\/concerto-di-primavera-alla-cantina-podere-aurin-di-fonzaso-musica-deccellenza-e-giovani-talenti-in-scena-sabato-18-aprile\/#breadcrumb","itemListElement":[{"@type":"ListItem","position":1,"name":"Home","item":"https:\/\/www.bellunopress.it\/"},{"@type":"ListItem","position":2,"name":"Concerto di Primavera alla Cantina Podere Aurin di Fonzaso: musica d\u2019eccellenza e giovani talenti in scena sabato 18 aprile"}]},{"@type":"WebSite","@id":"https:\/\/www.bellunopress.it\/#website","url":"https:\/\/www.bellunopress.it\/","name":"Bellunopress - Dolomiti","description":"e-mail: redazione@bellunopress.it","publisher":{"@id":"https:\/\/www.bellunopress.it\/#organization"},"potentialAction":[{"@type":"SearchAction","target":{"@type":"EntryPoint","urlTemplate":"https:\/\/www.bellunopress.it\/?s={search_term_string}"},"query-input":{"@type":"PropertyValueSpecification","valueRequired":true,"valueName":"search_term_string"}}],"inLanguage":"fr-FR"},{"@type":"Organization","@id":"https:\/\/www.bellunopress.it\/#organization","name":"Bellunopress","url":"https:\/\/www.bellunopress.it\/","logo":{"@type":"ImageObject","inLanguage":"fr-FR","@id":"https:\/\/www.bellunopress.it\/#\/schema\/logo\/image\/","url":"https:\/\/www.bellunopress.it\/wp-content\/uploads\/2011\/05\/cropped-logo-bellunopress-.jpg","contentUrl":"https:\/\/www.bellunopress.it\/wp-content\/uploads\/2011\/05\/cropped-logo-bellunopress-.jpg","width":512,"height":512,"caption":"Bellunopress"},"image":{"@id":"https:\/\/www.bellunopress.it\/#\/schema\/logo\/image\/"},"sameAs":["https:\/\/www.facebook.com\/profile.php?id=100008943462799","https:\/\/x.com\/bellunopress","https:\/\/www.linkedin.com\/hp\/?dnr=JBzUWaJfMUw8vbXJJ2tVW5-I3jZKvC4wsoxE&amp;amp;amp;amp;amp;amp;trk=nav_responsive_tab_home","https:\/\/www.youtube.com\/channel\/UCxL0wu1uN0_3_7hGG0306cw"]},{"@type":"Person","@id":"https:\/\/www.bellunopress.it\/#\/schema\/person\/79bb06722b37ece1c03d3e94beb30d73","name":"r\u00e9daction","image":{"@type":"ImageObject","inLanguage":"fr-FR","@id":"https:\/\/secure.gravatar.com\/avatar\/37d968a2e67a6fd04c169c4bdef102d0bc5d31b2546345219e348575eb80e9a0?s=96&d=mm&r=g","url":"https:\/\/secure.gravatar.com\/avatar\/37d968a2e67a6fd04c169c4bdef102d0bc5d31b2546345219e348575eb80e9a0?s=96&d=mm&r=g","contentUrl":"https:\/\/secure.gravatar.com\/avatar\/37d968a2e67a6fd04c169c4bdef102d0bc5d31b2546345219e348575eb80e9a0?s=96&d=mm&r=g","caption":"redazione"},"sameAs":["http:\/\/www.bellunopress.it","https:\/\/x.com\/bellunopress"],"url":"https:\/\/www.bellunopress.it\/fr\/author\/redazione\/"}]}},"_links":{"self":[{"href":"https:\/\/www.bellunopress.it\/fr\/wp-json\/wp\/v2\/posts\/169137","targetHints":{"allow":["GET"]}}],"collection":[{"href":"https:\/\/www.bellunopress.it\/fr\/wp-json\/wp\/v2\/posts"}],"about":[{"href":"https:\/\/www.bellunopress.it\/fr\/wp-json\/wp\/v2\/types\/post"}],"author":[{"embeddable":true,"href":"https:\/\/www.bellunopress.it\/fr\/wp-json\/wp\/v2\/users\/2"}],"replies":[{"embeddable":true,"href":"https:\/\/www.bellunopress.it\/fr\/wp-json\/wp\/v2\/comments?post=169137"}],"version-history":[{"count":1,"href":"https:\/\/www.bellunopress.it\/fr\/wp-json\/wp\/v2\/posts\/169137\/revisions"}],"predecessor-version":[{"id":169139,"href":"https:\/\/www.bellunopress.it\/fr\/wp-json\/wp\/v2\/posts\/169137\/revisions\/169139"}],"wp:featuredmedia":[{"embeddable":true,"href":"https:\/\/www.bellunopress.it\/fr\/wp-json\/wp\/v2\/media\/169138"}],"wp:attachment":[{"href":"https:\/\/www.bellunopress.it\/fr\/wp-json\/wp\/v2\/media?parent=169137"}],"wp:term":[{"taxonomy":"category","embeddable":true,"href":"https:\/\/www.bellunopress.it\/fr\/wp-json\/wp\/v2\/categories?post=169137"},{"taxonomy":"post_tag","embeddable":true,"href":"https:\/\/www.bellunopress.it\/fr\/wp-json\/wp\/v2\/tags?post=169137"}],"curies":[{"name":"wp","href":"https:\/\/api.w.org\/{rel}","templated":true}]}}