{"id":169135,"date":"2026-04-14T19:17:15","date_gmt":"2026-04-14T17:17:15","guid":{"rendered":"https:\/\/www.bellunopress.it\/?p=169135"},"modified":"2026-04-14T19:17:15","modified_gmt":"2026-04-14T17:17:15","slug":"illuminazione-pubblica-siamo-belluno-interventi-lenti-promesse-disattese-serve-restituire-decoro-alla-citta","status":"publish","type":"post","link":"https:\/\/www.bellunopress.it\/fr\/2026\/04\/14\/illuminazione-pubblica-siamo-belluno-interventi-lenti-promesse-disattese-serve-restituire-decoro-alla-citta\/","title":{"rendered":"Illuminazione pubblica. Siamo Belluno: \u201cInterventi lenti, promesse disattese. Serve restituire decoro alla citt\u00e0\u201d"},"content":{"rendered":"<p>Belluno, 14\/04\/2026 &#8211; A quasi un anno dalla discussione in consiglio della petizione proposta dal laboratorio politico SiAmo Belluno sul tema dei lavori di miglioramento<br \/>\ndell\u2019illuminazione pubblica, qualcosa si muove.<\/p>\n<p>\u201cNon in modo spedito, ma si procede, ma siamo ben lontani dagli annunci iniziali\u201d sottolinea il portavoce del gruppo Biagio Giannone, ricordando infatti le promesse dell\u2019amministrazione: \u201cNello scorso autunno, il sindaco e il suo vice avevano assicurato che le luci sarebbero state riaccese entro Natale\u201d.<\/p>\n<p>Nonostante i ritardi, SiAmo Belluno aveva scelto di attendere alcuni mesi prima<br \/>\ndi tornare sull\u2019argomento, evitando di apparire incalzante su una questione gi\u00e0<br \/>\nportata all\u2019attenzione del Consiglio comunale attraverso una petizione, che ha<br \/>\nraccolto oltre 700 firme. Un\u2019iniziativa accompagnata da una presenza capillare<br \/>\nsul territorio: otto gazebo tra piazza Martiri e Cavarzano, momenti di ascolto<br \/>\ndiretto dei cittadini e delle loro preoccupazioni.<\/p>\n<p>\u201cOggi interveniamo non certo per speculare sulla morte di un povero operaio, le<br \/>\ncui cause dovranno essere accertate con chiarezza\u201d, prosegue Giannone, \u201cma<br \/>\nper ribadire una necessit\u00e0 ormai non pi\u00f9 rinviabile: restituire a questa citt\u00e0 il<br \/>\ndecoro e la sicurezza tanto sbandierati in campagna elettorale dall\u2019attuale<br \/>\namministrazione\u201d.<\/p>\n<p>Il tema dell\u2019illuminazione pubblica resta dunque centrale nel dibattito cittadino,<br \/>\nsimbolo di una pi\u00f9 ampia richiesta di sicurezza, vivibilit\u00e0 e attenzione concreta<br \/>\nai bisogni della comunit\u00e0.<\/p>","protected":false},"excerpt":{"rendered":"<p>Belluno, 14\/04\/2026 &#8211; A quasi un anno dalla discussione in consiglio della petizione proposta dal laboratorio politico SiAmo Belluno sul tema dei lavori di miglioramento dell\u2019illuminazione pubblica, qualcosa si muove. \u201cNon in modo spedito, ma si procede, ma siamo ben lontani dagli annunci iniziali\u201d sottolinea il portavoce del gruppo Biagio Giannone, ricordando infatti le promesse [&hellip;]<\/p>\n","protected":false},"author":2,"featured_media":137610,"comment_status":"closed","ping_status":"open","sticky":false,"template":"","format":"standard","meta":{"footnotes":""},"categories":[5],"tags":[],"class_list":["post-169135","post","type-post","status-publish","format-standard","has-post-thumbnail","category-cronaca"],"yoast_head":"<!-- This site is optimized with the Yoast SEO plugin v28.4 - https:\/\/yoast.com\/product\/yoast-seo-wordpress\/ -->\n<title>Illuminazione pubblica. Siamo Belluno: \u201cInterventi lenti, promesse disattese. Serve restituire decoro alla citt\u00e0\u201d - Bellunopress - Dolomiti<\/title>\n<meta name=\"robots\" content=\"index, follow, max-snippet:-1, max-image-preview:large, max-video-preview:-1\" \/>\n<link rel=\"canonical\" href=\"https:\/\/www.bellunopress.it\/fr\/2026\/04\/14\/illuminazione-pubblica-siamo-belluno-interventi-lenti-promesse-disattese-serve-restituire-decoro-alla-citta\/\" \/>\n<meta property=\"og:locale\" content=\"fr_FR\" \/>\n<meta property=\"og:type\" content=\"article\" \/>\n<meta property=\"og:title\" content=\"Illuminazione pubblica. Siamo Belluno: \u201cInterventi lenti, promesse disattese. Serve restituire decoro alla citt\u00e0\u201d - Bellunopress - Dolomiti\" \/>\n<meta property=\"og:description\" content=\"Belluno, 14\/04\/2026 &#8211; A quasi un anno dalla discussione in consiglio della petizione proposta dal laboratorio politico SiAmo Belluno sul tema dei lavori di miglioramento dell\u2019illuminazione pubblica, qualcosa si muove. \u201cNon in modo spedito, ma si procede, ma siamo ben lontani dagli annunci iniziali\u201d sottolinea il portavoce del gruppo Biagio Giannone, ricordando infatti le promesse [&hellip;]\" \/>\n<meta property=\"og:url\" content=\"https:\/\/www.bellunopress.it\/fr\/2026\/04\/14\/illuminazione-pubblica-siamo-belluno-interventi-lenti-promesse-disattese-serve-restituire-decoro-alla-citta\/\" \/>\n<meta property=\"og:site_name\" content=\"Bellunopress - Dolomiti\" \/>\n<meta property=\"article:publisher\" content=\"https:\/\/www.facebook.com\/profile.php?id=100008943462799\" \/>\n<meta property=\"article:published_time\" content=\"2026-04-14T17:17:15+00:00\" \/>\n<meta property=\"og:image\" content=\"https:\/\/www.bellunopress.it\/wp-content\/uploads\/2022\/11\/SiAmo-BELLUNO.jpg\" \/>\n\t<meta property=\"og:image:width\" content=\"435\" \/>\n\t<meta property=\"og:image:height\" content=\"459\" \/>\n\t<meta property=\"og:image:type\" content=\"image\/jpeg\" \/>\n<meta name=\"author\" content=\"redazione\" \/>\n<meta name=\"twitter:card\" content=\"summary_large_image\" \/>\n<meta name=\"twitter:creator\" content=\"@bellunopress\" \/>\n<meta name=\"twitter:site\" content=\"@bellunopress\" \/>\n<meta name=\"twitter:label1\" content=\"\u00c9crit par\" \/>\n\t<meta name=\"twitter:data1\" content=\"redazione\" \/>\n\t<meta name=\"twitter:label2\" content=\"Dur\u00e9e de lecture estim\u00e9e\" \/>\n\t<meta name=\"twitter:data2\" content=\"1 minute\" \/>\n<script type=\"application\/ld+json\" class=\"yoast-schema-graph\">{\"@context\":\"https:\\\/\\\/schema.org\",\"@graph\":[{\"@type\":\"Article\",\"@id\":\"https:\\\/\\\/www.bellunopress.it\\\/2026\\\/04\\\/14\\\/illuminazione-pubblica-siamo-belluno-interventi-lenti-promesse-disattese-serve-restituire-decoro-alla-citta\\\/#article\",\"isPartOf\":{\"@id\":\"https:\\\/\\\/www.bellunopress.it\\\/2026\\\/04\\\/14\\\/illuminazione-pubblica-siamo-belluno-interventi-lenti-promesse-disattese-serve-restituire-decoro-alla-citta\\\/\"},\"author\":{\"name\":\"redazione\",\"@id\":\"https:\\\/\\\/www.bellunopress.it\\\/#\\\/schema\\\/person\\\/79bb06722b37ece1c03d3e94beb30d73\"},\"headline\":\"Illuminazione pubblica. Siamo Belluno: \u201cInterventi lenti, promesse disattese. Serve restituire decoro alla citt\u00e0\u201d\",\"datePublished\":\"2026-04-14T17:17:15+00:00\",\"mainEntityOfPage\":{\"@id\":\"https:\\\/\\\/www.bellunopress.it\\\/2026\\\/04\\\/14\\\/illuminazione-pubblica-siamo-belluno-interventi-lenti-promesse-disattese-serve-restituire-decoro-alla-citta\\\/\"},\"wordCount\":228,\"publisher\":{\"@id\":\"https:\\\/\\\/www.bellunopress.it\\\/#organization\"},\"image\":{\"@id\":\"https:\\\/\\\/www.bellunopress.it\\\/2026\\\/04\\\/14\\\/illuminazione-pubblica-siamo-belluno-interventi-lenti-promesse-disattese-serve-restituire-decoro-alla-citta\\\/#primaryimage\"},\"thumbnailUrl\":\"https:\\\/\\\/www.bellunopress.it\\\/wp-content\\\/uploads\\\/2022\\\/11\\\/SiAmo-BELLUNO.jpg\",\"articleSection\":[\"Cronaca\\\/Politica\"],\"inLanguage\":\"fr-FR\"},{\"@type\":\"WebPage\",\"@id\":\"https:\\\/\\\/www.bellunopress.it\\\/2026\\\/04\\\/14\\\/illuminazione-pubblica-siamo-belluno-interventi-lenti-promesse-disattese-serve-restituire-decoro-alla-citta\\\/\",\"url\":\"https:\\\/\\\/www.bellunopress.it\\\/2026\\\/04\\\/14\\\/illuminazione-pubblica-siamo-belluno-interventi-lenti-promesse-disattese-serve-restituire-decoro-alla-citta\\\/\",\"name\":\"Illuminazione pubblica. Siamo Belluno: \u201cInterventi lenti, promesse disattese. Serve restituire decoro alla citt\u00e0\u201d - Bellunopress - Dolomiti\",\"isPartOf\":{\"@id\":\"https:\\\/\\\/www.bellunopress.it\\\/#website\"},\"primaryImageOfPage\":{\"@id\":\"https:\\\/\\\/www.bellunopress.it\\\/2026\\\/04\\\/14\\\/illuminazione-pubblica-siamo-belluno-interventi-lenti-promesse-disattese-serve-restituire-decoro-alla-citta\\\/#primaryimage\"},\"image\":{\"@id\":\"https:\\\/\\\/www.bellunopress.it\\\/2026\\\/04\\\/14\\\/illuminazione-pubblica-siamo-belluno-interventi-lenti-promesse-disattese-serve-restituire-decoro-alla-citta\\\/#primaryimage\"},\"thumbnailUrl\":\"https:\\\/\\\/www.bellunopress.it\\\/wp-content\\\/uploads\\\/2022\\\/11\\\/SiAmo-BELLUNO.jpg\",\"datePublished\":\"2026-04-14T17:17:15+00:00\",\"breadcrumb\":{\"@id\":\"https:\\\/\\\/www.bellunopress.it\\\/2026\\\/04\\\/14\\\/illuminazione-pubblica-siamo-belluno-interventi-lenti-promesse-disattese-serve-restituire-decoro-alla-citta\\\/#breadcrumb\"},\"inLanguage\":\"fr-FR\",\"potentialAction\":[{\"@type\":\"ReadAction\",\"target\":[\"https:\\\/\\\/www.bellunopress.it\\\/2026\\\/04\\\/14\\\/illuminazione-pubblica-siamo-belluno-interventi-lenti-promesse-disattese-serve-restituire-decoro-alla-citta\\\/\"]}]},{\"@type\":\"ImageObject\",\"inLanguage\":\"fr-FR\",\"@id\":\"https:\\\/\\\/www.bellunopress.it\\\/2026\\\/04\\\/14\\\/illuminazione-pubblica-siamo-belluno-interventi-lenti-promesse-disattese-serve-restituire-decoro-alla-citta\\\/#primaryimage\",\"url\":\"https:\\\/\\\/www.bellunopress.it\\\/wp-content\\\/uploads\\\/2022\\\/11\\\/SiAmo-BELLUNO.jpg\",\"contentUrl\":\"https:\\\/\\\/www.bellunopress.it\\\/wp-content\\\/uploads\\\/2022\\\/11\\\/SiAmo-BELLUNO.jpg\",\"width\":435,\"height\":459},{\"@type\":\"BreadcrumbList\",\"@id\":\"https:\\\/\\\/www.bellunopress.it\\\/2026\\\/04\\\/14\\\/illuminazione-pubblica-siamo-belluno-interventi-lenti-promesse-disattese-serve-restituire-decoro-alla-citta\\\/#breadcrumb\",\"itemListElement\":[{\"@type\":\"ListItem\",\"position\":1,\"name\":\"Home\",\"item\":\"https:\\\/\\\/www.bellunopress.it\\\/\"},{\"@type\":\"ListItem\",\"position\":2,\"name\":\"Illuminazione pubblica. Siamo Belluno: \u201cInterventi lenti, promesse disattese. Serve restituire decoro alla citt\u00e0\u201d\"}]},{\"@type\":\"WebSite\",\"@id\":\"https:\\\/\\\/www.bellunopress.it\\\/#website\",\"url\":\"https:\\\/\\\/www.bellunopress.it\\\/\",\"name\":\"Bellunopress - Dolomiti\",\"description\":\"e-mail: redazione@bellunopress.it\",\"publisher\":{\"@id\":\"https:\\\/\\\/www.bellunopress.it\\\/#organization\"},\"potentialAction\":[{\"@type\":\"SearchAction\",\"target\":{\"@type\":\"EntryPoint\",\"urlTemplate\":\"https:\\\/\\\/www.bellunopress.it\\\/?s={search_term_string}\"},\"query-input\":{\"@type\":\"PropertyValueSpecification\",\"valueRequired\":true,\"valueName\":\"search_term_string\"}}],\"inLanguage\":\"fr-FR\"},{\"@type\":\"Organization\",\"@id\":\"https:\\\/\\\/www.bellunopress.it\\\/#organization\",\"name\":\"Bellunopress\",\"url\":\"https:\\\/\\\/www.bellunopress.it\\\/\",\"logo\":{\"@type\":\"ImageObject\",\"inLanguage\":\"fr-FR\",\"@id\":\"https:\\\/\\\/www.bellunopress.it\\\/#\\\/schema\\\/logo\\\/image\\\/\",\"url\":\"https:\\\/\\\/www.bellunopress.it\\\/wp-content\\\/uploads\\\/2011\\\/05\\\/cropped-logo-bellunopress-.jpg\",\"contentUrl\":\"https:\\\/\\\/www.bellunopress.it\\\/wp-content\\\/uploads\\\/2011\\\/05\\\/cropped-logo-bellunopress-.jpg\",\"width\":512,\"height\":512,\"caption\":\"Bellunopress\"},\"image\":{\"@id\":\"https:\\\/\\\/www.bellunopress.it\\\/#\\\/schema\\\/logo\\\/image\\\/\"},\"sameAs\":[\"https:\\\/\\\/www.facebook.com\\\/profile.php?id=100008943462799\",\"https:\\\/\\\/x.com\\\/bellunopress\",\"https:\\\/\\\/www.linkedin.com\\\/hp\\\/?dnr=JBzUWaJfMUw8vbXJJ2tVW5-I3jZKvC4wsoxE&amp;amp;amp;amp;amp;amp;trk=nav_responsive_tab_home\",\"https:\\\/\\\/www.youtube.com\\\/channel\\\/UCxL0wu1uN0_3_7hGG0306cw\"]},{\"@type\":\"Person\",\"@id\":\"https:\\\/\\\/www.bellunopress.it\\\/#\\\/schema\\\/person\\\/79bb06722b37ece1c03d3e94beb30d73\",\"name\":\"redazione\",\"image\":{\"@type\":\"ImageObject\",\"inLanguage\":\"fr-FR\",\"@id\":\"https:\\\/\\\/secure.gravatar.com\\\/avatar\\\/37d968a2e67a6fd04c169c4bdef102d0bc5d31b2546345219e348575eb80e9a0?s=96&d=mm&r=g\",\"url\":\"https:\\\/\\\/secure.gravatar.com\\\/avatar\\\/37d968a2e67a6fd04c169c4bdef102d0bc5d31b2546345219e348575eb80e9a0?s=96&d=mm&r=g\",\"contentUrl\":\"https:\\\/\\\/secure.gravatar.com\\\/avatar\\\/37d968a2e67a6fd04c169c4bdef102d0bc5d31b2546345219e348575eb80e9a0?s=96&d=mm&r=g\",\"caption\":\"redazione\"},\"sameAs\":[\"http:\\\/\\\/www.bellunopress.it\",\"https:\\\/\\\/x.com\\\/bellunopress\"],\"url\":\"https:\\\/\\\/www.bellunopress.it\\\/fr\\\/author\\\/redazione\\\/\"}]}<\/script>\n<!-- \/ Yoast SEO plugin. -->","yoast_head_json":{"title":"Illuminazione pubblica. Siamo Belluno: \u201cInterventi lenti, promesse disattese. Serve restituire decoro alla citt\u00e0\u201d - Bellunopress - Dolomiti","robots":{"index":"index","follow":"follow","max-snippet":"max-snippet:-1","max-image-preview":"max-image-preview:large","max-video-preview":"max-video-preview:-1"},"canonical":"https:\/\/www.bellunopress.it\/fr\/2026\/04\/14\/illuminazione-pubblica-siamo-belluno-interventi-lenti-promesse-disattese-serve-restituire-decoro-alla-citta\/","og_locale":"fr_FR","og_type":"article","og_title":"Illuminazione pubblica. Siamo Belluno: \u201cInterventi lenti, promesse disattese. Serve restituire decoro alla citt\u00e0\u201d - Bellunopress - Dolomiti","og_description":"Belluno, 14\/04\/2026 &#8211; A quasi un anno dalla discussione in consiglio della petizione proposta dal laboratorio politico SiAmo Belluno sul tema dei lavori di miglioramento dell\u2019illuminazione pubblica, qualcosa si muove. \u201cNon in modo spedito, ma si procede, ma siamo ben lontani dagli annunci iniziali\u201d sottolinea il portavoce del gruppo Biagio Giannone, ricordando infatti le promesse [&hellip;]","og_url":"https:\/\/www.bellunopress.it\/fr\/2026\/04\/14\/illuminazione-pubblica-siamo-belluno-interventi-lenti-promesse-disattese-serve-restituire-decoro-alla-citta\/","og_site_name":"Bellunopress - Dolomiti","article_publisher":"https:\/\/www.facebook.com\/profile.php?id=100008943462799","article_published_time":"2026-04-14T17:17:15+00:00","og_image":[{"width":435,"height":459,"url":"https:\/\/www.bellunopress.it\/wp-content\/uploads\/2022\/11\/SiAmo-BELLUNO.jpg","type":"image\/jpeg"}],"author":"redazione","twitter_card":"summary_large_image","twitter_creator":"@bellunopress","twitter_site":"@bellunopress","twitter_misc":{"\u00c9crit par":"redazione","Dur\u00e9e de lecture estim\u00e9e":"1 minute"},"schema":{"@context":"https:\/\/schema.org","@graph":[{"@type":"Article","@id":"https:\/\/www.bellunopress.it\/2026\/04\/14\/illuminazione-pubblica-siamo-belluno-interventi-lenti-promesse-disattese-serve-restituire-decoro-alla-citta\/#article","isPartOf":{"@id":"https:\/\/www.bellunopress.it\/2026\/04\/14\/illuminazione-pubblica-siamo-belluno-interventi-lenti-promesse-disattese-serve-restituire-decoro-alla-citta\/"},"author":{"name":"redazione","@id":"https:\/\/www.bellunopress.it\/#\/schema\/person\/79bb06722b37ece1c03d3e94beb30d73"},"headline":"Illuminazione pubblica. Siamo Belluno: \u201cInterventi lenti, promesse disattese. Serve restituire decoro alla citt\u00e0\u201d","datePublished":"2026-04-14T17:17:15+00:00","mainEntityOfPage":{"@id":"https:\/\/www.bellunopress.it\/2026\/04\/14\/illuminazione-pubblica-siamo-belluno-interventi-lenti-promesse-disattese-serve-restituire-decoro-alla-citta\/"},"wordCount":228,"publisher":{"@id":"https:\/\/www.bellunopress.it\/#organization"},"image":{"@id":"https:\/\/www.bellunopress.it\/2026\/04\/14\/illuminazione-pubblica-siamo-belluno-interventi-lenti-promesse-disattese-serve-restituire-decoro-alla-citta\/#primaryimage"},"thumbnailUrl":"https:\/\/www.bellunopress.it\/wp-content\/uploads\/2022\/11\/SiAmo-BELLUNO.jpg","articleSection":["Cronaca\/Politica"],"inLanguage":"fr-FR"},{"@type":"WebPage","@id":"https:\/\/www.bellunopress.it\/2026\/04\/14\/illuminazione-pubblica-siamo-belluno-interventi-lenti-promesse-disattese-serve-restituire-decoro-alla-citta\/","url":"https:\/\/www.bellunopress.it\/2026\/04\/14\/illuminazione-pubblica-siamo-belluno-interventi-lenti-promesse-disattese-serve-restituire-decoro-alla-citta\/","name":"Illuminazione pubblica. Siamo Belluno: \u201cInterventi lenti, promesse disattese. Serve restituire decoro alla citt\u00e0\u201d - Bellunopress - Dolomiti","isPartOf":{"@id":"https:\/\/www.bellunopress.it\/#website"},"primaryImageOfPage":{"@id":"https:\/\/www.bellunopress.it\/2026\/04\/14\/illuminazione-pubblica-siamo-belluno-interventi-lenti-promesse-disattese-serve-restituire-decoro-alla-citta\/#primaryimage"},"image":{"@id":"https:\/\/www.bellunopress.it\/2026\/04\/14\/illuminazione-pubblica-siamo-belluno-interventi-lenti-promesse-disattese-serve-restituire-decoro-alla-citta\/#primaryimage"},"thumbnailUrl":"https:\/\/www.bellunopress.it\/wp-content\/uploads\/2022\/11\/SiAmo-BELLUNO.jpg","datePublished":"2026-04-14T17:17:15+00:00","breadcrumb":{"@id":"https:\/\/www.bellunopress.it\/2026\/04\/14\/illuminazione-pubblica-siamo-belluno-interventi-lenti-promesse-disattese-serve-restituire-decoro-alla-citta\/#breadcrumb"},"inLanguage":"fr-FR","potentialAction":[{"@type":"ReadAction","target":["https:\/\/www.bellunopress.it\/2026\/04\/14\/illuminazione-pubblica-siamo-belluno-interventi-lenti-promesse-disattese-serve-restituire-decoro-alla-citta\/"]}]},{"@type":"ImageObject","inLanguage":"fr-FR","@id":"https:\/\/www.bellunopress.it\/2026\/04\/14\/illuminazione-pubblica-siamo-belluno-interventi-lenti-promesse-disattese-serve-restituire-decoro-alla-citta\/#primaryimage","url":"https:\/\/www.bellunopress.it\/wp-content\/uploads\/2022\/11\/SiAmo-BELLUNO.jpg","contentUrl":"https:\/\/www.bellunopress.it\/wp-content\/uploads\/2022\/11\/SiAmo-BELLUNO.jpg","width":435,"height":459},{"@type":"BreadcrumbList","@id":"https:\/\/www.bellunopress.it\/2026\/04\/14\/illuminazione-pubblica-siamo-belluno-interventi-lenti-promesse-disattese-serve-restituire-decoro-alla-citta\/#breadcrumb","itemListElement":[{"@type":"ListItem","position":1,"name":"Home","item":"https:\/\/www.bellunopress.it\/"},{"@type":"ListItem","position":2,"name":"Illuminazione pubblica. Siamo Belluno: \u201cInterventi lenti, promesse disattese. Serve restituire decoro alla citt\u00e0\u201d"}]},{"@type":"WebSite","@id":"https:\/\/www.bellunopress.it\/#website","url":"https:\/\/www.bellunopress.it\/","name":"Bellunopress - Dolomiti","description":"e-mail: redazione@bellunopress.it","publisher":{"@id":"https:\/\/www.bellunopress.it\/#organization"},"potentialAction":[{"@type":"SearchAction","target":{"@type":"EntryPoint","urlTemplate":"https:\/\/www.bellunopress.it\/?s={search_term_string}"},"query-input":{"@type":"PropertyValueSpecification","valueRequired":true,"valueName":"search_term_string"}}],"inLanguage":"fr-FR"},{"@type":"Organization","@id":"https:\/\/www.bellunopress.it\/#organization","name":"Bellunopress","url":"https:\/\/www.bellunopress.it\/","logo":{"@type":"ImageObject","inLanguage":"fr-FR","@id":"https:\/\/www.bellunopress.it\/#\/schema\/logo\/image\/","url":"https:\/\/www.bellunopress.it\/wp-content\/uploads\/2011\/05\/cropped-logo-bellunopress-.jpg","contentUrl":"https:\/\/www.bellunopress.it\/wp-content\/uploads\/2011\/05\/cropped-logo-bellunopress-.jpg","width":512,"height":512,"caption":"Bellunopress"},"image":{"@id":"https:\/\/www.bellunopress.it\/#\/schema\/logo\/image\/"},"sameAs":["https:\/\/www.facebook.com\/profile.php?id=100008943462799","https:\/\/x.com\/bellunopress","https:\/\/www.linkedin.com\/hp\/?dnr=JBzUWaJfMUw8vbXJJ2tVW5-I3jZKvC4wsoxE&amp;amp;amp;amp;amp;amp;trk=nav_responsive_tab_home","https:\/\/www.youtube.com\/channel\/UCxL0wu1uN0_3_7hGG0306cw"]},{"@type":"Person","@id":"https:\/\/www.bellunopress.it\/#\/schema\/person\/79bb06722b37ece1c03d3e94beb30d73","name":"r\u00e9daction","image":{"@type":"ImageObject","inLanguage":"fr-FR","@id":"https:\/\/secure.gravatar.com\/avatar\/37d968a2e67a6fd04c169c4bdef102d0bc5d31b2546345219e348575eb80e9a0?s=96&d=mm&r=g","url":"https:\/\/secure.gravatar.com\/avatar\/37d968a2e67a6fd04c169c4bdef102d0bc5d31b2546345219e348575eb80e9a0?s=96&d=mm&r=g","contentUrl":"https:\/\/secure.gravatar.com\/avatar\/37d968a2e67a6fd04c169c4bdef102d0bc5d31b2546345219e348575eb80e9a0?s=96&d=mm&r=g","caption":"redazione"},"sameAs":["http:\/\/www.bellunopress.it","https:\/\/x.com\/bellunopress"],"url":"https:\/\/www.bellunopress.it\/fr\/author\/redazione\/"}]}},"_links":{"self":[{"href":"https:\/\/www.bellunopress.it\/fr\/wp-json\/wp\/v2\/posts\/169135","targetHints":{"allow":["GET"]}}],"collection":[{"href":"https:\/\/www.bellunopress.it\/fr\/wp-json\/wp\/v2\/posts"}],"about":[{"href":"https:\/\/www.bellunopress.it\/fr\/wp-json\/wp\/v2\/types\/post"}],"author":[{"embeddable":true,"href":"https:\/\/www.bellunopress.it\/fr\/wp-json\/wp\/v2\/users\/2"}],"replies":[{"embeddable":true,"href":"https:\/\/www.bellunopress.it\/fr\/wp-json\/wp\/v2\/comments?post=169135"}],"version-history":[{"count":1,"href":"https:\/\/www.bellunopress.it\/fr\/wp-json\/wp\/v2\/posts\/169135\/revisions"}],"predecessor-version":[{"id":169136,"href":"https:\/\/www.bellunopress.it\/fr\/wp-json\/wp\/v2\/posts\/169135\/revisions\/169136"}],"wp:featuredmedia":[{"embeddable":true,"href":"https:\/\/www.bellunopress.it\/fr\/wp-json\/wp\/v2\/media\/137610"}],"wp:attachment":[{"href":"https:\/\/www.bellunopress.it\/fr\/wp-json\/wp\/v2\/media?parent=169135"}],"wp:term":[{"taxonomy":"category","embeddable":true,"href":"https:\/\/www.bellunopress.it\/fr\/wp-json\/wp\/v2\/categories?post=169135"},{"taxonomy":"post_tag","embeddable":true,"href":"https:\/\/www.bellunopress.it\/fr\/wp-json\/wp\/v2\/tags?post=169135"}],"curies":[{"name":"wp","href":"https:\/\/api.w.org\/{rel}","templated":true}]}}