{"id":169132,"date":"2026-04-14T18:05:23","date_gmt":"2026-04-14T16:05:23","guid":{"rendered":"https:\/\/www.bellunopress.it\/?p=169132"},"modified":"2026-04-14T18:05:23","modified_gmt":"2026-04-14T16:05:23","slug":"giovedi-levento-conclusivo-delle-olimpiadi-giusy-versace-e-deborah-da-rold-protagoniste-dellincontro-in-prefettura","status":"publish","type":"post","link":"https:\/\/www.bellunopress.it\/fr\/2026\/04\/14\/giovedi-levento-conclusivo-delle-olimpiadi-giusy-versace-e-deborah-da-rold-protagoniste-dellincontro-in-prefettura\/","title":{"rendered":"Gioved\u00ec l&#8217;evento conclusivo delle Olimpiadi. Giusy Versace e Deborah Da Rold protagoniste dell\u2019incontro in Prefettura"},"content":{"rendered":"<p>Belluno, 14\/04\/2026 &#8211; Mancano solo due giorni all\u2019appuntamento che chiuder\u00e0 il lungo percorso di iniziative dedicate ai Giochi Olimpici e Paralimpici di Milano Cortina 2026 promosso dall\u2019assessorato allo sport del Comune di Belluno.<\/p>\n<p>Gioved\u00ec 16 aprile alle 17, nella Sala Zanardelli della Prefettura, saranno protagoniste della serata la senatrice Giusy Versace e l\u2019avvocato Deborah Da Rold, entrambe atlete, ospiti dell\u2019incontro dal titolo \u201cOltre ogni limite. Storie di donne che cambiano il gioco\u201d, grande evento finale del progetto \u201cOlimpiadi: medaglia d\u2019oro a un territorio\u201d, finanziato da Fondazione Cariverona.<\/p>\n<p>L\u2019incontro metter\u00e0 al centro il racconto di due percorsi sportivi e umani di grande valore, accomunati dalla capacit\u00e0 di affrontare e superare ostacoli, trasformando le difficolt\u00e0 in occasioni di crescita e forza. Sar\u00e0 anche un momento di riflessione sul ruolo dello sport come strumento di inclusione, rivincita e superamento delle disparit\u00e0. \u201cSiamo particolarmente onorati di poter ospitare a Belluno due figure di cos\u00ec grande valore &#8211; dichiara l\u2019assessore allo sport Monica Mazzoccoli -. Deborah Da Rold rappresenta un\u2019eccellenza tutta bellunese: atleta del territorio, professionista affermata e donna capace di coniugare con determinazione il percorso sportivo con la realizzazione personale e lavorativa. Il suo esempio dimostra in modo concreto come gli stereotipi di genere legati allo sport possano e debbano essere superati. Giusy Versace con la sua storia personale e sportiva, con i traguardi raggiunti nel mondo dello spettacolo e oggi nelle istituzioni, \u00e8 una straordinaria testimonianza di resilienza e della capacit\u00e0 di trasformare le difficolt\u00e0 in opportunit\u00e0 di crescita e successo. Accogliere entrambe a Belluno \u00e8 motivo di grande orgoglio, un modo perfetto per concludere questo intenso programma di iniziative\u201d.<\/p>\n<p>La serata, infatti, rappresenta il momento conclusivo di un cammino avviato nel 2023 dal Comune di Belluno con l\u2019intento di diffondere lo spirito olimpico e paralimpico sul territorio promuovendo iniziative per avvicinare cittadini, giovani e famiglie allo sport in vista di Milano Cortina 2026.<br \/>\nNon solo. L\u2019appuntamento ha anche un forte significato legato all\u2019inclusione e all\u2019uguaglianza delle donne nello sport; si inserisce infatti nel percorso intrapreso dall\u2019Amministrazione sui temi della parit\u00e0 di genere nello sport e della valorizzazione delle atlete come esempio positivo per le nuove generazioni.<\/p>\n<p>A moderare la serata sar\u00e0 Nicol\u00f2 Dalla Gasperina.<\/p>\n<p>La cittadinanza \u00e8 invitata a partecipare.<\/p>","protected":false},"excerpt":{"rendered":"<p>Belluno, 14\/04\/2026 &#8211; Mancano solo due giorni all\u2019appuntamento che chiuder\u00e0 il lungo percorso di iniziative dedicate ai Giochi Olimpici e Paralimpici di Milano Cortina 2026 promosso dall\u2019assessorato allo sport del Comune di Belluno. Gioved\u00ec 16 aprile alle 17, nella Sala Zanardelli della Prefettura, saranno protagoniste della serata la senatrice Giusy Versace e l\u2019avvocato Deborah Da [&hellip;]<\/p>\n","protected":false},"author":2,"featured_media":144769,"comment_status":"closed","ping_status":"open","sticky":false,"template":"","format":"standard","meta":{"footnotes":""},"categories":[27,25],"tags":[],"class_list":["post-169132","post","type-post","status-publish","format-standard","has-post-thumbnail","category-appuntamenti","category-pausa-caffe"],"yoast_head":"<!-- This site is optimized with the Yoast SEO plugin v28.4 - https:\/\/yoast.com\/product\/yoast-seo-wordpress\/ -->\n<title>Gioved\u00ec l&#039;evento conclusivo delle Olimpiadi. Giusy Versace e Deborah Da Rold protagoniste dell\u2019incontro in Prefettura - Bellunopress - Dolomiti<\/title>\n<meta name=\"robots\" content=\"index, follow, max-snippet:-1, max-image-preview:large, max-video-preview:-1\" \/>\n<link rel=\"canonical\" href=\"https:\/\/www.bellunopress.it\/fr\/2026\/04\/14\/giovedi-levento-conclusivo-delle-olimpiadi-giusy-versace-e-deborah-da-rold-protagoniste-dellincontro-in-prefettura\/\" \/>\n<meta property=\"og:locale\" content=\"fr_FR\" \/>\n<meta property=\"og:type\" content=\"article\" \/>\n<meta property=\"og:title\" content=\"Gioved\u00ec l&#039;evento conclusivo delle Olimpiadi. Giusy Versace e Deborah Da Rold protagoniste dell\u2019incontro in Prefettura - Bellunopress - Dolomiti\" \/>\n<meta property=\"og:description\" content=\"Belluno, 14\/04\/2026 &#8211; Mancano solo due giorni all\u2019appuntamento che chiuder\u00e0 il lungo percorso di iniziative dedicate ai Giochi Olimpici e Paralimpici di Milano Cortina 2026 promosso dall\u2019assessorato allo sport del Comune di Belluno. Gioved\u00ec 16 aprile alle 17, nella Sala Zanardelli della Prefettura, saranno protagoniste della serata la senatrice Giusy Versace e l\u2019avvocato Deborah Da [&hellip;]\" \/>\n<meta property=\"og:url\" content=\"https:\/\/www.bellunopress.it\/fr\/2026\/04\/14\/giovedi-levento-conclusivo-delle-olimpiadi-giusy-versace-e-deborah-da-rold-protagoniste-dellincontro-in-prefettura\/\" \/>\n<meta property=\"og:site_name\" content=\"Bellunopress - Dolomiti\" \/>\n<meta property=\"article:publisher\" content=\"https:\/\/www.facebook.com\/profile.php?id=100008943462799\" \/>\n<meta property=\"article:published_time\" content=\"2026-04-14T16:05:23+00:00\" \/>\n<meta property=\"og:image\" content=\"https:\/\/www.bellunopress.it\/wp-content\/uploads\/2023\/10\/palazzo-dei-rettori-prefettura.jpg\" \/>\n\t<meta property=\"og:image:width\" content=\"1000\" \/>\n\t<meta property=\"og:image:height\" content=\"750\" \/>\n\t<meta property=\"og:image:type\" content=\"image\/jpeg\" \/>\n<meta name=\"author\" content=\"redazione\" \/>\n<meta name=\"twitter:card\" content=\"summary_large_image\" \/>\n<meta name=\"twitter:creator\" content=\"@bellunopress\" \/>\n<meta name=\"twitter:site\" content=\"@bellunopress\" \/>\n<meta name=\"twitter:label1\" content=\"\u00c9crit par\" \/>\n\t<meta name=\"twitter:data1\" content=\"redazione\" \/>\n\t<meta name=\"twitter:label2\" content=\"Dur\u00e9e de lecture estim\u00e9e\" \/>\n\t<meta name=\"twitter:data2\" content=\"2 minutes\" \/>\n<script type=\"application\/ld+json\" class=\"yoast-schema-graph\">{\"@context\":\"https:\\\/\\\/schema.org\",\"@graph\":[{\"@type\":\"Article\",\"@id\":\"https:\\\/\\\/www.bellunopress.it\\\/2026\\\/04\\\/14\\\/giovedi-levento-conclusivo-delle-olimpiadi-giusy-versace-e-deborah-da-rold-protagoniste-dellincontro-in-prefettura\\\/#article\",\"isPartOf\":{\"@id\":\"https:\\\/\\\/www.bellunopress.it\\\/2026\\\/04\\\/14\\\/giovedi-levento-conclusivo-delle-olimpiadi-giusy-versace-e-deborah-da-rold-protagoniste-dellincontro-in-prefettura\\\/\"},\"author\":{\"name\":\"redazione\",\"@id\":\"https:\\\/\\\/www.bellunopress.it\\\/#\\\/schema\\\/person\\\/79bb06722b37ece1c03d3e94beb30d73\"},\"headline\":\"Gioved\u00ec l&#8217;evento conclusivo delle Olimpiadi. Giusy Versace e Deborah Da Rold protagoniste dell\u2019incontro in Prefettura\",\"datePublished\":\"2026-04-14T16:05:23+00:00\",\"mainEntityOfPage\":{\"@id\":\"https:\\\/\\\/www.bellunopress.it\\\/2026\\\/04\\\/14\\\/giovedi-levento-conclusivo-delle-olimpiadi-giusy-versace-e-deborah-da-rold-protagoniste-dellincontro-in-prefettura\\\/\"},\"wordCount\":389,\"publisher\":{\"@id\":\"https:\\\/\\\/www.bellunopress.it\\\/#organization\"},\"image\":{\"@id\":\"https:\\\/\\\/www.bellunopress.it\\\/2026\\\/04\\\/14\\\/giovedi-levento-conclusivo-delle-olimpiadi-giusy-versace-e-deborah-da-rold-protagoniste-dellincontro-in-prefettura\\\/#primaryimage\"},\"thumbnailUrl\":\"https:\\\/\\\/www.bellunopress.it\\\/wp-content\\\/uploads\\\/2023\\\/10\\\/palazzo-dei-rettori-prefettura.jpg\",\"articleSection\":[\"Appuntamenti, Eventi\",\"Pausa Caff\u00e8\"],\"inLanguage\":\"fr-FR\"},{\"@type\":\"WebPage\",\"@id\":\"https:\\\/\\\/www.bellunopress.it\\\/2026\\\/04\\\/14\\\/giovedi-levento-conclusivo-delle-olimpiadi-giusy-versace-e-deborah-da-rold-protagoniste-dellincontro-in-prefettura\\\/\",\"url\":\"https:\\\/\\\/www.bellunopress.it\\\/2026\\\/04\\\/14\\\/giovedi-levento-conclusivo-delle-olimpiadi-giusy-versace-e-deborah-da-rold-protagoniste-dellincontro-in-prefettura\\\/\",\"name\":\"Gioved\u00ec l'evento conclusivo delle Olimpiadi. Giusy Versace e Deborah Da Rold protagoniste dell\u2019incontro in Prefettura - Bellunopress - Dolomiti\",\"isPartOf\":{\"@id\":\"https:\\\/\\\/www.bellunopress.it\\\/#website\"},\"primaryImageOfPage\":{\"@id\":\"https:\\\/\\\/www.bellunopress.it\\\/2026\\\/04\\\/14\\\/giovedi-levento-conclusivo-delle-olimpiadi-giusy-versace-e-deborah-da-rold-protagoniste-dellincontro-in-prefettura\\\/#primaryimage\"},\"image\":{\"@id\":\"https:\\\/\\\/www.bellunopress.it\\\/2026\\\/04\\\/14\\\/giovedi-levento-conclusivo-delle-olimpiadi-giusy-versace-e-deborah-da-rold-protagoniste-dellincontro-in-prefettura\\\/#primaryimage\"},\"thumbnailUrl\":\"https:\\\/\\\/www.bellunopress.it\\\/wp-content\\\/uploads\\\/2023\\\/10\\\/palazzo-dei-rettori-prefettura.jpg\",\"datePublished\":\"2026-04-14T16:05:23+00:00\",\"breadcrumb\":{\"@id\":\"https:\\\/\\\/www.bellunopress.it\\\/2026\\\/04\\\/14\\\/giovedi-levento-conclusivo-delle-olimpiadi-giusy-versace-e-deborah-da-rold-protagoniste-dellincontro-in-prefettura\\\/#breadcrumb\"},\"inLanguage\":\"fr-FR\",\"potentialAction\":[{\"@type\":\"ReadAction\",\"target\":[\"https:\\\/\\\/www.bellunopress.it\\\/2026\\\/04\\\/14\\\/giovedi-levento-conclusivo-delle-olimpiadi-giusy-versace-e-deborah-da-rold-protagoniste-dellincontro-in-prefettura\\\/\"]}]},{\"@type\":\"ImageObject\",\"inLanguage\":\"fr-FR\",\"@id\":\"https:\\\/\\\/www.bellunopress.it\\\/2026\\\/04\\\/14\\\/giovedi-levento-conclusivo-delle-olimpiadi-giusy-versace-e-deborah-da-rold-protagoniste-dellincontro-in-prefettura\\\/#primaryimage\",\"url\":\"https:\\\/\\\/www.bellunopress.it\\\/wp-content\\\/uploads\\\/2023\\\/10\\\/palazzo-dei-rettori-prefettura.jpg\",\"contentUrl\":\"https:\\\/\\\/www.bellunopress.it\\\/wp-content\\\/uploads\\\/2023\\\/10\\\/palazzo-dei-rettori-prefettura.jpg\",\"width\":1000,\"height\":750,\"caption\":\"Palazzo dei Rettori, sede della Prefettura di Belluno\"},{\"@type\":\"BreadcrumbList\",\"@id\":\"https:\\\/\\\/www.bellunopress.it\\\/2026\\\/04\\\/14\\\/giovedi-levento-conclusivo-delle-olimpiadi-giusy-versace-e-deborah-da-rold-protagoniste-dellincontro-in-prefettura\\\/#breadcrumb\",\"itemListElement\":[{\"@type\":\"ListItem\",\"position\":1,\"name\":\"Home\",\"item\":\"https:\\\/\\\/www.bellunopress.it\\\/\"},{\"@type\":\"ListItem\",\"position\":2,\"name\":\"Gioved\u00ec l&#8217;evento conclusivo delle Olimpiadi. Giusy Versace e Deborah Da Rold protagoniste dell\u2019incontro in Prefettura\"}]},{\"@type\":\"WebSite\",\"@id\":\"https:\\\/\\\/www.bellunopress.it\\\/#website\",\"url\":\"https:\\\/\\\/www.bellunopress.it\\\/\",\"name\":\"Bellunopress - Dolomiti\",\"description\":\"e-mail: redazione@bellunopress.it\",\"publisher\":{\"@id\":\"https:\\\/\\\/www.bellunopress.it\\\/#organization\"},\"potentialAction\":[{\"@type\":\"SearchAction\",\"target\":{\"@type\":\"EntryPoint\",\"urlTemplate\":\"https:\\\/\\\/www.bellunopress.it\\\/?s={search_term_string}\"},\"query-input\":{\"@type\":\"PropertyValueSpecification\",\"valueRequired\":true,\"valueName\":\"search_term_string\"}}],\"inLanguage\":\"fr-FR\"},{\"@type\":\"Organization\",\"@id\":\"https:\\\/\\\/www.bellunopress.it\\\/#organization\",\"name\":\"Bellunopress\",\"url\":\"https:\\\/\\\/www.bellunopress.it\\\/\",\"logo\":{\"@type\":\"ImageObject\",\"inLanguage\":\"fr-FR\",\"@id\":\"https:\\\/\\\/www.bellunopress.it\\\/#\\\/schema\\\/logo\\\/image\\\/\",\"url\":\"https:\\\/\\\/www.bellunopress.it\\\/wp-content\\\/uploads\\\/2011\\\/05\\\/cropped-logo-bellunopress-.jpg\",\"contentUrl\":\"https:\\\/\\\/www.bellunopress.it\\\/wp-content\\\/uploads\\\/2011\\\/05\\\/cropped-logo-bellunopress-.jpg\",\"width\":512,\"height\":512,\"caption\":\"Bellunopress\"},\"image\":{\"@id\":\"https:\\\/\\\/www.bellunopress.it\\\/#\\\/schema\\\/logo\\\/image\\\/\"},\"sameAs\":[\"https:\\\/\\\/www.facebook.com\\\/profile.php?id=100008943462799\",\"https:\\\/\\\/x.com\\\/bellunopress\",\"https:\\\/\\\/www.linkedin.com\\\/hp\\\/?dnr=JBzUWaJfMUw8vbXJJ2tVW5-I3jZKvC4wsoxE&amp;amp;amp;amp;amp;amp;trk=nav_responsive_tab_home\",\"https:\\\/\\\/www.youtube.com\\\/channel\\\/UCxL0wu1uN0_3_7hGG0306cw\"]},{\"@type\":\"Person\",\"@id\":\"https:\\\/\\\/www.bellunopress.it\\\/#\\\/schema\\\/person\\\/79bb06722b37ece1c03d3e94beb30d73\",\"name\":\"redazione\",\"image\":{\"@type\":\"ImageObject\",\"inLanguage\":\"fr-FR\",\"@id\":\"https:\\\/\\\/secure.gravatar.com\\\/avatar\\\/37d968a2e67a6fd04c169c4bdef102d0bc5d31b2546345219e348575eb80e9a0?s=96&d=mm&r=g\",\"url\":\"https:\\\/\\\/secure.gravatar.com\\\/avatar\\\/37d968a2e67a6fd04c169c4bdef102d0bc5d31b2546345219e348575eb80e9a0?s=96&d=mm&r=g\",\"contentUrl\":\"https:\\\/\\\/secure.gravatar.com\\\/avatar\\\/37d968a2e67a6fd04c169c4bdef102d0bc5d31b2546345219e348575eb80e9a0?s=96&d=mm&r=g\",\"caption\":\"redazione\"},\"sameAs\":[\"http:\\\/\\\/www.bellunopress.it\",\"https:\\\/\\\/x.com\\\/bellunopress\"],\"url\":\"https:\\\/\\\/www.bellunopress.it\\\/fr\\\/author\\\/redazione\\\/\"}]}<\/script>\n<!-- \/ Yoast SEO plugin. -->","yoast_head_json":{"title":"Gioved\u00ec l'evento conclusivo delle Olimpiadi. Giusy Versace e Deborah Da Rold protagoniste dell\u2019incontro in Prefettura - Bellunopress - Dolomiti","robots":{"index":"index","follow":"follow","max-snippet":"max-snippet:-1","max-image-preview":"max-image-preview:large","max-video-preview":"max-video-preview:-1"},"canonical":"https:\/\/www.bellunopress.it\/fr\/2026\/04\/14\/giovedi-levento-conclusivo-delle-olimpiadi-giusy-versace-e-deborah-da-rold-protagoniste-dellincontro-in-prefettura\/","og_locale":"fr_FR","og_type":"article","og_title":"Gioved\u00ec l'evento conclusivo delle Olimpiadi. Giusy Versace e Deborah Da Rold protagoniste dell\u2019incontro in Prefettura - Bellunopress - Dolomiti","og_description":"Belluno, 14\/04\/2026 &#8211; Mancano solo due giorni all\u2019appuntamento che chiuder\u00e0 il lungo percorso di iniziative dedicate ai Giochi Olimpici e Paralimpici di Milano Cortina 2026 promosso dall\u2019assessorato allo sport del Comune di Belluno. Gioved\u00ec 16 aprile alle 17, nella Sala Zanardelli della Prefettura, saranno protagoniste della serata la senatrice Giusy Versace e l\u2019avvocato Deborah Da [&hellip;]","og_url":"https:\/\/www.bellunopress.it\/fr\/2026\/04\/14\/giovedi-levento-conclusivo-delle-olimpiadi-giusy-versace-e-deborah-da-rold-protagoniste-dellincontro-in-prefettura\/","og_site_name":"Bellunopress - Dolomiti","article_publisher":"https:\/\/www.facebook.com\/profile.php?id=100008943462799","article_published_time":"2026-04-14T16:05:23+00:00","og_image":[{"width":1000,"height":750,"url":"https:\/\/www.bellunopress.it\/wp-content\/uploads\/2023\/10\/palazzo-dei-rettori-prefettura.jpg","type":"image\/jpeg"}],"author":"redazione","twitter_card":"summary_large_image","twitter_creator":"@bellunopress","twitter_site":"@bellunopress","twitter_misc":{"\u00c9crit par":"redazione","Dur\u00e9e de lecture estim\u00e9e":"2 minutes"},"schema":{"@context":"https:\/\/schema.org","@graph":[{"@type":"Article","@id":"https:\/\/www.bellunopress.it\/2026\/04\/14\/giovedi-levento-conclusivo-delle-olimpiadi-giusy-versace-e-deborah-da-rold-protagoniste-dellincontro-in-prefettura\/#article","isPartOf":{"@id":"https:\/\/www.bellunopress.it\/2026\/04\/14\/giovedi-levento-conclusivo-delle-olimpiadi-giusy-versace-e-deborah-da-rold-protagoniste-dellincontro-in-prefettura\/"},"author":{"name":"redazione","@id":"https:\/\/www.bellunopress.it\/#\/schema\/person\/79bb06722b37ece1c03d3e94beb30d73"},"headline":"Gioved\u00ec l&#8217;evento conclusivo delle Olimpiadi. Giusy Versace e Deborah Da Rold protagoniste dell\u2019incontro in Prefettura","datePublished":"2026-04-14T16:05:23+00:00","mainEntityOfPage":{"@id":"https:\/\/www.bellunopress.it\/2026\/04\/14\/giovedi-levento-conclusivo-delle-olimpiadi-giusy-versace-e-deborah-da-rold-protagoniste-dellincontro-in-prefettura\/"},"wordCount":389,"publisher":{"@id":"https:\/\/www.bellunopress.it\/#organization"},"image":{"@id":"https:\/\/www.bellunopress.it\/2026\/04\/14\/giovedi-levento-conclusivo-delle-olimpiadi-giusy-versace-e-deborah-da-rold-protagoniste-dellincontro-in-prefettura\/#primaryimage"},"thumbnailUrl":"https:\/\/www.bellunopress.it\/wp-content\/uploads\/2023\/10\/palazzo-dei-rettori-prefettura.jpg","articleSection":["Appuntamenti, Eventi","Pausa Caff\u00e8"],"inLanguage":"fr-FR"},{"@type":"WebPage","@id":"https:\/\/www.bellunopress.it\/2026\/04\/14\/giovedi-levento-conclusivo-delle-olimpiadi-giusy-versace-e-deborah-da-rold-protagoniste-dellincontro-in-prefettura\/","url":"https:\/\/www.bellunopress.it\/2026\/04\/14\/giovedi-levento-conclusivo-delle-olimpiadi-giusy-versace-e-deborah-da-rold-protagoniste-dellincontro-in-prefettura\/","name":"Gioved\u00ec l'evento conclusivo delle Olimpiadi. Giusy Versace e Deborah Da Rold protagoniste dell\u2019incontro in Prefettura - Bellunopress - Dolomiti","isPartOf":{"@id":"https:\/\/www.bellunopress.it\/#website"},"primaryImageOfPage":{"@id":"https:\/\/www.bellunopress.it\/2026\/04\/14\/giovedi-levento-conclusivo-delle-olimpiadi-giusy-versace-e-deborah-da-rold-protagoniste-dellincontro-in-prefettura\/#primaryimage"},"image":{"@id":"https:\/\/www.bellunopress.it\/2026\/04\/14\/giovedi-levento-conclusivo-delle-olimpiadi-giusy-versace-e-deborah-da-rold-protagoniste-dellincontro-in-prefettura\/#primaryimage"},"thumbnailUrl":"https:\/\/www.bellunopress.it\/wp-content\/uploads\/2023\/10\/palazzo-dei-rettori-prefettura.jpg","datePublished":"2026-04-14T16:05:23+00:00","breadcrumb":{"@id":"https:\/\/www.bellunopress.it\/2026\/04\/14\/giovedi-levento-conclusivo-delle-olimpiadi-giusy-versace-e-deborah-da-rold-protagoniste-dellincontro-in-prefettura\/#breadcrumb"},"inLanguage":"fr-FR","potentialAction":[{"@type":"ReadAction","target":["https:\/\/www.bellunopress.it\/2026\/04\/14\/giovedi-levento-conclusivo-delle-olimpiadi-giusy-versace-e-deborah-da-rold-protagoniste-dellincontro-in-prefettura\/"]}]},{"@type":"ImageObject","inLanguage":"fr-FR","@id":"https:\/\/www.bellunopress.it\/2026\/04\/14\/giovedi-levento-conclusivo-delle-olimpiadi-giusy-versace-e-deborah-da-rold-protagoniste-dellincontro-in-prefettura\/#primaryimage","url":"https:\/\/www.bellunopress.it\/wp-content\/uploads\/2023\/10\/palazzo-dei-rettori-prefettura.jpg","contentUrl":"https:\/\/www.bellunopress.it\/wp-content\/uploads\/2023\/10\/palazzo-dei-rettori-prefettura.jpg","width":1000,"height":750,"caption":"Palazzo dei Rettori, sede della Prefettura di Belluno"},{"@type":"BreadcrumbList","@id":"https:\/\/www.bellunopress.it\/2026\/04\/14\/giovedi-levento-conclusivo-delle-olimpiadi-giusy-versace-e-deborah-da-rold-protagoniste-dellincontro-in-prefettura\/#breadcrumb","itemListElement":[{"@type":"ListItem","position":1,"name":"Home","item":"https:\/\/www.bellunopress.it\/"},{"@type":"ListItem","position":2,"name":"Gioved\u00ec l&#8217;evento conclusivo delle Olimpiadi. Giusy Versace e Deborah Da Rold protagoniste dell\u2019incontro in Prefettura"}]},{"@type":"WebSite","@id":"https:\/\/www.bellunopress.it\/#website","url":"https:\/\/www.bellunopress.it\/","name":"Bellunopress - Dolomiti","description":"e-mail: redazione@bellunopress.it","publisher":{"@id":"https:\/\/www.bellunopress.it\/#organization"},"potentialAction":[{"@type":"SearchAction","target":{"@type":"EntryPoint","urlTemplate":"https:\/\/www.bellunopress.it\/?s={search_term_string}"},"query-input":{"@type":"PropertyValueSpecification","valueRequired":true,"valueName":"search_term_string"}}],"inLanguage":"fr-FR"},{"@type":"Organization","@id":"https:\/\/www.bellunopress.it\/#organization","name":"Bellunopress","url":"https:\/\/www.bellunopress.it\/","logo":{"@type":"ImageObject","inLanguage":"fr-FR","@id":"https:\/\/www.bellunopress.it\/#\/schema\/logo\/image\/","url":"https:\/\/www.bellunopress.it\/wp-content\/uploads\/2011\/05\/cropped-logo-bellunopress-.jpg","contentUrl":"https:\/\/www.bellunopress.it\/wp-content\/uploads\/2011\/05\/cropped-logo-bellunopress-.jpg","width":512,"height":512,"caption":"Bellunopress"},"image":{"@id":"https:\/\/www.bellunopress.it\/#\/schema\/logo\/image\/"},"sameAs":["https:\/\/www.facebook.com\/profile.php?id=100008943462799","https:\/\/x.com\/bellunopress","https:\/\/www.linkedin.com\/hp\/?dnr=JBzUWaJfMUw8vbXJJ2tVW5-I3jZKvC4wsoxE&amp;amp;amp;amp;amp;amp;trk=nav_responsive_tab_home","https:\/\/www.youtube.com\/channel\/UCxL0wu1uN0_3_7hGG0306cw"]},{"@type":"Person","@id":"https:\/\/www.bellunopress.it\/#\/schema\/person\/79bb06722b37ece1c03d3e94beb30d73","name":"r\u00e9daction","image":{"@type":"ImageObject","inLanguage":"fr-FR","@id":"https:\/\/secure.gravatar.com\/avatar\/37d968a2e67a6fd04c169c4bdef102d0bc5d31b2546345219e348575eb80e9a0?s=96&d=mm&r=g","url":"https:\/\/secure.gravatar.com\/avatar\/37d968a2e67a6fd04c169c4bdef102d0bc5d31b2546345219e348575eb80e9a0?s=96&d=mm&r=g","contentUrl":"https:\/\/secure.gravatar.com\/avatar\/37d968a2e67a6fd04c169c4bdef102d0bc5d31b2546345219e348575eb80e9a0?s=96&d=mm&r=g","caption":"redazione"},"sameAs":["http:\/\/www.bellunopress.it","https:\/\/x.com\/bellunopress"],"url":"https:\/\/www.bellunopress.it\/fr\/author\/redazione\/"}]}},"_links":{"self":[{"href":"https:\/\/www.bellunopress.it\/fr\/wp-json\/wp\/v2\/posts\/169132","targetHints":{"allow":["GET"]}}],"collection":[{"href":"https:\/\/www.bellunopress.it\/fr\/wp-json\/wp\/v2\/posts"}],"about":[{"href":"https:\/\/www.bellunopress.it\/fr\/wp-json\/wp\/v2\/types\/post"}],"author":[{"embeddable":true,"href":"https:\/\/www.bellunopress.it\/fr\/wp-json\/wp\/v2\/users\/2"}],"replies":[{"embeddable":true,"href":"https:\/\/www.bellunopress.it\/fr\/wp-json\/wp\/v2\/comments?post=169132"}],"version-history":[{"count":1,"href":"https:\/\/www.bellunopress.it\/fr\/wp-json\/wp\/v2\/posts\/169132\/revisions"}],"predecessor-version":[{"id":169133,"href":"https:\/\/www.bellunopress.it\/fr\/wp-json\/wp\/v2\/posts\/169132\/revisions\/169133"}],"wp:featuredmedia":[{"embeddable":true,"href":"https:\/\/www.bellunopress.it\/fr\/wp-json\/wp\/v2\/media\/144769"}],"wp:attachment":[{"href":"https:\/\/www.bellunopress.it\/fr\/wp-json\/wp\/v2\/media?parent=169132"}],"wp:term":[{"taxonomy":"category","embeddable":true,"href":"https:\/\/www.bellunopress.it\/fr\/wp-json\/wp\/v2\/categories?post=169132"},{"taxonomy":"post_tag","embeddable":true,"href":"https:\/\/www.bellunopress.it\/fr\/wp-json\/wp\/v2\/tags?post=169132"}],"curies":[{"name":"wp","href":"https:\/\/api.w.org\/{rel}","templated":true}]}}