{"id":169127,"date":"2026-04-14T17:43:28","date_gmt":"2026-04-14T15:43:28","guid":{"rendered":"https:\/\/www.bellunopress.it\/?p=169127"},"modified":"2026-04-14T17:43:28","modified_gmt":"2026-04-14T15:43:28","slug":"belluno-taglio-alberi-via-feltre-sindaco-nessuna-nidificazione-presenti-anche-i-forestali","status":"publish","type":"post","link":"https:\/\/www.bellunopress.it\/fr\/2026\/04\/14\/belluno-taglio-alberi-via-feltre-sindaco-nessuna-nidificazione-presenti-anche-i-forestali\/","title":{"rendered":"Belluno, taglio alberi via Feltre. Sindaco: nessuna nidificazione, presenti anche i Forestali"},"content":{"rendered":"<figure id=\"attachment_169015\" aria-describedby=\"caption-attachment-169015\" style=\"width: 700px\" class=\"wp-caption aligncenter\"><img loading=\"lazy\" decoding=\"async\" class=\"size-full wp-image-169015\" src=\"https:\/\/www.bellunopress.it\/wp-content\/uploads\/2026\/04\/alberi-via-feltre-belluno.jpg\" alt=\"\" width=\"700\" height=\"483\" srcset=\"https:\/\/www.bellunopress.it\/wp-content\/uploads\/2026\/04\/alberi-via-feltre-belluno.jpg 700w, https:\/\/www.bellunopress.it\/wp-content\/uploads\/2026\/04\/alberi-via-feltre-belluno-500x345.jpg 500w, https:\/\/www.bellunopress.it\/wp-content\/uploads\/2026\/04\/alberi-via-feltre-belluno-609x420.jpg 609w, https:\/\/www.bellunopress.it\/wp-content\/uploads\/2026\/04\/alberi-via-feltre-belluno-150x104.jpg 150w, https:\/\/www.bellunopress.it\/wp-content\/uploads\/2026\/04\/alberi-via-feltre-belluno-218x150.jpg 218w, https:\/\/www.bellunopress.it\/wp-content\/uploads\/2026\/04\/alberi-via-feltre-belluno-300x207.jpg 300w, https:\/\/www.bellunopress.it\/wp-content\/uploads\/2026\/04\/alberi-via-feltre-belluno-696x480.jpg 696w\" sizes=\"auto, (max-width: 700px) 100vw, 700px\" \/><figcaption id=\"caption-attachment-169015\" class=\"wp-caption-text\">Belluno, via Feltre prima del taglio<\/figcaption><\/figure>\n<p>Belluno, 14\/04\/2026 &#8211; Accertata e certificata l\u2019assenza di nidificazioni, hanno preso il via questa mattina le operazioni di taglio dei tigli lungo via Feltre, nell\u2019ambito del pi\u00f9 ampio progetto di riqualificazione della strada.<\/p>\n<p>Ieri la direzione dei lavori e la ditta incaricata hanno effettuato un\u2019attenta verifica visiva su ogni singola pianta, supportata da documentazione fotografica, per escludere l\u2019eventuale presenza di nidi. Al termine del sopralluogo sono stati redatti appositi verbali, nei quali \u00e8 stato messo nero su bianco che negli alberi interessati dall\u2019intervento non risultavano esserci nidificazioni.<\/p>\n<p>La certificazione relativa alle verifiche svolte \u00e8 stata poi regolarmente trasmessa questa mattina ai Carabinieri forestali, confermando la piena regolarit\u00e0 delle operazioni e consentendo cos\u00ec l\u2019avvio dell\u2019intervento nel tratto programmato.<\/p>\n<p>\u201cEra giusto sincerarsi che non ci fossero nidificazioni \u2013 commenta il sindaco di Belluno, Oscar De Pellegrin \u2013. Se anche ne fosse stata trovata una sola, quella pianta non sarebbe stata tagliata. Le verifiche hanno invece confermato quanto previsto: non ce n\u2019erano. Tutto \u00e8 stato fatto con metodo e nel pieno rispetto\u201d.<\/p>\n<p>Nulla dice la nota del Comune di Belluno riguardo allo stato di salute degli alberi abbattuti, che a prima vista sembra buono.<\/p>\n<p><img loading=\"lazy\" decoding=\"async\" class=\"aligncenter size-full wp-image-169128\" src=\"https:\/\/www.bellunopress.it\/wp-content\/uploads\/2026\/04\/via-feltre-tronco-albero.jpg\" alt=\"\" width=\"375\" height=\"500\" srcset=\"https:\/\/www.bellunopress.it\/wp-content\/uploads\/2026\/04\/via-feltre-tronco-albero.jpg 375w, https:\/\/www.bellunopress.it\/wp-content\/uploads\/2026\/04\/via-feltre-tronco-albero-315x420.jpg 315w, https:\/\/www.bellunopress.it\/wp-content\/uploads\/2026\/04\/via-feltre-tronco-albero-150x200.jpg 150w, https:\/\/www.bellunopress.it\/wp-content\/uploads\/2026\/04\/via-feltre-tronco-albero-300x400.jpg 300w\" sizes=\"auto, (max-width: 375px) 100vw, 375px\" \/><\/p>","protected":false},"excerpt":{"rendered":"<p>Belluno, 14\/04\/2026 &#8211; Accertata e certificata l\u2019assenza di nidificazioni, hanno preso il via questa mattina le operazioni di taglio dei tigli lungo via Feltre, nell\u2019ambito del pi\u00f9 ampio progetto di riqualificazione della strada. Ieri la direzione dei lavori e la ditta incaricata hanno effettuato un\u2019attenta verifica visiva su ogni singola pianta, supportata da documentazione fotografica, [&hellip;]<\/p>\n","protected":false},"author":2,"featured_media":169130,"comment_status":"closed","ping_status":"open","sticky":false,"template":"","format":"standard","meta":{"footnotes":""},"categories":[5,26],"tags":[],"class_list":["post-169127","post","type-post","status-publish","format-standard","has-post-thumbnail","category-cronaca","category-prima-pagina"],"yoast_head":"<!-- This site is optimized with the Yoast SEO plugin v28.4 - https:\/\/yoast.com\/product\/yoast-seo-wordpress\/ -->\n<title>Belluno, taglio alberi via Feltre. Sindaco: nessuna nidificazione, presenti anche i Forestali - Bellunopress - Dolomiti<\/title>\n<meta name=\"robots\" content=\"index, follow, max-snippet:-1, max-image-preview:large, max-video-preview:-1\" \/>\n<link rel=\"canonical\" href=\"https:\/\/www.bellunopress.it\/fr\/2026\/04\/14\/belluno-taglio-alberi-via-feltre-sindaco-nessuna-nidificazione-presenti-anche-i-forestali\/\" \/>\n<meta property=\"og:locale\" content=\"fr_FR\" \/>\n<meta property=\"og:type\" content=\"article\" \/>\n<meta property=\"og:title\" content=\"Belluno, taglio alberi via Feltre. Sindaco: nessuna nidificazione, presenti anche i Forestali - Bellunopress - Dolomiti\" \/>\n<meta property=\"og:description\" content=\"Belluno, 14\/04\/2026 &#8211; Accertata e certificata l\u2019assenza di nidificazioni, hanno preso il via questa mattina le operazioni di taglio dei tigli lungo via Feltre, nell\u2019ambito del pi\u00f9 ampio progetto di riqualificazione della strada. Ieri la direzione dei lavori e la ditta incaricata hanno effettuato un\u2019attenta verifica visiva su ogni singola pianta, supportata da documentazione fotografica, [&hellip;]\" \/>\n<meta property=\"og:url\" content=\"https:\/\/www.bellunopress.it\/fr\/2026\/04\/14\/belluno-taglio-alberi-via-feltre-sindaco-nessuna-nidificazione-presenti-anche-i-forestali\/\" \/>\n<meta property=\"og:site_name\" content=\"Bellunopress - Dolomiti\" \/>\n<meta property=\"article:publisher\" content=\"https:\/\/www.facebook.com\/profile.php?id=100008943462799\" \/>\n<meta property=\"article:published_time\" content=\"2026-04-14T15:43:28+00:00\" \/>\n<meta property=\"og:image\" content=\"https:\/\/www.bellunopress.it\/wp-content\/uploads\/2026\/04\/alberi-tagliati-via-feltre-prima-giornata.jpg\" \/>\n\t<meta property=\"og:image:width\" content=\"600\" \/>\n\t<meta property=\"og:image:height\" content=\"363\" \/>\n\t<meta property=\"og:image:type\" content=\"image\/jpeg\" \/>\n<meta name=\"author\" content=\"redazione\" \/>\n<meta name=\"twitter:card\" content=\"summary_large_image\" \/>\n<meta name=\"twitter:creator\" content=\"@bellunopress\" \/>\n<meta name=\"twitter:site\" content=\"@bellunopress\" \/>\n<meta name=\"twitter:label1\" content=\"\u00c9crit par\" \/>\n\t<meta name=\"twitter:data1\" content=\"redazione\" \/>\n\t<meta name=\"twitter:label2\" content=\"Dur\u00e9e de lecture estim\u00e9e\" \/>\n\t<meta name=\"twitter:data2\" content=\"1 minute\" \/>\n<script type=\"application\/ld+json\" class=\"yoast-schema-graph\">{\"@context\":\"https:\\\/\\\/schema.org\",\"@graph\":[{\"@type\":\"Article\",\"@id\":\"https:\\\/\\\/www.bellunopress.it\\\/2026\\\/04\\\/14\\\/belluno-taglio-alberi-via-feltre-sindaco-nessuna-nidificazione-presenti-anche-i-forestali\\\/#article\",\"isPartOf\":{\"@id\":\"https:\\\/\\\/www.bellunopress.it\\\/2026\\\/04\\\/14\\\/belluno-taglio-alberi-via-feltre-sindaco-nessuna-nidificazione-presenti-anche-i-forestali\\\/\"},\"author\":{\"name\":\"redazione\",\"@id\":\"https:\\\/\\\/www.bellunopress.it\\\/#\\\/schema\\\/person\\\/79bb06722b37ece1c03d3e94beb30d73\"},\"headline\":\"Belluno, taglio alberi via Feltre. Sindaco: nessuna nidificazione, presenti anche i Forestali\",\"datePublished\":\"2026-04-14T15:43:28+00:00\",\"mainEntityOfPage\":{\"@id\":\"https:\\\/\\\/www.bellunopress.it\\\/2026\\\/04\\\/14\\\/belluno-taglio-alberi-via-feltre-sindaco-nessuna-nidificazione-presenti-anche-i-forestali\\\/\"},\"wordCount\":218,\"publisher\":{\"@id\":\"https:\\\/\\\/www.bellunopress.it\\\/#organization\"},\"image\":{\"@id\":\"https:\\\/\\\/www.bellunopress.it\\\/2026\\\/04\\\/14\\\/belluno-taglio-alberi-via-feltre-sindaco-nessuna-nidificazione-presenti-anche-i-forestali\\\/#primaryimage\"},\"thumbnailUrl\":\"https:\\\/\\\/www.bellunopress.it\\\/wp-content\\\/uploads\\\/2026\\\/04\\\/alberi-tagliati-via-feltre-prima-giornata.jpg\",\"articleSection\":[\"Cronaca\\\/Politica\",\"Prima Pagina\"],\"inLanguage\":\"fr-FR\"},{\"@type\":\"WebPage\",\"@id\":\"https:\\\/\\\/www.bellunopress.it\\\/2026\\\/04\\\/14\\\/belluno-taglio-alberi-via-feltre-sindaco-nessuna-nidificazione-presenti-anche-i-forestali\\\/\",\"url\":\"https:\\\/\\\/www.bellunopress.it\\\/2026\\\/04\\\/14\\\/belluno-taglio-alberi-via-feltre-sindaco-nessuna-nidificazione-presenti-anche-i-forestali\\\/\",\"name\":\"Belluno, taglio alberi via Feltre. Sindaco: nessuna nidificazione, presenti anche i Forestali - Bellunopress - Dolomiti\",\"isPartOf\":{\"@id\":\"https:\\\/\\\/www.bellunopress.it\\\/#website\"},\"primaryImageOfPage\":{\"@id\":\"https:\\\/\\\/www.bellunopress.it\\\/2026\\\/04\\\/14\\\/belluno-taglio-alberi-via-feltre-sindaco-nessuna-nidificazione-presenti-anche-i-forestali\\\/#primaryimage\"},\"image\":{\"@id\":\"https:\\\/\\\/www.bellunopress.it\\\/2026\\\/04\\\/14\\\/belluno-taglio-alberi-via-feltre-sindaco-nessuna-nidificazione-presenti-anche-i-forestali\\\/#primaryimage\"},\"thumbnailUrl\":\"https:\\\/\\\/www.bellunopress.it\\\/wp-content\\\/uploads\\\/2026\\\/04\\\/alberi-tagliati-via-feltre-prima-giornata.jpg\",\"datePublished\":\"2026-04-14T15:43:28+00:00\",\"breadcrumb\":{\"@id\":\"https:\\\/\\\/www.bellunopress.it\\\/2026\\\/04\\\/14\\\/belluno-taglio-alberi-via-feltre-sindaco-nessuna-nidificazione-presenti-anche-i-forestali\\\/#breadcrumb\"},\"inLanguage\":\"fr-FR\",\"potentialAction\":[{\"@type\":\"ReadAction\",\"target\":[\"https:\\\/\\\/www.bellunopress.it\\\/2026\\\/04\\\/14\\\/belluno-taglio-alberi-via-feltre-sindaco-nessuna-nidificazione-presenti-anche-i-forestali\\\/\"]}]},{\"@type\":\"ImageObject\",\"inLanguage\":\"fr-FR\",\"@id\":\"https:\\\/\\\/www.bellunopress.it\\\/2026\\\/04\\\/14\\\/belluno-taglio-alberi-via-feltre-sindaco-nessuna-nidificazione-presenti-anche-i-forestali\\\/#primaryimage\",\"url\":\"https:\\\/\\\/www.bellunopress.it\\\/wp-content\\\/uploads\\\/2026\\\/04\\\/alberi-tagliati-via-feltre-prima-giornata.jpg\",\"contentUrl\":\"https:\\\/\\\/www.bellunopress.it\\\/wp-content\\\/uploads\\\/2026\\\/04\\\/alberi-tagliati-via-feltre-prima-giornata.jpg\",\"width\":600,\"height\":363,\"caption\":\"Belluno, via Feltre dopo il taglio di oggi 14\\\/04\\\/2026\"},{\"@type\":\"BreadcrumbList\",\"@id\":\"https:\\\/\\\/www.bellunopress.it\\\/2026\\\/04\\\/14\\\/belluno-taglio-alberi-via-feltre-sindaco-nessuna-nidificazione-presenti-anche-i-forestali\\\/#breadcrumb\",\"itemListElement\":[{\"@type\":\"ListItem\",\"position\":1,\"name\":\"Home\",\"item\":\"https:\\\/\\\/www.bellunopress.it\\\/\"},{\"@type\":\"ListItem\",\"position\":2,\"name\":\"Belluno, taglio alberi via Feltre. Sindaco: nessuna nidificazione, presenti anche i Forestali\"}]},{\"@type\":\"WebSite\",\"@id\":\"https:\\\/\\\/www.bellunopress.it\\\/#website\",\"url\":\"https:\\\/\\\/www.bellunopress.it\\\/\",\"name\":\"Bellunopress - Dolomiti\",\"description\":\"e-mail: redazione@bellunopress.it\",\"publisher\":{\"@id\":\"https:\\\/\\\/www.bellunopress.it\\\/#organization\"},\"potentialAction\":[{\"@type\":\"SearchAction\",\"target\":{\"@type\":\"EntryPoint\",\"urlTemplate\":\"https:\\\/\\\/www.bellunopress.it\\\/?s={search_term_string}\"},\"query-input\":{\"@type\":\"PropertyValueSpecification\",\"valueRequired\":true,\"valueName\":\"search_term_string\"}}],\"inLanguage\":\"fr-FR\"},{\"@type\":\"Organization\",\"@id\":\"https:\\\/\\\/www.bellunopress.it\\\/#organization\",\"name\":\"Bellunopress\",\"url\":\"https:\\\/\\\/www.bellunopress.it\\\/\",\"logo\":{\"@type\":\"ImageObject\",\"inLanguage\":\"fr-FR\",\"@id\":\"https:\\\/\\\/www.bellunopress.it\\\/#\\\/schema\\\/logo\\\/image\\\/\",\"url\":\"https:\\\/\\\/www.bellunopress.it\\\/wp-content\\\/uploads\\\/2011\\\/05\\\/cropped-logo-bellunopress-.jpg\",\"contentUrl\":\"https:\\\/\\\/www.bellunopress.it\\\/wp-content\\\/uploads\\\/2011\\\/05\\\/cropped-logo-bellunopress-.jpg\",\"width\":512,\"height\":512,\"caption\":\"Bellunopress\"},\"image\":{\"@id\":\"https:\\\/\\\/www.bellunopress.it\\\/#\\\/schema\\\/logo\\\/image\\\/\"},\"sameAs\":[\"https:\\\/\\\/www.facebook.com\\\/profile.php?id=100008943462799\",\"https:\\\/\\\/x.com\\\/bellunopress\",\"https:\\\/\\\/www.linkedin.com\\\/hp\\\/?dnr=JBzUWaJfMUw8vbXJJ2tVW5-I3jZKvC4wsoxE&amp;amp;amp;amp;amp;amp;trk=nav_responsive_tab_home\",\"https:\\\/\\\/www.youtube.com\\\/channel\\\/UCxL0wu1uN0_3_7hGG0306cw\"]},{\"@type\":\"Person\",\"@id\":\"https:\\\/\\\/www.bellunopress.it\\\/#\\\/schema\\\/person\\\/79bb06722b37ece1c03d3e94beb30d73\",\"name\":\"redazione\",\"image\":{\"@type\":\"ImageObject\",\"inLanguage\":\"fr-FR\",\"@id\":\"https:\\\/\\\/secure.gravatar.com\\\/avatar\\\/37d968a2e67a6fd04c169c4bdef102d0bc5d31b2546345219e348575eb80e9a0?s=96&d=mm&r=g\",\"url\":\"https:\\\/\\\/secure.gravatar.com\\\/avatar\\\/37d968a2e67a6fd04c169c4bdef102d0bc5d31b2546345219e348575eb80e9a0?s=96&d=mm&r=g\",\"contentUrl\":\"https:\\\/\\\/secure.gravatar.com\\\/avatar\\\/37d968a2e67a6fd04c169c4bdef102d0bc5d31b2546345219e348575eb80e9a0?s=96&d=mm&r=g\",\"caption\":\"redazione\"},\"sameAs\":[\"http:\\\/\\\/www.bellunopress.it\",\"https:\\\/\\\/x.com\\\/bellunopress\"],\"url\":\"https:\\\/\\\/www.bellunopress.it\\\/fr\\\/author\\\/redazione\\\/\"}]}<\/script>\n<!-- \/ Yoast SEO plugin. -->","yoast_head_json":{"title":"Belluno, taglio alberi via Feltre. Sindaco: nessuna nidificazione, presenti anche i Forestali - Bellunopress - Dolomiti","robots":{"index":"index","follow":"follow","max-snippet":"max-snippet:-1","max-image-preview":"max-image-preview:large","max-video-preview":"max-video-preview:-1"},"canonical":"https:\/\/www.bellunopress.it\/fr\/2026\/04\/14\/belluno-taglio-alberi-via-feltre-sindaco-nessuna-nidificazione-presenti-anche-i-forestali\/","og_locale":"fr_FR","og_type":"article","og_title":"Belluno, taglio alberi via Feltre. Sindaco: nessuna nidificazione, presenti anche i Forestali - Bellunopress - Dolomiti","og_description":"Belluno, 14\/04\/2026 &#8211; Accertata e certificata l\u2019assenza di nidificazioni, hanno preso il via questa mattina le operazioni di taglio dei tigli lungo via Feltre, nell\u2019ambito del pi\u00f9 ampio progetto di riqualificazione della strada. Ieri la direzione dei lavori e la ditta incaricata hanno effettuato un\u2019attenta verifica visiva su ogni singola pianta, supportata da documentazione fotografica, [&hellip;]","og_url":"https:\/\/www.bellunopress.it\/fr\/2026\/04\/14\/belluno-taglio-alberi-via-feltre-sindaco-nessuna-nidificazione-presenti-anche-i-forestali\/","og_site_name":"Bellunopress - Dolomiti","article_publisher":"https:\/\/www.facebook.com\/profile.php?id=100008943462799","article_published_time":"2026-04-14T15:43:28+00:00","og_image":[{"width":600,"height":363,"url":"https:\/\/www.bellunopress.it\/wp-content\/uploads\/2026\/04\/alberi-tagliati-via-feltre-prima-giornata.jpg","type":"image\/jpeg"}],"author":"redazione","twitter_card":"summary_large_image","twitter_creator":"@bellunopress","twitter_site":"@bellunopress","twitter_misc":{"\u00c9crit par":"redazione","Dur\u00e9e de lecture estim\u00e9e":"1 minute"},"schema":{"@context":"https:\/\/schema.org","@graph":[{"@type":"Article","@id":"https:\/\/www.bellunopress.it\/2026\/04\/14\/belluno-taglio-alberi-via-feltre-sindaco-nessuna-nidificazione-presenti-anche-i-forestali\/#article","isPartOf":{"@id":"https:\/\/www.bellunopress.it\/2026\/04\/14\/belluno-taglio-alberi-via-feltre-sindaco-nessuna-nidificazione-presenti-anche-i-forestali\/"},"author":{"name":"redazione","@id":"https:\/\/www.bellunopress.it\/#\/schema\/person\/79bb06722b37ece1c03d3e94beb30d73"},"headline":"Belluno, taglio alberi via Feltre. Sindaco: nessuna nidificazione, presenti anche i Forestali","datePublished":"2026-04-14T15:43:28+00:00","mainEntityOfPage":{"@id":"https:\/\/www.bellunopress.it\/2026\/04\/14\/belluno-taglio-alberi-via-feltre-sindaco-nessuna-nidificazione-presenti-anche-i-forestali\/"},"wordCount":218,"publisher":{"@id":"https:\/\/www.bellunopress.it\/#organization"},"image":{"@id":"https:\/\/www.bellunopress.it\/2026\/04\/14\/belluno-taglio-alberi-via-feltre-sindaco-nessuna-nidificazione-presenti-anche-i-forestali\/#primaryimage"},"thumbnailUrl":"https:\/\/www.bellunopress.it\/wp-content\/uploads\/2026\/04\/alberi-tagliati-via-feltre-prima-giornata.jpg","articleSection":["Cronaca\/Politica","Prima Pagina"],"inLanguage":"fr-FR"},{"@type":"WebPage","@id":"https:\/\/www.bellunopress.it\/2026\/04\/14\/belluno-taglio-alberi-via-feltre-sindaco-nessuna-nidificazione-presenti-anche-i-forestali\/","url":"https:\/\/www.bellunopress.it\/2026\/04\/14\/belluno-taglio-alberi-via-feltre-sindaco-nessuna-nidificazione-presenti-anche-i-forestali\/","name":"Belluno, taglio alberi via Feltre. Sindaco: nessuna nidificazione, presenti anche i Forestali - Bellunopress - Dolomiti","isPartOf":{"@id":"https:\/\/www.bellunopress.it\/#website"},"primaryImageOfPage":{"@id":"https:\/\/www.bellunopress.it\/2026\/04\/14\/belluno-taglio-alberi-via-feltre-sindaco-nessuna-nidificazione-presenti-anche-i-forestali\/#primaryimage"},"image":{"@id":"https:\/\/www.bellunopress.it\/2026\/04\/14\/belluno-taglio-alberi-via-feltre-sindaco-nessuna-nidificazione-presenti-anche-i-forestali\/#primaryimage"},"thumbnailUrl":"https:\/\/www.bellunopress.it\/wp-content\/uploads\/2026\/04\/alberi-tagliati-via-feltre-prima-giornata.jpg","datePublished":"2026-04-14T15:43:28+00:00","breadcrumb":{"@id":"https:\/\/www.bellunopress.it\/2026\/04\/14\/belluno-taglio-alberi-via-feltre-sindaco-nessuna-nidificazione-presenti-anche-i-forestali\/#breadcrumb"},"inLanguage":"fr-FR","potentialAction":[{"@type":"ReadAction","target":["https:\/\/www.bellunopress.it\/2026\/04\/14\/belluno-taglio-alberi-via-feltre-sindaco-nessuna-nidificazione-presenti-anche-i-forestali\/"]}]},{"@type":"ImageObject","inLanguage":"fr-FR","@id":"https:\/\/www.bellunopress.it\/2026\/04\/14\/belluno-taglio-alberi-via-feltre-sindaco-nessuna-nidificazione-presenti-anche-i-forestali\/#primaryimage","url":"https:\/\/www.bellunopress.it\/wp-content\/uploads\/2026\/04\/alberi-tagliati-via-feltre-prima-giornata.jpg","contentUrl":"https:\/\/www.bellunopress.it\/wp-content\/uploads\/2026\/04\/alberi-tagliati-via-feltre-prima-giornata.jpg","width":600,"height":363,"caption":"Belluno, via Feltre dopo il taglio di oggi 14\/04\/2026"},{"@type":"BreadcrumbList","@id":"https:\/\/www.bellunopress.it\/2026\/04\/14\/belluno-taglio-alberi-via-feltre-sindaco-nessuna-nidificazione-presenti-anche-i-forestali\/#breadcrumb","itemListElement":[{"@type":"ListItem","position":1,"name":"Home","item":"https:\/\/www.bellunopress.it\/"},{"@type":"ListItem","position":2,"name":"Belluno, taglio alberi via Feltre. Sindaco: nessuna nidificazione, presenti anche i Forestali"}]},{"@type":"WebSite","@id":"https:\/\/www.bellunopress.it\/#website","url":"https:\/\/www.bellunopress.it\/","name":"Bellunopress - Dolomiti","description":"e-mail: redazione@bellunopress.it","publisher":{"@id":"https:\/\/www.bellunopress.it\/#organization"},"potentialAction":[{"@type":"SearchAction","target":{"@type":"EntryPoint","urlTemplate":"https:\/\/www.bellunopress.it\/?s={search_term_string}"},"query-input":{"@type":"PropertyValueSpecification","valueRequired":true,"valueName":"search_term_string"}}],"inLanguage":"fr-FR"},{"@type":"Organization","@id":"https:\/\/www.bellunopress.it\/#organization","name":"Bellunopress","url":"https:\/\/www.bellunopress.it\/","logo":{"@type":"ImageObject","inLanguage":"fr-FR","@id":"https:\/\/www.bellunopress.it\/#\/schema\/logo\/image\/","url":"https:\/\/www.bellunopress.it\/wp-content\/uploads\/2011\/05\/cropped-logo-bellunopress-.jpg","contentUrl":"https:\/\/www.bellunopress.it\/wp-content\/uploads\/2011\/05\/cropped-logo-bellunopress-.jpg","width":512,"height":512,"caption":"Bellunopress"},"image":{"@id":"https:\/\/www.bellunopress.it\/#\/schema\/logo\/image\/"},"sameAs":["https:\/\/www.facebook.com\/profile.php?id=100008943462799","https:\/\/x.com\/bellunopress","https:\/\/www.linkedin.com\/hp\/?dnr=JBzUWaJfMUw8vbXJJ2tVW5-I3jZKvC4wsoxE&amp;amp;amp;amp;amp;amp;trk=nav_responsive_tab_home","https:\/\/www.youtube.com\/channel\/UCxL0wu1uN0_3_7hGG0306cw"]},{"@type":"Person","@id":"https:\/\/www.bellunopress.it\/#\/schema\/person\/79bb06722b37ece1c03d3e94beb30d73","name":"r\u00e9daction","image":{"@type":"ImageObject","inLanguage":"fr-FR","@id":"https:\/\/secure.gravatar.com\/avatar\/37d968a2e67a6fd04c169c4bdef102d0bc5d31b2546345219e348575eb80e9a0?s=96&d=mm&r=g","url":"https:\/\/secure.gravatar.com\/avatar\/37d968a2e67a6fd04c169c4bdef102d0bc5d31b2546345219e348575eb80e9a0?s=96&d=mm&r=g","contentUrl":"https:\/\/secure.gravatar.com\/avatar\/37d968a2e67a6fd04c169c4bdef102d0bc5d31b2546345219e348575eb80e9a0?s=96&d=mm&r=g","caption":"redazione"},"sameAs":["http:\/\/www.bellunopress.it","https:\/\/x.com\/bellunopress"],"url":"https:\/\/www.bellunopress.it\/fr\/author\/redazione\/"}]}},"_links":{"self":[{"href":"https:\/\/www.bellunopress.it\/fr\/wp-json\/wp\/v2\/posts\/169127","targetHints":{"allow":["GET"]}}],"collection":[{"href":"https:\/\/www.bellunopress.it\/fr\/wp-json\/wp\/v2\/posts"}],"about":[{"href":"https:\/\/www.bellunopress.it\/fr\/wp-json\/wp\/v2\/types\/post"}],"author":[{"embeddable":true,"href":"https:\/\/www.bellunopress.it\/fr\/wp-json\/wp\/v2\/users\/2"}],"replies":[{"embeddable":true,"href":"https:\/\/www.bellunopress.it\/fr\/wp-json\/wp\/v2\/comments?post=169127"}],"version-history":[{"count":1,"href":"https:\/\/www.bellunopress.it\/fr\/wp-json\/wp\/v2\/posts\/169127\/revisions"}],"predecessor-version":[{"id":169131,"href":"https:\/\/www.bellunopress.it\/fr\/wp-json\/wp\/v2\/posts\/169127\/revisions\/169131"}],"wp:featuredmedia":[{"embeddable":true,"href":"https:\/\/www.bellunopress.it\/fr\/wp-json\/wp\/v2\/media\/169130"}],"wp:attachment":[{"href":"https:\/\/www.bellunopress.it\/fr\/wp-json\/wp\/v2\/media?parent=169127"}],"wp:term":[{"taxonomy":"category","embeddable":true,"href":"https:\/\/www.bellunopress.it\/fr\/wp-json\/wp\/v2\/categories?post=169127"},{"taxonomy":"post_tag","embeddable":true,"href":"https:\/\/www.bellunopress.it\/fr\/wp-json\/wp\/v2\/tags?post=169127"}],"curies":[{"name":"wp","href":"https:\/\/api.w.org\/{rel}","templated":true}]}}