{"id":169104,"date":"2026-04-14T12:46:30","date_gmt":"2026-04-14T10:46:30","guid":{"rendered":"https:\/\/www.bellunopress.it\/?p=169104"},"modified":"2026-04-14T12:51:09","modified_gmt":"2026-04-14T10:51:09","slug":"anche-la-uil-veneto-al-presidio-di-venerdi-prossimo-a-belluno-per-la-morte-di-dowh-mukhtar","status":"publish","type":"post","link":"https:\/\/www.bellunopress.it\/fr\/2026\/04\/14\/anche-la-uil-veneto-al-presidio-di-venerdi-prossimo-a-belluno-per-la-morte-di-dowh-mukhtar\/","title":{"rendered":"Anche la Uil Veneto al presidio di venerd\u00ec prossimo a Belluno per la morte di Dowh Mukhtar"},"content":{"rendered":"<p>La Uil Veneto esprime altres\u00ec la sua vicinanza per l&#8217;infortunio accaduto questa mattina a Borgo Valbelluna<\/p>\n<p>\u201cAnche la Uil Veneto (Uiltucs e Uil Trasporti Belluno) ci sar\u00e0 al presidio di venerd\u00ec 17 aprile, alle 11, davanti al supermercato Mega di Belluno per ricordare a gran voce chi non ce l\u2019ha e non ce l\u2019ha avuta: in questo caso Dowh Mukhtar, vittima dell\u2019ennesimo infortunio in itinere.<\/p>\n<figure id=\"attachment_146363\" aria-describedby=\"caption-attachment-146363\" style=\"width: 447px\" class=\"wp-caption aligncenter\"><img loading=\"lazy\" decoding=\"async\" class=\"size-full wp-image-146363\" src=\"https:\/\/www.bellunopress.it\/wp-content\/uploads\/2023\/12\/Roberto-Toigo-segretario-generale-Uil-Veneto.jpg\" alt=\"\" width=\"447\" height=\"319\" \/><figcaption id=\"caption-attachment-146363\" class=\"wp-caption-text\">Roberto Toigo, segretario generale Uil Veneto<\/figcaption><\/figure>\n<p>E sempre la Uil Veneto esprime la sua vicinanza anche al nuovo infortunio in itinere di questa mattina a Borgo Val Belluna. Ricordo che dei cosiddetti \u201clavoratori fantasma\u201d ha parlato pi\u00f9 volte, nelle varie piazze italiane e venete, la Uil nazionale. E\u2019 uno slogan a noi caro che serve a ricordare e a ricordarci quanto sia triste e odioso che possano morire persone che lavorano per garantirci un servizio (in questo caso la possibilit\u00e0 di fare la spesa al mattino): lavoratori su cui si dovrebbe porre la massima attenzione per le loro condizioni di vita quotidiana e, nel caso di necessit\u00e0, aiutarli\u201d. Lo ha dichiarato Roberto Toigo, segretario generale Uil Veneto, esprimendo il proprio cordoglio alle famiglie delle vittime.<\/p>\n<p>&nbsp;<\/p>","protected":false},"excerpt":{"rendered":"<p>La Uil Veneto esprime altres\u00ec la sua vicinanza per l&#8217;infortunio accaduto questa mattina a Borgo Valbelluna \u201cAnche la Uil Veneto (Uiltucs e Uil Trasporti Belluno) ci sar\u00e0 al presidio di venerd\u00ec 17 aprile, alle 11, davanti al supermercato Mega di Belluno per ricordare a gran voce chi non ce l\u2019ha e non ce l\u2019ha avuta: [&hellip;]<\/p>\n","protected":false},"author":2,"featured_media":169105,"comment_status":"closed","ping_status":"open","sticky":false,"template":"","format":"standard","meta":{"footnotes":""},"categories":[36,26],"tags":[],"class_list":["post-169104","post","type-post","status-publish","format-standard","has-post-thumbnail","category-lavoro-economia","category-prima-pagina"],"yoast_head":"<!-- This site is optimized with the Yoast SEO plugin v28.4 - https:\/\/yoast.com\/product\/yoast-seo-wordpress\/ -->\n<title>Anche la Uil Veneto al presidio di venerd\u00ec prossimo a Belluno per la morte di Dowh Mukhtar - Bellunopress - Dolomiti<\/title>\n<meta name=\"robots\" content=\"index, follow, max-snippet:-1, max-image-preview:large, max-video-preview:-1\" \/>\n<link rel=\"canonical\" href=\"https:\/\/www.bellunopress.it\/fr\/2026\/04\/14\/anche-la-uil-veneto-al-presidio-di-venerdi-prossimo-a-belluno-per-la-morte-di-dowh-mukhtar\/\" \/>\n<meta property=\"og:locale\" content=\"fr_FR\" \/>\n<meta property=\"og:type\" content=\"article\" \/>\n<meta property=\"og:title\" content=\"Anche la Uil Veneto al presidio di venerd\u00ec prossimo a Belluno per la morte di Dowh Mukhtar - Bellunopress - Dolomiti\" \/>\n<meta property=\"og:description\" content=\"La Uil Veneto esprime altres\u00ec la sua vicinanza per l&#8217;infortunio accaduto questa mattina a Borgo Valbelluna \u201cAnche la Uil Veneto (Uiltucs e Uil Trasporti Belluno) ci sar\u00e0 al presidio di venerd\u00ec 17 aprile, alle 11, davanti al supermercato Mega di Belluno per ricordare a gran voce chi non ce l\u2019ha e non ce l\u2019ha avuta: [&hellip;]\" \/>\n<meta property=\"og:url\" content=\"https:\/\/www.bellunopress.it\/fr\/2026\/04\/14\/anche-la-uil-veneto-al-presidio-di-venerdi-prossimo-a-belluno-per-la-morte-di-dowh-mukhtar\/\" \/>\n<meta property=\"og:site_name\" content=\"Bellunopress - Dolomiti\" \/>\n<meta property=\"article:publisher\" content=\"https:\/\/www.facebook.com\/profile.php?id=100008943462799\" \/>\n<meta property=\"article:published_time\" content=\"2026-04-14T10:46:30+00:00\" \/>\n<meta property=\"article:modified_time\" content=\"2026-04-14T10:51:09+00:00\" \/>\n<meta property=\"og:image\" content=\"https:\/\/www.bellunopress.it\/wp-content\/uploads\/2026\/04\/Sonia-Bridda-Uil-Veneto.jpg\" \/>\n\t<meta property=\"og:image:width\" content=\"473\" \/>\n\t<meta property=\"og:image:height\" content=\"500\" \/>\n\t<meta property=\"og:image:type\" content=\"image\/jpeg\" \/>\n<meta name=\"author\" content=\"redazione\" \/>\n<meta name=\"twitter:card\" content=\"summary_large_image\" \/>\n<meta name=\"twitter:creator\" content=\"@bellunopress\" \/>\n<meta name=\"twitter:site\" content=\"@bellunopress\" \/>\n<meta name=\"twitter:label1\" content=\"\u00c9crit par\" \/>\n\t<meta name=\"twitter:data1\" content=\"redazione\" \/>\n\t<meta name=\"twitter:label2\" content=\"Dur\u00e9e de lecture estim\u00e9e\" \/>\n\t<meta name=\"twitter:data2\" content=\"1 minute\" \/>\n<script type=\"application\/ld+json\" class=\"yoast-schema-graph\">{\"@context\":\"https:\\\/\\\/schema.org\",\"@graph\":[{\"@type\":\"Article\",\"@id\":\"https:\\\/\\\/www.bellunopress.it\\\/2026\\\/04\\\/14\\\/anche-la-uil-veneto-al-presidio-di-venerdi-prossimo-a-belluno-per-la-morte-di-dowh-mukhtar\\\/#article\",\"isPartOf\":{\"@id\":\"https:\\\/\\\/www.bellunopress.it\\\/2026\\\/04\\\/14\\\/anche-la-uil-veneto-al-presidio-di-venerdi-prossimo-a-belluno-per-la-morte-di-dowh-mukhtar\\\/\"},\"author\":{\"name\":\"redazione\",\"@id\":\"https:\\\/\\\/www.bellunopress.it\\\/#\\\/schema\\\/person\\\/79bb06722b37ece1c03d3e94beb30d73\"},\"headline\":\"Anche la Uil Veneto al presidio di venerd\u00ec prossimo a Belluno per la morte di Dowh Mukhtar\",\"datePublished\":\"2026-04-14T10:46:30+00:00\",\"dateModified\":\"2026-04-14T10:51:09+00:00\",\"mainEntityOfPage\":{\"@id\":\"https:\\\/\\\/www.bellunopress.it\\\/2026\\\/04\\\/14\\\/anche-la-uil-veneto-al-presidio-di-venerdi-prossimo-a-belluno-per-la-morte-di-dowh-mukhtar\\\/\"},\"wordCount\":217,\"publisher\":{\"@id\":\"https:\\\/\\\/www.bellunopress.it\\\/#organization\"},\"image\":{\"@id\":\"https:\\\/\\\/www.bellunopress.it\\\/2026\\\/04\\\/14\\\/anche-la-uil-veneto-al-presidio-di-venerdi-prossimo-a-belluno-per-la-morte-di-dowh-mukhtar\\\/#primaryimage\"},\"thumbnailUrl\":\"https:\\\/\\\/www.bellunopress.it\\\/wp-content\\\/uploads\\\/2026\\\/04\\\/Sonia-Bridda-Uil-Veneto.jpg\",\"articleSection\":[\"Lavoro, Economia, Turismo\",\"Prima Pagina\"],\"inLanguage\":\"fr-FR\"},{\"@type\":\"WebPage\",\"@id\":\"https:\\\/\\\/www.bellunopress.it\\\/2026\\\/04\\\/14\\\/anche-la-uil-veneto-al-presidio-di-venerdi-prossimo-a-belluno-per-la-morte-di-dowh-mukhtar\\\/\",\"url\":\"https:\\\/\\\/www.bellunopress.it\\\/2026\\\/04\\\/14\\\/anche-la-uil-veneto-al-presidio-di-venerdi-prossimo-a-belluno-per-la-morte-di-dowh-mukhtar\\\/\",\"name\":\"Anche la Uil Veneto al presidio di venerd\u00ec prossimo a Belluno per la morte di Dowh Mukhtar - Bellunopress - Dolomiti\",\"isPartOf\":{\"@id\":\"https:\\\/\\\/www.bellunopress.it\\\/#website\"},\"primaryImageOfPage\":{\"@id\":\"https:\\\/\\\/www.bellunopress.it\\\/2026\\\/04\\\/14\\\/anche-la-uil-veneto-al-presidio-di-venerdi-prossimo-a-belluno-per-la-morte-di-dowh-mukhtar\\\/#primaryimage\"},\"image\":{\"@id\":\"https:\\\/\\\/www.bellunopress.it\\\/2026\\\/04\\\/14\\\/anche-la-uil-veneto-al-presidio-di-venerdi-prossimo-a-belluno-per-la-morte-di-dowh-mukhtar\\\/#primaryimage\"},\"thumbnailUrl\":\"https:\\\/\\\/www.bellunopress.it\\\/wp-content\\\/uploads\\\/2026\\\/04\\\/Sonia-Bridda-Uil-Veneto.jpg\",\"datePublished\":\"2026-04-14T10:46:30+00:00\",\"dateModified\":\"2026-04-14T10:51:09+00:00\",\"breadcrumb\":{\"@id\":\"https:\\\/\\\/www.bellunopress.it\\\/2026\\\/04\\\/14\\\/anche-la-uil-veneto-al-presidio-di-venerdi-prossimo-a-belluno-per-la-morte-di-dowh-mukhtar\\\/#breadcrumb\"},\"inLanguage\":\"fr-FR\",\"potentialAction\":[{\"@type\":\"ReadAction\",\"target\":[\"https:\\\/\\\/www.bellunopress.it\\\/2026\\\/04\\\/14\\\/anche-la-uil-veneto-al-presidio-di-venerdi-prossimo-a-belluno-per-la-morte-di-dowh-mukhtar\\\/\"]}]},{\"@type\":\"ImageObject\",\"inLanguage\":\"fr-FR\",\"@id\":\"https:\\\/\\\/www.bellunopress.it\\\/2026\\\/04\\\/14\\\/anche-la-uil-veneto-al-presidio-di-venerdi-prossimo-a-belluno-per-la-morte-di-dowh-mukhtar\\\/#primaryimage\",\"url\":\"https:\\\/\\\/www.bellunopress.it\\\/wp-content\\\/uploads\\\/2026\\\/04\\\/Sonia-Bridda-Uil-Veneto.jpg\",\"contentUrl\":\"https:\\\/\\\/www.bellunopress.it\\\/wp-content\\\/uploads\\\/2026\\\/04\\\/Sonia-Bridda-Uil-Veneto.jpg\",\"width\":473,\"height\":500,\"caption\":\"Sonia Bridda - Uil Veneto\"},{\"@type\":\"BreadcrumbList\",\"@id\":\"https:\\\/\\\/www.bellunopress.it\\\/2026\\\/04\\\/14\\\/anche-la-uil-veneto-al-presidio-di-venerdi-prossimo-a-belluno-per-la-morte-di-dowh-mukhtar\\\/#breadcrumb\",\"itemListElement\":[{\"@type\":\"ListItem\",\"position\":1,\"name\":\"Home\",\"item\":\"https:\\\/\\\/www.bellunopress.it\\\/\"},{\"@type\":\"ListItem\",\"position\":2,\"name\":\"Anche la Uil Veneto al presidio di venerd\u00ec prossimo a Belluno per la morte di Dowh Mukhtar\"}]},{\"@type\":\"WebSite\",\"@id\":\"https:\\\/\\\/www.bellunopress.it\\\/#website\",\"url\":\"https:\\\/\\\/www.bellunopress.it\\\/\",\"name\":\"Bellunopress - Dolomiti\",\"description\":\"e-mail: redazione@bellunopress.it\",\"publisher\":{\"@id\":\"https:\\\/\\\/www.bellunopress.it\\\/#organization\"},\"potentialAction\":[{\"@type\":\"SearchAction\",\"target\":{\"@type\":\"EntryPoint\",\"urlTemplate\":\"https:\\\/\\\/www.bellunopress.it\\\/?s={search_term_string}\"},\"query-input\":{\"@type\":\"PropertyValueSpecification\",\"valueRequired\":true,\"valueName\":\"search_term_string\"}}],\"inLanguage\":\"fr-FR\"},{\"@type\":\"Organization\",\"@id\":\"https:\\\/\\\/www.bellunopress.it\\\/#organization\",\"name\":\"Bellunopress\",\"url\":\"https:\\\/\\\/www.bellunopress.it\\\/\",\"logo\":{\"@type\":\"ImageObject\",\"inLanguage\":\"fr-FR\",\"@id\":\"https:\\\/\\\/www.bellunopress.it\\\/#\\\/schema\\\/logo\\\/image\\\/\",\"url\":\"https:\\\/\\\/www.bellunopress.it\\\/wp-content\\\/uploads\\\/2011\\\/05\\\/cropped-logo-bellunopress-.jpg\",\"contentUrl\":\"https:\\\/\\\/www.bellunopress.it\\\/wp-content\\\/uploads\\\/2011\\\/05\\\/cropped-logo-bellunopress-.jpg\",\"width\":512,\"height\":512,\"caption\":\"Bellunopress\"},\"image\":{\"@id\":\"https:\\\/\\\/www.bellunopress.it\\\/#\\\/schema\\\/logo\\\/image\\\/\"},\"sameAs\":[\"https:\\\/\\\/www.facebook.com\\\/profile.php?id=100008943462799\",\"https:\\\/\\\/x.com\\\/bellunopress\",\"https:\\\/\\\/www.linkedin.com\\\/hp\\\/?dnr=JBzUWaJfMUw8vbXJJ2tVW5-I3jZKvC4wsoxE&amp;amp;amp;amp;amp;amp;trk=nav_responsive_tab_home\",\"https:\\\/\\\/www.youtube.com\\\/channel\\\/UCxL0wu1uN0_3_7hGG0306cw\"]},{\"@type\":\"Person\",\"@id\":\"https:\\\/\\\/www.bellunopress.it\\\/#\\\/schema\\\/person\\\/79bb06722b37ece1c03d3e94beb30d73\",\"name\":\"redazione\",\"image\":{\"@type\":\"ImageObject\",\"inLanguage\":\"fr-FR\",\"@id\":\"https:\\\/\\\/secure.gravatar.com\\\/avatar\\\/37d968a2e67a6fd04c169c4bdef102d0bc5d31b2546345219e348575eb80e9a0?s=96&d=mm&r=g\",\"url\":\"https:\\\/\\\/secure.gravatar.com\\\/avatar\\\/37d968a2e67a6fd04c169c4bdef102d0bc5d31b2546345219e348575eb80e9a0?s=96&d=mm&r=g\",\"contentUrl\":\"https:\\\/\\\/secure.gravatar.com\\\/avatar\\\/37d968a2e67a6fd04c169c4bdef102d0bc5d31b2546345219e348575eb80e9a0?s=96&d=mm&r=g\",\"caption\":\"redazione\"},\"sameAs\":[\"http:\\\/\\\/www.bellunopress.it\",\"https:\\\/\\\/x.com\\\/bellunopress\"],\"url\":\"https:\\\/\\\/www.bellunopress.it\\\/fr\\\/author\\\/redazione\\\/\"}]}<\/script>\n<!-- \/ Yoast SEO plugin. -->","yoast_head_json":{"title":"Anche la Uil Veneto al presidio di venerd\u00ec prossimo a Belluno per la morte di Dowh Mukhtar - Bellunopress - Dolomiti","robots":{"index":"index","follow":"follow","max-snippet":"max-snippet:-1","max-image-preview":"max-image-preview:large","max-video-preview":"max-video-preview:-1"},"canonical":"https:\/\/www.bellunopress.it\/fr\/2026\/04\/14\/anche-la-uil-veneto-al-presidio-di-venerdi-prossimo-a-belluno-per-la-morte-di-dowh-mukhtar\/","og_locale":"fr_FR","og_type":"article","og_title":"Anche la Uil Veneto al presidio di venerd\u00ec prossimo a Belluno per la morte di Dowh Mukhtar - Bellunopress - Dolomiti","og_description":"La Uil Veneto esprime altres\u00ec la sua vicinanza per l&#8217;infortunio accaduto questa mattina a Borgo Valbelluna \u201cAnche la Uil Veneto (Uiltucs e Uil Trasporti Belluno) ci sar\u00e0 al presidio di venerd\u00ec 17 aprile, alle 11, davanti al supermercato Mega di Belluno per ricordare a gran voce chi non ce l\u2019ha e non ce l\u2019ha avuta: [&hellip;]","og_url":"https:\/\/www.bellunopress.it\/fr\/2026\/04\/14\/anche-la-uil-veneto-al-presidio-di-venerdi-prossimo-a-belluno-per-la-morte-di-dowh-mukhtar\/","og_site_name":"Bellunopress - Dolomiti","article_publisher":"https:\/\/www.facebook.com\/profile.php?id=100008943462799","article_published_time":"2026-04-14T10:46:30+00:00","article_modified_time":"2026-04-14T10:51:09+00:00","og_image":[{"width":473,"height":500,"url":"https:\/\/www.bellunopress.it\/wp-content\/uploads\/2026\/04\/Sonia-Bridda-Uil-Veneto.jpg","type":"image\/jpeg"}],"author":"redazione","twitter_card":"summary_large_image","twitter_creator":"@bellunopress","twitter_site":"@bellunopress","twitter_misc":{"\u00c9crit par":"redazione","Dur\u00e9e de lecture estim\u00e9e":"1 minute"},"schema":{"@context":"https:\/\/schema.org","@graph":[{"@type":"Article","@id":"https:\/\/www.bellunopress.it\/2026\/04\/14\/anche-la-uil-veneto-al-presidio-di-venerdi-prossimo-a-belluno-per-la-morte-di-dowh-mukhtar\/#article","isPartOf":{"@id":"https:\/\/www.bellunopress.it\/2026\/04\/14\/anche-la-uil-veneto-al-presidio-di-venerdi-prossimo-a-belluno-per-la-morte-di-dowh-mukhtar\/"},"author":{"name":"redazione","@id":"https:\/\/www.bellunopress.it\/#\/schema\/person\/79bb06722b37ece1c03d3e94beb30d73"},"headline":"Anche la Uil Veneto al presidio di venerd\u00ec prossimo a Belluno per la morte di Dowh Mukhtar","datePublished":"2026-04-14T10:46:30+00:00","dateModified":"2026-04-14T10:51:09+00:00","mainEntityOfPage":{"@id":"https:\/\/www.bellunopress.it\/2026\/04\/14\/anche-la-uil-veneto-al-presidio-di-venerdi-prossimo-a-belluno-per-la-morte-di-dowh-mukhtar\/"},"wordCount":217,"publisher":{"@id":"https:\/\/www.bellunopress.it\/#organization"},"image":{"@id":"https:\/\/www.bellunopress.it\/2026\/04\/14\/anche-la-uil-veneto-al-presidio-di-venerdi-prossimo-a-belluno-per-la-morte-di-dowh-mukhtar\/#primaryimage"},"thumbnailUrl":"https:\/\/www.bellunopress.it\/wp-content\/uploads\/2026\/04\/Sonia-Bridda-Uil-Veneto.jpg","articleSection":["Lavoro, Economia, Turismo","Prima Pagina"],"inLanguage":"fr-FR"},{"@type":"WebPage","@id":"https:\/\/www.bellunopress.it\/2026\/04\/14\/anche-la-uil-veneto-al-presidio-di-venerdi-prossimo-a-belluno-per-la-morte-di-dowh-mukhtar\/","url":"https:\/\/www.bellunopress.it\/2026\/04\/14\/anche-la-uil-veneto-al-presidio-di-venerdi-prossimo-a-belluno-per-la-morte-di-dowh-mukhtar\/","name":"Anche la Uil Veneto al presidio di venerd\u00ec prossimo a Belluno per la morte di Dowh Mukhtar - Bellunopress - Dolomiti","isPartOf":{"@id":"https:\/\/www.bellunopress.it\/#website"},"primaryImageOfPage":{"@id":"https:\/\/www.bellunopress.it\/2026\/04\/14\/anche-la-uil-veneto-al-presidio-di-venerdi-prossimo-a-belluno-per-la-morte-di-dowh-mukhtar\/#primaryimage"},"image":{"@id":"https:\/\/www.bellunopress.it\/2026\/04\/14\/anche-la-uil-veneto-al-presidio-di-venerdi-prossimo-a-belluno-per-la-morte-di-dowh-mukhtar\/#primaryimage"},"thumbnailUrl":"https:\/\/www.bellunopress.it\/wp-content\/uploads\/2026\/04\/Sonia-Bridda-Uil-Veneto.jpg","datePublished":"2026-04-14T10:46:30+00:00","dateModified":"2026-04-14T10:51:09+00:00","breadcrumb":{"@id":"https:\/\/www.bellunopress.it\/2026\/04\/14\/anche-la-uil-veneto-al-presidio-di-venerdi-prossimo-a-belluno-per-la-morte-di-dowh-mukhtar\/#breadcrumb"},"inLanguage":"fr-FR","potentialAction":[{"@type":"ReadAction","target":["https:\/\/www.bellunopress.it\/2026\/04\/14\/anche-la-uil-veneto-al-presidio-di-venerdi-prossimo-a-belluno-per-la-morte-di-dowh-mukhtar\/"]}]},{"@type":"ImageObject","inLanguage":"fr-FR","@id":"https:\/\/www.bellunopress.it\/2026\/04\/14\/anche-la-uil-veneto-al-presidio-di-venerdi-prossimo-a-belluno-per-la-morte-di-dowh-mukhtar\/#primaryimage","url":"https:\/\/www.bellunopress.it\/wp-content\/uploads\/2026\/04\/Sonia-Bridda-Uil-Veneto.jpg","contentUrl":"https:\/\/www.bellunopress.it\/wp-content\/uploads\/2026\/04\/Sonia-Bridda-Uil-Veneto.jpg","width":473,"height":500,"caption":"Sonia Bridda - Uil Veneto"},{"@type":"BreadcrumbList","@id":"https:\/\/www.bellunopress.it\/2026\/04\/14\/anche-la-uil-veneto-al-presidio-di-venerdi-prossimo-a-belluno-per-la-morte-di-dowh-mukhtar\/#breadcrumb","itemListElement":[{"@type":"ListItem","position":1,"name":"Home","item":"https:\/\/www.bellunopress.it\/"},{"@type":"ListItem","position":2,"name":"Anche la Uil Veneto al presidio di venerd\u00ec prossimo a Belluno per la morte di Dowh Mukhtar"}]},{"@type":"WebSite","@id":"https:\/\/www.bellunopress.it\/#website","url":"https:\/\/www.bellunopress.it\/","name":"Bellunopress - Dolomiti","description":"e-mail: redazione@bellunopress.it","publisher":{"@id":"https:\/\/www.bellunopress.it\/#organization"},"potentialAction":[{"@type":"SearchAction","target":{"@type":"EntryPoint","urlTemplate":"https:\/\/www.bellunopress.it\/?s={search_term_string}"},"query-input":{"@type":"PropertyValueSpecification","valueRequired":true,"valueName":"search_term_string"}}],"inLanguage":"fr-FR"},{"@type":"Organization","@id":"https:\/\/www.bellunopress.it\/#organization","name":"Bellunopress","url":"https:\/\/www.bellunopress.it\/","logo":{"@type":"ImageObject","inLanguage":"fr-FR","@id":"https:\/\/www.bellunopress.it\/#\/schema\/logo\/image\/","url":"https:\/\/www.bellunopress.it\/wp-content\/uploads\/2011\/05\/cropped-logo-bellunopress-.jpg","contentUrl":"https:\/\/www.bellunopress.it\/wp-content\/uploads\/2011\/05\/cropped-logo-bellunopress-.jpg","width":512,"height":512,"caption":"Bellunopress"},"image":{"@id":"https:\/\/www.bellunopress.it\/#\/schema\/logo\/image\/"},"sameAs":["https:\/\/www.facebook.com\/profile.php?id=100008943462799","https:\/\/x.com\/bellunopress","https:\/\/www.linkedin.com\/hp\/?dnr=JBzUWaJfMUw8vbXJJ2tVW5-I3jZKvC4wsoxE&amp;amp;amp;amp;amp;amp;trk=nav_responsive_tab_home","https:\/\/www.youtube.com\/channel\/UCxL0wu1uN0_3_7hGG0306cw"]},{"@type":"Person","@id":"https:\/\/www.bellunopress.it\/#\/schema\/person\/79bb06722b37ece1c03d3e94beb30d73","name":"r\u00e9daction","image":{"@type":"ImageObject","inLanguage":"fr-FR","@id":"https:\/\/secure.gravatar.com\/avatar\/37d968a2e67a6fd04c169c4bdef102d0bc5d31b2546345219e348575eb80e9a0?s=96&d=mm&r=g","url":"https:\/\/secure.gravatar.com\/avatar\/37d968a2e67a6fd04c169c4bdef102d0bc5d31b2546345219e348575eb80e9a0?s=96&d=mm&r=g","contentUrl":"https:\/\/secure.gravatar.com\/avatar\/37d968a2e67a6fd04c169c4bdef102d0bc5d31b2546345219e348575eb80e9a0?s=96&d=mm&r=g","caption":"redazione"},"sameAs":["http:\/\/www.bellunopress.it","https:\/\/x.com\/bellunopress"],"url":"https:\/\/www.bellunopress.it\/fr\/author\/redazione\/"}]}},"_links":{"self":[{"href":"https:\/\/www.bellunopress.it\/fr\/wp-json\/wp\/v2\/posts\/169104","targetHints":{"allow":["GET"]}}],"collection":[{"href":"https:\/\/www.bellunopress.it\/fr\/wp-json\/wp\/v2\/posts"}],"about":[{"href":"https:\/\/www.bellunopress.it\/fr\/wp-json\/wp\/v2\/types\/post"}],"author":[{"embeddable":true,"href":"https:\/\/www.bellunopress.it\/fr\/wp-json\/wp\/v2\/users\/2"}],"replies":[{"embeddable":true,"href":"https:\/\/www.bellunopress.it\/fr\/wp-json\/wp\/v2\/comments?post=169104"}],"version-history":[{"count":2,"href":"https:\/\/www.bellunopress.it\/fr\/wp-json\/wp\/v2\/posts\/169104\/revisions"}],"predecessor-version":[{"id":169108,"href":"https:\/\/www.bellunopress.it\/fr\/wp-json\/wp\/v2\/posts\/169104\/revisions\/169108"}],"wp:featuredmedia":[{"embeddable":true,"href":"https:\/\/www.bellunopress.it\/fr\/wp-json\/wp\/v2\/media\/169105"}],"wp:attachment":[{"href":"https:\/\/www.bellunopress.it\/fr\/wp-json\/wp\/v2\/media?parent=169104"}],"wp:term":[{"taxonomy":"category","embeddable":true,"href":"https:\/\/www.bellunopress.it\/fr\/wp-json\/wp\/v2\/categories?post=169104"},{"taxonomy":"post_tag","embeddable":true,"href":"https:\/\/www.bellunopress.it\/fr\/wp-json\/wp\/v2\/tags?post=169104"}],"curies":[{"name":"wp","href":"https:\/\/api.w.org\/{rel}","templated":true}]}}