{"id":169090,"date":"2026-04-14T08:00:14","date_gmt":"2026-04-14T06:00:14","guid":{"rendered":"https:\/\/www.bellunopress.it\/?p=169090"},"modified":"2026-04-14T07:40:15","modified_gmt":"2026-04-14T05:40:15","slug":"romano-madera-a-belluno-quando-il-pensiero-diventa-cura-per-restare-umani","status":"publish","type":"post","link":"https:\/\/www.bellunopress.it\/fr\/2026\/04\/14\/romano-madera-a-belluno-quando-il-pensiero-diventa-cura-per-restare-umani\/","title":{"rendered":"Romano Madera a Belluno: quando il pensiero diventa &#8220;cura&#8221; per restare umani"},"content":{"rendered":"<p><strong>Scuole in Rete: rassegna Incursioni filosofiche in Valbelluna, 2a edizione 2026<\/strong><\/p>\n<p>In un presente spesso dominato dalla &#8220;brutalit\u00e0&#8221; delle cronache e da un senso di smarrimento collettivo, la filosofia torna a farsi bussola e strumento di resistenza civile.<\/p>\n<p>Gioved\u00ec 16 aprile, alle ore 20:30, il Teatro del Centro Giovanni XXIII di Belluno aprir\u00e0 le porte a Romano Madera, uno dei pensatori pi\u00f9 originali e amati del panorama contemporaneo, per il secondo appuntamento della rassegna &#8220;Incursioni Filosofiche in Valbelluna&#8221;.<\/p>\n<p>Giunto alla sua seconda edizione, il ciclo di incontri organizzato dalle &#8220;Scuole in Rete&#8221; \u2013 in memoria del prof. Claudio Comel \u2013 si \u00e8 ormai consolidato come uno spazio di riflessione vitale per la provincia. Il tema di quest&#8217;anno, &#8220;Dalla filosofia la vocazione a essere finalmente umani&#8221;, mira a scuotere le coscienze, portando il pensiero critico fuori dalle accademie per farlo incontrare con le domande brucianti della quotidianit\u00e0. Dopo l&#8217;apertura della rassegna con il successo dell\u2019incontro con il prof. Guido Cusinato, il testimone passa a Madera per esplorare quel territorio di confine dove la logica incontra la vita vissuta.<br \/>\nGi\u00e0 professore ordinario di Filosofia Morale e Pratiche Filosofiche presso l&#8217;Universit\u00e0 Milano-Bicocca, Romano Madera \u00e8 una figura poliedrica: filosofo di formazione ma anche psicoanalista di scuola junghiana. Questa doppia anima gli ha permesso di fondare la Scuola &#8220;Philo&#8221; e la SABOF (Societ\u00e0 di analisi biografica a orientamento filosofico), proponendo un\u2019idea di filosofia come &#8220;stile di vita&#8221; e non solo come dottrina.<\/p>\n<p>Il pubblico di Rai Radio 3 lo conosce bene come voce storica di &#8220;Uomini e Profeti&#8221;, dove da anni dialoga sui temi della spiritualit\u00e0 e del senso dell&#8217;esistere. La sua vasta bibliografia riflette questa urgenza di concretezza: da opere come &#8220;La filosofia come stile di vita&#8221; e &#8220;Il nudo bene&#8221; fino a &#8220;Sconfitta e utopia&#8221; e \u201cUna spiritualit\u00e0 laica. La vocazione ad essere finalmente umani\u201d, Madera traccia un percorso in cui la ricerca di senso laica non esclude l&#8217;apertura al trascendente, ma la integra in un&#8217;etica della cura di s\u00e9 e dell&#8217;altro.<br \/>\nIl tema della serata si inserisce perfettamente nel tema scelto per la rassegna: &#8220;il pensiero che cura&#8221;. Madera suggerir\u00e0 come l&#8217;intreccio tra filosofia e psicanalisi possa risvegliare la nostra vocazione pi\u00f9 profonda. In un mondo che corre verso l\u2019autodistruzione, l&#8217;invito \u00e8 quello di fermarsi per riscoprire una &#8220;ricerca di senso&#8221; che sia, allo stesso tempo, profondamente umana e capace di trascendere l&#8217;egoismo individuale.<\/p>\n<p>L&#8217;iniziativa, che gode del patrocinio dei Comuni di Belluno e Feltre, sostenuta da Unifarco e Fondazione Cariverona nell&#8217;ambito del bando &#8220;Orienta il tuo futuro&#8221;, progetto in sinergia con Gal Prealpi Dolomiti e Fondazione Elserino Piol, conferma il legame profondo tra educazione e territorio. Non a caso, nella mattinata di venerd\u00ec 17, Madera incontrer\u00e0 gli studenti del Liceo Dal Piaz di Feltre, portando tra i giovani quel &#8220;pensiero che cura&#8221; necessario per immaginare il domani.<br \/>\nL&#8217;appuntamento \u00e8 per gioved\u00ec 16 aprile alle 20:30 presso il Centro Giovanni XXIII (Piazza Piloni 1, Belluno). L&#8217;ingresso \u00e8 gratuito, ma data l&#8217;alta affluenza registrata nei precedenti incontri, \u00e8 vivamente consigliata la prenotazione online sul sito ufficiale: www.studentibelluno.it.<br \/>\nLa rassegna si concluder\u00e0 in bellezza il gioved\u00ec successivo con l\u2019incontro con Enzo Bianchi.<\/p>\n<p>Per chi non potr\u00e0 essere presente fisicamente, l&#8217;intera serata sar\u00e0 trasmessa in diretta streaming sul canale YouTube delle &#8220;Scuole in Rete&#8221;, permettendo cos\u00ec a tutta la comunit\u00e0 della provincia (e non solo) di partecipare a questa fondamentale incursione nel pensiero che ci rende umani.<\/p>","protected":false},"excerpt":{"rendered":"<p>Scuole in Rete: rassegna Incursioni filosofiche in Valbelluna, 2a edizione 2026 In un presente spesso dominato dalla &#8220;brutalit\u00e0&#8221; delle cronache e da un senso di smarrimento collettivo, la filosofia torna a farsi bussola e strumento di resistenza civile. Gioved\u00ec 16 aprile, alle ore 20:30, il Teatro del Centro Giovanni XXIII di Belluno aprir\u00e0 le porte [&hellip;]<\/p>\n","protected":false},"author":2,"featured_media":169091,"comment_status":"closed","ping_status":"open","sticky":false,"template":"","format":"standard","meta":{"footnotes":""},"categories":[27,3,25,15],"tags":[],"class_list":["post-169090","post","type-post","status-publish","format-standard","has-post-thumbnail","category-appuntamenti","category-arte-cultura-spettacoli-scienza-archivi","category-pausa-caffe","category-scuola"],"yoast_head":"<!-- This site is optimized with the Yoast SEO plugin v28.4 - https:\/\/yoast.com\/product\/yoast-seo-wordpress\/ -->\n<title>Romano Madera a Belluno: quando il pensiero diventa &quot;cura&quot; per restare umani - Bellunopress - Dolomiti<\/title>\n<meta name=\"robots\" content=\"index, follow, max-snippet:-1, max-image-preview:large, max-video-preview:-1\" \/>\n<link rel=\"canonical\" href=\"https:\/\/www.bellunopress.it\/fr\/2026\/04\/14\/romano-madera-a-belluno-quando-il-pensiero-diventa-cura-per-restare-umani\/\" \/>\n<meta property=\"og:locale\" content=\"fr_FR\" \/>\n<meta property=\"og:type\" content=\"article\" \/>\n<meta property=\"og:title\" content=\"Romano Madera a Belluno: quando il pensiero diventa &quot;cura&quot; per restare umani - Bellunopress - Dolomiti\" \/>\n<meta property=\"og:description\" content=\"Scuole in Rete: rassegna Incursioni filosofiche in Valbelluna, 2a edizione 2026 In un presente spesso dominato dalla &#8220;brutalit\u00e0&#8221; delle cronache e da un senso di smarrimento collettivo, la filosofia torna a farsi bussola e strumento di resistenza civile. Gioved\u00ec 16 aprile, alle ore 20:30, il Teatro del Centro Giovanni XXIII di Belluno aprir\u00e0 le porte [&hellip;]\" \/>\n<meta property=\"og:url\" content=\"https:\/\/www.bellunopress.it\/fr\/2026\/04\/14\/romano-madera-a-belluno-quando-il-pensiero-diventa-cura-per-restare-umani\/\" \/>\n<meta property=\"og:site_name\" content=\"Bellunopress - Dolomiti\" \/>\n<meta property=\"article:publisher\" content=\"https:\/\/www.facebook.com\/profile.php?id=100008943462799\" \/>\n<meta property=\"article:published_time\" content=\"2026-04-14T06:00:14+00:00\" \/>\n<meta property=\"og:image\" content=\"https:\/\/www.bellunopress.it\/wp-content\/uploads\/2026\/04\/Incursioni-filosofiche-in-Valbelluna.jpg\" \/>\n\t<meta property=\"og:image:width\" content=\"458\" \/>\n\t<meta property=\"og:image:height\" content=\"590\" \/>\n\t<meta property=\"og:image:type\" content=\"image\/jpeg\" \/>\n<meta name=\"author\" content=\"redazione\" \/>\n<meta name=\"twitter:card\" content=\"summary_large_image\" \/>\n<meta name=\"twitter:creator\" content=\"@bellunopress\" \/>\n<meta name=\"twitter:site\" content=\"@bellunopress\" \/>\n<meta name=\"twitter:label1\" content=\"\u00c9crit par\" \/>\n\t<meta name=\"twitter:data1\" content=\"redazione\" \/>\n\t<meta name=\"twitter:label2\" content=\"Dur\u00e9e de lecture estim\u00e9e\" \/>\n\t<meta name=\"twitter:data2\" content=\"3 minutes\" \/>\n<script type=\"application\/ld+json\" class=\"yoast-schema-graph\">{\"@context\":\"https:\\\/\\\/schema.org\",\"@graph\":[{\"@type\":\"Article\",\"@id\":\"https:\\\/\\\/www.bellunopress.it\\\/2026\\\/04\\\/14\\\/romano-madera-a-belluno-quando-il-pensiero-diventa-cura-per-restare-umani\\\/#article\",\"isPartOf\":{\"@id\":\"https:\\\/\\\/www.bellunopress.it\\\/2026\\\/04\\\/14\\\/romano-madera-a-belluno-quando-il-pensiero-diventa-cura-per-restare-umani\\\/\"},\"author\":{\"name\":\"redazione\",\"@id\":\"https:\\\/\\\/www.bellunopress.it\\\/#\\\/schema\\\/person\\\/79bb06722b37ece1c03d3e94beb30d73\"},\"headline\":\"Romano Madera a Belluno: quando il pensiero diventa &#8220;cura&#8221; per restare umani\",\"datePublished\":\"2026-04-14T06:00:14+00:00\",\"mainEntityOfPage\":{\"@id\":\"https:\\\/\\\/www.bellunopress.it\\\/2026\\\/04\\\/14\\\/romano-madera-a-belluno-quando-il-pensiero-diventa-cura-per-restare-umani\\\/\"},\"wordCount\":581,\"publisher\":{\"@id\":\"https:\\\/\\\/www.bellunopress.it\\\/#organization\"},\"image\":{\"@id\":\"https:\\\/\\\/www.bellunopress.it\\\/2026\\\/04\\\/14\\\/romano-madera-a-belluno-quando-il-pensiero-diventa-cura-per-restare-umani\\\/#primaryimage\"},\"thumbnailUrl\":\"https:\\\/\\\/www.bellunopress.it\\\/wp-content\\\/uploads\\\/2026\\\/04\\\/Incursioni-filosofiche-in-Valbelluna.jpg\",\"articleSection\":[\"Appuntamenti, Eventi\",\"Arte, Cultura, Spettacoli, Scienza\",\"Pausa Caff\u00e8\",\"Scuola\"],\"inLanguage\":\"fr-FR\"},{\"@type\":\"WebPage\",\"@id\":\"https:\\\/\\\/www.bellunopress.it\\\/2026\\\/04\\\/14\\\/romano-madera-a-belluno-quando-il-pensiero-diventa-cura-per-restare-umani\\\/\",\"url\":\"https:\\\/\\\/www.bellunopress.it\\\/2026\\\/04\\\/14\\\/romano-madera-a-belluno-quando-il-pensiero-diventa-cura-per-restare-umani\\\/\",\"name\":\"Romano Madera a Belluno: quando il pensiero diventa \\\"cura\\\" per restare umani - Bellunopress - Dolomiti\",\"isPartOf\":{\"@id\":\"https:\\\/\\\/www.bellunopress.it\\\/#website\"},\"primaryImageOfPage\":{\"@id\":\"https:\\\/\\\/www.bellunopress.it\\\/2026\\\/04\\\/14\\\/romano-madera-a-belluno-quando-il-pensiero-diventa-cura-per-restare-umani\\\/#primaryimage\"},\"image\":{\"@id\":\"https:\\\/\\\/www.bellunopress.it\\\/2026\\\/04\\\/14\\\/romano-madera-a-belluno-quando-il-pensiero-diventa-cura-per-restare-umani\\\/#primaryimage\"},\"thumbnailUrl\":\"https:\\\/\\\/www.bellunopress.it\\\/wp-content\\\/uploads\\\/2026\\\/04\\\/Incursioni-filosofiche-in-Valbelluna.jpg\",\"datePublished\":\"2026-04-14T06:00:14+00:00\",\"breadcrumb\":{\"@id\":\"https:\\\/\\\/www.bellunopress.it\\\/2026\\\/04\\\/14\\\/romano-madera-a-belluno-quando-il-pensiero-diventa-cura-per-restare-umani\\\/#breadcrumb\"},\"inLanguage\":\"fr-FR\",\"potentialAction\":[{\"@type\":\"ReadAction\",\"target\":[\"https:\\\/\\\/www.bellunopress.it\\\/2026\\\/04\\\/14\\\/romano-madera-a-belluno-quando-il-pensiero-diventa-cura-per-restare-umani\\\/\"]}]},{\"@type\":\"ImageObject\",\"inLanguage\":\"fr-FR\",\"@id\":\"https:\\\/\\\/www.bellunopress.it\\\/2026\\\/04\\\/14\\\/romano-madera-a-belluno-quando-il-pensiero-diventa-cura-per-restare-umani\\\/#primaryimage\",\"url\":\"https:\\\/\\\/www.bellunopress.it\\\/wp-content\\\/uploads\\\/2026\\\/04\\\/Incursioni-filosofiche-in-Valbelluna.jpg\",\"contentUrl\":\"https:\\\/\\\/www.bellunopress.it\\\/wp-content\\\/uploads\\\/2026\\\/04\\\/Incursioni-filosofiche-in-Valbelluna.jpg\",\"width\":458,\"height\":590},{\"@type\":\"BreadcrumbList\",\"@id\":\"https:\\\/\\\/www.bellunopress.it\\\/2026\\\/04\\\/14\\\/romano-madera-a-belluno-quando-il-pensiero-diventa-cura-per-restare-umani\\\/#breadcrumb\",\"itemListElement\":[{\"@type\":\"ListItem\",\"position\":1,\"name\":\"Home\",\"item\":\"https:\\\/\\\/www.bellunopress.it\\\/\"},{\"@type\":\"ListItem\",\"position\":2,\"name\":\"Romano Madera a Belluno: quando il pensiero diventa &#8220;cura&#8221; per restare umani\"}]},{\"@type\":\"WebSite\",\"@id\":\"https:\\\/\\\/www.bellunopress.it\\\/#website\",\"url\":\"https:\\\/\\\/www.bellunopress.it\\\/\",\"name\":\"Bellunopress - Dolomiti\",\"description\":\"e-mail: redazione@bellunopress.it\",\"publisher\":{\"@id\":\"https:\\\/\\\/www.bellunopress.it\\\/#organization\"},\"potentialAction\":[{\"@type\":\"SearchAction\",\"target\":{\"@type\":\"EntryPoint\",\"urlTemplate\":\"https:\\\/\\\/www.bellunopress.it\\\/?s={search_term_string}\"},\"query-input\":{\"@type\":\"PropertyValueSpecification\",\"valueRequired\":true,\"valueName\":\"search_term_string\"}}],\"inLanguage\":\"fr-FR\"},{\"@type\":\"Organization\",\"@id\":\"https:\\\/\\\/www.bellunopress.it\\\/#organization\",\"name\":\"Bellunopress\",\"url\":\"https:\\\/\\\/www.bellunopress.it\\\/\",\"logo\":{\"@type\":\"ImageObject\",\"inLanguage\":\"fr-FR\",\"@id\":\"https:\\\/\\\/www.bellunopress.it\\\/#\\\/schema\\\/logo\\\/image\\\/\",\"url\":\"https:\\\/\\\/www.bellunopress.it\\\/wp-content\\\/uploads\\\/2011\\\/05\\\/cropped-logo-bellunopress-.jpg\",\"contentUrl\":\"https:\\\/\\\/www.bellunopress.it\\\/wp-content\\\/uploads\\\/2011\\\/05\\\/cropped-logo-bellunopress-.jpg\",\"width\":512,\"height\":512,\"caption\":\"Bellunopress\"},\"image\":{\"@id\":\"https:\\\/\\\/www.bellunopress.it\\\/#\\\/schema\\\/logo\\\/image\\\/\"},\"sameAs\":[\"https:\\\/\\\/www.facebook.com\\\/profile.php?id=100008943462799\",\"https:\\\/\\\/x.com\\\/bellunopress\",\"https:\\\/\\\/www.linkedin.com\\\/hp\\\/?dnr=JBzUWaJfMUw8vbXJJ2tVW5-I3jZKvC4wsoxE&amp;amp;amp;amp;amp;amp;trk=nav_responsive_tab_home\",\"https:\\\/\\\/www.youtube.com\\\/channel\\\/UCxL0wu1uN0_3_7hGG0306cw\"]},{\"@type\":\"Person\",\"@id\":\"https:\\\/\\\/www.bellunopress.it\\\/#\\\/schema\\\/person\\\/79bb06722b37ece1c03d3e94beb30d73\",\"name\":\"redazione\",\"image\":{\"@type\":\"ImageObject\",\"inLanguage\":\"fr-FR\",\"@id\":\"https:\\\/\\\/secure.gravatar.com\\\/avatar\\\/37d968a2e67a6fd04c169c4bdef102d0bc5d31b2546345219e348575eb80e9a0?s=96&d=mm&r=g\",\"url\":\"https:\\\/\\\/secure.gravatar.com\\\/avatar\\\/37d968a2e67a6fd04c169c4bdef102d0bc5d31b2546345219e348575eb80e9a0?s=96&d=mm&r=g\",\"contentUrl\":\"https:\\\/\\\/secure.gravatar.com\\\/avatar\\\/37d968a2e67a6fd04c169c4bdef102d0bc5d31b2546345219e348575eb80e9a0?s=96&d=mm&r=g\",\"caption\":\"redazione\"},\"sameAs\":[\"http:\\\/\\\/www.bellunopress.it\",\"https:\\\/\\\/x.com\\\/bellunopress\"],\"url\":\"https:\\\/\\\/www.bellunopress.it\\\/fr\\\/author\\\/redazione\\\/\"}]}<\/script>\n<!-- \/ Yoast SEO plugin. -->","yoast_head_json":{"title":"Romano Madera a Belluno: quando il pensiero diventa \"cura\" per restare umani - Bellunopress - Dolomiti","robots":{"index":"index","follow":"follow","max-snippet":"max-snippet:-1","max-image-preview":"max-image-preview:large","max-video-preview":"max-video-preview:-1"},"canonical":"https:\/\/www.bellunopress.it\/fr\/2026\/04\/14\/romano-madera-a-belluno-quando-il-pensiero-diventa-cura-per-restare-umani\/","og_locale":"fr_FR","og_type":"article","og_title":"Romano Madera a Belluno: quando il pensiero diventa \"cura\" per restare umani - Bellunopress - Dolomiti","og_description":"Scuole in Rete: rassegna Incursioni filosofiche in Valbelluna, 2a edizione 2026 In un presente spesso dominato dalla &#8220;brutalit\u00e0&#8221; delle cronache e da un senso di smarrimento collettivo, la filosofia torna a farsi bussola e strumento di resistenza civile. Gioved\u00ec 16 aprile, alle ore 20:30, il Teatro del Centro Giovanni XXIII di Belluno aprir\u00e0 le porte [&hellip;]","og_url":"https:\/\/www.bellunopress.it\/fr\/2026\/04\/14\/romano-madera-a-belluno-quando-il-pensiero-diventa-cura-per-restare-umani\/","og_site_name":"Bellunopress - Dolomiti","article_publisher":"https:\/\/www.facebook.com\/profile.php?id=100008943462799","article_published_time":"2026-04-14T06:00:14+00:00","og_image":[{"width":458,"height":590,"url":"https:\/\/www.bellunopress.it\/wp-content\/uploads\/2026\/04\/Incursioni-filosofiche-in-Valbelluna.jpg","type":"image\/jpeg"}],"author":"redazione","twitter_card":"summary_large_image","twitter_creator":"@bellunopress","twitter_site":"@bellunopress","twitter_misc":{"\u00c9crit par":"redazione","Dur\u00e9e de lecture estim\u00e9e":"3 minutes"},"schema":{"@context":"https:\/\/schema.org","@graph":[{"@type":"Article","@id":"https:\/\/www.bellunopress.it\/2026\/04\/14\/romano-madera-a-belluno-quando-il-pensiero-diventa-cura-per-restare-umani\/#article","isPartOf":{"@id":"https:\/\/www.bellunopress.it\/2026\/04\/14\/romano-madera-a-belluno-quando-il-pensiero-diventa-cura-per-restare-umani\/"},"author":{"name":"redazione","@id":"https:\/\/www.bellunopress.it\/#\/schema\/person\/79bb06722b37ece1c03d3e94beb30d73"},"headline":"Romano Madera a Belluno: quando il pensiero diventa &#8220;cura&#8221; per restare umani","datePublished":"2026-04-14T06:00:14+00:00","mainEntityOfPage":{"@id":"https:\/\/www.bellunopress.it\/2026\/04\/14\/romano-madera-a-belluno-quando-il-pensiero-diventa-cura-per-restare-umani\/"},"wordCount":581,"publisher":{"@id":"https:\/\/www.bellunopress.it\/#organization"},"image":{"@id":"https:\/\/www.bellunopress.it\/2026\/04\/14\/romano-madera-a-belluno-quando-il-pensiero-diventa-cura-per-restare-umani\/#primaryimage"},"thumbnailUrl":"https:\/\/www.bellunopress.it\/wp-content\/uploads\/2026\/04\/Incursioni-filosofiche-in-Valbelluna.jpg","articleSection":["Appuntamenti, Eventi","Arte, Cultura, Spettacoli, Scienza","Pausa Caff\u00e8","Scuola"],"inLanguage":"fr-FR"},{"@type":"WebPage","@id":"https:\/\/www.bellunopress.it\/2026\/04\/14\/romano-madera-a-belluno-quando-il-pensiero-diventa-cura-per-restare-umani\/","url":"https:\/\/www.bellunopress.it\/2026\/04\/14\/romano-madera-a-belluno-quando-il-pensiero-diventa-cura-per-restare-umani\/","name":"Romano Madera a Belluno: quando il pensiero diventa \"cura\" per restare umani - Bellunopress - Dolomiti","isPartOf":{"@id":"https:\/\/www.bellunopress.it\/#website"},"primaryImageOfPage":{"@id":"https:\/\/www.bellunopress.it\/2026\/04\/14\/romano-madera-a-belluno-quando-il-pensiero-diventa-cura-per-restare-umani\/#primaryimage"},"image":{"@id":"https:\/\/www.bellunopress.it\/2026\/04\/14\/romano-madera-a-belluno-quando-il-pensiero-diventa-cura-per-restare-umani\/#primaryimage"},"thumbnailUrl":"https:\/\/www.bellunopress.it\/wp-content\/uploads\/2026\/04\/Incursioni-filosofiche-in-Valbelluna.jpg","datePublished":"2026-04-14T06:00:14+00:00","breadcrumb":{"@id":"https:\/\/www.bellunopress.it\/2026\/04\/14\/romano-madera-a-belluno-quando-il-pensiero-diventa-cura-per-restare-umani\/#breadcrumb"},"inLanguage":"fr-FR","potentialAction":[{"@type":"ReadAction","target":["https:\/\/www.bellunopress.it\/2026\/04\/14\/romano-madera-a-belluno-quando-il-pensiero-diventa-cura-per-restare-umani\/"]}]},{"@type":"ImageObject","inLanguage":"fr-FR","@id":"https:\/\/www.bellunopress.it\/2026\/04\/14\/romano-madera-a-belluno-quando-il-pensiero-diventa-cura-per-restare-umani\/#primaryimage","url":"https:\/\/www.bellunopress.it\/wp-content\/uploads\/2026\/04\/Incursioni-filosofiche-in-Valbelluna.jpg","contentUrl":"https:\/\/www.bellunopress.it\/wp-content\/uploads\/2026\/04\/Incursioni-filosofiche-in-Valbelluna.jpg","width":458,"height":590},{"@type":"BreadcrumbList","@id":"https:\/\/www.bellunopress.it\/2026\/04\/14\/romano-madera-a-belluno-quando-il-pensiero-diventa-cura-per-restare-umani\/#breadcrumb","itemListElement":[{"@type":"ListItem","position":1,"name":"Home","item":"https:\/\/www.bellunopress.it\/"},{"@type":"ListItem","position":2,"name":"Romano Madera a Belluno: quando il pensiero diventa &#8220;cura&#8221; per restare umani"}]},{"@type":"WebSite","@id":"https:\/\/www.bellunopress.it\/#website","url":"https:\/\/www.bellunopress.it\/","name":"Bellunopress - Dolomiti","description":"e-mail: redazione@bellunopress.it","publisher":{"@id":"https:\/\/www.bellunopress.it\/#organization"},"potentialAction":[{"@type":"SearchAction","target":{"@type":"EntryPoint","urlTemplate":"https:\/\/www.bellunopress.it\/?s={search_term_string}"},"query-input":{"@type":"PropertyValueSpecification","valueRequired":true,"valueName":"search_term_string"}}],"inLanguage":"fr-FR"},{"@type":"Organization","@id":"https:\/\/www.bellunopress.it\/#organization","name":"Bellunopress","url":"https:\/\/www.bellunopress.it\/","logo":{"@type":"ImageObject","inLanguage":"fr-FR","@id":"https:\/\/www.bellunopress.it\/#\/schema\/logo\/image\/","url":"https:\/\/www.bellunopress.it\/wp-content\/uploads\/2011\/05\/cropped-logo-bellunopress-.jpg","contentUrl":"https:\/\/www.bellunopress.it\/wp-content\/uploads\/2011\/05\/cropped-logo-bellunopress-.jpg","width":512,"height":512,"caption":"Bellunopress"},"image":{"@id":"https:\/\/www.bellunopress.it\/#\/schema\/logo\/image\/"},"sameAs":["https:\/\/www.facebook.com\/profile.php?id=100008943462799","https:\/\/x.com\/bellunopress","https:\/\/www.linkedin.com\/hp\/?dnr=JBzUWaJfMUw8vbXJJ2tVW5-I3jZKvC4wsoxE&amp;amp;amp;amp;amp;amp;trk=nav_responsive_tab_home","https:\/\/www.youtube.com\/channel\/UCxL0wu1uN0_3_7hGG0306cw"]},{"@type":"Person","@id":"https:\/\/www.bellunopress.it\/#\/schema\/person\/79bb06722b37ece1c03d3e94beb30d73","name":"r\u00e9daction","image":{"@type":"ImageObject","inLanguage":"fr-FR","@id":"https:\/\/secure.gravatar.com\/avatar\/37d968a2e67a6fd04c169c4bdef102d0bc5d31b2546345219e348575eb80e9a0?s=96&d=mm&r=g","url":"https:\/\/secure.gravatar.com\/avatar\/37d968a2e67a6fd04c169c4bdef102d0bc5d31b2546345219e348575eb80e9a0?s=96&d=mm&r=g","contentUrl":"https:\/\/secure.gravatar.com\/avatar\/37d968a2e67a6fd04c169c4bdef102d0bc5d31b2546345219e348575eb80e9a0?s=96&d=mm&r=g","caption":"redazione"},"sameAs":["http:\/\/www.bellunopress.it","https:\/\/x.com\/bellunopress"],"url":"https:\/\/www.bellunopress.it\/fr\/author\/redazione\/"}]}},"_links":{"self":[{"href":"https:\/\/www.bellunopress.it\/fr\/wp-json\/wp\/v2\/posts\/169090","targetHints":{"allow":["GET"]}}],"collection":[{"href":"https:\/\/www.bellunopress.it\/fr\/wp-json\/wp\/v2\/posts"}],"about":[{"href":"https:\/\/www.bellunopress.it\/fr\/wp-json\/wp\/v2\/types\/post"}],"author":[{"embeddable":true,"href":"https:\/\/www.bellunopress.it\/fr\/wp-json\/wp\/v2\/users\/2"}],"replies":[{"embeddable":true,"href":"https:\/\/www.bellunopress.it\/fr\/wp-json\/wp\/v2\/comments?post=169090"}],"version-history":[{"count":1,"href":"https:\/\/www.bellunopress.it\/fr\/wp-json\/wp\/v2\/posts\/169090\/revisions"}],"predecessor-version":[{"id":169092,"href":"https:\/\/www.bellunopress.it\/fr\/wp-json\/wp\/v2\/posts\/169090\/revisions\/169092"}],"wp:featuredmedia":[{"embeddable":true,"href":"https:\/\/www.bellunopress.it\/fr\/wp-json\/wp\/v2\/media\/169091"}],"wp:attachment":[{"href":"https:\/\/www.bellunopress.it\/fr\/wp-json\/wp\/v2\/media?parent=169090"}],"wp:term":[{"taxonomy":"category","embeddable":true,"href":"https:\/\/www.bellunopress.it\/fr\/wp-json\/wp\/v2\/categories?post=169090"},{"taxonomy":"post_tag","embeddable":true,"href":"https:\/\/www.bellunopress.it\/fr\/wp-json\/wp\/v2\/tags?post=169090"}],"curies":[{"name":"wp","href":"https:\/\/api.w.org\/{rel}","templated":true}]}}