{"id":169074,"date":"2026-04-13T18:58:18","date_gmt":"2026-04-13T16:58:18","guid":{"rendered":"https:\/\/www.bellunopress.it\/?p=169074"},"modified":"2026-04-13T18:58:18","modified_gmt":"2026-04-13T16:58:18","slug":"val-di-zoldo-venezia-viaggio-culturale-a-san-servolo-iscrizioni-entro-il-20-aprile","status":"publish","type":"post","link":"https:\/\/www.bellunopress.it\/fr\/2026\/04\/13\/val-di-zoldo-venezia-viaggio-culturale-a-san-servolo-iscrizioni-entro-il-20-aprile\/","title":{"rendered":"Val di Zoldo &#8211; Venezia. Viaggio culturale a San Servolo. Iscrizioni entro il 20 aprile"},"content":{"rendered":"<p>Ultimi giorni utili per iscriversi al viaggio culturale a San Servolo, promosso da comune di Val di Zoldo e Amici e lettori di Sebastiano Vassalli, a completamento del Percorso paesaggistico-letterario inaugurato in valle l\u2019anno scorso.<\/p>\n<p>Il 26 luglio del 2025, a 10 anni esatti dalla scomparsa dell\u2019autore di Novara, cittadino onorario della Valle di Zoldo, per la pubblicazione nel 1992 di \u2018Marco e Mattio\u2019, il comune ha inaugurato un Percorso che si articola in 10 stele in vetro temperato (pi\u00f9 2 introduttive), recanti altrettante citazioni dal romanzo e che si snoda attraverso alcuni dei luoghi pi\u00f9 significativi descritti nel testo.<\/p>\n<p>Adesso, a coronamento di quella realizzazione, i promotori hanno pensato ad un ulteriore sviluppo del progetto, in continuit\u00e0 con quello: una stele, la dodicesima, sar\u00e0 collocata a San Servolo, cio\u00e8 nell\u2019isola della laguna veneziana, gi\u00e0 sede di un ospedale psichiatrico (uno dei primi d\u2019Europa, e attivo fino al 1978). Perch\u00e9 proprio laggi\u00f9, dopo un tentativo non riuscito di autocrocifiggersi, venne rinchiuso il protagonista della narrazione di Vassalli, Mattio Lovat, che in Val di Zoldo era nato, il 12 settembre 1761. L\u2019archivio dell\u2019isola, che ora non ospita pi\u00f9 un manicomio, ma \u00e8 sede di una prestigiosa istituzione culturale, conserva ancora documenti originali riguardanti Mattio: il certificato di ricovero e il certificato di morte, avvenuta l\u20198 aprile 1806.<\/p>\n<p>La stele di San Servolo verr\u00e0 inaugurata il 15 maggio e verr\u00e0 collocata in un luogo ricco di suggestione: accanto al monumento alla follia, nel giardino dell\u2019isola. L\u2019appuntamento non \u00e8 isolato, ma trover\u00e0 spazio all\u2019interno delle celebazioni per i 20 anni del Museo del manicomio. Alla trasferta in laguna prenderanno parte anche il sindaco di Val di Zoldo Camillo De Pellegrin e una nutrita delegazione di cittadini della valle.<\/p>\n<p>Il programma della giornata (partenza in corriera da Forno alle 7.30, arrivo a San Servolo alle 11) prevede la visita al Museo del Manicomio e alla documentazione relativa a Mattio, guidati da Fiora Gaspari; possibilit\u00e0 di visitare altri luoghi dell\u2019isola; l\u2019intervento centrale della professoressa Cristina Nesi (\u2018Follia o disordine fecondo in alcuni personaggi di Sebastiano Vassalli\u2019), italianista e autrice di una monografia su Vassalli; l\u2019inaugurazione vera e propria, con il direttore di San Servolo, il sindaco di Val di Zoldo, del curatore dell\u2019evento e il saluto della moglie dello scrittore Paola Todeschino Vassalli.<\/p>\n<p>Alla trasferta culturale ci si pu\u00f2 iscrivere ancora per qualche giorno, fino a luned\u00ec 20 aprile, all\u2019ufficio turistico di Pecol (lun-ven 9-12), in biblioteca a Forno (16-19 tranne marted\u00ec sabato e domenica) e all\u2019Universit\u00e0 Adulti\/Anziani (maestra Luisa Serafin).<\/p>","protected":false},"excerpt":{"rendered":"<p>Ultimi giorni utili per iscriversi al viaggio culturale a San Servolo, promosso da comune di Val di Zoldo e Amici e lettori di Sebastiano Vassalli, a completamento del Percorso paesaggistico-letterario inaugurato in valle l\u2019anno scorso. Il 26 luglio del 2025, a 10 anni esatti dalla scomparsa dell\u2019autore di Novara, cittadino onorario della Valle di Zoldo, [&hellip;]<\/p>\n","protected":false},"author":2,"featured_media":139254,"comment_status":"closed","ping_status":"open","sticky":false,"template":"","format":"standard","meta":{"footnotes":""},"categories":[8],"tags":[],"class_list":["post-169074","post","type-post","status-publish","format-standard","has-post-thumbnail","category-societa-istituzioni"],"yoast_head":"<!-- This site is optimized with the Yoast SEO plugin v28.4 - https:\/\/yoast.com\/product\/yoast-seo-wordpress\/ -->\n<title>Val di Zoldo - Venezia. Viaggio culturale a San Servolo. Iscrizioni entro il 20 aprile - Bellunopress - Dolomiti<\/title>\n<meta name=\"robots\" content=\"index, follow, max-snippet:-1, max-image-preview:large, max-video-preview:-1\" \/>\n<link rel=\"canonical\" href=\"https:\/\/www.bellunopress.it\/fr\/2026\/04\/13\/val-di-zoldo-venezia-viaggio-culturale-a-san-servolo-iscrizioni-entro-il-20-aprile\/\" \/>\n<meta property=\"og:locale\" content=\"fr_FR\" \/>\n<meta property=\"og:type\" content=\"article\" \/>\n<meta property=\"og:title\" content=\"Val di Zoldo - Venezia. Viaggio culturale a San Servolo. Iscrizioni entro il 20 aprile - Bellunopress - Dolomiti\" \/>\n<meta property=\"og:description\" content=\"Ultimi giorni utili per iscriversi al viaggio culturale a San Servolo, promosso da comune di Val di Zoldo e Amici e lettori di Sebastiano Vassalli, a completamento del Percorso paesaggistico-letterario inaugurato in valle l\u2019anno scorso. Il 26 luglio del 2025, a 10 anni esatti dalla scomparsa dell\u2019autore di Novara, cittadino onorario della Valle di Zoldo, [&hellip;]\" \/>\n<meta property=\"og:url\" content=\"https:\/\/www.bellunopress.it\/fr\/2026\/04\/13\/val-di-zoldo-venezia-viaggio-culturale-a-san-servolo-iscrizioni-entro-il-20-aprile\/\" \/>\n<meta property=\"og:site_name\" content=\"Bellunopress - Dolomiti\" \/>\n<meta property=\"article:publisher\" content=\"https:\/\/www.facebook.com\/profile.php?id=100008943462799\" \/>\n<meta property=\"article:published_time\" content=\"2026-04-13T16:58:18+00:00\" \/>\n<meta property=\"og:image\" content=\"https:\/\/www.bellunopress.it\/wp-content\/uploads\/2023\/01\/Camillo-De-Pellegrin_edited.jpg\" \/>\n\t<meta property=\"og:image:width\" content=\"219\" \/>\n\t<meta property=\"og:image:height\" content=\"339\" \/>\n\t<meta property=\"og:image:type\" content=\"image\/jpeg\" \/>\n<meta name=\"author\" content=\"redazione\" \/>\n<meta name=\"twitter:card\" content=\"summary_large_image\" \/>\n<meta name=\"twitter:creator\" content=\"@bellunopress\" \/>\n<meta name=\"twitter:site\" content=\"@bellunopress\" \/>\n<meta name=\"twitter:label1\" content=\"\u00c9crit par\" \/>\n\t<meta name=\"twitter:data1\" content=\"redazione\" \/>\n\t<meta name=\"twitter:label2\" content=\"Dur\u00e9e de lecture estim\u00e9e\" \/>\n\t<meta name=\"twitter:data2\" content=\"2 minutes\" \/>\n<script type=\"application\/ld+json\" class=\"yoast-schema-graph\">{\"@context\":\"https:\\\/\\\/schema.org\",\"@graph\":[{\"@type\":\"Article\",\"@id\":\"https:\\\/\\\/www.bellunopress.it\\\/2026\\\/04\\\/13\\\/val-di-zoldo-venezia-viaggio-culturale-a-san-servolo-iscrizioni-entro-il-20-aprile\\\/#article\",\"isPartOf\":{\"@id\":\"https:\\\/\\\/www.bellunopress.it\\\/2026\\\/04\\\/13\\\/val-di-zoldo-venezia-viaggio-culturale-a-san-servolo-iscrizioni-entro-il-20-aprile\\\/\"},\"author\":{\"name\":\"redazione\",\"@id\":\"https:\\\/\\\/www.bellunopress.it\\\/#\\\/schema\\\/person\\\/79bb06722b37ece1c03d3e94beb30d73\"},\"headline\":\"Val di Zoldo &#8211; Venezia. Viaggio culturale a San Servolo. Iscrizioni entro il 20 aprile\",\"datePublished\":\"2026-04-13T16:58:18+00:00\",\"mainEntityOfPage\":{\"@id\":\"https:\\\/\\\/www.bellunopress.it\\\/2026\\\/04\\\/13\\\/val-di-zoldo-venezia-viaggio-culturale-a-san-servolo-iscrizioni-entro-il-20-aprile\\\/\"},\"wordCount\":429,\"publisher\":{\"@id\":\"https:\\\/\\\/www.bellunopress.it\\\/#organization\"},\"image\":{\"@id\":\"https:\\\/\\\/www.bellunopress.it\\\/2026\\\/04\\\/13\\\/val-di-zoldo-venezia-viaggio-culturale-a-san-servolo-iscrizioni-entro-il-20-aprile\\\/#primaryimage\"},\"thumbnailUrl\":\"https:\\\/\\\/www.bellunopress.it\\\/wp-content\\\/uploads\\\/2023\\\/01\\\/Camillo-De-Pellegrin_edited.jpg\",\"articleSection\":[\"Societ\u00e0, Associazioni, Istituzioni\"],\"inLanguage\":\"fr-FR\"},{\"@type\":\"WebPage\",\"@id\":\"https:\\\/\\\/www.bellunopress.it\\\/2026\\\/04\\\/13\\\/val-di-zoldo-venezia-viaggio-culturale-a-san-servolo-iscrizioni-entro-il-20-aprile\\\/\",\"url\":\"https:\\\/\\\/www.bellunopress.it\\\/2026\\\/04\\\/13\\\/val-di-zoldo-venezia-viaggio-culturale-a-san-servolo-iscrizioni-entro-il-20-aprile\\\/\",\"name\":\"Val di Zoldo - Venezia. Viaggio culturale a San Servolo. Iscrizioni entro il 20 aprile - Bellunopress - Dolomiti\",\"isPartOf\":{\"@id\":\"https:\\\/\\\/www.bellunopress.it\\\/#website\"},\"primaryImageOfPage\":{\"@id\":\"https:\\\/\\\/www.bellunopress.it\\\/2026\\\/04\\\/13\\\/val-di-zoldo-venezia-viaggio-culturale-a-san-servolo-iscrizioni-entro-il-20-aprile\\\/#primaryimage\"},\"image\":{\"@id\":\"https:\\\/\\\/www.bellunopress.it\\\/2026\\\/04\\\/13\\\/val-di-zoldo-venezia-viaggio-culturale-a-san-servolo-iscrizioni-entro-il-20-aprile\\\/#primaryimage\"},\"thumbnailUrl\":\"https:\\\/\\\/www.bellunopress.it\\\/wp-content\\\/uploads\\\/2023\\\/01\\\/Camillo-De-Pellegrin_edited.jpg\",\"datePublished\":\"2026-04-13T16:58:18+00:00\",\"breadcrumb\":{\"@id\":\"https:\\\/\\\/www.bellunopress.it\\\/2026\\\/04\\\/13\\\/val-di-zoldo-venezia-viaggio-culturale-a-san-servolo-iscrizioni-entro-il-20-aprile\\\/#breadcrumb\"},\"inLanguage\":\"fr-FR\",\"potentialAction\":[{\"@type\":\"ReadAction\",\"target\":[\"https:\\\/\\\/www.bellunopress.it\\\/2026\\\/04\\\/13\\\/val-di-zoldo-venezia-viaggio-culturale-a-san-servolo-iscrizioni-entro-il-20-aprile\\\/\"]}]},{\"@type\":\"ImageObject\",\"inLanguage\":\"fr-FR\",\"@id\":\"https:\\\/\\\/www.bellunopress.it\\\/2026\\\/04\\\/13\\\/val-di-zoldo-venezia-viaggio-culturale-a-san-servolo-iscrizioni-entro-il-20-aprile\\\/#primaryimage\",\"url\":\"https:\\\/\\\/www.bellunopress.it\\\/wp-content\\\/uploads\\\/2023\\\/01\\\/Camillo-De-Pellegrin_edited.jpg\",\"contentUrl\":\"https:\\\/\\\/www.bellunopress.it\\\/wp-content\\\/uploads\\\/2023\\\/01\\\/Camillo-De-Pellegrin_edited.jpg\",\"width\":219,\"height\":339,\"caption\":\"Camillo De Pellegrin, sindaco di Val di Zoldo\"},{\"@type\":\"BreadcrumbList\",\"@id\":\"https:\\\/\\\/www.bellunopress.it\\\/2026\\\/04\\\/13\\\/val-di-zoldo-venezia-viaggio-culturale-a-san-servolo-iscrizioni-entro-il-20-aprile\\\/#breadcrumb\",\"itemListElement\":[{\"@type\":\"ListItem\",\"position\":1,\"name\":\"Home\",\"item\":\"https:\\\/\\\/www.bellunopress.it\\\/\"},{\"@type\":\"ListItem\",\"position\":2,\"name\":\"Val di Zoldo &#8211; Venezia. Viaggio culturale a San Servolo. Iscrizioni entro il 20 aprile\"}]},{\"@type\":\"WebSite\",\"@id\":\"https:\\\/\\\/www.bellunopress.it\\\/#website\",\"url\":\"https:\\\/\\\/www.bellunopress.it\\\/\",\"name\":\"Bellunopress - Dolomiti\",\"description\":\"e-mail: redazione@bellunopress.it\",\"publisher\":{\"@id\":\"https:\\\/\\\/www.bellunopress.it\\\/#organization\"},\"potentialAction\":[{\"@type\":\"SearchAction\",\"target\":{\"@type\":\"EntryPoint\",\"urlTemplate\":\"https:\\\/\\\/www.bellunopress.it\\\/?s={search_term_string}\"},\"query-input\":{\"@type\":\"PropertyValueSpecification\",\"valueRequired\":true,\"valueName\":\"search_term_string\"}}],\"inLanguage\":\"fr-FR\"},{\"@type\":\"Organization\",\"@id\":\"https:\\\/\\\/www.bellunopress.it\\\/#organization\",\"name\":\"Bellunopress\",\"url\":\"https:\\\/\\\/www.bellunopress.it\\\/\",\"logo\":{\"@type\":\"ImageObject\",\"inLanguage\":\"fr-FR\",\"@id\":\"https:\\\/\\\/www.bellunopress.it\\\/#\\\/schema\\\/logo\\\/image\\\/\",\"url\":\"https:\\\/\\\/www.bellunopress.it\\\/wp-content\\\/uploads\\\/2011\\\/05\\\/cropped-logo-bellunopress-.jpg\",\"contentUrl\":\"https:\\\/\\\/www.bellunopress.it\\\/wp-content\\\/uploads\\\/2011\\\/05\\\/cropped-logo-bellunopress-.jpg\",\"width\":512,\"height\":512,\"caption\":\"Bellunopress\"},\"image\":{\"@id\":\"https:\\\/\\\/www.bellunopress.it\\\/#\\\/schema\\\/logo\\\/image\\\/\"},\"sameAs\":[\"https:\\\/\\\/www.facebook.com\\\/profile.php?id=100008943462799\",\"https:\\\/\\\/x.com\\\/bellunopress\",\"https:\\\/\\\/www.linkedin.com\\\/hp\\\/?dnr=JBzUWaJfMUw8vbXJJ2tVW5-I3jZKvC4wsoxE&amp;amp;amp;amp;amp;amp;trk=nav_responsive_tab_home\",\"https:\\\/\\\/www.youtube.com\\\/channel\\\/UCxL0wu1uN0_3_7hGG0306cw\"]},{\"@type\":\"Person\",\"@id\":\"https:\\\/\\\/www.bellunopress.it\\\/#\\\/schema\\\/person\\\/79bb06722b37ece1c03d3e94beb30d73\",\"name\":\"redazione\",\"image\":{\"@type\":\"ImageObject\",\"inLanguage\":\"fr-FR\",\"@id\":\"https:\\\/\\\/secure.gravatar.com\\\/avatar\\\/37d968a2e67a6fd04c169c4bdef102d0bc5d31b2546345219e348575eb80e9a0?s=96&d=mm&r=g\",\"url\":\"https:\\\/\\\/secure.gravatar.com\\\/avatar\\\/37d968a2e67a6fd04c169c4bdef102d0bc5d31b2546345219e348575eb80e9a0?s=96&d=mm&r=g\",\"contentUrl\":\"https:\\\/\\\/secure.gravatar.com\\\/avatar\\\/37d968a2e67a6fd04c169c4bdef102d0bc5d31b2546345219e348575eb80e9a0?s=96&d=mm&r=g\",\"caption\":\"redazione\"},\"sameAs\":[\"http:\\\/\\\/www.bellunopress.it\",\"https:\\\/\\\/x.com\\\/bellunopress\"],\"url\":\"https:\\\/\\\/www.bellunopress.it\\\/fr\\\/author\\\/redazione\\\/\"}]}<\/script>\n<!-- \/ Yoast SEO plugin. -->","yoast_head_json":{"title":"Val di Zoldo - Venezia. Viaggio culturale a San Servolo. Iscrizioni entro il 20 aprile - Bellunopress - Dolomiti","robots":{"index":"index","follow":"follow","max-snippet":"max-snippet:-1","max-image-preview":"max-image-preview:large","max-video-preview":"max-video-preview:-1"},"canonical":"https:\/\/www.bellunopress.it\/fr\/2026\/04\/13\/val-di-zoldo-venezia-viaggio-culturale-a-san-servolo-iscrizioni-entro-il-20-aprile\/","og_locale":"fr_FR","og_type":"article","og_title":"Val di Zoldo - Venezia. Viaggio culturale a San Servolo. Iscrizioni entro il 20 aprile - Bellunopress - Dolomiti","og_description":"Ultimi giorni utili per iscriversi al viaggio culturale a San Servolo, promosso da comune di Val di Zoldo e Amici e lettori di Sebastiano Vassalli, a completamento del Percorso paesaggistico-letterario inaugurato in valle l\u2019anno scorso. Il 26 luglio del 2025, a 10 anni esatti dalla scomparsa dell\u2019autore di Novara, cittadino onorario della Valle di Zoldo, [&hellip;]","og_url":"https:\/\/www.bellunopress.it\/fr\/2026\/04\/13\/val-di-zoldo-venezia-viaggio-culturale-a-san-servolo-iscrizioni-entro-il-20-aprile\/","og_site_name":"Bellunopress - Dolomiti","article_publisher":"https:\/\/www.facebook.com\/profile.php?id=100008943462799","article_published_time":"2026-04-13T16:58:18+00:00","og_image":[{"width":219,"height":339,"url":"https:\/\/www.bellunopress.it\/wp-content\/uploads\/2023\/01\/Camillo-De-Pellegrin_edited.jpg","type":"image\/jpeg"}],"author":"redazione","twitter_card":"summary_large_image","twitter_creator":"@bellunopress","twitter_site":"@bellunopress","twitter_misc":{"\u00c9crit par":"redazione","Dur\u00e9e de lecture estim\u00e9e":"2 minutes"},"schema":{"@context":"https:\/\/schema.org","@graph":[{"@type":"Article","@id":"https:\/\/www.bellunopress.it\/2026\/04\/13\/val-di-zoldo-venezia-viaggio-culturale-a-san-servolo-iscrizioni-entro-il-20-aprile\/#article","isPartOf":{"@id":"https:\/\/www.bellunopress.it\/2026\/04\/13\/val-di-zoldo-venezia-viaggio-culturale-a-san-servolo-iscrizioni-entro-il-20-aprile\/"},"author":{"name":"redazione","@id":"https:\/\/www.bellunopress.it\/#\/schema\/person\/79bb06722b37ece1c03d3e94beb30d73"},"headline":"Val di Zoldo &#8211; Venezia. Viaggio culturale a San Servolo. Iscrizioni entro il 20 aprile","datePublished":"2026-04-13T16:58:18+00:00","mainEntityOfPage":{"@id":"https:\/\/www.bellunopress.it\/2026\/04\/13\/val-di-zoldo-venezia-viaggio-culturale-a-san-servolo-iscrizioni-entro-il-20-aprile\/"},"wordCount":429,"publisher":{"@id":"https:\/\/www.bellunopress.it\/#organization"},"image":{"@id":"https:\/\/www.bellunopress.it\/2026\/04\/13\/val-di-zoldo-venezia-viaggio-culturale-a-san-servolo-iscrizioni-entro-il-20-aprile\/#primaryimage"},"thumbnailUrl":"https:\/\/www.bellunopress.it\/wp-content\/uploads\/2023\/01\/Camillo-De-Pellegrin_edited.jpg","articleSection":["Societ\u00e0, Associazioni, Istituzioni"],"inLanguage":"fr-FR"},{"@type":"WebPage","@id":"https:\/\/www.bellunopress.it\/2026\/04\/13\/val-di-zoldo-venezia-viaggio-culturale-a-san-servolo-iscrizioni-entro-il-20-aprile\/","url":"https:\/\/www.bellunopress.it\/2026\/04\/13\/val-di-zoldo-venezia-viaggio-culturale-a-san-servolo-iscrizioni-entro-il-20-aprile\/","name":"Val di Zoldo - Venezia. Viaggio culturale a San Servolo. Iscrizioni entro il 20 aprile - Bellunopress - Dolomiti","isPartOf":{"@id":"https:\/\/www.bellunopress.it\/#website"},"primaryImageOfPage":{"@id":"https:\/\/www.bellunopress.it\/2026\/04\/13\/val-di-zoldo-venezia-viaggio-culturale-a-san-servolo-iscrizioni-entro-il-20-aprile\/#primaryimage"},"image":{"@id":"https:\/\/www.bellunopress.it\/2026\/04\/13\/val-di-zoldo-venezia-viaggio-culturale-a-san-servolo-iscrizioni-entro-il-20-aprile\/#primaryimage"},"thumbnailUrl":"https:\/\/www.bellunopress.it\/wp-content\/uploads\/2023\/01\/Camillo-De-Pellegrin_edited.jpg","datePublished":"2026-04-13T16:58:18+00:00","breadcrumb":{"@id":"https:\/\/www.bellunopress.it\/2026\/04\/13\/val-di-zoldo-venezia-viaggio-culturale-a-san-servolo-iscrizioni-entro-il-20-aprile\/#breadcrumb"},"inLanguage":"fr-FR","potentialAction":[{"@type":"ReadAction","target":["https:\/\/www.bellunopress.it\/2026\/04\/13\/val-di-zoldo-venezia-viaggio-culturale-a-san-servolo-iscrizioni-entro-il-20-aprile\/"]}]},{"@type":"ImageObject","inLanguage":"fr-FR","@id":"https:\/\/www.bellunopress.it\/2026\/04\/13\/val-di-zoldo-venezia-viaggio-culturale-a-san-servolo-iscrizioni-entro-il-20-aprile\/#primaryimage","url":"https:\/\/www.bellunopress.it\/wp-content\/uploads\/2023\/01\/Camillo-De-Pellegrin_edited.jpg","contentUrl":"https:\/\/www.bellunopress.it\/wp-content\/uploads\/2023\/01\/Camillo-De-Pellegrin_edited.jpg","width":219,"height":339,"caption":"Camillo De Pellegrin, sindaco di Val di Zoldo"},{"@type":"BreadcrumbList","@id":"https:\/\/www.bellunopress.it\/2026\/04\/13\/val-di-zoldo-venezia-viaggio-culturale-a-san-servolo-iscrizioni-entro-il-20-aprile\/#breadcrumb","itemListElement":[{"@type":"ListItem","position":1,"name":"Home","item":"https:\/\/www.bellunopress.it\/"},{"@type":"ListItem","position":2,"name":"Val di Zoldo &#8211; Venezia. Viaggio culturale a San Servolo. Iscrizioni entro il 20 aprile"}]},{"@type":"WebSite","@id":"https:\/\/www.bellunopress.it\/#website","url":"https:\/\/www.bellunopress.it\/","name":"Bellunopress - Dolomiti","description":"e-mail: redazione@bellunopress.it","publisher":{"@id":"https:\/\/www.bellunopress.it\/#organization"},"potentialAction":[{"@type":"SearchAction","target":{"@type":"EntryPoint","urlTemplate":"https:\/\/www.bellunopress.it\/?s={search_term_string}"},"query-input":{"@type":"PropertyValueSpecification","valueRequired":true,"valueName":"search_term_string"}}],"inLanguage":"fr-FR"},{"@type":"Organization","@id":"https:\/\/www.bellunopress.it\/#organization","name":"Bellunopress","url":"https:\/\/www.bellunopress.it\/","logo":{"@type":"ImageObject","inLanguage":"fr-FR","@id":"https:\/\/www.bellunopress.it\/#\/schema\/logo\/image\/","url":"https:\/\/www.bellunopress.it\/wp-content\/uploads\/2011\/05\/cropped-logo-bellunopress-.jpg","contentUrl":"https:\/\/www.bellunopress.it\/wp-content\/uploads\/2011\/05\/cropped-logo-bellunopress-.jpg","width":512,"height":512,"caption":"Bellunopress"},"image":{"@id":"https:\/\/www.bellunopress.it\/#\/schema\/logo\/image\/"},"sameAs":["https:\/\/www.facebook.com\/profile.php?id=100008943462799","https:\/\/x.com\/bellunopress","https:\/\/www.linkedin.com\/hp\/?dnr=JBzUWaJfMUw8vbXJJ2tVW5-I3jZKvC4wsoxE&amp;amp;amp;amp;amp;amp;trk=nav_responsive_tab_home","https:\/\/www.youtube.com\/channel\/UCxL0wu1uN0_3_7hGG0306cw"]},{"@type":"Person","@id":"https:\/\/www.bellunopress.it\/#\/schema\/person\/79bb06722b37ece1c03d3e94beb30d73","name":"r\u00e9daction","image":{"@type":"ImageObject","inLanguage":"fr-FR","@id":"https:\/\/secure.gravatar.com\/avatar\/37d968a2e67a6fd04c169c4bdef102d0bc5d31b2546345219e348575eb80e9a0?s=96&d=mm&r=g","url":"https:\/\/secure.gravatar.com\/avatar\/37d968a2e67a6fd04c169c4bdef102d0bc5d31b2546345219e348575eb80e9a0?s=96&d=mm&r=g","contentUrl":"https:\/\/secure.gravatar.com\/avatar\/37d968a2e67a6fd04c169c4bdef102d0bc5d31b2546345219e348575eb80e9a0?s=96&d=mm&r=g","caption":"redazione"},"sameAs":["http:\/\/www.bellunopress.it","https:\/\/x.com\/bellunopress"],"url":"https:\/\/www.bellunopress.it\/fr\/author\/redazione\/"}]}},"_links":{"self":[{"href":"https:\/\/www.bellunopress.it\/fr\/wp-json\/wp\/v2\/posts\/169074","targetHints":{"allow":["GET"]}}],"collection":[{"href":"https:\/\/www.bellunopress.it\/fr\/wp-json\/wp\/v2\/posts"}],"about":[{"href":"https:\/\/www.bellunopress.it\/fr\/wp-json\/wp\/v2\/types\/post"}],"author":[{"embeddable":true,"href":"https:\/\/www.bellunopress.it\/fr\/wp-json\/wp\/v2\/users\/2"}],"replies":[{"embeddable":true,"href":"https:\/\/www.bellunopress.it\/fr\/wp-json\/wp\/v2\/comments?post=169074"}],"version-history":[{"count":1,"href":"https:\/\/www.bellunopress.it\/fr\/wp-json\/wp\/v2\/posts\/169074\/revisions"}],"predecessor-version":[{"id":169075,"href":"https:\/\/www.bellunopress.it\/fr\/wp-json\/wp\/v2\/posts\/169074\/revisions\/169075"}],"wp:featuredmedia":[{"embeddable":true,"href":"https:\/\/www.bellunopress.it\/fr\/wp-json\/wp\/v2\/media\/139254"}],"wp:attachment":[{"href":"https:\/\/www.bellunopress.it\/fr\/wp-json\/wp\/v2\/media?parent=169074"}],"wp:term":[{"taxonomy":"category","embeddable":true,"href":"https:\/\/www.bellunopress.it\/fr\/wp-json\/wp\/v2\/categories?post=169074"},{"taxonomy":"post_tag","embeddable":true,"href":"https:\/\/www.bellunopress.it\/fr\/wp-json\/wp\/v2\/tags?post=169074"}],"curies":[{"name":"wp","href":"https:\/\/api.w.org\/{rel}","templated":true}]}}