{"id":169071,"date":"2026-04-13T18:41:32","date_gmt":"2026-04-13T16:41:32","guid":{"rendered":"https:\/\/www.bellunopress.it\/?p=169071"},"modified":"2026-04-13T18:43:34","modified_gmt":"2026-04-13T16:43:34","slug":"il-cordoglio-del-sindacato-per-il-tragico-decesso-del-lavoratore-sudanese-mukhtar-dowh","status":"publish","type":"post","link":"https:\/\/www.bellunopress.it\/fr\/2026\/04\/13\/il-cordoglio-del-sindacato-per-il-tragico-decesso-del-lavoratore-sudanese-mukhtar-dowh\/","title":{"rendered":"Il cordoglio del sindacato per il tragico decesso del lavoratore sudanese Mukhtar Dowh"},"content":{"rendered":"<p>Belluno, 13\/04\/2026 &#8211;\u00a0\u00a0La FILCAMS CGIL BELLUNO e la FISASCAT CISL BELLUNO TREVISO attraverso le parole dei Segretari generali Alberto Chiesura e Patrizia Manca esprimono sgomento e cordoglio per il tragico decesso del lavoratore sudanese Mukhtar Dowh mentre faceva ritorno a casa dopo una notte di lavoro come scaffalista in un supermercato bellunese.<\/p>\n<p>\u201cDai fatti cos\u00ec come prospettati dalla stampa non possiamo che definire questo tragico evento come un infortunio mortale in itinere, l\u2019ennesima morte sul lavoro. Mukhtar lavorava come scaffalista in appalto nei supermercati. Un servizio esternalizzato, con frequenti cambi di appalto e che vede prevalentemente occupati lavoratori stranieri. Lavoro esclusivamente notturno e su cui sono state presentate negli anni anche da parte nostra numerose denunce sulla errata applicazione dei contratti nazionali, che ha portato ad una corretta applicazione. E applicare un contratto piuttosto che un altro, si ripercuote immediatamente sulla busta paga. Il lavoro notturno di per se \u00e8 faticoso ed \u00e8 indispensabile un maggiore controllo sull\u2019utilizzo del lavoro straordinario, sui riposi e su tutto quanto riguarda la tutela della salute e sicurezza dei lavoratori, soprattutto se in appalto\u201d<\/p>\n<p>\u201cQuesto \u00e8 il contesto in cui lavorano gli \u201cinvisibili\u201d: migranti in fuga dalla disperazione di una guerra o di una crisi economica, che cercano di sfamarsi e di sfamare le proprie famiglie all\u2019estero\u201d continuano Chiesura e Manca \u201clavoratori che parlano a fatica l\u2019italiano, ma che sono disposti a tutto pur di lavorare. Si muovono con le biciclette o con i monopattini, di notte, in silenzio, perch\u00e9 i servizi pubblici sono inesistenti e non hanno la possibilit\u00e0 economica di prendere la patente e di acquistare un\u2019auto, attraversando le strade bellunesi, spesso pessime per il manto stradale e per la scarsa luminosit\u00e0 delle carreggiate. Non \u00e8 il primo caso di infortunio per questi lavoratori che viaggiano in bici o monopattino, molti di loro che lavorano anche in altri settori, fanno anche 15\/20 km per andare al lavoro.\u201d<\/p>\n<p>\u201cOccorre fare di pi\u00f9 per questi lavoratori; serve maggiore capacit\u00e0 di integrazione da parte delle Istituzioni e della societ\u00e0. Un lavoratore \u00e8 tale anche quando raggiunge il suo posto di lavoro o torna a casa alla fine del proprio turno\u201d concludono Chiesura e Manca \u201cun lavoratore \u00e8 tale anche quando \u00e8 un migrante, che lavora di notte, che lavora dietro le luci del supermercato e non esce dall\u2019invisibilit\u00e0 solamente perch\u00e9 ha un contratto di lavoro regolare.\u201d<\/p>\n<p>Per queste ragioni verr\u00e0 organizzato un presidio unitario venerd\u00ec 17 aprile 2026 alle ore 11 davanti al centro commerciale Mega alla Veneggia di Belluno.<\/p>\n<p>&nbsp;<\/p>","protected":false},"excerpt":{"rendered":"<p>Belluno, 13\/04\/2026 &#8211;\u00a0\u00a0La FILCAMS CGIL BELLUNO e la FISASCAT CISL BELLUNO TREVISO attraverso le parole dei Segretari generali Alberto Chiesura e Patrizia Manca esprimono sgomento e cordoglio per il tragico decesso del lavoratore sudanese Mukhtar Dowh mentre faceva ritorno a casa dopo una notte di lavoro come scaffalista in un supermercato bellunese. \u201cDai fatti cos\u00ec [&hellip;]<\/p>\n","protected":false},"author":2,"featured_media":112117,"comment_status":"closed","ping_status":"open","sticky":false,"template":"","format":"standard","meta":{"footnotes":""},"categories":[36,26],"tags":[],"class_list":["post-169071","post","type-post","status-publish","format-standard","has-post-thumbnail","category-lavoro-economia","category-prima-pagina"],"yoast_head":"<!-- This site is optimized with the Yoast SEO plugin v28.4 - https:\/\/yoast.com\/product\/yoast-seo-wordpress\/ -->\n<title>Il cordoglio del sindacato per il tragico decesso del lavoratore sudanese Mukhtar Dowh - Bellunopress - Dolomiti<\/title>\n<meta name=\"robots\" content=\"index, follow, max-snippet:-1, max-image-preview:large, max-video-preview:-1\" \/>\n<link rel=\"canonical\" href=\"https:\/\/www.bellunopress.it\/fr\/2026\/04\/13\/il-cordoglio-del-sindacato-per-il-tragico-decesso-del-lavoratore-sudanese-mukhtar-dowh\/\" \/>\n<meta property=\"og:locale\" content=\"fr_FR\" \/>\n<meta property=\"og:type\" content=\"article\" \/>\n<meta property=\"og:title\" content=\"Il cordoglio del sindacato per il tragico decesso del lavoratore sudanese Mukhtar Dowh - Bellunopress - Dolomiti\" \/>\n<meta property=\"og:description\" content=\"Belluno, 13\/04\/2026 &#8211;\u00a0\u00a0La FILCAMS CGIL BELLUNO e la FISASCAT CISL BELLUNO TREVISO attraverso le parole dei Segretari generali Alberto Chiesura e Patrizia Manca esprimono sgomento e cordoglio per il tragico decesso del lavoratore sudanese Mukhtar Dowh mentre faceva ritorno a casa dopo una notte di lavoro come scaffalista in un supermercato bellunese. \u201cDai fatti cos\u00ec [&hellip;]\" \/>\n<meta property=\"og:url\" content=\"https:\/\/www.bellunopress.it\/fr\/2026\/04\/13\/il-cordoglio-del-sindacato-per-il-tragico-decesso-del-lavoratore-sudanese-mukhtar-dowh\/\" \/>\n<meta property=\"og:site_name\" content=\"Bellunopress - Dolomiti\" \/>\n<meta property=\"article:publisher\" content=\"https:\/\/www.facebook.com\/profile.php?id=100008943462799\" \/>\n<meta property=\"article:published_time\" content=\"2026-04-13T16:41:32+00:00\" \/>\n<meta property=\"article:modified_time\" content=\"2026-04-13T16:43:34+00:00\" \/>\n<meta property=\"og:image\" content=\"https:\/\/www.bellunopress.it\/wp-content\/uploads\/2020\/02\/Alberto-Chiesura-Cgil.jpg\" \/>\n\t<meta property=\"og:image:width\" content=\"720\" \/>\n\t<meta property=\"og:image:height\" content=\"900\" \/>\n\t<meta property=\"og:image:type\" content=\"image\/jpeg\" \/>\n<meta name=\"author\" content=\"redazione\" \/>\n<meta name=\"twitter:card\" content=\"summary_large_image\" \/>\n<meta name=\"twitter:creator\" content=\"@bellunopress\" \/>\n<meta name=\"twitter:site\" content=\"@bellunopress\" \/>\n<meta name=\"twitter:label1\" content=\"\u00c9crit par\" \/>\n\t<meta name=\"twitter:data1\" content=\"redazione\" \/>\n\t<meta name=\"twitter:label2\" content=\"Dur\u00e9e de lecture estim\u00e9e\" \/>\n\t<meta name=\"twitter:data2\" content=\"2 minutes\" \/>\n<script type=\"application\/ld+json\" class=\"yoast-schema-graph\">{\"@context\":\"https:\\\/\\\/schema.org\",\"@graph\":[{\"@type\":\"Article\",\"@id\":\"https:\\\/\\\/www.bellunopress.it\\\/2026\\\/04\\\/13\\\/il-cordoglio-del-sindacato-per-il-tragico-decesso-del-lavoratore-sudanese-mukhtar-dowh\\\/#article\",\"isPartOf\":{\"@id\":\"https:\\\/\\\/www.bellunopress.it\\\/2026\\\/04\\\/13\\\/il-cordoglio-del-sindacato-per-il-tragico-decesso-del-lavoratore-sudanese-mukhtar-dowh\\\/\"},\"author\":{\"name\":\"redazione\",\"@id\":\"https:\\\/\\\/www.bellunopress.it\\\/#\\\/schema\\\/person\\\/79bb06722b37ece1c03d3e94beb30d73\"},\"headline\":\"Il cordoglio del sindacato per il tragico decesso del lavoratore sudanese Mukhtar Dowh\",\"datePublished\":\"2026-04-13T16:41:32+00:00\",\"dateModified\":\"2026-04-13T16:43:34+00:00\",\"mainEntityOfPage\":{\"@id\":\"https:\\\/\\\/www.bellunopress.it\\\/2026\\\/04\\\/13\\\/il-cordoglio-del-sindacato-per-il-tragico-decesso-del-lavoratore-sudanese-mukhtar-dowh\\\/\"},\"wordCount\":424,\"publisher\":{\"@id\":\"https:\\\/\\\/www.bellunopress.it\\\/#organization\"},\"image\":{\"@id\":\"https:\\\/\\\/www.bellunopress.it\\\/2026\\\/04\\\/13\\\/il-cordoglio-del-sindacato-per-il-tragico-decesso-del-lavoratore-sudanese-mukhtar-dowh\\\/#primaryimage\"},\"thumbnailUrl\":\"https:\\\/\\\/www.bellunopress.it\\\/wp-content\\\/uploads\\\/2020\\\/02\\\/Alberto-Chiesura-Cgil.jpg\",\"articleSection\":[\"Lavoro, Economia, Turismo\",\"Prima Pagina\"],\"inLanguage\":\"fr-FR\"},{\"@type\":\"WebPage\",\"@id\":\"https:\\\/\\\/www.bellunopress.it\\\/2026\\\/04\\\/13\\\/il-cordoglio-del-sindacato-per-il-tragico-decesso-del-lavoratore-sudanese-mukhtar-dowh\\\/\",\"url\":\"https:\\\/\\\/www.bellunopress.it\\\/2026\\\/04\\\/13\\\/il-cordoglio-del-sindacato-per-il-tragico-decesso-del-lavoratore-sudanese-mukhtar-dowh\\\/\",\"name\":\"Il cordoglio del sindacato per il tragico decesso del lavoratore sudanese Mukhtar Dowh - Bellunopress - Dolomiti\",\"isPartOf\":{\"@id\":\"https:\\\/\\\/www.bellunopress.it\\\/#website\"},\"primaryImageOfPage\":{\"@id\":\"https:\\\/\\\/www.bellunopress.it\\\/2026\\\/04\\\/13\\\/il-cordoglio-del-sindacato-per-il-tragico-decesso-del-lavoratore-sudanese-mukhtar-dowh\\\/#primaryimage\"},\"image\":{\"@id\":\"https:\\\/\\\/www.bellunopress.it\\\/2026\\\/04\\\/13\\\/il-cordoglio-del-sindacato-per-il-tragico-decesso-del-lavoratore-sudanese-mukhtar-dowh\\\/#primaryimage\"},\"thumbnailUrl\":\"https:\\\/\\\/www.bellunopress.it\\\/wp-content\\\/uploads\\\/2020\\\/02\\\/Alberto-Chiesura-Cgil.jpg\",\"datePublished\":\"2026-04-13T16:41:32+00:00\",\"dateModified\":\"2026-04-13T16:43:34+00:00\",\"breadcrumb\":{\"@id\":\"https:\\\/\\\/www.bellunopress.it\\\/2026\\\/04\\\/13\\\/il-cordoglio-del-sindacato-per-il-tragico-decesso-del-lavoratore-sudanese-mukhtar-dowh\\\/#breadcrumb\"},\"inLanguage\":\"fr-FR\",\"potentialAction\":[{\"@type\":\"ReadAction\",\"target\":[\"https:\\\/\\\/www.bellunopress.it\\\/2026\\\/04\\\/13\\\/il-cordoglio-del-sindacato-per-il-tragico-decesso-del-lavoratore-sudanese-mukhtar-dowh\\\/\"]}]},{\"@type\":\"ImageObject\",\"inLanguage\":\"fr-FR\",\"@id\":\"https:\\\/\\\/www.bellunopress.it\\\/2026\\\/04\\\/13\\\/il-cordoglio-del-sindacato-per-il-tragico-decesso-del-lavoratore-sudanese-mukhtar-dowh\\\/#primaryimage\",\"url\":\"https:\\\/\\\/www.bellunopress.it\\\/wp-content\\\/uploads\\\/2020\\\/02\\\/Alberto-Chiesura-Cgil.jpg\",\"contentUrl\":\"https:\\\/\\\/www.bellunopress.it\\\/wp-content\\\/uploads\\\/2020\\\/02\\\/Alberto-Chiesura-Cgil.jpg\",\"width\":720,\"height\":900,\"caption\":\"Alberto Chiesura - Segretario generale Filcams Cgil Belluno\"},{\"@type\":\"BreadcrumbList\",\"@id\":\"https:\\\/\\\/www.bellunopress.it\\\/2026\\\/04\\\/13\\\/il-cordoglio-del-sindacato-per-il-tragico-decesso-del-lavoratore-sudanese-mukhtar-dowh\\\/#breadcrumb\",\"itemListElement\":[{\"@type\":\"ListItem\",\"position\":1,\"name\":\"Home\",\"item\":\"https:\\\/\\\/www.bellunopress.it\\\/\"},{\"@type\":\"ListItem\",\"position\":2,\"name\":\"Il cordoglio del sindacato per il tragico decesso del lavoratore sudanese Mukhtar Dowh\"}]},{\"@type\":\"WebSite\",\"@id\":\"https:\\\/\\\/www.bellunopress.it\\\/#website\",\"url\":\"https:\\\/\\\/www.bellunopress.it\\\/\",\"name\":\"Bellunopress - Dolomiti\",\"description\":\"e-mail: redazione@bellunopress.it\",\"publisher\":{\"@id\":\"https:\\\/\\\/www.bellunopress.it\\\/#organization\"},\"potentialAction\":[{\"@type\":\"SearchAction\",\"target\":{\"@type\":\"EntryPoint\",\"urlTemplate\":\"https:\\\/\\\/www.bellunopress.it\\\/?s={search_term_string}\"},\"query-input\":{\"@type\":\"PropertyValueSpecification\",\"valueRequired\":true,\"valueName\":\"search_term_string\"}}],\"inLanguage\":\"fr-FR\"},{\"@type\":\"Organization\",\"@id\":\"https:\\\/\\\/www.bellunopress.it\\\/#organization\",\"name\":\"Bellunopress\",\"url\":\"https:\\\/\\\/www.bellunopress.it\\\/\",\"logo\":{\"@type\":\"ImageObject\",\"inLanguage\":\"fr-FR\",\"@id\":\"https:\\\/\\\/www.bellunopress.it\\\/#\\\/schema\\\/logo\\\/image\\\/\",\"url\":\"https:\\\/\\\/www.bellunopress.it\\\/wp-content\\\/uploads\\\/2011\\\/05\\\/cropped-logo-bellunopress-.jpg\",\"contentUrl\":\"https:\\\/\\\/www.bellunopress.it\\\/wp-content\\\/uploads\\\/2011\\\/05\\\/cropped-logo-bellunopress-.jpg\",\"width\":512,\"height\":512,\"caption\":\"Bellunopress\"},\"image\":{\"@id\":\"https:\\\/\\\/www.bellunopress.it\\\/#\\\/schema\\\/logo\\\/image\\\/\"},\"sameAs\":[\"https:\\\/\\\/www.facebook.com\\\/profile.php?id=100008943462799\",\"https:\\\/\\\/x.com\\\/bellunopress\",\"https:\\\/\\\/www.linkedin.com\\\/hp\\\/?dnr=JBzUWaJfMUw8vbXJJ2tVW5-I3jZKvC4wsoxE&amp;amp;amp;amp;amp;amp;trk=nav_responsive_tab_home\",\"https:\\\/\\\/www.youtube.com\\\/channel\\\/UCxL0wu1uN0_3_7hGG0306cw\"]},{\"@type\":\"Person\",\"@id\":\"https:\\\/\\\/www.bellunopress.it\\\/#\\\/schema\\\/person\\\/79bb06722b37ece1c03d3e94beb30d73\",\"name\":\"redazione\",\"image\":{\"@type\":\"ImageObject\",\"inLanguage\":\"fr-FR\",\"@id\":\"https:\\\/\\\/secure.gravatar.com\\\/avatar\\\/37d968a2e67a6fd04c169c4bdef102d0bc5d31b2546345219e348575eb80e9a0?s=96&d=mm&r=g\",\"url\":\"https:\\\/\\\/secure.gravatar.com\\\/avatar\\\/37d968a2e67a6fd04c169c4bdef102d0bc5d31b2546345219e348575eb80e9a0?s=96&d=mm&r=g\",\"contentUrl\":\"https:\\\/\\\/secure.gravatar.com\\\/avatar\\\/37d968a2e67a6fd04c169c4bdef102d0bc5d31b2546345219e348575eb80e9a0?s=96&d=mm&r=g\",\"caption\":\"redazione\"},\"sameAs\":[\"http:\\\/\\\/www.bellunopress.it\",\"https:\\\/\\\/x.com\\\/bellunopress\"],\"url\":\"https:\\\/\\\/www.bellunopress.it\\\/fr\\\/author\\\/redazione\\\/\"}]}<\/script>\n<!-- \/ Yoast SEO plugin. -->","yoast_head_json":{"title":"Il cordoglio del sindacato per il tragico decesso del lavoratore sudanese Mukhtar Dowh - Bellunopress - Dolomiti","robots":{"index":"index","follow":"follow","max-snippet":"max-snippet:-1","max-image-preview":"max-image-preview:large","max-video-preview":"max-video-preview:-1"},"canonical":"https:\/\/www.bellunopress.it\/fr\/2026\/04\/13\/il-cordoglio-del-sindacato-per-il-tragico-decesso-del-lavoratore-sudanese-mukhtar-dowh\/","og_locale":"fr_FR","og_type":"article","og_title":"Il cordoglio del sindacato per il tragico decesso del lavoratore sudanese Mukhtar Dowh - Bellunopress - Dolomiti","og_description":"Belluno, 13\/04\/2026 &#8211;\u00a0\u00a0La FILCAMS CGIL BELLUNO e la FISASCAT CISL BELLUNO TREVISO attraverso le parole dei Segretari generali Alberto Chiesura e Patrizia Manca esprimono sgomento e cordoglio per il tragico decesso del lavoratore sudanese Mukhtar Dowh mentre faceva ritorno a casa dopo una notte di lavoro come scaffalista in un supermercato bellunese. \u201cDai fatti cos\u00ec [&hellip;]","og_url":"https:\/\/www.bellunopress.it\/fr\/2026\/04\/13\/il-cordoglio-del-sindacato-per-il-tragico-decesso-del-lavoratore-sudanese-mukhtar-dowh\/","og_site_name":"Bellunopress - Dolomiti","article_publisher":"https:\/\/www.facebook.com\/profile.php?id=100008943462799","article_published_time":"2026-04-13T16:41:32+00:00","article_modified_time":"2026-04-13T16:43:34+00:00","og_image":[{"width":720,"height":900,"url":"https:\/\/www.bellunopress.it\/wp-content\/uploads\/2020\/02\/Alberto-Chiesura-Cgil.jpg","type":"image\/jpeg"}],"author":"redazione","twitter_card":"summary_large_image","twitter_creator":"@bellunopress","twitter_site":"@bellunopress","twitter_misc":{"\u00c9crit par":"redazione","Dur\u00e9e de lecture estim\u00e9e":"2 minutes"},"schema":{"@context":"https:\/\/schema.org","@graph":[{"@type":"Article","@id":"https:\/\/www.bellunopress.it\/2026\/04\/13\/il-cordoglio-del-sindacato-per-il-tragico-decesso-del-lavoratore-sudanese-mukhtar-dowh\/#article","isPartOf":{"@id":"https:\/\/www.bellunopress.it\/2026\/04\/13\/il-cordoglio-del-sindacato-per-il-tragico-decesso-del-lavoratore-sudanese-mukhtar-dowh\/"},"author":{"name":"redazione","@id":"https:\/\/www.bellunopress.it\/#\/schema\/person\/79bb06722b37ece1c03d3e94beb30d73"},"headline":"Il cordoglio del sindacato per il tragico decesso del lavoratore sudanese Mukhtar Dowh","datePublished":"2026-04-13T16:41:32+00:00","dateModified":"2026-04-13T16:43:34+00:00","mainEntityOfPage":{"@id":"https:\/\/www.bellunopress.it\/2026\/04\/13\/il-cordoglio-del-sindacato-per-il-tragico-decesso-del-lavoratore-sudanese-mukhtar-dowh\/"},"wordCount":424,"publisher":{"@id":"https:\/\/www.bellunopress.it\/#organization"},"image":{"@id":"https:\/\/www.bellunopress.it\/2026\/04\/13\/il-cordoglio-del-sindacato-per-il-tragico-decesso-del-lavoratore-sudanese-mukhtar-dowh\/#primaryimage"},"thumbnailUrl":"https:\/\/www.bellunopress.it\/wp-content\/uploads\/2020\/02\/Alberto-Chiesura-Cgil.jpg","articleSection":["Lavoro, Economia, Turismo","Prima Pagina"],"inLanguage":"fr-FR"},{"@type":"WebPage","@id":"https:\/\/www.bellunopress.it\/2026\/04\/13\/il-cordoglio-del-sindacato-per-il-tragico-decesso-del-lavoratore-sudanese-mukhtar-dowh\/","url":"https:\/\/www.bellunopress.it\/2026\/04\/13\/il-cordoglio-del-sindacato-per-il-tragico-decesso-del-lavoratore-sudanese-mukhtar-dowh\/","name":"Il cordoglio del sindacato per il tragico decesso del lavoratore sudanese Mukhtar Dowh - Bellunopress - Dolomiti","isPartOf":{"@id":"https:\/\/www.bellunopress.it\/#website"},"primaryImageOfPage":{"@id":"https:\/\/www.bellunopress.it\/2026\/04\/13\/il-cordoglio-del-sindacato-per-il-tragico-decesso-del-lavoratore-sudanese-mukhtar-dowh\/#primaryimage"},"image":{"@id":"https:\/\/www.bellunopress.it\/2026\/04\/13\/il-cordoglio-del-sindacato-per-il-tragico-decesso-del-lavoratore-sudanese-mukhtar-dowh\/#primaryimage"},"thumbnailUrl":"https:\/\/www.bellunopress.it\/wp-content\/uploads\/2020\/02\/Alberto-Chiesura-Cgil.jpg","datePublished":"2026-04-13T16:41:32+00:00","dateModified":"2026-04-13T16:43:34+00:00","breadcrumb":{"@id":"https:\/\/www.bellunopress.it\/2026\/04\/13\/il-cordoglio-del-sindacato-per-il-tragico-decesso-del-lavoratore-sudanese-mukhtar-dowh\/#breadcrumb"},"inLanguage":"fr-FR","potentialAction":[{"@type":"ReadAction","target":["https:\/\/www.bellunopress.it\/2026\/04\/13\/il-cordoglio-del-sindacato-per-il-tragico-decesso-del-lavoratore-sudanese-mukhtar-dowh\/"]}]},{"@type":"ImageObject","inLanguage":"fr-FR","@id":"https:\/\/www.bellunopress.it\/2026\/04\/13\/il-cordoglio-del-sindacato-per-il-tragico-decesso-del-lavoratore-sudanese-mukhtar-dowh\/#primaryimage","url":"https:\/\/www.bellunopress.it\/wp-content\/uploads\/2020\/02\/Alberto-Chiesura-Cgil.jpg","contentUrl":"https:\/\/www.bellunopress.it\/wp-content\/uploads\/2020\/02\/Alberto-Chiesura-Cgil.jpg","width":720,"height":900,"caption":"Alberto Chiesura - Segretario generale Filcams Cgil Belluno"},{"@type":"BreadcrumbList","@id":"https:\/\/www.bellunopress.it\/2026\/04\/13\/il-cordoglio-del-sindacato-per-il-tragico-decesso-del-lavoratore-sudanese-mukhtar-dowh\/#breadcrumb","itemListElement":[{"@type":"ListItem","position":1,"name":"Home","item":"https:\/\/www.bellunopress.it\/"},{"@type":"ListItem","position":2,"name":"Il cordoglio del sindacato per il tragico decesso del lavoratore sudanese Mukhtar Dowh"}]},{"@type":"WebSite","@id":"https:\/\/www.bellunopress.it\/#website","url":"https:\/\/www.bellunopress.it\/","name":"Bellunopress - Dolomiti","description":"e-mail: redazione@bellunopress.it","publisher":{"@id":"https:\/\/www.bellunopress.it\/#organization"},"potentialAction":[{"@type":"SearchAction","target":{"@type":"EntryPoint","urlTemplate":"https:\/\/www.bellunopress.it\/?s={search_term_string}"},"query-input":{"@type":"PropertyValueSpecification","valueRequired":true,"valueName":"search_term_string"}}],"inLanguage":"fr-FR"},{"@type":"Organization","@id":"https:\/\/www.bellunopress.it\/#organization","name":"Bellunopress","url":"https:\/\/www.bellunopress.it\/","logo":{"@type":"ImageObject","inLanguage":"fr-FR","@id":"https:\/\/www.bellunopress.it\/#\/schema\/logo\/image\/","url":"https:\/\/www.bellunopress.it\/wp-content\/uploads\/2011\/05\/cropped-logo-bellunopress-.jpg","contentUrl":"https:\/\/www.bellunopress.it\/wp-content\/uploads\/2011\/05\/cropped-logo-bellunopress-.jpg","width":512,"height":512,"caption":"Bellunopress"},"image":{"@id":"https:\/\/www.bellunopress.it\/#\/schema\/logo\/image\/"},"sameAs":["https:\/\/www.facebook.com\/profile.php?id=100008943462799","https:\/\/x.com\/bellunopress","https:\/\/www.linkedin.com\/hp\/?dnr=JBzUWaJfMUw8vbXJJ2tVW5-I3jZKvC4wsoxE&amp;amp;amp;amp;amp;amp;trk=nav_responsive_tab_home","https:\/\/www.youtube.com\/channel\/UCxL0wu1uN0_3_7hGG0306cw"]},{"@type":"Person","@id":"https:\/\/www.bellunopress.it\/#\/schema\/person\/79bb06722b37ece1c03d3e94beb30d73","name":"r\u00e9daction","image":{"@type":"ImageObject","inLanguage":"fr-FR","@id":"https:\/\/secure.gravatar.com\/avatar\/37d968a2e67a6fd04c169c4bdef102d0bc5d31b2546345219e348575eb80e9a0?s=96&d=mm&r=g","url":"https:\/\/secure.gravatar.com\/avatar\/37d968a2e67a6fd04c169c4bdef102d0bc5d31b2546345219e348575eb80e9a0?s=96&d=mm&r=g","contentUrl":"https:\/\/secure.gravatar.com\/avatar\/37d968a2e67a6fd04c169c4bdef102d0bc5d31b2546345219e348575eb80e9a0?s=96&d=mm&r=g","caption":"redazione"},"sameAs":["http:\/\/www.bellunopress.it","https:\/\/x.com\/bellunopress"],"url":"https:\/\/www.bellunopress.it\/fr\/author\/redazione\/"}]}},"_links":{"self":[{"href":"https:\/\/www.bellunopress.it\/fr\/wp-json\/wp\/v2\/posts\/169071","targetHints":{"allow":["GET"]}}],"collection":[{"href":"https:\/\/www.bellunopress.it\/fr\/wp-json\/wp\/v2\/posts"}],"about":[{"href":"https:\/\/www.bellunopress.it\/fr\/wp-json\/wp\/v2\/types\/post"}],"author":[{"embeddable":true,"href":"https:\/\/www.bellunopress.it\/fr\/wp-json\/wp\/v2\/users\/2"}],"replies":[{"embeddable":true,"href":"https:\/\/www.bellunopress.it\/fr\/wp-json\/wp\/v2\/comments?post=169071"}],"version-history":[{"count":2,"href":"https:\/\/www.bellunopress.it\/fr\/wp-json\/wp\/v2\/posts\/169071\/revisions"}],"predecessor-version":[{"id":169073,"href":"https:\/\/www.bellunopress.it\/fr\/wp-json\/wp\/v2\/posts\/169071\/revisions\/169073"}],"wp:featuredmedia":[{"embeddable":true,"href":"https:\/\/www.bellunopress.it\/fr\/wp-json\/wp\/v2\/media\/112117"}],"wp:attachment":[{"href":"https:\/\/www.bellunopress.it\/fr\/wp-json\/wp\/v2\/media?parent=169071"}],"wp:term":[{"taxonomy":"category","embeddable":true,"href":"https:\/\/www.bellunopress.it\/fr\/wp-json\/wp\/v2\/categories?post=169071"},{"taxonomy":"post_tag","embeddable":true,"href":"https:\/\/www.bellunopress.it\/fr\/wp-json\/wp\/v2\/tags?post=169071"}],"curies":[{"name":"wp","href":"https:\/\/api.w.org\/{rel}","templated":true}]}}