{"id":169069,"date":"2026-04-13T18:36:15","date_gmt":"2026-04-13T16:36:15","guid":{"rendered":"https:\/\/www.bellunopress.it\/?p=169069"},"modified":"2026-04-13T18:36:15","modified_gmt":"2026-04-13T16:36:15","slug":"unione-montana-val-belluna-approvato-il-rendiconto-2025-un-anno-di-crescita-servizi-e-solidita-finanziaria","status":"publish","type":"post","link":"https:\/\/www.bellunopress.it\/fr\/2026\/04\/13\/unione-montana-val-belluna-approvato-il-rendiconto-2025-un-anno-di-crescita-servizi-e-solidita-finanziaria\/","title":{"rendered":"Unione Montana Val Belluna: approvato il rendiconto 2025, un anno di crescita, servizi e solidit\u00e0 finanziaria"},"content":{"rendered":"<p>L&#8217;approvazione del rendiconto dell&#8217;esercizio 2025, avvenuta nella seduta consiliare di venerd\u00ec sera a Sospirolo, ha rappresentato un momento significativo per l&#8217;Unione Montana Val Belluna, che conferma la propria capacit\u00e0 di essere un Ente efficiente, vicino ai propri Comuni e in grado di garantire servizi essenziali di qualit\u00e0, con una gestione finanziaria solida e responsabile. Il 2025 \u00e8 stato un anno di intenso lavoro, caratterizzato da un ulteriore rafforzamento dei servizi associati e da una crescente collaborazione con i Comuni del territorio.<\/p>\n<p>L&#8217;Unione Montana Val Belluna presenta una struttura amministrativa molto snella, composta da circa una decina di figure tra tecnici e amministrativi, tra cui due Responsabili e il Segretario, e da una squadra di maestranze operaie formata da 17 dipendenti fissi e tre stagionali.<\/p>\n<p>L&#8217;Ente svolge la propria attivit\u00e0 prevalentemente a favore dei quattro Comuni dell&#8217;ambito (Sedico, Sospirolo, Borgo Valbelluna e Limana), ma negli ultimi anni ha fortemente implementato anche i servizi rivolti ad altri Comuni esterni.<\/p>\n<p>&nbsp;<\/p>\n<p><strong>Positivo il bilancio 2025 tracciato dal Presidente Stefano Cesa<\/strong><\/p>\n<p>Le entrate correnti ammontano a 2.353.485,98 \u20ac, di cui 425.320 \u20ac derivanti da contributi di amministrazioni pubbliche (Regione del Veneto, il Consorzio BIM Piave e altri enti). Le attivit\u00e0 di manutenzione del territorio svolte dalle squadre operaie dell&#8217;Ente nei quattro Comuni dell&#8217;Unione Montana contribuiscono con un&#8217;entrata corrente pari a 811.000 \u20ac.<\/p>\n<p>Un contributo significativo proviene dal servizio di gestione cimiteriale, svolto dalle qualificate maestranze dell&#8217;Unione Montana nei quattro Comuni di Borgo Valbelluna, Sedico, Limana e Sospirolo, oltre che nel Comune di Pedavena e attraverso collaborazioni nei Comuni di Belluno, La Valle Agordina e Cencenighe Agordino. Tale servizio genera entrate pari a 367.800 \u20ac.<\/p>\n<p>A partire dal 2026, il servizio di gestione cimiteriale \u00e8 stato esteso anche al Comune di Cesiomaggiore.<\/p>\n<p>La gestione associata dei servizi di sfalcio e pulizia dei cigli stradali, comprensiva di alcune attivit\u00e0 manutentive integrative, tra cui il controllo delle malerbe sui marciapiedi, la conservazione delle strade bianche, i lavori boschivi e le potature, contribuisce con un&#8217;entrata di 250.000 \u20ac. Il servizio \u00e8 svolto nei quattro Comuni di Borgo Valbelluna, Sedico, Limana e Sospirolo, oltre che nel Comune di Cesiomaggiore.<\/p>\n<p>Oltre a garantire la perfetta organizzazione del servizio di sfalcio e pulizia dei cigli stradali e la gestione cimiteriale, il Servizio Tecnico ha assicurato il rinnovo di mezzi, macchine operatrici e attrezzature.<\/p>\n<p>Nell&#8217;ambito del Servizio di Protezione Civile, nel corso della primavera 2025, gli uffici dell&#8217;Unione Montana, in collaborazione con la societ\u00e0 SIT, hanno curato e gestito l&#8217;organizzazione di una decina di serate informative dedicate al nuovo Piano di Protezione Civile. Gli incontri sono stati rivolti, con tagli e focus specifici, ai tecnici e agli amministratori comunali, ai volontari di protezione civile e alla cittadinanza nel suo complesso.<\/p>\n<p>Un ulteriore elemento di rilievo riguarda il Servizio Associato Tributi, che si conferma tra i punti di forza dell&#8217;Unione Montana Val Belluna per efficienza e capacit\u00e0 gestionale. Il servizio \u00e8 organizzato su due sedi operative: Sedico, a supporto dei Comuni di Sedico e Sospirolo, e Borgo Valbelluna. Oltre all&#8217;Imu il servizio si occupa del Canone Unico Patrimoniale e le attivit\u00e0 di riscossione coattiva anche per i Comuni di Auronzo, Calalzo di Cadore, Domegge di Cadore, Lozzo di Cadore, Perarolo di Cadore, Ponte nelle Alpi e Val di Zoldo. Il servizio registra ottimi livelli di efficienza, con riscossioni IMU tra l&#8217;89% e il 92%, ben superiori alle soglie ordinarie. Il servizio tributi contribuisce con un&#8217;entrata corrente pari a 239.800 \u20ac.<\/p>\n<p>&nbsp;<\/p>\n<p>Il totale delle Spese Correnti ammonta a 2.078.517,47 \u20ac<\/p>\n<p>Le entrate per investimenti sono state pari a 3.291.776,34 \u20ac, a fronte di investimenti completati per 1.244.510,77 \u20ac.<\/p>\n<p>Tra questi, particolare rilievo assumono gli interventi di messa in sicurezza del territorio, difesa idrogeologica e contrasto al dissesto e al degrado, contribuendo cos\u00ec in modo concreto alla cura e alla sicurezza dei nostri comuni, per un importo complessivo di 948.767,41 \u20ac, resi possibili anche grazie alla compartecipazione dei canoni idrici provenienti dalla Provincia di Belluno.<\/p>\n<p>Nel dettaglio, le opere realizzate risultano cos\u00ec ripartite: 464.767,05 \u20ac nel Comune di Borgo Valbelluna, 114.900,36 \u20ac nel Comune di Sedico, 226.200 \u20ac nel Comune di Sospirolo, 75.900 \u20ac nel Comune di Sovramonte e 67.000 \u20ac nel Comune di Belluno.<\/p>\n<p>L&#8217;anno 2025 \u00e8 stato particolarmente intenso nell&#8217;ambito delle opere pubbliche, soprattutto per la gestione dei contributi provenienti dal Fondo per lo Sviluppo delle Montagne Italiane (FOSMIT). In tale contesto \u00e8 stata portata avanti gran parte della fase progettuale e amministrativa relativa alla realizzazione della centrale in Val Clusa, per un importo complessivo di 1.405.000 \u20ac, nonch\u00e9 l&#8217;avvio di un progetto per l&#8217;installazione di impianti fotovoltaici nei Comuni dell&#8217;ambito, per un valore di circa 600.000 \u20ac.<\/p>\n<p>Il Consiglio dell&#8217;Unione Montana Val Belluna ha deliberato all&#8217;unanimit\u00e0 l&#8217;approvazione del rendiconto di gestione che evidenzia un avanzo di amministrazione libero pari a circa 110.000 \u20ac e che mette in risalto una gestione attenta che ha consentito di garantire equilibrio, programmazione e continuit\u00e0 degli investimenti. Anche la contabilit\u00e0 economica conferma un risultato positivo segno di una struttura solida e ben organizzata.<\/p>\n<p>L&#8217;atto \u00e8 stato accompagnato da un unanime ringraziamento alla struttura e alle maestranze operaie e forestali per il qualificato lavoro svolto a servizio del territorio e dei Comuni, e in particolare per gli importanti obiettivi raggiunti nel corso del 2025.<\/p>\n<p>Il Presidente Stefano Cesa dichiara &#8220;ritengo che questi risultati siano il frutto del lavoro congiunto degli uffici, dei tecnici, delle maestranze operaie, dello spirito positivo e propositivo del Consiglio e della forte sinergia e unit\u00e0 di intenti con le amministrazioni locali. \u00c8 grazie a questo impegno condiviso che l&#8217;Unione Montana Val Belluna continua a rappresentare un punto di riferimento non solo per l&#8217;efficienza amministrativa, ma soprattutto per la capacit\u00e0 di dare risposte concrete ai bisogni delle nostre comunit\u00e0. Questo risultato \u00e8 anche uno stimolo importante in vista della riorganizzazione che si render\u00e0 necessaria con l&#8217;ingresso, nei prossimi mesi, del Comune capoluogo. L&#8217;obiettivo, nei limiti consentiti dalla normativa sul personale, resta quello di rafforzare ulteriormente i servizi associati, valorizzare le risorse del territorio e proseguire in un percorso di crescita istituzionale, con uno sguardo sempre attento alla sostenibilit\u00e0 e alla qualit\u00e0 dei servizi offerti ai cittadini.&#8221;<\/p>","protected":false},"excerpt":{"rendered":"<p>L&#8217;approvazione del rendiconto dell&#8217;esercizio 2025, avvenuta nella seduta consiliare di venerd\u00ec sera a Sospirolo, ha rappresentato un momento significativo per l&#8217;Unione Montana Val Belluna, che conferma la propria capacit\u00e0 di essere un Ente efficiente, vicino ai propri Comuni e in grado di garantire servizi essenziali di qualit\u00e0, con una gestione finanziaria solida e responsabile. Il [&hellip;]<\/p>\n","protected":false},"author":2,"featured_media":113212,"comment_status":"closed","ping_status":"open","sticky":false,"template":"","format":"standard","meta":{"footnotes":""},"categories":[26,8],"tags":[],"class_list":["post-169069","post","type-post","status-publish","format-standard","has-post-thumbnail","category-prima-pagina","category-societa-istituzioni"],"yoast_head":"<!-- This site is optimized with the Yoast SEO plugin v28.4 - https:\/\/yoast.com\/product\/yoast-seo-wordpress\/ -->\n<title>Unione Montana Val Belluna: approvato il rendiconto 2025, un anno di crescita, servizi e solidit\u00e0 finanziaria - Bellunopress - Dolomiti<\/title>\n<meta name=\"robots\" content=\"index, follow, max-snippet:-1, max-image-preview:large, max-video-preview:-1\" \/>\n<link rel=\"canonical\" href=\"https:\/\/www.bellunopress.it\/fr\/2026\/04\/13\/unione-montana-val-belluna-approvato-il-rendiconto-2025-un-anno-di-crescita-servizi-e-solidita-finanziaria\/\" \/>\n<meta property=\"og:locale\" content=\"fr_FR\" \/>\n<meta property=\"og:type\" content=\"article\" \/>\n<meta property=\"og:title\" content=\"Unione Montana Val Belluna: approvato il rendiconto 2025, un anno di crescita, servizi e solidit\u00e0 finanziaria - Bellunopress - Dolomiti\" \/>\n<meta property=\"og:description\" content=\"L&#8217;approvazione del rendiconto dell&#8217;esercizio 2025, avvenuta nella seduta consiliare di venerd\u00ec sera a Sospirolo, ha rappresentato un momento significativo per l&#8217;Unione Montana Val Belluna, che conferma la propria capacit\u00e0 di essere un Ente efficiente, vicino ai propri Comuni e in grado di garantire servizi essenziali di qualit\u00e0, con una gestione finanziaria solida e responsabile. Il [&hellip;]\" \/>\n<meta property=\"og:url\" content=\"https:\/\/www.bellunopress.it\/fr\/2026\/04\/13\/unione-montana-val-belluna-approvato-il-rendiconto-2025-un-anno-di-crescita-servizi-e-solidita-finanziaria\/\" \/>\n<meta property=\"og:site_name\" content=\"Bellunopress - Dolomiti\" \/>\n<meta property=\"article:publisher\" content=\"https:\/\/www.facebook.com\/profile.php?id=100008943462799\" \/>\n<meta property=\"article:published_time\" content=\"2026-04-13T16:36:15+00:00\" \/>\n<meta property=\"og:image\" content=\"https:\/\/www.bellunopress.it\/wp-content\/uploads\/2020\/03\/Stefano-Cesa-sindaco-Borgo-Valbelluna_edited.jpg\" \/>\n\t<meta property=\"og:image:width\" content=\"559\" \/>\n\t<meta property=\"og:image:height\" content=\"745\" \/>\n\t<meta property=\"og:image:type\" content=\"image\/jpeg\" \/>\n<meta name=\"author\" content=\"redazione\" \/>\n<meta name=\"twitter:card\" content=\"summary_large_image\" \/>\n<meta name=\"twitter:creator\" content=\"@bellunopress\" \/>\n<meta name=\"twitter:site\" content=\"@bellunopress\" \/>\n<meta name=\"twitter:label1\" content=\"\u00c9crit par\" \/>\n\t<meta name=\"twitter:data1\" content=\"redazione\" \/>\n\t<meta name=\"twitter:label2\" content=\"Dur\u00e9e de lecture estim\u00e9e\" \/>\n\t<meta name=\"twitter:data2\" content=\"5 minutes\" \/>\n<script type=\"application\/ld+json\" class=\"yoast-schema-graph\">{\"@context\":\"https:\\\/\\\/schema.org\",\"@graph\":[{\"@type\":\"Article\",\"@id\":\"https:\\\/\\\/www.bellunopress.it\\\/2026\\\/04\\\/13\\\/unione-montana-val-belluna-approvato-il-rendiconto-2025-un-anno-di-crescita-servizi-e-solidita-finanziaria\\\/#article\",\"isPartOf\":{\"@id\":\"https:\\\/\\\/www.bellunopress.it\\\/2026\\\/04\\\/13\\\/unione-montana-val-belluna-approvato-il-rendiconto-2025-un-anno-di-crescita-servizi-e-solidita-finanziaria\\\/\"},\"author\":{\"name\":\"redazione\",\"@id\":\"https:\\\/\\\/www.bellunopress.it\\\/#\\\/schema\\\/person\\\/79bb06722b37ece1c03d3e94beb30d73\"},\"headline\":\"Unione Montana Val Belluna: approvato il rendiconto 2025, un anno di crescita, servizi e solidit\u00e0 finanziaria\",\"datePublished\":\"2026-04-13T16:36:15+00:00\",\"mainEntityOfPage\":{\"@id\":\"https:\\\/\\\/www.bellunopress.it\\\/2026\\\/04\\\/13\\\/unione-montana-val-belluna-approvato-il-rendiconto-2025-un-anno-di-crescita-servizi-e-solidita-finanziaria\\\/\"},\"wordCount\":1003,\"publisher\":{\"@id\":\"https:\\\/\\\/www.bellunopress.it\\\/#organization\"},\"image\":{\"@id\":\"https:\\\/\\\/www.bellunopress.it\\\/2026\\\/04\\\/13\\\/unione-montana-val-belluna-approvato-il-rendiconto-2025-un-anno-di-crescita-servizi-e-solidita-finanziaria\\\/#primaryimage\"},\"thumbnailUrl\":\"https:\\\/\\\/www.bellunopress.it\\\/wp-content\\\/uploads\\\/2020\\\/03\\\/Stefano-Cesa-sindaco-Borgo-Valbelluna_edited.jpg\",\"articleSection\":[\"Prima Pagina\",\"Societ\u00e0, Associazioni, Istituzioni\"],\"inLanguage\":\"fr-FR\"},{\"@type\":\"WebPage\",\"@id\":\"https:\\\/\\\/www.bellunopress.it\\\/2026\\\/04\\\/13\\\/unione-montana-val-belluna-approvato-il-rendiconto-2025-un-anno-di-crescita-servizi-e-solidita-finanziaria\\\/\",\"url\":\"https:\\\/\\\/www.bellunopress.it\\\/2026\\\/04\\\/13\\\/unione-montana-val-belluna-approvato-il-rendiconto-2025-un-anno-di-crescita-servizi-e-solidita-finanziaria\\\/\",\"name\":\"Unione Montana Val Belluna: approvato il rendiconto 2025, un anno di crescita, servizi e solidit\u00e0 finanziaria - Bellunopress - Dolomiti\",\"isPartOf\":{\"@id\":\"https:\\\/\\\/www.bellunopress.it\\\/#website\"},\"primaryImageOfPage\":{\"@id\":\"https:\\\/\\\/www.bellunopress.it\\\/2026\\\/04\\\/13\\\/unione-montana-val-belluna-approvato-il-rendiconto-2025-un-anno-di-crescita-servizi-e-solidita-finanziaria\\\/#primaryimage\"},\"image\":{\"@id\":\"https:\\\/\\\/www.bellunopress.it\\\/2026\\\/04\\\/13\\\/unione-montana-val-belluna-approvato-il-rendiconto-2025-un-anno-di-crescita-servizi-e-solidita-finanziaria\\\/#primaryimage\"},\"thumbnailUrl\":\"https:\\\/\\\/www.bellunopress.it\\\/wp-content\\\/uploads\\\/2020\\\/03\\\/Stefano-Cesa-sindaco-Borgo-Valbelluna_edited.jpg\",\"datePublished\":\"2026-04-13T16:36:15+00:00\",\"breadcrumb\":{\"@id\":\"https:\\\/\\\/www.bellunopress.it\\\/2026\\\/04\\\/13\\\/unione-montana-val-belluna-approvato-il-rendiconto-2025-un-anno-di-crescita-servizi-e-solidita-finanziaria\\\/#breadcrumb\"},\"inLanguage\":\"fr-FR\",\"potentialAction\":[{\"@type\":\"ReadAction\",\"target\":[\"https:\\\/\\\/www.bellunopress.it\\\/2026\\\/04\\\/13\\\/unione-montana-val-belluna-approvato-il-rendiconto-2025-un-anno-di-crescita-servizi-e-solidita-finanziaria\\\/\"]}]},{\"@type\":\"ImageObject\",\"inLanguage\":\"fr-FR\",\"@id\":\"https:\\\/\\\/www.bellunopress.it\\\/2026\\\/04\\\/13\\\/unione-montana-val-belluna-approvato-il-rendiconto-2025-un-anno-di-crescita-servizi-e-solidita-finanziaria\\\/#primaryimage\",\"url\":\"https:\\\/\\\/www.bellunopress.it\\\/wp-content\\\/uploads\\\/2020\\\/03\\\/Stefano-Cesa-sindaco-Borgo-Valbelluna_edited.jpg\",\"contentUrl\":\"https:\\\/\\\/www.bellunopress.it\\\/wp-content\\\/uploads\\\/2020\\\/03\\\/Stefano-Cesa-sindaco-Borgo-Valbelluna_edited.jpg\",\"width\":559,\"height\":745,\"caption\":\"Stefano Cesa, presidente Unione Montana Valbelluna e sindaco di Borgo Valbelluna\"},{\"@type\":\"BreadcrumbList\",\"@id\":\"https:\\\/\\\/www.bellunopress.it\\\/2026\\\/04\\\/13\\\/unione-montana-val-belluna-approvato-il-rendiconto-2025-un-anno-di-crescita-servizi-e-solidita-finanziaria\\\/#breadcrumb\",\"itemListElement\":[{\"@type\":\"ListItem\",\"position\":1,\"name\":\"Home\",\"item\":\"https:\\\/\\\/www.bellunopress.it\\\/\"},{\"@type\":\"ListItem\",\"position\":2,\"name\":\"Unione Montana Val Belluna: approvato il rendiconto 2025, un anno di crescita, servizi e solidit\u00e0 finanziaria\"}]},{\"@type\":\"WebSite\",\"@id\":\"https:\\\/\\\/www.bellunopress.it\\\/#website\",\"url\":\"https:\\\/\\\/www.bellunopress.it\\\/\",\"name\":\"Bellunopress - Dolomiti\",\"description\":\"e-mail: redazione@bellunopress.it\",\"publisher\":{\"@id\":\"https:\\\/\\\/www.bellunopress.it\\\/#organization\"},\"potentialAction\":[{\"@type\":\"SearchAction\",\"target\":{\"@type\":\"EntryPoint\",\"urlTemplate\":\"https:\\\/\\\/www.bellunopress.it\\\/?s={search_term_string}\"},\"query-input\":{\"@type\":\"PropertyValueSpecification\",\"valueRequired\":true,\"valueName\":\"search_term_string\"}}],\"inLanguage\":\"fr-FR\"},{\"@type\":\"Organization\",\"@id\":\"https:\\\/\\\/www.bellunopress.it\\\/#organization\",\"name\":\"Bellunopress\",\"url\":\"https:\\\/\\\/www.bellunopress.it\\\/\",\"logo\":{\"@type\":\"ImageObject\",\"inLanguage\":\"fr-FR\",\"@id\":\"https:\\\/\\\/www.bellunopress.it\\\/#\\\/schema\\\/logo\\\/image\\\/\",\"url\":\"https:\\\/\\\/www.bellunopress.it\\\/wp-content\\\/uploads\\\/2011\\\/05\\\/cropped-logo-bellunopress-.jpg\",\"contentUrl\":\"https:\\\/\\\/www.bellunopress.it\\\/wp-content\\\/uploads\\\/2011\\\/05\\\/cropped-logo-bellunopress-.jpg\",\"width\":512,\"height\":512,\"caption\":\"Bellunopress\"},\"image\":{\"@id\":\"https:\\\/\\\/www.bellunopress.it\\\/#\\\/schema\\\/logo\\\/image\\\/\"},\"sameAs\":[\"https:\\\/\\\/www.facebook.com\\\/profile.php?id=100008943462799\",\"https:\\\/\\\/x.com\\\/bellunopress\",\"https:\\\/\\\/www.linkedin.com\\\/hp\\\/?dnr=JBzUWaJfMUw8vbXJJ2tVW5-I3jZKvC4wsoxE&amp;amp;amp;amp;amp;amp;trk=nav_responsive_tab_home\",\"https:\\\/\\\/www.youtube.com\\\/channel\\\/UCxL0wu1uN0_3_7hGG0306cw\"]},{\"@type\":\"Person\",\"@id\":\"https:\\\/\\\/www.bellunopress.it\\\/#\\\/schema\\\/person\\\/79bb06722b37ece1c03d3e94beb30d73\",\"name\":\"redazione\",\"image\":{\"@type\":\"ImageObject\",\"inLanguage\":\"fr-FR\",\"@id\":\"https:\\\/\\\/secure.gravatar.com\\\/avatar\\\/37d968a2e67a6fd04c169c4bdef102d0bc5d31b2546345219e348575eb80e9a0?s=96&d=mm&r=g\",\"url\":\"https:\\\/\\\/secure.gravatar.com\\\/avatar\\\/37d968a2e67a6fd04c169c4bdef102d0bc5d31b2546345219e348575eb80e9a0?s=96&d=mm&r=g\",\"contentUrl\":\"https:\\\/\\\/secure.gravatar.com\\\/avatar\\\/37d968a2e67a6fd04c169c4bdef102d0bc5d31b2546345219e348575eb80e9a0?s=96&d=mm&r=g\",\"caption\":\"redazione\"},\"sameAs\":[\"http:\\\/\\\/www.bellunopress.it\",\"https:\\\/\\\/x.com\\\/bellunopress\"],\"url\":\"https:\\\/\\\/www.bellunopress.it\\\/fr\\\/author\\\/redazione\\\/\"}]}<\/script>\n<!-- \/ Yoast SEO plugin. -->","yoast_head_json":{"title":"Unione Montana Val Belluna: approvato il rendiconto 2025, un anno di crescita, servizi e solidit\u00e0 finanziaria - Bellunopress - Dolomiti","robots":{"index":"index","follow":"follow","max-snippet":"max-snippet:-1","max-image-preview":"max-image-preview:large","max-video-preview":"max-video-preview:-1"},"canonical":"https:\/\/www.bellunopress.it\/fr\/2026\/04\/13\/unione-montana-val-belluna-approvato-il-rendiconto-2025-un-anno-di-crescita-servizi-e-solidita-finanziaria\/","og_locale":"fr_FR","og_type":"article","og_title":"Unione Montana Val Belluna: approvato il rendiconto 2025, un anno di crescita, servizi e solidit\u00e0 finanziaria - Bellunopress - Dolomiti","og_description":"L&#8217;approvazione del rendiconto dell&#8217;esercizio 2025, avvenuta nella seduta consiliare di venerd\u00ec sera a Sospirolo, ha rappresentato un momento significativo per l&#8217;Unione Montana Val Belluna, che conferma la propria capacit\u00e0 di essere un Ente efficiente, vicino ai propri Comuni e in grado di garantire servizi essenziali di qualit\u00e0, con una gestione finanziaria solida e responsabile. Il [&hellip;]","og_url":"https:\/\/www.bellunopress.it\/fr\/2026\/04\/13\/unione-montana-val-belluna-approvato-il-rendiconto-2025-un-anno-di-crescita-servizi-e-solidita-finanziaria\/","og_site_name":"Bellunopress - Dolomiti","article_publisher":"https:\/\/www.facebook.com\/profile.php?id=100008943462799","article_published_time":"2026-04-13T16:36:15+00:00","og_image":[{"width":559,"height":745,"url":"https:\/\/www.bellunopress.it\/wp-content\/uploads\/2020\/03\/Stefano-Cesa-sindaco-Borgo-Valbelluna_edited.jpg","type":"image\/jpeg"}],"author":"redazione","twitter_card":"summary_large_image","twitter_creator":"@bellunopress","twitter_site":"@bellunopress","twitter_misc":{"\u00c9crit par":"redazione","Dur\u00e9e de lecture estim\u00e9e":"5 minutes"},"schema":{"@context":"https:\/\/schema.org","@graph":[{"@type":"Article","@id":"https:\/\/www.bellunopress.it\/2026\/04\/13\/unione-montana-val-belluna-approvato-il-rendiconto-2025-un-anno-di-crescita-servizi-e-solidita-finanziaria\/#article","isPartOf":{"@id":"https:\/\/www.bellunopress.it\/2026\/04\/13\/unione-montana-val-belluna-approvato-il-rendiconto-2025-un-anno-di-crescita-servizi-e-solidita-finanziaria\/"},"author":{"name":"redazione","@id":"https:\/\/www.bellunopress.it\/#\/schema\/person\/79bb06722b37ece1c03d3e94beb30d73"},"headline":"Unione Montana Val Belluna: approvato il rendiconto 2025, un anno di crescita, servizi e solidit\u00e0 finanziaria","datePublished":"2026-04-13T16:36:15+00:00","mainEntityOfPage":{"@id":"https:\/\/www.bellunopress.it\/2026\/04\/13\/unione-montana-val-belluna-approvato-il-rendiconto-2025-un-anno-di-crescita-servizi-e-solidita-finanziaria\/"},"wordCount":1003,"publisher":{"@id":"https:\/\/www.bellunopress.it\/#organization"},"image":{"@id":"https:\/\/www.bellunopress.it\/2026\/04\/13\/unione-montana-val-belluna-approvato-il-rendiconto-2025-un-anno-di-crescita-servizi-e-solidita-finanziaria\/#primaryimage"},"thumbnailUrl":"https:\/\/www.bellunopress.it\/wp-content\/uploads\/2020\/03\/Stefano-Cesa-sindaco-Borgo-Valbelluna_edited.jpg","articleSection":["Prima Pagina","Societ\u00e0, Associazioni, Istituzioni"],"inLanguage":"fr-FR"},{"@type":"WebPage","@id":"https:\/\/www.bellunopress.it\/2026\/04\/13\/unione-montana-val-belluna-approvato-il-rendiconto-2025-un-anno-di-crescita-servizi-e-solidita-finanziaria\/","url":"https:\/\/www.bellunopress.it\/2026\/04\/13\/unione-montana-val-belluna-approvato-il-rendiconto-2025-un-anno-di-crescita-servizi-e-solidita-finanziaria\/","name":"Unione Montana Val Belluna: approvato il rendiconto 2025, un anno di crescita, servizi e solidit\u00e0 finanziaria - Bellunopress - Dolomiti","isPartOf":{"@id":"https:\/\/www.bellunopress.it\/#website"},"primaryImageOfPage":{"@id":"https:\/\/www.bellunopress.it\/2026\/04\/13\/unione-montana-val-belluna-approvato-il-rendiconto-2025-un-anno-di-crescita-servizi-e-solidita-finanziaria\/#primaryimage"},"image":{"@id":"https:\/\/www.bellunopress.it\/2026\/04\/13\/unione-montana-val-belluna-approvato-il-rendiconto-2025-un-anno-di-crescita-servizi-e-solidita-finanziaria\/#primaryimage"},"thumbnailUrl":"https:\/\/www.bellunopress.it\/wp-content\/uploads\/2020\/03\/Stefano-Cesa-sindaco-Borgo-Valbelluna_edited.jpg","datePublished":"2026-04-13T16:36:15+00:00","breadcrumb":{"@id":"https:\/\/www.bellunopress.it\/2026\/04\/13\/unione-montana-val-belluna-approvato-il-rendiconto-2025-un-anno-di-crescita-servizi-e-solidita-finanziaria\/#breadcrumb"},"inLanguage":"fr-FR","potentialAction":[{"@type":"ReadAction","target":["https:\/\/www.bellunopress.it\/2026\/04\/13\/unione-montana-val-belluna-approvato-il-rendiconto-2025-un-anno-di-crescita-servizi-e-solidita-finanziaria\/"]}]},{"@type":"ImageObject","inLanguage":"fr-FR","@id":"https:\/\/www.bellunopress.it\/2026\/04\/13\/unione-montana-val-belluna-approvato-il-rendiconto-2025-un-anno-di-crescita-servizi-e-solidita-finanziaria\/#primaryimage","url":"https:\/\/www.bellunopress.it\/wp-content\/uploads\/2020\/03\/Stefano-Cesa-sindaco-Borgo-Valbelluna_edited.jpg","contentUrl":"https:\/\/www.bellunopress.it\/wp-content\/uploads\/2020\/03\/Stefano-Cesa-sindaco-Borgo-Valbelluna_edited.jpg","width":559,"height":745,"caption":"Stefano Cesa, presidente Unione Montana Valbelluna e sindaco di Borgo Valbelluna"},{"@type":"BreadcrumbList","@id":"https:\/\/www.bellunopress.it\/2026\/04\/13\/unione-montana-val-belluna-approvato-il-rendiconto-2025-un-anno-di-crescita-servizi-e-solidita-finanziaria\/#breadcrumb","itemListElement":[{"@type":"ListItem","position":1,"name":"Home","item":"https:\/\/www.bellunopress.it\/"},{"@type":"ListItem","position":2,"name":"Unione Montana Val Belluna: approvato il rendiconto 2025, un anno di crescita, servizi e solidit\u00e0 finanziaria"}]},{"@type":"WebSite","@id":"https:\/\/www.bellunopress.it\/#website","url":"https:\/\/www.bellunopress.it\/","name":"Bellunopress - Dolomiti","description":"e-mail: redazione@bellunopress.it","publisher":{"@id":"https:\/\/www.bellunopress.it\/#organization"},"potentialAction":[{"@type":"SearchAction","target":{"@type":"EntryPoint","urlTemplate":"https:\/\/www.bellunopress.it\/?s={search_term_string}"},"query-input":{"@type":"PropertyValueSpecification","valueRequired":true,"valueName":"search_term_string"}}],"inLanguage":"fr-FR"},{"@type":"Organization","@id":"https:\/\/www.bellunopress.it\/#organization","name":"Bellunopress","url":"https:\/\/www.bellunopress.it\/","logo":{"@type":"ImageObject","inLanguage":"fr-FR","@id":"https:\/\/www.bellunopress.it\/#\/schema\/logo\/image\/","url":"https:\/\/www.bellunopress.it\/wp-content\/uploads\/2011\/05\/cropped-logo-bellunopress-.jpg","contentUrl":"https:\/\/www.bellunopress.it\/wp-content\/uploads\/2011\/05\/cropped-logo-bellunopress-.jpg","width":512,"height":512,"caption":"Bellunopress"},"image":{"@id":"https:\/\/www.bellunopress.it\/#\/schema\/logo\/image\/"},"sameAs":["https:\/\/www.facebook.com\/profile.php?id=100008943462799","https:\/\/x.com\/bellunopress","https:\/\/www.linkedin.com\/hp\/?dnr=JBzUWaJfMUw8vbXJJ2tVW5-I3jZKvC4wsoxE&amp;amp;amp;amp;amp;amp;trk=nav_responsive_tab_home","https:\/\/www.youtube.com\/channel\/UCxL0wu1uN0_3_7hGG0306cw"]},{"@type":"Person","@id":"https:\/\/www.bellunopress.it\/#\/schema\/person\/79bb06722b37ece1c03d3e94beb30d73","name":"r\u00e9daction","image":{"@type":"ImageObject","inLanguage":"fr-FR","@id":"https:\/\/secure.gravatar.com\/avatar\/37d968a2e67a6fd04c169c4bdef102d0bc5d31b2546345219e348575eb80e9a0?s=96&d=mm&r=g","url":"https:\/\/secure.gravatar.com\/avatar\/37d968a2e67a6fd04c169c4bdef102d0bc5d31b2546345219e348575eb80e9a0?s=96&d=mm&r=g","contentUrl":"https:\/\/secure.gravatar.com\/avatar\/37d968a2e67a6fd04c169c4bdef102d0bc5d31b2546345219e348575eb80e9a0?s=96&d=mm&r=g","caption":"redazione"},"sameAs":["http:\/\/www.bellunopress.it","https:\/\/x.com\/bellunopress"],"url":"https:\/\/www.bellunopress.it\/fr\/author\/redazione\/"}]}},"_links":{"self":[{"href":"https:\/\/www.bellunopress.it\/fr\/wp-json\/wp\/v2\/posts\/169069","targetHints":{"allow":["GET"]}}],"collection":[{"href":"https:\/\/www.bellunopress.it\/fr\/wp-json\/wp\/v2\/posts"}],"about":[{"href":"https:\/\/www.bellunopress.it\/fr\/wp-json\/wp\/v2\/types\/post"}],"author":[{"embeddable":true,"href":"https:\/\/www.bellunopress.it\/fr\/wp-json\/wp\/v2\/users\/2"}],"replies":[{"embeddable":true,"href":"https:\/\/www.bellunopress.it\/fr\/wp-json\/wp\/v2\/comments?post=169069"}],"version-history":[{"count":1,"href":"https:\/\/www.bellunopress.it\/fr\/wp-json\/wp\/v2\/posts\/169069\/revisions"}],"predecessor-version":[{"id":169070,"href":"https:\/\/www.bellunopress.it\/fr\/wp-json\/wp\/v2\/posts\/169069\/revisions\/169070"}],"wp:featuredmedia":[{"embeddable":true,"href":"https:\/\/www.bellunopress.it\/fr\/wp-json\/wp\/v2\/media\/113212"}],"wp:attachment":[{"href":"https:\/\/www.bellunopress.it\/fr\/wp-json\/wp\/v2\/media?parent=169069"}],"wp:term":[{"taxonomy":"category","embeddable":true,"href":"https:\/\/www.bellunopress.it\/fr\/wp-json\/wp\/v2\/categories?post=169069"},{"taxonomy":"post_tag","embeddable":true,"href":"https:\/\/www.bellunopress.it\/fr\/wp-json\/wp\/v2\/tags?post=169069"}],"curies":[{"name":"wp","href":"https:\/\/api.w.org\/{rel}","templated":true}]}}