{"id":169067,"date":"2026-04-13T18:27:44","date_gmt":"2026-04-13T16:27:44","guid":{"rendered":"https:\/\/www.bellunopress.it\/?p=169067"},"modified":"2026-04-13T18:27:44","modified_gmt":"2026-04-13T16:27:44","slug":"open-day-its-eyewear-product-manager-il-17-aprile-a-palazzo-bembo-nel-cuore-di-belluno","status":"publish","type":"post","link":"https:\/\/www.bellunopress.it\/fr\/2026\/04\/13\/open-day-its-eyewear-product-manager-il-17-aprile-a-palazzo-bembo-nel-cuore-di-belluno\/","title":{"rendered":"Open Day ITS Eyewear Product Manager: il 17 aprile a Palazzo Bembo, nel cuore di Belluno"},"content":{"rendered":"<p><em>L&#8217;ultimo appuntamento del 2026 per conoscere il corso di alta specializzazione che forma i professionisti dell&#8217;occhialeria di domani. 87,6% di placement, 245 tirocini, tre premi internazionali consecutivi: un modello formativo che fa la differenza per il distretto<\/em><\/p>\n<p>Longarone, 13 aprile 2026 \u2013 Appuntamento il 17 aprile per l&#8217;ultimo Open Day del ciclo 2026-2028 del Master ITS Eyewear Product Manager. L\u2019incontro si terr\u00e0 presso la sede di Palazzo Bembo, nel centro di Belluno, dalle ore 16.00 alle 17.30. Un appuntamento aperto a studenti, neodiplomati e famiglie per conoscere da vicino il percorso biennale di alta specializzazione gestito da CertotticaGroup per la Fondazione ITS Academy Cosmo \u2013 Sistema Moda, un percorso che, con oltre l&#8217;87% di placement medio storico, rappresenta oggi uno degli strumenti pi\u00f9 concreti per costruire una carriera nell&#8217;industria dell&#8217;occhialeria. La partecipazione \u00e8 gratuita, con registrazione obbligatoria su www.itscosmo.it.<\/p>\n<p><strong>UN MASTER, UN DISTRETTO: PERCH\u00c9 L&#8217;ITS EYEWEAR CONTA PER IL TERRITORIO<\/strong><br \/>\nIl Master ITS Eyewear Product Manager non \u00e8 un corso come gli altri. \u00c8 il risultato di anni di lavoro costruito insieme alle aziende dell&#8217;Eyewear Valley, con un obiettivo preciso: formare professionisti pronti ad entrare nelle aziende chiave dell&#8217;occhialeria non dopo mesi di rodaggio, ma dal primo giorno.<\/p>\n<p>Con sede a Palazzo Bembo nel cuore di Belluno e laboratori avanzati di prototipazione e design, il percorso offre 1.800 ore di formazione biennale, di cui 720 di tirocinio garantito nelle principali aziende del distretto. Dal 2018 a oggi, 144 studenti hanno completato il percorso, con 245 tirocini svolti nelle aziende leader della filiera.<br \/>\nIl risultato pi\u00f9 significativo non \u00e8 solo il numero degli iscritti, ma ci\u00f2 che succede dopo: nelle ultime tre edizioni (2023, 2024, 2025) studenti del corso sono stati premiati al MittelModa International Lab per l&#8217;eccellenza nel design eyewear, competendo e vincendo contro creativi provenienti da tutto il mondo.<\/p>\n<p><strong>COME ISCRIVERSI: UN ITER RINNOVATO E FLESSIBILE<\/strong><br \/>\nPer il nuovo ciclo formativo, Fondazione ITS Academy Cosmo introduce un iter di selezione completamente rinnovato, pensato per abbattere le barriere di accesso senza abbassare la qualit\u00e0 dei candidati. Non pi\u00f9 finestre rigide, le iscrizioni sono aperte tutto l&#8217;anno in tre fasi: caricamento dei documenti richiesti in qualsiasi momento sul portale www.itscosmo.it, test di selezione online da sostenere con la massima flessibilit\u00e0 e colloquio finale con la commissione, con data concordata direttamente con il candidato. Un modello nuovo per avvicinare ancora di pi\u00f9 i candidati ad un corso che apre le porte in modo diretto al mercato del lavoro.<\/p>\n<p>&nbsp;<\/p>","protected":false},"excerpt":{"rendered":"<p>L&#8217;ultimo appuntamento del 2026 per conoscere il corso di alta specializzazione che forma i professionisti dell&#8217;occhialeria di domani. 87,6% di placement, 245 tirocini, tre premi internazionali consecutivi: un modello formativo che fa la differenza per il distretto Longarone, 13 aprile 2026 \u2013 Appuntamento il 17 aprile per l&#8217;ultimo Open Day del ciclo 2026-2028 del Master [&hellip;]<\/p>\n","protected":false},"author":2,"featured_media":125057,"comment_status":"closed","ping_status":"open","sticky":false,"template":"","format":"standard","meta":{"footnotes":""},"categories":[36,15],"tags":[],"class_list":["post-169067","post","type-post","status-publish","format-standard","has-post-thumbnail","category-lavoro-economia","category-scuola"],"yoast_head":"<!-- This site is optimized with the Yoast SEO plugin v28.4 - https:\/\/yoast.com\/product\/yoast-seo-wordpress\/ -->\n<title>Open Day ITS Eyewear Product Manager: il 17 aprile a Palazzo Bembo, nel cuore di Belluno - Bellunopress - Dolomiti<\/title>\n<meta name=\"robots\" content=\"index, follow, max-snippet:-1, max-image-preview:large, max-video-preview:-1\" \/>\n<link rel=\"canonical\" href=\"https:\/\/www.bellunopress.it\/fr\/2026\/04\/13\/open-day-its-eyewear-product-manager-il-17-aprile-a-palazzo-bembo-nel-cuore-di-belluno\/\" \/>\n<meta property=\"og:locale\" content=\"fr_FR\" \/>\n<meta property=\"og:type\" content=\"article\" \/>\n<meta property=\"og:title\" content=\"Open Day ITS Eyewear Product Manager: il 17 aprile a Palazzo Bembo, nel cuore di Belluno - Bellunopress - Dolomiti\" \/>\n<meta property=\"og:description\" content=\"L&#8217;ultimo appuntamento del 2026 per conoscere il corso di alta specializzazione che forma i professionisti dell&#8217;occhialeria di domani. 87,6% di placement, 245 tirocini, tre premi internazionali consecutivi: un modello formativo che fa la differenza per il distretto Longarone, 13 aprile 2026 \u2013 Appuntamento il 17 aprile per l&#8217;ultimo Open Day del ciclo 2026-2028 del Master [&hellip;]\" \/>\n<meta property=\"og:url\" content=\"https:\/\/www.bellunopress.it\/fr\/2026\/04\/13\/open-day-its-eyewear-product-manager-il-17-aprile-a-palazzo-bembo-nel-cuore-di-belluno\/\" \/>\n<meta property=\"og:site_name\" content=\"Bellunopress - Dolomiti\" \/>\n<meta property=\"article:publisher\" content=\"https:\/\/www.facebook.com\/profile.php?id=100008943462799\" \/>\n<meta property=\"article:published_time\" content=\"2026-04-13T16:27:44+00:00\" \/>\n<meta property=\"og:image\" content=\"https:\/\/www.bellunopress.it\/wp-content\/uploads\/2021\/06\/palazzo-bembo_edited.jpg\" \/>\n\t<meta property=\"og:image:width\" content=\"800\" \/>\n\t<meta property=\"og:image:height\" content=\"600\" \/>\n\t<meta property=\"og:image:type\" content=\"image\/jpeg\" \/>\n<meta name=\"author\" content=\"redazione\" \/>\n<meta name=\"twitter:card\" content=\"summary_large_image\" \/>\n<meta name=\"twitter:creator\" content=\"@bellunopress\" \/>\n<meta name=\"twitter:site\" content=\"@bellunopress\" \/>\n<meta name=\"twitter:label1\" content=\"\u00c9crit par\" \/>\n\t<meta name=\"twitter:data1\" content=\"redazione\" \/>\n\t<meta name=\"twitter:label2\" content=\"Dur\u00e9e de lecture estim\u00e9e\" \/>\n\t<meta name=\"twitter:data2\" content=\"2 minutes\" \/>\n<script type=\"application\/ld+json\" class=\"yoast-schema-graph\">{\"@context\":\"https:\\\/\\\/schema.org\",\"@graph\":[{\"@type\":\"Article\",\"@id\":\"https:\\\/\\\/www.bellunopress.it\\\/2026\\\/04\\\/13\\\/open-day-its-eyewear-product-manager-il-17-aprile-a-palazzo-bembo-nel-cuore-di-belluno\\\/#article\",\"isPartOf\":{\"@id\":\"https:\\\/\\\/www.bellunopress.it\\\/2026\\\/04\\\/13\\\/open-day-its-eyewear-product-manager-il-17-aprile-a-palazzo-bembo-nel-cuore-di-belluno\\\/\"},\"author\":{\"name\":\"redazione\",\"@id\":\"https:\\\/\\\/www.bellunopress.it\\\/#\\\/schema\\\/person\\\/79bb06722b37ece1c03d3e94beb30d73\"},\"headline\":\"Open Day ITS Eyewear Product Manager: il 17 aprile a Palazzo Bembo, nel cuore di Belluno\",\"datePublished\":\"2026-04-13T16:27:44+00:00\",\"mainEntityOfPage\":{\"@id\":\"https:\\\/\\\/www.bellunopress.it\\\/2026\\\/04\\\/13\\\/open-day-its-eyewear-product-manager-il-17-aprile-a-palazzo-bembo-nel-cuore-di-belluno\\\/\"},\"wordCount\":415,\"publisher\":{\"@id\":\"https:\\\/\\\/www.bellunopress.it\\\/#organization\"},\"image\":{\"@id\":\"https:\\\/\\\/www.bellunopress.it\\\/2026\\\/04\\\/13\\\/open-day-its-eyewear-product-manager-il-17-aprile-a-palazzo-bembo-nel-cuore-di-belluno\\\/#primaryimage\"},\"thumbnailUrl\":\"https:\\\/\\\/www.bellunopress.it\\\/wp-content\\\/uploads\\\/2021\\\/06\\\/palazzo-bembo_edited.jpg\",\"articleSection\":[\"Lavoro, Economia, Turismo\",\"Scuola\"],\"inLanguage\":\"fr-FR\"},{\"@type\":\"WebPage\",\"@id\":\"https:\\\/\\\/www.bellunopress.it\\\/2026\\\/04\\\/13\\\/open-day-its-eyewear-product-manager-il-17-aprile-a-palazzo-bembo-nel-cuore-di-belluno\\\/\",\"url\":\"https:\\\/\\\/www.bellunopress.it\\\/2026\\\/04\\\/13\\\/open-day-its-eyewear-product-manager-il-17-aprile-a-palazzo-bembo-nel-cuore-di-belluno\\\/\",\"name\":\"Open Day ITS Eyewear Product Manager: il 17 aprile a Palazzo Bembo, nel cuore di Belluno - Bellunopress - Dolomiti\",\"isPartOf\":{\"@id\":\"https:\\\/\\\/www.bellunopress.it\\\/#website\"},\"primaryImageOfPage\":{\"@id\":\"https:\\\/\\\/www.bellunopress.it\\\/2026\\\/04\\\/13\\\/open-day-its-eyewear-product-manager-il-17-aprile-a-palazzo-bembo-nel-cuore-di-belluno\\\/#primaryimage\"},\"image\":{\"@id\":\"https:\\\/\\\/www.bellunopress.it\\\/2026\\\/04\\\/13\\\/open-day-its-eyewear-product-manager-il-17-aprile-a-palazzo-bembo-nel-cuore-di-belluno\\\/#primaryimage\"},\"thumbnailUrl\":\"https:\\\/\\\/www.bellunopress.it\\\/wp-content\\\/uploads\\\/2021\\\/06\\\/palazzo-bembo_edited.jpg\",\"datePublished\":\"2026-04-13T16:27:44+00:00\",\"breadcrumb\":{\"@id\":\"https:\\\/\\\/www.bellunopress.it\\\/2026\\\/04\\\/13\\\/open-day-its-eyewear-product-manager-il-17-aprile-a-palazzo-bembo-nel-cuore-di-belluno\\\/#breadcrumb\"},\"inLanguage\":\"fr-FR\",\"potentialAction\":[{\"@type\":\"ReadAction\",\"target\":[\"https:\\\/\\\/www.bellunopress.it\\\/2026\\\/04\\\/13\\\/open-day-its-eyewear-product-manager-il-17-aprile-a-palazzo-bembo-nel-cuore-di-belluno\\\/\"]}]},{\"@type\":\"ImageObject\",\"inLanguage\":\"fr-FR\",\"@id\":\"https:\\\/\\\/www.bellunopress.it\\\/2026\\\/04\\\/13\\\/open-day-its-eyewear-product-manager-il-17-aprile-a-palazzo-bembo-nel-cuore-di-belluno\\\/#primaryimage\",\"url\":\"https:\\\/\\\/www.bellunopress.it\\\/wp-content\\\/uploads\\\/2021\\\/06\\\/palazzo-bembo_edited.jpg\",\"contentUrl\":\"https:\\\/\\\/www.bellunopress.it\\\/wp-content\\\/uploads\\\/2021\\\/06\\\/palazzo-bembo_edited.jpg\",\"width\":800,\"height\":600,\"caption\":\"Palazzo Bembo\"},{\"@type\":\"BreadcrumbList\",\"@id\":\"https:\\\/\\\/www.bellunopress.it\\\/2026\\\/04\\\/13\\\/open-day-its-eyewear-product-manager-il-17-aprile-a-palazzo-bembo-nel-cuore-di-belluno\\\/#breadcrumb\",\"itemListElement\":[{\"@type\":\"ListItem\",\"position\":1,\"name\":\"Home\",\"item\":\"https:\\\/\\\/www.bellunopress.it\\\/\"},{\"@type\":\"ListItem\",\"position\":2,\"name\":\"Open Day ITS Eyewear Product Manager: il 17 aprile a Palazzo Bembo, nel cuore di Belluno\"}]},{\"@type\":\"WebSite\",\"@id\":\"https:\\\/\\\/www.bellunopress.it\\\/#website\",\"url\":\"https:\\\/\\\/www.bellunopress.it\\\/\",\"name\":\"Bellunopress - Dolomiti\",\"description\":\"e-mail: redazione@bellunopress.it\",\"publisher\":{\"@id\":\"https:\\\/\\\/www.bellunopress.it\\\/#organization\"},\"potentialAction\":[{\"@type\":\"SearchAction\",\"target\":{\"@type\":\"EntryPoint\",\"urlTemplate\":\"https:\\\/\\\/www.bellunopress.it\\\/?s={search_term_string}\"},\"query-input\":{\"@type\":\"PropertyValueSpecification\",\"valueRequired\":true,\"valueName\":\"search_term_string\"}}],\"inLanguage\":\"fr-FR\"},{\"@type\":\"Organization\",\"@id\":\"https:\\\/\\\/www.bellunopress.it\\\/#organization\",\"name\":\"Bellunopress\",\"url\":\"https:\\\/\\\/www.bellunopress.it\\\/\",\"logo\":{\"@type\":\"ImageObject\",\"inLanguage\":\"fr-FR\",\"@id\":\"https:\\\/\\\/www.bellunopress.it\\\/#\\\/schema\\\/logo\\\/image\\\/\",\"url\":\"https:\\\/\\\/www.bellunopress.it\\\/wp-content\\\/uploads\\\/2011\\\/05\\\/cropped-logo-bellunopress-.jpg\",\"contentUrl\":\"https:\\\/\\\/www.bellunopress.it\\\/wp-content\\\/uploads\\\/2011\\\/05\\\/cropped-logo-bellunopress-.jpg\",\"width\":512,\"height\":512,\"caption\":\"Bellunopress\"},\"image\":{\"@id\":\"https:\\\/\\\/www.bellunopress.it\\\/#\\\/schema\\\/logo\\\/image\\\/\"},\"sameAs\":[\"https:\\\/\\\/www.facebook.com\\\/profile.php?id=100008943462799\",\"https:\\\/\\\/x.com\\\/bellunopress\",\"https:\\\/\\\/www.linkedin.com\\\/hp\\\/?dnr=JBzUWaJfMUw8vbXJJ2tVW5-I3jZKvC4wsoxE&amp;amp;amp;amp;amp;amp;trk=nav_responsive_tab_home\",\"https:\\\/\\\/www.youtube.com\\\/channel\\\/UCxL0wu1uN0_3_7hGG0306cw\"]},{\"@type\":\"Person\",\"@id\":\"https:\\\/\\\/www.bellunopress.it\\\/#\\\/schema\\\/person\\\/79bb06722b37ece1c03d3e94beb30d73\",\"name\":\"redazione\",\"image\":{\"@type\":\"ImageObject\",\"inLanguage\":\"fr-FR\",\"@id\":\"https:\\\/\\\/secure.gravatar.com\\\/avatar\\\/37d968a2e67a6fd04c169c4bdef102d0bc5d31b2546345219e348575eb80e9a0?s=96&d=mm&r=g\",\"url\":\"https:\\\/\\\/secure.gravatar.com\\\/avatar\\\/37d968a2e67a6fd04c169c4bdef102d0bc5d31b2546345219e348575eb80e9a0?s=96&d=mm&r=g\",\"contentUrl\":\"https:\\\/\\\/secure.gravatar.com\\\/avatar\\\/37d968a2e67a6fd04c169c4bdef102d0bc5d31b2546345219e348575eb80e9a0?s=96&d=mm&r=g\",\"caption\":\"redazione\"},\"sameAs\":[\"http:\\\/\\\/www.bellunopress.it\",\"https:\\\/\\\/x.com\\\/bellunopress\"],\"url\":\"https:\\\/\\\/www.bellunopress.it\\\/fr\\\/author\\\/redazione\\\/\"}]}<\/script>\n<!-- \/ Yoast SEO plugin. -->","yoast_head_json":{"title":"Open Day ITS Eyewear Product Manager: il 17 aprile a Palazzo Bembo, nel cuore di Belluno - Bellunopress - Dolomiti","robots":{"index":"index","follow":"follow","max-snippet":"max-snippet:-1","max-image-preview":"max-image-preview:large","max-video-preview":"max-video-preview:-1"},"canonical":"https:\/\/www.bellunopress.it\/fr\/2026\/04\/13\/open-day-its-eyewear-product-manager-il-17-aprile-a-palazzo-bembo-nel-cuore-di-belluno\/","og_locale":"fr_FR","og_type":"article","og_title":"Open Day ITS Eyewear Product Manager: il 17 aprile a Palazzo Bembo, nel cuore di Belluno - Bellunopress - Dolomiti","og_description":"L&#8217;ultimo appuntamento del 2026 per conoscere il corso di alta specializzazione che forma i professionisti dell&#8217;occhialeria di domani. 87,6% di placement, 245 tirocini, tre premi internazionali consecutivi: un modello formativo che fa la differenza per il distretto Longarone, 13 aprile 2026 \u2013 Appuntamento il 17 aprile per l&#8217;ultimo Open Day del ciclo 2026-2028 del Master [&hellip;]","og_url":"https:\/\/www.bellunopress.it\/fr\/2026\/04\/13\/open-day-its-eyewear-product-manager-il-17-aprile-a-palazzo-bembo-nel-cuore-di-belluno\/","og_site_name":"Bellunopress - Dolomiti","article_publisher":"https:\/\/www.facebook.com\/profile.php?id=100008943462799","article_published_time":"2026-04-13T16:27:44+00:00","og_image":[{"width":800,"height":600,"url":"https:\/\/www.bellunopress.it\/wp-content\/uploads\/2021\/06\/palazzo-bembo_edited.jpg","type":"image\/jpeg"}],"author":"redazione","twitter_card":"summary_large_image","twitter_creator":"@bellunopress","twitter_site":"@bellunopress","twitter_misc":{"\u00c9crit par":"redazione","Dur\u00e9e de lecture estim\u00e9e":"2 minutes"},"schema":{"@context":"https:\/\/schema.org","@graph":[{"@type":"Article","@id":"https:\/\/www.bellunopress.it\/2026\/04\/13\/open-day-its-eyewear-product-manager-il-17-aprile-a-palazzo-bembo-nel-cuore-di-belluno\/#article","isPartOf":{"@id":"https:\/\/www.bellunopress.it\/2026\/04\/13\/open-day-its-eyewear-product-manager-il-17-aprile-a-palazzo-bembo-nel-cuore-di-belluno\/"},"author":{"name":"redazione","@id":"https:\/\/www.bellunopress.it\/#\/schema\/person\/79bb06722b37ece1c03d3e94beb30d73"},"headline":"Open Day ITS Eyewear Product Manager: il 17 aprile a Palazzo Bembo, nel cuore di Belluno","datePublished":"2026-04-13T16:27:44+00:00","mainEntityOfPage":{"@id":"https:\/\/www.bellunopress.it\/2026\/04\/13\/open-day-its-eyewear-product-manager-il-17-aprile-a-palazzo-bembo-nel-cuore-di-belluno\/"},"wordCount":415,"publisher":{"@id":"https:\/\/www.bellunopress.it\/#organization"},"image":{"@id":"https:\/\/www.bellunopress.it\/2026\/04\/13\/open-day-its-eyewear-product-manager-il-17-aprile-a-palazzo-bembo-nel-cuore-di-belluno\/#primaryimage"},"thumbnailUrl":"https:\/\/www.bellunopress.it\/wp-content\/uploads\/2021\/06\/palazzo-bembo_edited.jpg","articleSection":["Lavoro, Economia, Turismo","Scuola"],"inLanguage":"fr-FR"},{"@type":"WebPage","@id":"https:\/\/www.bellunopress.it\/2026\/04\/13\/open-day-its-eyewear-product-manager-il-17-aprile-a-palazzo-bembo-nel-cuore-di-belluno\/","url":"https:\/\/www.bellunopress.it\/2026\/04\/13\/open-day-its-eyewear-product-manager-il-17-aprile-a-palazzo-bembo-nel-cuore-di-belluno\/","name":"Open Day ITS Eyewear Product Manager: il 17 aprile a Palazzo Bembo, nel cuore di Belluno - Bellunopress - Dolomiti","isPartOf":{"@id":"https:\/\/www.bellunopress.it\/#website"},"primaryImageOfPage":{"@id":"https:\/\/www.bellunopress.it\/2026\/04\/13\/open-day-its-eyewear-product-manager-il-17-aprile-a-palazzo-bembo-nel-cuore-di-belluno\/#primaryimage"},"image":{"@id":"https:\/\/www.bellunopress.it\/2026\/04\/13\/open-day-its-eyewear-product-manager-il-17-aprile-a-palazzo-bembo-nel-cuore-di-belluno\/#primaryimage"},"thumbnailUrl":"https:\/\/www.bellunopress.it\/wp-content\/uploads\/2021\/06\/palazzo-bembo_edited.jpg","datePublished":"2026-04-13T16:27:44+00:00","breadcrumb":{"@id":"https:\/\/www.bellunopress.it\/2026\/04\/13\/open-day-its-eyewear-product-manager-il-17-aprile-a-palazzo-bembo-nel-cuore-di-belluno\/#breadcrumb"},"inLanguage":"fr-FR","potentialAction":[{"@type":"ReadAction","target":["https:\/\/www.bellunopress.it\/2026\/04\/13\/open-day-its-eyewear-product-manager-il-17-aprile-a-palazzo-bembo-nel-cuore-di-belluno\/"]}]},{"@type":"ImageObject","inLanguage":"fr-FR","@id":"https:\/\/www.bellunopress.it\/2026\/04\/13\/open-day-its-eyewear-product-manager-il-17-aprile-a-palazzo-bembo-nel-cuore-di-belluno\/#primaryimage","url":"https:\/\/www.bellunopress.it\/wp-content\/uploads\/2021\/06\/palazzo-bembo_edited.jpg","contentUrl":"https:\/\/www.bellunopress.it\/wp-content\/uploads\/2021\/06\/palazzo-bembo_edited.jpg","width":800,"height":600,"caption":"Palazzo Bembo"},{"@type":"BreadcrumbList","@id":"https:\/\/www.bellunopress.it\/2026\/04\/13\/open-day-its-eyewear-product-manager-il-17-aprile-a-palazzo-bembo-nel-cuore-di-belluno\/#breadcrumb","itemListElement":[{"@type":"ListItem","position":1,"name":"Home","item":"https:\/\/www.bellunopress.it\/"},{"@type":"ListItem","position":2,"name":"Open Day ITS Eyewear Product Manager: il 17 aprile a Palazzo Bembo, nel cuore di Belluno"}]},{"@type":"WebSite","@id":"https:\/\/www.bellunopress.it\/#website","url":"https:\/\/www.bellunopress.it\/","name":"Bellunopress - Dolomiti","description":"e-mail: redazione@bellunopress.it","publisher":{"@id":"https:\/\/www.bellunopress.it\/#organization"},"potentialAction":[{"@type":"SearchAction","target":{"@type":"EntryPoint","urlTemplate":"https:\/\/www.bellunopress.it\/?s={search_term_string}"},"query-input":{"@type":"PropertyValueSpecification","valueRequired":true,"valueName":"search_term_string"}}],"inLanguage":"fr-FR"},{"@type":"Organization","@id":"https:\/\/www.bellunopress.it\/#organization","name":"Bellunopress","url":"https:\/\/www.bellunopress.it\/","logo":{"@type":"ImageObject","inLanguage":"fr-FR","@id":"https:\/\/www.bellunopress.it\/#\/schema\/logo\/image\/","url":"https:\/\/www.bellunopress.it\/wp-content\/uploads\/2011\/05\/cropped-logo-bellunopress-.jpg","contentUrl":"https:\/\/www.bellunopress.it\/wp-content\/uploads\/2011\/05\/cropped-logo-bellunopress-.jpg","width":512,"height":512,"caption":"Bellunopress"},"image":{"@id":"https:\/\/www.bellunopress.it\/#\/schema\/logo\/image\/"},"sameAs":["https:\/\/www.facebook.com\/profile.php?id=100008943462799","https:\/\/x.com\/bellunopress","https:\/\/www.linkedin.com\/hp\/?dnr=JBzUWaJfMUw8vbXJJ2tVW5-I3jZKvC4wsoxE&amp;amp;amp;amp;amp;amp;trk=nav_responsive_tab_home","https:\/\/www.youtube.com\/channel\/UCxL0wu1uN0_3_7hGG0306cw"]},{"@type":"Person","@id":"https:\/\/www.bellunopress.it\/#\/schema\/person\/79bb06722b37ece1c03d3e94beb30d73","name":"r\u00e9daction","image":{"@type":"ImageObject","inLanguage":"fr-FR","@id":"https:\/\/secure.gravatar.com\/avatar\/37d968a2e67a6fd04c169c4bdef102d0bc5d31b2546345219e348575eb80e9a0?s=96&d=mm&r=g","url":"https:\/\/secure.gravatar.com\/avatar\/37d968a2e67a6fd04c169c4bdef102d0bc5d31b2546345219e348575eb80e9a0?s=96&d=mm&r=g","contentUrl":"https:\/\/secure.gravatar.com\/avatar\/37d968a2e67a6fd04c169c4bdef102d0bc5d31b2546345219e348575eb80e9a0?s=96&d=mm&r=g","caption":"redazione"},"sameAs":["http:\/\/www.bellunopress.it","https:\/\/x.com\/bellunopress"],"url":"https:\/\/www.bellunopress.it\/fr\/author\/redazione\/"}]}},"_links":{"self":[{"href":"https:\/\/www.bellunopress.it\/fr\/wp-json\/wp\/v2\/posts\/169067","targetHints":{"allow":["GET"]}}],"collection":[{"href":"https:\/\/www.bellunopress.it\/fr\/wp-json\/wp\/v2\/posts"}],"about":[{"href":"https:\/\/www.bellunopress.it\/fr\/wp-json\/wp\/v2\/types\/post"}],"author":[{"embeddable":true,"href":"https:\/\/www.bellunopress.it\/fr\/wp-json\/wp\/v2\/users\/2"}],"replies":[{"embeddable":true,"href":"https:\/\/www.bellunopress.it\/fr\/wp-json\/wp\/v2\/comments?post=169067"}],"version-history":[{"count":1,"href":"https:\/\/www.bellunopress.it\/fr\/wp-json\/wp\/v2\/posts\/169067\/revisions"}],"predecessor-version":[{"id":169068,"href":"https:\/\/www.bellunopress.it\/fr\/wp-json\/wp\/v2\/posts\/169067\/revisions\/169068"}],"wp:featuredmedia":[{"embeddable":true,"href":"https:\/\/www.bellunopress.it\/fr\/wp-json\/wp\/v2\/media\/125057"}],"wp:attachment":[{"href":"https:\/\/www.bellunopress.it\/fr\/wp-json\/wp\/v2\/media?parent=169067"}],"wp:term":[{"taxonomy":"category","embeddable":true,"href":"https:\/\/www.bellunopress.it\/fr\/wp-json\/wp\/v2\/categories?post=169067"},{"taxonomy":"post_tag","embeddable":true,"href":"https:\/\/www.bellunopress.it\/fr\/wp-json\/wp\/v2\/tags?post=169067"}],"curies":[{"name":"wp","href":"https:\/\/api.w.org\/{rel}","templated":true}]}}