{"id":169059,"date":"2026-04-13T14:25:55","date_gmt":"2026-04-13T12:25:55","guid":{"rendered":"https:\/\/www.bellunopress.it\/?p=169059"},"modified":"2026-04-13T14:25:55","modified_gmt":"2026-04-13T12:25:55","slug":"ater-belluno-in-arrivo-il-bando-per-gli-alloggi-ex-incis-destinati-al-personale-del-7-reggimento-alpini","status":"publish","type":"post","link":"https:\/\/www.bellunopress.it\/fr\/2026\/04\/13\/ater-belluno-in-arrivo-il-bando-per-gli-alloggi-ex-incis-destinati-al-personale-del-7-reggimento-alpini\/","title":{"rendered":"Ater Belluno: in arrivo il bando per gli alloggi &#8220;ex Incis&#8221; destinati al personale del 7\u00b0 Reggimento Alpini"},"content":{"rendered":"<p>Belluno, 13\/04\/2026 \u2013 Nei prossimi giorni Ater Belluno pubblicher\u00e0 un bando per l&#8217;assegnazione di alloggi &#8220;ex Incis&#8221; destinati al personale militare in servizio presso il 7&#8217;Reggimento Alpini.<\/p>\n<p>L&#8217;iniziativa rappresenta un&#8217;importante opportunit\u00e0 in un territorio come quello bellunese, da anni segnato da una forte difficolt\u00e0 nel mercato degli affitti, caratterizzato da una limitata disponibilit\u00e0 di immobili e da canoni sempre pi\u00f9 elevati.<\/p>\n<p>Il risultato \u00e8 frutto di una proficua sinergia tra il Segretario Generale Regionale del SAM (Sindacato Autonomo dei Militari) Alessandro Farina e i vertici di Ater Belluno. L&#8217;ente, infatti, aveva da tempo manifestato l&#8217;intenzione di svincolare gli alloggi ex Incis per destinarli al patrimonio di edilizia residenziale pubblica.<\/p>\n<p>Gi\u00e0 nel corso del 2024, appresa tale prospettiva, Alessandro Farina ha avviato un&#8217;intensa attivit\u00e0 di interlocuzione con il Direttore di Ater Belluno, Dott. Alberto Pinto con l&#8217;obiettivo di evitare la perdita di un patrimonio storicamente destinato al personale militare, promuovendone invece il recupero e la valorizzazione.<\/p>\n<p>Grazie ai primi investimenti infrastrutturali, \u00e8 stata resa possibile l&#8217;abitabilit\u00e0 di cinque alloggi situati in via Col di Lana e uno in via San Lorenzo, che saranno oggetto del prossimo bando di assegnazione.<\/p>\n<p>Nei giorni scorsi, la Presidente Ilenia Rento e il Direttore Alberto Pinto sono stati ospiti del Comandante del Reggimento per illustrare l&#8217;iniziativa strategica di Ater e anticipare i contenuti dell&#8217;imminente bando.<\/p>\n<p>Soddisfazione \u00e8 stata espressa da Alessandro Farina, che ha dichiarato: &#8220;Si tratta di un&#8217;opportunit\u00e0 importante per il benessere dei nostri colleghi. Disporre di alloggi riservati, soprattutto nel Comune di Belluno, \u00e8 un valore significativo in un contesto segnato da una vera e propria emergenza abitativa, dovuta sia alla carenza di immobili sia ai prezzi spesso inaccessibili. Ater ha dimostrato grande sensibilit\u00e0 scegliendo di recuperare parte del proprio patrimonio. Questa iniziativa ha anche un impatto sociale positivo, contribuendo a ridurre la pressione sul mercato degli affitti. Anche a nome dei vertici nazionali del SAM, porgo un sentito ringraziamento al Direttore Dott. Alberto Pinto e alla Presidente Dott.ssa Ilenia Rento per la disponibilit\u00e0 dimostrata&#8221;.<\/p>","protected":false},"excerpt":{"rendered":"<p>Belluno, 13\/04\/2026 \u2013 Nei prossimi giorni Ater Belluno pubblicher\u00e0 un bando per l&#8217;assegnazione di alloggi &#8220;ex Incis&#8221; destinati al personale militare in servizio presso il 7&#8217;Reggimento Alpini. L&#8217;iniziativa rappresenta un&#8217;importante opportunit\u00e0 in un territorio come quello bellunese, da anni segnato da una forte difficolt\u00e0 nel mercato degli affitti, caratterizzato da una limitata disponibilit\u00e0 di immobili [&hellip;]<\/p>\n","protected":false},"author":2,"featured_media":169060,"comment_status":"closed","ping_status":"open","sticky":false,"template":"","format":"standard","meta":{"footnotes":""},"categories":[26,8],"tags":[],"class_list":["post-169059","post","type-post","status-publish","format-standard","has-post-thumbnail","category-prima-pagina","category-societa-istituzioni"],"yoast_head":"<!-- This site is optimized with the Yoast SEO plugin v28.4 - https:\/\/yoast.com\/product\/yoast-seo-wordpress\/ -->\n<title>Ater Belluno: in arrivo il bando per gli alloggi &quot;ex Incis&quot; destinati al personale del 7\u00b0 Reggimento Alpini - Bellunopress - Dolomiti<\/title>\n<meta name=\"robots\" content=\"index, follow, max-snippet:-1, max-image-preview:large, max-video-preview:-1\" \/>\n<link rel=\"canonical\" href=\"https:\/\/www.bellunopress.it\/fr\/2026\/04\/13\/ater-belluno-in-arrivo-il-bando-per-gli-alloggi-ex-incis-destinati-al-personale-del-7-reggimento-alpini\/\" \/>\n<meta property=\"og:locale\" content=\"fr_FR\" \/>\n<meta property=\"og:type\" content=\"article\" \/>\n<meta property=\"og:title\" content=\"Ater Belluno: in arrivo il bando per gli alloggi &quot;ex Incis&quot; destinati al personale del 7\u00b0 Reggimento Alpini - Bellunopress - Dolomiti\" \/>\n<meta property=\"og:description\" content=\"Belluno, 13\/04\/2026 \u2013 Nei prossimi giorni Ater Belluno pubblicher\u00e0 un bando per l&#8217;assegnazione di alloggi &#8220;ex Incis&#8221; destinati al personale militare in servizio presso il 7&#8217;Reggimento Alpini. L&#8217;iniziativa rappresenta un&#8217;importante opportunit\u00e0 in un territorio come quello bellunese, da anni segnato da una forte difficolt\u00e0 nel mercato degli affitti, caratterizzato da una limitata disponibilit\u00e0 di immobili [&hellip;]\" \/>\n<meta property=\"og:url\" content=\"https:\/\/www.bellunopress.it\/fr\/2026\/04\/13\/ater-belluno-in-arrivo-il-bando-per-gli-alloggi-ex-incis-destinati-al-personale-del-7-reggimento-alpini\/\" \/>\n<meta property=\"og:site_name\" content=\"Bellunopress - Dolomiti\" \/>\n<meta property=\"article:publisher\" content=\"https:\/\/www.facebook.com\/profile.php?id=100008943462799\" \/>\n<meta property=\"article:published_time\" content=\"2026-04-13T12:25:55+00:00\" \/>\n<meta property=\"og:image\" content=\"https:\/\/www.bellunopress.it\/wp-content\/uploads\/2026\/04\/Caserma-Salsa-Belluno.jpg\" \/>\n\t<meta property=\"og:image:width\" content=\"500\" \/>\n\t<meta property=\"og:image:height\" content=\"375\" \/>\n\t<meta property=\"og:image:type\" content=\"image\/jpeg\" \/>\n<meta name=\"author\" content=\"redazione\" \/>\n<meta name=\"twitter:card\" content=\"summary_large_image\" \/>\n<meta name=\"twitter:creator\" content=\"@bellunopress\" \/>\n<meta name=\"twitter:site\" content=\"@bellunopress\" \/>\n<meta name=\"twitter:label1\" content=\"\u00c9crit par\" \/>\n\t<meta name=\"twitter:data1\" content=\"redazione\" \/>\n\t<meta name=\"twitter:label2\" content=\"Dur\u00e9e de lecture estim\u00e9e\" \/>\n\t<meta name=\"twitter:data2\" content=\"2 minutes\" \/>\n<script type=\"application\/ld+json\" class=\"yoast-schema-graph\">{\"@context\":\"https:\\\/\\\/schema.org\",\"@graph\":[{\"@type\":\"Article\",\"@id\":\"https:\\\/\\\/www.bellunopress.it\\\/2026\\\/04\\\/13\\\/ater-belluno-in-arrivo-il-bando-per-gli-alloggi-ex-incis-destinati-al-personale-del-7-reggimento-alpini\\\/#article\",\"isPartOf\":{\"@id\":\"https:\\\/\\\/www.bellunopress.it\\\/2026\\\/04\\\/13\\\/ater-belluno-in-arrivo-il-bando-per-gli-alloggi-ex-incis-destinati-al-personale-del-7-reggimento-alpini\\\/\"},\"author\":{\"name\":\"redazione\",\"@id\":\"https:\\\/\\\/www.bellunopress.it\\\/#\\\/schema\\\/person\\\/79bb06722b37ece1c03d3e94beb30d73\"},\"headline\":\"Ater Belluno: in arrivo il bando per gli alloggi &#8220;ex Incis&#8221; destinati al personale del 7\u00b0 Reggimento Alpini\",\"datePublished\":\"2026-04-13T12:25:55+00:00\",\"mainEntityOfPage\":{\"@id\":\"https:\\\/\\\/www.bellunopress.it\\\/2026\\\/04\\\/13\\\/ater-belluno-in-arrivo-il-bando-per-gli-alloggi-ex-incis-destinati-al-personale-del-7-reggimento-alpini\\\/\"},\"wordCount\":353,\"publisher\":{\"@id\":\"https:\\\/\\\/www.bellunopress.it\\\/#organization\"},\"image\":{\"@id\":\"https:\\\/\\\/www.bellunopress.it\\\/2026\\\/04\\\/13\\\/ater-belluno-in-arrivo-il-bando-per-gli-alloggi-ex-incis-destinati-al-personale-del-7-reggimento-alpini\\\/#primaryimage\"},\"thumbnailUrl\":\"https:\\\/\\\/www.bellunopress.it\\\/wp-content\\\/uploads\\\/2026\\\/04\\\/Caserma-Salsa-Belluno.jpg\",\"articleSection\":[\"Prima Pagina\",\"Societ\u00e0, Associazioni, Istituzioni\"],\"inLanguage\":\"fr-FR\"},{\"@type\":\"WebPage\",\"@id\":\"https:\\\/\\\/www.bellunopress.it\\\/2026\\\/04\\\/13\\\/ater-belluno-in-arrivo-il-bando-per-gli-alloggi-ex-incis-destinati-al-personale-del-7-reggimento-alpini\\\/\",\"url\":\"https:\\\/\\\/www.bellunopress.it\\\/2026\\\/04\\\/13\\\/ater-belluno-in-arrivo-il-bando-per-gli-alloggi-ex-incis-destinati-al-personale-del-7-reggimento-alpini\\\/\",\"name\":\"Ater Belluno: in arrivo il bando per gli alloggi \\\"ex Incis\\\" destinati al personale del 7\u00b0 Reggimento Alpini - Bellunopress - Dolomiti\",\"isPartOf\":{\"@id\":\"https:\\\/\\\/www.bellunopress.it\\\/#website\"},\"primaryImageOfPage\":{\"@id\":\"https:\\\/\\\/www.bellunopress.it\\\/2026\\\/04\\\/13\\\/ater-belluno-in-arrivo-il-bando-per-gli-alloggi-ex-incis-destinati-al-personale-del-7-reggimento-alpini\\\/#primaryimage\"},\"image\":{\"@id\":\"https:\\\/\\\/www.bellunopress.it\\\/2026\\\/04\\\/13\\\/ater-belluno-in-arrivo-il-bando-per-gli-alloggi-ex-incis-destinati-al-personale-del-7-reggimento-alpini\\\/#primaryimage\"},\"thumbnailUrl\":\"https:\\\/\\\/www.bellunopress.it\\\/wp-content\\\/uploads\\\/2026\\\/04\\\/Caserma-Salsa-Belluno.jpg\",\"datePublished\":\"2026-04-13T12:25:55+00:00\",\"breadcrumb\":{\"@id\":\"https:\\\/\\\/www.bellunopress.it\\\/2026\\\/04\\\/13\\\/ater-belluno-in-arrivo-il-bando-per-gli-alloggi-ex-incis-destinati-al-personale-del-7-reggimento-alpini\\\/#breadcrumb\"},\"inLanguage\":\"fr-FR\",\"potentialAction\":[{\"@type\":\"ReadAction\",\"target\":[\"https:\\\/\\\/www.bellunopress.it\\\/2026\\\/04\\\/13\\\/ater-belluno-in-arrivo-il-bando-per-gli-alloggi-ex-incis-destinati-al-personale-del-7-reggimento-alpini\\\/\"]}]},{\"@type\":\"ImageObject\",\"inLanguage\":\"fr-FR\",\"@id\":\"https:\\\/\\\/www.bellunopress.it\\\/2026\\\/04\\\/13\\\/ater-belluno-in-arrivo-il-bando-per-gli-alloggi-ex-incis-destinati-al-personale-del-7-reggimento-alpini\\\/#primaryimage\",\"url\":\"https:\\\/\\\/www.bellunopress.it\\\/wp-content\\\/uploads\\\/2026\\\/04\\\/Caserma-Salsa-Belluno.jpg\",\"contentUrl\":\"https:\\\/\\\/www.bellunopress.it\\\/wp-content\\\/uploads\\\/2026\\\/04\\\/Caserma-Salsa-Belluno.jpg\",\"width\":500,\"height\":375},{\"@type\":\"BreadcrumbList\",\"@id\":\"https:\\\/\\\/www.bellunopress.it\\\/2026\\\/04\\\/13\\\/ater-belluno-in-arrivo-il-bando-per-gli-alloggi-ex-incis-destinati-al-personale-del-7-reggimento-alpini\\\/#breadcrumb\",\"itemListElement\":[{\"@type\":\"ListItem\",\"position\":1,\"name\":\"Home\",\"item\":\"https:\\\/\\\/www.bellunopress.it\\\/\"},{\"@type\":\"ListItem\",\"position\":2,\"name\":\"Ater Belluno: in arrivo il bando per gli alloggi &#8220;ex Incis&#8221; destinati al personale del 7\u00b0 Reggimento Alpini\"}]},{\"@type\":\"WebSite\",\"@id\":\"https:\\\/\\\/www.bellunopress.it\\\/#website\",\"url\":\"https:\\\/\\\/www.bellunopress.it\\\/\",\"name\":\"Bellunopress - Dolomiti\",\"description\":\"e-mail: redazione@bellunopress.it\",\"publisher\":{\"@id\":\"https:\\\/\\\/www.bellunopress.it\\\/#organization\"},\"potentialAction\":[{\"@type\":\"SearchAction\",\"target\":{\"@type\":\"EntryPoint\",\"urlTemplate\":\"https:\\\/\\\/www.bellunopress.it\\\/?s={search_term_string}\"},\"query-input\":{\"@type\":\"PropertyValueSpecification\",\"valueRequired\":true,\"valueName\":\"search_term_string\"}}],\"inLanguage\":\"fr-FR\"},{\"@type\":\"Organization\",\"@id\":\"https:\\\/\\\/www.bellunopress.it\\\/#organization\",\"name\":\"Bellunopress\",\"url\":\"https:\\\/\\\/www.bellunopress.it\\\/\",\"logo\":{\"@type\":\"ImageObject\",\"inLanguage\":\"fr-FR\",\"@id\":\"https:\\\/\\\/www.bellunopress.it\\\/#\\\/schema\\\/logo\\\/image\\\/\",\"url\":\"https:\\\/\\\/www.bellunopress.it\\\/wp-content\\\/uploads\\\/2011\\\/05\\\/cropped-logo-bellunopress-.jpg\",\"contentUrl\":\"https:\\\/\\\/www.bellunopress.it\\\/wp-content\\\/uploads\\\/2011\\\/05\\\/cropped-logo-bellunopress-.jpg\",\"width\":512,\"height\":512,\"caption\":\"Bellunopress\"},\"image\":{\"@id\":\"https:\\\/\\\/www.bellunopress.it\\\/#\\\/schema\\\/logo\\\/image\\\/\"},\"sameAs\":[\"https:\\\/\\\/www.facebook.com\\\/profile.php?id=100008943462799\",\"https:\\\/\\\/x.com\\\/bellunopress\",\"https:\\\/\\\/www.linkedin.com\\\/hp\\\/?dnr=JBzUWaJfMUw8vbXJJ2tVW5-I3jZKvC4wsoxE&amp;amp;amp;amp;amp;amp;trk=nav_responsive_tab_home\",\"https:\\\/\\\/www.youtube.com\\\/channel\\\/UCxL0wu1uN0_3_7hGG0306cw\"]},{\"@type\":\"Person\",\"@id\":\"https:\\\/\\\/www.bellunopress.it\\\/#\\\/schema\\\/person\\\/79bb06722b37ece1c03d3e94beb30d73\",\"name\":\"redazione\",\"image\":{\"@type\":\"ImageObject\",\"inLanguage\":\"fr-FR\",\"@id\":\"https:\\\/\\\/secure.gravatar.com\\\/avatar\\\/37d968a2e67a6fd04c169c4bdef102d0bc5d31b2546345219e348575eb80e9a0?s=96&d=mm&r=g\",\"url\":\"https:\\\/\\\/secure.gravatar.com\\\/avatar\\\/37d968a2e67a6fd04c169c4bdef102d0bc5d31b2546345219e348575eb80e9a0?s=96&d=mm&r=g\",\"contentUrl\":\"https:\\\/\\\/secure.gravatar.com\\\/avatar\\\/37d968a2e67a6fd04c169c4bdef102d0bc5d31b2546345219e348575eb80e9a0?s=96&d=mm&r=g\",\"caption\":\"redazione\"},\"sameAs\":[\"http:\\\/\\\/www.bellunopress.it\",\"https:\\\/\\\/x.com\\\/bellunopress\"],\"url\":\"https:\\\/\\\/www.bellunopress.it\\\/fr\\\/author\\\/redazione\\\/\"}]}<\/script>\n<!-- \/ Yoast SEO plugin. -->","yoast_head_json":{"title":"Ater Belluno: in arrivo il bando per gli alloggi \"ex Incis\" destinati al personale del 7\u00b0 Reggimento Alpini - Bellunopress - Dolomiti","robots":{"index":"index","follow":"follow","max-snippet":"max-snippet:-1","max-image-preview":"max-image-preview:large","max-video-preview":"max-video-preview:-1"},"canonical":"https:\/\/www.bellunopress.it\/fr\/2026\/04\/13\/ater-belluno-in-arrivo-il-bando-per-gli-alloggi-ex-incis-destinati-al-personale-del-7-reggimento-alpini\/","og_locale":"fr_FR","og_type":"article","og_title":"Ater Belluno: in arrivo il bando per gli alloggi \"ex Incis\" destinati al personale del 7\u00b0 Reggimento Alpini - Bellunopress - Dolomiti","og_description":"Belluno, 13\/04\/2026 \u2013 Nei prossimi giorni Ater Belluno pubblicher\u00e0 un bando per l&#8217;assegnazione di alloggi &#8220;ex Incis&#8221; destinati al personale militare in servizio presso il 7&#8217;Reggimento Alpini. L&#8217;iniziativa rappresenta un&#8217;importante opportunit\u00e0 in un territorio come quello bellunese, da anni segnato da una forte difficolt\u00e0 nel mercato degli affitti, caratterizzato da una limitata disponibilit\u00e0 di immobili [&hellip;]","og_url":"https:\/\/www.bellunopress.it\/fr\/2026\/04\/13\/ater-belluno-in-arrivo-il-bando-per-gli-alloggi-ex-incis-destinati-al-personale-del-7-reggimento-alpini\/","og_site_name":"Bellunopress - Dolomiti","article_publisher":"https:\/\/www.facebook.com\/profile.php?id=100008943462799","article_published_time":"2026-04-13T12:25:55+00:00","og_image":[{"width":500,"height":375,"url":"https:\/\/www.bellunopress.it\/wp-content\/uploads\/2026\/04\/Caserma-Salsa-Belluno.jpg","type":"image\/jpeg"}],"author":"redazione","twitter_card":"summary_large_image","twitter_creator":"@bellunopress","twitter_site":"@bellunopress","twitter_misc":{"\u00c9crit par":"redazione","Dur\u00e9e de lecture estim\u00e9e":"2 minutes"},"schema":{"@context":"https:\/\/schema.org","@graph":[{"@type":"Article","@id":"https:\/\/www.bellunopress.it\/2026\/04\/13\/ater-belluno-in-arrivo-il-bando-per-gli-alloggi-ex-incis-destinati-al-personale-del-7-reggimento-alpini\/#article","isPartOf":{"@id":"https:\/\/www.bellunopress.it\/2026\/04\/13\/ater-belluno-in-arrivo-il-bando-per-gli-alloggi-ex-incis-destinati-al-personale-del-7-reggimento-alpini\/"},"author":{"name":"redazione","@id":"https:\/\/www.bellunopress.it\/#\/schema\/person\/79bb06722b37ece1c03d3e94beb30d73"},"headline":"Ater Belluno: in arrivo il bando per gli alloggi &#8220;ex Incis&#8221; destinati al personale del 7\u00b0 Reggimento Alpini","datePublished":"2026-04-13T12:25:55+00:00","mainEntityOfPage":{"@id":"https:\/\/www.bellunopress.it\/2026\/04\/13\/ater-belluno-in-arrivo-il-bando-per-gli-alloggi-ex-incis-destinati-al-personale-del-7-reggimento-alpini\/"},"wordCount":353,"publisher":{"@id":"https:\/\/www.bellunopress.it\/#organization"},"image":{"@id":"https:\/\/www.bellunopress.it\/2026\/04\/13\/ater-belluno-in-arrivo-il-bando-per-gli-alloggi-ex-incis-destinati-al-personale-del-7-reggimento-alpini\/#primaryimage"},"thumbnailUrl":"https:\/\/www.bellunopress.it\/wp-content\/uploads\/2026\/04\/Caserma-Salsa-Belluno.jpg","articleSection":["Prima Pagina","Societ\u00e0, Associazioni, Istituzioni"],"inLanguage":"fr-FR"},{"@type":"WebPage","@id":"https:\/\/www.bellunopress.it\/2026\/04\/13\/ater-belluno-in-arrivo-il-bando-per-gli-alloggi-ex-incis-destinati-al-personale-del-7-reggimento-alpini\/","url":"https:\/\/www.bellunopress.it\/2026\/04\/13\/ater-belluno-in-arrivo-il-bando-per-gli-alloggi-ex-incis-destinati-al-personale-del-7-reggimento-alpini\/","name":"Ater Belluno: in arrivo il bando per gli alloggi \"ex Incis\" destinati al personale del 7\u00b0 Reggimento Alpini - Bellunopress - Dolomiti","isPartOf":{"@id":"https:\/\/www.bellunopress.it\/#website"},"primaryImageOfPage":{"@id":"https:\/\/www.bellunopress.it\/2026\/04\/13\/ater-belluno-in-arrivo-il-bando-per-gli-alloggi-ex-incis-destinati-al-personale-del-7-reggimento-alpini\/#primaryimage"},"image":{"@id":"https:\/\/www.bellunopress.it\/2026\/04\/13\/ater-belluno-in-arrivo-il-bando-per-gli-alloggi-ex-incis-destinati-al-personale-del-7-reggimento-alpini\/#primaryimage"},"thumbnailUrl":"https:\/\/www.bellunopress.it\/wp-content\/uploads\/2026\/04\/Caserma-Salsa-Belluno.jpg","datePublished":"2026-04-13T12:25:55+00:00","breadcrumb":{"@id":"https:\/\/www.bellunopress.it\/2026\/04\/13\/ater-belluno-in-arrivo-il-bando-per-gli-alloggi-ex-incis-destinati-al-personale-del-7-reggimento-alpini\/#breadcrumb"},"inLanguage":"fr-FR","potentialAction":[{"@type":"ReadAction","target":["https:\/\/www.bellunopress.it\/2026\/04\/13\/ater-belluno-in-arrivo-il-bando-per-gli-alloggi-ex-incis-destinati-al-personale-del-7-reggimento-alpini\/"]}]},{"@type":"ImageObject","inLanguage":"fr-FR","@id":"https:\/\/www.bellunopress.it\/2026\/04\/13\/ater-belluno-in-arrivo-il-bando-per-gli-alloggi-ex-incis-destinati-al-personale-del-7-reggimento-alpini\/#primaryimage","url":"https:\/\/www.bellunopress.it\/wp-content\/uploads\/2026\/04\/Caserma-Salsa-Belluno.jpg","contentUrl":"https:\/\/www.bellunopress.it\/wp-content\/uploads\/2026\/04\/Caserma-Salsa-Belluno.jpg","width":500,"height":375},{"@type":"BreadcrumbList","@id":"https:\/\/www.bellunopress.it\/2026\/04\/13\/ater-belluno-in-arrivo-il-bando-per-gli-alloggi-ex-incis-destinati-al-personale-del-7-reggimento-alpini\/#breadcrumb","itemListElement":[{"@type":"ListItem","position":1,"name":"Home","item":"https:\/\/www.bellunopress.it\/"},{"@type":"ListItem","position":2,"name":"Ater Belluno: in arrivo il bando per gli alloggi &#8220;ex Incis&#8221; destinati al personale del 7\u00b0 Reggimento Alpini"}]},{"@type":"WebSite","@id":"https:\/\/www.bellunopress.it\/#website","url":"https:\/\/www.bellunopress.it\/","name":"Bellunopress - Dolomiti","description":"e-mail: redazione@bellunopress.it","publisher":{"@id":"https:\/\/www.bellunopress.it\/#organization"},"potentialAction":[{"@type":"SearchAction","target":{"@type":"EntryPoint","urlTemplate":"https:\/\/www.bellunopress.it\/?s={search_term_string}"},"query-input":{"@type":"PropertyValueSpecification","valueRequired":true,"valueName":"search_term_string"}}],"inLanguage":"fr-FR"},{"@type":"Organization","@id":"https:\/\/www.bellunopress.it\/#organization","name":"Bellunopress","url":"https:\/\/www.bellunopress.it\/","logo":{"@type":"ImageObject","inLanguage":"fr-FR","@id":"https:\/\/www.bellunopress.it\/#\/schema\/logo\/image\/","url":"https:\/\/www.bellunopress.it\/wp-content\/uploads\/2011\/05\/cropped-logo-bellunopress-.jpg","contentUrl":"https:\/\/www.bellunopress.it\/wp-content\/uploads\/2011\/05\/cropped-logo-bellunopress-.jpg","width":512,"height":512,"caption":"Bellunopress"},"image":{"@id":"https:\/\/www.bellunopress.it\/#\/schema\/logo\/image\/"},"sameAs":["https:\/\/www.facebook.com\/profile.php?id=100008943462799","https:\/\/x.com\/bellunopress","https:\/\/www.linkedin.com\/hp\/?dnr=JBzUWaJfMUw8vbXJJ2tVW5-I3jZKvC4wsoxE&amp;amp;amp;amp;amp;amp;trk=nav_responsive_tab_home","https:\/\/www.youtube.com\/channel\/UCxL0wu1uN0_3_7hGG0306cw"]},{"@type":"Person","@id":"https:\/\/www.bellunopress.it\/#\/schema\/person\/79bb06722b37ece1c03d3e94beb30d73","name":"r\u00e9daction","image":{"@type":"ImageObject","inLanguage":"fr-FR","@id":"https:\/\/secure.gravatar.com\/avatar\/37d968a2e67a6fd04c169c4bdef102d0bc5d31b2546345219e348575eb80e9a0?s=96&d=mm&r=g","url":"https:\/\/secure.gravatar.com\/avatar\/37d968a2e67a6fd04c169c4bdef102d0bc5d31b2546345219e348575eb80e9a0?s=96&d=mm&r=g","contentUrl":"https:\/\/secure.gravatar.com\/avatar\/37d968a2e67a6fd04c169c4bdef102d0bc5d31b2546345219e348575eb80e9a0?s=96&d=mm&r=g","caption":"redazione"},"sameAs":["http:\/\/www.bellunopress.it","https:\/\/x.com\/bellunopress"],"url":"https:\/\/www.bellunopress.it\/fr\/author\/redazione\/"}]}},"_links":{"self":[{"href":"https:\/\/www.bellunopress.it\/fr\/wp-json\/wp\/v2\/posts\/169059","targetHints":{"allow":["GET"]}}],"collection":[{"href":"https:\/\/www.bellunopress.it\/fr\/wp-json\/wp\/v2\/posts"}],"about":[{"href":"https:\/\/www.bellunopress.it\/fr\/wp-json\/wp\/v2\/types\/post"}],"author":[{"embeddable":true,"href":"https:\/\/www.bellunopress.it\/fr\/wp-json\/wp\/v2\/users\/2"}],"replies":[{"embeddable":true,"href":"https:\/\/www.bellunopress.it\/fr\/wp-json\/wp\/v2\/comments?post=169059"}],"version-history":[{"count":1,"href":"https:\/\/www.bellunopress.it\/fr\/wp-json\/wp\/v2\/posts\/169059\/revisions"}],"predecessor-version":[{"id":169061,"href":"https:\/\/www.bellunopress.it\/fr\/wp-json\/wp\/v2\/posts\/169059\/revisions\/169061"}],"wp:featuredmedia":[{"embeddable":true,"href":"https:\/\/www.bellunopress.it\/fr\/wp-json\/wp\/v2\/media\/169060"}],"wp:attachment":[{"href":"https:\/\/www.bellunopress.it\/fr\/wp-json\/wp\/v2\/media?parent=169059"}],"wp:term":[{"taxonomy":"category","embeddable":true,"href":"https:\/\/www.bellunopress.it\/fr\/wp-json\/wp\/v2\/categories?post=169059"},{"taxonomy":"post_tag","embeddable":true,"href":"https:\/\/www.bellunopress.it\/fr\/wp-json\/wp\/v2\/tags?post=169059"}],"curies":[{"name":"wp","href":"https:\/\/api.w.org\/{rel}","templated":true}]}}