{"id":169057,"date":"2026-04-13T12:12:32","date_gmt":"2026-04-13T10:12:32","guid":{"rendered":"https:\/\/www.bellunopress.it\/?p=169057"},"modified":"2026-04-13T12:12:32","modified_gmt":"2026-04-13T10:12:32","slug":"a-48-anni-dalla-legge-basaglia-a-belluno-un-seminario-di-studi-sul-tso-tra-profili-giuridici-clinici-e-costituzionali","status":"publish","type":"post","link":"https:\/\/www.bellunopress.it\/fr\/2026\/04\/13\/a-48-anni-dalla-legge-basaglia-a-belluno-un-seminario-di-studi-sul-tso-tra-profili-giuridici-clinici-e-costituzionali\/","title":{"rendered":"\u201cA 48 anni dalla legge Basaglia\u201d: a Belluno un seminario di studi sul TSO tra profili giuridici, clinici e costituzionali"},"content":{"rendered":"<p>Venerd\u00ec 17 aprile 2026, dalle ore 15.30 alle 17.30, presso il Centro Consorzi di Sedico (Belluno), Z.I. Gresal 5\/E, si terr\u00e0 il seminario di studi dal titolo \u201cA 48 anni dalla legge Basaglia\u201d, promosso con il coinvolgimento di istituzioni accademiche e professionali del territorio.<\/p>\n<p>L\u2019iniziativa intende offrire una riflessione approfondita sul trattamento sanitario obbligatorio, affrontato nella sua complessit\u00e0 umana, clinica e giuridica, anche alla luce dei pi\u00f9 recenti sviluppi giurisprudenziali. Particolare attenzione sar\u00e0 dedicata al delicato rapporto tra tutela della salute e libert\u00e0 personale, tema di centrale rilievo nell\u2019attuale dibattito pubblico e scientifico.<\/p>\n<p>Il seminario vedr\u00e0 la partecipazione di autorevoli relatori provenienti dal mondo universitario, forense, giudiziario e sanitario. Dopo i saluti istituzionali della Prof.ssa Adriana Bisirri, Presidente della SSML\/Istituto di grado universitario \u201cSan Domenico\u201d di Roma, della Dott.ssa Silvia Ferrari, Presidente del Tribunale Ordinario di Belluno, dell\u2019Avv. Alessio Morosin, Consigliere regionale veneto e Avvocato del Foro di Venezia, dell\u2019Avv. Sonia Sommacal, Avvocato del Foro di Belluno, del Dott. Michele Talo, Presidente del Polo territoriale \u201cUnidolomiti\u201d di Belluno, e della Prof.ssa Francesca Ferrazza, referente e coordinatrice didattica del Polo territoriale Unidolomiti, seguiranno gli interventi dell\u2019Avv. Filippo Teglia, dell\u2019Avv. Anna Polifroni, del Dott. Giuseppe Salce, Direttore dell\u2019Unit\u00e0 operativa complessa di Psichiatria dell\u2019Ospedale civile \u201cSan Valentino\u201d di Montebelluna, e della stessa Dott.ssa Silvia Ferrari, che interverr\u00e0 sul tema del TSO dopo la sentenza n. 76 del 2025 della Corte costituzionale.<\/p>\n<p>A moderare i lavori sar\u00e0 il Prof. Daniele Trabucco, Professore strutturato di Diritto costituzionale e Diritto pubblico comparato presso la SSML\/Istituto di grado universitario \u201cSan Domenico\u201d di Roma.<\/p>\n<p>L\u2019evento si svolger\u00e0 in presenza. Sar\u00e0 comunque possibile seguire l\u2019incontro anche a distanza, richiedendo preventivamente il link di collegamento agli organizzatori.<\/p>\n<p>Per informazioni e prenotazioni: Francesca Ferrazza \u2013 0437 851355 \u2013 universita@unidolomiti.it<\/p>","protected":false},"excerpt":{"rendered":"<p>Venerd\u00ec 17 aprile 2026, dalle ore 15.30 alle 17.30, presso il Centro Consorzi di Sedico (Belluno), Z.I. Gresal 5\/E, si terr\u00e0 il seminario di studi dal titolo \u201cA 48 anni dalla legge Basaglia\u201d, promosso con il coinvolgimento di istituzioni accademiche e professionali del territorio. L\u2019iniziativa intende offrire una riflessione approfondita sul trattamento sanitario obbligatorio, affrontato [&hellip;]<\/p>\n","protected":false},"author":2,"featured_media":158463,"comment_status":"closed","ping_status":"open","sticky":false,"template":"","format":"standard","meta":{"footnotes":""},"categories":[27,25],"tags":[],"class_list":["post-169057","post","type-post","status-publish","format-standard","has-post-thumbnail","category-appuntamenti","category-pausa-caffe"],"yoast_head":"<!-- This site is optimized with the Yoast SEO plugin v28.4 - https:\/\/yoast.com\/product\/yoast-seo-wordpress\/ -->\n<title>\u201cA 48 anni dalla legge Basaglia\u201d: a Belluno un seminario di studi sul TSO tra profili giuridici, clinici e costituzionali - Bellunopress - Dolomiti<\/title>\n<meta name=\"robots\" content=\"index, follow, max-snippet:-1, max-image-preview:large, max-video-preview:-1\" \/>\n<link rel=\"canonical\" href=\"https:\/\/www.bellunopress.it\/fr\/2026\/04\/13\/a-48-anni-dalla-legge-basaglia-a-belluno-un-seminario-di-studi-sul-tso-tra-profili-giuridici-clinici-e-costituzionali\/\" \/>\n<meta property=\"og:locale\" content=\"fr_FR\" \/>\n<meta property=\"og:type\" content=\"article\" \/>\n<meta property=\"og:title\" content=\"\u201cA 48 anni dalla legge Basaglia\u201d: a Belluno un seminario di studi sul TSO tra profili giuridici, clinici e costituzionali - Bellunopress - Dolomiti\" \/>\n<meta property=\"og:description\" content=\"Venerd\u00ec 17 aprile 2026, dalle ore 15.30 alle 17.30, presso il Centro Consorzi di Sedico (Belluno), Z.I. Gresal 5\/E, si terr\u00e0 il seminario di studi dal titolo \u201cA 48 anni dalla legge Basaglia\u201d, promosso con il coinvolgimento di istituzioni accademiche e professionali del territorio. L\u2019iniziativa intende offrire una riflessione approfondita sul trattamento sanitario obbligatorio, affrontato [&hellip;]\" \/>\n<meta property=\"og:url\" content=\"https:\/\/www.bellunopress.it\/fr\/2026\/04\/13\/a-48-anni-dalla-legge-basaglia-a-belluno-un-seminario-di-studi-sul-tso-tra-profili-giuridici-clinici-e-costituzionali\/\" \/>\n<meta property=\"og:site_name\" content=\"Bellunopress - Dolomiti\" \/>\n<meta property=\"article:publisher\" content=\"https:\/\/www.facebook.com\/profile.php?id=100008943462799\" \/>\n<meta property=\"article:published_time\" content=\"2026-04-13T10:12:32+00:00\" \/>\n<meta property=\"og:image\" content=\"https:\/\/www.bellunopress.it\/wp-content\/uploads\/2025\/03\/centro-consorzi-Corsi-e1776075117585.jpg\" \/>\n\t<meta property=\"og:image:width\" content=\"1263\" \/>\n\t<meta property=\"og:image:height\" content=\"495\" \/>\n\t<meta property=\"og:image:type\" content=\"image\/jpeg\" \/>\n<meta name=\"author\" content=\"redazione\" \/>\n<meta name=\"twitter:card\" content=\"summary_large_image\" \/>\n<meta name=\"twitter:creator\" content=\"@bellunopress\" \/>\n<meta name=\"twitter:site\" content=\"@bellunopress\" \/>\n<meta name=\"twitter:label1\" content=\"\u00c9crit par\" \/>\n\t<meta name=\"twitter:data1\" content=\"redazione\" \/>\n\t<meta name=\"twitter:label2\" content=\"Dur\u00e9e de lecture estim\u00e9e\" \/>\n\t<meta name=\"twitter:data2\" content=\"1 minute\" \/>\n<script type=\"application\/ld+json\" class=\"yoast-schema-graph\">{\"@context\":\"https:\\\/\\\/schema.org\",\"@graph\":[{\"@type\":\"Article\",\"@id\":\"https:\\\/\\\/www.bellunopress.it\\\/2026\\\/04\\\/13\\\/a-48-anni-dalla-legge-basaglia-a-belluno-un-seminario-di-studi-sul-tso-tra-profili-giuridici-clinici-e-costituzionali\\\/#article\",\"isPartOf\":{\"@id\":\"https:\\\/\\\/www.bellunopress.it\\\/2026\\\/04\\\/13\\\/a-48-anni-dalla-legge-basaglia-a-belluno-un-seminario-di-studi-sul-tso-tra-profili-giuridici-clinici-e-costituzionali\\\/\"},\"author\":{\"name\":\"redazione\",\"@id\":\"https:\\\/\\\/www.bellunopress.it\\\/#\\\/schema\\\/person\\\/79bb06722b37ece1c03d3e94beb30d73\"},\"headline\":\"\u201cA 48 anni dalla legge Basaglia\u201d: a Belluno un seminario di studi sul TSO tra profili giuridici, clinici e costituzionali\",\"datePublished\":\"2026-04-13T10:12:32+00:00\",\"mainEntityOfPage\":{\"@id\":\"https:\\\/\\\/www.bellunopress.it\\\/2026\\\/04\\\/13\\\/a-48-anni-dalla-legge-basaglia-a-belluno-un-seminario-di-studi-sul-tso-tra-profili-giuridici-clinici-e-costituzionali\\\/\"},\"wordCount\":315,\"publisher\":{\"@id\":\"https:\\\/\\\/www.bellunopress.it\\\/#organization\"},\"image\":{\"@id\":\"https:\\\/\\\/www.bellunopress.it\\\/2026\\\/04\\\/13\\\/a-48-anni-dalla-legge-basaglia-a-belluno-un-seminario-di-studi-sul-tso-tra-profili-giuridici-clinici-e-costituzionali\\\/#primaryimage\"},\"thumbnailUrl\":\"https:\\\/\\\/www.bellunopress.it\\\/wp-content\\\/uploads\\\/2025\\\/03\\\/centro-consorzi-Corsi-e1776075117585.jpg\",\"articleSection\":[\"Appuntamenti, Eventi\",\"Pausa Caff\u00e8\"],\"inLanguage\":\"fr-FR\"},{\"@type\":\"WebPage\",\"@id\":\"https:\\\/\\\/www.bellunopress.it\\\/2026\\\/04\\\/13\\\/a-48-anni-dalla-legge-basaglia-a-belluno-un-seminario-di-studi-sul-tso-tra-profili-giuridici-clinici-e-costituzionali\\\/\",\"url\":\"https:\\\/\\\/www.bellunopress.it\\\/2026\\\/04\\\/13\\\/a-48-anni-dalla-legge-basaglia-a-belluno-un-seminario-di-studi-sul-tso-tra-profili-giuridici-clinici-e-costituzionali\\\/\",\"name\":\"\u201cA 48 anni dalla legge Basaglia\u201d: a Belluno un seminario di studi sul TSO tra profili giuridici, clinici e costituzionali - Bellunopress - Dolomiti\",\"isPartOf\":{\"@id\":\"https:\\\/\\\/www.bellunopress.it\\\/#website\"},\"primaryImageOfPage\":{\"@id\":\"https:\\\/\\\/www.bellunopress.it\\\/2026\\\/04\\\/13\\\/a-48-anni-dalla-legge-basaglia-a-belluno-un-seminario-di-studi-sul-tso-tra-profili-giuridici-clinici-e-costituzionali\\\/#primaryimage\"},\"image\":{\"@id\":\"https:\\\/\\\/www.bellunopress.it\\\/2026\\\/04\\\/13\\\/a-48-anni-dalla-legge-basaglia-a-belluno-un-seminario-di-studi-sul-tso-tra-profili-giuridici-clinici-e-costituzionali\\\/#primaryimage\"},\"thumbnailUrl\":\"https:\\\/\\\/www.bellunopress.it\\\/wp-content\\\/uploads\\\/2025\\\/03\\\/centro-consorzi-Corsi-e1776075117585.jpg\",\"datePublished\":\"2026-04-13T10:12:32+00:00\",\"breadcrumb\":{\"@id\":\"https:\\\/\\\/www.bellunopress.it\\\/2026\\\/04\\\/13\\\/a-48-anni-dalla-legge-basaglia-a-belluno-un-seminario-di-studi-sul-tso-tra-profili-giuridici-clinici-e-costituzionali\\\/#breadcrumb\"},\"inLanguage\":\"fr-FR\",\"potentialAction\":[{\"@type\":\"ReadAction\",\"target\":[\"https:\\\/\\\/www.bellunopress.it\\\/2026\\\/04\\\/13\\\/a-48-anni-dalla-legge-basaglia-a-belluno-un-seminario-di-studi-sul-tso-tra-profili-giuridici-clinici-e-costituzionali\\\/\"]}]},{\"@type\":\"ImageObject\",\"inLanguage\":\"fr-FR\",\"@id\":\"https:\\\/\\\/www.bellunopress.it\\\/2026\\\/04\\\/13\\\/a-48-anni-dalla-legge-basaglia-a-belluno-un-seminario-di-studi-sul-tso-tra-profili-giuridici-clinici-e-costituzionali\\\/#primaryimage\",\"url\":\"https:\\\/\\\/www.bellunopress.it\\\/wp-content\\\/uploads\\\/2025\\\/03\\\/centro-consorzi-Corsi-e1776075117585.jpg\",\"contentUrl\":\"https:\\\/\\\/www.bellunopress.it\\\/wp-content\\\/uploads\\\/2025\\\/03\\\/centro-consorzi-Corsi-e1776075117585.jpg\",\"width\":1263,\"height\":495},{\"@type\":\"BreadcrumbList\",\"@id\":\"https:\\\/\\\/www.bellunopress.it\\\/2026\\\/04\\\/13\\\/a-48-anni-dalla-legge-basaglia-a-belluno-un-seminario-di-studi-sul-tso-tra-profili-giuridici-clinici-e-costituzionali\\\/#breadcrumb\",\"itemListElement\":[{\"@type\":\"ListItem\",\"position\":1,\"name\":\"Home\",\"item\":\"https:\\\/\\\/www.bellunopress.it\\\/\"},{\"@type\":\"ListItem\",\"position\":2,\"name\":\"\u201cA 48 anni dalla legge Basaglia\u201d: a Belluno un seminario di studi sul TSO tra profili giuridici, clinici e costituzionali\"}]},{\"@type\":\"WebSite\",\"@id\":\"https:\\\/\\\/www.bellunopress.it\\\/#website\",\"url\":\"https:\\\/\\\/www.bellunopress.it\\\/\",\"name\":\"Bellunopress - Dolomiti\",\"description\":\"e-mail: redazione@bellunopress.it\",\"publisher\":{\"@id\":\"https:\\\/\\\/www.bellunopress.it\\\/#organization\"},\"potentialAction\":[{\"@type\":\"SearchAction\",\"target\":{\"@type\":\"EntryPoint\",\"urlTemplate\":\"https:\\\/\\\/www.bellunopress.it\\\/?s={search_term_string}\"},\"query-input\":{\"@type\":\"PropertyValueSpecification\",\"valueRequired\":true,\"valueName\":\"search_term_string\"}}],\"inLanguage\":\"fr-FR\"},{\"@type\":\"Organization\",\"@id\":\"https:\\\/\\\/www.bellunopress.it\\\/#organization\",\"name\":\"Bellunopress\",\"url\":\"https:\\\/\\\/www.bellunopress.it\\\/\",\"logo\":{\"@type\":\"ImageObject\",\"inLanguage\":\"fr-FR\",\"@id\":\"https:\\\/\\\/www.bellunopress.it\\\/#\\\/schema\\\/logo\\\/image\\\/\",\"url\":\"https:\\\/\\\/www.bellunopress.it\\\/wp-content\\\/uploads\\\/2011\\\/05\\\/cropped-logo-bellunopress-.jpg\",\"contentUrl\":\"https:\\\/\\\/www.bellunopress.it\\\/wp-content\\\/uploads\\\/2011\\\/05\\\/cropped-logo-bellunopress-.jpg\",\"width\":512,\"height\":512,\"caption\":\"Bellunopress\"},\"image\":{\"@id\":\"https:\\\/\\\/www.bellunopress.it\\\/#\\\/schema\\\/logo\\\/image\\\/\"},\"sameAs\":[\"https:\\\/\\\/www.facebook.com\\\/profile.php?id=100008943462799\",\"https:\\\/\\\/x.com\\\/bellunopress\",\"https:\\\/\\\/www.linkedin.com\\\/hp\\\/?dnr=JBzUWaJfMUw8vbXJJ2tVW5-I3jZKvC4wsoxE&amp;amp;amp;amp;amp;amp;trk=nav_responsive_tab_home\",\"https:\\\/\\\/www.youtube.com\\\/channel\\\/UCxL0wu1uN0_3_7hGG0306cw\"]},{\"@type\":\"Person\",\"@id\":\"https:\\\/\\\/www.bellunopress.it\\\/#\\\/schema\\\/person\\\/79bb06722b37ece1c03d3e94beb30d73\",\"name\":\"redazione\",\"image\":{\"@type\":\"ImageObject\",\"inLanguage\":\"fr-FR\",\"@id\":\"https:\\\/\\\/secure.gravatar.com\\\/avatar\\\/37d968a2e67a6fd04c169c4bdef102d0bc5d31b2546345219e348575eb80e9a0?s=96&d=mm&r=g\",\"url\":\"https:\\\/\\\/secure.gravatar.com\\\/avatar\\\/37d968a2e67a6fd04c169c4bdef102d0bc5d31b2546345219e348575eb80e9a0?s=96&d=mm&r=g\",\"contentUrl\":\"https:\\\/\\\/secure.gravatar.com\\\/avatar\\\/37d968a2e67a6fd04c169c4bdef102d0bc5d31b2546345219e348575eb80e9a0?s=96&d=mm&r=g\",\"caption\":\"redazione\"},\"sameAs\":[\"http:\\\/\\\/www.bellunopress.it\",\"https:\\\/\\\/x.com\\\/bellunopress\"],\"url\":\"https:\\\/\\\/www.bellunopress.it\\\/fr\\\/author\\\/redazione\\\/\"}]}<\/script>\n<!-- \/ Yoast SEO plugin. -->","yoast_head_json":{"title":"\u201cA 48 anni dalla legge Basaglia\u201d: a Belluno un seminario di studi sul TSO tra profili giuridici, clinici e costituzionali - Bellunopress - Dolomiti","robots":{"index":"index","follow":"follow","max-snippet":"max-snippet:-1","max-image-preview":"max-image-preview:large","max-video-preview":"max-video-preview:-1"},"canonical":"https:\/\/www.bellunopress.it\/fr\/2026\/04\/13\/a-48-anni-dalla-legge-basaglia-a-belluno-un-seminario-di-studi-sul-tso-tra-profili-giuridici-clinici-e-costituzionali\/","og_locale":"fr_FR","og_type":"article","og_title":"\u201cA 48 anni dalla legge Basaglia\u201d: a Belluno un seminario di studi sul TSO tra profili giuridici, clinici e costituzionali - Bellunopress - Dolomiti","og_description":"Venerd\u00ec 17 aprile 2026, dalle ore 15.30 alle 17.30, presso il Centro Consorzi di Sedico (Belluno), Z.I. Gresal 5\/E, si terr\u00e0 il seminario di studi dal titolo \u201cA 48 anni dalla legge Basaglia\u201d, promosso con il coinvolgimento di istituzioni accademiche e professionali del territorio. L\u2019iniziativa intende offrire una riflessione approfondita sul trattamento sanitario obbligatorio, affrontato [&hellip;]","og_url":"https:\/\/www.bellunopress.it\/fr\/2026\/04\/13\/a-48-anni-dalla-legge-basaglia-a-belluno-un-seminario-di-studi-sul-tso-tra-profili-giuridici-clinici-e-costituzionali\/","og_site_name":"Bellunopress - Dolomiti","article_publisher":"https:\/\/www.facebook.com\/profile.php?id=100008943462799","article_published_time":"2026-04-13T10:12:32+00:00","og_image":[{"width":1263,"height":495,"url":"https:\/\/www.bellunopress.it\/wp-content\/uploads\/2025\/03\/centro-consorzi-Corsi-e1776075117585.jpg","type":"image\/jpeg"}],"author":"redazione","twitter_card":"summary_large_image","twitter_creator":"@bellunopress","twitter_site":"@bellunopress","twitter_misc":{"\u00c9crit par":"redazione","Dur\u00e9e de lecture estim\u00e9e":"1 minute"},"schema":{"@context":"https:\/\/schema.org","@graph":[{"@type":"Article","@id":"https:\/\/www.bellunopress.it\/2026\/04\/13\/a-48-anni-dalla-legge-basaglia-a-belluno-un-seminario-di-studi-sul-tso-tra-profili-giuridici-clinici-e-costituzionali\/#article","isPartOf":{"@id":"https:\/\/www.bellunopress.it\/2026\/04\/13\/a-48-anni-dalla-legge-basaglia-a-belluno-un-seminario-di-studi-sul-tso-tra-profili-giuridici-clinici-e-costituzionali\/"},"author":{"name":"redazione","@id":"https:\/\/www.bellunopress.it\/#\/schema\/person\/79bb06722b37ece1c03d3e94beb30d73"},"headline":"\u201cA 48 anni dalla legge Basaglia\u201d: a Belluno un seminario di studi sul TSO tra profili giuridici, clinici e costituzionali","datePublished":"2026-04-13T10:12:32+00:00","mainEntityOfPage":{"@id":"https:\/\/www.bellunopress.it\/2026\/04\/13\/a-48-anni-dalla-legge-basaglia-a-belluno-un-seminario-di-studi-sul-tso-tra-profili-giuridici-clinici-e-costituzionali\/"},"wordCount":315,"publisher":{"@id":"https:\/\/www.bellunopress.it\/#organization"},"image":{"@id":"https:\/\/www.bellunopress.it\/2026\/04\/13\/a-48-anni-dalla-legge-basaglia-a-belluno-un-seminario-di-studi-sul-tso-tra-profili-giuridici-clinici-e-costituzionali\/#primaryimage"},"thumbnailUrl":"https:\/\/www.bellunopress.it\/wp-content\/uploads\/2025\/03\/centro-consorzi-Corsi-e1776075117585.jpg","articleSection":["Appuntamenti, Eventi","Pausa Caff\u00e8"],"inLanguage":"fr-FR"},{"@type":"WebPage","@id":"https:\/\/www.bellunopress.it\/2026\/04\/13\/a-48-anni-dalla-legge-basaglia-a-belluno-un-seminario-di-studi-sul-tso-tra-profili-giuridici-clinici-e-costituzionali\/","url":"https:\/\/www.bellunopress.it\/2026\/04\/13\/a-48-anni-dalla-legge-basaglia-a-belluno-un-seminario-di-studi-sul-tso-tra-profili-giuridici-clinici-e-costituzionali\/","name":"\u201cA 48 anni dalla legge Basaglia\u201d: a Belluno un seminario di studi sul TSO tra profili giuridici, clinici e costituzionali - Bellunopress - Dolomiti","isPartOf":{"@id":"https:\/\/www.bellunopress.it\/#website"},"primaryImageOfPage":{"@id":"https:\/\/www.bellunopress.it\/2026\/04\/13\/a-48-anni-dalla-legge-basaglia-a-belluno-un-seminario-di-studi-sul-tso-tra-profili-giuridici-clinici-e-costituzionali\/#primaryimage"},"image":{"@id":"https:\/\/www.bellunopress.it\/2026\/04\/13\/a-48-anni-dalla-legge-basaglia-a-belluno-un-seminario-di-studi-sul-tso-tra-profili-giuridici-clinici-e-costituzionali\/#primaryimage"},"thumbnailUrl":"https:\/\/www.bellunopress.it\/wp-content\/uploads\/2025\/03\/centro-consorzi-Corsi-e1776075117585.jpg","datePublished":"2026-04-13T10:12:32+00:00","breadcrumb":{"@id":"https:\/\/www.bellunopress.it\/2026\/04\/13\/a-48-anni-dalla-legge-basaglia-a-belluno-un-seminario-di-studi-sul-tso-tra-profili-giuridici-clinici-e-costituzionali\/#breadcrumb"},"inLanguage":"fr-FR","potentialAction":[{"@type":"ReadAction","target":["https:\/\/www.bellunopress.it\/2026\/04\/13\/a-48-anni-dalla-legge-basaglia-a-belluno-un-seminario-di-studi-sul-tso-tra-profili-giuridici-clinici-e-costituzionali\/"]}]},{"@type":"ImageObject","inLanguage":"fr-FR","@id":"https:\/\/www.bellunopress.it\/2026\/04\/13\/a-48-anni-dalla-legge-basaglia-a-belluno-un-seminario-di-studi-sul-tso-tra-profili-giuridici-clinici-e-costituzionali\/#primaryimage","url":"https:\/\/www.bellunopress.it\/wp-content\/uploads\/2025\/03\/centro-consorzi-Corsi-e1776075117585.jpg","contentUrl":"https:\/\/www.bellunopress.it\/wp-content\/uploads\/2025\/03\/centro-consorzi-Corsi-e1776075117585.jpg","width":1263,"height":495},{"@type":"BreadcrumbList","@id":"https:\/\/www.bellunopress.it\/2026\/04\/13\/a-48-anni-dalla-legge-basaglia-a-belluno-un-seminario-di-studi-sul-tso-tra-profili-giuridici-clinici-e-costituzionali\/#breadcrumb","itemListElement":[{"@type":"ListItem","position":1,"name":"Home","item":"https:\/\/www.bellunopress.it\/"},{"@type":"ListItem","position":2,"name":"\u201cA 48 anni dalla legge Basaglia\u201d: a Belluno un seminario di studi sul TSO tra profili giuridici, clinici e costituzionali"}]},{"@type":"WebSite","@id":"https:\/\/www.bellunopress.it\/#website","url":"https:\/\/www.bellunopress.it\/","name":"Bellunopress - Dolomiti","description":"e-mail: redazione@bellunopress.it","publisher":{"@id":"https:\/\/www.bellunopress.it\/#organization"},"potentialAction":[{"@type":"SearchAction","target":{"@type":"EntryPoint","urlTemplate":"https:\/\/www.bellunopress.it\/?s={search_term_string}"},"query-input":{"@type":"PropertyValueSpecification","valueRequired":true,"valueName":"search_term_string"}}],"inLanguage":"fr-FR"},{"@type":"Organization","@id":"https:\/\/www.bellunopress.it\/#organization","name":"Bellunopress","url":"https:\/\/www.bellunopress.it\/","logo":{"@type":"ImageObject","inLanguage":"fr-FR","@id":"https:\/\/www.bellunopress.it\/#\/schema\/logo\/image\/","url":"https:\/\/www.bellunopress.it\/wp-content\/uploads\/2011\/05\/cropped-logo-bellunopress-.jpg","contentUrl":"https:\/\/www.bellunopress.it\/wp-content\/uploads\/2011\/05\/cropped-logo-bellunopress-.jpg","width":512,"height":512,"caption":"Bellunopress"},"image":{"@id":"https:\/\/www.bellunopress.it\/#\/schema\/logo\/image\/"},"sameAs":["https:\/\/www.facebook.com\/profile.php?id=100008943462799","https:\/\/x.com\/bellunopress","https:\/\/www.linkedin.com\/hp\/?dnr=JBzUWaJfMUw8vbXJJ2tVW5-I3jZKvC4wsoxE&amp;amp;amp;amp;amp;amp;trk=nav_responsive_tab_home","https:\/\/www.youtube.com\/channel\/UCxL0wu1uN0_3_7hGG0306cw"]},{"@type":"Person","@id":"https:\/\/www.bellunopress.it\/#\/schema\/person\/79bb06722b37ece1c03d3e94beb30d73","name":"r\u00e9daction","image":{"@type":"ImageObject","inLanguage":"fr-FR","@id":"https:\/\/secure.gravatar.com\/avatar\/37d968a2e67a6fd04c169c4bdef102d0bc5d31b2546345219e348575eb80e9a0?s=96&d=mm&r=g","url":"https:\/\/secure.gravatar.com\/avatar\/37d968a2e67a6fd04c169c4bdef102d0bc5d31b2546345219e348575eb80e9a0?s=96&d=mm&r=g","contentUrl":"https:\/\/secure.gravatar.com\/avatar\/37d968a2e67a6fd04c169c4bdef102d0bc5d31b2546345219e348575eb80e9a0?s=96&d=mm&r=g","caption":"redazione"},"sameAs":["http:\/\/www.bellunopress.it","https:\/\/x.com\/bellunopress"],"url":"https:\/\/www.bellunopress.it\/fr\/author\/redazione\/"}]}},"_links":{"self":[{"href":"https:\/\/www.bellunopress.it\/fr\/wp-json\/wp\/v2\/posts\/169057","targetHints":{"allow":["GET"]}}],"collection":[{"href":"https:\/\/www.bellunopress.it\/fr\/wp-json\/wp\/v2\/posts"}],"about":[{"href":"https:\/\/www.bellunopress.it\/fr\/wp-json\/wp\/v2\/types\/post"}],"author":[{"embeddable":true,"href":"https:\/\/www.bellunopress.it\/fr\/wp-json\/wp\/v2\/users\/2"}],"replies":[{"embeddable":true,"href":"https:\/\/www.bellunopress.it\/fr\/wp-json\/wp\/v2\/comments?post=169057"}],"version-history":[{"count":1,"href":"https:\/\/www.bellunopress.it\/fr\/wp-json\/wp\/v2\/posts\/169057\/revisions"}],"predecessor-version":[{"id":169058,"href":"https:\/\/www.bellunopress.it\/fr\/wp-json\/wp\/v2\/posts\/169057\/revisions\/169058"}],"wp:featuredmedia":[{"embeddable":true,"href":"https:\/\/www.bellunopress.it\/fr\/wp-json\/wp\/v2\/media\/158463"}],"wp:attachment":[{"href":"https:\/\/www.bellunopress.it\/fr\/wp-json\/wp\/v2\/media?parent=169057"}],"wp:term":[{"taxonomy":"category","embeddable":true,"href":"https:\/\/www.bellunopress.it\/fr\/wp-json\/wp\/v2\/categories?post=169057"},{"taxonomy":"post_tag","embeddable":true,"href":"https:\/\/www.bellunopress.it\/fr\/wp-json\/wp\/v2\/tags?post=169057"}],"curies":[{"name":"wp","href":"https:\/\/api.w.org\/{rel}","templated":true}]}}