{"id":169054,"date":"2026-04-13T11:33:32","date_gmt":"2026-04-13T09:33:32","guid":{"rendered":"https:\/\/www.bellunopress.it\/?p=169054"},"modified":"2026-04-13T11:33:32","modified_gmt":"2026-04-13T09:33:32","slug":"sicurezza-nei-lavori-in-quota-infortuni-in-aumento","status":"publish","type":"post","link":"https:\/\/www.bellunopress.it\/fr\/2026\/04\/13\/sicurezza-nei-lavori-in-quota-infortuni-in-aumento\/","title":{"rendered":"Sicurezza nei lavori in quota: infortuni in aumento"},"content":{"rendered":"<p><strong>Cobis Belluno promuove due eventi per imprese e lavoratori del settore artigiano<\/strong><\/p>\n<p>La prevenzione degli infortuni sul lavoro, e in particolare delle cadute dall\u2019alto, torna al centro dell\u2019attenzione con \u201cIn quota, in sicurezza\u201d, l\u2019iniziativa promossa da Cobis Belluno \u2013 Comitato Paritetico Regionale Bilateriale per la Sicurezza costituito da rappresentati delle Associazioni Artigiane CNA, Confartigianato, Casartigiani e delle Organizzazioni sindacali CGIL, CISL, UIL con lo scopo di promuovere e realizzare iniziative ed attivit\u00e0 in tema di salute e sicurezza sul lavoro.<\/p>\n<p>L\u2019iniziativa si rivolge in modo specifico ai settori dell\u2019installazione, della manutenzione e del sistema casa, ambiti nei quali il lavoro in quota rappresenta una delle principali fonti di rischio.<br \/>\nParticolare attenzione, dunque, \u00e8 rivolta alle figure operative pi\u00f9 esposte al rischio, come installatori, manutentori e antennisti, che operano frequentemente in quota e in condizioni ambientali complesse.<\/p>\n<p>Sono previsti due appuntamenti gratuiti, rivolti a datori di lavoro e lavoratori: marted\u00ec 14 aprile, dalle 17.00 alle 19.30, a Calalzo di Cadore (Ente cooperativo di consumo, Piazza IV Novembre 5) e gioved\u00ec 16 aprile, nello stesso orario, in replica a Belluno (sala del ristorante Nogherazza di Castion, via Gresane 78)<br \/>\nLa partecipazione \u00e8 gratuita con iscrizione obbligatoria su https:\/\/cobis.42b.it (per info: 0437 954411).<br \/>\nSu richiesta direttamente compilando il form, saranno rilasciati crediti formativi per l\u2019aggiornamento delle figure del Rspp\/Aspp e del Rlst.<\/p>\n<p><strong>Infortuni: dati in crescita<\/strong><br \/>\n\u00c8 di queste ore l\u2019allarme dei sindacati relativo agli infortuni sul lavoro: i dati attestano un aumento di denunce all\u2019inizio di questo 2026. Gi\u00e0 il 2025 si era chiuso con un bilancio pesante di 2.881 infortuni denunciati in provincia, pur con una lieve flessione rispetto all\u2019anno precedente, ma questo inizio anno segna invece un\u2019accelerazione preoccupante con 242 denunce: ben 26 in pi\u00f9 nel solo mese di gennaio rispetto allo stesso mese del 2025 e purtroppo molte di queste ultime hanno visto come tragico denominatore comune proprio la caduta dall\u2019alto.<br \/>\nTra le cause ricorrenti, evidenziate dai sindacati, i ritmi dettati da scadenze burocratiche o incentivi, la catena dei subappalti, i controlli non sufficienti.<br \/>\nNel territorio bellunese, inoltre, le peculiarit\u00e0 ambientali \u2013 come neve, ghiaccio, forti pendenze e condizioni meteo variabili \u2013 aumentano ulteriormente i rischi.<br \/>\nEpisodi recenti, riportati anche dalla cronaca locale, confermano la necessit\u00e0 di rafforzare formazione, prevenzione e controlli, soprattutto in contesti operativi complessi.<\/p>\n<p><strong>Il programma degli incontri<\/strong><br \/>\nGli eventi saranno articolati in una parte tecnico-divulgativa e in momenti di approfondimento pratico.<br \/>\nDopo i saluti iniziali dei coordinatori Cobis provinciali, Marta Poletti e Valerio Costa, e l\u2019introduzione del Rlst Belluno, interverranno i Vigili del Fuoco di Belluno, con un focus sulla valutazione del contesto operativo e sull\u2019organizzazione del lavoro in sicurezza, anche in situazioni post-emergenza, e lo Spisal Belluno, che presenter\u00e0 un\u2019analisi degli infortuni da caduta dall\u2019alto, con casi concreti, misure di prevenzione e attivit\u00e0 di controllo. A seguire, il Collegio Guide Alpine Veneto, che concluder\u00e0 con una sessione formativa e dimostrativa dedicata alla corretta applicazione delle misure di sicurezza. L\u2019incontro prevede inoltre un momento finale di confronto con i partecipanti volto a raccogliere suggerimenti e osservazioni dal territorio.<\/p>\n<p>L\u2019iniziativa si inserisce nel pi\u00f9 ampio impegno di Cobis Belluno per promuovere salute e sicurezza nei luoghi di lavoro.<br \/>\nIl progetto rappresenta l\u2019evoluzione di una proposta gi\u00e0 sviluppata negli anni precedenti e aggiornata alla luce delle nuove esigenze delle imprese e dei lavoratori. L\u2019obiettivo \u00e8 duplice: da un lato migliorare le competenze operative, dall\u2019altro diffondere buone pratiche concrete e applicabili nella quotidianit\u00e0 lavorativa.<\/p>","protected":false},"excerpt":{"rendered":"<p>Cobis Belluno promuove due eventi per imprese e lavoratori del settore artigiano La prevenzione degli infortuni sul lavoro, e in particolare delle cadute dall\u2019alto, torna al centro dell\u2019attenzione con \u201cIn quota, in sicurezza\u201d, l\u2019iniziativa promossa da Cobis Belluno \u2013 Comitato Paritetico Regionale Bilateriale per la Sicurezza costituito da rappresentati delle Associazioni Artigiane CNA, Confartigianato, Casartigiani [&hellip;]<\/p>\n","protected":false},"author":2,"featured_media":169055,"comment_status":"closed","ping_status":"open","sticky":false,"template":"","format":"standard","meta":{"footnotes":""},"categories":[36],"tags":[],"class_list":["post-169054","post","type-post","status-publish","format-standard","has-post-thumbnail","category-lavoro-economia"],"yoast_head":"<!-- This site is optimized with the Yoast SEO plugin v28.4 - https:\/\/yoast.com\/product\/yoast-seo-wordpress\/ -->\n<title>Sicurezza nei lavori in quota: infortuni in aumento - Bellunopress - Dolomiti<\/title>\n<meta name=\"robots\" content=\"index, follow, max-snippet:-1, max-image-preview:large, max-video-preview:-1\" \/>\n<link rel=\"canonical\" href=\"https:\/\/www.bellunopress.it\/fr\/2026\/04\/13\/sicurezza-nei-lavori-in-quota-infortuni-in-aumento\/\" \/>\n<meta property=\"og:locale\" content=\"fr_FR\" \/>\n<meta property=\"og:type\" content=\"article\" \/>\n<meta property=\"og:title\" content=\"Sicurezza nei lavori in quota: infortuni in aumento - Bellunopress - Dolomiti\" \/>\n<meta property=\"og:description\" content=\"Cobis Belluno promuove due eventi per imprese e lavoratori del settore artigiano La prevenzione degli infortuni sul lavoro, e in particolare delle cadute dall\u2019alto, torna al centro dell\u2019attenzione con \u201cIn quota, in sicurezza\u201d, l\u2019iniziativa promossa da Cobis Belluno \u2013 Comitato Paritetico Regionale Bilateriale per la Sicurezza costituito da rappresentati delle Associazioni Artigiane CNA, Confartigianato, Casartigiani [&hellip;]\" \/>\n<meta property=\"og:url\" content=\"https:\/\/www.bellunopress.it\/fr\/2026\/04\/13\/sicurezza-nei-lavori-in-quota-infortuni-in-aumento\/\" \/>\n<meta property=\"og:site_name\" content=\"Bellunopress - Dolomiti\" \/>\n<meta property=\"article:publisher\" content=\"https:\/\/www.facebook.com\/profile.php?id=100008943462799\" \/>\n<meta property=\"article:published_time\" content=\"2026-04-13T09:33:32+00:00\" \/>\n<meta property=\"og:image\" content=\"https:\/\/www.bellunopress.it\/wp-content\/uploads\/2026\/04\/sicurezza-lavori-in-quota.jpg\" \/>\n\t<meta property=\"og:image:width\" content=\"358\" \/>\n\t<meta property=\"og:image:height\" content=\"500\" \/>\n\t<meta property=\"og:image:type\" content=\"image\/jpeg\" \/>\n<meta name=\"author\" content=\"redazione\" \/>\n<meta name=\"twitter:card\" content=\"summary_large_image\" \/>\n<meta name=\"twitter:creator\" content=\"@bellunopress\" \/>\n<meta name=\"twitter:site\" content=\"@bellunopress\" \/>\n<meta name=\"twitter:label1\" content=\"\u00c9crit par\" \/>\n\t<meta name=\"twitter:data1\" content=\"redazione\" \/>\n\t<meta name=\"twitter:label2\" content=\"Dur\u00e9e de lecture estim\u00e9e\" \/>\n\t<meta name=\"twitter:data2\" content=\"3 minutes\" \/>\n<script type=\"application\/ld+json\" class=\"yoast-schema-graph\">{\"@context\":\"https:\\\/\\\/schema.org\",\"@graph\":[{\"@type\":\"Article\",\"@id\":\"https:\\\/\\\/www.bellunopress.it\\\/2026\\\/04\\\/13\\\/sicurezza-nei-lavori-in-quota-infortuni-in-aumento\\\/#article\",\"isPartOf\":{\"@id\":\"https:\\\/\\\/www.bellunopress.it\\\/2026\\\/04\\\/13\\\/sicurezza-nei-lavori-in-quota-infortuni-in-aumento\\\/\"},\"author\":{\"name\":\"redazione\",\"@id\":\"https:\\\/\\\/www.bellunopress.it\\\/#\\\/schema\\\/person\\\/79bb06722b37ece1c03d3e94beb30d73\"},\"headline\":\"Sicurezza nei lavori in quota: infortuni in aumento\",\"datePublished\":\"2026-04-13T09:33:32+00:00\",\"mainEntityOfPage\":{\"@id\":\"https:\\\/\\\/www.bellunopress.it\\\/2026\\\/04\\\/13\\\/sicurezza-nei-lavori-in-quota-infortuni-in-aumento\\\/\"},\"wordCount\":577,\"publisher\":{\"@id\":\"https:\\\/\\\/www.bellunopress.it\\\/#organization\"},\"image\":{\"@id\":\"https:\\\/\\\/www.bellunopress.it\\\/2026\\\/04\\\/13\\\/sicurezza-nei-lavori-in-quota-infortuni-in-aumento\\\/#primaryimage\"},\"thumbnailUrl\":\"https:\\\/\\\/www.bellunopress.it\\\/wp-content\\\/uploads\\\/2026\\\/04\\\/sicurezza-lavori-in-quota.jpg\",\"articleSection\":[\"Lavoro, Economia, Turismo\"],\"inLanguage\":\"fr-FR\"},{\"@type\":\"WebPage\",\"@id\":\"https:\\\/\\\/www.bellunopress.it\\\/2026\\\/04\\\/13\\\/sicurezza-nei-lavori-in-quota-infortuni-in-aumento\\\/\",\"url\":\"https:\\\/\\\/www.bellunopress.it\\\/2026\\\/04\\\/13\\\/sicurezza-nei-lavori-in-quota-infortuni-in-aumento\\\/\",\"name\":\"Sicurezza nei lavori in quota: infortuni in aumento - Bellunopress - Dolomiti\",\"isPartOf\":{\"@id\":\"https:\\\/\\\/www.bellunopress.it\\\/#website\"},\"primaryImageOfPage\":{\"@id\":\"https:\\\/\\\/www.bellunopress.it\\\/2026\\\/04\\\/13\\\/sicurezza-nei-lavori-in-quota-infortuni-in-aumento\\\/#primaryimage\"},\"image\":{\"@id\":\"https:\\\/\\\/www.bellunopress.it\\\/2026\\\/04\\\/13\\\/sicurezza-nei-lavori-in-quota-infortuni-in-aumento\\\/#primaryimage\"},\"thumbnailUrl\":\"https:\\\/\\\/www.bellunopress.it\\\/wp-content\\\/uploads\\\/2026\\\/04\\\/sicurezza-lavori-in-quota.jpg\",\"datePublished\":\"2026-04-13T09:33:32+00:00\",\"breadcrumb\":{\"@id\":\"https:\\\/\\\/www.bellunopress.it\\\/2026\\\/04\\\/13\\\/sicurezza-nei-lavori-in-quota-infortuni-in-aumento\\\/#breadcrumb\"},\"inLanguage\":\"fr-FR\",\"potentialAction\":[{\"@type\":\"ReadAction\",\"target\":[\"https:\\\/\\\/www.bellunopress.it\\\/2026\\\/04\\\/13\\\/sicurezza-nei-lavori-in-quota-infortuni-in-aumento\\\/\"]}]},{\"@type\":\"ImageObject\",\"inLanguage\":\"fr-FR\",\"@id\":\"https:\\\/\\\/www.bellunopress.it\\\/2026\\\/04\\\/13\\\/sicurezza-nei-lavori-in-quota-infortuni-in-aumento\\\/#primaryimage\",\"url\":\"https:\\\/\\\/www.bellunopress.it\\\/wp-content\\\/uploads\\\/2026\\\/04\\\/sicurezza-lavori-in-quota.jpg\",\"contentUrl\":\"https:\\\/\\\/www.bellunopress.it\\\/wp-content\\\/uploads\\\/2026\\\/04\\\/sicurezza-lavori-in-quota.jpg\",\"width\":358,\"height\":500},{\"@type\":\"BreadcrumbList\",\"@id\":\"https:\\\/\\\/www.bellunopress.it\\\/2026\\\/04\\\/13\\\/sicurezza-nei-lavori-in-quota-infortuni-in-aumento\\\/#breadcrumb\",\"itemListElement\":[{\"@type\":\"ListItem\",\"position\":1,\"name\":\"Home\",\"item\":\"https:\\\/\\\/www.bellunopress.it\\\/\"},{\"@type\":\"ListItem\",\"position\":2,\"name\":\"Sicurezza nei lavori in quota: infortuni in aumento\"}]},{\"@type\":\"WebSite\",\"@id\":\"https:\\\/\\\/www.bellunopress.it\\\/#website\",\"url\":\"https:\\\/\\\/www.bellunopress.it\\\/\",\"name\":\"Bellunopress - Dolomiti\",\"description\":\"e-mail: redazione@bellunopress.it\",\"publisher\":{\"@id\":\"https:\\\/\\\/www.bellunopress.it\\\/#organization\"},\"potentialAction\":[{\"@type\":\"SearchAction\",\"target\":{\"@type\":\"EntryPoint\",\"urlTemplate\":\"https:\\\/\\\/www.bellunopress.it\\\/?s={search_term_string}\"},\"query-input\":{\"@type\":\"PropertyValueSpecification\",\"valueRequired\":true,\"valueName\":\"search_term_string\"}}],\"inLanguage\":\"fr-FR\"},{\"@type\":\"Organization\",\"@id\":\"https:\\\/\\\/www.bellunopress.it\\\/#organization\",\"name\":\"Bellunopress\",\"url\":\"https:\\\/\\\/www.bellunopress.it\\\/\",\"logo\":{\"@type\":\"ImageObject\",\"inLanguage\":\"fr-FR\",\"@id\":\"https:\\\/\\\/www.bellunopress.it\\\/#\\\/schema\\\/logo\\\/image\\\/\",\"url\":\"https:\\\/\\\/www.bellunopress.it\\\/wp-content\\\/uploads\\\/2011\\\/05\\\/cropped-logo-bellunopress-.jpg\",\"contentUrl\":\"https:\\\/\\\/www.bellunopress.it\\\/wp-content\\\/uploads\\\/2011\\\/05\\\/cropped-logo-bellunopress-.jpg\",\"width\":512,\"height\":512,\"caption\":\"Bellunopress\"},\"image\":{\"@id\":\"https:\\\/\\\/www.bellunopress.it\\\/#\\\/schema\\\/logo\\\/image\\\/\"},\"sameAs\":[\"https:\\\/\\\/www.facebook.com\\\/profile.php?id=100008943462799\",\"https:\\\/\\\/x.com\\\/bellunopress\",\"https:\\\/\\\/www.linkedin.com\\\/hp\\\/?dnr=JBzUWaJfMUw8vbXJJ2tVW5-I3jZKvC4wsoxE&amp;amp;amp;amp;amp;amp;trk=nav_responsive_tab_home\",\"https:\\\/\\\/www.youtube.com\\\/channel\\\/UCxL0wu1uN0_3_7hGG0306cw\"]},{\"@type\":\"Person\",\"@id\":\"https:\\\/\\\/www.bellunopress.it\\\/#\\\/schema\\\/person\\\/79bb06722b37ece1c03d3e94beb30d73\",\"name\":\"redazione\",\"image\":{\"@type\":\"ImageObject\",\"inLanguage\":\"fr-FR\",\"@id\":\"https:\\\/\\\/secure.gravatar.com\\\/avatar\\\/37d968a2e67a6fd04c169c4bdef102d0bc5d31b2546345219e348575eb80e9a0?s=96&d=mm&r=g\",\"url\":\"https:\\\/\\\/secure.gravatar.com\\\/avatar\\\/37d968a2e67a6fd04c169c4bdef102d0bc5d31b2546345219e348575eb80e9a0?s=96&d=mm&r=g\",\"contentUrl\":\"https:\\\/\\\/secure.gravatar.com\\\/avatar\\\/37d968a2e67a6fd04c169c4bdef102d0bc5d31b2546345219e348575eb80e9a0?s=96&d=mm&r=g\",\"caption\":\"redazione\"},\"sameAs\":[\"http:\\\/\\\/www.bellunopress.it\",\"https:\\\/\\\/x.com\\\/bellunopress\"],\"url\":\"https:\\\/\\\/www.bellunopress.it\\\/fr\\\/author\\\/redazione\\\/\"}]}<\/script>\n<!-- \/ Yoast SEO plugin. -->","yoast_head_json":{"title":"Sicurezza nei lavori in quota: infortuni in aumento - Bellunopress - Dolomiti","robots":{"index":"index","follow":"follow","max-snippet":"max-snippet:-1","max-image-preview":"max-image-preview:large","max-video-preview":"max-video-preview:-1"},"canonical":"https:\/\/www.bellunopress.it\/fr\/2026\/04\/13\/sicurezza-nei-lavori-in-quota-infortuni-in-aumento\/","og_locale":"fr_FR","og_type":"article","og_title":"Sicurezza nei lavori in quota: infortuni in aumento - Bellunopress - Dolomiti","og_description":"Cobis Belluno promuove due eventi per imprese e lavoratori del settore artigiano La prevenzione degli infortuni sul lavoro, e in particolare delle cadute dall\u2019alto, torna al centro dell\u2019attenzione con \u201cIn quota, in sicurezza\u201d, l\u2019iniziativa promossa da Cobis Belluno \u2013 Comitato Paritetico Regionale Bilateriale per la Sicurezza costituito da rappresentati delle Associazioni Artigiane CNA, Confartigianato, Casartigiani [&hellip;]","og_url":"https:\/\/www.bellunopress.it\/fr\/2026\/04\/13\/sicurezza-nei-lavori-in-quota-infortuni-in-aumento\/","og_site_name":"Bellunopress - Dolomiti","article_publisher":"https:\/\/www.facebook.com\/profile.php?id=100008943462799","article_published_time":"2026-04-13T09:33:32+00:00","og_image":[{"width":358,"height":500,"url":"https:\/\/www.bellunopress.it\/wp-content\/uploads\/2026\/04\/sicurezza-lavori-in-quota.jpg","type":"image\/jpeg"}],"author":"redazione","twitter_card":"summary_large_image","twitter_creator":"@bellunopress","twitter_site":"@bellunopress","twitter_misc":{"\u00c9crit par":"redazione","Dur\u00e9e de lecture estim\u00e9e":"3 minutes"},"schema":{"@context":"https:\/\/schema.org","@graph":[{"@type":"Article","@id":"https:\/\/www.bellunopress.it\/2026\/04\/13\/sicurezza-nei-lavori-in-quota-infortuni-in-aumento\/#article","isPartOf":{"@id":"https:\/\/www.bellunopress.it\/2026\/04\/13\/sicurezza-nei-lavori-in-quota-infortuni-in-aumento\/"},"author":{"name":"redazione","@id":"https:\/\/www.bellunopress.it\/#\/schema\/person\/79bb06722b37ece1c03d3e94beb30d73"},"headline":"Sicurezza nei lavori in quota: infortuni in aumento","datePublished":"2026-04-13T09:33:32+00:00","mainEntityOfPage":{"@id":"https:\/\/www.bellunopress.it\/2026\/04\/13\/sicurezza-nei-lavori-in-quota-infortuni-in-aumento\/"},"wordCount":577,"publisher":{"@id":"https:\/\/www.bellunopress.it\/#organization"},"image":{"@id":"https:\/\/www.bellunopress.it\/2026\/04\/13\/sicurezza-nei-lavori-in-quota-infortuni-in-aumento\/#primaryimage"},"thumbnailUrl":"https:\/\/www.bellunopress.it\/wp-content\/uploads\/2026\/04\/sicurezza-lavori-in-quota.jpg","articleSection":["Lavoro, Economia, Turismo"],"inLanguage":"fr-FR"},{"@type":"WebPage","@id":"https:\/\/www.bellunopress.it\/2026\/04\/13\/sicurezza-nei-lavori-in-quota-infortuni-in-aumento\/","url":"https:\/\/www.bellunopress.it\/2026\/04\/13\/sicurezza-nei-lavori-in-quota-infortuni-in-aumento\/","name":"Sicurezza nei lavori in quota: infortuni in aumento - Bellunopress - Dolomiti","isPartOf":{"@id":"https:\/\/www.bellunopress.it\/#website"},"primaryImageOfPage":{"@id":"https:\/\/www.bellunopress.it\/2026\/04\/13\/sicurezza-nei-lavori-in-quota-infortuni-in-aumento\/#primaryimage"},"image":{"@id":"https:\/\/www.bellunopress.it\/2026\/04\/13\/sicurezza-nei-lavori-in-quota-infortuni-in-aumento\/#primaryimage"},"thumbnailUrl":"https:\/\/www.bellunopress.it\/wp-content\/uploads\/2026\/04\/sicurezza-lavori-in-quota.jpg","datePublished":"2026-04-13T09:33:32+00:00","breadcrumb":{"@id":"https:\/\/www.bellunopress.it\/2026\/04\/13\/sicurezza-nei-lavori-in-quota-infortuni-in-aumento\/#breadcrumb"},"inLanguage":"fr-FR","potentialAction":[{"@type":"ReadAction","target":["https:\/\/www.bellunopress.it\/2026\/04\/13\/sicurezza-nei-lavori-in-quota-infortuni-in-aumento\/"]}]},{"@type":"ImageObject","inLanguage":"fr-FR","@id":"https:\/\/www.bellunopress.it\/2026\/04\/13\/sicurezza-nei-lavori-in-quota-infortuni-in-aumento\/#primaryimage","url":"https:\/\/www.bellunopress.it\/wp-content\/uploads\/2026\/04\/sicurezza-lavori-in-quota.jpg","contentUrl":"https:\/\/www.bellunopress.it\/wp-content\/uploads\/2026\/04\/sicurezza-lavori-in-quota.jpg","width":358,"height":500},{"@type":"BreadcrumbList","@id":"https:\/\/www.bellunopress.it\/2026\/04\/13\/sicurezza-nei-lavori-in-quota-infortuni-in-aumento\/#breadcrumb","itemListElement":[{"@type":"ListItem","position":1,"name":"Home","item":"https:\/\/www.bellunopress.it\/"},{"@type":"ListItem","position":2,"name":"Sicurezza nei lavori in quota: infortuni in aumento"}]},{"@type":"WebSite","@id":"https:\/\/www.bellunopress.it\/#website","url":"https:\/\/www.bellunopress.it\/","name":"Bellunopress - Dolomiti","description":"e-mail: redazione@bellunopress.it","publisher":{"@id":"https:\/\/www.bellunopress.it\/#organization"},"potentialAction":[{"@type":"SearchAction","target":{"@type":"EntryPoint","urlTemplate":"https:\/\/www.bellunopress.it\/?s={search_term_string}"},"query-input":{"@type":"PropertyValueSpecification","valueRequired":true,"valueName":"search_term_string"}}],"inLanguage":"fr-FR"},{"@type":"Organization","@id":"https:\/\/www.bellunopress.it\/#organization","name":"Bellunopress","url":"https:\/\/www.bellunopress.it\/","logo":{"@type":"ImageObject","inLanguage":"fr-FR","@id":"https:\/\/www.bellunopress.it\/#\/schema\/logo\/image\/","url":"https:\/\/www.bellunopress.it\/wp-content\/uploads\/2011\/05\/cropped-logo-bellunopress-.jpg","contentUrl":"https:\/\/www.bellunopress.it\/wp-content\/uploads\/2011\/05\/cropped-logo-bellunopress-.jpg","width":512,"height":512,"caption":"Bellunopress"},"image":{"@id":"https:\/\/www.bellunopress.it\/#\/schema\/logo\/image\/"},"sameAs":["https:\/\/www.facebook.com\/profile.php?id=100008943462799","https:\/\/x.com\/bellunopress","https:\/\/www.linkedin.com\/hp\/?dnr=JBzUWaJfMUw8vbXJJ2tVW5-I3jZKvC4wsoxE&amp;amp;amp;amp;amp;amp;trk=nav_responsive_tab_home","https:\/\/www.youtube.com\/channel\/UCxL0wu1uN0_3_7hGG0306cw"]},{"@type":"Person","@id":"https:\/\/www.bellunopress.it\/#\/schema\/person\/79bb06722b37ece1c03d3e94beb30d73","name":"r\u00e9daction","image":{"@type":"ImageObject","inLanguage":"fr-FR","@id":"https:\/\/secure.gravatar.com\/avatar\/37d968a2e67a6fd04c169c4bdef102d0bc5d31b2546345219e348575eb80e9a0?s=96&d=mm&r=g","url":"https:\/\/secure.gravatar.com\/avatar\/37d968a2e67a6fd04c169c4bdef102d0bc5d31b2546345219e348575eb80e9a0?s=96&d=mm&r=g","contentUrl":"https:\/\/secure.gravatar.com\/avatar\/37d968a2e67a6fd04c169c4bdef102d0bc5d31b2546345219e348575eb80e9a0?s=96&d=mm&r=g","caption":"redazione"},"sameAs":["http:\/\/www.bellunopress.it","https:\/\/x.com\/bellunopress"],"url":"https:\/\/www.bellunopress.it\/fr\/author\/redazione\/"}]}},"_links":{"self":[{"href":"https:\/\/www.bellunopress.it\/fr\/wp-json\/wp\/v2\/posts\/169054","targetHints":{"allow":["GET"]}}],"collection":[{"href":"https:\/\/www.bellunopress.it\/fr\/wp-json\/wp\/v2\/posts"}],"about":[{"href":"https:\/\/www.bellunopress.it\/fr\/wp-json\/wp\/v2\/types\/post"}],"author":[{"embeddable":true,"href":"https:\/\/www.bellunopress.it\/fr\/wp-json\/wp\/v2\/users\/2"}],"replies":[{"embeddable":true,"href":"https:\/\/www.bellunopress.it\/fr\/wp-json\/wp\/v2\/comments?post=169054"}],"version-history":[{"count":1,"href":"https:\/\/www.bellunopress.it\/fr\/wp-json\/wp\/v2\/posts\/169054\/revisions"}],"predecessor-version":[{"id":169056,"href":"https:\/\/www.bellunopress.it\/fr\/wp-json\/wp\/v2\/posts\/169054\/revisions\/169056"}],"wp:featuredmedia":[{"embeddable":true,"href":"https:\/\/www.bellunopress.it\/fr\/wp-json\/wp\/v2\/media\/169055"}],"wp:attachment":[{"href":"https:\/\/www.bellunopress.it\/fr\/wp-json\/wp\/v2\/media?parent=169054"}],"wp:term":[{"taxonomy":"category","embeddable":true,"href":"https:\/\/www.bellunopress.it\/fr\/wp-json\/wp\/v2\/categories?post=169054"},{"taxonomy":"post_tag","embeddable":true,"href":"https:\/\/www.bellunopress.it\/fr\/wp-json\/wp\/v2\/tags?post=169054"}],"curies":[{"name":"wp","href":"https:\/\/api.w.org\/{rel}","templated":true}]}}