{"id":169046,"date":"2026-04-11T09:50:10","date_gmt":"2026-04-11T07:50:10","guid":{"rendered":"https:\/\/www.bellunopress.it\/?p=169046"},"modified":"2026-04-13T09:53:35","modified_gmt":"2026-04-13T07:53:35","slug":"torre-del-castello-illuminata-questa-sera-per-la-giornata-mondiale-del-parkinson","status":"publish","type":"post","link":"https:\/\/www.bellunopress.it\/fr\/2026\/04\/11\/torre-del-castello-illuminata-questa-sera-per-la-giornata-mondiale-del-parkinson\/","title":{"rendered":"Torre del Castello illuminata, questa sera, per la Giornata mondiale del Parkinson"},"content":{"rendered":"<p>Anche Feltre aderisce alla Giornata mondiale del Parkinson, ricorrenza istituita nel 1997 per promuovere la conoscenza della malattia e sensibilizzare la comunit\u00e0 sull\u2019importanza del sostegno alle persone che ne sono affette e alle loro famiglie. Questa sera, sabato 11 aprile, la Torre del Castello \u00e8 illuminata di blu, colore simbolo della giornata, come segno di<br \/>\npartecipazione e vicinanza da parte della citt\u00e0.<\/p>\n<p>L\u201911 aprile coincide con la data di nascita di James Parkinson, il medico che nel 1817 descrisse per la prima volta questa patologia neurologica. \u201cCon l\u2019illuminazione della Torre del Castello vogliamo esprimere la vicinanza della comunit\u00e0 di Feltre alle persone che convivono con il Parkinson e alle loro famiglie, che affrontano ogni giorno un percorso spesso complesso e impegnativo \u2013 dichiara il sindaco, Viviana Fusaro \u2013. \u00c8 importante mantenere alta l\u2019attenzione su una malattia che interessa un numero crescente di persone e che richiede non solo risposte sanitarie adeguate, ma anche una comunit\u00e0 capace di essere presente, sensibile e solidale. E\u2019 un gesto simbolico, ma pu\u00f2 contribuire a<br \/>\ndiffondere consapevolezza e attenzione\u201d.<\/p>\n<p>La malattia di Parkinson \u00e8 una patologia neurodegenerativa che interessa il sistema nervoso e incide in particolare sulla capacit\u00e0 di controllare i movimenti. Con il progredire della malattia possono manifestarsi rigidit\u00e0, lentezza nei gesti, tremori e difficolt\u00e0 nell\u2019equilibrio, con ripercussioni importanti sulla vita quotidiana delle persone e dei loro familiari. Si tratta oggi di una delle patologie neurologiche pi\u00f9 diffuse, la cui incidenza \u00e8 aumentata anche in relazione al progressivo invecchiamento della popolazione,<br \/>\nrendendo sempre pi\u00f9 centrale il tema della diagnosi precoce, della presa in carico e del miglioramento della qualit\u00e0 della vita dei pazienti.<\/p>\n<p>\u201cI luoghi simbolo della Citt\u00e0 possono diventare strumenti importanti per richiamare l\u2019attenzione su temi che toccano da vicino tante famiglie \u2013 le parole dell\u2019assessore alla cultura, Flavia Colle -. Illuminare di blu la Torre significa dare visibilit\u00e0 a una realt\u00e0 che spesso rimane silenziosa, ma che merita ascolto, comprensione e sostegno. La sensibilizzazione passa anche attraverso questi segni, capaci di invitare la cittadinanza a una riflessione condivisa sul valore della cura e della vicinanza\u201d.<\/p>","protected":false},"excerpt":{"rendered":"<p>Anche Feltre aderisce alla Giornata mondiale del Parkinson, ricorrenza istituita nel 1997 per promuovere la conoscenza della malattia e sensibilizzare la comunit\u00e0 sull\u2019importanza del sostegno alle persone che ne sono affette e alle loro famiglie. Questa sera, sabato 11 aprile, la Torre del Castello \u00e8 illuminata di blu, colore simbolo della giornata, come segno di [&hellip;]<\/p>\n","protected":false},"author":2,"featured_media":169047,"comment_status":"closed","ping_status":"open","sticky":false,"template":"","format":"standard","meta":{"footnotes":""},"categories":[8],"tags":[],"class_list":["post-169046","post","type-post","status-publish","format-standard","has-post-thumbnail","category-societa-istituzioni"],"yoast_head":"<!-- This site is optimized with the Yoast SEO plugin v28.4 - https:\/\/yoast.com\/product\/yoast-seo-wordpress\/ -->\n<title>Torre del Castello illuminata, questa sera, per la Giornata mondiale del Parkinson - Bellunopress - Dolomiti<\/title>\n<meta name=\"robots\" content=\"index, follow, max-snippet:-1, max-image-preview:large, max-video-preview:-1\" \/>\n<link rel=\"canonical\" href=\"https:\/\/www.bellunopress.it\/fr\/2026\/04\/11\/torre-del-castello-illuminata-questa-sera-per-la-giornata-mondiale-del-parkinson\/\" \/>\n<meta property=\"og:locale\" content=\"fr_FR\" \/>\n<meta property=\"og:type\" content=\"article\" \/>\n<meta property=\"og:title\" content=\"Torre del Castello illuminata, questa sera, per la Giornata mondiale del Parkinson - Bellunopress - Dolomiti\" \/>\n<meta property=\"og:description\" content=\"Anche Feltre aderisce alla Giornata mondiale del Parkinson, ricorrenza istituita nel 1997 per promuovere la conoscenza della malattia e sensibilizzare la comunit\u00e0 sull\u2019importanza del sostegno alle persone che ne sono affette e alle loro famiglie. Questa sera, sabato 11 aprile, la Torre del Castello \u00e8 illuminata di blu, colore simbolo della giornata, come segno di [&hellip;]\" \/>\n<meta property=\"og:url\" content=\"https:\/\/www.bellunopress.it\/fr\/2026\/04\/11\/torre-del-castello-illuminata-questa-sera-per-la-giornata-mondiale-del-parkinson\/\" \/>\n<meta property=\"og:site_name\" content=\"Bellunopress - Dolomiti\" \/>\n<meta property=\"article:publisher\" content=\"https:\/\/www.facebook.com\/profile.php?id=100008943462799\" \/>\n<meta property=\"article:published_time\" content=\"2026-04-11T07:50:10+00:00\" \/>\n<meta property=\"article:modified_time\" content=\"2026-04-13T07:53:35+00:00\" \/>\n<meta property=\"og:image\" content=\"https:\/\/www.bellunopress.it\/wp-content\/uploads\/2026\/04\/Giornata-Parkinson_2.jpeg\" \/>\n\t<meta property=\"og:image:width\" content=\"500\" \/>\n\t<meta property=\"og:image:height\" content=\"375\" \/>\n\t<meta property=\"og:image:type\" content=\"image\/jpeg\" \/>\n<meta name=\"author\" content=\"redazione\" \/>\n<meta name=\"twitter:card\" content=\"summary_large_image\" \/>\n<meta name=\"twitter:creator\" content=\"@bellunopress\" \/>\n<meta name=\"twitter:site\" content=\"@bellunopress\" \/>\n<meta name=\"twitter:label1\" content=\"\u00c9crit par\" \/>\n\t<meta name=\"twitter:data1\" content=\"redazione\" \/>\n\t<meta name=\"twitter:label2\" content=\"Dur\u00e9e de lecture estim\u00e9e\" \/>\n\t<meta name=\"twitter:data2\" content=\"2 minutes\" \/>\n<script type=\"application\/ld+json\" class=\"yoast-schema-graph\">{\"@context\":\"https:\\\/\\\/schema.org\",\"@graph\":[{\"@type\":\"Article\",\"@id\":\"https:\\\/\\\/www.bellunopress.it\\\/2026\\\/04\\\/11\\\/torre-del-castello-illuminata-questa-sera-per-la-giornata-mondiale-del-parkinson\\\/#article\",\"isPartOf\":{\"@id\":\"https:\\\/\\\/www.bellunopress.it\\\/2026\\\/04\\\/11\\\/torre-del-castello-illuminata-questa-sera-per-la-giornata-mondiale-del-parkinson\\\/\"},\"author\":{\"name\":\"redazione\",\"@id\":\"https:\\\/\\\/www.bellunopress.it\\\/#\\\/schema\\\/person\\\/79bb06722b37ece1c03d3e94beb30d73\"},\"headline\":\"Torre del Castello illuminata, questa sera, per la Giornata mondiale del Parkinson\",\"datePublished\":\"2026-04-11T07:50:10+00:00\",\"dateModified\":\"2026-04-13T07:53:35+00:00\",\"mainEntityOfPage\":{\"@id\":\"https:\\\/\\\/www.bellunopress.it\\\/2026\\\/04\\\/11\\\/torre-del-castello-illuminata-questa-sera-per-la-giornata-mondiale-del-parkinson\\\/\"},\"wordCount\":351,\"publisher\":{\"@id\":\"https:\\\/\\\/www.bellunopress.it\\\/#organization\"},\"image\":{\"@id\":\"https:\\\/\\\/www.bellunopress.it\\\/2026\\\/04\\\/11\\\/torre-del-castello-illuminata-questa-sera-per-la-giornata-mondiale-del-parkinson\\\/#primaryimage\"},\"thumbnailUrl\":\"https:\\\/\\\/www.bellunopress.it\\\/wp-content\\\/uploads\\\/2026\\\/04\\\/Giornata-Parkinson_2.jpeg\",\"articleSection\":[\"Societ\u00e0, Associazioni, Istituzioni\"],\"inLanguage\":\"fr-FR\"},{\"@type\":\"WebPage\",\"@id\":\"https:\\\/\\\/www.bellunopress.it\\\/2026\\\/04\\\/11\\\/torre-del-castello-illuminata-questa-sera-per-la-giornata-mondiale-del-parkinson\\\/\",\"url\":\"https:\\\/\\\/www.bellunopress.it\\\/2026\\\/04\\\/11\\\/torre-del-castello-illuminata-questa-sera-per-la-giornata-mondiale-del-parkinson\\\/\",\"name\":\"Torre del Castello illuminata, questa sera, per la Giornata mondiale del Parkinson - Bellunopress - Dolomiti\",\"isPartOf\":{\"@id\":\"https:\\\/\\\/www.bellunopress.it\\\/#website\"},\"primaryImageOfPage\":{\"@id\":\"https:\\\/\\\/www.bellunopress.it\\\/2026\\\/04\\\/11\\\/torre-del-castello-illuminata-questa-sera-per-la-giornata-mondiale-del-parkinson\\\/#primaryimage\"},\"image\":{\"@id\":\"https:\\\/\\\/www.bellunopress.it\\\/2026\\\/04\\\/11\\\/torre-del-castello-illuminata-questa-sera-per-la-giornata-mondiale-del-parkinson\\\/#primaryimage\"},\"thumbnailUrl\":\"https:\\\/\\\/www.bellunopress.it\\\/wp-content\\\/uploads\\\/2026\\\/04\\\/Giornata-Parkinson_2.jpeg\",\"datePublished\":\"2026-04-11T07:50:10+00:00\",\"dateModified\":\"2026-04-13T07:53:35+00:00\",\"breadcrumb\":{\"@id\":\"https:\\\/\\\/www.bellunopress.it\\\/2026\\\/04\\\/11\\\/torre-del-castello-illuminata-questa-sera-per-la-giornata-mondiale-del-parkinson\\\/#breadcrumb\"},\"inLanguage\":\"fr-FR\",\"potentialAction\":[{\"@type\":\"ReadAction\",\"target\":[\"https:\\\/\\\/www.bellunopress.it\\\/2026\\\/04\\\/11\\\/torre-del-castello-illuminata-questa-sera-per-la-giornata-mondiale-del-parkinson\\\/\"]}]},{\"@type\":\"ImageObject\",\"inLanguage\":\"fr-FR\",\"@id\":\"https:\\\/\\\/www.bellunopress.it\\\/2026\\\/04\\\/11\\\/torre-del-castello-illuminata-questa-sera-per-la-giornata-mondiale-del-parkinson\\\/#primaryimage\",\"url\":\"https:\\\/\\\/www.bellunopress.it\\\/wp-content\\\/uploads\\\/2026\\\/04\\\/Giornata-Parkinson_2.jpeg\",\"contentUrl\":\"https:\\\/\\\/www.bellunopress.it\\\/wp-content\\\/uploads\\\/2026\\\/04\\\/Giornata-Parkinson_2.jpeg\",\"width\":500,\"height\":375},{\"@type\":\"BreadcrumbList\",\"@id\":\"https:\\\/\\\/www.bellunopress.it\\\/2026\\\/04\\\/11\\\/torre-del-castello-illuminata-questa-sera-per-la-giornata-mondiale-del-parkinson\\\/#breadcrumb\",\"itemListElement\":[{\"@type\":\"ListItem\",\"position\":1,\"name\":\"Home\",\"item\":\"https:\\\/\\\/www.bellunopress.it\\\/\"},{\"@type\":\"ListItem\",\"position\":2,\"name\":\"Torre del Castello illuminata, questa sera, per la Giornata mondiale del Parkinson\"}]},{\"@type\":\"WebSite\",\"@id\":\"https:\\\/\\\/www.bellunopress.it\\\/#website\",\"url\":\"https:\\\/\\\/www.bellunopress.it\\\/\",\"name\":\"Bellunopress - Dolomiti\",\"description\":\"e-mail: redazione@bellunopress.it\",\"publisher\":{\"@id\":\"https:\\\/\\\/www.bellunopress.it\\\/#organization\"},\"potentialAction\":[{\"@type\":\"SearchAction\",\"target\":{\"@type\":\"EntryPoint\",\"urlTemplate\":\"https:\\\/\\\/www.bellunopress.it\\\/?s={search_term_string}\"},\"query-input\":{\"@type\":\"PropertyValueSpecification\",\"valueRequired\":true,\"valueName\":\"search_term_string\"}}],\"inLanguage\":\"fr-FR\"},{\"@type\":\"Organization\",\"@id\":\"https:\\\/\\\/www.bellunopress.it\\\/#organization\",\"name\":\"Bellunopress\",\"url\":\"https:\\\/\\\/www.bellunopress.it\\\/\",\"logo\":{\"@type\":\"ImageObject\",\"inLanguage\":\"fr-FR\",\"@id\":\"https:\\\/\\\/www.bellunopress.it\\\/#\\\/schema\\\/logo\\\/image\\\/\",\"url\":\"https:\\\/\\\/www.bellunopress.it\\\/wp-content\\\/uploads\\\/2011\\\/05\\\/cropped-logo-bellunopress-.jpg\",\"contentUrl\":\"https:\\\/\\\/www.bellunopress.it\\\/wp-content\\\/uploads\\\/2011\\\/05\\\/cropped-logo-bellunopress-.jpg\",\"width\":512,\"height\":512,\"caption\":\"Bellunopress\"},\"image\":{\"@id\":\"https:\\\/\\\/www.bellunopress.it\\\/#\\\/schema\\\/logo\\\/image\\\/\"},\"sameAs\":[\"https:\\\/\\\/www.facebook.com\\\/profile.php?id=100008943462799\",\"https:\\\/\\\/x.com\\\/bellunopress\",\"https:\\\/\\\/www.linkedin.com\\\/hp\\\/?dnr=JBzUWaJfMUw8vbXJJ2tVW5-I3jZKvC4wsoxE&amp;amp;amp;amp;amp;amp;trk=nav_responsive_tab_home\",\"https:\\\/\\\/www.youtube.com\\\/channel\\\/UCxL0wu1uN0_3_7hGG0306cw\"]},{\"@type\":\"Person\",\"@id\":\"https:\\\/\\\/www.bellunopress.it\\\/#\\\/schema\\\/person\\\/79bb06722b37ece1c03d3e94beb30d73\",\"name\":\"redazione\",\"image\":{\"@type\":\"ImageObject\",\"inLanguage\":\"fr-FR\",\"@id\":\"https:\\\/\\\/secure.gravatar.com\\\/avatar\\\/37d968a2e67a6fd04c169c4bdef102d0bc5d31b2546345219e348575eb80e9a0?s=96&d=mm&r=g\",\"url\":\"https:\\\/\\\/secure.gravatar.com\\\/avatar\\\/37d968a2e67a6fd04c169c4bdef102d0bc5d31b2546345219e348575eb80e9a0?s=96&d=mm&r=g\",\"contentUrl\":\"https:\\\/\\\/secure.gravatar.com\\\/avatar\\\/37d968a2e67a6fd04c169c4bdef102d0bc5d31b2546345219e348575eb80e9a0?s=96&d=mm&r=g\",\"caption\":\"redazione\"},\"sameAs\":[\"http:\\\/\\\/www.bellunopress.it\",\"https:\\\/\\\/x.com\\\/bellunopress\"],\"url\":\"https:\\\/\\\/www.bellunopress.it\\\/fr\\\/author\\\/redazione\\\/\"}]}<\/script>\n<!-- \/ Yoast SEO plugin. -->","yoast_head_json":{"title":"Torre del Castello illuminata, questa sera, per la Giornata mondiale del Parkinson - Bellunopress - Dolomiti","robots":{"index":"index","follow":"follow","max-snippet":"max-snippet:-1","max-image-preview":"max-image-preview:large","max-video-preview":"max-video-preview:-1"},"canonical":"https:\/\/www.bellunopress.it\/fr\/2026\/04\/11\/torre-del-castello-illuminata-questa-sera-per-la-giornata-mondiale-del-parkinson\/","og_locale":"fr_FR","og_type":"article","og_title":"Torre del Castello illuminata, questa sera, per la Giornata mondiale del Parkinson - Bellunopress - Dolomiti","og_description":"Anche Feltre aderisce alla Giornata mondiale del Parkinson, ricorrenza istituita nel 1997 per promuovere la conoscenza della malattia e sensibilizzare la comunit\u00e0 sull\u2019importanza del sostegno alle persone che ne sono affette e alle loro famiglie. Questa sera, sabato 11 aprile, la Torre del Castello \u00e8 illuminata di blu, colore simbolo della giornata, come segno di [&hellip;]","og_url":"https:\/\/www.bellunopress.it\/fr\/2026\/04\/11\/torre-del-castello-illuminata-questa-sera-per-la-giornata-mondiale-del-parkinson\/","og_site_name":"Bellunopress - Dolomiti","article_publisher":"https:\/\/www.facebook.com\/profile.php?id=100008943462799","article_published_time":"2026-04-11T07:50:10+00:00","article_modified_time":"2026-04-13T07:53:35+00:00","og_image":[{"width":500,"height":375,"url":"https:\/\/www.bellunopress.it\/wp-content\/uploads\/2026\/04\/Giornata-Parkinson_2.jpeg","type":"image\/jpeg"}],"author":"redazione","twitter_card":"summary_large_image","twitter_creator":"@bellunopress","twitter_site":"@bellunopress","twitter_misc":{"\u00c9crit par":"redazione","Dur\u00e9e de lecture estim\u00e9e":"2 minutes"},"schema":{"@context":"https:\/\/schema.org","@graph":[{"@type":"Article","@id":"https:\/\/www.bellunopress.it\/2026\/04\/11\/torre-del-castello-illuminata-questa-sera-per-la-giornata-mondiale-del-parkinson\/#article","isPartOf":{"@id":"https:\/\/www.bellunopress.it\/2026\/04\/11\/torre-del-castello-illuminata-questa-sera-per-la-giornata-mondiale-del-parkinson\/"},"author":{"name":"redazione","@id":"https:\/\/www.bellunopress.it\/#\/schema\/person\/79bb06722b37ece1c03d3e94beb30d73"},"headline":"Torre del Castello illuminata, questa sera, per la Giornata mondiale del Parkinson","datePublished":"2026-04-11T07:50:10+00:00","dateModified":"2026-04-13T07:53:35+00:00","mainEntityOfPage":{"@id":"https:\/\/www.bellunopress.it\/2026\/04\/11\/torre-del-castello-illuminata-questa-sera-per-la-giornata-mondiale-del-parkinson\/"},"wordCount":351,"publisher":{"@id":"https:\/\/www.bellunopress.it\/#organization"},"image":{"@id":"https:\/\/www.bellunopress.it\/2026\/04\/11\/torre-del-castello-illuminata-questa-sera-per-la-giornata-mondiale-del-parkinson\/#primaryimage"},"thumbnailUrl":"https:\/\/www.bellunopress.it\/wp-content\/uploads\/2026\/04\/Giornata-Parkinson_2.jpeg","articleSection":["Societ\u00e0, Associazioni, Istituzioni"],"inLanguage":"fr-FR"},{"@type":"WebPage","@id":"https:\/\/www.bellunopress.it\/2026\/04\/11\/torre-del-castello-illuminata-questa-sera-per-la-giornata-mondiale-del-parkinson\/","url":"https:\/\/www.bellunopress.it\/2026\/04\/11\/torre-del-castello-illuminata-questa-sera-per-la-giornata-mondiale-del-parkinson\/","name":"Torre del Castello illuminata, questa sera, per la Giornata mondiale del Parkinson - Bellunopress - Dolomiti","isPartOf":{"@id":"https:\/\/www.bellunopress.it\/#website"},"primaryImageOfPage":{"@id":"https:\/\/www.bellunopress.it\/2026\/04\/11\/torre-del-castello-illuminata-questa-sera-per-la-giornata-mondiale-del-parkinson\/#primaryimage"},"image":{"@id":"https:\/\/www.bellunopress.it\/2026\/04\/11\/torre-del-castello-illuminata-questa-sera-per-la-giornata-mondiale-del-parkinson\/#primaryimage"},"thumbnailUrl":"https:\/\/www.bellunopress.it\/wp-content\/uploads\/2026\/04\/Giornata-Parkinson_2.jpeg","datePublished":"2026-04-11T07:50:10+00:00","dateModified":"2026-04-13T07:53:35+00:00","breadcrumb":{"@id":"https:\/\/www.bellunopress.it\/2026\/04\/11\/torre-del-castello-illuminata-questa-sera-per-la-giornata-mondiale-del-parkinson\/#breadcrumb"},"inLanguage":"fr-FR","potentialAction":[{"@type":"ReadAction","target":["https:\/\/www.bellunopress.it\/2026\/04\/11\/torre-del-castello-illuminata-questa-sera-per-la-giornata-mondiale-del-parkinson\/"]}]},{"@type":"ImageObject","inLanguage":"fr-FR","@id":"https:\/\/www.bellunopress.it\/2026\/04\/11\/torre-del-castello-illuminata-questa-sera-per-la-giornata-mondiale-del-parkinson\/#primaryimage","url":"https:\/\/www.bellunopress.it\/wp-content\/uploads\/2026\/04\/Giornata-Parkinson_2.jpeg","contentUrl":"https:\/\/www.bellunopress.it\/wp-content\/uploads\/2026\/04\/Giornata-Parkinson_2.jpeg","width":500,"height":375},{"@type":"BreadcrumbList","@id":"https:\/\/www.bellunopress.it\/2026\/04\/11\/torre-del-castello-illuminata-questa-sera-per-la-giornata-mondiale-del-parkinson\/#breadcrumb","itemListElement":[{"@type":"ListItem","position":1,"name":"Home","item":"https:\/\/www.bellunopress.it\/"},{"@type":"ListItem","position":2,"name":"Torre del Castello illuminata, questa sera, per la Giornata mondiale del Parkinson"}]},{"@type":"WebSite","@id":"https:\/\/www.bellunopress.it\/#website","url":"https:\/\/www.bellunopress.it\/","name":"Bellunopress - Dolomiti","description":"e-mail: redazione@bellunopress.it","publisher":{"@id":"https:\/\/www.bellunopress.it\/#organization"},"potentialAction":[{"@type":"SearchAction","target":{"@type":"EntryPoint","urlTemplate":"https:\/\/www.bellunopress.it\/?s={search_term_string}"},"query-input":{"@type":"PropertyValueSpecification","valueRequired":true,"valueName":"search_term_string"}}],"inLanguage":"fr-FR"},{"@type":"Organization","@id":"https:\/\/www.bellunopress.it\/#organization","name":"Bellunopress","url":"https:\/\/www.bellunopress.it\/","logo":{"@type":"ImageObject","inLanguage":"fr-FR","@id":"https:\/\/www.bellunopress.it\/#\/schema\/logo\/image\/","url":"https:\/\/www.bellunopress.it\/wp-content\/uploads\/2011\/05\/cropped-logo-bellunopress-.jpg","contentUrl":"https:\/\/www.bellunopress.it\/wp-content\/uploads\/2011\/05\/cropped-logo-bellunopress-.jpg","width":512,"height":512,"caption":"Bellunopress"},"image":{"@id":"https:\/\/www.bellunopress.it\/#\/schema\/logo\/image\/"},"sameAs":["https:\/\/www.facebook.com\/profile.php?id=100008943462799","https:\/\/x.com\/bellunopress","https:\/\/www.linkedin.com\/hp\/?dnr=JBzUWaJfMUw8vbXJJ2tVW5-I3jZKvC4wsoxE&amp;amp;amp;amp;amp;amp;trk=nav_responsive_tab_home","https:\/\/www.youtube.com\/channel\/UCxL0wu1uN0_3_7hGG0306cw"]},{"@type":"Person","@id":"https:\/\/www.bellunopress.it\/#\/schema\/person\/79bb06722b37ece1c03d3e94beb30d73","name":"r\u00e9daction","image":{"@type":"ImageObject","inLanguage":"fr-FR","@id":"https:\/\/secure.gravatar.com\/avatar\/37d968a2e67a6fd04c169c4bdef102d0bc5d31b2546345219e348575eb80e9a0?s=96&d=mm&r=g","url":"https:\/\/secure.gravatar.com\/avatar\/37d968a2e67a6fd04c169c4bdef102d0bc5d31b2546345219e348575eb80e9a0?s=96&d=mm&r=g","contentUrl":"https:\/\/secure.gravatar.com\/avatar\/37d968a2e67a6fd04c169c4bdef102d0bc5d31b2546345219e348575eb80e9a0?s=96&d=mm&r=g","caption":"redazione"},"sameAs":["http:\/\/www.bellunopress.it","https:\/\/x.com\/bellunopress"],"url":"https:\/\/www.bellunopress.it\/fr\/author\/redazione\/"}]}},"_links":{"self":[{"href":"https:\/\/www.bellunopress.it\/fr\/wp-json\/wp\/v2\/posts\/169046","targetHints":{"allow":["GET"]}}],"collection":[{"href":"https:\/\/www.bellunopress.it\/fr\/wp-json\/wp\/v2\/posts"}],"about":[{"href":"https:\/\/www.bellunopress.it\/fr\/wp-json\/wp\/v2\/types\/post"}],"author":[{"embeddable":true,"href":"https:\/\/www.bellunopress.it\/fr\/wp-json\/wp\/v2\/users\/2"}],"replies":[{"embeddable":true,"href":"https:\/\/www.bellunopress.it\/fr\/wp-json\/wp\/v2\/comments?post=169046"}],"version-history":[{"count":1,"href":"https:\/\/www.bellunopress.it\/fr\/wp-json\/wp\/v2\/posts\/169046\/revisions"}],"predecessor-version":[{"id":169048,"href":"https:\/\/www.bellunopress.it\/fr\/wp-json\/wp\/v2\/posts\/169046\/revisions\/169048"}],"wp:featuredmedia":[{"embeddable":true,"href":"https:\/\/www.bellunopress.it\/fr\/wp-json\/wp\/v2\/media\/169047"}],"wp:attachment":[{"href":"https:\/\/www.bellunopress.it\/fr\/wp-json\/wp\/v2\/media?parent=169046"}],"wp:term":[{"taxonomy":"category","embeddable":true,"href":"https:\/\/www.bellunopress.it\/fr\/wp-json\/wp\/v2\/categories?post=169046"},{"taxonomy":"post_tag","embeddable":true,"href":"https:\/\/www.bellunopress.it\/fr\/wp-json\/wp\/v2\/tags?post=169046"}],"curies":[{"name":"wp","href":"https:\/\/api.w.org\/{rel}","templated":true}]}}