{"id":169041,"date":"2026-04-13T09:17:42","date_gmt":"2026-04-13T07:17:42","guid":{"rendered":"https:\/\/www.bellunopress.it\/?p=169041"},"modified":"2026-04-13T09:17:42","modified_gmt":"2026-04-13T07:17:42","slug":"dolomiti-bellunesi-salvezza-raggiunta-con-tre-gare-ancora-da-giocare","status":"publish","type":"post","link":"https:\/\/www.bellunopress.it\/fr\/2026\/04\/13\/dolomiti-bellunesi-salvezza-raggiunta-con-tre-gare-ancora-da-giocare\/","title":{"rendered":"Dolomiti Bellunesi: salvezza raggiunta con tre gare ancora da giocare"},"content":{"rendered":"<p><strong>Dolomiti Bellunesi, raggiunto l&#8217;obiettivo salvezza: \u00abUn risultato che ci riempie di orgoglio\u00bb<\/strong><\/p>\n<p>Missione compiuta. Senza bisogno di scendere in campo, nel &#8220;monday night&#8221; di luned\u00ec 13 aprile: palla al centro alle ore 20.30), quando la Dolomiti Bellunesi ricever\u00e0 la Pro Patria allo stadio Zugni Tauro di Feltre. Il traguardo salvezza \u00e8 gi\u00e0 stato tagliato, dopo il pareggio di ieri tra Pergolettese e la Virtus Verona. Proprio il distacco sulla Virtus &#8211; di 15 lunghezze &#8211; permette al collettivo di mister Bonatti di assicurarsi un posto nel prossimo campionato di Serie C Sky Wifi.<\/p>\n<p>CAPISALDI &#8211; Il presidente Paolo De Cian non nasconde l&#8217;emozione: \u00abRaggiungere l&#8217;obiettivo con tre gare ancora da giocare, e al primo anno nel calcio professionistico, \u00e8 un risultato che ci riempie di orgoglio. Non era scontato. E proprio per questo assume un valore ancora pi\u00f9 grande\u00bb. \u00c8 una salvezza costruita su tre capisaldi: \u00abSeriet\u00e0, lavoro e identit\u00e0, rispecchiati da uno splendido gruppo di ragazzi. I quali hanno saputo riconoscersi in questi colori, in questo club, creando un legame forte e autentico con l&#8217;ambiente. Hanno dimostrato attaccamento, spirito di sacrificio e senso di appartenenza\u00bb.<\/p>\n<p>MERITI &#8211; \u00abUn ringraziamento va al direttore dell&#8217;area tecnica Simone Bertagno &#8211; aggiunge il presidente &#8211; e al direttore sportivo Jacopo Giugliarelli, per aver allestito una squadra competitiva, capace di regalarci momenti emozionanti e, per certi versi, gi\u00e0 iconici. Penso, per esempio, al pareggio contro la capolista Vicenza, davanti a diecimila spettatori del &#8220;Romeo Menti&#8221;. O al primo successo in C, a Crema contro la Pergolettese\u00bb. Partite destinate a rimanere impresse nella memoria: \u00abUn grande merito va poi allo staff tecnico, guidato da mister Andrea Bonatti, e a tutti i collaboratori. Anche a chi, nel corso della stagione, ha fatto parte del percorso e ha contribuito al raggiungimento dell&#8217;obiettivo. Senza considerare i nostri tifosi. Ci hanno seguito con passione e continuit\u00e0, sostenendoci pure nei momenti pi\u00f9 complessi e nelle partite giocate lontano da casa, a Fontanafredda, nel girone d&#8217;andata. Il supporto del pubblico non \u00e8 mai mancato. E ha fatto la differenza\u00bb.<\/p>\n<p>NON UN PUNTO D&#8217;ARRIVO &#8211; In ogni caso, il campionato non \u00e8 finito. E domani sera si torna sul rettangolo verde: \u00abLa salvezza non \u00e8 un punto d&#8217;arrivo. Vogliamo chiudere la stagione nel migliore dei modi, a cominciare dalla sfida contro la Pro Patria. Mi auguro che lo Zugni Tauro presenti il colpo d&#8217;occhio delle grandi occasioni, perch\u00e9 questi ragazzi meritano di essere accompagnati fino al traguardo. Continuiamo insieme con entusiasmo, passione, coerenza. E lo sguardo rivolto al futuro\u00bb.<\/p>\n<p>DESIGNAZIONE &#8211; L&#8217;arbitro designato per il match \u00e8 Gerardo Simone Caruso di Viterbo, affiancato dagli assistenti Matteo Di Berardino di Teramo e Nicola Monaco di Sala Consilina. Alberto Poli di Verona di Verona sar\u00e0 il quarto ufficiale, mentre Davide Fenzi di Treviso seguir\u00e0 il Football Video Support. Il confronto potr\u00e0 essere seguito anche su Sky (canale 255) e Now. All&#8217;andata, a Busto Arsizio, la spuntarono i dolomitici col punteggio di 2-0, in virt\u00f9 delle reti messe a segno da Marconi e Clemenza. Mister Bonatti dovr\u00e0 osservare un turno di squalifica e, di conseguenza, sar\u00e0 Alessandro Comi a guidare la squadra da bordo campo.<\/p>","protected":false},"excerpt":{"rendered":"<p>Dolomiti Bellunesi, raggiunto l&#8217;obiettivo salvezza: \u00abUn risultato che ci riempie di orgoglio\u00bb Missione compiuta. Senza bisogno di scendere in campo, nel &#8220;monday night&#8221; di luned\u00ec 13 aprile: palla al centro alle ore 20.30), quando la Dolomiti Bellunesi ricever\u00e0 la Pro Patria allo stadio Zugni Tauro di Feltre. Il traguardo salvezza \u00e8 gi\u00e0 stato tagliato, dopo [&hellip;]<\/p>\n","protected":false},"author":2,"featured_media":131585,"comment_status":"closed","ping_status":"open","sticky":false,"template":"","format":"standard","meta":{"footnotes":""},"categories":[4],"tags":[],"class_list":["post-169041","post","type-post","status-publish","format-standard","has-post-thumbnail","category-sport"],"yoast_head":"<!-- This site is optimized with the Yoast SEO plugin v28.4 - https:\/\/yoast.com\/product\/yoast-seo-wordpress\/ -->\n<title>Dolomiti Bellunesi: salvezza raggiunta con tre gare ancora da giocare - Bellunopress - Dolomiti<\/title>\n<meta name=\"robots\" content=\"index, follow, max-snippet:-1, max-image-preview:large, max-video-preview:-1\" \/>\n<link rel=\"canonical\" href=\"https:\/\/www.bellunopress.it\/fr\/2026\/04\/13\/dolomiti-bellunesi-salvezza-raggiunta-con-tre-gare-ancora-da-giocare\/\" \/>\n<meta property=\"og:locale\" content=\"fr_FR\" \/>\n<meta property=\"og:type\" content=\"article\" \/>\n<meta property=\"og:title\" content=\"Dolomiti Bellunesi: salvezza raggiunta con tre gare ancora da giocare - Bellunopress - Dolomiti\" \/>\n<meta property=\"og:description\" content=\"Dolomiti Bellunesi, raggiunto l&#8217;obiettivo salvezza: \u00abUn risultato che ci riempie di orgoglio\u00bb Missione compiuta. Senza bisogno di scendere in campo, nel &#8220;monday night&#8221; di luned\u00ec 13 aprile: palla al centro alle ore 20.30), quando la Dolomiti Bellunesi ricever\u00e0 la Pro Patria allo stadio Zugni Tauro di Feltre. Il traguardo salvezza \u00e8 gi\u00e0 stato tagliato, dopo [&hellip;]\" \/>\n<meta property=\"og:url\" content=\"https:\/\/www.bellunopress.it\/fr\/2026\/04\/13\/dolomiti-bellunesi-salvezza-raggiunta-con-tre-gare-ancora-da-giocare\/\" \/>\n<meta property=\"og:site_name\" content=\"Bellunopress - Dolomiti\" \/>\n<meta property=\"article:publisher\" content=\"https:\/\/www.facebook.com\/profile.php?id=100008943462799\" \/>\n<meta property=\"article:published_time\" content=\"2026-04-13T07:17:42+00:00\" \/>\n<meta property=\"og:image\" content=\"https:\/\/www.bellunopress.it\/wp-content\/uploads\/2022\/02\/Paolo_De_Cian_edited.jpg\" \/>\n\t<meta property=\"og:image:width\" content=\"1000\" \/>\n\t<meta property=\"og:image:height\" content=\"666\" \/>\n\t<meta property=\"og:image:type\" content=\"image\/jpeg\" \/>\n<meta name=\"author\" content=\"redazione\" \/>\n<meta name=\"twitter:card\" content=\"summary_large_image\" \/>\n<meta name=\"twitter:creator\" content=\"@bellunopress\" \/>\n<meta name=\"twitter:site\" content=\"@bellunopress\" \/>\n<meta name=\"twitter:label1\" content=\"\u00c9crit par\" \/>\n\t<meta name=\"twitter:data1\" content=\"redazione\" \/>\n\t<meta name=\"twitter:label2\" content=\"Dur\u00e9e de lecture estim\u00e9e\" \/>\n\t<meta name=\"twitter:data2\" content=\"3 minutes\" \/>\n<script type=\"application\/ld+json\" class=\"yoast-schema-graph\">{\"@context\":\"https:\\\/\\\/schema.org\",\"@graph\":[{\"@type\":\"Article\",\"@id\":\"https:\\\/\\\/www.bellunopress.it\\\/2026\\\/04\\\/13\\\/dolomiti-bellunesi-salvezza-raggiunta-con-tre-gare-ancora-da-giocare\\\/#article\",\"isPartOf\":{\"@id\":\"https:\\\/\\\/www.bellunopress.it\\\/2026\\\/04\\\/13\\\/dolomiti-bellunesi-salvezza-raggiunta-con-tre-gare-ancora-da-giocare\\\/\"},\"author\":{\"name\":\"redazione\",\"@id\":\"https:\\\/\\\/www.bellunopress.it\\\/#\\\/schema\\\/person\\\/79bb06722b37ece1c03d3e94beb30d73\"},\"headline\":\"Dolomiti Bellunesi: salvezza raggiunta con tre gare ancora da giocare\",\"datePublished\":\"2026-04-13T07:17:42+00:00\",\"mainEntityOfPage\":{\"@id\":\"https:\\\/\\\/www.bellunopress.it\\\/2026\\\/04\\\/13\\\/dolomiti-bellunesi-salvezza-raggiunta-con-tre-gare-ancora-da-giocare\\\/\"},\"wordCount\":531,\"publisher\":{\"@id\":\"https:\\\/\\\/www.bellunopress.it\\\/#organization\"},\"image\":{\"@id\":\"https:\\\/\\\/www.bellunopress.it\\\/2026\\\/04\\\/13\\\/dolomiti-bellunesi-salvezza-raggiunta-con-tre-gare-ancora-da-giocare\\\/#primaryimage\"},\"thumbnailUrl\":\"https:\\\/\\\/www.bellunopress.it\\\/wp-content\\\/uploads\\\/2022\\\/02\\\/Paolo_De_Cian_edited.jpg\",\"articleSection\":[\"Sport, tempo libero\"],\"inLanguage\":\"fr-FR\"},{\"@type\":\"WebPage\",\"@id\":\"https:\\\/\\\/www.bellunopress.it\\\/2026\\\/04\\\/13\\\/dolomiti-bellunesi-salvezza-raggiunta-con-tre-gare-ancora-da-giocare\\\/\",\"url\":\"https:\\\/\\\/www.bellunopress.it\\\/2026\\\/04\\\/13\\\/dolomiti-bellunesi-salvezza-raggiunta-con-tre-gare-ancora-da-giocare\\\/\",\"name\":\"Dolomiti Bellunesi: salvezza raggiunta con tre gare ancora da giocare - Bellunopress - Dolomiti\",\"isPartOf\":{\"@id\":\"https:\\\/\\\/www.bellunopress.it\\\/#website\"},\"primaryImageOfPage\":{\"@id\":\"https:\\\/\\\/www.bellunopress.it\\\/2026\\\/04\\\/13\\\/dolomiti-bellunesi-salvezza-raggiunta-con-tre-gare-ancora-da-giocare\\\/#primaryimage\"},\"image\":{\"@id\":\"https:\\\/\\\/www.bellunopress.it\\\/2026\\\/04\\\/13\\\/dolomiti-bellunesi-salvezza-raggiunta-con-tre-gare-ancora-da-giocare\\\/#primaryimage\"},\"thumbnailUrl\":\"https:\\\/\\\/www.bellunopress.it\\\/wp-content\\\/uploads\\\/2022\\\/02\\\/Paolo_De_Cian_edited.jpg\",\"datePublished\":\"2026-04-13T07:17:42+00:00\",\"breadcrumb\":{\"@id\":\"https:\\\/\\\/www.bellunopress.it\\\/2026\\\/04\\\/13\\\/dolomiti-bellunesi-salvezza-raggiunta-con-tre-gare-ancora-da-giocare\\\/#breadcrumb\"},\"inLanguage\":\"fr-FR\",\"potentialAction\":[{\"@type\":\"ReadAction\",\"target\":[\"https:\\\/\\\/www.bellunopress.it\\\/2026\\\/04\\\/13\\\/dolomiti-bellunesi-salvezza-raggiunta-con-tre-gare-ancora-da-giocare\\\/\"]}]},{\"@type\":\"ImageObject\",\"inLanguage\":\"fr-FR\",\"@id\":\"https:\\\/\\\/www.bellunopress.it\\\/2026\\\/04\\\/13\\\/dolomiti-bellunesi-salvezza-raggiunta-con-tre-gare-ancora-da-giocare\\\/#primaryimage\",\"url\":\"https:\\\/\\\/www.bellunopress.it\\\/wp-content\\\/uploads\\\/2022\\\/02\\\/Paolo_De_Cian_edited.jpg\",\"contentUrl\":\"https:\\\/\\\/www.bellunopress.it\\\/wp-content\\\/uploads\\\/2022\\\/02\\\/Paolo_De_Cian_edited.jpg\",\"width\":1000,\"height\":666,\"caption\":\"Paolo De Cian, presidente della SSD Dolomiti Bellunesi,\"},{\"@type\":\"BreadcrumbList\",\"@id\":\"https:\\\/\\\/www.bellunopress.it\\\/2026\\\/04\\\/13\\\/dolomiti-bellunesi-salvezza-raggiunta-con-tre-gare-ancora-da-giocare\\\/#breadcrumb\",\"itemListElement\":[{\"@type\":\"ListItem\",\"position\":1,\"name\":\"Home\",\"item\":\"https:\\\/\\\/www.bellunopress.it\\\/\"},{\"@type\":\"ListItem\",\"position\":2,\"name\":\"Dolomiti Bellunesi: salvezza raggiunta con tre gare ancora da giocare\"}]},{\"@type\":\"WebSite\",\"@id\":\"https:\\\/\\\/www.bellunopress.it\\\/#website\",\"url\":\"https:\\\/\\\/www.bellunopress.it\\\/\",\"name\":\"Bellunopress - Dolomiti\",\"description\":\"e-mail: redazione@bellunopress.it\",\"publisher\":{\"@id\":\"https:\\\/\\\/www.bellunopress.it\\\/#organization\"},\"potentialAction\":[{\"@type\":\"SearchAction\",\"target\":{\"@type\":\"EntryPoint\",\"urlTemplate\":\"https:\\\/\\\/www.bellunopress.it\\\/?s={search_term_string}\"},\"query-input\":{\"@type\":\"PropertyValueSpecification\",\"valueRequired\":true,\"valueName\":\"search_term_string\"}}],\"inLanguage\":\"fr-FR\"},{\"@type\":\"Organization\",\"@id\":\"https:\\\/\\\/www.bellunopress.it\\\/#organization\",\"name\":\"Bellunopress\",\"url\":\"https:\\\/\\\/www.bellunopress.it\\\/\",\"logo\":{\"@type\":\"ImageObject\",\"inLanguage\":\"fr-FR\",\"@id\":\"https:\\\/\\\/www.bellunopress.it\\\/#\\\/schema\\\/logo\\\/image\\\/\",\"url\":\"https:\\\/\\\/www.bellunopress.it\\\/wp-content\\\/uploads\\\/2011\\\/05\\\/cropped-logo-bellunopress-.jpg\",\"contentUrl\":\"https:\\\/\\\/www.bellunopress.it\\\/wp-content\\\/uploads\\\/2011\\\/05\\\/cropped-logo-bellunopress-.jpg\",\"width\":512,\"height\":512,\"caption\":\"Bellunopress\"},\"image\":{\"@id\":\"https:\\\/\\\/www.bellunopress.it\\\/#\\\/schema\\\/logo\\\/image\\\/\"},\"sameAs\":[\"https:\\\/\\\/www.facebook.com\\\/profile.php?id=100008943462799\",\"https:\\\/\\\/x.com\\\/bellunopress\",\"https:\\\/\\\/www.linkedin.com\\\/hp\\\/?dnr=JBzUWaJfMUw8vbXJJ2tVW5-I3jZKvC4wsoxE&amp;amp;amp;amp;amp;amp;trk=nav_responsive_tab_home\",\"https:\\\/\\\/www.youtube.com\\\/channel\\\/UCxL0wu1uN0_3_7hGG0306cw\"]},{\"@type\":\"Person\",\"@id\":\"https:\\\/\\\/www.bellunopress.it\\\/#\\\/schema\\\/person\\\/79bb06722b37ece1c03d3e94beb30d73\",\"name\":\"redazione\",\"image\":{\"@type\":\"ImageObject\",\"inLanguage\":\"fr-FR\",\"@id\":\"https:\\\/\\\/secure.gravatar.com\\\/avatar\\\/37d968a2e67a6fd04c169c4bdef102d0bc5d31b2546345219e348575eb80e9a0?s=96&d=mm&r=g\",\"url\":\"https:\\\/\\\/secure.gravatar.com\\\/avatar\\\/37d968a2e67a6fd04c169c4bdef102d0bc5d31b2546345219e348575eb80e9a0?s=96&d=mm&r=g\",\"contentUrl\":\"https:\\\/\\\/secure.gravatar.com\\\/avatar\\\/37d968a2e67a6fd04c169c4bdef102d0bc5d31b2546345219e348575eb80e9a0?s=96&d=mm&r=g\",\"caption\":\"redazione\"},\"sameAs\":[\"http:\\\/\\\/www.bellunopress.it\",\"https:\\\/\\\/x.com\\\/bellunopress\"],\"url\":\"https:\\\/\\\/www.bellunopress.it\\\/fr\\\/author\\\/redazione\\\/\"}]}<\/script>\n<!-- \/ Yoast SEO plugin. -->","yoast_head_json":{"title":"Dolomiti Bellunesi: salvezza raggiunta con tre gare ancora da giocare - Bellunopress - Dolomiti","robots":{"index":"index","follow":"follow","max-snippet":"max-snippet:-1","max-image-preview":"max-image-preview:large","max-video-preview":"max-video-preview:-1"},"canonical":"https:\/\/www.bellunopress.it\/fr\/2026\/04\/13\/dolomiti-bellunesi-salvezza-raggiunta-con-tre-gare-ancora-da-giocare\/","og_locale":"fr_FR","og_type":"article","og_title":"Dolomiti Bellunesi: salvezza raggiunta con tre gare ancora da giocare - Bellunopress - Dolomiti","og_description":"Dolomiti Bellunesi, raggiunto l&#8217;obiettivo salvezza: \u00abUn risultato che ci riempie di orgoglio\u00bb Missione compiuta. Senza bisogno di scendere in campo, nel &#8220;monday night&#8221; di luned\u00ec 13 aprile: palla al centro alle ore 20.30), quando la Dolomiti Bellunesi ricever\u00e0 la Pro Patria allo stadio Zugni Tauro di Feltre. Il traguardo salvezza \u00e8 gi\u00e0 stato tagliato, dopo [&hellip;]","og_url":"https:\/\/www.bellunopress.it\/fr\/2026\/04\/13\/dolomiti-bellunesi-salvezza-raggiunta-con-tre-gare-ancora-da-giocare\/","og_site_name":"Bellunopress - Dolomiti","article_publisher":"https:\/\/www.facebook.com\/profile.php?id=100008943462799","article_published_time":"2026-04-13T07:17:42+00:00","og_image":[{"width":1000,"height":666,"url":"https:\/\/www.bellunopress.it\/wp-content\/uploads\/2022\/02\/Paolo_De_Cian_edited.jpg","type":"image\/jpeg"}],"author":"redazione","twitter_card":"summary_large_image","twitter_creator":"@bellunopress","twitter_site":"@bellunopress","twitter_misc":{"\u00c9crit par":"redazione","Dur\u00e9e de lecture estim\u00e9e":"3 minutes"},"schema":{"@context":"https:\/\/schema.org","@graph":[{"@type":"Article","@id":"https:\/\/www.bellunopress.it\/2026\/04\/13\/dolomiti-bellunesi-salvezza-raggiunta-con-tre-gare-ancora-da-giocare\/#article","isPartOf":{"@id":"https:\/\/www.bellunopress.it\/2026\/04\/13\/dolomiti-bellunesi-salvezza-raggiunta-con-tre-gare-ancora-da-giocare\/"},"author":{"name":"redazione","@id":"https:\/\/www.bellunopress.it\/#\/schema\/person\/79bb06722b37ece1c03d3e94beb30d73"},"headline":"Dolomiti Bellunesi: salvezza raggiunta con tre gare ancora da giocare","datePublished":"2026-04-13T07:17:42+00:00","mainEntityOfPage":{"@id":"https:\/\/www.bellunopress.it\/2026\/04\/13\/dolomiti-bellunesi-salvezza-raggiunta-con-tre-gare-ancora-da-giocare\/"},"wordCount":531,"publisher":{"@id":"https:\/\/www.bellunopress.it\/#organization"},"image":{"@id":"https:\/\/www.bellunopress.it\/2026\/04\/13\/dolomiti-bellunesi-salvezza-raggiunta-con-tre-gare-ancora-da-giocare\/#primaryimage"},"thumbnailUrl":"https:\/\/www.bellunopress.it\/wp-content\/uploads\/2022\/02\/Paolo_De_Cian_edited.jpg","articleSection":["Sport, tempo libero"],"inLanguage":"fr-FR"},{"@type":"WebPage","@id":"https:\/\/www.bellunopress.it\/2026\/04\/13\/dolomiti-bellunesi-salvezza-raggiunta-con-tre-gare-ancora-da-giocare\/","url":"https:\/\/www.bellunopress.it\/2026\/04\/13\/dolomiti-bellunesi-salvezza-raggiunta-con-tre-gare-ancora-da-giocare\/","name":"Dolomiti Bellunesi: salvezza raggiunta con tre gare ancora da giocare - Bellunopress - Dolomiti","isPartOf":{"@id":"https:\/\/www.bellunopress.it\/#website"},"primaryImageOfPage":{"@id":"https:\/\/www.bellunopress.it\/2026\/04\/13\/dolomiti-bellunesi-salvezza-raggiunta-con-tre-gare-ancora-da-giocare\/#primaryimage"},"image":{"@id":"https:\/\/www.bellunopress.it\/2026\/04\/13\/dolomiti-bellunesi-salvezza-raggiunta-con-tre-gare-ancora-da-giocare\/#primaryimage"},"thumbnailUrl":"https:\/\/www.bellunopress.it\/wp-content\/uploads\/2022\/02\/Paolo_De_Cian_edited.jpg","datePublished":"2026-04-13T07:17:42+00:00","breadcrumb":{"@id":"https:\/\/www.bellunopress.it\/2026\/04\/13\/dolomiti-bellunesi-salvezza-raggiunta-con-tre-gare-ancora-da-giocare\/#breadcrumb"},"inLanguage":"fr-FR","potentialAction":[{"@type":"ReadAction","target":["https:\/\/www.bellunopress.it\/2026\/04\/13\/dolomiti-bellunesi-salvezza-raggiunta-con-tre-gare-ancora-da-giocare\/"]}]},{"@type":"ImageObject","inLanguage":"fr-FR","@id":"https:\/\/www.bellunopress.it\/2026\/04\/13\/dolomiti-bellunesi-salvezza-raggiunta-con-tre-gare-ancora-da-giocare\/#primaryimage","url":"https:\/\/www.bellunopress.it\/wp-content\/uploads\/2022\/02\/Paolo_De_Cian_edited.jpg","contentUrl":"https:\/\/www.bellunopress.it\/wp-content\/uploads\/2022\/02\/Paolo_De_Cian_edited.jpg","width":1000,"height":666,"caption":"Paolo De Cian, presidente della SSD Dolomiti Bellunesi,"},{"@type":"BreadcrumbList","@id":"https:\/\/www.bellunopress.it\/2026\/04\/13\/dolomiti-bellunesi-salvezza-raggiunta-con-tre-gare-ancora-da-giocare\/#breadcrumb","itemListElement":[{"@type":"ListItem","position":1,"name":"Home","item":"https:\/\/www.bellunopress.it\/"},{"@type":"ListItem","position":2,"name":"Dolomiti Bellunesi: salvezza raggiunta con tre gare ancora da giocare"}]},{"@type":"WebSite","@id":"https:\/\/www.bellunopress.it\/#website","url":"https:\/\/www.bellunopress.it\/","name":"Bellunopress - Dolomiti","description":"e-mail: redazione@bellunopress.it","publisher":{"@id":"https:\/\/www.bellunopress.it\/#organization"},"potentialAction":[{"@type":"SearchAction","target":{"@type":"EntryPoint","urlTemplate":"https:\/\/www.bellunopress.it\/?s={search_term_string}"},"query-input":{"@type":"PropertyValueSpecification","valueRequired":true,"valueName":"search_term_string"}}],"inLanguage":"fr-FR"},{"@type":"Organization","@id":"https:\/\/www.bellunopress.it\/#organization","name":"Bellunopress","url":"https:\/\/www.bellunopress.it\/","logo":{"@type":"ImageObject","inLanguage":"fr-FR","@id":"https:\/\/www.bellunopress.it\/#\/schema\/logo\/image\/","url":"https:\/\/www.bellunopress.it\/wp-content\/uploads\/2011\/05\/cropped-logo-bellunopress-.jpg","contentUrl":"https:\/\/www.bellunopress.it\/wp-content\/uploads\/2011\/05\/cropped-logo-bellunopress-.jpg","width":512,"height":512,"caption":"Bellunopress"},"image":{"@id":"https:\/\/www.bellunopress.it\/#\/schema\/logo\/image\/"},"sameAs":["https:\/\/www.facebook.com\/profile.php?id=100008943462799","https:\/\/x.com\/bellunopress","https:\/\/www.linkedin.com\/hp\/?dnr=JBzUWaJfMUw8vbXJJ2tVW5-I3jZKvC4wsoxE&amp;amp;amp;amp;amp;amp;trk=nav_responsive_tab_home","https:\/\/www.youtube.com\/channel\/UCxL0wu1uN0_3_7hGG0306cw"]},{"@type":"Person","@id":"https:\/\/www.bellunopress.it\/#\/schema\/person\/79bb06722b37ece1c03d3e94beb30d73","name":"r\u00e9daction","image":{"@type":"ImageObject","inLanguage":"fr-FR","@id":"https:\/\/secure.gravatar.com\/avatar\/37d968a2e67a6fd04c169c4bdef102d0bc5d31b2546345219e348575eb80e9a0?s=96&d=mm&r=g","url":"https:\/\/secure.gravatar.com\/avatar\/37d968a2e67a6fd04c169c4bdef102d0bc5d31b2546345219e348575eb80e9a0?s=96&d=mm&r=g","contentUrl":"https:\/\/secure.gravatar.com\/avatar\/37d968a2e67a6fd04c169c4bdef102d0bc5d31b2546345219e348575eb80e9a0?s=96&d=mm&r=g","caption":"redazione"},"sameAs":["http:\/\/www.bellunopress.it","https:\/\/x.com\/bellunopress"],"url":"https:\/\/www.bellunopress.it\/fr\/author\/redazione\/"}]}},"_links":{"self":[{"href":"https:\/\/www.bellunopress.it\/fr\/wp-json\/wp\/v2\/posts\/169041","targetHints":{"allow":["GET"]}}],"collection":[{"href":"https:\/\/www.bellunopress.it\/fr\/wp-json\/wp\/v2\/posts"}],"about":[{"href":"https:\/\/www.bellunopress.it\/fr\/wp-json\/wp\/v2\/types\/post"}],"author":[{"embeddable":true,"href":"https:\/\/www.bellunopress.it\/fr\/wp-json\/wp\/v2\/users\/2"}],"replies":[{"embeddable":true,"href":"https:\/\/www.bellunopress.it\/fr\/wp-json\/wp\/v2\/comments?post=169041"}],"version-history":[{"count":1,"href":"https:\/\/www.bellunopress.it\/fr\/wp-json\/wp\/v2\/posts\/169041\/revisions"}],"predecessor-version":[{"id":169042,"href":"https:\/\/www.bellunopress.it\/fr\/wp-json\/wp\/v2\/posts\/169041\/revisions\/169042"}],"wp:featuredmedia":[{"embeddable":true,"href":"https:\/\/www.bellunopress.it\/fr\/wp-json\/wp\/v2\/media\/131585"}],"wp:attachment":[{"href":"https:\/\/www.bellunopress.it\/fr\/wp-json\/wp\/v2\/media?parent=169041"}],"wp:term":[{"taxonomy":"category","embeddable":true,"href":"https:\/\/www.bellunopress.it\/fr\/wp-json\/wp\/v2\/categories?post=169041"},{"taxonomy":"post_tag","embeddable":true,"href":"https:\/\/www.bellunopress.it\/fr\/wp-json\/wp\/v2\/tags?post=169041"}],"curies":[{"name":"wp","href":"https:\/\/api.w.org\/{rel}","templated":true}]}}