{"id":16904,"date":"2010-07-05T08:21:31","date_gmt":"2010-07-05T07:21:31","guid":{"rendered":"http:\/\/www.bellunopress.it\/?p=16904"},"modified":"2010-07-05T08:21:31","modified_gmt":"2010-07-05T07:21:31","slug":"ottantanni-fa-il-21-aprile-del-1930-linaugurazione-del-sanatorio-a-san-gervasio","status":"publish","type":"post","link":"https:\/\/www.bellunopress.it\/fr\/2010\/07\/05\/ottantanni-fa-il-21-aprile-del-1930-linaugurazione-del-sanatorio-a-san-gervasio\/","title":{"rendered":"Ottant&#8217;anni fa, il 21 aprile del 1930, l&#8217;inaugurazione del Sanatorio a San Gervasio"},"content":{"rendered":"<p><a href=\"http:\/\/www.bellunopress.it\/wp-content\/uploads\/2010\/07\/sanatorio-1930.jpg\"><img loading=\"lazy\" decoding=\"async\" class=\"alignleft size-medium wp-image-16905\" title=\"sanatorio-1930\" src=\"http:\/\/www.bellunopress.it\/wp-content\/uploads\/2010\/07\/sanatorio-1930.jpg\" alt=\"\" width=\"290\" height=\"176\" \/><\/a><a href=\"http:\/\/www.bellunopress.it\/wp-content\/uploads\/2010\/07\/s-gervasio-290x190.jpg\"><img loading=\"lazy\" decoding=\"async\" class=\"alignleft size-medium wp-image-16906\" title=\"s-gervasio-290x190\" src=\"http:\/\/www.bellunopress.it\/wp-content\/uploads\/2010\/07\/s-gervasio-290x190.jpg\" alt=\"\" width=\"290\" height=\"193\" \/><\/a>\u00a0\u00abBelluno non la si riconosce pi\u00f9 [&#8230;] s&#8217;\u00e8 tutta rinnovata. Una stupenda e grandiosa stazione, diversi palazzi nuovi, i due Istituti Sperti, due nuovi asili, i giardini in Piazza Campitello. L&#8217;Ospitale poi ha fatto passi da gigante. Siamo lontani dai tempi in cui tre medici bastavano et ultra ai 50-60 ammalati, la maggior parte cronici, accolti nelle mura del vecchio Seminario eretta dal munifico Vescovo Bembo. La Casa di ricovero s&#8217;\u00e8 portata a Cavarzano e ha lasciato la sua sede al Riparto Ospitaliero Maternit\u00e0 e agli Ambulatori\u00bb. E&#8217; la descrizione fatta dal periodico locale L&#8217;Amico del Popolo sabato 26\u00a0 aprile del 1930, in un articolo di cronaca che riporta l&#8217;inaugurazione del Padiglione sanatoriale di San Gervasio intitolato a\u00a0 Vittorio Emanuele III (Napoli, 11 novembre 1869 \u2013 Alessandria d&#8217;Egitto, 28 dicembre 1947, re d&#8217;Italia dal 1900 al 1946. Abdic\u00f2 il 9 maggio 1946 e gli succedette il figlio Umberto II) che avvenne il 21 aprile del 1930. <a href=\"http:\/\/www.bellunopress.it\/wp-content\/uploads\/2010\/07\/sanatorio.jpg\"><img loading=\"lazy\" decoding=\"async\" class=\"alignleft size-medium wp-image-16907\" title=\"sanatorio\" src=\"http:\/\/www.bellunopress.it\/wp-content\/uploads\/2010\/07\/sanatorio.jpg\" alt=\"\" width=\"290\" height=\"177\" \/><\/a>Un reparto specializzato nelle malattie polmonari rappresentava \u201cl&#8217;orgoglio di una amministrazione oculata\u201d, come si sottolinea nell&#8217;articolo. Non dimentichiamo che in una statistica dei decessi del Comune di Belluno riferita al mese di novembre 1918, i morti per bronco-polmonite erano 42, per influenza 23, per la \u201cfebbre spagnola\u201d 75, per esaurimento fisico 5 e 10 a seguito di ferite per scoppio di bombe, per un totale di 294 decessi. Una situazione sanitaria, insomma, che oggi sarebbe definita di assoluta emergenza, per la quale intervenne anche la Croce Rossa che, nel 1919, ebbe l&#8217;incarico di allestire un lazzaretto presso un edificio scolastico rurale di Cavarzano-Cusighe. Nel febbraio del 1919 a Belluno \u2013 come riporta Ferruccio Vendramini nella sua Belluno nel Novecento \u2013 erano in servizio quattro medici condotti, Francesco Agosti, Marzio Conti, Carlo Pagani e Antonio Valduga, che avevano a disposizione sette cavalli custoditi nelle stalle della caserma Fantuzzi. L&#8217;apertura del nuovo padiglione, dunque, rappresent\u00f2\u00a0 in quegli anni un punto di eccellenza della sanit\u00e0 bellunese, \u201cnessuna meraviglia quindi \u2013 scrive ancora L&#8217;Amico del Popolo\u00a0 \u2013 che gli ammalati vengano ad esso da province vicine e lontane attratti dalla fama dei suoi illustri sanitari\u201d.\u00a0 A pronunciare il breve discorso di inaugurazione, quel luned\u00ec 21 aprile di 80 anni fa, \u00e8 il commendatore Bartolomeo De Col Tana, presidente dell&#8217;amministrazione dell&#8217;Ospedale, il quale parla dell&#8217;abbandono del vecchio Monastero di San Gervasio e riporta anche il curioso aneddoto della relazione tra le monache e l&#8217;allora principe ereditario Vittorio Emanuele III che nel 1881 visit\u00f2 Belluno e al quale viene intitolato il sanatorio. \u00abIl padiglione oggi inaugurato \u2013 spiega De Col Tana nel suo discorso d&#8217;inaugurazione \u2013 \u00e8 il primo di una serie di padiglioni destinato a costituite il nuovo Ospitale Civile. E&#8217; difatti allo studio il progetto per la costruzione di una grande lavanderia con annessa la stazione di disinfezione: quanto prima si vuole costruire il Padiglione pediatrico: la spesa prevista \u00e8 di 300 mila lire\u00bb. Sempre nel suo discorso, De Col Tana avanza anche una proposta e dice: \u00abil progetto (della Pediatria ndr) diverr\u00e0 realt\u00e0, se ad esso sar\u00e0 devoluta la somma raccolta gi\u00e0 tra i cittadini, per erigere un monumento ai caduti: quale monumento pi\u00f9 bello di un Istituto destinato a raccogliere i bimbi doloranti? Tutta la citt\u00e0 sarebbe pi\u00f9 che lieta di una simile soluzione\u00bb. Le parole del commendator De Col Tana, scrive il cronista, sono coronate da segni di viva approvazione e di consenso.<br \/>\nRoberto De Nart<\/p>\n","protected":false},"excerpt":{"rendered":"<p>\u00a0\u00abBelluno non la si riconosce pi\u00f9 [&#8230;] s&#8217;\u00e8 tutta rinnovata. Una stupenda e grandiosa stazione, diversi palazzi nuovi, i due Istituti Sperti, due nuovi asili, i giardini in Piazza Campitello. L&#8217;Ospitale poi ha fatto passi da gigante. Siamo lontani dai tempi in cui tre medici bastavano et ultra ai 50-60 ammalati, la maggior parte cronici, [&hellip;]<\/p>\n","protected":false},"author":2,"featured_media":0,"comment_status":"closed","ping_status":"open","sticky":false,"template":"","format":"standard","meta":{"footnotes":""},"categories":[3,49,26],"tags":[1941,1942,1943],"class_list":["post-16904","post","type-post","status-publish","format-standard","category-arte-cultura-spettacoli-scienza-archivi","category-speciali","category-prima-pagina","tag-ex-sanatorio-san-gervasio","tag-ulss-n1-belluno","tag-vittorio-emanuele-iii"],"yoast_head":"<!-- This site is optimized with the Yoast SEO plugin v28.4 - https:\/\/yoast.com\/product\/yoast-seo-wordpress\/ -->\n<title>Ottant&#039;anni fa, il 21 aprile del 1930, l&#039;inaugurazione del Sanatorio a San Gervasio - Bellunopress - Dolomiti<\/title>\n<meta name=\"robots\" content=\"index, follow, max-snippet:-1, max-image-preview:large, max-video-preview:-1\" \/>\n<link rel=\"canonical\" href=\"https:\/\/www.bellunopress.it\/fr\/2010\/07\/05\/ottantanni-fa-il-21-aprile-del-1930-linaugurazione-del-sanatorio-a-san-gervasio\/\" \/>\n<meta property=\"og:locale\" content=\"fr_FR\" \/>\n<meta property=\"og:type\" content=\"article\" \/>\n<meta property=\"og:title\" content=\"Ottant&#039;anni fa, il 21 aprile del 1930, l&#039;inaugurazione del Sanatorio a San Gervasio - Bellunopress - Dolomiti\" \/>\n<meta property=\"og:description\" content=\"\u00a0\u00abBelluno non la si riconosce pi\u00f9 [&#8230;] s&#8217;\u00e8 tutta rinnovata. Una stupenda e grandiosa stazione, diversi palazzi nuovi, i due Istituti Sperti, due nuovi asili, i giardini in Piazza Campitello. L&#8217;Ospitale poi ha fatto passi da gigante. Siamo lontani dai tempi in cui tre medici bastavano et ultra ai 50-60 ammalati, la maggior parte cronici, [&hellip;]\" \/>\n<meta property=\"og:url\" content=\"https:\/\/www.bellunopress.it\/fr\/2010\/07\/05\/ottantanni-fa-il-21-aprile-del-1930-linaugurazione-del-sanatorio-a-san-gervasio\/\" \/>\n<meta property=\"og:site_name\" content=\"Bellunopress - Dolomiti\" \/>\n<meta property=\"article:publisher\" content=\"https:\/\/www.facebook.com\/profile.php?id=100008943462799\" \/>\n<meta property=\"article:published_time\" content=\"2010-07-05T07:21:31+00:00\" \/>\n<meta property=\"og:image\" content=\"http:\/\/www.bellunopress.it\/wp-content\/uploads\/2010\/07\/sanatorio-1930.jpg\" \/>\n<meta name=\"author\" content=\"redazione\" \/>\n<meta name=\"twitter:card\" content=\"summary_large_image\" \/>\n<meta name=\"twitter:creator\" content=\"@bellunopress\" \/>\n<meta name=\"twitter:site\" content=\"@bellunopress\" \/>\n<meta name=\"twitter:label1\" content=\"\u00c9crit par\" \/>\n\t<meta name=\"twitter:data1\" content=\"redazione\" \/>\n\t<meta name=\"twitter:label2\" content=\"Dur\u00e9e de lecture estim\u00e9e\" \/>\n\t<meta name=\"twitter:data2\" content=\"3 minutes\" \/>\n<script type=\"application\/ld+json\" class=\"yoast-schema-graph\">{\"@context\":\"https:\\\/\\\/schema.org\",\"@graph\":[{\"@type\":\"Article\",\"@id\":\"https:\\\/\\\/www.bellunopress.it\\\/2010\\\/07\\\/05\\\/ottantanni-fa-il-21-aprile-del-1930-linaugurazione-del-sanatorio-a-san-gervasio\\\/#article\",\"isPartOf\":{\"@id\":\"https:\\\/\\\/www.bellunopress.it\\\/2010\\\/07\\\/05\\\/ottantanni-fa-il-21-aprile-del-1930-linaugurazione-del-sanatorio-a-san-gervasio\\\/\"},\"author\":{\"name\":\"redazione\",\"@id\":\"https:\\\/\\\/www.bellunopress.it\\\/#\\\/schema\\\/person\\\/79bb06722b37ece1c03d3e94beb30d73\"},\"headline\":\"Ottant&#8217;anni fa, il 21 aprile del 1930, l&#8217;inaugurazione del Sanatorio a San Gervasio\",\"datePublished\":\"2010-07-05T07:21:31+00:00\",\"mainEntityOfPage\":{\"@id\":\"https:\\\/\\\/www.bellunopress.it\\\/2010\\\/07\\\/05\\\/ottantanni-fa-il-21-aprile-del-1930-linaugurazione-del-sanatorio-a-san-gervasio\\\/\"},\"wordCount\":553,\"publisher\":{\"@id\":\"https:\\\/\\\/www.bellunopress.it\\\/#organization\"},\"image\":{\"@id\":\"https:\\\/\\\/www.bellunopress.it\\\/2010\\\/07\\\/05\\\/ottantanni-fa-il-21-aprile-del-1930-linaugurazione-del-sanatorio-a-san-gervasio\\\/#primaryimage\"},\"thumbnailUrl\":\"http:\\\/\\\/www.bellunopress.it\\\/wp-content\\\/uploads\\\/2010\\\/07\\\/sanatorio-1930.jpg\",\"keywords\":[\"ex Sanatorio San Gervasio\",\"Ulss n.1 Belluno\",\"Vittorio Emanuele III\"],\"articleSection\":[\"Arte, Cultura, Spettacoli, Scienza\",\"Gli speciali di Bellunopress\",\"Prima Pagina\"],\"inLanguage\":\"fr-FR\"},{\"@type\":\"WebPage\",\"@id\":\"https:\\\/\\\/www.bellunopress.it\\\/2010\\\/07\\\/05\\\/ottantanni-fa-il-21-aprile-del-1930-linaugurazione-del-sanatorio-a-san-gervasio\\\/\",\"url\":\"https:\\\/\\\/www.bellunopress.it\\\/2010\\\/07\\\/05\\\/ottantanni-fa-il-21-aprile-del-1930-linaugurazione-del-sanatorio-a-san-gervasio\\\/\",\"name\":\"Ottant'anni fa, il 21 aprile del 1930, l'inaugurazione del Sanatorio a San Gervasio - Bellunopress - Dolomiti\",\"isPartOf\":{\"@id\":\"https:\\\/\\\/www.bellunopress.it\\\/#website\"},\"primaryImageOfPage\":{\"@id\":\"https:\\\/\\\/www.bellunopress.it\\\/2010\\\/07\\\/05\\\/ottantanni-fa-il-21-aprile-del-1930-linaugurazione-del-sanatorio-a-san-gervasio\\\/#primaryimage\"},\"image\":{\"@id\":\"https:\\\/\\\/www.bellunopress.it\\\/2010\\\/07\\\/05\\\/ottantanni-fa-il-21-aprile-del-1930-linaugurazione-del-sanatorio-a-san-gervasio\\\/#primaryimage\"},\"thumbnailUrl\":\"http:\\\/\\\/www.bellunopress.it\\\/wp-content\\\/uploads\\\/2010\\\/07\\\/sanatorio-1930.jpg\",\"datePublished\":\"2010-07-05T07:21:31+00:00\",\"breadcrumb\":{\"@id\":\"https:\\\/\\\/www.bellunopress.it\\\/2010\\\/07\\\/05\\\/ottantanni-fa-il-21-aprile-del-1930-linaugurazione-del-sanatorio-a-san-gervasio\\\/#breadcrumb\"},\"inLanguage\":\"fr-FR\",\"potentialAction\":[{\"@type\":\"ReadAction\",\"target\":[\"https:\\\/\\\/www.bellunopress.it\\\/2010\\\/07\\\/05\\\/ottantanni-fa-il-21-aprile-del-1930-linaugurazione-del-sanatorio-a-san-gervasio\\\/\"]}]},{\"@type\":\"ImageObject\",\"inLanguage\":\"fr-FR\",\"@id\":\"https:\\\/\\\/www.bellunopress.it\\\/2010\\\/07\\\/05\\\/ottantanni-fa-il-21-aprile-del-1930-linaugurazione-del-sanatorio-a-san-gervasio\\\/#primaryimage\",\"url\":\"http:\\\/\\\/www.bellunopress.it\\\/wp-content\\\/uploads\\\/2010\\\/07\\\/sanatorio-1930.jpg\",\"contentUrl\":\"http:\\\/\\\/www.bellunopress.it\\\/wp-content\\\/uploads\\\/2010\\\/07\\\/sanatorio-1930.jpg\"},{\"@type\":\"BreadcrumbList\",\"@id\":\"https:\\\/\\\/www.bellunopress.it\\\/2010\\\/07\\\/05\\\/ottantanni-fa-il-21-aprile-del-1930-linaugurazione-del-sanatorio-a-san-gervasio\\\/#breadcrumb\",\"itemListElement\":[{\"@type\":\"ListItem\",\"position\":1,\"name\":\"Home\",\"item\":\"https:\\\/\\\/www.bellunopress.it\\\/\"},{\"@type\":\"ListItem\",\"position\":2,\"name\":\"Ottant&#8217;anni fa, il 21 aprile del 1930, l&#8217;inaugurazione del Sanatorio a San Gervasio\"}]},{\"@type\":\"WebSite\",\"@id\":\"https:\\\/\\\/www.bellunopress.it\\\/#website\",\"url\":\"https:\\\/\\\/www.bellunopress.it\\\/\",\"name\":\"Bellunopress - Dolomiti\",\"description\":\"e-mail: redazione@bellunopress.it\",\"publisher\":{\"@id\":\"https:\\\/\\\/www.bellunopress.it\\\/#organization\"},\"potentialAction\":[{\"@type\":\"SearchAction\",\"target\":{\"@type\":\"EntryPoint\",\"urlTemplate\":\"https:\\\/\\\/www.bellunopress.it\\\/?s={search_term_string}\"},\"query-input\":{\"@type\":\"PropertyValueSpecification\",\"valueRequired\":true,\"valueName\":\"search_term_string\"}}],\"inLanguage\":\"fr-FR\"},{\"@type\":\"Organization\",\"@id\":\"https:\\\/\\\/www.bellunopress.it\\\/#organization\",\"name\":\"Bellunopress\",\"url\":\"https:\\\/\\\/www.bellunopress.it\\\/\",\"logo\":{\"@type\":\"ImageObject\",\"inLanguage\":\"fr-FR\",\"@id\":\"https:\\\/\\\/www.bellunopress.it\\\/#\\\/schema\\\/logo\\\/image\\\/\",\"url\":\"https:\\\/\\\/www.bellunopress.it\\\/wp-content\\\/uploads\\\/2011\\\/05\\\/cropped-logo-bellunopress-.jpg\",\"contentUrl\":\"https:\\\/\\\/www.bellunopress.it\\\/wp-content\\\/uploads\\\/2011\\\/05\\\/cropped-logo-bellunopress-.jpg\",\"width\":512,\"height\":512,\"caption\":\"Bellunopress\"},\"image\":{\"@id\":\"https:\\\/\\\/www.bellunopress.it\\\/#\\\/schema\\\/logo\\\/image\\\/\"},\"sameAs\":[\"https:\\\/\\\/www.facebook.com\\\/profile.php?id=100008943462799\",\"https:\\\/\\\/x.com\\\/bellunopress\",\"https:\\\/\\\/www.linkedin.com\\\/hp\\\/?dnr=JBzUWaJfMUw8vbXJJ2tVW5-I3jZKvC4wsoxE&amp;amp;amp;amp;amp;amp;trk=nav_responsive_tab_home\",\"https:\\\/\\\/www.youtube.com\\\/channel\\\/UCxL0wu1uN0_3_7hGG0306cw\"]},{\"@type\":\"Person\",\"@id\":\"https:\\\/\\\/www.bellunopress.it\\\/#\\\/schema\\\/person\\\/79bb06722b37ece1c03d3e94beb30d73\",\"name\":\"redazione\",\"image\":{\"@type\":\"ImageObject\",\"inLanguage\":\"fr-FR\",\"@id\":\"https:\\\/\\\/secure.gravatar.com\\\/avatar\\\/37d968a2e67a6fd04c169c4bdef102d0bc5d31b2546345219e348575eb80e9a0?s=96&d=mm&r=g\",\"url\":\"https:\\\/\\\/secure.gravatar.com\\\/avatar\\\/37d968a2e67a6fd04c169c4bdef102d0bc5d31b2546345219e348575eb80e9a0?s=96&d=mm&r=g\",\"contentUrl\":\"https:\\\/\\\/secure.gravatar.com\\\/avatar\\\/37d968a2e67a6fd04c169c4bdef102d0bc5d31b2546345219e348575eb80e9a0?s=96&d=mm&r=g\",\"caption\":\"redazione\"},\"sameAs\":[\"http:\\\/\\\/www.bellunopress.it\",\"https:\\\/\\\/x.com\\\/bellunopress\"],\"url\":\"https:\\\/\\\/www.bellunopress.it\\\/fr\\\/author\\\/redazione\\\/\"}]}<\/script>\n<!-- \/ Yoast SEO plugin. -->","yoast_head_json":{"title":"Ottant'anni fa, il 21 aprile del 1930, l'inaugurazione del Sanatorio a San Gervasio - Bellunopress - Dolomiti","robots":{"index":"index","follow":"follow","max-snippet":"max-snippet:-1","max-image-preview":"max-image-preview:large","max-video-preview":"max-video-preview:-1"},"canonical":"https:\/\/www.bellunopress.it\/fr\/2010\/07\/05\/ottantanni-fa-il-21-aprile-del-1930-linaugurazione-del-sanatorio-a-san-gervasio\/","og_locale":"fr_FR","og_type":"article","og_title":"Ottant'anni fa, il 21 aprile del 1930, l'inaugurazione del Sanatorio a San Gervasio - Bellunopress - Dolomiti","og_description":"\u00a0\u00abBelluno non la si riconosce pi\u00f9 [&#8230;] s&#8217;\u00e8 tutta rinnovata. Una stupenda e grandiosa stazione, diversi palazzi nuovi, i due Istituti Sperti, due nuovi asili, i giardini in Piazza Campitello. L&#8217;Ospitale poi ha fatto passi da gigante. Siamo lontani dai tempi in cui tre medici bastavano et ultra ai 50-60 ammalati, la maggior parte cronici, [&hellip;]","og_url":"https:\/\/www.bellunopress.it\/fr\/2010\/07\/05\/ottantanni-fa-il-21-aprile-del-1930-linaugurazione-del-sanatorio-a-san-gervasio\/","og_site_name":"Bellunopress - Dolomiti","article_publisher":"https:\/\/www.facebook.com\/profile.php?id=100008943462799","article_published_time":"2010-07-05T07:21:31+00:00","og_image":[{"url":"http:\/\/www.bellunopress.it\/wp-content\/uploads\/2010\/07\/sanatorio-1930.jpg","type":"","width":"","height":""}],"author":"redazione","twitter_card":"summary_large_image","twitter_creator":"@bellunopress","twitter_site":"@bellunopress","twitter_misc":{"\u00c9crit par":"redazione","Dur\u00e9e de lecture estim\u00e9e":"3 minutes"},"schema":{"@context":"https:\/\/schema.org","@graph":[{"@type":"Article","@id":"https:\/\/www.bellunopress.it\/2010\/07\/05\/ottantanni-fa-il-21-aprile-del-1930-linaugurazione-del-sanatorio-a-san-gervasio\/#article","isPartOf":{"@id":"https:\/\/www.bellunopress.it\/2010\/07\/05\/ottantanni-fa-il-21-aprile-del-1930-linaugurazione-del-sanatorio-a-san-gervasio\/"},"author":{"name":"redazione","@id":"https:\/\/www.bellunopress.it\/#\/schema\/person\/79bb06722b37ece1c03d3e94beb30d73"},"headline":"Ottant&#8217;anni fa, il 21 aprile del 1930, l&#8217;inaugurazione del Sanatorio a San Gervasio","datePublished":"2010-07-05T07:21:31+00:00","mainEntityOfPage":{"@id":"https:\/\/www.bellunopress.it\/2010\/07\/05\/ottantanni-fa-il-21-aprile-del-1930-linaugurazione-del-sanatorio-a-san-gervasio\/"},"wordCount":553,"publisher":{"@id":"https:\/\/www.bellunopress.it\/#organization"},"image":{"@id":"https:\/\/www.bellunopress.it\/2010\/07\/05\/ottantanni-fa-il-21-aprile-del-1930-linaugurazione-del-sanatorio-a-san-gervasio\/#primaryimage"},"thumbnailUrl":"http:\/\/www.bellunopress.it\/wp-content\/uploads\/2010\/07\/sanatorio-1930.jpg","keywords":["ex Sanatorio San Gervasio","Ulss n.1 Belluno","Vittorio Emanuele III"],"articleSection":["Arte, Cultura, Spettacoli, Scienza","Gli speciali di Bellunopress","Prima Pagina"],"inLanguage":"fr-FR"},{"@type":"WebPage","@id":"https:\/\/www.bellunopress.it\/2010\/07\/05\/ottantanni-fa-il-21-aprile-del-1930-linaugurazione-del-sanatorio-a-san-gervasio\/","url":"https:\/\/www.bellunopress.it\/2010\/07\/05\/ottantanni-fa-il-21-aprile-del-1930-linaugurazione-del-sanatorio-a-san-gervasio\/","name":"Ottant'anni fa, il 21 aprile del 1930, l'inaugurazione del Sanatorio a San Gervasio - Bellunopress - Dolomiti","isPartOf":{"@id":"https:\/\/www.bellunopress.it\/#website"},"primaryImageOfPage":{"@id":"https:\/\/www.bellunopress.it\/2010\/07\/05\/ottantanni-fa-il-21-aprile-del-1930-linaugurazione-del-sanatorio-a-san-gervasio\/#primaryimage"},"image":{"@id":"https:\/\/www.bellunopress.it\/2010\/07\/05\/ottantanni-fa-il-21-aprile-del-1930-linaugurazione-del-sanatorio-a-san-gervasio\/#primaryimage"},"thumbnailUrl":"http:\/\/www.bellunopress.it\/wp-content\/uploads\/2010\/07\/sanatorio-1930.jpg","datePublished":"2010-07-05T07:21:31+00:00","breadcrumb":{"@id":"https:\/\/www.bellunopress.it\/2010\/07\/05\/ottantanni-fa-il-21-aprile-del-1930-linaugurazione-del-sanatorio-a-san-gervasio\/#breadcrumb"},"inLanguage":"fr-FR","potentialAction":[{"@type":"ReadAction","target":["https:\/\/www.bellunopress.it\/2010\/07\/05\/ottantanni-fa-il-21-aprile-del-1930-linaugurazione-del-sanatorio-a-san-gervasio\/"]}]},{"@type":"ImageObject","inLanguage":"fr-FR","@id":"https:\/\/www.bellunopress.it\/2010\/07\/05\/ottantanni-fa-il-21-aprile-del-1930-linaugurazione-del-sanatorio-a-san-gervasio\/#primaryimage","url":"http:\/\/www.bellunopress.it\/wp-content\/uploads\/2010\/07\/sanatorio-1930.jpg","contentUrl":"http:\/\/www.bellunopress.it\/wp-content\/uploads\/2010\/07\/sanatorio-1930.jpg"},{"@type":"BreadcrumbList","@id":"https:\/\/www.bellunopress.it\/2010\/07\/05\/ottantanni-fa-il-21-aprile-del-1930-linaugurazione-del-sanatorio-a-san-gervasio\/#breadcrumb","itemListElement":[{"@type":"ListItem","position":1,"name":"Home","item":"https:\/\/www.bellunopress.it\/"},{"@type":"ListItem","position":2,"name":"Ottant&#8217;anni fa, il 21 aprile del 1930, l&#8217;inaugurazione del Sanatorio a San Gervasio"}]},{"@type":"WebSite","@id":"https:\/\/www.bellunopress.it\/#website","url":"https:\/\/www.bellunopress.it\/","name":"Bellunopress - Dolomiti","description":"e-mail: redazione@bellunopress.it","publisher":{"@id":"https:\/\/www.bellunopress.it\/#organization"},"potentialAction":[{"@type":"SearchAction","target":{"@type":"EntryPoint","urlTemplate":"https:\/\/www.bellunopress.it\/?s={search_term_string}"},"query-input":{"@type":"PropertyValueSpecification","valueRequired":true,"valueName":"search_term_string"}}],"inLanguage":"fr-FR"},{"@type":"Organization","@id":"https:\/\/www.bellunopress.it\/#organization","name":"Bellunopress","url":"https:\/\/www.bellunopress.it\/","logo":{"@type":"ImageObject","inLanguage":"fr-FR","@id":"https:\/\/www.bellunopress.it\/#\/schema\/logo\/image\/","url":"https:\/\/www.bellunopress.it\/wp-content\/uploads\/2011\/05\/cropped-logo-bellunopress-.jpg","contentUrl":"https:\/\/www.bellunopress.it\/wp-content\/uploads\/2011\/05\/cropped-logo-bellunopress-.jpg","width":512,"height":512,"caption":"Bellunopress"},"image":{"@id":"https:\/\/www.bellunopress.it\/#\/schema\/logo\/image\/"},"sameAs":["https:\/\/www.facebook.com\/profile.php?id=100008943462799","https:\/\/x.com\/bellunopress","https:\/\/www.linkedin.com\/hp\/?dnr=JBzUWaJfMUw8vbXJJ2tVW5-I3jZKvC4wsoxE&amp;amp;amp;amp;amp;amp;trk=nav_responsive_tab_home","https:\/\/www.youtube.com\/channel\/UCxL0wu1uN0_3_7hGG0306cw"]},{"@type":"Person","@id":"https:\/\/www.bellunopress.it\/#\/schema\/person\/79bb06722b37ece1c03d3e94beb30d73","name":"r\u00e9daction","image":{"@type":"ImageObject","inLanguage":"fr-FR","@id":"https:\/\/secure.gravatar.com\/avatar\/37d968a2e67a6fd04c169c4bdef102d0bc5d31b2546345219e348575eb80e9a0?s=96&d=mm&r=g","url":"https:\/\/secure.gravatar.com\/avatar\/37d968a2e67a6fd04c169c4bdef102d0bc5d31b2546345219e348575eb80e9a0?s=96&d=mm&r=g","contentUrl":"https:\/\/secure.gravatar.com\/avatar\/37d968a2e67a6fd04c169c4bdef102d0bc5d31b2546345219e348575eb80e9a0?s=96&d=mm&r=g","caption":"redazione"},"sameAs":["http:\/\/www.bellunopress.it","https:\/\/x.com\/bellunopress"],"url":"https:\/\/www.bellunopress.it\/fr\/author\/redazione\/"}]}},"_links":{"self":[{"href":"https:\/\/www.bellunopress.it\/fr\/wp-json\/wp\/v2\/posts\/16904","targetHints":{"allow":["GET"]}}],"collection":[{"href":"https:\/\/www.bellunopress.it\/fr\/wp-json\/wp\/v2\/posts"}],"about":[{"href":"https:\/\/www.bellunopress.it\/fr\/wp-json\/wp\/v2\/types\/post"}],"author":[{"embeddable":true,"href":"https:\/\/www.bellunopress.it\/fr\/wp-json\/wp\/v2\/users\/2"}],"replies":[{"embeddable":true,"href":"https:\/\/www.bellunopress.it\/fr\/wp-json\/wp\/v2\/comments?post=16904"}],"version-history":[{"count":1,"href":"https:\/\/www.bellunopress.it\/fr\/wp-json\/wp\/v2\/posts\/16904\/revisions"}],"predecessor-version":[{"id":16909,"href":"https:\/\/www.bellunopress.it\/fr\/wp-json\/wp\/v2\/posts\/16904\/revisions\/16909"}],"wp:attachment":[{"href":"https:\/\/www.bellunopress.it\/fr\/wp-json\/wp\/v2\/media?parent=16904"}],"wp:term":[{"taxonomy":"category","embeddable":true,"href":"https:\/\/www.bellunopress.it\/fr\/wp-json\/wp\/v2\/categories?post=16904"},{"taxonomy":"post_tag","embeddable":true,"href":"https:\/\/www.bellunopress.it\/fr\/wp-json\/wp\/v2\/tags?post=16904"}],"curies":[{"name":"wp","href":"https:\/\/api.w.org\/{rel}","templated":true}]}}