{"id":169034,"date":"2026-04-13T08:44:13","date_gmt":"2026-04-13T06:44:13","guid":{"rendered":"https:\/\/www.bellunopress.it\/?p=169034"},"modified":"2026-04-13T08:44:27","modified_gmt":"2026-04-13T06:44:27","slug":"lettera-aperta-al-sindaco-del-comune-di-belluno","status":"publish","type":"post","link":"https:\/\/www.bellunopress.it\/fr\/2026\/04\/13\/lettera-aperta-al-sindaco-del-comune-di-belluno\/","title":{"rendered":"Lettera aperta al Sindaco del Comune di Belluno"},"content":{"rendered":"<p>Egregio Signor Sindaco di Belluno,<br \/>\nLe scrivo nella speranza di essere ascoltata.<br \/>\nRicordo, infatti, che, nella campagna elettorale del 2022, un punto forte del Suo programma era la promessa di ascoltare i cittadini, tanto che il Suo quartier generale era stato collocato in uno spazio da Lei denominato significativamente l&#8217;Ascolteria.<br \/>\nCol senno di poi, tutto ci\u00f2 suona tristemente ironico e sconcertante.<br \/>\nMarted\u00ec 14 aprile, la Sua Amministrazione inizier\u00e0, in fretta e furia, il massacro indiscriminato degli alberi di via Feltre. Associazioni di ogni genere, tecnici e semplici cittadini come me da settimane scrivono lettere e petizioni per essere ascoltati e avere risposta. In poche ore, sono state raccolte pi\u00f9 di novecento firme (e mentre Le scrivo la raccolta \u00e8 ancora in corso) di cittadini che Le chiedono di fermare l&#8217;abbattimento. Sono<br \/>\nstati richiesti a gran voce chiarimenti riguardo alle reali motivazioni del taglio degli alberi, che gli stessi tecnici ritengono non necessario per un efficace progetto di riqualificazione della via.<br \/>\nMi stupisco che da parte Sua non ci sia stata alcuna risposta, nemmeno una parola, silenzio assoluto.<br \/>\nNon \u00e8 certo cos\u00ec che si dimostrano attenzione, cura e ascolto dei cittadini. Eppure questo era stato da Lei promesso in campagna elettorale.<br \/>\nL&#8217;ultima parola in merito non \u00e8 giunta da Lei personalmente ma dal Vicesindaco Gamba, che ha dichiarato che il progetto non poteva essere discusso con i cittadini, perch\u00e9 non si pu\u00f2, cito, &#8220;pensare di mettere in discussione qualcosa che altrimenti non partirebbe subito. Da imprenditore, infatti, quando decido una cosa non posso mettermi d\u2019accordo con tutti i dipendenti&#8221;.<br \/>\nIndigna che al Vicesindaco sfugga che il Comune e le istituzioni, per fortuna, non sono imprese. I cittadini da lui rappresentati non sono, infatti, dipendenti, ma parte attiva della cosa pubblica e per questo vanno ascoltati e coinvolti nel processo decisionale. La democrazia prevede un effettivo e civile confronto.<br \/>\nSono certa che Lei sar\u00e0 d&#8217;accordo con me e vorr\u00e0 dimostrarsi aperto a un costruttivo dialogo con la cittadinanza.<br \/>\nA tal proposito, so che Le \u00e8 stato chiesto per luned\u00ec 13 aprile un incontro da un&#8217;associazione locale di rilevanza nazionale che tutela i beni ambientali. Probabilmente in quell&#8217;occasione Le saranno presentate le numerosissime firme raccolte.<br \/>\nCominci da qui ad essere di nuovo primo cittadino in questa vicenda. Non rimandi questo importante incontro quel tanto che basta perch\u00e9 lo scempio degli alberi divenga un fatto compiuto da cui non si potr\u00e0 pi\u00f9 tornare indietro.<br \/>\nE magari poi trovi il tempo per rispondere anche agli altri Suoi concittadini, che aspettano confronto e risposte prima che sia troppo tardi.<br \/>\nFaccia davvero in modo che l&#8217;amministrazione da Lei guidata non venga in futuro ricordata come l&#8217;amministrazione che ha tagliato tutti gli alberi di Belluno e che non ha ascoltato le voci accorate dei suoi cittadini.<\/p>\n<p>Michela Pelle<\/p>","protected":false},"excerpt":{"rendered":"<p>Egregio Signor Sindaco di Belluno, Le scrivo nella speranza di essere ascoltata. Ricordo, infatti, che, nella campagna elettorale del 2022, un punto forte del Suo programma era la promessa di ascoltare i cittadini, tanto che il Suo quartier generale era stato collocato in uno spazio da Lei denominato significativamente l&#8217;Ascolteria. Col senno di poi, tutto [&hellip;]<\/p>\n","protected":false},"author":2,"featured_media":128801,"comment_status":"closed","ping_status":"open","sticky":false,"template":"","format":"standard","meta":{"footnotes":""},"categories":[1],"tags":[],"class_list":["post-169034","post","type-post","status-publish","format-standard","has-post-thumbnail","category-leo"],"yoast_head":"<!-- This site is optimized with the Yoast SEO plugin v28.4 - https:\/\/yoast.com\/product\/yoast-seo-wordpress\/ -->\n<title>Lettera aperta al Sindaco del Comune di Belluno - Bellunopress - Dolomiti<\/title>\n<meta name=\"robots\" content=\"index, follow, max-snippet:-1, max-image-preview:large, max-video-preview:-1\" \/>\n<link rel=\"canonical\" href=\"https:\/\/www.bellunopress.it\/fr\/2026\/04\/13\/lettera-aperta-al-sindaco-del-comune-di-belluno\/\" \/>\n<meta property=\"og:locale\" content=\"fr_FR\" \/>\n<meta property=\"og:type\" content=\"article\" \/>\n<meta property=\"og:title\" content=\"Lettera aperta al Sindaco del Comune di Belluno - Bellunopress - Dolomiti\" \/>\n<meta property=\"og:description\" content=\"Egregio Signor Sindaco di Belluno, Le scrivo nella speranza di essere ascoltata. Ricordo, infatti, che, nella campagna elettorale del 2022, un punto forte del Suo programma era la promessa di ascoltare i cittadini, tanto che il Suo quartier generale era stato collocato in uno spazio da Lei denominato significativamente l&#8217;Ascolteria. Col senno di poi, tutto [&hellip;]\" \/>\n<meta property=\"og:url\" content=\"https:\/\/www.bellunopress.it\/fr\/2026\/04\/13\/lettera-aperta-al-sindaco-del-comune-di-belluno\/\" \/>\n<meta property=\"og:site_name\" content=\"Bellunopress - Dolomiti\" \/>\n<meta property=\"article:publisher\" content=\"https:\/\/www.facebook.com\/profile.php?id=100008943462799\" \/>\n<meta property=\"article:published_time\" content=\"2026-04-13T06:44:13+00:00\" \/>\n<meta property=\"article:modified_time\" content=\"2026-04-13T06:44:27+00:00\" \/>\n<meta property=\"og:image\" content=\"https:\/\/www.bellunopress.it\/wp-content\/uploads\/2021\/10\/lettera_edited.jpg\" \/>\n\t<meta property=\"og:image:width\" content=\"477\" \/>\n\t<meta property=\"og:image:height\" content=\"224\" \/>\n\t<meta property=\"og:image:type\" content=\"image\/jpeg\" \/>\n<meta name=\"author\" content=\"redazione\" \/>\n<meta name=\"twitter:card\" content=\"summary_large_image\" \/>\n<meta name=\"twitter:creator\" content=\"@bellunopress\" \/>\n<meta name=\"twitter:site\" content=\"@bellunopress\" \/>\n<meta name=\"twitter:label1\" content=\"\u00c9crit par\" \/>\n\t<meta name=\"twitter:data1\" content=\"redazione\" \/>\n\t<meta name=\"twitter:label2\" content=\"Dur\u00e9e de lecture estim\u00e9e\" \/>\n\t<meta name=\"twitter:data2\" content=\"2 minutes\" \/>\n<script type=\"application\/ld+json\" class=\"yoast-schema-graph\">{\"@context\":\"https:\\\/\\\/schema.org\",\"@graph\":[{\"@type\":\"Article\",\"@id\":\"https:\\\/\\\/www.bellunopress.it\\\/2026\\\/04\\\/13\\\/lettera-aperta-al-sindaco-del-comune-di-belluno\\\/#article\",\"isPartOf\":{\"@id\":\"https:\\\/\\\/www.bellunopress.it\\\/2026\\\/04\\\/13\\\/lettera-aperta-al-sindaco-del-comune-di-belluno\\\/\"},\"author\":{\"name\":\"redazione\",\"@id\":\"https:\\\/\\\/www.bellunopress.it\\\/#\\\/schema\\\/person\\\/79bb06722b37ece1c03d3e94beb30d73\"},\"headline\":\"Lettera aperta al Sindaco del Comune di Belluno\",\"datePublished\":\"2026-04-13T06:44:13+00:00\",\"dateModified\":\"2026-04-13T06:44:27+00:00\",\"mainEntityOfPage\":{\"@id\":\"https:\\\/\\\/www.bellunopress.it\\\/2026\\\/04\\\/13\\\/lettera-aperta-al-sindaco-del-comune-di-belluno\\\/\"},\"wordCount\":470,\"publisher\":{\"@id\":\"https:\\\/\\\/www.bellunopress.it\\\/#organization\"},\"image\":{\"@id\":\"https:\\\/\\\/www.bellunopress.it\\\/2026\\\/04\\\/13\\\/lettera-aperta-al-sindaco-del-comune-di-belluno\\\/#primaryimage\"},\"thumbnailUrl\":\"https:\\\/\\\/www.bellunopress.it\\\/wp-content\\\/uploads\\\/2021\\\/10\\\/lettera_edited.jpg\",\"articleSection\":[\"Lettere Opinioni\"],\"inLanguage\":\"fr-FR\"},{\"@type\":\"WebPage\",\"@id\":\"https:\\\/\\\/www.bellunopress.it\\\/2026\\\/04\\\/13\\\/lettera-aperta-al-sindaco-del-comune-di-belluno\\\/\",\"url\":\"https:\\\/\\\/www.bellunopress.it\\\/2026\\\/04\\\/13\\\/lettera-aperta-al-sindaco-del-comune-di-belluno\\\/\",\"name\":\"Lettera aperta al Sindaco del Comune di Belluno - Bellunopress - Dolomiti\",\"isPartOf\":{\"@id\":\"https:\\\/\\\/www.bellunopress.it\\\/#website\"},\"primaryImageOfPage\":{\"@id\":\"https:\\\/\\\/www.bellunopress.it\\\/2026\\\/04\\\/13\\\/lettera-aperta-al-sindaco-del-comune-di-belluno\\\/#primaryimage\"},\"image\":{\"@id\":\"https:\\\/\\\/www.bellunopress.it\\\/2026\\\/04\\\/13\\\/lettera-aperta-al-sindaco-del-comune-di-belluno\\\/#primaryimage\"},\"thumbnailUrl\":\"https:\\\/\\\/www.bellunopress.it\\\/wp-content\\\/uploads\\\/2021\\\/10\\\/lettera_edited.jpg\",\"datePublished\":\"2026-04-13T06:44:13+00:00\",\"dateModified\":\"2026-04-13T06:44:27+00:00\",\"breadcrumb\":{\"@id\":\"https:\\\/\\\/www.bellunopress.it\\\/2026\\\/04\\\/13\\\/lettera-aperta-al-sindaco-del-comune-di-belluno\\\/#breadcrumb\"},\"inLanguage\":\"fr-FR\",\"potentialAction\":[{\"@type\":\"ReadAction\",\"target\":[\"https:\\\/\\\/www.bellunopress.it\\\/2026\\\/04\\\/13\\\/lettera-aperta-al-sindaco-del-comune-di-belluno\\\/\"]}]},{\"@type\":\"ImageObject\",\"inLanguage\":\"fr-FR\",\"@id\":\"https:\\\/\\\/www.bellunopress.it\\\/2026\\\/04\\\/13\\\/lettera-aperta-al-sindaco-del-comune-di-belluno\\\/#primaryimage\",\"url\":\"https:\\\/\\\/www.bellunopress.it\\\/wp-content\\\/uploads\\\/2021\\\/10\\\/lettera_edited.jpg\",\"contentUrl\":\"https:\\\/\\\/www.bellunopress.it\\\/wp-content\\\/uploads\\\/2021\\\/10\\\/lettera_edited.jpg\",\"width\":477,\"height\":224},{\"@type\":\"BreadcrumbList\",\"@id\":\"https:\\\/\\\/www.bellunopress.it\\\/2026\\\/04\\\/13\\\/lettera-aperta-al-sindaco-del-comune-di-belluno\\\/#breadcrumb\",\"itemListElement\":[{\"@type\":\"ListItem\",\"position\":1,\"name\":\"Home\",\"item\":\"https:\\\/\\\/www.bellunopress.it\\\/\"},{\"@type\":\"ListItem\",\"position\":2,\"name\":\"Lettera aperta al Sindaco del Comune di Belluno\"}]},{\"@type\":\"WebSite\",\"@id\":\"https:\\\/\\\/www.bellunopress.it\\\/#website\",\"url\":\"https:\\\/\\\/www.bellunopress.it\\\/\",\"name\":\"Bellunopress - Dolomiti\",\"description\":\"e-mail: redazione@bellunopress.it\",\"publisher\":{\"@id\":\"https:\\\/\\\/www.bellunopress.it\\\/#organization\"},\"potentialAction\":[{\"@type\":\"SearchAction\",\"target\":{\"@type\":\"EntryPoint\",\"urlTemplate\":\"https:\\\/\\\/www.bellunopress.it\\\/?s={search_term_string}\"},\"query-input\":{\"@type\":\"PropertyValueSpecification\",\"valueRequired\":true,\"valueName\":\"search_term_string\"}}],\"inLanguage\":\"fr-FR\"},{\"@type\":\"Organization\",\"@id\":\"https:\\\/\\\/www.bellunopress.it\\\/#organization\",\"name\":\"Bellunopress\",\"url\":\"https:\\\/\\\/www.bellunopress.it\\\/\",\"logo\":{\"@type\":\"ImageObject\",\"inLanguage\":\"fr-FR\",\"@id\":\"https:\\\/\\\/www.bellunopress.it\\\/#\\\/schema\\\/logo\\\/image\\\/\",\"url\":\"https:\\\/\\\/www.bellunopress.it\\\/wp-content\\\/uploads\\\/2011\\\/05\\\/cropped-logo-bellunopress-.jpg\",\"contentUrl\":\"https:\\\/\\\/www.bellunopress.it\\\/wp-content\\\/uploads\\\/2011\\\/05\\\/cropped-logo-bellunopress-.jpg\",\"width\":512,\"height\":512,\"caption\":\"Bellunopress\"},\"image\":{\"@id\":\"https:\\\/\\\/www.bellunopress.it\\\/#\\\/schema\\\/logo\\\/image\\\/\"},\"sameAs\":[\"https:\\\/\\\/www.facebook.com\\\/profile.php?id=100008943462799\",\"https:\\\/\\\/x.com\\\/bellunopress\",\"https:\\\/\\\/www.linkedin.com\\\/hp\\\/?dnr=JBzUWaJfMUw8vbXJJ2tVW5-I3jZKvC4wsoxE&amp;amp;amp;amp;amp;amp;trk=nav_responsive_tab_home\",\"https:\\\/\\\/www.youtube.com\\\/channel\\\/UCxL0wu1uN0_3_7hGG0306cw\"]},{\"@type\":\"Person\",\"@id\":\"https:\\\/\\\/www.bellunopress.it\\\/#\\\/schema\\\/person\\\/79bb06722b37ece1c03d3e94beb30d73\",\"name\":\"redazione\",\"image\":{\"@type\":\"ImageObject\",\"inLanguage\":\"fr-FR\",\"@id\":\"https:\\\/\\\/secure.gravatar.com\\\/avatar\\\/37d968a2e67a6fd04c169c4bdef102d0bc5d31b2546345219e348575eb80e9a0?s=96&d=mm&r=g\",\"url\":\"https:\\\/\\\/secure.gravatar.com\\\/avatar\\\/37d968a2e67a6fd04c169c4bdef102d0bc5d31b2546345219e348575eb80e9a0?s=96&d=mm&r=g\",\"contentUrl\":\"https:\\\/\\\/secure.gravatar.com\\\/avatar\\\/37d968a2e67a6fd04c169c4bdef102d0bc5d31b2546345219e348575eb80e9a0?s=96&d=mm&r=g\",\"caption\":\"redazione\"},\"sameAs\":[\"http:\\\/\\\/www.bellunopress.it\",\"https:\\\/\\\/x.com\\\/bellunopress\"],\"url\":\"https:\\\/\\\/www.bellunopress.it\\\/fr\\\/author\\\/redazione\\\/\"}]}<\/script>\n<!-- \/ Yoast SEO plugin. -->","yoast_head_json":{"title":"Lettera aperta al Sindaco del Comune di Belluno - Bellunopress - Dolomiti","robots":{"index":"index","follow":"follow","max-snippet":"max-snippet:-1","max-image-preview":"max-image-preview:large","max-video-preview":"max-video-preview:-1"},"canonical":"https:\/\/www.bellunopress.it\/fr\/2026\/04\/13\/lettera-aperta-al-sindaco-del-comune-di-belluno\/","og_locale":"fr_FR","og_type":"article","og_title":"Lettera aperta al Sindaco del Comune di Belluno - Bellunopress - Dolomiti","og_description":"Egregio Signor Sindaco di Belluno, Le scrivo nella speranza di essere ascoltata. Ricordo, infatti, che, nella campagna elettorale del 2022, un punto forte del Suo programma era la promessa di ascoltare i cittadini, tanto che il Suo quartier generale era stato collocato in uno spazio da Lei denominato significativamente l&#8217;Ascolteria. Col senno di poi, tutto [&hellip;]","og_url":"https:\/\/www.bellunopress.it\/fr\/2026\/04\/13\/lettera-aperta-al-sindaco-del-comune-di-belluno\/","og_site_name":"Bellunopress - Dolomiti","article_publisher":"https:\/\/www.facebook.com\/profile.php?id=100008943462799","article_published_time":"2026-04-13T06:44:13+00:00","article_modified_time":"2026-04-13T06:44:27+00:00","og_image":[{"width":477,"height":224,"url":"https:\/\/www.bellunopress.it\/wp-content\/uploads\/2021\/10\/lettera_edited.jpg","type":"image\/jpeg"}],"author":"redazione","twitter_card":"summary_large_image","twitter_creator":"@bellunopress","twitter_site":"@bellunopress","twitter_misc":{"\u00c9crit par":"redazione","Dur\u00e9e de lecture estim\u00e9e":"2 minutes"},"schema":{"@context":"https:\/\/schema.org","@graph":[{"@type":"Article","@id":"https:\/\/www.bellunopress.it\/2026\/04\/13\/lettera-aperta-al-sindaco-del-comune-di-belluno\/#article","isPartOf":{"@id":"https:\/\/www.bellunopress.it\/2026\/04\/13\/lettera-aperta-al-sindaco-del-comune-di-belluno\/"},"author":{"name":"redazione","@id":"https:\/\/www.bellunopress.it\/#\/schema\/person\/79bb06722b37ece1c03d3e94beb30d73"},"headline":"Lettera aperta al Sindaco del Comune di Belluno","datePublished":"2026-04-13T06:44:13+00:00","dateModified":"2026-04-13T06:44:27+00:00","mainEntityOfPage":{"@id":"https:\/\/www.bellunopress.it\/2026\/04\/13\/lettera-aperta-al-sindaco-del-comune-di-belluno\/"},"wordCount":470,"publisher":{"@id":"https:\/\/www.bellunopress.it\/#organization"},"image":{"@id":"https:\/\/www.bellunopress.it\/2026\/04\/13\/lettera-aperta-al-sindaco-del-comune-di-belluno\/#primaryimage"},"thumbnailUrl":"https:\/\/www.bellunopress.it\/wp-content\/uploads\/2021\/10\/lettera_edited.jpg","articleSection":["Lettere Opinioni"],"inLanguage":"fr-FR"},{"@type":"WebPage","@id":"https:\/\/www.bellunopress.it\/2026\/04\/13\/lettera-aperta-al-sindaco-del-comune-di-belluno\/","url":"https:\/\/www.bellunopress.it\/2026\/04\/13\/lettera-aperta-al-sindaco-del-comune-di-belluno\/","name":"Lettera aperta al Sindaco del Comune di Belluno - Bellunopress - Dolomiti","isPartOf":{"@id":"https:\/\/www.bellunopress.it\/#website"},"primaryImageOfPage":{"@id":"https:\/\/www.bellunopress.it\/2026\/04\/13\/lettera-aperta-al-sindaco-del-comune-di-belluno\/#primaryimage"},"image":{"@id":"https:\/\/www.bellunopress.it\/2026\/04\/13\/lettera-aperta-al-sindaco-del-comune-di-belluno\/#primaryimage"},"thumbnailUrl":"https:\/\/www.bellunopress.it\/wp-content\/uploads\/2021\/10\/lettera_edited.jpg","datePublished":"2026-04-13T06:44:13+00:00","dateModified":"2026-04-13T06:44:27+00:00","breadcrumb":{"@id":"https:\/\/www.bellunopress.it\/2026\/04\/13\/lettera-aperta-al-sindaco-del-comune-di-belluno\/#breadcrumb"},"inLanguage":"fr-FR","potentialAction":[{"@type":"ReadAction","target":["https:\/\/www.bellunopress.it\/2026\/04\/13\/lettera-aperta-al-sindaco-del-comune-di-belluno\/"]}]},{"@type":"ImageObject","inLanguage":"fr-FR","@id":"https:\/\/www.bellunopress.it\/2026\/04\/13\/lettera-aperta-al-sindaco-del-comune-di-belluno\/#primaryimage","url":"https:\/\/www.bellunopress.it\/wp-content\/uploads\/2021\/10\/lettera_edited.jpg","contentUrl":"https:\/\/www.bellunopress.it\/wp-content\/uploads\/2021\/10\/lettera_edited.jpg","width":477,"height":224},{"@type":"BreadcrumbList","@id":"https:\/\/www.bellunopress.it\/2026\/04\/13\/lettera-aperta-al-sindaco-del-comune-di-belluno\/#breadcrumb","itemListElement":[{"@type":"ListItem","position":1,"name":"Home","item":"https:\/\/www.bellunopress.it\/"},{"@type":"ListItem","position":2,"name":"Lettera aperta al Sindaco del Comune di Belluno"}]},{"@type":"WebSite","@id":"https:\/\/www.bellunopress.it\/#website","url":"https:\/\/www.bellunopress.it\/","name":"Bellunopress - Dolomiti","description":"e-mail: redazione@bellunopress.it","publisher":{"@id":"https:\/\/www.bellunopress.it\/#organization"},"potentialAction":[{"@type":"SearchAction","target":{"@type":"EntryPoint","urlTemplate":"https:\/\/www.bellunopress.it\/?s={search_term_string}"},"query-input":{"@type":"PropertyValueSpecification","valueRequired":true,"valueName":"search_term_string"}}],"inLanguage":"fr-FR"},{"@type":"Organization","@id":"https:\/\/www.bellunopress.it\/#organization","name":"Bellunopress","url":"https:\/\/www.bellunopress.it\/","logo":{"@type":"ImageObject","inLanguage":"fr-FR","@id":"https:\/\/www.bellunopress.it\/#\/schema\/logo\/image\/","url":"https:\/\/www.bellunopress.it\/wp-content\/uploads\/2011\/05\/cropped-logo-bellunopress-.jpg","contentUrl":"https:\/\/www.bellunopress.it\/wp-content\/uploads\/2011\/05\/cropped-logo-bellunopress-.jpg","width":512,"height":512,"caption":"Bellunopress"},"image":{"@id":"https:\/\/www.bellunopress.it\/#\/schema\/logo\/image\/"},"sameAs":["https:\/\/www.facebook.com\/profile.php?id=100008943462799","https:\/\/x.com\/bellunopress","https:\/\/www.linkedin.com\/hp\/?dnr=JBzUWaJfMUw8vbXJJ2tVW5-I3jZKvC4wsoxE&amp;amp;amp;amp;amp;amp;trk=nav_responsive_tab_home","https:\/\/www.youtube.com\/channel\/UCxL0wu1uN0_3_7hGG0306cw"]},{"@type":"Person","@id":"https:\/\/www.bellunopress.it\/#\/schema\/person\/79bb06722b37ece1c03d3e94beb30d73","name":"r\u00e9daction","image":{"@type":"ImageObject","inLanguage":"fr-FR","@id":"https:\/\/secure.gravatar.com\/avatar\/37d968a2e67a6fd04c169c4bdef102d0bc5d31b2546345219e348575eb80e9a0?s=96&d=mm&r=g","url":"https:\/\/secure.gravatar.com\/avatar\/37d968a2e67a6fd04c169c4bdef102d0bc5d31b2546345219e348575eb80e9a0?s=96&d=mm&r=g","contentUrl":"https:\/\/secure.gravatar.com\/avatar\/37d968a2e67a6fd04c169c4bdef102d0bc5d31b2546345219e348575eb80e9a0?s=96&d=mm&r=g","caption":"redazione"},"sameAs":["http:\/\/www.bellunopress.it","https:\/\/x.com\/bellunopress"],"url":"https:\/\/www.bellunopress.it\/fr\/author\/redazione\/"}]}},"_links":{"self":[{"href":"https:\/\/www.bellunopress.it\/fr\/wp-json\/wp\/v2\/posts\/169034","targetHints":{"allow":["GET"]}}],"collection":[{"href":"https:\/\/www.bellunopress.it\/fr\/wp-json\/wp\/v2\/posts"}],"about":[{"href":"https:\/\/www.bellunopress.it\/fr\/wp-json\/wp\/v2\/types\/post"}],"author":[{"embeddable":true,"href":"https:\/\/www.bellunopress.it\/fr\/wp-json\/wp\/v2\/users\/2"}],"replies":[{"embeddable":true,"href":"https:\/\/www.bellunopress.it\/fr\/wp-json\/wp\/v2\/comments?post=169034"}],"version-history":[{"count":2,"href":"https:\/\/www.bellunopress.it\/fr\/wp-json\/wp\/v2\/posts\/169034\/revisions"}],"predecessor-version":[{"id":169036,"href":"https:\/\/www.bellunopress.it\/fr\/wp-json\/wp\/v2\/posts\/169034\/revisions\/169036"}],"wp:featuredmedia":[{"embeddable":true,"href":"https:\/\/www.bellunopress.it\/fr\/wp-json\/wp\/v2\/media\/128801"}],"wp:attachment":[{"href":"https:\/\/www.bellunopress.it\/fr\/wp-json\/wp\/v2\/media?parent=169034"}],"wp:term":[{"taxonomy":"category","embeddable":true,"href":"https:\/\/www.bellunopress.it\/fr\/wp-json\/wp\/v2\/categories?post=169034"},{"taxonomy":"post_tag","embeddable":true,"href":"https:\/\/www.bellunopress.it\/fr\/wp-json\/wp\/v2\/tags?post=169034"}],"curies":[{"name":"wp","href":"https:\/\/api.w.org\/{rel}","templated":true}]}}